{"id":27859,"date":"2018-01-08T17:56:43","date_gmt":"2018-01-08T22:56:43","guid":{"rendered":"https:\/\/martinluther.ca\/?p=27859\/"},"modified":"2018-02-16T23:54:09","modified_gmt":"2018-02-17T04:54:09","slug":"machen-sie-2-maerz-im-weltgebetstaggd-der-mlk-mit","status":"publish","type":"post","link":"https:\/\/martinluther.ca\/de\/2018\/01\/machen-sie-2-maerz-im-weltgebetstaggd-der-mlk-mit\/","title":{"rendered":"Machen Sie am 2. M\u00e4rz im Weltgebetstaggd. in der MLK mit"},"content":{"rendered":"<p><a href=\"https:\/\/martinluther.ca\/wp-content\/uploads\/2018\/01\/2018-Artwork-The-Divine-Gift-compressed.jpg\"><img loading=\"lazy\" decoding=\"async\" class=\"alignright wp-image-27855 size-medium\" src=\"https:\/\/martinluther.ca\/wp-content\/uploads\/2018\/01\/2018-Artwork-The-Divine-Gift-compressed-241x300.jpg\" alt=\"\" width=\"241\" height=\"300\" srcset=\"https:\/\/martinluther.ca\/wp-content\/uploads\/2018\/01\/2018-Artwork-The-Divine-Gift-compressed-241x300.jpg 241w, https:\/\/martinluther.ca\/wp-content\/uploads\/2018\/01\/2018-Artwork-The-Divine-Gift-compressed-768x954.jpg 768w, https:\/\/martinluther.ca\/wp-content\/uploads\/2018\/01\/2018-Artwork-The-Divine-Gift-compressed-824x1024.jpg 824w, https:\/\/martinluther.ca\/wp-content\/uploads\/2018\/01\/2018-Artwork-The-Divine-Gift-compressed.jpg 1141w\" sizes=\"auto, (max-width: 241px) 100vw, 241px\" \/><\/a>Am Abend des <strong>2. M\u00e4rz<\/strong> findet der <strong>Weltgebetstag<\/strong> in der <strong>Martin Luther Kirche<\/strong>, 2379 Lake Shore Blvd West, statt.<\/p>\n<p>Der Weltgebetstag ist eine weltweite \u00f6kumenische Bewegung, die von Christinnen gef\u00fchrt wird, die Sie einladen, sich ihnen in Gebeten und Aktionen f\u00fcr Frieden und Gerechtigkeit anzuschlie\u00dfen.<\/p>\n<p><strong>Gottes ganze Sch\u00f6pfung ist so gut!<\/strong> Das diesj\u00e4hrige Programm wurde vom Weltgebetstags-Komitee in Suriname geschrieben. Die Republik Suriname liegt im Nordosten von S\u00fcdamerika.<\/p>\n<p>W\u00fcrden Sie gerne im <strong>Organisationsteam<\/strong> mitmachen?<br \/>\nW\u00fcrden Sie gerne im Gottesdienst mitwirken? (lesen, ein Instrument spielen, schauspielern), und\/oder f\u00fcr das anschlie\u00dfende Dinner kochen oder backen?<\/p>\n<p>Bitte melden Sie sich und sagen Sie mir, was Ihnen am besten liegt.<\/p>\n<p>Gottes reichen Segen f\u00fcr 2018!<\/p>\n<p>Iris Schweiger, iris.g.schweiger@gmail.com<br \/>\noder hinterlassen Sie eine Nachricht bei der MLK unter 416 251 8293<\/p>\n<p>&nbsp;<\/p>\n<p>&nbsp;<\/p>\n","protected":false},"excerpt":{"rendered":"<p>Am Abend des 2. M\u00e4rz findet der Weltgebetstag in der Martin Luther Kirche, 2379 Lake Shore Blvd West, statt. Der Weltgebetstag ist eine weltweite \u00f6kumenische Bewegung, die von Christinnen gef\u00fchrt wird, die Sie einladen, sich ihnen in Gebeten und Aktionen f\u00fcr Frieden und Gerechtigkeit anzuschlie\u00dfen. Gottes ganze Sch\u00f6pfung ist so gut! Das diesj\u00e4hrige Programm wurde&hellip;<\/p>\n","protected":false},"author":8,"featured_media":27854,"comment_status":"closed","ping_status":"closed","sticky":false,"template":"","format":"standard","meta":{"footnotes":""},"categories":[69],"tags":[],"post_series":[],"class_list":["post-27859","post","type-post","status-publish","format-standard","has-post-thumbnail","hentry","category-news-blog-german","entry","has-media"],"yoast_head":"<!-- This site is optimized with the Yoast SEO plugin v27.5 - https:\/\/yoast.com\/product\/yoast-seo-wordpress\/ -->\n<title>Machen Sie am 2. M\u00e4rz im Weltgebetstaggd. in der MLK mit - Martin Luther Evangelische Kirche Toronto<\/title>\n<meta name=\"robots\" content=\"index, follow, max-snippet:-1, max-image-preview:large, max-video-preview:-1\" \/>\n<link rel=\"canonical\" href=\"https:\/\/martinluther.ca\/de\/2018\/01\/machen-sie-2-maerz-im-weltgebetstaggd-der-mlk-mit\/\" \/>\n<meta property=\"og:locale\" content=\"de_DE\" \/>\n<meta property=\"og:type\" content=\"article\" \/>\n<meta property=\"og:title\" content=\"Machen Sie am 2. M\u00e4rz im Weltgebetstaggd. in der MLK mit - Martin Luther Evangelische Kirche Toronto\" \/>\n<meta property=\"og:description\" content=\"Am Abend des 2. M\u00e4rz findet der Weltgebetstag in der Martin Luther Kirche, 2379 Lake Shore Blvd West, statt. Der Weltgebetstag ist eine weltweite \u00f6kumenische Bewegung, die von Christinnen gef\u00fchrt wird, die Sie einladen, sich ihnen in Gebeten und Aktionen f\u00fcr Frieden und Gerechtigkeit anzuschlie\u00dfen. Gottes ganze Sch\u00f6pfung ist so gut! Das diesj\u00e4hrige Programm wurde&hellip;\" \/>\n<meta property=\"og:url\" content=\"https:\/\/martinluther.ca\/de\/2018\/01\/machen-sie-2-maerz-im-weltgebetstaggd-der-mlk-mit\/\" \/>\n<meta property=\"og:site_name\" content=\"Martin Luther Evangelische Kirche Toronto\" \/>\n<meta property=\"article:publisher\" content=\"https:\/\/www.facebook.com\/martinlutherchurchtoronto\" \/>\n<meta property=\"article:published_time\" content=\"2018-01-08T22:56:43+00:00\" \/>\n<meta property=\"article:modified_time\" content=\"2018-02-17T04:54:09+00:00\" \/>\n<meta property=\"og:image\" content=\"https:\/\/martinluther.ca\/wp-content\/uploads\/2018\/01\/2018-Artwork-The-Divine-Gift-for-homage.jpg\" \/>\n\t<meta property=\"og:image:width\" content=\"1519\" \/>\n\t<meta property=\"og:image:height\" content=\"1140\" \/>\n\t<meta property=\"og:image:type\" content=\"image\/jpeg\" \/>\n<meta name=\"author\" content=\"Marlena Muller\" \/>\n<meta name=\"twitter:card\" content=\"summary_large_image\" \/>\n<meta name=\"twitter:label1\" content=\"Verfasst von\" \/>\n\t<meta name=\"twitter:data1\" content=\"Marlena Muller\" \/>\n\t<meta name=\"twitter:label2\" content=\"Gesch\u00e4tzte Lesezeit\" \/>\n\t<meta name=\"twitter:data2\" content=\"1\u00a0Minute\" \/>\n<script type=\"application\/ld+json\" class=\"yoast-schema-graph\">{\"@context\":\"https:\\\/\\\/schema.org\",\"@graph\":[{\"@type\":\"Article\",\"@id\":\"https:\\\/\\\/martinluther.ca\\\/de\\\/2018\\\/01\\\/machen-sie-2-maerz-im-weltgebetstaggd-der-mlk-mit\\\/#article\",\"isPartOf\":{\"@id\":\"https:\\\/\\\/martinluther.ca\\\/de\\\/2018\\\/01\\\/machen-sie-2-maerz-im-weltgebetstaggd-der-mlk-mit\\\/\"},\"author\":{\"name\":\"Marlena Muller\",\"@id\":\"https:\\\/\\\/martinluther.ca\\\/de\\\/#\\\/schema\\\/person\\\/ef4e825f5d9d6fd740bbd7813710e15d\"},\"headline\":\"Machen Sie am 2. M\u00e4rz im Weltgebetstaggd. in der MLK mit\",\"datePublished\":\"2018-01-08T22:56:43+00:00\",\"dateModified\":\"2018-02-17T04:54:09+00:00\",\"mainEntityOfPage\":{\"@id\":\"https:\\\/\\\/martinluther.ca\\\/de\\\/2018\\\/01\\\/machen-sie-2-maerz-im-weltgebetstaggd-der-mlk-mit\\\/\"},\"wordCount\":150,\"publisher\":{\"@id\":\"https:\\\/\\\/martinluther.ca\\\/de\\\/#organization\"},\"image\":{\"@id\":\"https:\\\/\\\/martinluther.ca\\\/de\\\/2018\\\/01\\\/machen-sie-2-maerz-im-weltgebetstaggd-der-mlk-mit\\\/#primaryimage\"},\"thumbnailUrl\":\"https:\\\/\\\/martinluther.ca\\\/wp-content\\\/uploads\\\/2018\\\/01\\\/2018-Artwork-The-Divine-Gift-for-homage.jpg\",\"articleSection\":[\"News Blog - German\"],\"inLanguage\":\"de\"},{\"@type\":\"WebPage\",\"@id\":\"https:\\\/\\\/martinluther.ca\\\/de\\\/2018\\\/01\\\/machen-sie-2-maerz-im-weltgebetstaggd-der-mlk-mit\\\/\",\"url\":\"https:\\\/\\\/martinluther.ca\\\/de\\\/2018\\\/01\\\/machen-sie-2-maerz-im-weltgebetstaggd-der-mlk-mit\\\/\",\"name\":\"Machen Sie am 2. M\u00e4rz im Weltgebetstaggd. in der MLK mit - Martin Luther Evangelische Kirche Toronto\",\"isPartOf\":{\"@id\":\"https:\\\/\\\/martinluther.ca\\\/de\\\/#website\"},\"primaryImageOfPage\":{\"@id\":\"https:\\\/\\\/martinluther.ca\\\/de\\\/2018\\\/01\\\/machen-sie-2-maerz-im-weltgebetstaggd-der-mlk-mit\\\/#primaryimage\"},\"image\":{\"@id\":\"https:\\\/\\\/martinluther.ca\\\/de\\\/2018\\\/01\\\/machen-sie-2-maerz-im-weltgebetstaggd-der-mlk-mit\\\/#primaryimage\"},\"thumbnailUrl\":\"https:\\\/\\\/martinluther.ca\\\/wp-content\\\/uploads\\\/2018\\\/01\\\/2018-Artwork-The-Divine-Gift-for-homage.jpg\",\"datePublished\":\"2018-01-08T22:56:43+00:00\",\"dateModified\":\"2018-02-17T04:54:09+00:00\",\"breadcrumb\":{\"@id\":\"https:\\\/\\\/martinluther.ca\\\/de\\\/2018\\\/01\\\/machen-sie-2-maerz-im-weltgebetstaggd-der-mlk-mit\\\/#breadcrumb\"},\"inLanguage\":\"de\",\"potentialAction\":[{\"@type\":\"ReadAction\",\"target\":[\"https:\\\/\\\/martinluther.ca\\\/de\\\/2018\\\/01\\\/machen-sie-2-maerz-im-weltgebetstaggd-der-mlk-mit\\\/\"]}]},{\"@type\":\"ImageObject\",\"inLanguage\":\"de\",\"@id\":\"https:\\\/\\\/martinluther.ca\\\/de\\\/2018\\\/01\\\/machen-sie-2-maerz-im-weltgebetstaggd-der-mlk-mit\\\/#primaryimage\",\"url\":\"https:\\\/\\\/martinluther.ca\\\/wp-content\\\/uploads\\\/2018\\\/01\\\/2018-Artwork-The-Divine-Gift-for-homage.jpg\",\"contentUrl\":\"https:\\\/\\\/martinluther.ca\\\/wp-content\\\/uploads\\\/2018\\\/01\\\/2018-Artwork-The-Divine-Gift-for-homage.jpg\",\"width\":1519,\"height\":1140},{\"@type\":\"BreadcrumbList\",\"@id\":\"https:\\\/\\\/martinluther.ca\\\/de\\\/2018\\\/01\\\/machen-sie-2-maerz-im-weltgebetstaggd-der-mlk-mit\\\/#breadcrumb\",\"itemListElement\":[{\"@type\":\"ListItem\",\"position\":1,\"name\":\"Home\",\"item\":\"https:\\\/\\\/martinluther.ca\\\/de\\\/\"},{\"@type\":\"ListItem\",\"position\":2,\"name\":\"Machen Sie am 2. M\u00e4rz im Weltgebetstaggd. in der MLK mit\"}]},{\"@type\":\"WebSite\",\"@id\":\"https:\\\/\\\/martinluther.ca\\\/de\\\/#website\",\"url\":\"https:\\\/\\\/martinluther.ca\\\/de\\\/\",\"name\":\"Martin Luther Evangelical Church Toronto\",\"description\":\"Deutsch &amp; Englisch\",\"publisher\":{\"@id\":\"https:\\\/\\\/martinluther.ca\\\/de\\\/#organization\"},\"potentialAction\":[{\"@type\":\"SearchAction\",\"target\":{\"@type\":\"EntryPoint\",\"urlTemplate\":\"https:\\\/\\\/martinluther.ca\\\/de\\\/?s={search_term_string}\"},\"query-input\":{\"@type\":\"PropertyValueSpecification\",\"valueRequired\":true,\"valueName\":\"search_term_string\"}}],\"inLanguage\":\"de\"},{\"@type\":\"Organization\",\"@id\":\"https:\\\/\\\/martinluther.ca\\\/de\\\/#organization\",\"name\":\"Martin Luther Evangelical Church Toronto\",\"url\":\"https:\\\/\\\/martinluther.ca\\\/de\\\/\",\"logo\":{\"@type\":\"ImageObject\",\"inLanguage\":\"de\",\"@id\":\"https:\\\/\\\/martinluther.ca\\\/de\\\/#\\\/schema\\\/logo\\\/image\\\/\",\"url\":\"https:\\\/\\\/martinluther.ca\\\/wp-content\\\/uploads\\\/2016\\\/12\\\/ml-logo-300.png\",\"contentUrl\":\"https:\\\/\\\/martinluther.ca\\\/wp-content\\\/uploads\\\/2016\\\/12\\\/ml-logo-300.png\",\"width\":300,\"height\":150,\"caption\":\"Martin Luther Evangelical Church Toronto\"},\"image\":{\"@id\":\"https:\\\/\\\/martinluther.ca\\\/de\\\/#\\\/schema\\\/logo\\\/image\\\/\"},\"sameAs\":[\"https:\\\/\\\/www.facebook.com\\\/martinlutherchurchtoronto\",\"https:\\\/\\\/www.instagram.com\\\/lutheransbythelake\\\/\",\"https:\\\/\\\/www.youtube.com\\\/MartinLutherChurchToronto\"]},{\"@type\":\"Person\",\"@id\":\"https:\\\/\\\/martinluther.ca\\\/de\\\/#\\\/schema\\\/person\\\/ef4e825f5d9d6fd740bbd7813710e15d\",\"name\":\"Marlena Muller\",\"image\":{\"@type\":\"ImageObject\",\"inLanguage\":\"de\",\"@id\":\"https:\\\/\\\/secure.gravatar.com\\\/avatar\\\/fe840ff753768b839caa2dd522d4797f19f7e22fa2da83388e0fbfc570b65a37?s=96&d=mm&r=g\",\"url\":\"https:\\\/\\\/secure.gravatar.com\\\/avatar\\\/fe840ff753768b839caa2dd522d4797f19f7e22fa2da83388e0fbfc570b65a37?s=96&d=mm&r=g\",\"contentUrl\":\"https:\\\/\\\/secure.gravatar.com\\\/avatar\\\/fe840ff753768b839caa2dd522d4797f19f7e22fa2da83388e0fbfc570b65a37?s=96&d=mm&r=g\",\"caption\":\"Marlena Muller\"},\"url\":false}]}<\/script>\n<!-- \/ Yoast SEO plugin. -->","yoast_head_json":{"title":"Machen Sie am 2. M\u00e4rz im Weltgebetstaggd. in der MLK mit - Martin Luther Evangelische Kirche Toronto","robots":{"index":"index","follow":"follow","max-snippet":"max-snippet:-1","max-image-preview":"max-image-preview:large","max-video-preview":"max-video-preview:-1"},"canonical":"https:\/\/martinluther.ca\/de\/2018\/01\/machen-sie-2-maerz-im-weltgebetstaggd-der-mlk-mit\/","og_locale":"de_DE","og_type":"article","og_title":"Machen Sie am 2. M\u00e4rz im Weltgebetstaggd. in der MLK mit - Martin Luther Evangelische Kirche Toronto","og_description":"Am Abend des 2. M\u00e4rz findet der Weltgebetstag in der Martin Luther Kirche, 2379 Lake Shore Blvd West, statt. Der Weltgebetstag ist eine weltweite \u00f6kumenische Bewegung, die von Christinnen gef\u00fchrt wird, die Sie einladen, sich ihnen in Gebeten und Aktionen f\u00fcr Frieden und Gerechtigkeit anzuschlie\u00dfen. Gottes ganze Sch\u00f6pfung ist so gut! Das diesj\u00e4hrige Programm wurde&hellip;","og_url":"https:\/\/martinluther.ca\/de\/2018\/01\/machen-sie-2-maerz-im-weltgebetstaggd-der-mlk-mit\/","og_site_name":"Martin Luther Evangelische Kirche Toronto","article_publisher":"https:\/\/www.facebook.com\/martinlutherchurchtoronto","article_published_time":"2018-01-08T22:56:43+00:00","article_modified_time":"2018-02-17T04:54:09+00:00","og_image":[{"width":1519,"height":1140,"url":"https:\/\/martinluther.ca\/wp-content\/uploads\/2018\/01\/2018-Artwork-The-Divine-Gift-for-homage.jpg","type":"image\/jpeg"}],"author":"Marlena Muller","twitter_card":"summary_large_image","twitter_misc":{"Verfasst von":"Marlena Muller","Gesch\u00e4tzte Lesezeit":"1\u00a0Minute"},"schema":{"@context":"https:\/\/schema.org","@graph":[{"@type":"Article","@id":"https:\/\/martinluther.ca\/de\/2018\/01\/machen-sie-2-maerz-im-weltgebetstaggd-der-mlk-mit\/#article","isPartOf":{"@id":"https:\/\/martinluther.ca\/de\/2018\/01\/machen-sie-2-maerz-im-weltgebetstaggd-der-mlk-mit\/"},"author":{"name":"Marlena Muller","@id":"https:\/\/martinluther.ca\/de\/#\/schema\/person\/ef4e825f5d9d6fd740bbd7813710e15d"},"headline":"Machen Sie am 2. M\u00e4rz im Weltgebetstaggd. in der MLK mit","datePublished":"2018-01-08T22:56:43+00:00","dateModified":"2018-02-17T04:54:09+00:00","mainEntityOfPage":{"@id":"https:\/\/martinluther.ca\/de\/2018\/01\/machen-sie-2-maerz-im-weltgebetstaggd-der-mlk-mit\/"},"wordCount":150,"publisher":{"@id":"https:\/\/martinluther.ca\/de\/#organization"},"image":{"@id":"https:\/\/martinluther.ca\/de\/2018\/01\/machen-sie-2-maerz-im-weltgebetstaggd-der-mlk-mit\/#primaryimage"},"thumbnailUrl":"https:\/\/martinluther.ca\/wp-content\/uploads\/2018\/01\/2018-Artwork-The-Divine-Gift-for-homage.jpg","articleSection":["News Blog - German"],"inLanguage":"de"},{"@type":"WebPage","@id":"https:\/\/martinluther.ca\/de\/2018\/01\/machen-sie-2-maerz-im-weltgebetstaggd-der-mlk-mit\/","url":"https:\/\/martinluther.ca\/de\/2018\/01\/machen-sie-2-maerz-im-weltgebetstaggd-der-mlk-mit\/","name":"Machen Sie am 2. M\u00e4rz im Weltgebetstaggd. in der MLK mit - Martin Luther Evangelische Kirche Toronto","isPartOf":{"@id":"https:\/\/martinluther.ca\/de\/#website"},"primaryImageOfPage":{"@id":"https:\/\/martinluther.ca\/de\/2018\/01\/machen-sie-2-maerz-im-weltgebetstaggd-der-mlk-mit\/#primaryimage"},"image":{"@id":"https:\/\/martinluther.ca\/de\/2018\/01\/machen-sie-2-maerz-im-weltgebetstaggd-der-mlk-mit\/#primaryimage"},"thumbnailUrl":"https:\/\/martinluther.ca\/wp-content\/uploads\/2018\/01\/2018-Artwork-The-Divine-Gift-for-homage.jpg","datePublished":"2018-01-08T22:56:43+00:00","dateModified":"2018-02-17T04:54:09+00:00","breadcrumb":{"@id":"https:\/\/martinluther.ca\/de\/2018\/01\/machen-sie-2-maerz-im-weltgebetstaggd-der-mlk-mit\/#breadcrumb"},"inLanguage":"de","potentialAction":[{"@type":"ReadAction","target":["https:\/\/martinluther.ca\/de\/2018\/01\/machen-sie-2-maerz-im-weltgebetstaggd-der-mlk-mit\/"]}]},{"@type":"ImageObject","inLanguage":"de","@id":"https:\/\/martinluther.ca\/de\/2018\/01\/machen-sie-2-maerz-im-weltgebetstaggd-der-mlk-mit\/#primaryimage","url":"https:\/\/martinluther.ca\/wp-content\/uploads\/2018\/01\/2018-Artwork-The-Divine-Gift-for-homage.jpg","contentUrl":"https:\/\/martinluther.ca\/wp-content\/uploads\/2018\/01\/2018-Artwork-The-Divine-Gift-for-homage.jpg","width":1519,"height":1140},{"@type":"BreadcrumbList","@id":"https:\/\/martinluther.ca\/de\/2018\/01\/machen-sie-2-maerz-im-weltgebetstaggd-der-mlk-mit\/#breadcrumb","itemListElement":[{"@type":"ListItem","position":1,"name":"Home","item":"https:\/\/martinluther.ca\/de\/"},{"@type":"ListItem","position":2,"name":"Machen Sie am 2. M\u00e4rz im Weltgebetstaggd. in der MLK mit"}]},{"@type":"WebSite","@id":"https:\/\/martinluther.ca\/de\/#website","url":"https:\/\/martinluther.ca\/de\/","name":"Martin Luther Evangelical Church Toronto","description":"Deutsch &amp; Englisch","publisher":{"@id":"https:\/\/martinluther.ca\/de\/#organization"},"potentialAction":[{"@type":"SearchAction","target":{"@type":"EntryPoint","urlTemplate":"https:\/\/martinluther.ca\/de\/?s={search_term_string}"},"query-input":{"@type":"PropertyValueSpecification","valueRequired":true,"valueName":"search_term_string"}}],"inLanguage":"de"},{"@type":"Organization","@id":"https:\/\/martinluther.ca\/de\/#organization","name":"Martin Luther Evangelical Church Toronto","url":"https:\/\/martinluther.ca\/de\/","logo":{"@type":"ImageObject","inLanguage":"de","@id":"https:\/\/martinluther.ca\/de\/#\/schema\/logo\/image\/","url":"https:\/\/martinluther.ca\/wp-content\/uploads\/2016\/12\/ml-logo-300.png","contentUrl":"https:\/\/martinluther.ca\/wp-content\/uploads\/2016\/12\/ml-logo-300.png","width":300,"height":150,"caption":"Martin Luther Evangelical Church Toronto"},"image":{"@id":"https:\/\/martinluther.ca\/de\/#\/schema\/logo\/image\/"},"sameAs":["https:\/\/www.facebook.com\/martinlutherchurchtoronto","https:\/\/www.instagram.com\/lutheransbythelake\/","https:\/\/www.youtube.com\/MartinLutherChurchToronto"]},{"@type":"Person","@id":"https:\/\/martinluther.ca\/de\/#\/schema\/person\/ef4e825f5d9d6fd740bbd7813710e15d","name":"Marlena Muller","image":{"@type":"ImageObject","inLanguage":"de","@id":"https:\/\/secure.gravatar.com\/avatar\/fe840ff753768b839caa2dd522d4797f19f7e22fa2da83388e0fbfc570b65a37?s=96&d=mm&r=g","url":"https:\/\/secure.gravatar.com\/avatar\/fe840ff753768b839caa2dd522d4797f19f7e22fa2da83388e0fbfc570b65a37?s=96&d=mm&r=g","contentUrl":"https:\/\/secure.gravatar.com\/avatar\/fe840ff753768b839caa2dd522d4797f19f7e22fa2da83388e0fbfc570b65a37?s=96&d=mm&r=g","caption":"Marlena Muller"},"url":false}]}},"_links":{"self":[{"href":"https:\/\/martinluther.ca\/de\/wp-json\/wp\/v2\/posts\/27859","targetHints":{"allow":["GET"]}}],"collection":[{"href":"https:\/\/martinluther.ca\/de\/wp-json\/wp\/v2\/posts"}],"about":[{"href":"https:\/\/martinluther.ca\/de\/wp-json\/wp\/v2\/types\/post"}],"author":[{"embeddable":true,"href":"https:\/\/martinluther.ca\/de\/wp-json\/wp\/v2\/users\/8"}],"replies":[{"embeddable":true,"href":"https:\/\/martinluther.ca\/de\/wp-json\/wp\/v2\/comments?post=27859"}],"version-history":[{"count":1,"href":"https:\/\/martinluther.ca\/de\/wp-json\/wp\/v2\/posts\/27859\/revisions"}],"predecessor-version":[{"id":27860,"href":"https:\/\/martinluther.ca\/de\/wp-json\/wp\/v2\/posts\/27859\/revisions\/27860"}],"wp:featuredmedia":[{"embeddable":true,"href":"https:\/\/martinluther.ca\/de\/wp-json\/wp\/v2\/media\/27854"}],"wp:attachment":[{"href":"https:\/\/martinluther.ca\/de\/wp-json\/wp\/v2\/media?parent=27859"}],"wp:term":[{"taxonomy":"category","embeddable":true,"href":"https:\/\/martinluther.ca\/de\/wp-json\/wp\/v2\/categories?post=27859"},{"taxonomy":"post_tag","embeddable":true,"href":"https:\/\/martinluther.ca\/de\/wp-json\/wp\/v2\/tags?post=27859"},{"taxonomy":"post_series","embeddable":true,"href":"https:\/\/martinluther.ca\/de\/wp-json\/wp\/v2\/post_series?post=27859"}],"curies":[{"name":"wp","href":"https:\/\/api.w.org\/{rel}","templated":true}]}}