{"id":27933,"date":"2018-02-08T14:49:32","date_gmt":"2018-02-08T19:49:32","guid":{"rendered":"https:\/\/martinluther.ca\/?p=27933"},"modified":"2026-04-10T16:38:03","modified_gmt":"2026-04-10T20:38:03","slug":"weltgebetstag-freitag-den-2-maerz-2018-in-der-martin-luther-kirche-land-surinam","status":"publish","type":"post","link":"https:\/\/martinluther.ca\/de\/2018\/02\/weltgebetstag-freitag-den-2-maerz-2018-in-der-martin-luther-kirche-land-surinam\/","title":{"rendered":"Weltgebetstag Freitag, den 2. M\u00e4rz 2018 in der Martin Luther Kirche (Land Surinam)"},"content":{"rendered":"<p><img loading=\"lazy\" decoding=\"async\" class=\"alignleft wp-image-27930 size-full\" src=\"https:\/\/martinluther.ca\/wp-content\/uploads\/2018\/02\/2018-World-Day-of-Prayer-Mar-2-poster.jpg\" alt=\"2018 World Day of Prayer Mar 2 -poster\" width=\"960\" height=\"616\" srcset=\"https:\/\/martinluther.ca\/wp-content\/uploads\/2018\/02\/2018-World-Day-of-Prayer-Mar-2-poster.jpg 960w, https:\/\/martinluther.ca\/wp-content\/uploads\/2018\/02\/2018-World-Day-of-Prayer-Mar-2-poster-300x193.jpg 300w, https:\/\/martinluther.ca\/wp-content\/uploads\/2018\/02\/2018-World-Day-of-Prayer-Mar-2-poster-768x493.jpg 768w\" sizes=\"auto, (max-width: 960px) 100vw, 960px\" \/><\/p>\n<p>Mit Christen aus 170 L\u00e4ndern beten, singen und lernen: Gottesdienst vorbereitet vom Weltgebetstagskomitee in Surinam, organisiert von Frauen unterschiedlichster Denominationen in Mimico. <strong>Freitag, 2. M\u00e4rz 2018 Gottesdienst 18 \u2013 19 Uhr in der Martin Luther Kirche.<\/strong><\/p>\n<p>Der Weltgebetstag ist eine weltweite \u00f6kumenische Bewegung, die von Christinnen angef\u00fchrt wird, die Sie einladen, sich ihnen in Gebeten und Aktionen f\u00fcr Frieden und Gerechtigkeit anzuschlie\u00dfen. Dieses Jahr sind wir an der Reihe, Gastgeber f\u00fcr Nachbarn und benachbarte Kirchen. <strong>Genie\u00dfen Sie im Anschluss ein paar traditionelle Appetith\u00e4ppchen.<\/strong><\/p>\n<p><strong>Im Rahmen des Weltgebetstagsgottesdienstes findet eine Trommelvorf\u00fchrung statt<\/strong>. Wenn Ihnen die Musik beim Weltgebetstag gef\u00e4llt, k\u00f6nnen Sie die heilende Kraft des Trommelns das ganze Jahr \u00fcber in der Martin-Luther-Kirche erleben. Der Eintritt ist frei, Vorkenntnisse sind nicht erforderlich, Trommeln werden gestellt. Weitere Informationen erhalten Sie im Gemeindeb\u00fcro.<\/p>\n<figure id=\"attachment_27938\" aria-describedby=\"caption-attachment-27938\" style=\"width: 300px\" class=\"wp-caption alignright\"><img loading=\"lazy\" decoding=\"async\" class=\"size-medium wp-image-27938\" src=\"https:\/\/martinluther.ca\/wp-content\/uploads\/2018\/02\/Stephen-Scharper-recent-UofT-photo-300x200.jpg\" alt=\"Stephen Scharper\" width=\"300\" height=\"200\" srcset=\"https:\/\/martinluther.ca\/wp-content\/uploads\/2018\/02\/Stephen-Scharper-recent-UofT-photo-300x200.jpg 300w, https:\/\/martinluther.ca\/wp-content\/uploads\/2018\/02\/Stephen-Scharper-recent-UofT-photo-768x513.jpg 768w, https:\/\/martinluther.ca\/wp-content\/uploads\/2018\/02\/Stephen-Scharper-recent-UofT-photo-1024x683.jpg 1024w\" sizes=\"auto, (max-width: 300px) 100vw, 300px\" \/><figcaption id=\"caption-attachment-27938\" class=\"wp-caption-text\">Stephen Scharper<\/figcaption><\/figure>\n<p><strong>Weltgebetstag Gastsprecher: Dr. Stephen Scharper<\/strong><\/p>\n<p><strong>Zum Weltgebetstagsgottesdienst freuen wir uns auf Gastsprecher Dr. Stephen Scharper.<\/strong> Dr. Scharper ist ein gefragter Dozent, der ein breites Publikum angesprochen und inspiriert hat. Seine Vortr\u00e4ge an der Universit\u00e4t als auch in der \u00d6ffentlichkeit sind einzigartig, indem sie hochgeistig und gleichzeitig zug\u00e4nglich sind. Er forscht und lehrt in den Bereichen Umwelt Ethik; Weltanschauung und \u00d6kologie; Befreiungstheologie; und Natur und die Stadt.<\/p>\n<p>Dr. Stephen Scharper von der University of Toronto ist Junior Professor an der Fakult\u00e4t f\u00fcr Umwelt, der Abteilung f\u00fcr Religionsstudien und der Abteilung f\u00fcr Anthropologie, sowie Associate der Toronto School of Theology. Er hat einen Master in Theologie von der University of Toronto und einen Ph.D. in Religionswissenschaft von der McGill University.<\/p>\n<p>Dr. Scharpers neuestes Buch \u201eFor Earth&#8217;s Sake: Toward a Compassionate Ecology\u201c (Novalis 2013) untersucht die Frage wie wir, im Lichte der gegenw\u00e4rtigen \u00f6kologischen Herausforderungen, dazu aufgerufen sind eine emotionale Beziehung zur Natur zu entwickeln. Zu seinen weiteren B\u00fcchern geh\u00f6ren \u201eNatural City: Re-envisioning Human Settlements\u201d (Mitherausgeber der University of Toronto Press), \u201eThe Green Bible\u201c, gemeinsam mit seiner Frau Hilary Cunningham verfasst, und \u201cRedeeming the Time: A Political Theology of the Environment\u201d (Continuum).<\/p>\n","protected":false},"excerpt":{"rendered":"<p>Mit Christen aus 170 L\u00e4ndern beten, singen und lernen: Gottesdienst vorbereitet vom Weltgebetstagskomitee in Surinam, organisiert von Frauen unterschiedlichster Denominationen in Mimico. Freitag, 2. M\u00e4rz 2018 Gottesdienst 18 \u2013 19 Uhr in der Martin Luther Kirche. Der Weltgebetstag ist eine weltweite \u00f6kumenische Bewegung, die von Christinnen angef\u00fchrt wird, die Sie einladen, sich ihnen in Gebeten&hellip;<\/p>\n","protected":false},"author":9,"featured_media":30867,"comment_status":"closed","ping_status":"closed","sticky":false,"template":"","format":"standard","meta":{"footnotes":""},"categories":[69],"tags":[],"post_series":[],"class_list":["post-27933","post","type-post","status-publish","format-standard","has-post-thumbnail","hentry","category-news-blog-german","entry","has-media"],"yoast_head":"<!-- This site is optimized with the Yoast SEO plugin v27.5 - https:\/\/yoast.com\/product\/yoast-seo-wordpress\/ -->\n<title>Weltgebetstag Freitag, den 2. M\u00e4rz 2018 in der Martin Luther Kirche (Land Surinam) - Martin Luther Evangelische Kirche Toronto<\/title>\n<meta name=\"robots\" content=\"index, follow, max-snippet:-1, max-image-preview:large, max-video-preview:-1\" \/>\n<link rel=\"canonical\" href=\"https:\/\/martinluther.ca\/de\/2018\/02\/weltgebetstag-freitag-den-2-maerz-2018-in-der-martin-luther-kirche-land-surinam\/\" \/>\n<meta property=\"og:locale\" content=\"de_DE\" \/>\n<meta property=\"og:type\" content=\"article\" \/>\n<meta property=\"og:title\" content=\"Weltgebetstag Freitag, den 2. M\u00e4rz 2018 in der Martin Luther Kirche (Land Surinam) - Martin Luther Evangelische Kirche Toronto\" \/>\n<meta property=\"og:description\" content=\"Mit Christen aus 170 L\u00e4ndern beten, singen und lernen: Gottesdienst vorbereitet vom Weltgebetstagskomitee in Surinam, organisiert von Frauen unterschiedlichster Denominationen in Mimico. Freitag, 2. M\u00e4rz 2018 Gottesdienst 18 \u2013 19 Uhr in der Martin Luther Kirche. Der Weltgebetstag ist eine weltweite \u00f6kumenische Bewegung, die von Christinnen angef\u00fchrt wird, die Sie einladen, sich ihnen in Gebeten&hellip;\" \/>\n<meta property=\"og:url\" content=\"https:\/\/martinluther.ca\/de\/2018\/02\/weltgebetstag-freitag-den-2-maerz-2018-in-der-martin-luther-kirche-land-surinam\/\" \/>\n<meta property=\"og:site_name\" content=\"Martin Luther Evangelische Kirche Toronto\" \/>\n<meta property=\"article:publisher\" content=\"https:\/\/www.facebook.com\/martinlutherchurchtoronto\" \/>\n<meta property=\"article:published_time\" content=\"2018-02-08T19:49:32+00:00\" \/>\n<meta property=\"article:modified_time\" content=\"2026-04-10T20:38:03+00:00\" \/>\n<meta property=\"og:image\" content=\"https:\/\/martinluther.ca\/wp-content\/uploads\/2018\/02\/2018-World-Day-of-Prayer-Mar-2-poster.jpg\" \/>\n\t<meta property=\"og:image:width\" content=\"960\" \/>\n\t<meta property=\"og:image:height\" content=\"616\" \/>\n\t<meta property=\"og:image:type\" content=\"image\/jpeg\" \/>\n<meta name=\"author\" content=\"Mona Kakoschke Frantzke\" \/>\n<meta name=\"twitter:card\" content=\"summary_large_image\" \/>\n<meta name=\"twitter:label1\" content=\"Verfasst von\" \/>\n\t<meta name=\"twitter:data1\" content=\"Mona Kakoschke Frantzke\" \/>\n\t<meta name=\"twitter:label2\" content=\"Gesch\u00e4tzte Lesezeit\" \/>\n\t<meta name=\"twitter:data2\" content=\"3\u00a0Minuten\" \/>\n<script type=\"application\/ld+json\" class=\"yoast-schema-graph\">{\"@context\":\"https:\\\/\\\/schema.org\",\"@graph\":[{\"@type\":\"Article\",\"@id\":\"https:\\\/\\\/martinluther.ca\\\/de\\\/2018\\\/02\\\/weltgebetstag-freitag-den-2-maerz-2018-in-der-martin-luther-kirche-land-surinam\\\/#article\",\"isPartOf\":{\"@id\":\"https:\\\/\\\/martinluther.ca\\\/de\\\/2018\\\/02\\\/weltgebetstag-freitag-den-2-maerz-2018-in-der-martin-luther-kirche-land-surinam\\\/\"},\"author\":{\"name\":\"Mona Kakoschke Frantzke\",\"@id\":\"https:\\\/\\\/martinluther.ca\\\/de\\\/#\\\/schema\\\/person\\\/815c51710f70b050f0476f18da6b0c8f\"},\"headline\":\"Weltgebetstag Freitag, den 2. M\u00e4rz 2018 in der Martin Luther Kirche (Land Surinam)\",\"datePublished\":\"2018-02-08T19:49:32+00:00\",\"dateModified\":\"2026-04-10T20:38:03+00:00\",\"mainEntityOfPage\":{\"@id\":\"https:\\\/\\\/martinluther.ca\\\/de\\\/2018\\\/02\\\/weltgebetstag-freitag-den-2-maerz-2018-in-der-martin-luther-kirche-land-surinam\\\/\"},\"wordCount\":357,\"publisher\":{\"@id\":\"https:\\\/\\\/martinluther.ca\\\/de\\\/#organization\"},\"image\":{\"@id\":\"https:\\\/\\\/martinluther.ca\\\/de\\\/2018\\\/02\\\/weltgebetstag-freitag-den-2-maerz-2018-in-der-martin-luther-kirche-land-surinam\\\/#primaryimage\"},\"thumbnailUrl\":\"https:\\\/\\\/martinluther.ca\\\/wp-content\\\/uploads\\\/2018\\\/02\\\/2018-World-Day-of-Prayer-Mar-2-poster.jpg\",\"articleSection\":[\"News Blog - German\"],\"inLanguage\":\"de\"},{\"@type\":\"WebPage\",\"@id\":\"https:\\\/\\\/martinluther.ca\\\/de\\\/2018\\\/02\\\/weltgebetstag-freitag-den-2-maerz-2018-in-der-martin-luther-kirche-land-surinam\\\/\",\"url\":\"https:\\\/\\\/martinluther.ca\\\/de\\\/2018\\\/02\\\/weltgebetstag-freitag-den-2-maerz-2018-in-der-martin-luther-kirche-land-surinam\\\/\",\"name\":\"Weltgebetstag Freitag, den 2. M\u00e4rz 2018 in der Martin Luther Kirche (Land Surinam) - Martin Luther Evangelische Kirche Toronto\",\"isPartOf\":{\"@id\":\"https:\\\/\\\/martinluther.ca\\\/de\\\/#website\"},\"primaryImageOfPage\":{\"@id\":\"https:\\\/\\\/martinluther.ca\\\/de\\\/2018\\\/02\\\/weltgebetstag-freitag-den-2-maerz-2018-in-der-martin-luther-kirche-land-surinam\\\/#primaryimage\"},\"image\":{\"@id\":\"https:\\\/\\\/martinluther.ca\\\/de\\\/2018\\\/02\\\/weltgebetstag-freitag-den-2-maerz-2018-in-der-martin-luther-kirche-land-surinam\\\/#primaryimage\"},\"thumbnailUrl\":\"https:\\\/\\\/martinluther.ca\\\/wp-content\\\/uploads\\\/2018\\\/02\\\/2018-World-Day-of-Prayer-Mar-2-poster.jpg\",\"datePublished\":\"2018-02-08T19:49:32+00:00\",\"dateModified\":\"2026-04-10T20:38:03+00:00\",\"breadcrumb\":{\"@id\":\"https:\\\/\\\/martinluther.ca\\\/de\\\/2018\\\/02\\\/weltgebetstag-freitag-den-2-maerz-2018-in-der-martin-luther-kirche-land-surinam\\\/#breadcrumb\"},\"inLanguage\":\"de\",\"potentialAction\":[{\"@type\":\"ReadAction\",\"target\":[\"https:\\\/\\\/martinluther.ca\\\/de\\\/2018\\\/02\\\/weltgebetstag-freitag-den-2-maerz-2018-in-der-martin-luther-kirche-land-surinam\\\/\"]}]},{\"@type\":\"ImageObject\",\"inLanguage\":\"de\",\"@id\":\"https:\\\/\\\/martinluther.ca\\\/de\\\/2018\\\/02\\\/weltgebetstag-freitag-den-2-maerz-2018-in-der-martin-luther-kirche-land-surinam\\\/#primaryimage\",\"url\":\"https:\\\/\\\/martinluther.ca\\\/wp-content\\\/uploads\\\/2018\\\/02\\\/2018-World-Day-of-Prayer-Mar-2-poster.jpg\",\"contentUrl\":\"https:\\\/\\\/martinluther.ca\\\/wp-content\\\/uploads\\\/2018\\\/02\\\/2018-World-Day-of-Prayer-Mar-2-poster.jpg\",\"width\":960,\"height\":616},{\"@type\":\"BreadcrumbList\",\"@id\":\"https:\\\/\\\/martinluther.ca\\\/de\\\/2018\\\/02\\\/weltgebetstag-freitag-den-2-maerz-2018-in-der-martin-luther-kirche-land-surinam\\\/#breadcrumb\",\"itemListElement\":[{\"@type\":\"ListItem\",\"position\":1,\"name\":\"Home\",\"item\":\"https:\\\/\\\/martinluther.ca\\\/de\\\/\"},{\"@type\":\"ListItem\",\"position\":2,\"name\":\"Weltgebetstag Freitag, den 2. M\u00e4rz 2018 in der Martin Luther Kirche (Land Surinam)\"}]},{\"@type\":\"WebSite\",\"@id\":\"https:\\\/\\\/martinluther.ca\\\/de\\\/#website\",\"url\":\"https:\\\/\\\/martinluther.ca\\\/de\\\/\",\"name\":\"Martin Luther Evangelical Church Toronto\",\"description\":\"Deutsch &amp; Englisch\",\"publisher\":{\"@id\":\"https:\\\/\\\/martinluther.ca\\\/de\\\/#organization\"},\"potentialAction\":[{\"@type\":\"SearchAction\",\"target\":{\"@type\":\"EntryPoint\",\"urlTemplate\":\"https:\\\/\\\/martinluther.ca\\\/de\\\/?s={search_term_string}\"},\"query-input\":{\"@type\":\"PropertyValueSpecification\",\"valueRequired\":true,\"valueName\":\"search_term_string\"}}],\"inLanguage\":\"de\"},{\"@type\":\"Organization\",\"@id\":\"https:\\\/\\\/martinluther.ca\\\/de\\\/#organization\",\"name\":\"Martin Luther Evangelical Church Toronto\",\"url\":\"https:\\\/\\\/martinluther.ca\\\/de\\\/\",\"logo\":{\"@type\":\"ImageObject\",\"inLanguage\":\"de\",\"@id\":\"https:\\\/\\\/martinluther.ca\\\/de\\\/#\\\/schema\\\/logo\\\/image\\\/\",\"url\":\"https:\\\/\\\/martinluther.ca\\\/wp-content\\\/uploads\\\/2016\\\/12\\\/ml-logo-300.png\",\"contentUrl\":\"https:\\\/\\\/martinluther.ca\\\/wp-content\\\/uploads\\\/2016\\\/12\\\/ml-logo-300.png\",\"width\":300,\"height\":150,\"caption\":\"Martin Luther Evangelical Church Toronto\"},\"image\":{\"@id\":\"https:\\\/\\\/martinluther.ca\\\/de\\\/#\\\/schema\\\/logo\\\/image\\\/\"},\"sameAs\":[\"https:\\\/\\\/www.facebook.com\\\/martinlutherchurchtoronto\",\"https:\\\/\\\/www.instagram.com\\\/lutheransbythelake\\\/\",\"https:\\\/\\\/www.youtube.com\\\/MartinLutherChurchToronto\"]},{\"@type\":\"Person\",\"@id\":\"https:\\\/\\\/martinluther.ca\\\/de\\\/#\\\/schema\\\/person\\\/815c51710f70b050f0476f18da6b0c8f\",\"name\":\"Mona Kakoschke Frantzke\",\"image\":{\"@type\":\"ImageObject\",\"inLanguage\":\"de\",\"@id\":\"https:\\\/\\\/secure.gravatar.com\\\/avatar\\\/0deb16854ca545cd2e9fc8001ca110d262b80d5c8317b38dc542265fbea0ed19?s=96&d=mm&r=g\",\"url\":\"https:\\\/\\\/secure.gravatar.com\\\/avatar\\\/0deb16854ca545cd2e9fc8001ca110d262b80d5c8317b38dc542265fbea0ed19?s=96&d=mm&r=g\",\"contentUrl\":\"https:\\\/\\\/secure.gravatar.com\\\/avatar\\\/0deb16854ca545cd2e9fc8001ca110d262b80d5c8317b38dc542265fbea0ed19?s=96&d=mm&r=g\",\"caption\":\"Mona Kakoschke Frantzke\"},\"url\":false}]}<\/script>\n<!-- \/ Yoast SEO plugin. -->","yoast_head_json":{"title":"Weltgebetstag Freitag, den 2. M\u00e4rz 2018 in der Martin Luther Kirche (Land Surinam) - Martin Luther Evangelische Kirche Toronto","robots":{"index":"index","follow":"follow","max-snippet":"max-snippet:-1","max-image-preview":"max-image-preview:large","max-video-preview":"max-video-preview:-1"},"canonical":"https:\/\/martinluther.ca\/de\/2018\/02\/weltgebetstag-freitag-den-2-maerz-2018-in-der-martin-luther-kirche-land-surinam\/","og_locale":"de_DE","og_type":"article","og_title":"Weltgebetstag Freitag, den 2. M\u00e4rz 2018 in der Martin Luther Kirche (Land Surinam) - Martin Luther Evangelische Kirche Toronto","og_description":"Mit Christen aus 170 L\u00e4ndern beten, singen und lernen: Gottesdienst vorbereitet vom Weltgebetstagskomitee in Surinam, organisiert von Frauen unterschiedlichster Denominationen in Mimico. Freitag, 2. M\u00e4rz 2018 Gottesdienst 18 \u2013 19 Uhr in der Martin Luther Kirche. Der Weltgebetstag ist eine weltweite \u00f6kumenische Bewegung, die von Christinnen angef\u00fchrt wird, die Sie einladen, sich ihnen in Gebeten&hellip;","og_url":"https:\/\/martinluther.ca\/de\/2018\/02\/weltgebetstag-freitag-den-2-maerz-2018-in-der-martin-luther-kirche-land-surinam\/","og_site_name":"Martin Luther Evangelische Kirche Toronto","article_publisher":"https:\/\/www.facebook.com\/martinlutherchurchtoronto","article_published_time":"2018-02-08T19:49:32+00:00","article_modified_time":"2026-04-10T20:38:03+00:00","og_image":[{"width":960,"height":616,"url":"https:\/\/martinluther.ca\/wp-content\/uploads\/2018\/02\/2018-World-Day-of-Prayer-Mar-2-poster.jpg","type":"image\/jpeg"}],"author":"Mona Kakoschke Frantzke","twitter_card":"summary_large_image","twitter_misc":{"Verfasst von":"Mona Kakoschke Frantzke","Gesch\u00e4tzte Lesezeit":"3\u00a0Minuten"},"schema":{"@context":"https:\/\/schema.org","@graph":[{"@type":"Article","@id":"https:\/\/martinluther.ca\/de\/2018\/02\/weltgebetstag-freitag-den-2-maerz-2018-in-der-martin-luther-kirche-land-surinam\/#article","isPartOf":{"@id":"https:\/\/martinluther.ca\/de\/2018\/02\/weltgebetstag-freitag-den-2-maerz-2018-in-der-martin-luther-kirche-land-surinam\/"},"author":{"name":"Mona Kakoschke Frantzke","@id":"https:\/\/martinluther.ca\/de\/#\/schema\/person\/815c51710f70b050f0476f18da6b0c8f"},"headline":"Weltgebetstag Freitag, den 2. M\u00e4rz 2018 in der Martin Luther Kirche (Land Surinam)","datePublished":"2018-02-08T19:49:32+00:00","dateModified":"2026-04-10T20:38:03+00:00","mainEntityOfPage":{"@id":"https:\/\/martinluther.ca\/de\/2018\/02\/weltgebetstag-freitag-den-2-maerz-2018-in-der-martin-luther-kirche-land-surinam\/"},"wordCount":357,"publisher":{"@id":"https:\/\/martinluther.ca\/de\/#organization"},"image":{"@id":"https:\/\/martinluther.ca\/de\/2018\/02\/weltgebetstag-freitag-den-2-maerz-2018-in-der-martin-luther-kirche-land-surinam\/#primaryimage"},"thumbnailUrl":"https:\/\/martinluther.ca\/wp-content\/uploads\/2018\/02\/2018-World-Day-of-Prayer-Mar-2-poster.jpg","articleSection":["News Blog - German"],"inLanguage":"de"},{"@type":"WebPage","@id":"https:\/\/martinluther.ca\/de\/2018\/02\/weltgebetstag-freitag-den-2-maerz-2018-in-der-martin-luther-kirche-land-surinam\/","url":"https:\/\/martinluther.ca\/de\/2018\/02\/weltgebetstag-freitag-den-2-maerz-2018-in-der-martin-luther-kirche-land-surinam\/","name":"Weltgebetstag Freitag, den 2. M\u00e4rz 2018 in der Martin Luther Kirche (Land Surinam) - Martin Luther Evangelische Kirche Toronto","isPartOf":{"@id":"https:\/\/martinluther.ca\/de\/#website"},"primaryImageOfPage":{"@id":"https:\/\/martinluther.ca\/de\/2018\/02\/weltgebetstag-freitag-den-2-maerz-2018-in-der-martin-luther-kirche-land-surinam\/#primaryimage"},"image":{"@id":"https:\/\/martinluther.ca\/de\/2018\/02\/weltgebetstag-freitag-den-2-maerz-2018-in-der-martin-luther-kirche-land-surinam\/#primaryimage"},"thumbnailUrl":"https:\/\/martinluther.ca\/wp-content\/uploads\/2018\/02\/2018-World-Day-of-Prayer-Mar-2-poster.jpg","datePublished":"2018-02-08T19:49:32+00:00","dateModified":"2026-04-10T20:38:03+00:00","breadcrumb":{"@id":"https:\/\/martinluther.ca\/de\/2018\/02\/weltgebetstag-freitag-den-2-maerz-2018-in-der-martin-luther-kirche-land-surinam\/#breadcrumb"},"inLanguage":"de","potentialAction":[{"@type":"ReadAction","target":["https:\/\/martinluther.ca\/de\/2018\/02\/weltgebetstag-freitag-den-2-maerz-2018-in-der-martin-luther-kirche-land-surinam\/"]}]},{"@type":"ImageObject","inLanguage":"de","@id":"https:\/\/martinluther.ca\/de\/2018\/02\/weltgebetstag-freitag-den-2-maerz-2018-in-der-martin-luther-kirche-land-surinam\/#primaryimage","url":"https:\/\/martinluther.ca\/wp-content\/uploads\/2018\/02\/2018-World-Day-of-Prayer-Mar-2-poster.jpg","contentUrl":"https:\/\/martinluther.ca\/wp-content\/uploads\/2018\/02\/2018-World-Day-of-Prayer-Mar-2-poster.jpg","width":960,"height":616},{"@type":"BreadcrumbList","@id":"https:\/\/martinluther.ca\/de\/2018\/02\/weltgebetstag-freitag-den-2-maerz-2018-in-der-martin-luther-kirche-land-surinam\/#breadcrumb","itemListElement":[{"@type":"ListItem","position":1,"name":"Home","item":"https:\/\/martinluther.ca\/de\/"},{"@type":"ListItem","position":2,"name":"Weltgebetstag Freitag, den 2. M\u00e4rz 2018 in der Martin Luther Kirche (Land Surinam)"}]},{"@type":"WebSite","@id":"https:\/\/martinluther.ca\/de\/#website","url":"https:\/\/martinluther.ca\/de\/","name":"Martin Luther Evangelical Church Toronto","description":"Deutsch &amp; Englisch","publisher":{"@id":"https:\/\/martinluther.ca\/de\/#organization"},"potentialAction":[{"@type":"SearchAction","target":{"@type":"EntryPoint","urlTemplate":"https:\/\/martinluther.ca\/de\/?s={search_term_string}"},"query-input":{"@type":"PropertyValueSpecification","valueRequired":true,"valueName":"search_term_string"}}],"inLanguage":"de"},{"@type":"Organization","@id":"https:\/\/martinluther.ca\/de\/#organization","name":"Martin Luther Evangelical Church Toronto","url":"https:\/\/martinluther.ca\/de\/","logo":{"@type":"ImageObject","inLanguage":"de","@id":"https:\/\/martinluther.ca\/de\/#\/schema\/logo\/image\/","url":"https:\/\/martinluther.ca\/wp-content\/uploads\/2016\/12\/ml-logo-300.png","contentUrl":"https:\/\/martinluther.ca\/wp-content\/uploads\/2016\/12\/ml-logo-300.png","width":300,"height":150,"caption":"Martin Luther Evangelical Church Toronto"},"image":{"@id":"https:\/\/martinluther.ca\/de\/#\/schema\/logo\/image\/"},"sameAs":["https:\/\/www.facebook.com\/martinlutherchurchtoronto","https:\/\/www.instagram.com\/lutheransbythelake\/","https:\/\/www.youtube.com\/MartinLutherChurchToronto"]},{"@type":"Person","@id":"https:\/\/martinluther.ca\/de\/#\/schema\/person\/815c51710f70b050f0476f18da6b0c8f","name":"Mona Kakoschke Frantzke","image":{"@type":"ImageObject","inLanguage":"de","@id":"https:\/\/secure.gravatar.com\/avatar\/0deb16854ca545cd2e9fc8001ca110d262b80d5c8317b38dc542265fbea0ed19?s=96&d=mm&r=g","url":"https:\/\/secure.gravatar.com\/avatar\/0deb16854ca545cd2e9fc8001ca110d262b80d5c8317b38dc542265fbea0ed19?s=96&d=mm&r=g","contentUrl":"https:\/\/secure.gravatar.com\/avatar\/0deb16854ca545cd2e9fc8001ca110d262b80d5c8317b38dc542265fbea0ed19?s=96&d=mm&r=g","caption":"Mona Kakoschke Frantzke"},"url":false}]}},"_links":{"self":[{"href":"https:\/\/martinluther.ca\/de\/wp-json\/wp\/v2\/posts\/27933","targetHints":{"allow":["GET"]}}],"collection":[{"href":"https:\/\/martinluther.ca\/de\/wp-json\/wp\/v2\/posts"}],"about":[{"href":"https:\/\/martinluther.ca\/de\/wp-json\/wp\/v2\/types\/post"}],"author":[{"embeddable":true,"href":"https:\/\/martinluther.ca\/de\/wp-json\/wp\/v2\/users\/9"}],"replies":[{"embeddable":true,"href":"https:\/\/martinluther.ca\/de\/wp-json\/wp\/v2\/comments?post=27933"}],"version-history":[{"count":9,"href":"https:\/\/martinluther.ca\/de\/wp-json\/wp\/v2\/posts\/27933\/revisions"}],"predecessor-version":[{"id":59653,"href":"https:\/\/martinluther.ca\/de\/wp-json\/wp\/v2\/posts\/27933\/revisions\/59653"}],"wp:featuredmedia":[{"embeddable":true,"href":"https:\/\/martinluther.ca\/de\/wp-json\/wp\/v2\/media\/30867"}],"wp:attachment":[{"href":"https:\/\/martinluther.ca\/de\/wp-json\/wp\/v2\/media?parent=27933"}],"wp:term":[{"taxonomy":"category","embeddable":true,"href":"https:\/\/martinluther.ca\/de\/wp-json\/wp\/v2\/categories?post=27933"},{"taxonomy":"post_tag","embeddable":true,"href":"https:\/\/martinluther.ca\/de\/wp-json\/wp\/v2\/tags?post=27933"},{"taxonomy":"post_series","embeddable":true,"href":"https:\/\/martinluther.ca\/de\/wp-json\/wp\/v2\/post_series?post=27933"}],"curies":[{"name":"wp","href":"https:\/\/api.w.org\/{rel}","templated":true}]}}