{"id":28020,"date":"2018-02-23T13:40:18","date_gmt":"2018-02-23T18:40:18","guid":{"rendered":"https:\/\/martinluther.ca\/?p=28020"},"modified":"2018-03-20T20:38:05","modified_gmt":"2018-03-21T00:38:05","slug":"sommercamp-fruehbucherrabatt","status":"publish","type":"post","link":"https:\/\/martinluther.ca\/de\/2018\/02\/sommercamp-fruehbucherrabatt\/","title":{"rendered":"Sommercamp\u2013 Fr\u00fchbucherrabatt"},"content":{"rendered":"<p><img loading=\"lazy\" decoding=\"async\" class=\"alignright size-medium wp-image-21109\" src=\"https:\/\/martinluther.ca\/wp-content\/uploads\/2015\/03\/2014-Camp-Lutherlyn-965-300x199.jpg\" alt=\"2014 Camp Lutherlyn\" width=\"300\" height=\"199\" srcset=\"https:\/\/martinluther.ca\/wp-content\/uploads\/2015\/03\/2014-Camp-Lutherlyn-965-300x199.jpg 300w, https:\/\/martinluther.ca\/wp-content\/uploads\/2015\/03\/2014-Camp-Lutherlyn-965-1024x682.jpg 1024w, https:\/\/martinluther.ca\/wp-content\/uploads\/2015\/03\/2014-Camp-Lutherlyn-965.jpg 1280w\" sizes=\"auto, (max-width: 300px) 100vw, 300px\" \/>Sommercamp Fr\u00fchbucherrabatt bis 28. Februar.\u00a0Die Vorbereitungen f\u00fcr das n\u00e4chste Sommercamp sind l\u00e4ngst im Gange. Wir hoffen, dass jeder sich den Termin <strong>vom 18.\u201324. August 2018<\/strong> vorgemerkt hat.<\/p>\n<p>Unvergessliche Erfahrungen garantiert! Jeden Sommer fahren Familien und Jugendliche zusammen ins Sommerlager Camp Lutherly <strong>am Golden Lake, \u00f6stlich des Algonquin Parks<\/strong>. Eine Woche lang fahren wir Kanu, wir schwimmen, feiern Andachten und erleben Gemeinschaft und Natur.<\/p>\n<p>Anmeldeflyer liegen in der Kirche aus. Anmeldung ab sofort \u00fcber das Gemeindeb\u00fcro. Der Teilnahmebeitrag betr\u00e4gt 410 $ f\u00fcr erwachsene und jugendliche Einzelteilnehmer. <strong>Wer bis zum 28. Februar bucht, erh\u00e4lt einen Rabatt und zahlt nur 380 $<\/strong>. Kinder in Begleitung ihrer Familie zahlen 200 $ (\u00fcber 10 Jahre) bzw. 150 $ (unter 10 Jahren).<\/p>\n<p>Kontakt: <a href=\"mailto:churchoffice@martinluther.ca\">churchoffice@martinluther.ca<\/a> , Tel: 416-251-8293<br \/>\nWer im Vorbereitungsteam mitarbeiten m\u00f6chte, ist jederzeit herzlich willkommen.<br \/>\nKontakt: Anna Lisa Wienecke, <a href=\"mailto:campdirector@martinluther.ca\">campdirector@martinluther.ca<\/a> , Tel: 416-939-7441<\/p>\n<p><strong>2018 MLC Summer Camp Registration Form <a href=\"https:\/\/martinluther.ca\/wp-content\/uploads\/2018\/02\/MLC-SummerCamp-RegistrationForm2018.pdf\" target=\"_blank\" rel=\"noopener\">[download]<\/a><\/strong><\/p>\n<p><strong>2018 MLC Summer Camp Flyer\u00a0<a title=\"2017 MLC Summer Camp Flyer \" href=\"https:\/\/martinluther.ca\/wp-content\/uploads\/2018\/02\/MLC-SummerCamp-CampLutherlyn2018.pdf\" target=\"_blank\" rel=\"noopener\"><span style=\"color: #0066cc;\">[download]<\/span><\/a><\/strong><\/p>\n<p><img loading=\"lazy\" decoding=\"async\" class=\"alignright wp-image-21815 size-medium\" src=\"https:\/\/martinluther.ca\/wp-content\/uploads\/2015\/05\/2015-Camp-Lutherlyn-Tshirt-Colours-white-300x225.png\" alt=\"MLC at Camp Lutherlyn Tshirt Colours\" width=\"300\" height=\"225\" srcset=\"https:\/\/martinluther.ca\/wp-content\/uploads\/2015\/05\/2015-Camp-Lutherlyn-Tshirt-Colours-white-300x225.png 300w, https:\/\/martinluther.ca\/wp-content\/uploads\/2015\/05\/2015-Camp-Lutherlyn-Tshirt-Colours-white.png 1024w\" sizes=\"auto, (max-width: 300px) 100vw, 300px\" \/><\/p>\n<p><strong>Order your very own MLC Camp Lutherlyn T-shirt!<\/strong><\/p>\n<p>Amazing price, Awesome colours, 13 incredible sizes. It says: \u201cMartin Luther Church at Camp Lutherlyn\u201d. $10.00\/shirt, Youth Sizes: XS (2-4), S (6-8), M (10-12), L (14-16), XL (18-20), Adult Sizes: S, M, L , XL, XXL, XXXL, XXXL. Colours available: hot pink, bright yellow, vibrant blue, sport grey.<\/p>\n<p>Let the church office know.<\/p>\n","protected":false},"excerpt":{"rendered":"<p>Sommercamp Fr\u00fchbucherrabatt bis 28. Februar.\u00a0Die Vorbereitungen f\u00fcr das n\u00e4chste Sommercamp sind l\u00e4ngst im Gange. Wir hoffen, dass jeder sich den Termin vom 18.\u201324. August 2018 vorgemerkt hat. Unvergessliche Erfahrungen garantiert! Jeden Sommer fahren Familien und Jugendliche zusammen ins Sommerlager Camp Lutherly am Golden Lake, \u00f6stlich des Algonquin Parks. Eine Woche lang fahren wir Kanu, wir&hellip;<\/p>\n","protected":false},"author":9,"featured_media":21815,"comment_status":"closed","ping_status":"closed","sticky":false,"template":"","format":"standard","meta":{"footnotes":""},"categories":[69],"tags":[],"post_series":[],"class_list":["post-28020","post","type-post","status-publish","format-standard","has-post-thumbnail","hentry","category-news-blog-german","entry","has-media"],"yoast_head":"<!-- This site is optimized with the Yoast SEO plugin v27.5 - https:\/\/yoast.com\/product\/yoast-seo-wordpress\/ -->\n<title>Sommercamp\u2013 Fr\u00fchbucherrabatt - Martin Luther Evangelische Kirche Toronto<\/title>\n<meta name=\"robots\" content=\"index, follow, max-snippet:-1, max-image-preview:large, max-video-preview:-1\" \/>\n<link rel=\"canonical\" href=\"https:\/\/martinluther.ca\/de\/2018\/02\/sommercamp-fruehbucherrabatt\/\" \/>\n<meta property=\"og:locale\" content=\"de_DE\" \/>\n<meta property=\"og:type\" content=\"article\" \/>\n<meta property=\"og:title\" content=\"Sommercamp\u2013 Fr\u00fchbucherrabatt - Martin Luther Evangelische Kirche Toronto\" \/>\n<meta property=\"og:description\" content=\"Sommercamp Fr\u00fchbucherrabatt bis 28. Februar.\u00a0Die Vorbereitungen f\u00fcr das n\u00e4chste Sommercamp sind l\u00e4ngst im Gange. Wir hoffen, dass jeder sich den Termin vom 18.\u201324. August 2018 vorgemerkt hat. Unvergessliche Erfahrungen garantiert! Jeden Sommer fahren Familien und Jugendliche zusammen ins Sommerlager Camp Lutherly am Golden Lake, \u00f6stlich des Algonquin Parks. Eine Woche lang fahren wir Kanu, wir&hellip;\" \/>\n<meta property=\"og:url\" content=\"https:\/\/martinluther.ca\/de\/2018\/02\/sommercamp-fruehbucherrabatt\/\" \/>\n<meta property=\"og:site_name\" content=\"Martin Luther Evangelische Kirche Toronto\" \/>\n<meta property=\"article:publisher\" content=\"https:\/\/www.facebook.com\/martinlutherchurchtoronto\" \/>\n<meta property=\"article:published_time\" content=\"2018-02-23T18:40:18+00:00\" \/>\n<meta property=\"article:modified_time\" content=\"2018-03-21T00:38:05+00:00\" \/>\n<meta property=\"og:image\" content=\"https:\/\/martinluther.ca\/wp-content\/uploads\/2015\/05\/2015-Camp-Lutherlyn-Tshirt-Colours-white.png\" \/>\n\t<meta property=\"og:image:width\" content=\"1024\" \/>\n\t<meta property=\"og:image:height\" content=\"768\" \/>\n\t<meta property=\"og:image:type\" content=\"image\/png\" \/>\n<meta name=\"author\" content=\"Mona Kakoschke Frantzke\" \/>\n<meta name=\"twitter:card\" content=\"summary_large_image\" \/>\n<meta name=\"twitter:label1\" content=\"Verfasst von\" \/>\n\t<meta name=\"twitter:data1\" content=\"Mona Kakoschke Frantzke\" \/>\n\t<meta name=\"twitter:label2\" content=\"Gesch\u00e4tzte Lesezeit\" \/>\n\t<meta name=\"twitter:data2\" content=\"1\u00a0Minute\" \/>\n<script type=\"application\/ld+json\" class=\"yoast-schema-graph\">{\"@context\":\"https:\\\/\\\/schema.org\",\"@graph\":[{\"@type\":\"Article\",\"@id\":\"https:\\\/\\\/martinluther.ca\\\/de\\\/2018\\\/02\\\/sommercamp-fruehbucherrabatt\\\/#article\",\"isPartOf\":{\"@id\":\"https:\\\/\\\/martinluther.ca\\\/de\\\/2018\\\/02\\\/sommercamp-fruehbucherrabatt\\\/\"},\"author\":{\"name\":\"Mona Kakoschke Frantzke\",\"@id\":\"https:\\\/\\\/martinluther.ca\\\/de\\\/#\\\/schema\\\/person\\\/815c51710f70b050f0476f18da6b0c8f\"},\"headline\":\"Sommercamp\u2013 Fr\u00fchbucherrabatt\",\"datePublished\":\"2018-02-23T18:40:18+00:00\",\"dateModified\":\"2018-03-21T00:38:05+00:00\",\"mainEntityOfPage\":{\"@id\":\"https:\\\/\\\/martinluther.ca\\\/de\\\/2018\\\/02\\\/sommercamp-fruehbucherrabatt\\\/\"},\"wordCount\":211,\"publisher\":{\"@id\":\"https:\\\/\\\/martinluther.ca\\\/de\\\/#organization\"},\"image\":{\"@id\":\"https:\\\/\\\/martinluther.ca\\\/de\\\/2018\\\/02\\\/sommercamp-fruehbucherrabatt\\\/#primaryimage\"},\"thumbnailUrl\":\"https:\\\/\\\/martinluther.ca\\\/wp-content\\\/uploads\\\/2015\\\/05\\\/2015-Camp-Lutherlyn-Tshirt-Colours-white.png\",\"articleSection\":[\"News Blog - German\"],\"inLanguage\":\"de\"},{\"@type\":\"WebPage\",\"@id\":\"https:\\\/\\\/martinluther.ca\\\/de\\\/2018\\\/02\\\/sommercamp-fruehbucherrabatt\\\/\",\"url\":\"https:\\\/\\\/martinluther.ca\\\/de\\\/2018\\\/02\\\/sommercamp-fruehbucherrabatt\\\/\",\"name\":\"Sommercamp\u2013 Fr\u00fchbucherrabatt - Martin Luther Evangelische Kirche Toronto\",\"isPartOf\":{\"@id\":\"https:\\\/\\\/martinluther.ca\\\/de\\\/#website\"},\"primaryImageOfPage\":{\"@id\":\"https:\\\/\\\/martinluther.ca\\\/de\\\/2018\\\/02\\\/sommercamp-fruehbucherrabatt\\\/#primaryimage\"},\"image\":{\"@id\":\"https:\\\/\\\/martinluther.ca\\\/de\\\/2018\\\/02\\\/sommercamp-fruehbucherrabatt\\\/#primaryimage\"},\"thumbnailUrl\":\"https:\\\/\\\/martinluther.ca\\\/wp-content\\\/uploads\\\/2015\\\/05\\\/2015-Camp-Lutherlyn-Tshirt-Colours-white.png\",\"datePublished\":\"2018-02-23T18:40:18+00:00\",\"dateModified\":\"2018-03-21T00:38:05+00:00\",\"breadcrumb\":{\"@id\":\"https:\\\/\\\/martinluther.ca\\\/de\\\/2018\\\/02\\\/sommercamp-fruehbucherrabatt\\\/#breadcrumb\"},\"inLanguage\":\"de\",\"potentialAction\":[{\"@type\":\"ReadAction\",\"target\":[\"https:\\\/\\\/martinluther.ca\\\/de\\\/2018\\\/02\\\/sommercamp-fruehbucherrabatt\\\/\"]}]},{\"@type\":\"ImageObject\",\"inLanguage\":\"de\",\"@id\":\"https:\\\/\\\/martinluther.ca\\\/de\\\/2018\\\/02\\\/sommercamp-fruehbucherrabatt\\\/#primaryimage\",\"url\":\"https:\\\/\\\/martinluther.ca\\\/wp-content\\\/uploads\\\/2015\\\/05\\\/2015-Camp-Lutherlyn-Tshirt-Colours-white.png\",\"contentUrl\":\"https:\\\/\\\/martinluther.ca\\\/wp-content\\\/uploads\\\/2015\\\/05\\\/2015-Camp-Lutherlyn-Tshirt-Colours-white.png\",\"width\":1024,\"height\":768,\"caption\":\"MLC at Camp Lutherlyn Tshirt\"},{\"@type\":\"BreadcrumbList\",\"@id\":\"https:\\\/\\\/martinluther.ca\\\/de\\\/2018\\\/02\\\/sommercamp-fruehbucherrabatt\\\/#breadcrumb\",\"itemListElement\":[{\"@type\":\"ListItem\",\"position\":1,\"name\":\"Home\",\"item\":\"https:\\\/\\\/martinluther.ca\\\/de\\\/\"},{\"@type\":\"ListItem\",\"position\":2,\"name\":\"Sommercamp\u2013 Fr\u00fchbucherrabatt\"}]},{\"@type\":\"WebSite\",\"@id\":\"https:\\\/\\\/martinluther.ca\\\/de\\\/#website\",\"url\":\"https:\\\/\\\/martinluther.ca\\\/de\\\/\",\"name\":\"Martin Luther Evangelical Church Toronto\",\"description\":\"Deutsch &amp; Englisch\",\"publisher\":{\"@id\":\"https:\\\/\\\/martinluther.ca\\\/de\\\/#organization\"},\"potentialAction\":[{\"@type\":\"SearchAction\",\"target\":{\"@type\":\"EntryPoint\",\"urlTemplate\":\"https:\\\/\\\/martinluther.ca\\\/de\\\/?s={search_term_string}\"},\"query-input\":{\"@type\":\"PropertyValueSpecification\",\"valueRequired\":true,\"valueName\":\"search_term_string\"}}],\"inLanguage\":\"de\"},{\"@type\":\"Organization\",\"@id\":\"https:\\\/\\\/martinluther.ca\\\/de\\\/#organization\",\"name\":\"Martin Luther Evangelical Church Toronto\",\"url\":\"https:\\\/\\\/martinluther.ca\\\/de\\\/\",\"logo\":{\"@type\":\"ImageObject\",\"inLanguage\":\"de\",\"@id\":\"https:\\\/\\\/martinluther.ca\\\/de\\\/#\\\/schema\\\/logo\\\/image\\\/\",\"url\":\"https:\\\/\\\/martinluther.ca\\\/wp-content\\\/uploads\\\/2016\\\/12\\\/ml-logo-300.png\",\"contentUrl\":\"https:\\\/\\\/martinluther.ca\\\/wp-content\\\/uploads\\\/2016\\\/12\\\/ml-logo-300.png\",\"width\":300,\"height\":150,\"caption\":\"Martin Luther Evangelical Church Toronto\"},\"image\":{\"@id\":\"https:\\\/\\\/martinluther.ca\\\/de\\\/#\\\/schema\\\/logo\\\/image\\\/\"},\"sameAs\":[\"https:\\\/\\\/www.facebook.com\\\/martinlutherchurchtoronto\",\"https:\\\/\\\/www.instagram.com\\\/lutheransbythelake\\\/\",\"https:\\\/\\\/www.youtube.com\\\/MartinLutherChurchToronto\"]},{\"@type\":\"Person\",\"@id\":\"https:\\\/\\\/martinluther.ca\\\/de\\\/#\\\/schema\\\/person\\\/815c51710f70b050f0476f18da6b0c8f\",\"name\":\"Mona Kakoschke Frantzke\",\"image\":{\"@type\":\"ImageObject\",\"inLanguage\":\"de\",\"@id\":\"https:\\\/\\\/secure.gravatar.com\\\/avatar\\\/0deb16854ca545cd2e9fc8001ca110d262b80d5c8317b38dc542265fbea0ed19?s=96&d=mm&r=g\",\"url\":\"https:\\\/\\\/secure.gravatar.com\\\/avatar\\\/0deb16854ca545cd2e9fc8001ca110d262b80d5c8317b38dc542265fbea0ed19?s=96&d=mm&r=g\",\"contentUrl\":\"https:\\\/\\\/secure.gravatar.com\\\/avatar\\\/0deb16854ca545cd2e9fc8001ca110d262b80d5c8317b38dc542265fbea0ed19?s=96&d=mm&r=g\",\"caption\":\"Mona Kakoschke Frantzke\"},\"url\":false}]}<\/script>\n<!-- \/ Yoast SEO plugin. -->","yoast_head_json":{"title":"Sommercamp\u2013 Fr\u00fchbucherrabatt - Martin Luther Evangelische Kirche Toronto","robots":{"index":"index","follow":"follow","max-snippet":"max-snippet:-1","max-image-preview":"max-image-preview:large","max-video-preview":"max-video-preview:-1"},"canonical":"https:\/\/martinluther.ca\/de\/2018\/02\/sommercamp-fruehbucherrabatt\/","og_locale":"de_DE","og_type":"article","og_title":"Sommercamp\u2013 Fr\u00fchbucherrabatt - Martin Luther Evangelische Kirche Toronto","og_description":"Sommercamp Fr\u00fchbucherrabatt bis 28. Februar.\u00a0Die Vorbereitungen f\u00fcr das n\u00e4chste Sommercamp sind l\u00e4ngst im Gange. Wir hoffen, dass jeder sich den Termin vom 18.\u201324. August 2018 vorgemerkt hat. Unvergessliche Erfahrungen garantiert! Jeden Sommer fahren Familien und Jugendliche zusammen ins Sommerlager Camp Lutherly am Golden Lake, \u00f6stlich des Algonquin Parks. Eine Woche lang fahren wir Kanu, wir&hellip;","og_url":"https:\/\/martinluther.ca\/de\/2018\/02\/sommercamp-fruehbucherrabatt\/","og_site_name":"Martin Luther Evangelische Kirche Toronto","article_publisher":"https:\/\/www.facebook.com\/martinlutherchurchtoronto","article_published_time":"2018-02-23T18:40:18+00:00","article_modified_time":"2018-03-21T00:38:05+00:00","og_image":[{"width":1024,"height":768,"url":"https:\/\/martinluther.ca\/wp-content\/uploads\/2015\/05\/2015-Camp-Lutherlyn-Tshirt-Colours-white.png","type":"image\/png"}],"author":"Mona Kakoschke Frantzke","twitter_card":"summary_large_image","twitter_misc":{"Verfasst von":"Mona Kakoschke Frantzke","Gesch\u00e4tzte Lesezeit":"1\u00a0Minute"},"schema":{"@context":"https:\/\/schema.org","@graph":[{"@type":"Article","@id":"https:\/\/martinluther.ca\/de\/2018\/02\/sommercamp-fruehbucherrabatt\/#article","isPartOf":{"@id":"https:\/\/martinluther.ca\/de\/2018\/02\/sommercamp-fruehbucherrabatt\/"},"author":{"name":"Mona Kakoschke Frantzke","@id":"https:\/\/martinluther.ca\/de\/#\/schema\/person\/815c51710f70b050f0476f18da6b0c8f"},"headline":"Sommercamp\u2013 Fr\u00fchbucherrabatt","datePublished":"2018-02-23T18:40:18+00:00","dateModified":"2018-03-21T00:38:05+00:00","mainEntityOfPage":{"@id":"https:\/\/martinluther.ca\/de\/2018\/02\/sommercamp-fruehbucherrabatt\/"},"wordCount":211,"publisher":{"@id":"https:\/\/martinluther.ca\/de\/#organization"},"image":{"@id":"https:\/\/martinluther.ca\/de\/2018\/02\/sommercamp-fruehbucherrabatt\/#primaryimage"},"thumbnailUrl":"https:\/\/martinluther.ca\/wp-content\/uploads\/2015\/05\/2015-Camp-Lutherlyn-Tshirt-Colours-white.png","articleSection":["News Blog - German"],"inLanguage":"de"},{"@type":"WebPage","@id":"https:\/\/martinluther.ca\/de\/2018\/02\/sommercamp-fruehbucherrabatt\/","url":"https:\/\/martinluther.ca\/de\/2018\/02\/sommercamp-fruehbucherrabatt\/","name":"Sommercamp\u2013 Fr\u00fchbucherrabatt - Martin Luther Evangelische Kirche Toronto","isPartOf":{"@id":"https:\/\/martinluther.ca\/de\/#website"},"primaryImageOfPage":{"@id":"https:\/\/martinluther.ca\/de\/2018\/02\/sommercamp-fruehbucherrabatt\/#primaryimage"},"image":{"@id":"https:\/\/martinluther.ca\/de\/2018\/02\/sommercamp-fruehbucherrabatt\/#primaryimage"},"thumbnailUrl":"https:\/\/martinluther.ca\/wp-content\/uploads\/2015\/05\/2015-Camp-Lutherlyn-Tshirt-Colours-white.png","datePublished":"2018-02-23T18:40:18+00:00","dateModified":"2018-03-21T00:38:05+00:00","breadcrumb":{"@id":"https:\/\/martinluther.ca\/de\/2018\/02\/sommercamp-fruehbucherrabatt\/#breadcrumb"},"inLanguage":"de","potentialAction":[{"@type":"ReadAction","target":["https:\/\/martinluther.ca\/de\/2018\/02\/sommercamp-fruehbucherrabatt\/"]}]},{"@type":"ImageObject","inLanguage":"de","@id":"https:\/\/martinluther.ca\/de\/2018\/02\/sommercamp-fruehbucherrabatt\/#primaryimage","url":"https:\/\/martinluther.ca\/wp-content\/uploads\/2015\/05\/2015-Camp-Lutherlyn-Tshirt-Colours-white.png","contentUrl":"https:\/\/martinluther.ca\/wp-content\/uploads\/2015\/05\/2015-Camp-Lutherlyn-Tshirt-Colours-white.png","width":1024,"height":768,"caption":"MLC at Camp Lutherlyn Tshirt"},{"@type":"BreadcrumbList","@id":"https:\/\/martinluther.ca\/de\/2018\/02\/sommercamp-fruehbucherrabatt\/#breadcrumb","itemListElement":[{"@type":"ListItem","position":1,"name":"Home","item":"https:\/\/martinluther.ca\/de\/"},{"@type":"ListItem","position":2,"name":"Sommercamp\u2013 Fr\u00fchbucherrabatt"}]},{"@type":"WebSite","@id":"https:\/\/martinluther.ca\/de\/#website","url":"https:\/\/martinluther.ca\/de\/","name":"Martin Luther Evangelical Church Toronto","description":"Deutsch &amp; Englisch","publisher":{"@id":"https:\/\/martinluther.ca\/de\/#organization"},"potentialAction":[{"@type":"SearchAction","target":{"@type":"EntryPoint","urlTemplate":"https:\/\/martinluther.ca\/de\/?s={search_term_string}"},"query-input":{"@type":"PropertyValueSpecification","valueRequired":true,"valueName":"search_term_string"}}],"inLanguage":"de"},{"@type":"Organization","@id":"https:\/\/martinluther.ca\/de\/#organization","name":"Martin Luther Evangelical Church Toronto","url":"https:\/\/martinluther.ca\/de\/","logo":{"@type":"ImageObject","inLanguage":"de","@id":"https:\/\/martinluther.ca\/de\/#\/schema\/logo\/image\/","url":"https:\/\/martinluther.ca\/wp-content\/uploads\/2016\/12\/ml-logo-300.png","contentUrl":"https:\/\/martinluther.ca\/wp-content\/uploads\/2016\/12\/ml-logo-300.png","width":300,"height":150,"caption":"Martin Luther Evangelical Church Toronto"},"image":{"@id":"https:\/\/martinluther.ca\/de\/#\/schema\/logo\/image\/"},"sameAs":["https:\/\/www.facebook.com\/martinlutherchurchtoronto","https:\/\/www.instagram.com\/lutheransbythelake\/","https:\/\/www.youtube.com\/MartinLutherChurchToronto"]},{"@type":"Person","@id":"https:\/\/martinluther.ca\/de\/#\/schema\/person\/815c51710f70b050f0476f18da6b0c8f","name":"Mona Kakoschke Frantzke","image":{"@type":"ImageObject","inLanguage":"de","@id":"https:\/\/secure.gravatar.com\/avatar\/0deb16854ca545cd2e9fc8001ca110d262b80d5c8317b38dc542265fbea0ed19?s=96&d=mm&r=g","url":"https:\/\/secure.gravatar.com\/avatar\/0deb16854ca545cd2e9fc8001ca110d262b80d5c8317b38dc542265fbea0ed19?s=96&d=mm&r=g","contentUrl":"https:\/\/secure.gravatar.com\/avatar\/0deb16854ca545cd2e9fc8001ca110d262b80d5c8317b38dc542265fbea0ed19?s=96&d=mm&r=g","caption":"Mona Kakoschke Frantzke"},"url":false}]}},"_links":{"self":[{"href":"https:\/\/martinluther.ca\/de\/wp-json\/wp\/v2\/posts\/28020","targetHints":{"allow":["GET"]}}],"collection":[{"href":"https:\/\/martinluther.ca\/de\/wp-json\/wp\/v2\/posts"}],"about":[{"href":"https:\/\/martinluther.ca\/de\/wp-json\/wp\/v2\/types\/post"}],"author":[{"embeddable":true,"href":"https:\/\/martinluther.ca\/de\/wp-json\/wp\/v2\/users\/9"}],"replies":[{"embeddable":true,"href":"https:\/\/martinluther.ca\/de\/wp-json\/wp\/v2\/comments?post=28020"}],"version-history":[{"count":7,"href":"https:\/\/martinluther.ca\/de\/wp-json\/wp\/v2\/posts\/28020\/revisions"}],"predecessor-version":[{"id":28084,"href":"https:\/\/martinluther.ca\/de\/wp-json\/wp\/v2\/posts\/28020\/revisions\/28084"}],"wp:featuredmedia":[{"embeddable":true,"href":"https:\/\/martinluther.ca\/de\/wp-json\/wp\/v2\/media\/21815"}],"wp:attachment":[{"href":"https:\/\/martinluther.ca\/de\/wp-json\/wp\/v2\/media?parent=28020"}],"wp:term":[{"taxonomy":"category","embeddable":true,"href":"https:\/\/martinluther.ca\/de\/wp-json\/wp\/v2\/categories?post=28020"},{"taxonomy":"post_tag","embeddable":true,"href":"https:\/\/martinluther.ca\/de\/wp-json\/wp\/v2\/tags?post=28020"},{"taxonomy":"post_series","embeddable":true,"href":"https:\/\/martinluther.ca\/de\/wp-json\/wp\/v2\/post_series?post=28020"}],"curies":[{"name":"wp","href":"https:\/\/api.w.org\/{rel}","templated":true}]}}