{"id":28063,"date":"2018-03-11T13:11:27","date_gmt":"2018-03-11T17:11:27","guid":{"rendered":"https:\/\/martinluther.ca\/?p=28063"},"modified":"2018-03-21T15:26:12","modified_gmt":"2018-03-21T19:26:12","slug":"familiencamp-sonntag-18-maerz-2018","status":"publish","type":"post","link":"https:\/\/martinluther.ca\/de\/2018\/03\/familiencamp-sonntag-18-maerz-2018\/","title":{"rendered":"Familiencamp-Sonntag 18. M\u00e4rz 2018"},"content":{"rendered":"<p><img loading=\"lazy\" decoding=\"async\" class=\"alignright size-medium wp-image-28067\" src=\"https:\/\/martinluther.ca\/wp-content\/uploads\/2018\/03\/2018-01-21-Family-Camp-Sunday-300x225.jpg\" alt=\"2018-01-21 Family Camp Sunday\" width=\"300\" height=\"225\" \/>Am <strong>zweiten Family Camp Sunday<\/strong> werden wir uns mit dem Thema Passion besch\u00e4ftigen. An Hand des Kreuzweges werden wir uns mit dem Leben, Leiden und Sterben Jesu Christi auseinander setzen. Auch wird es Raum daf\u00fcr geben, dar\u00fcber nachzudenken, worauf wir w\u00e4hrend der Passionszeit verzichten (k\u00f6nnten).<\/p>\n<p>Es gibt zuerst einen Gottesdienst, dann ein herzhaftes Winteressen zu Mittag, gefolgt von Gruppenaktivit\u00e4ten f\u00fcr Kinder, Jugendliche und deren Eltern. Genau wie ein Tag im Camp Lutherlyn!<\/p>\n<p>Zieht Eure besten Holzf\u00e4llerhemden an und kommt:<\/p>\n<p>10.30 h Campfire and marshmallows in front of church<br \/>\n11.00 h Gemeinsamer Englisch-Deutscher Gottensdienst zum Mitmachen (mit Gitarrenmusik)<br \/>\n12.00 h Herzhaftes Mittagessen<br \/>\n13.00 h Gruppenaktivit\u00e4ten f\u00fcr Kinder, Jugendliche und Eltern<br \/>\n14.30 h Nachmittagsimbiss, gefolgt von Abschlussgebet und Liedern<\/p>\n<p>ZUM VORMERKEN: WEITERE GEPLANTE FAMILY CAMP SUNDAYS!<br \/>\nSonntag 17. Juni -Kirchenpicknick | Sonntag, 11 November -Remembrance | Sonntag, 16 Dezember -Dritter Advent<\/p>\n<p><img loading=\"lazy\" decoding=\"async\" class=\"alignright size-medium wp-image-28068\" src=\"https:\/\/martinluther.ca\/wp-content\/uploads\/2018\/03\/2018-01-21-Family-Camp-Sunday-02-1200-300x225.jpg\" alt=\"2018-01-21 Family Camp Sunday\" width=\"300\" height=\"225\" \/><\/p>\n<p><img loading=\"lazy\" decoding=\"async\" class=\"alignleft size-medium wp-image-28069\" src=\"https:\/\/martinluther.ca\/wp-content\/uploads\/2018\/03\/2018-01-21-Family-Camp-Sunday-03-300x225.jpg\" alt=\"2018-01-21 Family Camp Sunday\" width=\"300\" height=\"225\" \/><\/p>\n","protected":false},"excerpt":{"rendered":"<p>Am zweiten Family Camp Sunday werden wir uns mit dem Thema Passion besch\u00e4ftigen. An Hand des Kreuzweges werden wir uns mit dem Leben, Leiden und Sterben Jesu Christi auseinander setzen. Auch wird es Raum daf\u00fcr geben, dar\u00fcber nachzudenken, worauf wir w\u00e4hrend der Passionszeit verzichten (k\u00f6nnten). Es gibt zuerst einen Gottesdienst, dann ein herzhaftes Winteressen zu&hellip;<\/p>\n","protected":false},"author":5,"featured_media":28059,"comment_status":"closed","ping_status":"closed","sticky":false,"template":"","format":"standard","meta":{"footnotes":""},"categories":[69],"tags":[],"post_series":[],"class_list":["post-28063","post","type-post","status-publish","format-standard","has-post-thumbnail","hentry","category-news-blog-german","entry","has-media"],"yoast_head":"<!-- This site is optimized with the Yoast SEO plugin v27.5 - https:\/\/yoast.com\/product\/yoast-seo-wordpress\/ -->\n<title>Familiencamp-Sonntag 18. M\u00e4rz 2018 - Martin Luther Evangelische Kirche Toronto<\/title>\n<meta name=\"robots\" content=\"index, follow, max-snippet:-1, max-image-preview:large, max-video-preview:-1\" \/>\n<link rel=\"canonical\" href=\"https:\/\/martinluther.ca\/de\/2018\/03\/familiencamp-sonntag-18-maerz-2018\/\" \/>\n<meta property=\"og:locale\" content=\"de_DE\" \/>\n<meta property=\"og:type\" content=\"article\" \/>\n<meta property=\"og:title\" content=\"Familiencamp-Sonntag 18. M\u00e4rz 2018 - Martin Luther Evangelische Kirche Toronto\" \/>\n<meta property=\"og:description\" content=\"Am zweiten Family Camp Sunday werden wir uns mit dem Thema Passion besch\u00e4ftigen. An Hand des Kreuzweges werden wir uns mit dem Leben, Leiden und Sterben Jesu Christi auseinander setzen. Auch wird es Raum daf\u00fcr geben, dar\u00fcber nachzudenken, worauf wir w\u00e4hrend der Passionszeit verzichten (k\u00f6nnten). Es gibt zuerst einen Gottesdienst, dann ein herzhaftes Winteressen zu&hellip;\" \/>\n<meta property=\"og:url\" content=\"https:\/\/martinluther.ca\/de\/2018\/03\/familiencamp-sonntag-18-maerz-2018\/\" \/>\n<meta property=\"og:site_name\" content=\"Martin Luther Evangelische Kirche Toronto\" \/>\n<meta property=\"article:publisher\" content=\"https:\/\/www.facebook.com\/martinlutherchurchtoronto\" \/>\n<meta property=\"article:published_time\" content=\"2018-03-11T17:11:27+00:00\" \/>\n<meta property=\"article:modified_time\" content=\"2018-03-21T19:26:12+00:00\" \/>\n<meta property=\"og:image\" content=\"https:\/\/martinluther.ca\/wp-content\/uploads\/2018\/03\/2018-01-21-Family-Camp-Sunday-1.jpg\" \/>\n\t<meta property=\"og:image:width\" content=\"1200\" \/>\n\t<meta property=\"og:image:height\" content=\"900\" \/>\n\t<meta property=\"og:image:type\" content=\"image\/jpeg\" \/>\n<meta name=\"author\" content=\"Jennifer\" \/>\n<meta name=\"twitter:card\" content=\"summary_large_image\" \/>\n<meta name=\"twitter:label1\" content=\"Verfasst von\" \/>\n\t<meta name=\"twitter:data1\" content=\"Jennifer\" \/>\n\t<meta name=\"twitter:label2\" content=\"Gesch\u00e4tzte Lesezeit\" \/>\n\t<meta name=\"twitter:data2\" content=\"1\u00a0Minute\" \/>\n<script type=\"application\/ld+json\" class=\"yoast-schema-graph\">{\"@context\":\"https:\\\/\\\/schema.org\",\"@graph\":[{\"@type\":\"Article\",\"@id\":\"https:\\\/\\\/martinluther.ca\\\/de\\\/2018\\\/03\\\/familiencamp-sonntag-18-maerz-2018\\\/#article\",\"isPartOf\":{\"@id\":\"https:\\\/\\\/martinluther.ca\\\/de\\\/2018\\\/03\\\/familiencamp-sonntag-18-maerz-2018\\\/\"},\"author\":{\"name\":\"Jennifer\",\"@id\":\"https:\\\/\\\/martinluther.ca\\\/de\\\/#\\\/schema\\\/person\\\/eb50c08cf31ee67c3b9d781067caf4b9\"},\"headline\":\"Familiencamp-Sonntag 18. M\u00e4rz 2018\",\"datePublished\":\"2018-03-11T17:11:27+00:00\",\"dateModified\":\"2018-03-21T19:26:12+00:00\",\"mainEntityOfPage\":{\"@id\":\"https:\\\/\\\/martinluther.ca\\\/de\\\/2018\\\/03\\\/familiencamp-sonntag-18-maerz-2018\\\/\"},\"wordCount\":142,\"publisher\":{\"@id\":\"https:\\\/\\\/martinluther.ca\\\/de\\\/#organization\"},\"image\":{\"@id\":\"https:\\\/\\\/martinluther.ca\\\/de\\\/2018\\\/03\\\/familiencamp-sonntag-18-maerz-2018\\\/#primaryimage\"},\"thumbnailUrl\":\"https:\\\/\\\/martinluther.ca\\\/wp-content\\\/uploads\\\/2018\\\/03\\\/2018-01-21-Family-Camp-Sunday-1.jpg\",\"articleSection\":[\"News Blog - German\"],\"inLanguage\":\"de\"},{\"@type\":\"WebPage\",\"@id\":\"https:\\\/\\\/martinluther.ca\\\/de\\\/2018\\\/03\\\/familiencamp-sonntag-18-maerz-2018\\\/\",\"url\":\"https:\\\/\\\/martinluther.ca\\\/de\\\/2018\\\/03\\\/familiencamp-sonntag-18-maerz-2018\\\/\",\"name\":\"Familiencamp-Sonntag 18. M\u00e4rz 2018 - Martin Luther Evangelische Kirche Toronto\",\"isPartOf\":{\"@id\":\"https:\\\/\\\/martinluther.ca\\\/de\\\/#website\"},\"primaryImageOfPage\":{\"@id\":\"https:\\\/\\\/martinluther.ca\\\/de\\\/2018\\\/03\\\/familiencamp-sonntag-18-maerz-2018\\\/#primaryimage\"},\"image\":{\"@id\":\"https:\\\/\\\/martinluther.ca\\\/de\\\/2018\\\/03\\\/familiencamp-sonntag-18-maerz-2018\\\/#primaryimage\"},\"thumbnailUrl\":\"https:\\\/\\\/martinluther.ca\\\/wp-content\\\/uploads\\\/2018\\\/03\\\/2018-01-21-Family-Camp-Sunday-1.jpg\",\"datePublished\":\"2018-03-11T17:11:27+00:00\",\"dateModified\":\"2018-03-21T19:26:12+00:00\",\"breadcrumb\":{\"@id\":\"https:\\\/\\\/martinluther.ca\\\/de\\\/2018\\\/03\\\/familiencamp-sonntag-18-maerz-2018\\\/#breadcrumb\"},\"inLanguage\":\"de\",\"potentialAction\":[{\"@type\":\"ReadAction\",\"target\":[\"https:\\\/\\\/martinluther.ca\\\/de\\\/2018\\\/03\\\/familiencamp-sonntag-18-maerz-2018\\\/\"]}]},{\"@type\":\"ImageObject\",\"inLanguage\":\"de\",\"@id\":\"https:\\\/\\\/martinluther.ca\\\/de\\\/2018\\\/03\\\/familiencamp-sonntag-18-maerz-2018\\\/#primaryimage\",\"url\":\"https:\\\/\\\/martinluther.ca\\\/wp-content\\\/uploads\\\/2018\\\/03\\\/2018-01-21-Family-Camp-Sunday-1.jpg\",\"contentUrl\":\"https:\\\/\\\/martinluther.ca\\\/wp-content\\\/uploads\\\/2018\\\/03\\\/2018-01-21-Family-Camp-Sunday-1.jpg\",\"width\":1200,\"height\":900},{\"@type\":\"BreadcrumbList\",\"@id\":\"https:\\\/\\\/martinluther.ca\\\/de\\\/2018\\\/03\\\/familiencamp-sonntag-18-maerz-2018\\\/#breadcrumb\",\"itemListElement\":[{\"@type\":\"ListItem\",\"position\":1,\"name\":\"Home\",\"item\":\"https:\\\/\\\/martinluther.ca\\\/de\\\/\"},{\"@type\":\"ListItem\",\"position\":2,\"name\":\"Familiencamp-Sonntag 18. M\u00e4rz 2018\"}]},{\"@type\":\"WebSite\",\"@id\":\"https:\\\/\\\/martinluther.ca\\\/de\\\/#website\",\"url\":\"https:\\\/\\\/martinluther.ca\\\/de\\\/\",\"name\":\"Martin Luther Evangelical Church Toronto\",\"description\":\"Deutsch &amp; Englisch\",\"publisher\":{\"@id\":\"https:\\\/\\\/martinluther.ca\\\/de\\\/#organization\"},\"potentialAction\":[{\"@type\":\"SearchAction\",\"target\":{\"@type\":\"EntryPoint\",\"urlTemplate\":\"https:\\\/\\\/martinluther.ca\\\/de\\\/?s={search_term_string}\"},\"query-input\":{\"@type\":\"PropertyValueSpecification\",\"valueRequired\":true,\"valueName\":\"search_term_string\"}}],\"inLanguage\":\"de\"},{\"@type\":\"Organization\",\"@id\":\"https:\\\/\\\/martinluther.ca\\\/de\\\/#organization\",\"name\":\"Martin Luther Evangelical Church Toronto\",\"url\":\"https:\\\/\\\/martinluther.ca\\\/de\\\/\",\"logo\":{\"@type\":\"ImageObject\",\"inLanguage\":\"de\",\"@id\":\"https:\\\/\\\/martinluther.ca\\\/de\\\/#\\\/schema\\\/logo\\\/image\\\/\",\"url\":\"https:\\\/\\\/martinluther.ca\\\/wp-content\\\/uploads\\\/2016\\\/12\\\/ml-logo-300.png\",\"contentUrl\":\"https:\\\/\\\/martinluther.ca\\\/wp-content\\\/uploads\\\/2016\\\/12\\\/ml-logo-300.png\",\"width\":300,\"height\":150,\"caption\":\"Martin Luther Evangelical Church Toronto\"},\"image\":{\"@id\":\"https:\\\/\\\/martinluther.ca\\\/de\\\/#\\\/schema\\\/logo\\\/image\\\/\"},\"sameAs\":[\"https:\\\/\\\/www.facebook.com\\\/martinlutherchurchtoronto\",\"https:\\\/\\\/www.instagram.com\\\/lutheransbythelake\\\/\",\"https:\\\/\\\/www.youtube.com\\\/MartinLutherChurchToronto\"]},{\"@type\":\"Person\",\"@id\":\"https:\\\/\\\/martinluther.ca\\\/de\\\/#\\\/schema\\\/person\\\/eb50c08cf31ee67c3b9d781067caf4b9\",\"name\":\"Jennifer\",\"image\":{\"@type\":\"ImageObject\",\"inLanguage\":\"de\",\"@id\":\"https:\\\/\\\/secure.gravatar.com\\\/avatar\\\/c9c3acbd96fd76dad82e681b009a30fc324708917332964027ac2e06f6a84c22?s=96&d=mm&r=g\",\"url\":\"https:\\\/\\\/secure.gravatar.com\\\/avatar\\\/c9c3acbd96fd76dad82e681b009a30fc324708917332964027ac2e06f6a84c22?s=96&d=mm&r=g\",\"contentUrl\":\"https:\\\/\\\/secure.gravatar.com\\\/avatar\\\/c9c3acbd96fd76dad82e681b009a30fc324708917332964027ac2e06f6a84c22?s=96&d=mm&r=g\",\"caption\":\"Jennifer\"},\"url\":false}]}<\/script>\n<!-- \/ Yoast SEO plugin. -->","yoast_head_json":{"title":"Familiencamp-Sonntag 18. M\u00e4rz 2018 - Martin Luther Evangelische Kirche Toronto","robots":{"index":"index","follow":"follow","max-snippet":"max-snippet:-1","max-image-preview":"max-image-preview:large","max-video-preview":"max-video-preview:-1"},"canonical":"https:\/\/martinluther.ca\/de\/2018\/03\/familiencamp-sonntag-18-maerz-2018\/","og_locale":"de_DE","og_type":"article","og_title":"Familiencamp-Sonntag 18. M\u00e4rz 2018 - Martin Luther Evangelische Kirche Toronto","og_description":"Am zweiten Family Camp Sunday werden wir uns mit dem Thema Passion besch\u00e4ftigen. An Hand des Kreuzweges werden wir uns mit dem Leben, Leiden und Sterben Jesu Christi auseinander setzen. Auch wird es Raum daf\u00fcr geben, dar\u00fcber nachzudenken, worauf wir w\u00e4hrend der Passionszeit verzichten (k\u00f6nnten). Es gibt zuerst einen Gottesdienst, dann ein herzhaftes Winteressen zu&hellip;","og_url":"https:\/\/martinluther.ca\/de\/2018\/03\/familiencamp-sonntag-18-maerz-2018\/","og_site_name":"Martin Luther Evangelische Kirche Toronto","article_publisher":"https:\/\/www.facebook.com\/martinlutherchurchtoronto","article_published_time":"2018-03-11T17:11:27+00:00","article_modified_time":"2018-03-21T19:26:12+00:00","og_image":[{"width":1200,"height":900,"url":"https:\/\/martinluther.ca\/wp-content\/uploads\/2018\/03\/2018-01-21-Family-Camp-Sunday-1.jpg","type":"image\/jpeg"}],"author":"Jennifer","twitter_card":"summary_large_image","twitter_misc":{"Verfasst von":"Jennifer","Gesch\u00e4tzte Lesezeit":"1\u00a0Minute"},"schema":{"@context":"https:\/\/schema.org","@graph":[{"@type":"Article","@id":"https:\/\/martinluther.ca\/de\/2018\/03\/familiencamp-sonntag-18-maerz-2018\/#article","isPartOf":{"@id":"https:\/\/martinluther.ca\/de\/2018\/03\/familiencamp-sonntag-18-maerz-2018\/"},"author":{"name":"Jennifer","@id":"https:\/\/martinluther.ca\/de\/#\/schema\/person\/eb50c08cf31ee67c3b9d781067caf4b9"},"headline":"Familiencamp-Sonntag 18. M\u00e4rz 2018","datePublished":"2018-03-11T17:11:27+00:00","dateModified":"2018-03-21T19:26:12+00:00","mainEntityOfPage":{"@id":"https:\/\/martinluther.ca\/de\/2018\/03\/familiencamp-sonntag-18-maerz-2018\/"},"wordCount":142,"publisher":{"@id":"https:\/\/martinluther.ca\/de\/#organization"},"image":{"@id":"https:\/\/martinluther.ca\/de\/2018\/03\/familiencamp-sonntag-18-maerz-2018\/#primaryimage"},"thumbnailUrl":"https:\/\/martinluther.ca\/wp-content\/uploads\/2018\/03\/2018-01-21-Family-Camp-Sunday-1.jpg","articleSection":["News Blog - German"],"inLanguage":"de"},{"@type":"WebPage","@id":"https:\/\/martinluther.ca\/de\/2018\/03\/familiencamp-sonntag-18-maerz-2018\/","url":"https:\/\/martinluther.ca\/de\/2018\/03\/familiencamp-sonntag-18-maerz-2018\/","name":"Familiencamp-Sonntag 18. M\u00e4rz 2018 - Martin Luther Evangelische Kirche Toronto","isPartOf":{"@id":"https:\/\/martinluther.ca\/de\/#website"},"primaryImageOfPage":{"@id":"https:\/\/martinluther.ca\/de\/2018\/03\/familiencamp-sonntag-18-maerz-2018\/#primaryimage"},"image":{"@id":"https:\/\/martinluther.ca\/de\/2018\/03\/familiencamp-sonntag-18-maerz-2018\/#primaryimage"},"thumbnailUrl":"https:\/\/martinluther.ca\/wp-content\/uploads\/2018\/03\/2018-01-21-Family-Camp-Sunday-1.jpg","datePublished":"2018-03-11T17:11:27+00:00","dateModified":"2018-03-21T19:26:12+00:00","breadcrumb":{"@id":"https:\/\/martinluther.ca\/de\/2018\/03\/familiencamp-sonntag-18-maerz-2018\/#breadcrumb"},"inLanguage":"de","potentialAction":[{"@type":"ReadAction","target":["https:\/\/martinluther.ca\/de\/2018\/03\/familiencamp-sonntag-18-maerz-2018\/"]}]},{"@type":"ImageObject","inLanguage":"de","@id":"https:\/\/martinluther.ca\/de\/2018\/03\/familiencamp-sonntag-18-maerz-2018\/#primaryimage","url":"https:\/\/martinluther.ca\/wp-content\/uploads\/2018\/03\/2018-01-21-Family-Camp-Sunday-1.jpg","contentUrl":"https:\/\/martinluther.ca\/wp-content\/uploads\/2018\/03\/2018-01-21-Family-Camp-Sunday-1.jpg","width":1200,"height":900},{"@type":"BreadcrumbList","@id":"https:\/\/martinluther.ca\/de\/2018\/03\/familiencamp-sonntag-18-maerz-2018\/#breadcrumb","itemListElement":[{"@type":"ListItem","position":1,"name":"Home","item":"https:\/\/martinluther.ca\/de\/"},{"@type":"ListItem","position":2,"name":"Familiencamp-Sonntag 18. M\u00e4rz 2018"}]},{"@type":"WebSite","@id":"https:\/\/martinluther.ca\/de\/#website","url":"https:\/\/martinluther.ca\/de\/","name":"Martin Luther Evangelical Church Toronto","description":"Deutsch &amp; Englisch","publisher":{"@id":"https:\/\/martinluther.ca\/de\/#organization"},"potentialAction":[{"@type":"SearchAction","target":{"@type":"EntryPoint","urlTemplate":"https:\/\/martinluther.ca\/de\/?s={search_term_string}"},"query-input":{"@type":"PropertyValueSpecification","valueRequired":true,"valueName":"search_term_string"}}],"inLanguage":"de"},{"@type":"Organization","@id":"https:\/\/martinluther.ca\/de\/#organization","name":"Martin Luther Evangelical Church Toronto","url":"https:\/\/martinluther.ca\/de\/","logo":{"@type":"ImageObject","inLanguage":"de","@id":"https:\/\/martinluther.ca\/de\/#\/schema\/logo\/image\/","url":"https:\/\/martinluther.ca\/wp-content\/uploads\/2016\/12\/ml-logo-300.png","contentUrl":"https:\/\/martinluther.ca\/wp-content\/uploads\/2016\/12\/ml-logo-300.png","width":300,"height":150,"caption":"Martin Luther Evangelical Church Toronto"},"image":{"@id":"https:\/\/martinluther.ca\/de\/#\/schema\/logo\/image\/"},"sameAs":["https:\/\/www.facebook.com\/martinlutherchurchtoronto","https:\/\/www.instagram.com\/lutheransbythelake\/","https:\/\/www.youtube.com\/MartinLutherChurchToronto"]},{"@type":"Person","@id":"https:\/\/martinluther.ca\/de\/#\/schema\/person\/eb50c08cf31ee67c3b9d781067caf4b9","name":"Jennifer","image":{"@type":"ImageObject","inLanguage":"de","@id":"https:\/\/secure.gravatar.com\/avatar\/c9c3acbd96fd76dad82e681b009a30fc324708917332964027ac2e06f6a84c22?s=96&d=mm&r=g","url":"https:\/\/secure.gravatar.com\/avatar\/c9c3acbd96fd76dad82e681b009a30fc324708917332964027ac2e06f6a84c22?s=96&d=mm&r=g","contentUrl":"https:\/\/secure.gravatar.com\/avatar\/c9c3acbd96fd76dad82e681b009a30fc324708917332964027ac2e06f6a84c22?s=96&d=mm&r=g","caption":"Jennifer"},"url":false}]}},"_links":{"self":[{"href":"https:\/\/martinluther.ca\/de\/wp-json\/wp\/v2\/posts\/28063","targetHints":{"allow":["GET"]}}],"collection":[{"href":"https:\/\/martinluther.ca\/de\/wp-json\/wp\/v2\/posts"}],"about":[{"href":"https:\/\/martinluther.ca\/de\/wp-json\/wp\/v2\/types\/post"}],"author":[{"embeddable":true,"href":"https:\/\/martinluther.ca\/de\/wp-json\/wp\/v2\/users\/5"}],"replies":[{"embeddable":true,"href":"https:\/\/martinluther.ca\/de\/wp-json\/wp\/v2\/comments?post=28063"}],"version-history":[{"count":4,"href":"https:\/\/martinluther.ca\/de\/wp-json\/wp\/v2\/posts\/28063\/revisions"}],"predecessor-version":[{"id":28081,"href":"https:\/\/martinluther.ca\/de\/wp-json\/wp\/v2\/posts\/28063\/revisions\/28081"}],"wp:featuredmedia":[{"embeddable":true,"href":"https:\/\/martinluther.ca\/de\/wp-json\/wp\/v2\/media\/28059"}],"wp:attachment":[{"href":"https:\/\/martinluther.ca\/de\/wp-json\/wp\/v2\/media?parent=28063"}],"wp:term":[{"taxonomy":"category","embeddable":true,"href":"https:\/\/martinluther.ca\/de\/wp-json\/wp\/v2\/categories?post=28063"},{"taxonomy":"post_tag","embeddable":true,"href":"https:\/\/martinluther.ca\/de\/wp-json\/wp\/v2\/tags?post=28063"},{"taxonomy":"post_series","embeddable":true,"href":"https:\/\/martinluther.ca\/de\/wp-json\/wp\/v2\/post_series?post=28063"}],"curies":[{"name":"wp","href":"https:\/\/api.w.org\/{rel}","templated":true}]}}