{"id":28068,"date":"2018-03-20T20:17:19","date_gmt":"2018-03-21T00:17:19","guid":{"rendered":"https:\/\/martinluther.ca\/?p=28068"},"modified":"2018-03-23T23:19:03","modified_gmt":"2018-03-24T03:19:03","slug":"die-karwoche-und-die-ostertage","status":"publish","type":"post","link":"https:\/\/martinluther.ca\/de\/2018\/03\/die-karwoche-und-die-ostertage\/","title":{"rendered":"Die Karwoche und die Ostertage 2018"},"content":{"rendered":"<p><img loading=\"lazy\" decoding=\"async\" class=\"alignright size-medium wp-image-28070\" src=\"https:\/\/martinluther.ca\/wp-content\/uploads\/2018\/03\/Location-of-Easter-Sunrise-Service-277x300.png\" alt=\"Location of Easter Sunrise Service\" width=\"277\" height=\"300\" srcset=\"https:\/\/martinluther.ca\/wp-content\/uploads\/2018\/03\/Location-of-Easter-Sunrise-Service-277x300.png 277w, https:\/\/martinluther.ca\/wp-content\/uploads\/2018\/03\/Location-of-Easter-Sunrise-Service.png 644w\" sizes=\"auto, (max-width: 277px) 100vw, 277px\" \/>Die Karwoche und die Ostertage werden wir als H\u00f6hepunkt des Kirchenjahres intensiv feiern. Damit Sie Ihre Zeit entsprechend planen k\u00f6nnen, hier alle Gottesdiensttermine auf einen Blick:<\/p>\n<p>&nbsp;<\/p>\n<p><strong>\u2022 Palmsonntag, 25. M\u00e4rz 2018:<\/strong><br \/>\n9.45 Uhr Englischer Gottesdienst<br \/>\n11.00 Uhr Deutscher Gottesdienst mit den <strong>Harfent\u00f6ne -Chor<\/strong><br \/>\n<em>(Wir suchen Freiwilige f\u00fcr den Auf- und Abbau des Empfangs und bitten um Salat, Obst und Dessertspenden. Bitte nehmen Sie vorher Kontakt mit Kirchenburo <a href=\"mailto:churchoffice@martinluther.ca\" target=\"_blank\" rel=\"noopener\">churchoffice@martinluther.ca<\/a> 416-251-8293)<\/em><\/p>\n<p><strong>\u2022 Mittwoch, 28. M\u00e4rz:<\/strong><br \/>\n19.00 Uhr Englischer Passions-Gottesdienst<\/p>\n<p><strong>\u2022 Gr\u00fcndonnerstag, 29. M\u00e4rz:<\/strong><br \/>\n19.00 Uhr Englischer Gottesdienst m. Hl. Abendmahl (als Tisch-Abendmahl)<br \/>\n<em>(Potluck. Wir w\u00fcrden uns \u00fcber Essensspenden freuen.)<\/em><\/p>\n<p><strong>\u2022 Karfreitag, 30. M\u00e4rz:<\/strong><br \/>\n<img loading=\"lazy\" decoding=\"async\" class=\"alignright size-medium wp-image-28071\" src=\"https:\/\/martinluther.ca\/wp-content\/uploads\/2018\/03\/2017-Good-Friday-6-3-4-1200-300x224.jpg\" alt=\"Good Friday cross in sanctuary\" width=\"300\" height=\"224\" srcset=\"https:\/\/martinluther.ca\/wp-content\/uploads\/2018\/03\/2017-Good-Friday-6-3-4-1200-300x224.jpg 300w, https:\/\/martinluther.ca\/wp-content\/uploads\/2018\/03\/2017-Good-Friday-6-3-4-1200-768x574.jpg 768w, https:\/\/martinluther.ca\/wp-content\/uploads\/2018\/03\/2017-Good-Friday-6-3-4-1200-1024x765.jpg 1024w, https:\/\/martinluther.ca\/wp-content\/uploads\/2018\/03\/2017-Good-Friday-6-3-4-1200.jpg 1200w\" sizes=\"auto, (max-width: 300px) 100vw, 300px\" \/>9.45 Uhr Englischer Gottesdienst. Mit Hl. Abendmahl<br \/>\n11.00 Uhr\u00a0Deutscher Gottesdienst. Mit Hl. Abendmahl<br \/>\nBeide Gottesdienste mit Kirchenchor und mit Kindergottesdienst<\/p>\n<p><strong>\u2022 Ostersonntag, 1. April:<\/strong><br \/>\n6.30 Uhr Osterfr\u00fchgottesdienst im Humber Bay Park West, Anschl. Osterfr\u00fchst\u00fcck in der Kirche.\u00a0<em>(Die Vorbereitungen f\u00fcr das Osterfr\u00fchst\u00fcck werden von Dan Sommerfeld koordiniert. Kulinarische Beitr\u00e4ge sind jederzeit willkommen. Bitte nehmen Sie vorher Kontakt mit Dan auf: Tel: 905-274-6602.)<\/em><\/p>\n<p><strong>10.00 Uhr<\/strong> Osterfestgottesdienst in Englisch und Deutsch. Mit Hl. Abendmahl, Kirchenchor, <strong>Kindergottesdienst <\/strong>und Einf\u00fchrung des neuen Kirchenvorstandes.<\/p>\n<p><img loading=\"lazy\" decoding=\"async\" class=\"alignright wp-image-28072 size-medium\" src=\"https:\/\/martinluther.ca\/wp-content\/uploads\/2018\/03\/2017-Easter-32-3-4-1200-300x225.jpg\" alt=\"\" width=\"300\" height=\"225\" srcset=\"https:\/\/martinluther.ca\/wp-content\/uploads\/2018\/03\/2017-Easter-32-3-4-1200-300x225.jpg 300w, https:\/\/martinluther.ca\/wp-content\/uploads\/2018\/03\/2017-Easter-32-3-4-1200-768x575.jpg 768w, https:\/\/martinluther.ca\/wp-content\/uploads\/2018\/03\/2017-Easter-32-3-4-1200-1024x767.jpg 1024w, https:\/\/martinluther.ca\/wp-content\/uploads\/2018\/03\/2017-Easter-32-3-4-1200.jpg 1200w\" sizes=\"auto, (max-width: 300px) 100vw, 300px\" \/><\/p>\n","protected":false},"excerpt":{"rendered":"<p>Die Karwoche und die Ostertage werden wir als H\u00f6hepunkt des Kirchenjahres intensiv feiern. Damit Sie Ihre Zeit entsprechend planen k\u00f6nnen, hier alle Gottesdiensttermine auf einen Blick: &nbsp; \u2022 Palmsonntag, 25. M\u00e4rz 2018: 9.45 Uhr Englischer Gottesdienst 11.00 Uhr Deutscher Gottesdienst mit den Harfent\u00f6ne -Chor (Wir suchen Freiwilige f\u00fcr den Auf- und Abbau des Empfangs und&hellip;<\/p>\n","protected":false},"author":9,"featured_media":28070,"comment_status":"closed","ping_status":"closed","sticky":false,"template":"","format":"standard","meta":{"footnotes":""},"categories":[69],"tags":[],"post_series":[],"class_list":["post-28068","post","type-post","status-publish","format-standard","has-post-thumbnail","hentry","category-news-blog-german","entry","has-media"],"yoast_head":"<!-- This site is optimized with the Yoast SEO plugin v27.5 - https:\/\/yoast.com\/product\/yoast-seo-wordpress\/ -->\n<title>Die Karwoche und die Ostertage 2018 - Martin Luther Evangelische Kirche Toronto<\/title>\n<meta name=\"robots\" content=\"index, follow, max-snippet:-1, max-image-preview:large, max-video-preview:-1\" \/>\n<link rel=\"canonical\" href=\"https:\/\/martinluther.ca\/de\/2018\/03\/die-karwoche-und-die-ostertage\/\" \/>\n<meta property=\"og:locale\" content=\"de_DE\" \/>\n<meta property=\"og:type\" content=\"article\" \/>\n<meta property=\"og:title\" content=\"Die Karwoche und die Ostertage 2018 - Martin Luther Evangelische Kirche Toronto\" \/>\n<meta property=\"og:description\" content=\"Die Karwoche und die Ostertage werden wir als H\u00f6hepunkt des Kirchenjahres intensiv feiern. Damit Sie Ihre Zeit entsprechend planen k\u00f6nnen, hier alle Gottesdiensttermine auf einen Blick: &nbsp; \u2022 Palmsonntag, 25. M\u00e4rz 2018: 9.45 Uhr Englischer Gottesdienst 11.00 Uhr Deutscher Gottesdienst mit den Harfent\u00f6ne -Chor (Wir suchen Freiwilige f\u00fcr den Auf- und Abbau des Empfangs und&hellip;\" \/>\n<meta property=\"og:url\" content=\"https:\/\/martinluther.ca\/de\/2018\/03\/die-karwoche-und-die-ostertage\/\" \/>\n<meta property=\"og:site_name\" content=\"Martin Luther Evangelische Kirche Toronto\" \/>\n<meta property=\"article:publisher\" content=\"https:\/\/www.facebook.com\/martinlutherchurchtoronto\" \/>\n<meta property=\"article:published_time\" content=\"2018-03-21T00:17:19+00:00\" \/>\n<meta property=\"article:modified_time\" content=\"2018-03-24T03:19:03+00:00\" \/>\n<meta property=\"og:image\" content=\"https:\/\/martinluther.ca\/wp-content\/uploads\/2018\/03\/Location-of-Easter-Sunrise-Service.png\" \/>\n\t<meta property=\"og:image:width\" content=\"644\" \/>\n\t<meta property=\"og:image:height\" content=\"697\" \/>\n\t<meta property=\"og:image:type\" content=\"image\/png\" \/>\n<meta name=\"author\" content=\"Mona Kakoschke Frantzke\" \/>\n<meta name=\"twitter:card\" content=\"summary_large_image\" \/>\n<meta name=\"twitter:label1\" content=\"Verfasst von\" \/>\n\t<meta name=\"twitter:data1\" content=\"Mona Kakoschke Frantzke\" \/>\n\t<meta name=\"twitter:label2\" content=\"Gesch\u00e4tzte Lesezeit\" \/>\n\t<meta name=\"twitter:data2\" content=\"1\u00a0Minute\" \/>\n<script type=\"application\/ld+json\" class=\"yoast-schema-graph\">{\"@context\":\"https:\\\/\\\/schema.org\",\"@graph\":[{\"@type\":\"Article\",\"@id\":\"https:\\\/\\\/martinluther.ca\\\/de\\\/2018\\\/03\\\/die-karwoche-und-die-ostertage\\\/#article\",\"isPartOf\":{\"@id\":\"https:\\\/\\\/martinluther.ca\\\/de\\\/2018\\\/03\\\/die-karwoche-und-die-ostertage\\\/\"},\"author\":{\"name\":\"Mona Kakoschke Frantzke\",\"@id\":\"https:\\\/\\\/martinluther.ca\\\/de\\\/#\\\/schema\\\/person\\\/815c51710f70b050f0476f18da6b0c8f\"},\"headline\":\"Die Karwoche und die Ostertage 2018\",\"datePublished\":\"2018-03-21T00:17:19+00:00\",\"dateModified\":\"2018-03-24T03:19:03+00:00\",\"mainEntityOfPage\":{\"@id\":\"https:\\\/\\\/martinluther.ca\\\/de\\\/2018\\\/03\\\/die-karwoche-und-die-ostertage\\\/\"},\"wordCount\":190,\"publisher\":{\"@id\":\"https:\\\/\\\/martinluther.ca\\\/de\\\/#organization\"},\"image\":{\"@id\":\"https:\\\/\\\/martinluther.ca\\\/de\\\/2018\\\/03\\\/die-karwoche-und-die-ostertage\\\/#primaryimage\"},\"thumbnailUrl\":\"https:\\\/\\\/martinluther.ca\\\/wp-content\\\/uploads\\\/2018\\\/03\\\/Location-of-Easter-Sunrise-Service.png\",\"articleSection\":[\"News Blog - German\"],\"inLanguage\":\"de\"},{\"@type\":\"WebPage\",\"@id\":\"https:\\\/\\\/martinluther.ca\\\/de\\\/2018\\\/03\\\/die-karwoche-und-die-ostertage\\\/\",\"url\":\"https:\\\/\\\/martinluther.ca\\\/de\\\/2018\\\/03\\\/die-karwoche-und-die-ostertage\\\/\",\"name\":\"Die Karwoche und die Ostertage 2018 - Martin Luther Evangelische Kirche Toronto\",\"isPartOf\":{\"@id\":\"https:\\\/\\\/martinluther.ca\\\/de\\\/#website\"},\"primaryImageOfPage\":{\"@id\":\"https:\\\/\\\/martinluther.ca\\\/de\\\/2018\\\/03\\\/die-karwoche-und-die-ostertage\\\/#primaryimage\"},\"image\":{\"@id\":\"https:\\\/\\\/martinluther.ca\\\/de\\\/2018\\\/03\\\/die-karwoche-und-die-ostertage\\\/#primaryimage\"},\"thumbnailUrl\":\"https:\\\/\\\/martinluther.ca\\\/wp-content\\\/uploads\\\/2018\\\/03\\\/Location-of-Easter-Sunrise-Service.png\",\"datePublished\":\"2018-03-21T00:17:19+00:00\",\"dateModified\":\"2018-03-24T03:19:03+00:00\",\"breadcrumb\":{\"@id\":\"https:\\\/\\\/martinluther.ca\\\/de\\\/2018\\\/03\\\/die-karwoche-und-die-ostertage\\\/#breadcrumb\"},\"inLanguage\":\"de\",\"potentialAction\":[{\"@type\":\"ReadAction\",\"target\":[\"https:\\\/\\\/martinluther.ca\\\/de\\\/2018\\\/03\\\/die-karwoche-und-die-ostertage\\\/\"]}]},{\"@type\":\"ImageObject\",\"inLanguage\":\"de\",\"@id\":\"https:\\\/\\\/martinluther.ca\\\/de\\\/2018\\\/03\\\/die-karwoche-und-die-ostertage\\\/#primaryimage\",\"url\":\"https:\\\/\\\/martinluther.ca\\\/wp-content\\\/uploads\\\/2018\\\/03\\\/Location-of-Easter-Sunrise-Service.png\",\"contentUrl\":\"https:\\\/\\\/martinluther.ca\\\/wp-content\\\/uploads\\\/2018\\\/03\\\/Location-of-Easter-Sunrise-Service.png\",\"width\":644,\"height\":697,\"caption\":\"Location of Easter Sunrise Service\"},{\"@type\":\"BreadcrumbList\",\"@id\":\"https:\\\/\\\/martinluther.ca\\\/de\\\/2018\\\/03\\\/die-karwoche-und-die-ostertage\\\/#breadcrumb\",\"itemListElement\":[{\"@type\":\"ListItem\",\"position\":1,\"name\":\"Home\",\"item\":\"https:\\\/\\\/martinluther.ca\\\/de\\\/\"},{\"@type\":\"ListItem\",\"position\":2,\"name\":\"Die Karwoche und die Ostertage 2018\"}]},{\"@type\":\"WebSite\",\"@id\":\"https:\\\/\\\/martinluther.ca\\\/de\\\/#website\",\"url\":\"https:\\\/\\\/martinluther.ca\\\/de\\\/\",\"name\":\"Martin Luther Evangelical Church Toronto\",\"description\":\"Deutsch &amp; Englisch\",\"publisher\":{\"@id\":\"https:\\\/\\\/martinluther.ca\\\/de\\\/#organization\"},\"potentialAction\":[{\"@type\":\"SearchAction\",\"target\":{\"@type\":\"EntryPoint\",\"urlTemplate\":\"https:\\\/\\\/martinluther.ca\\\/de\\\/?s={search_term_string}\"},\"query-input\":{\"@type\":\"PropertyValueSpecification\",\"valueRequired\":true,\"valueName\":\"search_term_string\"}}],\"inLanguage\":\"de\"},{\"@type\":\"Organization\",\"@id\":\"https:\\\/\\\/martinluther.ca\\\/de\\\/#organization\",\"name\":\"Martin Luther Evangelical Church Toronto\",\"url\":\"https:\\\/\\\/martinluther.ca\\\/de\\\/\",\"logo\":{\"@type\":\"ImageObject\",\"inLanguage\":\"de\",\"@id\":\"https:\\\/\\\/martinluther.ca\\\/de\\\/#\\\/schema\\\/logo\\\/image\\\/\",\"url\":\"https:\\\/\\\/martinluther.ca\\\/wp-content\\\/uploads\\\/2016\\\/12\\\/ml-logo-300.png\",\"contentUrl\":\"https:\\\/\\\/martinluther.ca\\\/wp-content\\\/uploads\\\/2016\\\/12\\\/ml-logo-300.png\",\"width\":300,\"height\":150,\"caption\":\"Martin Luther Evangelical Church Toronto\"},\"image\":{\"@id\":\"https:\\\/\\\/martinluther.ca\\\/de\\\/#\\\/schema\\\/logo\\\/image\\\/\"},\"sameAs\":[\"https:\\\/\\\/www.facebook.com\\\/martinlutherchurchtoronto\",\"https:\\\/\\\/www.instagram.com\\\/lutheransbythelake\\\/\",\"https:\\\/\\\/www.youtube.com\\\/MartinLutherChurchToronto\"]},{\"@type\":\"Person\",\"@id\":\"https:\\\/\\\/martinluther.ca\\\/de\\\/#\\\/schema\\\/person\\\/815c51710f70b050f0476f18da6b0c8f\",\"name\":\"Mona Kakoschke Frantzke\",\"image\":{\"@type\":\"ImageObject\",\"inLanguage\":\"de\",\"@id\":\"https:\\\/\\\/secure.gravatar.com\\\/avatar\\\/0deb16854ca545cd2e9fc8001ca110d262b80d5c8317b38dc542265fbea0ed19?s=96&d=mm&r=g\",\"url\":\"https:\\\/\\\/secure.gravatar.com\\\/avatar\\\/0deb16854ca545cd2e9fc8001ca110d262b80d5c8317b38dc542265fbea0ed19?s=96&d=mm&r=g\",\"contentUrl\":\"https:\\\/\\\/secure.gravatar.com\\\/avatar\\\/0deb16854ca545cd2e9fc8001ca110d262b80d5c8317b38dc542265fbea0ed19?s=96&d=mm&r=g\",\"caption\":\"Mona Kakoschke Frantzke\"},\"url\":false}]}<\/script>\n<!-- \/ Yoast SEO plugin. -->","yoast_head_json":{"title":"Die Karwoche und die Ostertage 2018 - Martin Luther Evangelische Kirche Toronto","robots":{"index":"index","follow":"follow","max-snippet":"max-snippet:-1","max-image-preview":"max-image-preview:large","max-video-preview":"max-video-preview:-1"},"canonical":"https:\/\/martinluther.ca\/de\/2018\/03\/die-karwoche-und-die-ostertage\/","og_locale":"de_DE","og_type":"article","og_title":"Die Karwoche und die Ostertage 2018 - Martin Luther Evangelische Kirche Toronto","og_description":"Die Karwoche und die Ostertage werden wir als H\u00f6hepunkt des Kirchenjahres intensiv feiern. Damit Sie Ihre Zeit entsprechend planen k\u00f6nnen, hier alle Gottesdiensttermine auf einen Blick: &nbsp; \u2022 Palmsonntag, 25. M\u00e4rz 2018: 9.45 Uhr Englischer Gottesdienst 11.00 Uhr Deutscher Gottesdienst mit den Harfent\u00f6ne -Chor (Wir suchen Freiwilige f\u00fcr den Auf- und Abbau des Empfangs und&hellip;","og_url":"https:\/\/martinluther.ca\/de\/2018\/03\/die-karwoche-und-die-ostertage\/","og_site_name":"Martin Luther Evangelische Kirche Toronto","article_publisher":"https:\/\/www.facebook.com\/martinlutherchurchtoronto","article_published_time":"2018-03-21T00:17:19+00:00","article_modified_time":"2018-03-24T03:19:03+00:00","og_image":[{"width":644,"height":697,"url":"https:\/\/martinluther.ca\/wp-content\/uploads\/2018\/03\/Location-of-Easter-Sunrise-Service.png","type":"image\/png"}],"author":"Mona Kakoschke Frantzke","twitter_card":"summary_large_image","twitter_misc":{"Verfasst von":"Mona Kakoschke Frantzke","Gesch\u00e4tzte Lesezeit":"1\u00a0Minute"},"schema":{"@context":"https:\/\/schema.org","@graph":[{"@type":"Article","@id":"https:\/\/martinluther.ca\/de\/2018\/03\/die-karwoche-und-die-ostertage\/#article","isPartOf":{"@id":"https:\/\/martinluther.ca\/de\/2018\/03\/die-karwoche-und-die-ostertage\/"},"author":{"name":"Mona Kakoschke Frantzke","@id":"https:\/\/martinluther.ca\/de\/#\/schema\/person\/815c51710f70b050f0476f18da6b0c8f"},"headline":"Die Karwoche und die Ostertage 2018","datePublished":"2018-03-21T00:17:19+00:00","dateModified":"2018-03-24T03:19:03+00:00","mainEntityOfPage":{"@id":"https:\/\/martinluther.ca\/de\/2018\/03\/die-karwoche-und-die-ostertage\/"},"wordCount":190,"publisher":{"@id":"https:\/\/martinluther.ca\/de\/#organization"},"image":{"@id":"https:\/\/martinluther.ca\/de\/2018\/03\/die-karwoche-und-die-ostertage\/#primaryimage"},"thumbnailUrl":"https:\/\/martinluther.ca\/wp-content\/uploads\/2018\/03\/Location-of-Easter-Sunrise-Service.png","articleSection":["News Blog - German"],"inLanguage":"de"},{"@type":"WebPage","@id":"https:\/\/martinluther.ca\/de\/2018\/03\/die-karwoche-und-die-ostertage\/","url":"https:\/\/martinluther.ca\/de\/2018\/03\/die-karwoche-und-die-ostertage\/","name":"Die Karwoche und die Ostertage 2018 - Martin Luther Evangelische Kirche Toronto","isPartOf":{"@id":"https:\/\/martinluther.ca\/de\/#website"},"primaryImageOfPage":{"@id":"https:\/\/martinluther.ca\/de\/2018\/03\/die-karwoche-und-die-ostertage\/#primaryimage"},"image":{"@id":"https:\/\/martinluther.ca\/de\/2018\/03\/die-karwoche-und-die-ostertage\/#primaryimage"},"thumbnailUrl":"https:\/\/martinluther.ca\/wp-content\/uploads\/2018\/03\/Location-of-Easter-Sunrise-Service.png","datePublished":"2018-03-21T00:17:19+00:00","dateModified":"2018-03-24T03:19:03+00:00","breadcrumb":{"@id":"https:\/\/martinluther.ca\/de\/2018\/03\/die-karwoche-und-die-ostertage\/#breadcrumb"},"inLanguage":"de","potentialAction":[{"@type":"ReadAction","target":["https:\/\/martinluther.ca\/de\/2018\/03\/die-karwoche-und-die-ostertage\/"]}]},{"@type":"ImageObject","inLanguage":"de","@id":"https:\/\/martinluther.ca\/de\/2018\/03\/die-karwoche-und-die-ostertage\/#primaryimage","url":"https:\/\/martinluther.ca\/wp-content\/uploads\/2018\/03\/Location-of-Easter-Sunrise-Service.png","contentUrl":"https:\/\/martinluther.ca\/wp-content\/uploads\/2018\/03\/Location-of-Easter-Sunrise-Service.png","width":644,"height":697,"caption":"Location of Easter Sunrise Service"},{"@type":"BreadcrumbList","@id":"https:\/\/martinluther.ca\/de\/2018\/03\/die-karwoche-und-die-ostertage\/#breadcrumb","itemListElement":[{"@type":"ListItem","position":1,"name":"Home","item":"https:\/\/martinluther.ca\/de\/"},{"@type":"ListItem","position":2,"name":"Die Karwoche und die Ostertage 2018"}]},{"@type":"WebSite","@id":"https:\/\/martinluther.ca\/de\/#website","url":"https:\/\/martinluther.ca\/de\/","name":"Martin Luther Evangelical Church Toronto","description":"Deutsch &amp; Englisch","publisher":{"@id":"https:\/\/martinluther.ca\/de\/#organization"},"potentialAction":[{"@type":"SearchAction","target":{"@type":"EntryPoint","urlTemplate":"https:\/\/martinluther.ca\/de\/?s={search_term_string}"},"query-input":{"@type":"PropertyValueSpecification","valueRequired":true,"valueName":"search_term_string"}}],"inLanguage":"de"},{"@type":"Organization","@id":"https:\/\/martinluther.ca\/de\/#organization","name":"Martin Luther Evangelical Church Toronto","url":"https:\/\/martinluther.ca\/de\/","logo":{"@type":"ImageObject","inLanguage":"de","@id":"https:\/\/martinluther.ca\/de\/#\/schema\/logo\/image\/","url":"https:\/\/martinluther.ca\/wp-content\/uploads\/2016\/12\/ml-logo-300.png","contentUrl":"https:\/\/martinluther.ca\/wp-content\/uploads\/2016\/12\/ml-logo-300.png","width":300,"height":150,"caption":"Martin Luther Evangelical Church Toronto"},"image":{"@id":"https:\/\/martinluther.ca\/de\/#\/schema\/logo\/image\/"},"sameAs":["https:\/\/www.facebook.com\/martinlutherchurchtoronto","https:\/\/www.instagram.com\/lutheransbythelake\/","https:\/\/www.youtube.com\/MartinLutherChurchToronto"]},{"@type":"Person","@id":"https:\/\/martinluther.ca\/de\/#\/schema\/person\/815c51710f70b050f0476f18da6b0c8f","name":"Mona Kakoschke Frantzke","image":{"@type":"ImageObject","inLanguage":"de","@id":"https:\/\/secure.gravatar.com\/avatar\/0deb16854ca545cd2e9fc8001ca110d262b80d5c8317b38dc542265fbea0ed19?s=96&d=mm&r=g","url":"https:\/\/secure.gravatar.com\/avatar\/0deb16854ca545cd2e9fc8001ca110d262b80d5c8317b38dc542265fbea0ed19?s=96&d=mm&r=g","contentUrl":"https:\/\/secure.gravatar.com\/avatar\/0deb16854ca545cd2e9fc8001ca110d262b80d5c8317b38dc542265fbea0ed19?s=96&d=mm&r=g","caption":"Mona Kakoschke Frantzke"},"url":false}]}},"_links":{"self":[{"href":"https:\/\/martinluther.ca\/de\/wp-json\/wp\/v2\/posts\/28068","targetHints":{"allow":["GET"]}}],"collection":[{"href":"https:\/\/martinluther.ca\/de\/wp-json\/wp\/v2\/posts"}],"about":[{"href":"https:\/\/martinluther.ca\/de\/wp-json\/wp\/v2\/types\/post"}],"author":[{"embeddable":true,"href":"https:\/\/martinluther.ca\/de\/wp-json\/wp\/v2\/users\/9"}],"replies":[{"embeddable":true,"href":"https:\/\/martinluther.ca\/de\/wp-json\/wp\/v2\/comments?post=28068"}],"version-history":[{"count":5,"href":"https:\/\/martinluther.ca\/de\/wp-json\/wp\/v2\/posts\/28068\/revisions"}],"predecessor-version":[{"id":28132,"href":"https:\/\/martinluther.ca\/de\/wp-json\/wp\/v2\/posts\/28068\/revisions\/28132"}],"wp:featuredmedia":[{"embeddable":true,"href":"https:\/\/martinluther.ca\/de\/wp-json\/wp\/v2\/media\/28070"}],"wp:attachment":[{"href":"https:\/\/martinluther.ca\/de\/wp-json\/wp\/v2\/media?parent=28068"}],"wp:term":[{"taxonomy":"category","embeddable":true,"href":"https:\/\/martinluther.ca\/de\/wp-json\/wp\/v2\/categories?post=28068"},{"taxonomy":"post_tag","embeddable":true,"href":"https:\/\/martinluther.ca\/de\/wp-json\/wp\/v2\/tags?post=28068"},{"taxonomy":"post_series","embeddable":true,"href":"https:\/\/martinluther.ca\/de\/wp-json\/wp\/v2\/post_series?post=28068"}],"curies":[{"name":"wp","href":"https:\/\/api.w.org\/{rel}","templated":true}]}}