{"id":28176,"date":"2018-04-11T23:12:21","date_gmt":"2018-04-12T03:12:21","guid":{"rendered":"https:\/\/martinluther.ca\/?p=28176"},"modified":"2018-08-05T10:53:56","modified_gmt":"2018-08-05T14:53:56","slug":"abschied-vikarin-thara","status":"publish","type":"post","link":"https:\/\/martinluther.ca\/de\/2018\/04\/abschied-vikarin-thara\/","title":{"rendered":"Abschied von Vikarin Thara Klein"},"content":{"rendered":"<p class=\"p4\"><span class=\"s1\">Im April 2017 hat unsere Gemeinde Vikarin Thara Klein aus Deutschland mit gro\u00dfer Freude willkommen gehei\u00dfen. Obwohl uns das gef\u00fchlt wie gestern vorkommt, ist es nun schon beinahe Zeit, ihr auf Wiedersehen zu sagen. Wir haben uns mit Thara hingesetzt und mir ihr \u00fcber ihre Zeit hier in der MLK und in Toronto gesprochen.<\/span><\/p>\n<h4 class=\"p2\"><strong><span class=\"s1\">Du hast ein Jahr als Vikarin in der MLK verbracht. Wenn du zur\u00fcckschaust auf das vergangene Jahr, gibt es da ein oder zwei besondere Momente, die du mit uns teilen m\u00f6chtest?<\/span><\/strong><\/h4>\n<p class=\"p2\"><em><span class=\"s1\">Es gibt nat\u00fcrlich unglaublich viele wundervolle Momente und es f\u00e4llt mir schwer, nur ein oder zwei auszuw\u00e4hlen. Ich denke, die ganz besonderen Momente waren die, in denen ich gesp\u00fcrt habe, wie gesegnet ich bin. <\/span><\/em><\/p>\n<p class=\"p2\"><em><span class=\"s1\">Ich erinnere mich daran, dass nach einem Gottesdienst jemand zu mir kam und mir sagte, meine Predigt habe ihn wirklich ber\u00fchrt; und das konnte ich diesem Menschen ansehen. Dieser Moment war so stark, dass mir fast die Tr\u00e4nen kamen.<\/span><\/em><\/p>\n<p class=\"p2\"><em><span class=\"s1\">Ein anderes Mal war ich wirklich unzufrieden mit meiner Predigt und hatte schlecht geschlafen; und da kam nach dem Gottesdienst ein Mann zu mir und erz\u00e4hlte mir, dass er noch nie zu<\/span><span class=\"s1\"><em>vor bei uns im Gottesdienst gewesen sei, aber dass er sehr dankbar daf\u00fcr sei, dass<\/em> unsere T\u00fcren offen gewesen seien, denn er habe gerade seine Mutter verloren und h\u00e4tte einfach einen Platz gebraucht, an den er gehen konnte.<\/span><\/em><\/p>\n<p class=\"p2\"><em><span class=\"s1\">Manchmal gibt es diese Momente, in denen ich das Gef\u00fchl habe, dass ich genau das tue, was ich tun soll. In solchen Momenten wird mir bewusst, was f\u00fcr ein gro\u00dfes Privileg und was f\u00fcr ein Segen es ist, als Vikarin\/Pastorin arbeiten zu d\u00fcrfen. Dieses Gef\u00fchl ist wundervoll \u2026 und gleichzeitig dem\u00fctigend.<\/span><\/em><\/p>\n<p class=\"p2\"><strong><span class=\"s1\">Hat dich irgendetwas \u00fcberrascht? Gab es Dinge in unserer Gemeinde oder in der Stadt, an die du dich erst gew\u00f6hnen musstest?<\/span><\/strong><\/p>\n<p class=\"p2\"><em><span class=\"s1\"><img loading=\"lazy\" decoding=\"async\" class=\"alignright size-medium wp-image-28170\" src=\"https:\/\/martinluther.ca\/wp-content\/uploads\/2018\/04\/DNVLBrQVAAA3br2-169x300.jpeg\" alt=\"vikarin thara mit luther\" width=\"169\" height=\"300\" srcset=\"https:\/\/martinluther.ca\/wp-content\/uploads\/2018\/04\/DNVLBrQVAAA3br2-169x300.jpeg 169w, https:\/\/martinluther.ca\/wp-content\/uploads\/2018\/04\/DNVLBrQVAAA3br2.jpeg 360w\" sizes=\"auto, (max-width: 169px) 100vw, 169px\" \/>In Deutschland hatte ich nie ein B\u00fcro mit irgendjemandem teilen m\u00fcssen. Dementsprechend hatte ich erwartet, dass es ein wenig dauern w\u00fcrde, bis ich mich daran gew\u00f6hnen w\u00fcrde, jede Woche so viele Stunden umgeben von anderen Menschen zu verbringen. Aber von Anfang an war die Atmosph\u00e4re im B\u00fcro so gro\u00dfartig, dass mir meine Arbeit sogar leichter fiel. Es ist ein gro\u00dfer Segen, von Menschen wie Marlena, unserer pastoralen Assistentin, und Pastor Christian umgeben zu sein und dann auch noch von anderen Menschen f\u00fcr wenige Minuten oder mehrere Stunden aufgesucht zu werden. Meistens war die ganze Atmosph\u00e4re im B\u00fcro (und auch sonst in Kanada) so viel entspannter, als ich es gewohnt war; und das machte es so viel einfacher, das Arbeiten (und das Leben) zu genie\u00dfen. Es gab so viele Stunden, die gef\u00fcllt waren mit gro\u00dfartigen Unterhaltungen, viel Lachen, Spazierg\u00e4ngen am See, \u2026 Und ja, all das hatte mit\u00a0<\/span><\/em><em><span class=\"s1\">der Arbeit zu tun. Man k\u00f6nnte sagen, wir haben viel Multitasking betrieben. \ud83d\ude09<\/span><\/em><\/p>\n<p class=\"p2\"><em><span class=\"s1\">Insgesamt hatte ich nicht so viel Optimismus, H\u00f6flichkeit und Hilfsbereitschaft erwartet. Nat\u00fcrlich hatte ich schon von der bekannten kanadischen H\u00f6flichkeit geh\u00f6rt. Aber es ist so viel mehr als nur H\u00f6flichkeit. Es ist eine Lebensweise, die so viel gn\u00e4diger und liebevoller ist, dass es mir schwerf\u00e4llt, sie in Worte zu fassen.<\/span><\/em><\/p>\n<p class=\"p2\"><strong><span class=\"s1\">Kurz nach deiner Ankunft aus Deutschland hast du den Wunsch ge\u00e4u\u00dfert, neue Gottesdienst- und Gemeinschaftsformen kennenlernen und mehr \u00fcber die Rolle der Kirche in einer sich wandelnden Gesellschaft erfahren zu wollen. Ist es dir gelungen, w\u00e4hrend deines Aufenthaltes in Toronto einige Antworten zu finden?<\/span><\/strong><\/p>\n<p class=\"p2\"><em><span class=\"s1\">Eine Sache, die mir dazu gleich einf\u00e4llt, hat damit zu tun, was uns der indigene Bischof am Ende der Reformationsprozess gefragt hat: \u201eWie und wo sollten wir das Evangelium heutzutage verk\u00fcndigen?\u201c<\/span><\/em><\/p>\n<p class=\"p2\"><em><span class=\"s1\">Ich denke, sobald wir unsere Herzen \u00f6ffnen und\/oder unseren Verstand benutzen, k\u00f6nnen wir sehen, wie unglaublich viele Menschen es gibt, die uns brauchen, die uns brauchen, damit wir ihnen von Gottes Liebe und seiner wundervollen Gnade erz\u00e4hlen, ihnen Hoffnung geben. Und oft haben diese Menschen kein Interesse daran, am Sonntagmorgen in die Kirche zu gehen. Aber das ist okay. Es gibt andere Wege und M\u00f6glichkeiten. Pastorin Dawn (Erste Lutherische) z.B. hat vor einiger Zeit ein Gottesdienstformat in einem Pub ins Leben gerufen. Und Iris, unsere Vizepr\u00e4sidentin, leitet den Trommelkreis unserer Gemeinde. Gott hat uns so viele Begabungen gegeben. Es liegt an uns, diese zu nutzen. Manchmal kann das an einem Sonntagmorgen in einer Kirche sein. Und manchmal eben mit Trommeln an einem Mittwochvormittag vor unserer Kirche.<\/span><\/em><\/p>\n<p class=\"p2\"><em><span class=\"s1\">Ich denke, es gibt unz\u00e4hlbar viele Wege, wie wir Gottesdienst und Gemeinschaft erfahren k\u00f6nnen, es gibt unz\u00e4hlbar viele Orte und Formen, das Evangelium zu predigen. Neue Wege zu finden, ohne die alten aufzugeben, ist Teil der Aufgabe der Kirche. Du musst wissen, wer du (als einzelner Christ oder auch als Gemeinde) bist, du musst wissen, was dein Auftrag, deine Berufung, ist, und dann musst du deinen eigenen Weg finden, dieser Berufung zu folgen, sodass die Welt die gute Nachricht h\u00f6ren kann.<\/span><\/em><\/p>\n<p class=\"p2\"><span class=\"s1\"><strong>Hattest du die M\u00f6glichkeit, in deiner Freizeit Kanada ein wenig zu erkunden?<\/strong><em><b><img loading=\"lazy\" decoding=\"async\" class=\"alignright size-medium wp-image-28169\" src=\"https:\/\/martinluther.ca\/wp-content\/uploads\/2018\/04\/20170902_094831-167x300.jpeg\" alt=\"thara east coast\" width=\"167\" height=\"300\" srcset=\"https:\/\/martinluther.ca\/wp-content\/uploads\/2018\/04\/20170902_094831-167x300.jpeg 167w, https:\/\/martinluther.ca\/wp-content\/uploads\/2018\/04\/20170902_094831.jpeg 357w\" sizes=\"auto, (max-width: 167px) 100vw, 167px\" \/><\/b><\/em><\/span><\/p>\n<p class=\"p2\"><em><span class=\"s1\">Ja, ich habe einige Ecken dieses wundersch\u00f6nen Landes sehen k\u00f6nnen; aber nat\u00fcrlich nicht ansatzweise so viel, wie es mir lieb gewesen w\u00e4re. Im Juli bin ich mit dem Zug nach Ottawa, Qu\u00e9bec City und Montr\u00e9al gefahren, und im September bin ich zusammen mit unserer damaligen Praktikantin Alena nach Saint John geflogen, von wo aus wir nach Moncton, zu den Hopewell Rocks, nach Halifax, Peggy&#8217;s Cove, Lunenburg und dann (mit der F\u00e4hre) zur\u00fcck nach Saint John gefahren sind.<\/span><\/em><\/p>\n<p class=\"p2\"><strong><span class=\"s1\">Gibt es irgendetwas, das du jemandem, der bei uns Vikar\/in werden m\u00f6chte, mitgeben w\u00fcrdest?<\/span><\/strong><\/p>\n<p class=\"p2\"><em><span class=\"s1\">Zun\u00e4chst m\u00f6chte ich erw\u00e4hnen, dass ich nat\u00fcrlich nur empfehlen kann,<span class=\"Apple-converted-space\">\u00a0 <\/span>(Auslands-) Vikar\/in in der MLK zu werden! F\u00fcr mich war dies eine wundervolle Erfahrung. Ich bin so dankbar, diese M\u00f6glichkeit erhalten zu haben, und so froh, dass ich mich f\u00fcr diese Gemeinde entschieden habe.<\/span><\/em><\/p>\n<p class=\"p2\"><em><span class=\"s1\">Ein Grund f\u00fcr meine Dankbarkeit ist, dass ich mich ab dem ersten Moment in der MLK nicht nur willkommen, sondern auch wirklich angenommen gef\u00fchlt habe. Deshalb denke ich, dass meine erste Empfehlung an einen Nachfolger\/eine Nachfolgerin w\u00e4re: Sei du selbst und zeige dich! Erlaube dir, zu f\u00fchlen, und teile mit, was du f\u00fchlst (und denkst)!<\/span><\/em><\/p>\n<p class=\"p2\"><em><span class=\"s1\">Und dann w\u00fcrde ich sagen: Genie\u00df die gro\u00dfartige Atmosph\u00e4re im B\u00fcro, genie\u00df die wundersch\u00f6nen englischen Hymnen, genie\u00df die Spazierg\u00e4nge am Seeufer, genie\u00df die Treffen mit anderen Pastoren, \u2026 Genie\u00df einfach das Abenteuer, was vor dir liegt!<\/span><\/em><\/p>\n<p class=\"p2\"><strong><span class=\"s1\">Was glaubst du, wird dir nach deiner R\u00fcckkehr nach Deutschland am meisten fehlen?<\/span><\/strong><\/p>\n<p class=\"p2\"><em><span class=\"s1\"><img loading=\"lazy\" decoding=\"async\" class=\"alignright size-medium wp-image-28168\" src=\"https:\/\/martinluther.ca\/wp-content\/uploads\/2018\/04\/IMG_1759-216x300.jpeg\" alt=\"Vicar Thara Klein by the lake\" width=\"216\" height=\"300\" srcset=\"https:\/\/martinluther.ca\/wp-content\/uploads\/2018\/04\/IMG_1759-216x300.jpeg 216w, https:\/\/martinluther.ca\/wp-content\/uploads\/2018\/04\/IMG_1759.jpeg 461w\" sizes=\"auto, (max-width: 216px) 100vw, 216px\" \/>Die Menschen und ihre Lebensweise. So viele der Menschen hier sind Teil meines Lebens geworden, sind Teil davon, wer und was ich bin, und so kann ich mir gerade noch kaum vorstellen, sie nicht mehr regelm\u00e4\u00dfig zu sehen. Mir wird fehlen, wie Christian mich herausfordert, mir wird fehlen, wie Marlena Telefonanrufe beantwortet, mir wird Iris&#8216; Tatkraft fehlen, mir wird Tanyas Hilfsbereitschaft fehlen, \u2026 Ich werde den Optimismus der Menschen und ihre Sicht auf die Dinge vermissen.<\/span><\/em><\/p>\n<p class=\"p2\"><span class=\"s1\"><em>Ich erinnere mich an mein erstes Wochenende in Kanada. Wir waren im Camp Lutherlyn und ich bin einen Pick-up-Truck gefahren, obwohl ich so ein Auto noch nie zu vor gefahren war und nur einmal zuvor \u00fcberhaupt Automatik benutzt hatte. Aber jemand sagte zu mir: \u201eKeine Sorge, ich werde es dir erkl\u00e4ren und dir zeigen, was du machen musst. Schritt f\u00fcr Schritt. Gemeinsam kriegen wir das schon hin. Wenn nicht beim ersten, dann beim zweiten Versuch.\u201c<\/em><\/span><\/p>\n<p class=\"p2\"><em><span class=\"s1\">Diese Geschichte fasst f\u00fcr mich so viel i.B. auf die kanadische Lebensweise zusammen.<\/span><\/em><\/p>\n<p class=\"p2\"><strong><span class=\"s1\">Was erwartet dich als n\u00e4chstes, nun da deine Zeit in der MLK zu Ende geht?<\/span><\/strong><\/p>\n<p class=\"p2\"><em><span class=\"s1\">Ende April werde ich erfahren, in welcher Gemeinde der Nordkirche ich als Pastorin arbeiten werde. Im Juni wird meine Arbeit dort dann offiziell beginnen und im selben Monat werde ich ordiniert werden.<\/span><\/em><\/p>\n<p>***<\/p>\n<p class=\"p4\"><span class=\"s1\">Ein Abschied f\u00e4llt uns immer schwer \u2013 das ist nat\u00fcrlich auch bei Thara, unserer phantastischen Vikarin, so. Wir bedanken uns bei ihr f\u00fcr all ihre Arbeit in unserer Gemeinde und Gemeinschaft und w\u00fcnschen ihr Gottes Segen f\u00fcr ihren Weg zu neuen Ufern in Deutschland!<\/span><\/p>\n<p>Am <strong>Sonntag,\u00a022. April<\/strong> werden wir Thara in einem gemeinsamen Gottesdienst um 11 Uhr verabschieden. Dazu sind alle herzlich eingeladen.<\/p>\n<p>&nbsp;<\/p>\n","protected":false},"excerpt":{"rendered":"<p>Im April 2017 hat unsere Gemeinde Vikarin Thara Klein aus Deutschland mit gro\u00dfer Freude willkommen gehei\u00dfen. Obwohl uns das gef\u00fchlt wie gestern vorkommt, ist es nun schon beinahe Zeit, ihr auf Wiedersehen zu sagen. Wir haben uns mit Thara hingesetzt und mir ihr \u00fcber ihre Zeit hier in der MLK und in Toronto gesprochen. Du&hellip;<\/p>\n","protected":false},"author":9,"featured_media":28205,"comment_status":"closed","ping_status":"closed","sticky":false,"template":"","format":"standard","meta":{"footnotes":""},"categories":[69],"tags":[],"post_series":[],"class_list":["post-28176","post","type-post","status-publish","format-standard","has-post-thumbnail","hentry","category-news-blog-german","entry","has-media"],"yoast_head":"<!-- This site is optimized with the Yoast SEO plugin v27.5 - https:\/\/yoast.com\/product\/yoast-seo-wordpress\/ -->\n<title>Abschied von Vikarin Thara Klein - Martin Luther Evangelische Kirche Toronto<\/title>\n<meta name=\"robots\" content=\"index, follow, max-snippet:-1, max-image-preview:large, max-video-preview:-1\" \/>\n<link rel=\"canonical\" href=\"https:\/\/martinluther.ca\/de\/2018\/04\/abschied-vikarin-thara\/\" \/>\n<meta property=\"og:locale\" content=\"de_DE\" \/>\n<meta property=\"og:type\" content=\"article\" \/>\n<meta property=\"og:title\" content=\"Abschied von Vikarin Thara Klein - Martin Luther Evangelische Kirche Toronto\" \/>\n<meta property=\"og:description\" content=\"Im April 2017 hat unsere Gemeinde Vikarin Thara Klein aus Deutschland mit gro\u00dfer Freude willkommen gehei\u00dfen. Obwohl uns das gef\u00fchlt wie gestern vorkommt, ist es nun schon beinahe Zeit, ihr auf Wiedersehen zu sagen. Wir haben uns mit Thara hingesetzt und mir ihr \u00fcber ihre Zeit hier in der MLK und in Toronto gesprochen. Du&hellip;\" \/>\n<meta property=\"og:url\" content=\"https:\/\/martinluther.ca\/de\/2018\/04\/abschied-vikarin-thara\/\" \/>\n<meta property=\"og:site_name\" content=\"Martin Luther Evangelische Kirche Toronto\" \/>\n<meta property=\"article:publisher\" content=\"https:\/\/www.facebook.com\/martinlutherchurchtoronto\" \/>\n<meta property=\"article:published_time\" content=\"2018-04-12T03:12:21+00:00\" \/>\n<meta property=\"article:modified_time\" content=\"2018-08-05T14:53:56+00:00\" \/>\n<meta property=\"og:image\" content=\"https:\/\/martinluther.ca\/wp-content\/uploads\/2018\/04\/cropped.jpeg\" \/>\n\t<meta property=\"og:image:width\" content=\"457\" \/>\n\t<meta property=\"og:image:height\" content=\"344\" \/>\n\t<meta property=\"og:image:type\" content=\"image\/jpeg\" \/>\n<meta name=\"author\" content=\"Mona Kakoschke Frantzke\" \/>\n<meta name=\"twitter:card\" content=\"summary_large_image\" \/>\n<meta name=\"twitter:label1\" content=\"Verfasst von\" \/>\n\t<meta name=\"twitter:data1\" content=\"Mona Kakoschke Frantzke\" \/>\n\t<meta name=\"twitter:label2\" content=\"Gesch\u00e4tzte Lesezeit\" \/>\n\t<meta name=\"twitter:data2\" content=\"7\u00a0Minuten\" \/>\n<script type=\"application\/ld+json\" class=\"yoast-schema-graph\">{\"@context\":\"https:\\\/\\\/schema.org\",\"@graph\":[{\"@type\":\"Article\",\"@id\":\"https:\\\/\\\/martinluther.ca\\\/de\\\/2018\\\/04\\\/abschied-vikarin-thara\\\/#article\",\"isPartOf\":{\"@id\":\"https:\\\/\\\/martinluther.ca\\\/de\\\/2018\\\/04\\\/abschied-vikarin-thara\\\/\"},\"author\":{\"name\":\"Mona Kakoschke Frantzke\",\"@id\":\"https:\\\/\\\/martinluther.ca\\\/de\\\/#\\\/schema\\\/person\\\/815c51710f70b050f0476f18da6b0c8f\"},\"headline\":\"Abschied von Vikarin Thara Klein\",\"datePublished\":\"2018-04-12T03:12:21+00:00\",\"dateModified\":\"2018-08-05T14:53:56+00:00\",\"mainEntityOfPage\":{\"@id\":\"https:\\\/\\\/martinluther.ca\\\/de\\\/2018\\\/04\\\/abschied-vikarin-thara\\\/\"},\"wordCount\":1424,\"publisher\":{\"@id\":\"https:\\\/\\\/martinluther.ca\\\/de\\\/#organization\"},\"image\":{\"@id\":\"https:\\\/\\\/martinluther.ca\\\/de\\\/2018\\\/04\\\/abschied-vikarin-thara\\\/#primaryimage\"},\"thumbnailUrl\":\"https:\\\/\\\/martinluther.ca\\\/wp-content\\\/uploads\\\/2018\\\/04\\\/cropped.jpeg\",\"articleSection\":[\"News Blog - German\"],\"inLanguage\":\"de\"},{\"@type\":\"WebPage\",\"@id\":\"https:\\\/\\\/martinluther.ca\\\/de\\\/2018\\\/04\\\/abschied-vikarin-thara\\\/\",\"url\":\"https:\\\/\\\/martinluther.ca\\\/de\\\/2018\\\/04\\\/abschied-vikarin-thara\\\/\",\"name\":\"Abschied von Vikarin Thara Klein - Martin Luther Evangelische Kirche Toronto\",\"isPartOf\":{\"@id\":\"https:\\\/\\\/martinluther.ca\\\/de\\\/#website\"},\"primaryImageOfPage\":{\"@id\":\"https:\\\/\\\/martinluther.ca\\\/de\\\/2018\\\/04\\\/abschied-vikarin-thara\\\/#primaryimage\"},\"image\":{\"@id\":\"https:\\\/\\\/martinluther.ca\\\/de\\\/2018\\\/04\\\/abschied-vikarin-thara\\\/#primaryimage\"},\"thumbnailUrl\":\"https:\\\/\\\/martinluther.ca\\\/wp-content\\\/uploads\\\/2018\\\/04\\\/cropped.jpeg\",\"datePublished\":\"2018-04-12T03:12:21+00:00\",\"dateModified\":\"2018-08-05T14:53:56+00:00\",\"breadcrumb\":{\"@id\":\"https:\\\/\\\/martinluther.ca\\\/de\\\/2018\\\/04\\\/abschied-vikarin-thara\\\/#breadcrumb\"},\"inLanguage\":\"de\",\"potentialAction\":[{\"@type\":\"ReadAction\",\"target\":[\"https:\\\/\\\/martinluther.ca\\\/de\\\/2018\\\/04\\\/abschied-vikarin-thara\\\/\"]}]},{\"@type\":\"ImageObject\",\"inLanguage\":\"de\",\"@id\":\"https:\\\/\\\/martinluther.ca\\\/de\\\/2018\\\/04\\\/abschied-vikarin-thara\\\/#primaryimage\",\"url\":\"https:\\\/\\\/martinluther.ca\\\/wp-content\\\/uploads\\\/2018\\\/04\\\/cropped.jpeg\",\"contentUrl\":\"https:\\\/\\\/martinluther.ca\\\/wp-content\\\/uploads\\\/2018\\\/04\\\/cropped.jpeg\",\"width\":457,\"height\":344},{\"@type\":\"BreadcrumbList\",\"@id\":\"https:\\\/\\\/martinluther.ca\\\/de\\\/2018\\\/04\\\/abschied-vikarin-thara\\\/#breadcrumb\",\"itemListElement\":[{\"@type\":\"ListItem\",\"position\":1,\"name\":\"Home\",\"item\":\"https:\\\/\\\/martinluther.ca\\\/de\\\/\"},{\"@type\":\"ListItem\",\"position\":2,\"name\":\"Abschied von Vikarin Thara Klein\"}]},{\"@type\":\"WebSite\",\"@id\":\"https:\\\/\\\/martinluther.ca\\\/de\\\/#website\",\"url\":\"https:\\\/\\\/martinluther.ca\\\/de\\\/\",\"name\":\"Martin Luther Evangelical Church Toronto\",\"description\":\"Deutsch &amp; Englisch\",\"publisher\":{\"@id\":\"https:\\\/\\\/martinluther.ca\\\/de\\\/#organization\"},\"potentialAction\":[{\"@type\":\"SearchAction\",\"target\":{\"@type\":\"EntryPoint\",\"urlTemplate\":\"https:\\\/\\\/martinluther.ca\\\/de\\\/?s={search_term_string}\"},\"query-input\":{\"@type\":\"PropertyValueSpecification\",\"valueRequired\":true,\"valueName\":\"search_term_string\"}}],\"inLanguage\":\"de\"},{\"@type\":\"Organization\",\"@id\":\"https:\\\/\\\/martinluther.ca\\\/de\\\/#organization\",\"name\":\"Martin Luther Evangelical Church Toronto\",\"url\":\"https:\\\/\\\/martinluther.ca\\\/de\\\/\",\"logo\":{\"@type\":\"ImageObject\",\"inLanguage\":\"de\",\"@id\":\"https:\\\/\\\/martinluther.ca\\\/de\\\/#\\\/schema\\\/logo\\\/image\\\/\",\"url\":\"https:\\\/\\\/martinluther.ca\\\/wp-content\\\/uploads\\\/2016\\\/12\\\/ml-logo-300.png\",\"contentUrl\":\"https:\\\/\\\/martinluther.ca\\\/wp-content\\\/uploads\\\/2016\\\/12\\\/ml-logo-300.png\",\"width\":300,\"height\":150,\"caption\":\"Martin Luther Evangelical Church Toronto\"},\"image\":{\"@id\":\"https:\\\/\\\/martinluther.ca\\\/de\\\/#\\\/schema\\\/logo\\\/image\\\/\"},\"sameAs\":[\"https:\\\/\\\/www.facebook.com\\\/martinlutherchurchtoronto\",\"https:\\\/\\\/www.instagram.com\\\/lutheransbythelake\\\/\",\"https:\\\/\\\/www.youtube.com\\\/MartinLutherChurchToronto\"]},{\"@type\":\"Person\",\"@id\":\"https:\\\/\\\/martinluther.ca\\\/de\\\/#\\\/schema\\\/person\\\/815c51710f70b050f0476f18da6b0c8f\",\"name\":\"Mona Kakoschke Frantzke\",\"image\":{\"@type\":\"ImageObject\",\"inLanguage\":\"de\",\"@id\":\"https:\\\/\\\/secure.gravatar.com\\\/avatar\\\/0deb16854ca545cd2e9fc8001ca110d262b80d5c8317b38dc542265fbea0ed19?s=96&d=mm&r=g\",\"url\":\"https:\\\/\\\/secure.gravatar.com\\\/avatar\\\/0deb16854ca545cd2e9fc8001ca110d262b80d5c8317b38dc542265fbea0ed19?s=96&d=mm&r=g\",\"contentUrl\":\"https:\\\/\\\/secure.gravatar.com\\\/avatar\\\/0deb16854ca545cd2e9fc8001ca110d262b80d5c8317b38dc542265fbea0ed19?s=96&d=mm&r=g\",\"caption\":\"Mona Kakoschke Frantzke\"},\"url\":false}]}<\/script>\n<!-- \/ Yoast SEO plugin. -->","yoast_head_json":{"title":"Abschied von Vikarin Thara Klein - Martin Luther Evangelische Kirche Toronto","robots":{"index":"index","follow":"follow","max-snippet":"max-snippet:-1","max-image-preview":"max-image-preview:large","max-video-preview":"max-video-preview:-1"},"canonical":"https:\/\/martinluther.ca\/de\/2018\/04\/abschied-vikarin-thara\/","og_locale":"de_DE","og_type":"article","og_title":"Abschied von Vikarin Thara Klein - Martin Luther Evangelische Kirche Toronto","og_description":"Im April 2017 hat unsere Gemeinde Vikarin Thara Klein aus Deutschland mit gro\u00dfer Freude willkommen gehei\u00dfen. Obwohl uns das gef\u00fchlt wie gestern vorkommt, ist es nun schon beinahe Zeit, ihr auf Wiedersehen zu sagen. Wir haben uns mit Thara hingesetzt und mir ihr \u00fcber ihre Zeit hier in der MLK und in Toronto gesprochen. Du&hellip;","og_url":"https:\/\/martinluther.ca\/de\/2018\/04\/abschied-vikarin-thara\/","og_site_name":"Martin Luther Evangelische Kirche Toronto","article_publisher":"https:\/\/www.facebook.com\/martinlutherchurchtoronto","article_published_time":"2018-04-12T03:12:21+00:00","article_modified_time":"2018-08-05T14:53:56+00:00","og_image":[{"width":457,"height":344,"url":"https:\/\/martinluther.ca\/wp-content\/uploads\/2018\/04\/cropped.jpeg","type":"image\/jpeg"}],"author":"Mona Kakoschke Frantzke","twitter_card":"summary_large_image","twitter_misc":{"Verfasst von":"Mona Kakoschke Frantzke","Gesch\u00e4tzte Lesezeit":"7\u00a0Minuten"},"schema":{"@context":"https:\/\/schema.org","@graph":[{"@type":"Article","@id":"https:\/\/martinluther.ca\/de\/2018\/04\/abschied-vikarin-thara\/#article","isPartOf":{"@id":"https:\/\/martinluther.ca\/de\/2018\/04\/abschied-vikarin-thara\/"},"author":{"name":"Mona Kakoschke Frantzke","@id":"https:\/\/martinluther.ca\/de\/#\/schema\/person\/815c51710f70b050f0476f18da6b0c8f"},"headline":"Abschied von Vikarin Thara Klein","datePublished":"2018-04-12T03:12:21+00:00","dateModified":"2018-08-05T14:53:56+00:00","mainEntityOfPage":{"@id":"https:\/\/martinluther.ca\/de\/2018\/04\/abschied-vikarin-thara\/"},"wordCount":1424,"publisher":{"@id":"https:\/\/martinluther.ca\/de\/#organization"},"image":{"@id":"https:\/\/martinluther.ca\/de\/2018\/04\/abschied-vikarin-thara\/#primaryimage"},"thumbnailUrl":"https:\/\/martinluther.ca\/wp-content\/uploads\/2018\/04\/cropped.jpeg","articleSection":["News Blog - German"],"inLanguage":"de"},{"@type":"WebPage","@id":"https:\/\/martinluther.ca\/de\/2018\/04\/abschied-vikarin-thara\/","url":"https:\/\/martinluther.ca\/de\/2018\/04\/abschied-vikarin-thara\/","name":"Abschied von Vikarin Thara Klein - Martin Luther Evangelische Kirche Toronto","isPartOf":{"@id":"https:\/\/martinluther.ca\/de\/#website"},"primaryImageOfPage":{"@id":"https:\/\/martinluther.ca\/de\/2018\/04\/abschied-vikarin-thara\/#primaryimage"},"image":{"@id":"https:\/\/martinluther.ca\/de\/2018\/04\/abschied-vikarin-thara\/#primaryimage"},"thumbnailUrl":"https:\/\/martinluther.ca\/wp-content\/uploads\/2018\/04\/cropped.jpeg","datePublished":"2018-04-12T03:12:21+00:00","dateModified":"2018-08-05T14:53:56+00:00","breadcrumb":{"@id":"https:\/\/martinluther.ca\/de\/2018\/04\/abschied-vikarin-thara\/#breadcrumb"},"inLanguage":"de","potentialAction":[{"@type":"ReadAction","target":["https:\/\/martinluther.ca\/de\/2018\/04\/abschied-vikarin-thara\/"]}]},{"@type":"ImageObject","inLanguage":"de","@id":"https:\/\/martinluther.ca\/de\/2018\/04\/abschied-vikarin-thara\/#primaryimage","url":"https:\/\/martinluther.ca\/wp-content\/uploads\/2018\/04\/cropped.jpeg","contentUrl":"https:\/\/martinluther.ca\/wp-content\/uploads\/2018\/04\/cropped.jpeg","width":457,"height":344},{"@type":"BreadcrumbList","@id":"https:\/\/martinluther.ca\/de\/2018\/04\/abschied-vikarin-thara\/#breadcrumb","itemListElement":[{"@type":"ListItem","position":1,"name":"Home","item":"https:\/\/martinluther.ca\/de\/"},{"@type":"ListItem","position":2,"name":"Abschied von Vikarin Thara Klein"}]},{"@type":"WebSite","@id":"https:\/\/martinluther.ca\/de\/#website","url":"https:\/\/martinluther.ca\/de\/","name":"Martin Luther Evangelical Church Toronto","description":"Deutsch &amp; Englisch","publisher":{"@id":"https:\/\/martinluther.ca\/de\/#organization"},"potentialAction":[{"@type":"SearchAction","target":{"@type":"EntryPoint","urlTemplate":"https:\/\/martinluther.ca\/de\/?s={search_term_string}"},"query-input":{"@type":"PropertyValueSpecification","valueRequired":true,"valueName":"search_term_string"}}],"inLanguage":"de"},{"@type":"Organization","@id":"https:\/\/martinluther.ca\/de\/#organization","name":"Martin Luther Evangelical Church Toronto","url":"https:\/\/martinluther.ca\/de\/","logo":{"@type":"ImageObject","inLanguage":"de","@id":"https:\/\/martinluther.ca\/de\/#\/schema\/logo\/image\/","url":"https:\/\/martinluther.ca\/wp-content\/uploads\/2016\/12\/ml-logo-300.png","contentUrl":"https:\/\/martinluther.ca\/wp-content\/uploads\/2016\/12\/ml-logo-300.png","width":300,"height":150,"caption":"Martin Luther Evangelical Church Toronto"},"image":{"@id":"https:\/\/martinluther.ca\/de\/#\/schema\/logo\/image\/"},"sameAs":["https:\/\/www.facebook.com\/martinlutherchurchtoronto","https:\/\/www.instagram.com\/lutheransbythelake\/","https:\/\/www.youtube.com\/MartinLutherChurchToronto"]},{"@type":"Person","@id":"https:\/\/martinluther.ca\/de\/#\/schema\/person\/815c51710f70b050f0476f18da6b0c8f","name":"Mona Kakoschke Frantzke","image":{"@type":"ImageObject","inLanguage":"de","@id":"https:\/\/secure.gravatar.com\/avatar\/0deb16854ca545cd2e9fc8001ca110d262b80d5c8317b38dc542265fbea0ed19?s=96&d=mm&r=g","url":"https:\/\/secure.gravatar.com\/avatar\/0deb16854ca545cd2e9fc8001ca110d262b80d5c8317b38dc542265fbea0ed19?s=96&d=mm&r=g","contentUrl":"https:\/\/secure.gravatar.com\/avatar\/0deb16854ca545cd2e9fc8001ca110d262b80d5c8317b38dc542265fbea0ed19?s=96&d=mm&r=g","caption":"Mona Kakoschke Frantzke"},"url":false}]}},"_links":{"self":[{"href":"https:\/\/martinluther.ca\/de\/wp-json\/wp\/v2\/posts\/28176","targetHints":{"allow":["GET"]}}],"collection":[{"href":"https:\/\/martinluther.ca\/de\/wp-json\/wp\/v2\/posts"}],"about":[{"href":"https:\/\/martinluther.ca\/de\/wp-json\/wp\/v2\/types\/post"}],"author":[{"embeddable":true,"href":"https:\/\/martinluther.ca\/de\/wp-json\/wp\/v2\/users\/9"}],"replies":[{"embeddable":true,"href":"https:\/\/martinluther.ca\/de\/wp-json\/wp\/v2\/comments?post=28176"}],"version-history":[{"count":13,"href":"https:\/\/martinluther.ca\/de\/wp-json\/wp\/v2\/posts\/28176\/revisions"}],"predecessor-version":[{"id":28206,"href":"https:\/\/martinluther.ca\/de\/wp-json\/wp\/v2\/posts\/28176\/revisions\/28206"}],"wp:featuredmedia":[{"embeddable":true,"href":"https:\/\/martinluther.ca\/de\/wp-json\/wp\/v2\/media\/28205"}],"wp:attachment":[{"href":"https:\/\/martinluther.ca\/de\/wp-json\/wp\/v2\/media?parent=28176"}],"wp:term":[{"taxonomy":"category","embeddable":true,"href":"https:\/\/martinluther.ca\/de\/wp-json\/wp\/v2\/categories?post=28176"},{"taxonomy":"post_tag","embeddable":true,"href":"https:\/\/martinluther.ca\/de\/wp-json\/wp\/v2\/tags?post=28176"},{"taxonomy":"post_series","embeddable":true,"href":"https:\/\/martinluther.ca\/de\/wp-json\/wp\/v2\/post_series?post=28176"}],"curies":[{"name":"wp","href":"https:\/\/api.w.org\/{rel}","templated":true}]}}