{"id":28259,"date":"2018-05-01T20:14:13","date_gmt":"2018-05-02T00:14:13","guid":{"rendered":"https:\/\/martinluther.ca\/?p=28259"},"modified":"2018-05-08T20:13:35","modified_gmt":"2018-05-09T00:13:35","slug":"machen-sie-diesen-sommer-mit","status":"publish","type":"post","link":"https:\/\/martinluther.ca\/de\/2018\/05\/machen-sie-diesen-sommer-mit\/","title":{"rendered":"Unser Team w\u00e4chst"},"content":{"rendered":"<p><a href=\"https:\/\/martinluther.ca\/wp-content\/uploads\/2018\/05\/IMG_20170613_142221839-3.jpg\"><img loading=\"lazy\" decoding=\"async\" class=\"alignright size-medium wp-image-28257\" src=\"https:\/\/martinluther.ca\/wp-content\/uploads\/2018\/05\/IMG_20170613_142221839-3-300x225.jpg\" alt=\"\" width=\"300\" height=\"225\" srcset=\"https:\/\/martinluther.ca\/wp-content\/uploads\/2018\/05\/IMG_20170613_142221839-3-300x225.jpg 300w, https:\/\/martinluther.ca\/wp-content\/uploads\/2018\/05\/IMG_20170613_142221839-3-768x576.jpg 768w, https:\/\/martinluther.ca\/wp-content\/uploads\/2018\/05\/IMG_20170613_142221839-3-1024x768.jpg 1024w\" sizes=\"auto, (max-width: 300px) 100vw, 300px\" \/><\/a>8. Mai 2018:<\/p>\n<p>Vielen Dank f\u00fcr Ihr Interesse. Wir haben eine gro\u00dfe Anzahl von Bewerbungen erhalten, und leider haben wir nur eine Stelle zu besetzen. Wir haben unsere Auswahl getroffen. Nochmals vielen Dank f\u00fcr Ihre Bewerbung. Wir w\u00fcnschen Ihnen alles Gute f\u00fcr Ihre pers\u00f6nliche und berufliche Zukunft.<\/p>\n<p>1. Mai 2018:<\/p>\n<p>Hast du Interesse daran, acht Wochen lang als Marketing- und Event-Assistent in der evangelischen Martin Luther Kirche in Etobicoke zu arbeiten?<\/p>\n<p>Als Post-Secondary-Student, derzeit eingeschrieben oder f\u00fcr das kommende Semester eingeschrieben, mit Interesse oder Ausbildung im Marketing; Kommunikationstechnik; oder Veranstaltungsmanagement k\u00f6nnen sich bewerben.<\/p>\n<p>Bitte reicht euren Lebenslauf und Bewerbungsschreiben vor dem 15. Mai ein. F\u00fcr weitere Informationen fragen Sie bitte Marlena im Kirchenb\u00fcro unter Tel.: (416) 251-8293<\/p>\n","protected":false},"excerpt":{"rendered":"<p>8. Mai 2018: Vielen Dank f\u00fcr Ihr Interesse. Wir haben eine gro\u00dfe Anzahl von Bewerbungen erhalten, und leider haben wir nur eine Stelle zu besetzen. Wir haben unsere Auswahl getroffen. Nochmals vielen Dank f\u00fcr Ihre Bewerbung. Wir w\u00fcnschen Ihnen alles Gute f\u00fcr Ihre pers\u00f6nliche und berufliche Zukunft. 1. Mai 2018: Hast du Interesse daran, acht&hellip;<\/p>\n","protected":false},"author":8,"featured_media":26645,"comment_status":"closed","ping_status":"closed","sticky":false,"template":"","format":"standard","meta":{"footnotes":""},"categories":[69],"tags":[],"post_series":[],"class_list":["post-28259","post","type-post","status-publish","format-standard","has-post-thumbnail","hentry","category-news-blog-german","entry","has-media"],"yoast_head":"<!-- This site is optimized with the Yoast SEO plugin v27.5 - https:\/\/yoast.com\/product\/yoast-seo-wordpress\/ -->\n<title>Unser Team w\u00e4chst - Martin Luther Evangelische Kirche Toronto<\/title>\n<meta name=\"robots\" content=\"index, follow, max-snippet:-1, max-image-preview:large, max-video-preview:-1\" \/>\n<link rel=\"canonical\" href=\"https:\/\/martinluther.ca\/2018\/05\/join-our-team-this-summer\/\" \/>\n<meta property=\"og:locale\" content=\"de_DE\" \/>\n<meta property=\"og:type\" content=\"article\" \/>\n<meta property=\"og:title\" content=\"Unser Team w\u00e4chst - Martin Luther Evangelische Kirche Toronto\" \/>\n<meta property=\"og:description\" content=\"8. Mai 2018: Vielen Dank f\u00fcr Ihr Interesse. Wir haben eine gro\u00dfe Anzahl von Bewerbungen erhalten, und leider haben wir nur eine Stelle zu besetzen. Wir haben unsere Auswahl getroffen. Nochmals vielen Dank f\u00fcr Ihre Bewerbung. Wir w\u00fcnschen Ihnen alles Gute f\u00fcr Ihre pers\u00f6nliche und berufliche Zukunft. 1. Mai 2018: Hast du Interesse daran, acht&hellip;\" \/>\n<meta property=\"og:url\" content=\"https:\/\/martinluther.ca\/2018\/05\/join-our-team-this-summer\/\" \/>\n<meta property=\"og:site_name\" content=\"Martin Luther Evangelische Kirche Toronto\" \/>\n<meta property=\"article:publisher\" content=\"https:\/\/www.facebook.com\/martinlutherchurchtoronto\" \/>\n<meta property=\"article:published_time\" content=\"2018-05-02T00:14:13+00:00\" \/>\n<meta property=\"article:modified_time\" content=\"2018-05-09T00:13:35+00:00\" \/>\n<meta property=\"og:image\" content=\"https:\/\/martinluther.ca\/wp-content\/uploads\/2017\/06\/2017-Canada-Summer-Job-interns-2-3-4.jpg\" \/>\n\t<meta property=\"og:image:width\" content=\"769\" \/>\n\t<meta property=\"og:image:height\" content=\"577\" \/>\n\t<meta property=\"og:image:type\" content=\"image\/jpeg\" \/>\n<meta name=\"author\" content=\"Marlena Muller\" \/>\n<meta name=\"twitter:card\" content=\"summary_large_image\" \/>\n<meta name=\"twitter:label1\" content=\"Verfasst von\" \/>\n\t<meta name=\"twitter:data1\" content=\"Marlena Muller\" \/>\n\t<meta name=\"twitter:label2\" content=\"Gesch\u00e4tzte Lesezeit\" \/>\n\t<meta name=\"twitter:data2\" content=\"1\u00a0Minute\" \/>\n<script type=\"application\/ld+json\" class=\"yoast-schema-graph\">{\"@context\":\"https:\\\/\\\/schema.org\",\"@graph\":[{\"@type\":\"Article\",\"@id\":\"https:\\\/\\\/martinluther.ca\\\/2018\\\/05\\\/join-our-team-this-summer\\\/#article\",\"isPartOf\":{\"@id\":\"https:\\\/\\\/martinluther.ca\\\/2018\\\/05\\\/join-our-team-this-summer\\\/\"},\"author\":{\"name\":\"Marlena Muller\",\"@id\":\"https:\\\/\\\/martinluther.ca\\\/de\\\/#\\\/schema\\\/person\\\/ef4e825f5d9d6fd740bbd7813710e15d\"},\"headline\":\"Unser Team w\u00e4chst\",\"datePublished\":\"2018-05-02T00:14:13+00:00\",\"dateModified\":\"2018-05-09T00:13:35+00:00\",\"mainEntityOfPage\":{\"@id\":\"https:\\\/\\\/martinluther.ca\\\/2018\\\/05\\\/join-our-team-this-summer\\\/\"},\"wordCount\":125,\"publisher\":{\"@id\":\"https:\\\/\\\/martinluther.ca\\\/de\\\/#organization\"},\"image\":{\"@id\":\"https:\\\/\\\/martinluther.ca\\\/2018\\\/05\\\/join-our-team-this-summer\\\/#primaryimage\"},\"thumbnailUrl\":\"https:\\\/\\\/martinluther.ca\\\/wp-content\\\/uploads\\\/2017\\\/06\\\/2017-Canada-Summer-Job-interns-2-3-4.jpg\",\"articleSection\":[\"News Blog - German\"],\"inLanguage\":\"de\"},{\"@type\":\"WebPage\",\"@id\":\"https:\\\/\\\/martinluther.ca\\\/2018\\\/05\\\/join-our-team-this-summer\\\/\",\"url\":\"https:\\\/\\\/martinluther.ca\\\/2018\\\/05\\\/join-our-team-this-summer\\\/\",\"name\":\"Unser Team w\u00e4chst - Martin Luther Evangelische Kirche Toronto\",\"isPartOf\":{\"@id\":\"https:\\\/\\\/martinluther.ca\\\/de\\\/#website\"},\"primaryImageOfPage\":{\"@id\":\"https:\\\/\\\/martinluther.ca\\\/2018\\\/05\\\/join-our-team-this-summer\\\/#primaryimage\"},\"image\":{\"@id\":\"https:\\\/\\\/martinluther.ca\\\/2018\\\/05\\\/join-our-team-this-summer\\\/#primaryimage\"},\"thumbnailUrl\":\"https:\\\/\\\/martinluther.ca\\\/wp-content\\\/uploads\\\/2017\\\/06\\\/2017-Canada-Summer-Job-interns-2-3-4.jpg\",\"datePublished\":\"2018-05-02T00:14:13+00:00\",\"dateModified\":\"2018-05-09T00:13:35+00:00\",\"breadcrumb\":{\"@id\":\"https:\\\/\\\/martinluther.ca\\\/2018\\\/05\\\/join-our-team-this-summer\\\/#breadcrumb\"},\"inLanguage\":\"de\",\"potentialAction\":[{\"@type\":\"ReadAction\",\"target\":[\"https:\\\/\\\/martinluther.ca\\\/2018\\\/05\\\/join-our-team-this-summer\\\/\"]}]},{\"@type\":\"ImageObject\",\"inLanguage\":\"de\",\"@id\":\"https:\\\/\\\/martinluther.ca\\\/2018\\\/05\\\/join-our-team-this-summer\\\/#primaryimage\",\"url\":\"https:\\\/\\\/martinluther.ca\\\/wp-content\\\/uploads\\\/2017\\\/06\\\/2017-Canada-Summer-Job-interns-2-3-4.jpg\",\"contentUrl\":\"https:\\\/\\\/martinluther.ca\\\/wp-content\\\/uploads\\\/2017\\\/06\\\/2017-Canada-Summer-Job-interns-2-3-4.jpg\",\"width\":769,\"height\":577},{\"@type\":\"BreadcrumbList\",\"@id\":\"https:\\\/\\\/martinluther.ca\\\/2018\\\/05\\\/join-our-team-this-summer\\\/#breadcrumb\",\"itemListElement\":[{\"@type\":\"ListItem\",\"position\":1,\"name\":\"Home\",\"item\":\"https:\\\/\\\/martinluther.ca\\\/de\\\/\"},{\"@type\":\"ListItem\",\"position\":2,\"name\":\"Unser Team w\u00e4chst\"}]},{\"@type\":\"WebSite\",\"@id\":\"https:\\\/\\\/martinluther.ca\\\/de\\\/#website\",\"url\":\"https:\\\/\\\/martinluther.ca\\\/de\\\/\",\"name\":\"Martin Luther Evangelical Church Toronto\",\"description\":\"Deutsch &amp; Englisch\",\"publisher\":{\"@id\":\"https:\\\/\\\/martinluther.ca\\\/de\\\/#organization\"},\"potentialAction\":[{\"@type\":\"SearchAction\",\"target\":{\"@type\":\"EntryPoint\",\"urlTemplate\":\"https:\\\/\\\/martinluther.ca\\\/de\\\/?s={search_term_string}\"},\"query-input\":{\"@type\":\"PropertyValueSpecification\",\"valueRequired\":true,\"valueName\":\"search_term_string\"}}],\"inLanguage\":\"de\"},{\"@type\":\"Organization\",\"@id\":\"https:\\\/\\\/martinluther.ca\\\/de\\\/#organization\",\"name\":\"Martin Luther Evangelical Church Toronto\",\"url\":\"https:\\\/\\\/martinluther.ca\\\/de\\\/\",\"logo\":{\"@type\":\"ImageObject\",\"inLanguage\":\"de\",\"@id\":\"https:\\\/\\\/martinluther.ca\\\/de\\\/#\\\/schema\\\/logo\\\/image\\\/\",\"url\":\"https:\\\/\\\/martinluther.ca\\\/wp-content\\\/uploads\\\/2016\\\/12\\\/ml-logo-300.png\",\"contentUrl\":\"https:\\\/\\\/martinluther.ca\\\/wp-content\\\/uploads\\\/2016\\\/12\\\/ml-logo-300.png\",\"width\":300,\"height\":150,\"caption\":\"Martin Luther Evangelical Church Toronto\"},\"image\":{\"@id\":\"https:\\\/\\\/martinluther.ca\\\/de\\\/#\\\/schema\\\/logo\\\/image\\\/\"},\"sameAs\":[\"https:\\\/\\\/www.facebook.com\\\/martinlutherchurchtoronto\",\"https:\\\/\\\/www.instagram.com\\\/lutheransbythelake\\\/\",\"https:\\\/\\\/www.youtube.com\\\/MartinLutherChurchToronto\"]},{\"@type\":\"Person\",\"@id\":\"https:\\\/\\\/martinluther.ca\\\/de\\\/#\\\/schema\\\/person\\\/ef4e825f5d9d6fd740bbd7813710e15d\",\"name\":\"Marlena Muller\",\"image\":{\"@type\":\"ImageObject\",\"inLanguage\":\"de\",\"@id\":\"https:\\\/\\\/secure.gravatar.com\\\/avatar\\\/fe840ff753768b839caa2dd522d4797f19f7e22fa2da83388e0fbfc570b65a37?s=96&d=mm&r=g\",\"url\":\"https:\\\/\\\/secure.gravatar.com\\\/avatar\\\/fe840ff753768b839caa2dd522d4797f19f7e22fa2da83388e0fbfc570b65a37?s=96&d=mm&r=g\",\"contentUrl\":\"https:\\\/\\\/secure.gravatar.com\\\/avatar\\\/fe840ff753768b839caa2dd522d4797f19f7e22fa2da83388e0fbfc570b65a37?s=96&d=mm&r=g\",\"caption\":\"Marlena Muller\"},\"url\":false}]}<\/script>\n<!-- \/ Yoast SEO plugin. -->","yoast_head_json":{"title":"Unser Team w\u00e4chst - Martin Luther Evangelische Kirche Toronto","robots":{"index":"index","follow":"follow","max-snippet":"max-snippet:-1","max-image-preview":"max-image-preview:large","max-video-preview":"max-video-preview:-1"},"canonical":"https:\/\/martinluther.ca\/2018\/05\/join-our-team-this-summer\/","og_locale":"de_DE","og_type":"article","og_title":"Unser Team w\u00e4chst - Martin Luther Evangelische Kirche Toronto","og_description":"8. Mai 2018: Vielen Dank f\u00fcr Ihr Interesse. Wir haben eine gro\u00dfe Anzahl von Bewerbungen erhalten, und leider haben wir nur eine Stelle zu besetzen. Wir haben unsere Auswahl getroffen. Nochmals vielen Dank f\u00fcr Ihre Bewerbung. Wir w\u00fcnschen Ihnen alles Gute f\u00fcr Ihre pers\u00f6nliche und berufliche Zukunft. 1. Mai 2018: Hast du Interesse daran, acht&hellip;","og_url":"https:\/\/martinluther.ca\/2018\/05\/join-our-team-this-summer\/","og_site_name":"Martin Luther Evangelische Kirche Toronto","article_publisher":"https:\/\/www.facebook.com\/martinlutherchurchtoronto","article_published_time":"2018-05-02T00:14:13+00:00","article_modified_time":"2018-05-09T00:13:35+00:00","og_image":[{"width":769,"height":577,"url":"https:\/\/martinluther.ca\/wp-content\/uploads\/2017\/06\/2017-Canada-Summer-Job-interns-2-3-4.jpg","type":"image\/jpeg"}],"author":"Marlena Muller","twitter_card":"summary_large_image","twitter_misc":{"Verfasst von":"Marlena Muller","Gesch\u00e4tzte Lesezeit":"1\u00a0Minute"},"schema":{"@context":"https:\/\/schema.org","@graph":[{"@type":"Article","@id":"https:\/\/martinluther.ca\/2018\/05\/join-our-team-this-summer\/#article","isPartOf":{"@id":"https:\/\/martinluther.ca\/2018\/05\/join-our-team-this-summer\/"},"author":{"name":"Marlena Muller","@id":"https:\/\/martinluther.ca\/de\/#\/schema\/person\/ef4e825f5d9d6fd740bbd7813710e15d"},"headline":"Unser Team w\u00e4chst","datePublished":"2018-05-02T00:14:13+00:00","dateModified":"2018-05-09T00:13:35+00:00","mainEntityOfPage":{"@id":"https:\/\/martinluther.ca\/2018\/05\/join-our-team-this-summer\/"},"wordCount":125,"publisher":{"@id":"https:\/\/martinluther.ca\/de\/#organization"},"image":{"@id":"https:\/\/martinluther.ca\/2018\/05\/join-our-team-this-summer\/#primaryimage"},"thumbnailUrl":"https:\/\/martinluther.ca\/wp-content\/uploads\/2017\/06\/2017-Canada-Summer-Job-interns-2-3-4.jpg","articleSection":["News Blog - German"],"inLanguage":"de"},{"@type":"WebPage","@id":"https:\/\/martinluther.ca\/2018\/05\/join-our-team-this-summer\/","url":"https:\/\/martinluther.ca\/2018\/05\/join-our-team-this-summer\/","name":"Unser Team w\u00e4chst - Martin Luther Evangelische Kirche Toronto","isPartOf":{"@id":"https:\/\/martinluther.ca\/de\/#website"},"primaryImageOfPage":{"@id":"https:\/\/martinluther.ca\/2018\/05\/join-our-team-this-summer\/#primaryimage"},"image":{"@id":"https:\/\/martinluther.ca\/2018\/05\/join-our-team-this-summer\/#primaryimage"},"thumbnailUrl":"https:\/\/martinluther.ca\/wp-content\/uploads\/2017\/06\/2017-Canada-Summer-Job-interns-2-3-4.jpg","datePublished":"2018-05-02T00:14:13+00:00","dateModified":"2018-05-09T00:13:35+00:00","breadcrumb":{"@id":"https:\/\/martinluther.ca\/2018\/05\/join-our-team-this-summer\/#breadcrumb"},"inLanguage":"de","potentialAction":[{"@type":"ReadAction","target":["https:\/\/martinluther.ca\/2018\/05\/join-our-team-this-summer\/"]}]},{"@type":"ImageObject","inLanguage":"de","@id":"https:\/\/martinluther.ca\/2018\/05\/join-our-team-this-summer\/#primaryimage","url":"https:\/\/martinluther.ca\/wp-content\/uploads\/2017\/06\/2017-Canada-Summer-Job-interns-2-3-4.jpg","contentUrl":"https:\/\/martinluther.ca\/wp-content\/uploads\/2017\/06\/2017-Canada-Summer-Job-interns-2-3-4.jpg","width":769,"height":577},{"@type":"BreadcrumbList","@id":"https:\/\/martinluther.ca\/2018\/05\/join-our-team-this-summer\/#breadcrumb","itemListElement":[{"@type":"ListItem","position":1,"name":"Home","item":"https:\/\/martinluther.ca\/de\/"},{"@type":"ListItem","position":2,"name":"Unser Team w\u00e4chst"}]},{"@type":"WebSite","@id":"https:\/\/martinluther.ca\/de\/#website","url":"https:\/\/martinluther.ca\/de\/","name":"Martin Luther Evangelical Church Toronto","description":"Deutsch &amp; Englisch","publisher":{"@id":"https:\/\/martinluther.ca\/de\/#organization"},"potentialAction":[{"@type":"SearchAction","target":{"@type":"EntryPoint","urlTemplate":"https:\/\/martinluther.ca\/de\/?s={search_term_string}"},"query-input":{"@type":"PropertyValueSpecification","valueRequired":true,"valueName":"search_term_string"}}],"inLanguage":"de"},{"@type":"Organization","@id":"https:\/\/martinluther.ca\/de\/#organization","name":"Martin Luther Evangelical Church Toronto","url":"https:\/\/martinluther.ca\/de\/","logo":{"@type":"ImageObject","inLanguage":"de","@id":"https:\/\/martinluther.ca\/de\/#\/schema\/logo\/image\/","url":"https:\/\/martinluther.ca\/wp-content\/uploads\/2016\/12\/ml-logo-300.png","contentUrl":"https:\/\/martinluther.ca\/wp-content\/uploads\/2016\/12\/ml-logo-300.png","width":300,"height":150,"caption":"Martin Luther Evangelical Church Toronto"},"image":{"@id":"https:\/\/martinluther.ca\/de\/#\/schema\/logo\/image\/"},"sameAs":["https:\/\/www.facebook.com\/martinlutherchurchtoronto","https:\/\/www.instagram.com\/lutheransbythelake\/","https:\/\/www.youtube.com\/MartinLutherChurchToronto"]},{"@type":"Person","@id":"https:\/\/martinluther.ca\/de\/#\/schema\/person\/ef4e825f5d9d6fd740bbd7813710e15d","name":"Marlena Muller","image":{"@type":"ImageObject","inLanguage":"de","@id":"https:\/\/secure.gravatar.com\/avatar\/fe840ff753768b839caa2dd522d4797f19f7e22fa2da83388e0fbfc570b65a37?s=96&d=mm&r=g","url":"https:\/\/secure.gravatar.com\/avatar\/fe840ff753768b839caa2dd522d4797f19f7e22fa2da83388e0fbfc570b65a37?s=96&d=mm&r=g","contentUrl":"https:\/\/secure.gravatar.com\/avatar\/fe840ff753768b839caa2dd522d4797f19f7e22fa2da83388e0fbfc570b65a37?s=96&d=mm&r=g","caption":"Marlena Muller"},"url":false}]}},"_links":{"self":[{"href":"https:\/\/martinluther.ca\/de\/wp-json\/wp\/v2\/posts\/28259","targetHints":{"allow":["GET"]}}],"collection":[{"href":"https:\/\/martinluther.ca\/de\/wp-json\/wp\/v2\/posts"}],"about":[{"href":"https:\/\/martinluther.ca\/de\/wp-json\/wp\/v2\/types\/post"}],"author":[{"embeddable":true,"href":"https:\/\/martinluther.ca\/de\/wp-json\/wp\/v2\/users\/8"}],"replies":[{"embeddable":true,"href":"https:\/\/martinluther.ca\/de\/wp-json\/wp\/v2\/comments?post=28259"}],"version-history":[{"count":3,"href":"https:\/\/martinluther.ca\/de\/wp-json\/wp\/v2\/posts\/28259\/revisions"}],"predecessor-version":[{"id":28285,"href":"https:\/\/martinluther.ca\/de\/wp-json\/wp\/v2\/posts\/28259\/revisions\/28285"}],"wp:featuredmedia":[{"embeddable":true,"href":"https:\/\/martinluther.ca\/de\/wp-json\/wp\/v2\/media\/26645"}],"wp:attachment":[{"href":"https:\/\/martinluther.ca\/de\/wp-json\/wp\/v2\/media?parent=28259"}],"wp:term":[{"taxonomy":"category","embeddable":true,"href":"https:\/\/martinluther.ca\/de\/wp-json\/wp\/v2\/categories?post=28259"},{"taxonomy":"post_tag","embeddable":true,"href":"https:\/\/martinluther.ca\/de\/wp-json\/wp\/v2\/tags?post=28259"},{"taxonomy":"post_series","embeddable":true,"href":"https:\/\/martinluther.ca\/de\/wp-json\/wp\/v2\/post_series?post=28259"}],"curies":[{"name":"wp","href":"https:\/\/api.w.org\/{rel}","templated":true}]}}