{"id":28365,"date":"2018-05-24T17:06:08","date_gmt":"2018-05-24T21:06:08","guid":{"rendered":"https:\/\/martinluther.ca\/?p=28365"},"modified":"2018-09-23T16:19:42","modified_gmt":"2018-09-23T20:19:42","slug":"mach-mit-geniess-das-leben-feier-ein-fest-fuer-kinder-und-eltern-in-der-nachbarschaft","status":"publish","type":"post","link":"https:\/\/martinluther.ca\/de\/2018\/05\/mach-mit-geniess-das-leben-feier-ein-fest-fuer-kinder-und-eltern-in-der-nachbarschaft\/","title":{"rendered":"Mach mit! Genie\u00df das Leben! Feier ein Fest f\u00fcr Kinder und Eltern in der Nachbarschaft!"},"content":{"rendered":"<figure id=\"attachment_28362\" aria-describedby=\"caption-attachment-28362\" style=\"width: 300px\" class=\"wp-caption alignright\"><img loading=\"lazy\" decoding=\"async\" class=\"size-medium wp-image-28362\" src=\"https:\/\/martinluther.ca\/wp-content\/uploads\/2018\/05\/George-R.-Gauld-Junior-Schoolyard-2018-3x4-300x225.jpg\" alt=\"Map to George R. Gauld Junior Schoolyard 2018\" width=\"300\" height=\"225\" srcset=\"https:\/\/martinluther.ca\/wp-content\/uploads\/2018\/05\/George-R.-Gauld-Junior-Schoolyard-2018-3x4-300x225.jpg 300w, https:\/\/martinluther.ca\/wp-content\/uploads\/2018\/05\/George-R.-Gauld-Junior-Schoolyard-2018-3x4.jpg 382w\" sizes=\"auto, (max-width: 300px) 100vw, 300px\" \/><figcaption id=\"caption-attachment-28362\" class=\"wp-caption-text\">Map to George R. Gauld Junior Schoolyard<\/figcaption><\/figure>\n<p>Am Dienstag 12. Juni von 17:30 \u2013 20:30 findet die 2018 \u201cMimico Party Im Park\u201d an der <strong>George R. Gauld Junior School<\/strong> auf 200 Melrose St., Etobicoke (located near Royal York Road und Evans Ave) statt.<\/p>\n<p>Nimm dir eine Stunde oder mehr und helfe am <strong>Martin Luther Tagesst\u00e4tte und Kirchentisch<\/strong> aus oder nimm dir Zeit f\u00fcr den Auf- und Abbau.\u00a0 Bitte melde Sie sich bei Shaheed, <a href=\"mailto:s.joedewarder@gmail.com\" target=\"_blank\" rel=\"noopener\">s.joedewarder@gmail.com<\/a> oder 647-740-3696, f\u00fcr weitere Informationen.<\/p>\n<figure id=\"attachment_28367\" aria-describedby=\"caption-attachment-28367\" style=\"width: 300px\" class=\"wp-caption alignleft\"><img loading=\"lazy\" decoding=\"async\" class=\"wp-image-28367 size-medium\" src=\"https:\/\/martinluther.ca\/wp-content\/uploads\/2018\/05\/Shaheed-2018-Canada-Summe-rJobs-student-3x4-1200-300x225.jpg\" alt=\"Shaheed -2018 Canada Summe rJobs student\" width=\"300\" height=\"225\" srcset=\"https:\/\/martinluther.ca\/wp-content\/uploads\/2018\/05\/Shaheed-2018-Canada-Summe-rJobs-student-3x4-1200-300x225.jpg 300w, https:\/\/martinluther.ca\/wp-content\/uploads\/2018\/05\/Shaheed-2018-Canada-Summe-rJobs-student-3x4-1200-768x576.jpg 768w, https:\/\/martinluther.ca\/wp-content\/uploads\/2018\/05\/Shaheed-2018-Canada-Summe-rJobs-student-3x4-1200-1024x768.jpg 1024w, https:\/\/martinluther.ca\/wp-content\/uploads\/2018\/05\/Shaheed-2018-Canada-Summe-rJobs-student-3x4-1200.jpg 1200w\" sizes=\"auto, (max-width: 300px) 100vw, 300px\" \/><figcaption id=\"caption-attachment-28367\" class=\"wp-caption-text\">Shaheed, 2018 Canada Summer Jobs student<\/figcaption><\/figure>\n<p>Liebe Gemeinde,<\/p>\n<p>Mein Name ist Shaheed, ich bin 21 Jahre alt, und ich bin hier in Mimico geboren und aufgewachsen! Ich freue mich sehr, f\u00fcr die n\u00e4chsten zwei Monate als Praktikant in der Martin Luther Kirche zu arbeiten. Ich bin gerade im zweiten Jahr meines Bachelor of Commerce Programms am Humber College und habe eine starke Leidenschaft f\u00fcr Business und Community Development. Als ich ein Kind war, hatte ich die M\u00f6glichkeit, Martin Luther Daycare zu besuchen und konnte einfach nicht widerstehen, mit der Organisation zu arbeiten, die dazu beigetragen hat, mir wunderbare Kindheitserinnerungen und -erfahrungen zu geben.<\/p>\n<p>Zu meinen Hobbys geh\u00f6ren Fotografie, Lesen, Schreiben und Sport. Ich genie\u00dfe auch, Zeit mit meiner Familie und Freunden zu verbringen, und die sch\u00f6ne Aussicht, die das Seeufer zu bieten hat.<\/p>\n<figure id=\"attachment_28861\" aria-describedby=\"caption-attachment-28861\" style=\"width: 300px\" class=\"wp-caption alignleft\"><img loading=\"lazy\" decoding=\"async\" class=\"wp-image-28861 size-medium\" src=\"https:\/\/martinluther.ca\/wp-content\/uploads\/2018\/09\/2018-PartyInThePark-01srmall-300x225.jpg\" alt=\"2018 Party in the Park Mimico\" width=\"300\" height=\"225\" srcset=\"https:\/\/martinluther.ca\/wp-content\/uploads\/2018\/09\/2018-PartyInThePark-01srmall-300x225.jpg 300w, https:\/\/martinluther.ca\/wp-content\/uploads\/2018\/09\/2018-PartyInThePark-01srmall-768x576.jpg 768w, https:\/\/martinluther.ca\/wp-content\/uploads\/2018\/09\/2018-PartyInThePark-01srmall.jpg 800w\" sizes=\"auto, (max-width: 300px) 100vw, 300px\" \/><figcaption id=\"caption-attachment-28861\" class=\"wp-caption-text\">2018 Party in the Park Mimico<\/figcaption><\/figure>\n<figure id=\"attachment_28862\" aria-describedby=\"caption-attachment-28862\" style=\"width: 300px\" class=\"wp-caption alignleft\"><img loading=\"lazy\" decoding=\"async\" class=\"wp-image-28862 size-medium\" src=\"https:\/\/martinluther.ca\/wp-content\/uploads\/2018\/09\/2018-PartyInThePark-03small-300x225.jpg\" alt=\"2018 Party in the Park Mimico\" width=\"300\" height=\"225\" srcset=\"https:\/\/martinluther.ca\/wp-content\/uploads\/2018\/09\/2018-PartyInThePark-03small-300x225.jpg 300w, https:\/\/martinluther.ca\/wp-content\/uploads\/2018\/09\/2018-PartyInThePark-03small-768x576.jpg 768w, https:\/\/martinluther.ca\/wp-content\/uploads\/2018\/09\/2018-PartyInThePark-03small.jpg 800w\" sizes=\"auto, (max-width: 300px) 100vw, 300px\" \/><figcaption id=\"caption-attachment-28862\" class=\"wp-caption-text\">2018 Party in the Park Mimico<\/figcaption><\/figure>\n<p><img loading=\"lazy\" decoding=\"async\" class=\"alignleft size-medium wp-image-28393\" src=\"https:\/\/martinluther.ca\/wp-content\/uploads\/2018\/05\/Mimico-Park-In-The-Park-2018-Jun12-214x300.jpg\" alt=\"\" width=\"214\" height=\"300\" srcset=\"https:\/\/martinluther.ca\/wp-content\/uploads\/2018\/05\/Mimico-Park-In-The-Park-2018-Jun12-214x300.jpg 214w, https:\/\/martinluther.ca\/wp-content\/uploads\/2018\/05\/Mimico-Park-In-The-Park-2018-Jun12.jpg 685w\" sizes=\"auto, (max-width: 214px) 100vw, 214px\" \/><\/p>\n","protected":false},"excerpt":{"rendered":"<p>Am Dienstag 12. Juni von 17:30 \u2013 20:30 findet die 2018 \u201cMimico Party Im Park\u201d an der George R. Gauld Junior School auf 200 Melrose St., Etobicoke (located near Royal York Road und Evans Ave) statt. Nimm dir eine Stunde oder mehr und helfe am Martin Luther Tagesst\u00e4tte und Kirchentisch aus oder nimm dir Zeit&hellip;<\/p>\n","protected":false},"author":9,"featured_media":28361,"comment_status":"closed","ping_status":"closed","sticky":false,"template":"","format":"standard","meta":{"footnotes":""},"categories":[69],"tags":[],"post_series":[],"class_list":["post-28365","post","type-post","status-publish","format-standard","has-post-thumbnail","hentry","category-news-blog-german","entry","has-media"],"yoast_head":"<!-- This site is optimized with the Yoast SEO plugin v27.5 - https:\/\/yoast.com\/product\/yoast-seo-wordpress\/ -->\n<title>Mach mit! Genie\u00df das Leben! Feier ein Fest f\u00fcr Kinder und Eltern in der Nachbarschaft! - Martin Luther Evangelische Kirche Toronto<\/title>\n<meta name=\"robots\" content=\"index, follow, max-snippet:-1, max-image-preview:large, max-video-preview:-1\" \/>\n<link rel=\"canonical\" href=\"https:\/\/martinluther.ca\/de\/2018\/05\/mach-mit-geniess-das-leben-feier-ein-fest-fuer-kinder-und-eltern-in-der-nachbarschaft\/\" \/>\n<meta property=\"og:locale\" content=\"de_DE\" \/>\n<meta property=\"og:type\" content=\"article\" \/>\n<meta property=\"og:title\" content=\"Mach mit! Genie\u00df das Leben! Feier ein Fest f\u00fcr Kinder und Eltern in der Nachbarschaft! - Martin Luther Evangelische Kirche Toronto\" \/>\n<meta property=\"og:description\" content=\"Am Dienstag 12. Juni von 17:30 \u2013 20:30 findet die 2018 \u201cMimico Party Im Park\u201d an der George R. Gauld Junior School auf 200 Melrose St., Etobicoke (located near Royal York Road und Evans Ave) statt. Nimm dir eine Stunde oder mehr und helfe am Martin Luther Tagesst\u00e4tte und Kirchentisch aus oder nimm dir Zeit&hellip;\" \/>\n<meta property=\"og:url\" content=\"https:\/\/martinluther.ca\/de\/2018\/05\/mach-mit-geniess-das-leben-feier-ein-fest-fuer-kinder-und-eltern-in-der-nachbarschaft\/\" \/>\n<meta property=\"og:site_name\" content=\"Martin Luther Evangelische Kirche Toronto\" \/>\n<meta property=\"article:publisher\" content=\"https:\/\/www.facebook.com\/martinlutherchurchtoronto\" \/>\n<meta property=\"article:published_time\" content=\"2018-05-24T21:06:08+00:00\" \/>\n<meta property=\"article:modified_time\" content=\"2018-09-23T20:19:42+00:00\" \/>\n<meta property=\"og:image\" content=\"https:\/\/martinluther.ca\/wp-content\/uploads\/2018\/05\/2018-Party-in-the-Park-Mimico-3x4.jpg\" \/>\n\t<meta property=\"og:image:width\" content=\"368\" \/>\n\t<meta property=\"og:image:height\" content=\"276\" \/>\n\t<meta property=\"og:image:type\" content=\"image\/jpeg\" \/>\n<meta name=\"author\" content=\"Mona Kakoschke Frantzke\" \/>\n<meta name=\"twitter:card\" content=\"summary_large_image\" \/>\n<meta name=\"twitter:label1\" content=\"Verfasst von\" \/>\n\t<meta name=\"twitter:data1\" content=\"Mona Kakoschke Frantzke\" \/>\n\t<meta name=\"twitter:label2\" content=\"Gesch\u00e4tzte Lesezeit\" \/>\n\t<meta name=\"twitter:data2\" content=\"1\u00a0Minute\" \/>\n<script type=\"application\/ld+json\" class=\"yoast-schema-graph\">{\"@context\":\"https:\\\/\\\/schema.org\",\"@graph\":[{\"@type\":\"Article\",\"@id\":\"https:\\\/\\\/martinluther.ca\\\/de\\\/2018\\\/05\\\/mach-mit-geniess-das-leben-feier-ein-fest-fuer-kinder-und-eltern-in-der-nachbarschaft\\\/#article\",\"isPartOf\":{\"@id\":\"https:\\\/\\\/martinluther.ca\\\/de\\\/2018\\\/05\\\/mach-mit-geniess-das-leben-feier-ein-fest-fuer-kinder-und-eltern-in-der-nachbarschaft\\\/\"},\"author\":{\"name\":\"Mona Kakoschke Frantzke\",\"@id\":\"https:\\\/\\\/martinluther.ca\\\/de\\\/#\\\/schema\\\/person\\\/815c51710f70b050f0476f18da6b0c8f\"},\"headline\":\"Mach mit! Genie\u00df das Leben! Feier ein Fest f\u00fcr Kinder und Eltern in der Nachbarschaft!\",\"datePublished\":\"2018-05-24T21:06:08+00:00\",\"dateModified\":\"2018-09-23T20:19:42+00:00\",\"mainEntityOfPage\":{\"@id\":\"https:\\\/\\\/martinluther.ca\\\/de\\\/2018\\\/05\\\/mach-mit-geniess-das-leben-feier-ein-fest-fuer-kinder-und-eltern-in-der-nachbarschaft\\\/\"},\"wordCount\":272,\"publisher\":{\"@id\":\"https:\\\/\\\/martinluther.ca\\\/de\\\/#organization\"},\"image\":{\"@id\":\"https:\\\/\\\/martinluther.ca\\\/de\\\/2018\\\/05\\\/mach-mit-geniess-das-leben-feier-ein-fest-fuer-kinder-und-eltern-in-der-nachbarschaft\\\/#primaryimage\"},\"thumbnailUrl\":\"https:\\\/\\\/martinluther.ca\\\/wp-content\\\/uploads\\\/2018\\\/05\\\/2018-Party-in-the-Park-Mimico-3x4.jpg\",\"articleSection\":[\"News Blog - German\"],\"inLanguage\":\"de\"},{\"@type\":\"WebPage\",\"@id\":\"https:\\\/\\\/martinluther.ca\\\/de\\\/2018\\\/05\\\/mach-mit-geniess-das-leben-feier-ein-fest-fuer-kinder-und-eltern-in-der-nachbarschaft\\\/\",\"url\":\"https:\\\/\\\/martinluther.ca\\\/de\\\/2018\\\/05\\\/mach-mit-geniess-das-leben-feier-ein-fest-fuer-kinder-und-eltern-in-der-nachbarschaft\\\/\",\"name\":\"Mach mit! Genie\u00df das Leben! Feier ein Fest f\u00fcr Kinder und Eltern in der Nachbarschaft! - Martin Luther Evangelische Kirche Toronto\",\"isPartOf\":{\"@id\":\"https:\\\/\\\/martinluther.ca\\\/de\\\/#website\"},\"primaryImageOfPage\":{\"@id\":\"https:\\\/\\\/martinluther.ca\\\/de\\\/2018\\\/05\\\/mach-mit-geniess-das-leben-feier-ein-fest-fuer-kinder-und-eltern-in-der-nachbarschaft\\\/#primaryimage\"},\"image\":{\"@id\":\"https:\\\/\\\/martinluther.ca\\\/de\\\/2018\\\/05\\\/mach-mit-geniess-das-leben-feier-ein-fest-fuer-kinder-und-eltern-in-der-nachbarschaft\\\/#primaryimage\"},\"thumbnailUrl\":\"https:\\\/\\\/martinluther.ca\\\/wp-content\\\/uploads\\\/2018\\\/05\\\/2018-Party-in-the-Park-Mimico-3x4.jpg\",\"datePublished\":\"2018-05-24T21:06:08+00:00\",\"dateModified\":\"2018-09-23T20:19:42+00:00\",\"breadcrumb\":{\"@id\":\"https:\\\/\\\/martinluther.ca\\\/de\\\/2018\\\/05\\\/mach-mit-geniess-das-leben-feier-ein-fest-fuer-kinder-und-eltern-in-der-nachbarschaft\\\/#breadcrumb\"},\"inLanguage\":\"de\",\"potentialAction\":[{\"@type\":\"ReadAction\",\"target\":[\"https:\\\/\\\/martinluther.ca\\\/de\\\/2018\\\/05\\\/mach-mit-geniess-das-leben-feier-ein-fest-fuer-kinder-und-eltern-in-der-nachbarschaft\\\/\"]}]},{\"@type\":\"ImageObject\",\"inLanguage\":\"de\",\"@id\":\"https:\\\/\\\/martinluther.ca\\\/de\\\/2018\\\/05\\\/mach-mit-geniess-das-leben-feier-ein-fest-fuer-kinder-und-eltern-in-der-nachbarschaft\\\/#primaryimage\",\"url\":\"https:\\\/\\\/martinluther.ca\\\/wp-content\\\/uploads\\\/2018\\\/05\\\/2018-Party-in-the-Park-Mimico-3x4.jpg\",\"contentUrl\":\"https:\\\/\\\/martinluther.ca\\\/wp-content\\\/uploads\\\/2018\\\/05\\\/2018-Party-in-the-Park-Mimico-3x4.jpg\",\"width\":368,\"height\":276,\"caption\":\"2018 Party in the Park Mimico\"},{\"@type\":\"BreadcrumbList\",\"@id\":\"https:\\\/\\\/martinluther.ca\\\/de\\\/2018\\\/05\\\/mach-mit-geniess-das-leben-feier-ein-fest-fuer-kinder-und-eltern-in-der-nachbarschaft\\\/#breadcrumb\",\"itemListElement\":[{\"@type\":\"ListItem\",\"position\":1,\"name\":\"Home\",\"item\":\"https:\\\/\\\/martinluther.ca\\\/de\\\/\"},{\"@type\":\"ListItem\",\"position\":2,\"name\":\"Mach mit! Genie\u00df das Leben! Feier ein Fest f\u00fcr Kinder und Eltern in der Nachbarschaft!\"}]},{\"@type\":\"WebSite\",\"@id\":\"https:\\\/\\\/martinluther.ca\\\/de\\\/#website\",\"url\":\"https:\\\/\\\/martinluther.ca\\\/de\\\/\",\"name\":\"Martin Luther Evangelical Church Toronto\",\"description\":\"Deutsch &amp; Englisch\",\"publisher\":{\"@id\":\"https:\\\/\\\/martinluther.ca\\\/de\\\/#organization\"},\"potentialAction\":[{\"@type\":\"SearchAction\",\"target\":{\"@type\":\"EntryPoint\",\"urlTemplate\":\"https:\\\/\\\/martinluther.ca\\\/de\\\/?s={search_term_string}\"},\"query-input\":{\"@type\":\"PropertyValueSpecification\",\"valueRequired\":true,\"valueName\":\"search_term_string\"}}],\"inLanguage\":\"de\"},{\"@type\":\"Organization\",\"@id\":\"https:\\\/\\\/martinluther.ca\\\/de\\\/#organization\",\"name\":\"Martin Luther Evangelical Church Toronto\",\"url\":\"https:\\\/\\\/martinluther.ca\\\/de\\\/\",\"logo\":{\"@type\":\"ImageObject\",\"inLanguage\":\"de\",\"@id\":\"https:\\\/\\\/martinluther.ca\\\/de\\\/#\\\/schema\\\/logo\\\/image\\\/\",\"url\":\"https:\\\/\\\/martinluther.ca\\\/wp-content\\\/uploads\\\/2016\\\/12\\\/ml-logo-300.png\",\"contentUrl\":\"https:\\\/\\\/martinluther.ca\\\/wp-content\\\/uploads\\\/2016\\\/12\\\/ml-logo-300.png\",\"width\":300,\"height\":150,\"caption\":\"Martin Luther Evangelical Church Toronto\"},\"image\":{\"@id\":\"https:\\\/\\\/martinluther.ca\\\/de\\\/#\\\/schema\\\/logo\\\/image\\\/\"},\"sameAs\":[\"https:\\\/\\\/www.facebook.com\\\/martinlutherchurchtoronto\",\"https:\\\/\\\/www.instagram.com\\\/lutheransbythelake\\\/\",\"https:\\\/\\\/www.youtube.com\\\/MartinLutherChurchToronto\"]},{\"@type\":\"Person\",\"@id\":\"https:\\\/\\\/martinluther.ca\\\/de\\\/#\\\/schema\\\/person\\\/815c51710f70b050f0476f18da6b0c8f\",\"name\":\"Mona Kakoschke Frantzke\",\"image\":{\"@type\":\"ImageObject\",\"inLanguage\":\"de\",\"@id\":\"https:\\\/\\\/secure.gravatar.com\\\/avatar\\\/0deb16854ca545cd2e9fc8001ca110d262b80d5c8317b38dc542265fbea0ed19?s=96&d=mm&r=g\",\"url\":\"https:\\\/\\\/secure.gravatar.com\\\/avatar\\\/0deb16854ca545cd2e9fc8001ca110d262b80d5c8317b38dc542265fbea0ed19?s=96&d=mm&r=g\",\"contentUrl\":\"https:\\\/\\\/secure.gravatar.com\\\/avatar\\\/0deb16854ca545cd2e9fc8001ca110d262b80d5c8317b38dc542265fbea0ed19?s=96&d=mm&r=g\",\"caption\":\"Mona Kakoschke Frantzke\"},\"url\":false}]}<\/script>\n<!-- \/ Yoast SEO plugin. -->","yoast_head_json":{"title":"Mach mit! Genie\u00df das Leben! Feier ein Fest f\u00fcr Kinder und Eltern in der Nachbarschaft! - Martin Luther Evangelische Kirche Toronto","robots":{"index":"index","follow":"follow","max-snippet":"max-snippet:-1","max-image-preview":"max-image-preview:large","max-video-preview":"max-video-preview:-1"},"canonical":"https:\/\/martinluther.ca\/de\/2018\/05\/mach-mit-geniess-das-leben-feier-ein-fest-fuer-kinder-und-eltern-in-der-nachbarschaft\/","og_locale":"de_DE","og_type":"article","og_title":"Mach mit! Genie\u00df das Leben! Feier ein Fest f\u00fcr Kinder und Eltern in der Nachbarschaft! - Martin Luther Evangelische Kirche Toronto","og_description":"Am Dienstag 12. Juni von 17:30 \u2013 20:30 findet die 2018 \u201cMimico Party Im Park\u201d an der George R. Gauld Junior School auf 200 Melrose St., Etobicoke (located near Royal York Road und Evans Ave) statt. Nimm dir eine Stunde oder mehr und helfe am Martin Luther Tagesst\u00e4tte und Kirchentisch aus oder nimm dir Zeit&hellip;","og_url":"https:\/\/martinluther.ca\/de\/2018\/05\/mach-mit-geniess-das-leben-feier-ein-fest-fuer-kinder-und-eltern-in-der-nachbarschaft\/","og_site_name":"Martin Luther Evangelische Kirche Toronto","article_publisher":"https:\/\/www.facebook.com\/martinlutherchurchtoronto","article_published_time":"2018-05-24T21:06:08+00:00","article_modified_time":"2018-09-23T20:19:42+00:00","og_image":[{"width":368,"height":276,"url":"https:\/\/martinluther.ca\/wp-content\/uploads\/2018\/05\/2018-Party-in-the-Park-Mimico-3x4.jpg","type":"image\/jpeg"}],"author":"Mona Kakoschke Frantzke","twitter_card":"summary_large_image","twitter_misc":{"Verfasst von":"Mona Kakoschke Frantzke","Gesch\u00e4tzte Lesezeit":"1\u00a0Minute"},"schema":{"@context":"https:\/\/schema.org","@graph":[{"@type":"Article","@id":"https:\/\/martinluther.ca\/de\/2018\/05\/mach-mit-geniess-das-leben-feier-ein-fest-fuer-kinder-und-eltern-in-der-nachbarschaft\/#article","isPartOf":{"@id":"https:\/\/martinluther.ca\/de\/2018\/05\/mach-mit-geniess-das-leben-feier-ein-fest-fuer-kinder-und-eltern-in-der-nachbarschaft\/"},"author":{"name":"Mona Kakoschke Frantzke","@id":"https:\/\/martinluther.ca\/de\/#\/schema\/person\/815c51710f70b050f0476f18da6b0c8f"},"headline":"Mach mit! Genie\u00df das Leben! Feier ein Fest f\u00fcr Kinder und Eltern in der Nachbarschaft!","datePublished":"2018-05-24T21:06:08+00:00","dateModified":"2018-09-23T20:19:42+00:00","mainEntityOfPage":{"@id":"https:\/\/martinluther.ca\/de\/2018\/05\/mach-mit-geniess-das-leben-feier-ein-fest-fuer-kinder-und-eltern-in-der-nachbarschaft\/"},"wordCount":272,"publisher":{"@id":"https:\/\/martinluther.ca\/de\/#organization"},"image":{"@id":"https:\/\/martinluther.ca\/de\/2018\/05\/mach-mit-geniess-das-leben-feier-ein-fest-fuer-kinder-und-eltern-in-der-nachbarschaft\/#primaryimage"},"thumbnailUrl":"https:\/\/martinluther.ca\/wp-content\/uploads\/2018\/05\/2018-Party-in-the-Park-Mimico-3x4.jpg","articleSection":["News Blog - German"],"inLanguage":"de"},{"@type":"WebPage","@id":"https:\/\/martinluther.ca\/de\/2018\/05\/mach-mit-geniess-das-leben-feier-ein-fest-fuer-kinder-und-eltern-in-der-nachbarschaft\/","url":"https:\/\/martinluther.ca\/de\/2018\/05\/mach-mit-geniess-das-leben-feier-ein-fest-fuer-kinder-und-eltern-in-der-nachbarschaft\/","name":"Mach mit! Genie\u00df das Leben! Feier ein Fest f\u00fcr Kinder und Eltern in der Nachbarschaft! - Martin Luther Evangelische Kirche Toronto","isPartOf":{"@id":"https:\/\/martinluther.ca\/de\/#website"},"primaryImageOfPage":{"@id":"https:\/\/martinluther.ca\/de\/2018\/05\/mach-mit-geniess-das-leben-feier-ein-fest-fuer-kinder-und-eltern-in-der-nachbarschaft\/#primaryimage"},"image":{"@id":"https:\/\/martinluther.ca\/de\/2018\/05\/mach-mit-geniess-das-leben-feier-ein-fest-fuer-kinder-und-eltern-in-der-nachbarschaft\/#primaryimage"},"thumbnailUrl":"https:\/\/martinluther.ca\/wp-content\/uploads\/2018\/05\/2018-Party-in-the-Park-Mimico-3x4.jpg","datePublished":"2018-05-24T21:06:08+00:00","dateModified":"2018-09-23T20:19:42+00:00","breadcrumb":{"@id":"https:\/\/martinluther.ca\/de\/2018\/05\/mach-mit-geniess-das-leben-feier-ein-fest-fuer-kinder-und-eltern-in-der-nachbarschaft\/#breadcrumb"},"inLanguage":"de","potentialAction":[{"@type":"ReadAction","target":["https:\/\/martinluther.ca\/de\/2018\/05\/mach-mit-geniess-das-leben-feier-ein-fest-fuer-kinder-und-eltern-in-der-nachbarschaft\/"]}]},{"@type":"ImageObject","inLanguage":"de","@id":"https:\/\/martinluther.ca\/de\/2018\/05\/mach-mit-geniess-das-leben-feier-ein-fest-fuer-kinder-und-eltern-in-der-nachbarschaft\/#primaryimage","url":"https:\/\/martinluther.ca\/wp-content\/uploads\/2018\/05\/2018-Party-in-the-Park-Mimico-3x4.jpg","contentUrl":"https:\/\/martinluther.ca\/wp-content\/uploads\/2018\/05\/2018-Party-in-the-Park-Mimico-3x4.jpg","width":368,"height":276,"caption":"2018 Party in the Park Mimico"},{"@type":"BreadcrumbList","@id":"https:\/\/martinluther.ca\/de\/2018\/05\/mach-mit-geniess-das-leben-feier-ein-fest-fuer-kinder-und-eltern-in-der-nachbarschaft\/#breadcrumb","itemListElement":[{"@type":"ListItem","position":1,"name":"Home","item":"https:\/\/martinluther.ca\/de\/"},{"@type":"ListItem","position":2,"name":"Mach mit! Genie\u00df das Leben! Feier ein Fest f\u00fcr Kinder und Eltern in der Nachbarschaft!"}]},{"@type":"WebSite","@id":"https:\/\/martinluther.ca\/de\/#website","url":"https:\/\/martinluther.ca\/de\/","name":"Martin Luther Evangelical Church Toronto","description":"Deutsch &amp; Englisch","publisher":{"@id":"https:\/\/martinluther.ca\/de\/#organization"},"potentialAction":[{"@type":"SearchAction","target":{"@type":"EntryPoint","urlTemplate":"https:\/\/martinluther.ca\/de\/?s={search_term_string}"},"query-input":{"@type":"PropertyValueSpecification","valueRequired":true,"valueName":"search_term_string"}}],"inLanguage":"de"},{"@type":"Organization","@id":"https:\/\/martinluther.ca\/de\/#organization","name":"Martin Luther Evangelical Church Toronto","url":"https:\/\/martinluther.ca\/de\/","logo":{"@type":"ImageObject","inLanguage":"de","@id":"https:\/\/martinluther.ca\/de\/#\/schema\/logo\/image\/","url":"https:\/\/martinluther.ca\/wp-content\/uploads\/2016\/12\/ml-logo-300.png","contentUrl":"https:\/\/martinluther.ca\/wp-content\/uploads\/2016\/12\/ml-logo-300.png","width":300,"height":150,"caption":"Martin Luther Evangelical Church Toronto"},"image":{"@id":"https:\/\/martinluther.ca\/de\/#\/schema\/logo\/image\/"},"sameAs":["https:\/\/www.facebook.com\/martinlutherchurchtoronto","https:\/\/www.instagram.com\/lutheransbythelake\/","https:\/\/www.youtube.com\/MartinLutherChurchToronto"]},{"@type":"Person","@id":"https:\/\/martinluther.ca\/de\/#\/schema\/person\/815c51710f70b050f0476f18da6b0c8f","name":"Mona Kakoschke Frantzke","image":{"@type":"ImageObject","inLanguage":"de","@id":"https:\/\/secure.gravatar.com\/avatar\/0deb16854ca545cd2e9fc8001ca110d262b80d5c8317b38dc542265fbea0ed19?s=96&d=mm&r=g","url":"https:\/\/secure.gravatar.com\/avatar\/0deb16854ca545cd2e9fc8001ca110d262b80d5c8317b38dc542265fbea0ed19?s=96&d=mm&r=g","contentUrl":"https:\/\/secure.gravatar.com\/avatar\/0deb16854ca545cd2e9fc8001ca110d262b80d5c8317b38dc542265fbea0ed19?s=96&d=mm&r=g","caption":"Mona Kakoschke Frantzke"},"url":false}]}},"_links":{"self":[{"href":"https:\/\/martinluther.ca\/de\/wp-json\/wp\/v2\/posts\/28365","targetHints":{"allow":["GET"]}}],"collection":[{"href":"https:\/\/martinluther.ca\/de\/wp-json\/wp\/v2\/posts"}],"about":[{"href":"https:\/\/martinluther.ca\/de\/wp-json\/wp\/v2\/types\/post"}],"author":[{"embeddable":true,"href":"https:\/\/martinluther.ca\/de\/wp-json\/wp\/v2\/users\/9"}],"replies":[{"embeddable":true,"href":"https:\/\/martinluther.ca\/de\/wp-json\/wp\/v2\/comments?post=28365"}],"version-history":[{"count":5,"href":"https:\/\/martinluther.ca\/de\/wp-json\/wp\/v2\/posts\/28365\/revisions"}],"predecessor-version":[{"id":28864,"href":"https:\/\/martinluther.ca\/de\/wp-json\/wp\/v2\/posts\/28365\/revisions\/28864"}],"wp:featuredmedia":[{"embeddable":true,"href":"https:\/\/martinluther.ca\/de\/wp-json\/wp\/v2\/media\/28361"}],"wp:attachment":[{"href":"https:\/\/martinluther.ca\/de\/wp-json\/wp\/v2\/media?parent=28365"}],"wp:term":[{"taxonomy":"category","embeddable":true,"href":"https:\/\/martinluther.ca\/de\/wp-json\/wp\/v2\/categories?post=28365"},{"taxonomy":"post_tag","embeddable":true,"href":"https:\/\/martinluther.ca\/de\/wp-json\/wp\/v2\/tags?post=28365"},{"taxonomy":"post_series","embeddable":true,"href":"https:\/\/martinluther.ca\/de\/wp-json\/wp\/v2\/post_series?post=28365"}],"curies":[{"name":"wp","href":"https:\/\/api.w.org\/{rel}","templated":true}]}}