{"id":28385,"date":"2018-05-26T14:13:44","date_gmt":"2018-05-26T18:13:44","guid":{"rendered":"https:\/\/martinluther.ca\/?p=28385"},"modified":"2018-05-26T14:18:10","modified_gmt":"2018-05-26T18:18:10","slug":"altargilde","status":"publish","type":"post","link":"https:\/\/martinluther.ca\/de\/2018\/05\/altargilde\/","title":{"rendered":"Fragen und Antworten \u00fcber die Altargilde in der MLK"},"content":{"rendered":"<p><strong>Was ist die Altargilde?<\/strong><\/p>\n<figure id=\"attachment_28378\" aria-describedby=\"caption-attachment-28378\" style=\"width: 225px\" class=\"wp-caption alignright\"><img loading=\"lazy\" decoding=\"async\" class=\"size-medium wp-image-28378\" src=\"https:\/\/martinluther.ca\/wp-content\/uploads\/2018\/05\/Sacristy-225x300.jpg\" alt=\"\" width=\"225\" height=\"300\" srcset=\"https:\/\/martinluther.ca\/wp-content\/uploads\/2018\/05\/Sacristy-225x300.jpg 225w, https:\/\/martinluther.ca\/wp-content\/uploads\/2018\/05\/Sacristy-768x1026.jpg 768w, https:\/\/martinluther.ca\/wp-content\/uploads\/2018\/05\/Sacristy-767x1024.jpg 767w\" sizes=\"auto, (max-width: 225px) 100vw, 225px\" \/><figcaption id=\"caption-attachment-28378\" class=\"wp-caption-text\">Vladymir (Tischler) und Pastor Ceconi<\/figcaption><\/figure>\n<p>Die Altargilde bereitet den Altarraum f\u00fcr die Gottesdienste vor und r\u00e4umt hinterher auf.<\/p>\n<p><strong>Was sind die Aufgaben der Altargilde? <\/strong><\/p>\n<p>Die Altargilde stellt alles bereit f\u00fcr Abendmahl und Taufen und reinigt alle Abendmahlsger\u00e4te nach dem Gebrauch.\u00a0 Die Gilde stellt sicher, dass alles Leinenzeug gewaschen\u00a0 und geb\u00fcgelt wird, welches beim Abendmahl und bei Taufen benutzt wurde.\u00a0 Eine\u00a0 weitere Verantwortung besteht im Auswechseln der Paramente f\u00fcr die verschiedenen liturgischen Feste des Kirchenjahres.\u00a0 Die Gilde\u00a0 bereitet in der Sakristei alles vor, was f\u00fcr den Gottesdienst ben\u00f6tigt wird.\u00a0 Die Mitglieder der Altargilde helfen mit, den Altarbereich f\u00fcr die verschiedenen Feiertage vorzubereiten, die w\u00e4hrend des Kirchenjahres begangen werden.<\/p>\n<p><strong>\u00a0<\/strong><strong>Was ist die Sakristei und was wird dort aufbewahrt?<\/strong><\/p>\n<p>Die Sakristei ist das Zimmer, das zur Aufbewahrung und zur Vorbereitung von Abendmahl und Taufe dient, und sich gew\u00f6hnlich hinter dem Altar befindet. Dort lagern auch die Paramente f\u00fcr Altar, Kanzel und Lesepult zusammen mit den Abendmahlsger\u00e4ten, dem Leinenzeug, Wein, Oblaten und anderem Zubeh\u00f6r.\u00a0 Weiter h\u00e4ngen dort die Talare, Beffchen und Stolen des Pastors.\u00a0 Auch alles Weitere, was f\u00fcr den Altar vielleicht gebraucht wird, wie zum Beispiel Kerzen, befindet sich in der Sakristei.<\/p>\n<p><strong>Wie wurden Sie, Annette und Patricia, Miglieder der Altargilde?<\/strong><\/p>\n<figure id=\"attachment_28374\" aria-describedby=\"caption-attachment-28374\" style=\"width: 300px\" class=\"wp-caption alignright\"><img loading=\"lazy\" decoding=\"async\" class=\"size-medium wp-image-28374\" src=\"https:\/\/martinluther.ca\/wp-content\/uploads\/2018\/05\/sacristy2-300x200.jpg\" alt=\"\" width=\"300\" height=\"200\" \/><figcaption id=\"caption-attachment-28374\" class=\"wp-caption-text\">Annette und Patricia von der Altargilde<\/figcaption><\/figure>\n<p>Annette: Als ich anf\u00e4nglich mit Herrn Pastor Ceconi \u00fcber meinen Beitritt zur Martin Luther Kirche sprach, fragte er mich, ob ich Interesse h\u00e4tte in der Altargilde mitzumachen.\u00a0 Nach l\u00e4ngerem \u00dcberlegen entschied ich mich zuzusagen.\u00a0 Viele von Ihnen wissen, wie \u00fcberzeugend Pastor Ceconi sein kann.<\/p>\n<p>Patricia: Der Grund, warum ich mitmachte, war, dass Herr Pastor Ceconi von meiner Mitgliedschaft in der Altargilde von St. Olave\u2019s wusste.\u00a0 Er bat mich, die Herausforderung anzunehmen, eine Altargilde f\u00fcr die Martin Luther Kirche aufzubauen.<\/p>\n<p>Im Namen der Altargilde m\u00f6chten wir Herrn Pastor Ceconi f\u00fcr seine Designarbeit, Vladymir f\u00fcr seine gro\u00dfartige Tischlerarbeit und Martin H\u00e4fele f\u00fcr seine gro\u00dfz\u00fcgig gespendeten Schrankbeschl\u00e4ge danken.<\/p>\n<p><strong>\u00a0\u00a0\u00a0\u00a0\u00a0\u00a0\u00a0\u00a0\u00a0\u00a0\u00a0\u00a0\u00a0\u00a0\u00a0\u00a0\u00a0 <\/strong><\/p>\n","protected":false},"excerpt":{"rendered":"<p>Was ist die Altargilde? Die Altargilde bereitet den Altarraum f\u00fcr die Gottesdienste vor und r\u00e4umt hinterher auf. Was sind die Aufgaben der Altargilde? Die Altargilde stellt alles bereit f\u00fcr Abendmahl und Taufen und reinigt alle Abendmahlsger\u00e4te nach dem Gebrauch.\u00a0 Die Gilde stellt sicher, dass alles Leinenzeug gewaschen\u00a0 und geb\u00fcgelt wird, welches beim Abendmahl und bei&hellip;<\/p>\n","protected":false},"author":9,"featured_media":28374,"comment_status":"closed","ping_status":"closed","sticky":false,"template":"","format":"standard","meta":{"footnotes":""},"categories":[69],"tags":[],"post_series":[],"class_list":["post-28385","post","type-post","status-publish","format-standard","has-post-thumbnail","hentry","category-news-blog-german","entry","has-media"],"yoast_head":"<!-- This site is optimized with the Yoast SEO plugin v27.5 - https:\/\/yoast.com\/product\/yoast-seo-wordpress\/ -->\n<title>Fragen und Antworten \u00fcber die Altargilde in der MLK - Martin Luther Evangelische Kirche Toronto<\/title>\n<meta name=\"robots\" content=\"index, follow, max-snippet:-1, max-image-preview:large, max-video-preview:-1\" \/>\n<link rel=\"canonical\" href=\"https:\/\/martinluther.ca\/de\/2018\/05\/altargilde\/\" \/>\n<meta property=\"og:locale\" content=\"de_DE\" \/>\n<meta property=\"og:type\" content=\"article\" \/>\n<meta property=\"og:title\" content=\"Fragen und Antworten \u00fcber die Altargilde in der MLK - Martin Luther Evangelische Kirche Toronto\" \/>\n<meta property=\"og:description\" content=\"Was ist die Altargilde? Die Altargilde bereitet den Altarraum f\u00fcr die Gottesdienste vor und r\u00e4umt hinterher auf. Was sind die Aufgaben der Altargilde? Die Altargilde stellt alles bereit f\u00fcr Abendmahl und Taufen und reinigt alle Abendmahlsger\u00e4te nach dem Gebrauch.\u00a0 Die Gilde stellt sicher, dass alles Leinenzeug gewaschen\u00a0 und geb\u00fcgelt wird, welches beim Abendmahl und bei&hellip;\" \/>\n<meta property=\"og:url\" content=\"https:\/\/martinluther.ca\/de\/2018\/05\/altargilde\/\" \/>\n<meta property=\"og:site_name\" content=\"Martin Luther Evangelische Kirche Toronto\" \/>\n<meta property=\"article:publisher\" content=\"https:\/\/www.facebook.com\/martinlutherchurchtoronto\" \/>\n<meta property=\"article:published_time\" content=\"2018-05-26T18:13:44+00:00\" \/>\n<meta property=\"article:modified_time\" content=\"2018-05-26T18:18:10+00:00\" \/>\n<meta property=\"og:image\" content=\"https:\/\/martinluther.ca\/wp-content\/uploads\/2018\/05\/sacristy2-e1527358951157.jpg\" \/>\n\t<meta property=\"og:image:width\" content=\"780\" \/>\n\t<meta property=\"og:image:height\" content=\"584\" \/>\n\t<meta property=\"og:image:type\" content=\"image\/jpeg\" \/>\n<meta name=\"author\" content=\"Mona Kakoschke Frantzke\" \/>\n<meta name=\"twitter:card\" content=\"summary_large_image\" \/>\n<meta name=\"twitter:label1\" content=\"Verfasst von\" \/>\n\t<meta name=\"twitter:data1\" content=\"Mona Kakoschke Frantzke\" \/>\n\t<meta name=\"twitter:label2\" content=\"Gesch\u00e4tzte Lesezeit\" \/>\n\t<meta name=\"twitter:data2\" content=\"2\u00a0Minuten\" \/>\n<script type=\"application\/ld+json\" class=\"yoast-schema-graph\">{\"@context\":\"https:\\\/\\\/schema.org\",\"@graph\":[{\"@type\":\"Article\",\"@id\":\"https:\\\/\\\/martinluther.ca\\\/de\\\/2018\\\/05\\\/altargilde\\\/#article\",\"isPartOf\":{\"@id\":\"https:\\\/\\\/martinluther.ca\\\/de\\\/2018\\\/05\\\/altargilde\\\/\"},\"author\":{\"name\":\"Mona Kakoschke Frantzke\",\"@id\":\"https:\\\/\\\/martinluther.ca\\\/de\\\/#\\\/schema\\\/person\\\/815c51710f70b050f0476f18da6b0c8f\"},\"headline\":\"Fragen und Antworten \u00fcber die Altargilde in der MLK\",\"datePublished\":\"2018-05-26T18:13:44+00:00\",\"dateModified\":\"2018-05-26T18:18:10+00:00\",\"mainEntityOfPage\":{\"@id\":\"https:\\\/\\\/martinluther.ca\\\/de\\\/2018\\\/05\\\/altargilde\\\/\"},\"wordCount\":366,\"publisher\":{\"@id\":\"https:\\\/\\\/martinluther.ca\\\/de\\\/#organization\"},\"image\":{\"@id\":\"https:\\\/\\\/martinluther.ca\\\/de\\\/2018\\\/05\\\/altargilde\\\/#primaryimage\"},\"thumbnailUrl\":\"https:\\\/\\\/martinluther.ca\\\/wp-content\\\/uploads\\\/2018\\\/05\\\/sacristy2-e1527358951157.jpg\",\"articleSection\":[\"News Blog - German\"],\"inLanguage\":\"de\"},{\"@type\":\"WebPage\",\"@id\":\"https:\\\/\\\/martinluther.ca\\\/de\\\/2018\\\/05\\\/altargilde\\\/\",\"url\":\"https:\\\/\\\/martinluther.ca\\\/de\\\/2018\\\/05\\\/altargilde\\\/\",\"name\":\"Fragen und Antworten \u00fcber die Altargilde in der MLK - Martin Luther Evangelische Kirche Toronto\",\"isPartOf\":{\"@id\":\"https:\\\/\\\/martinluther.ca\\\/de\\\/#website\"},\"primaryImageOfPage\":{\"@id\":\"https:\\\/\\\/martinluther.ca\\\/de\\\/2018\\\/05\\\/altargilde\\\/#primaryimage\"},\"image\":{\"@id\":\"https:\\\/\\\/martinluther.ca\\\/de\\\/2018\\\/05\\\/altargilde\\\/#primaryimage\"},\"thumbnailUrl\":\"https:\\\/\\\/martinluther.ca\\\/wp-content\\\/uploads\\\/2018\\\/05\\\/sacristy2-e1527358951157.jpg\",\"datePublished\":\"2018-05-26T18:13:44+00:00\",\"dateModified\":\"2018-05-26T18:18:10+00:00\",\"breadcrumb\":{\"@id\":\"https:\\\/\\\/martinluther.ca\\\/de\\\/2018\\\/05\\\/altargilde\\\/#breadcrumb\"},\"inLanguage\":\"de\",\"potentialAction\":[{\"@type\":\"ReadAction\",\"target\":[\"https:\\\/\\\/martinluther.ca\\\/de\\\/2018\\\/05\\\/altargilde\\\/\"]}]},{\"@type\":\"ImageObject\",\"inLanguage\":\"de\",\"@id\":\"https:\\\/\\\/martinluther.ca\\\/de\\\/2018\\\/05\\\/altargilde\\\/#primaryimage\",\"url\":\"https:\\\/\\\/martinluther.ca\\\/wp-content\\\/uploads\\\/2018\\\/05\\\/sacristy2-e1527358951157.jpg\",\"contentUrl\":\"https:\\\/\\\/martinluther.ca\\\/wp-content\\\/uploads\\\/2018\\\/05\\\/sacristy2-e1527358951157.jpg\",\"width\":780,\"height\":584,\"caption\":\"Annette and Patricia of the Altar Guild\"},{\"@type\":\"BreadcrumbList\",\"@id\":\"https:\\\/\\\/martinluther.ca\\\/de\\\/2018\\\/05\\\/altargilde\\\/#breadcrumb\",\"itemListElement\":[{\"@type\":\"ListItem\",\"position\":1,\"name\":\"Home\",\"item\":\"https:\\\/\\\/martinluther.ca\\\/de\\\/\"},{\"@type\":\"ListItem\",\"position\":2,\"name\":\"Fragen und Antworten \u00fcber die Altargilde in der MLK\"}]},{\"@type\":\"WebSite\",\"@id\":\"https:\\\/\\\/martinluther.ca\\\/de\\\/#website\",\"url\":\"https:\\\/\\\/martinluther.ca\\\/de\\\/\",\"name\":\"Martin Luther Evangelical Church Toronto\",\"description\":\"Deutsch &amp; Englisch\",\"publisher\":{\"@id\":\"https:\\\/\\\/martinluther.ca\\\/de\\\/#organization\"},\"potentialAction\":[{\"@type\":\"SearchAction\",\"target\":{\"@type\":\"EntryPoint\",\"urlTemplate\":\"https:\\\/\\\/martinluther.ca\\\/de\\\/?s={search_term_string}\"},\"query-input\":{\"@type\":\"PropertyValueSpecification\",\"valueRequired\":true,\"valueName\":\"search_term_string\"}}],\"inLanguage\":\"de\"},{\"@type\":\"Organization\",\"@id\":\"https:\\\/\\\/martinluther.ca\\\/de\\\/#organization\",\"name\":\"Martin Luther Evangelical Church Toronto\",\"url\":\"https:\\\/\\\/martinluther.ca\\\/de\\\/\",\"logo\":{\"@type\":\"ImageObject\",\"inLanguage\":\"de\",\"@id\":\"https:\\\/\\\/martinluther.ca\\\/de\\\/#\\\/schema\\\/logo\\\/image\\\/\",\"url\":\"https:\\\/\\\/martinluther.ca\\\/wp-content\\\/uploads\\\/2016\\\/12\\\/ml-logo-300.png\",\"contentUrl\":\"https:\\\/\\\/martinluther.ca\\\/wp-content\\\/uploads\\\/2016\\\/12\\\/ml-logo-300.png\",\"width\":300,\"height\":150,\"caption\":\"Martin Luther Evangelical Church Toronto\"},\"image\":{\"@id\":\"https:\\\/\\\/martinluther.ca\\\/de\\\/#\\\/schema\\\/logo\\\/image\\\/\"},\"sameAs\":[\"https:\\\/\\\/www.facebook.com\\\/martinlutherchurchtoronto\",\"https:\\\/\\\/www.instagram.com\\\/lutheransbythelake\\\/\",\"https:\\\/\\\/www.youtube.com\\\/MartinLutherChurchToronto\"]},{\"@type\":\"Person\",\"@id\":\"https:\\\/\\\/martinluther.ca\\\/de\\\/#\\\/schema\\\/person\\\/815c51710f70b050f0476f18da6b0c8f\",\"name\":\"Mona Kakoschke Frantzke\",\"image\":{\"@type\":\"ImageObject\",\"inLanguage\":\"de\",\"@id\":\"https:\\\/\\\/secure.gravatar.com\\\/avatar\\\/0deb16854ca545cd2e9fc8001ca110d262b80d5c8317b38dc542265fbea0ed19?s=96&d=mm&r=g\",\"url\":\"https:\\\/\\\/secure.gravatar.com\\\/avatar\\\/0deb16854ca545cd2e9fc8001ca110d262b80d5c8317b38dc542265fbea0ed19?s=96&d=mm&r=g\",\"contentUrl\":\"https:\\\/\\\/secure.gravatar.com\\\/avatar\\\/0deb16854ca545cd2e9fc8001ca110d262b80d5c8317b38dc542265fbea0ed19?s=96&d=mm&r=g\",\"caption\":\"Mona Kakoschke Frantzke\"},\"url\":false}]}<\/script>\n<!-- \/ Yoast SEO plugin. -->","yoast_head_json":{"title":"Fragen und Antworten \u00fcber die Altargilde in der MLK - Martin Luther Evangelische Kirche Toronto","robots":{"index":"index","follow":"follow","max-snippet":"max-snippet:-1","max-image-preview":"max-image-preview:large","max-video-preview":"max-video-preview:-1"},"canonical":"https:\/\/martinluther.ca\/de\/2018\/05\/altargilde\/","og_locale":"de_DE","og_type":"article","og_title":"Fragen und Antworten \u00fcber die Altargilde in der MLK - Martin Luther Evangelische Kirche Toronto","og_description":"Was ist die Altargilde? Die Altargilde bereitet den Altarraum f\u00fcr die Gottesdienste vor und r\u00e4umt hinterher auf. Was sind die Aufgaben der Altargilde? Die Altargilde stellt alles bereit f\u00fcr Abendmahl und Taufen und reinigt alle Abendmahlsger\u00e4te nach dem Gebrauch.\u00a0 Die Gilde stellt sicher, dass alles Leinenzeug gewaschen\u00a0 und geb\u00fcgelt wird, welches beim Abendmahl und bei&hellip;","og_url":"https:\/\/martinluther.ca\/de\/2018\/05\/altargilde\/","og_site_name":"Martin Luther Evangelische Kirche Toronto","article_publisher":"https:\/\/www.facebook.com\/martinlutherchurchtoronto","article_published_time":"2018-05-26T18:13:44+00:00","article_modified_time":"2018-05-26T18:18:10+00:00","og_image":[{"width":780,"height":584,"url":"https:\/\/martinluther.ca\/wp-content\/uploads\/2018\/05\/sacristy2-e1527358951157.jpg","type":"image\/jpeg"}],"author":"Mona Kakoschke Frantzke","twitter_card":"summary_large_image","twitter_misc":{"Verfasst von":"Mona Kakoschke Frantzke","Gesch\u00e4tzte Lesezeit":"2\u00a0Minuten"},"schema":{"@context":"https:\/\/schema.org","@graph":[{"@type":"Article","@id":"https:\/\/martinluther.ca\/de\/2018\/05\/altargilde\/#article","isPartOf":{"@id":"https:\/\/martinluther.ca\/de\/2018\/05\/altargilde\/"},"author":{"name":"Mona Kakoschke Frantzke","@id":"https:\/\/martinluther.ca\/de\/#\/schema\/person\/815c51710f70b050f0476f18da6b0c8f"},"headline":"Fragen und Antworten \u00fcber die Altargilde in der MLK","datePublished":"2018-05-26T18:13:44+00:00","dateModified":"2018-05-26T18:18:10+00:00","mainEntityOfPage":{"@id":"https:\/\/martinluther.ca\/de\/2018\/05\/altargilde\/"},"wordCount":366,"publisher":{"@id":"https:\/\/martinluther.ca\/de\/#organization"},"image":{"@id":"https:\/\/martinluther.ca\/de\/2018\/05\/altargilde\/#primaryimage"},"thumbnailUrl":"https:\/\/martinluther.ca\/wp-content\/uploads\/2018\/05\/sacristy2-e1527358951157.jpg","articleSection":["News Blog - German"],"inLanguage":"de"},{"@type":"WebPage","@id":"https:\/\/martinluther.ca\/de\/2018\/05\/altargilde\/","url":"https:\/\/martinluther.ca\/de\/2018\/05\/altargilde\/","name":"Fragen und Antworten \u00fcber die Altargilde in der MLK - Martin Luther Evangelische Kirche Toronto","isPartOf":{"@id":"https:\/\/martinluther.ca\/de\/#website"},"primaryImageOfPage":{"@id":"https:\/\/martinluther.ca\/de\/2018\/05\/altargilde\/#primaryimage"},"image":{"@id":"https:\/\/martinluther.ca\/de\/2018\/05\/altargilde\/#primaryimage"},"thumbnailUrl":"https:\/\/martinluther.ca\/wp-content\/uploads\/2018\/05\/sacristy2-e1527358951157.jpg","datePublished":"2018-05-26T18:13:44+00:00","dateModified":"2018-05-26T18:18:10+00:00","breadcrumb":{"@id":"https:\/\/martinluther.ca\/de\/2018\/05\/altargilde\/#breadcrumb"},"inLanguage":"de","potentialAction":[{"@type":"ReadAction","target":["https:\/\/martinluther.ca\/de\/2018\/05\/altargilde\/"]}]},{"@type":"ImageObject","inLanguage":"de","@id":"https:\/\/martinluther.ca\/de\/2018\/05\/altargilde\/#primaryimage","url":"https:\/\/martinluther.ca\/wp-content\/uploads\/2018\/05\/sacristy2-e1527358951157.jpg","contentUrl":"https:\/\/martinluther.ca\/wp-content\/uploads\/2018\/05\/sacristy2-e1527358951157.jpg","width":780,"height":584,"caption":"Annette and Patricia of the Altar Guild"},{"@type":"BreadcrumbList","@id":"https:\/\/martinluther.ca\/de\/2018\/05\/altargilde\/#breadcrumb","itemListElement":[{"@type":"ListItem","position":1,"name":"Home","item":"https:\/\/martinluther.ca\/de\/"},{"@type":"ListItem","position":2,"name":"Fragen und Antworten \u00fcber die Altargilde in der MLK"}]},{"@type":"WebSite","@id":"https:\/\/martinluther.ca\/de\/#website","url":"https:\/\/martinluther.ca\/de\/","name":"Martin Luther Evangelical Church Toronto","description":"Deutsch &amp; Englisch","publisher":{"@id":"https:\/\/martinluther.ca\/de\/#organization"},"potentialAction":[{"@type":"SearchAction","target":{"@type":"EntryPoint","urlTemplate":"https:\/\/martinluther.ca\/de\/?s={search_term_string}"},"query-input":{"@type":"PropertyValueSpecification","valueRequired":true,"valueName":"search_term_string"}}],"inLanguage":"de"},{"@type":"Organization","@id":"https:\/\/martinluther.ca\/de\/#organization","name":"Martin Luther Evangelical Church Toronto","url":"https:\/\/martinluther.ca\/de\/","logo":{"@type":"ImageObject","inLanguage":"de","@id":"https:\/\/martinluther.ca\/de\/#\/schema\/logo\/image\/","url":"https:\/\/martinluther.ca\/wp-content\/uploads\/2016\/12\/ml-logo-300.png","contentUrl":"https:\/\/martinluther.ca\/wp-content\/uploads\/2016\/12\/ml-logo-300.png","width":300,"height":150,"caption":"Martin Luther Evangelical Church Toronto"},"image":{"@id":"https:\/\/martinluther.ca\/de\/#\/schema\/logo\/image\/"},"sameAs":["https:\/\/www.facebook.com\/martinlutherchurchtoronto","https:\/\/www.instagram.com\/lutheransbythelake\/","https:\/\/www.youtube.com\/MartinLutherChurchToronto"]},{"@type":"Person","@id":"https:\/\/martinluther.ca\/de\/#\/schema\/person\/815c51710f70b050f0476f18da6b0c8f","name":"Mona Kakoschke Frantzke","image":{"@type":"ImageObject","inLanguage":"de","@id":"https:\/\/secure.gravatar.com\/avatar\/0deb16854ca545cd2e9fc8001ca110d262b80d5c8317b38dc542265fbea0ed19?s=96&d=mm&r=g","url":"https:\/\/secure.gravatar.com\/avatar\/0deb16854ca545cd2e9fc8001ca110d262b80d5c8317b38dc542265fbea0ed19?s=96&d=mm&r=g","contentUrl":"https:\/\/secure.gravatar.com\/avatar\/0deb16854ca545cd2e9fc8001ca110d262b80d5c8317b38dc542265fbea0ed19?s=96&d=mm&r=g","caption":"Mona Kakoschke Frantzke"},"url":false}]}},"_links":{"self":[{"href":"https:\/\/martinluther.ca\/de\/wp-json\/wp\/v2\/posts\/28385","targetHints":{"allow":["GET"]}}],"collection":[{"href":"https:\/\/martinluther.ca\/de\/wp-json\/wp\/v2\/posts"}],"about":[{"href":"https:\/\/martinluther.ca\/de\/wp-json\/wp\/v2\/types\/post"}],"author":[{"embeddable":true,"href":"https:\/\/martinluther.ca\/de\/wp-json\/wp\/v2\/users\/9"}],"replies":[{"embeddable":true,"href":"https:\/\/martinluther.ca\/de\/wp-json\/wp\/v2\/comments?post=28385"}],"version-history":[{"count":3,"href":"https:\/\/martinluther.ca\/de\/wp-json\/wp\/v2\/posts\/28385\/revisions"}],"predecessor-version":[{"id":28389,"href":"https:\/\/martinluther.ca\/de\/wp-json\/wp\/v2\/posts\/28385\/revisions\/28389"}],"wp:featuredmedia":[{"embeddable":true,"href":"https:\/\/martinluther.ca\/de\/wp-json\/wp\/v2\/media\/28374"}],"wp:attachment":[{"href":"https:\/\/martinluther.ca\/de\/wp-json\/wp\/v2\/media?parent=28385"}],"wp:term":[{"taxonomy":"category","embeddable":true,"href":"https:\/\/martinluther.ca\/de\/wp-json\/wp\/v2\/categories?post=28385"},{"taxonomy":"post_tag","embeddable":true,"href":"https:\/\/martinluther.ca\/de\/wp-json\/wp\/v2\/tags?post=28385"},{"taxonomy":"post_series","embeddable":true,"href":"https:\/\/martinluther.ca\/de\/wp-json\/wp\/v2\/post_series?post=28385"}],"curies":[{"name":"wp","href":"https:\/\/api.w.org\/{rel}","templated":true}]}}