{"id":28539,"date":"2018-06-21T00:05:19","date_gmt":"2018-06-21T04:05:19","guid":{"rendered":"https:\/\/martinluther.ca\/?p=28539"},"modified":"2018-06-21T00:04:58","modified_gmt":"2018-06-21T04:04:58","slug":"interview-mit-karen-ridley-mitglied-des-fluechtlingsbetreungsteams","status":"publish","type":"post","link":"https:\/\/martinluther.ca\/de\/2018\/06\/interview-mit-karen-ridley-mitglied-des-fluechtlingsbetreungsteams\/","title":{"rendered":"Interview mit Karen Ridley, Mitglied des Fl\u00fcchtlingsbetreungsteams"},"content":{"rendered":"<p>F: Wie sind Sie zum Fl\u00fcchtlingsbetreuungsteam der Martin Luther Kirche gekommen? Was hat Sie bewogen, dort ehrenamtlich mitzuarbeiten?<\/p>\n<p><strong>A: <\/strong>Im Herbst 2015, als die Situation in Syrien eskalierte, las ich, dass die kanadische Regierung sich verpflichtet hatte, 25 000 syrische Fl\u00fcchtlinge in Kanada aufzunehmen. Ich wollte etwas bewirken und mit meiner Zeit und meinen Kenntnissen diesen Familien dabei helfen, sich in Kanada zu Hause zu f\u00fchlen. Als pensionierte Schulleiterin mit viel Unterrichtserfahrung wollte ich Familien dabei unterst\u00fctzen, ihr Englisch zu verbessern, damit sie sich schneller in Kanada integrieren k\u00f6nnen. Ich hatte davon geh\u00f6rt, dass die Martin Luther Kirche syrische Familien sponsert; also rief ich Iris an \u2013 und so begann alles!<\/p>\n<p>F: Gibt es einen besonderen Moment, in dem Sie fest-stellen konnten, wie bereichernd es ist, ehrenamtlich t\u00e4tig zu sein?<\/p>\n<p><strong><img loading=\"lazy\" decoding=\"async\" class=\"alignright size-medium wp-image-28537\" src=\"https:\/\/martinluther.ca\/wp-content\/uploads\/2018\/06\/2016-12-Rosto-Family-Aga-Khan3-300x225.jpg\" alt=\"\" width=\"300\" height=\"225\" srcset=\"https:\/\/martinluther.ca\/wp-content\/uploads\/2018\/06\/2016-12-Rosto-Family-Aga-Khan3-300x225.jpg 300w, https:\/\/martinluther.ca\/wp-content\/uploads\/2018\/06\/2016-12-Rosto-Family-Aga-Khan3-768x576.jpg 768w, https:\/\/martinluther.ca\/wp-content\/uploads\/2018\/06\/2016-12-Rosto-Family-Aga-Khan3-1024x768.jpg 1024w\" sizes=\"auto, (max-width: 300px) 100vw, 300px\" \/>A: <\/strong>Das Fl\u00fcchtlingsbetreuungsteam hie\u00df im Dezember 2015 eine Familie willkommen \u2013 Salwa, Gemsund ihre Tochter Mary. Mary konnte schon ganz gut Englisch, aber ihre Eltern nicht. In den ersten paar Monaten verlie\u00df Salwa nicht gerne das Haus, weil sie kein Englisch konnte. Nach einigen Monaten Englischunterrichts bei mir ging sie aber unbefan\u00adgener aus dem Haus. Eines Tages schaffte sie es sogar, beim Einkaufen zu handeln, indem sie einen Satz anwandte, den ich ihr beigebracht hatte: \u201eNein danke, das ist zu teuer!\u201c. Sie war stolz, dass sie imstande war, das Gew\u00fcnschte zu einem niedrigeren Preis zu kaufen.<\/p>\n<p>F: K\u00f6nnen Sie uns ein bisschen mehr \u00fcber die jetzige Arbeit des Fl\u00fcchtlingsbetreuungsteams verraten?<\/p>\n<p><strong>A: <\/strong>Vor einigen Wochen trafen Greg, der Vorsitzende des Fl\u00fcchtlingsbetreuungsteams, und ich uns mit einer Nachba\u00adrin, die versucht, ihre Mutter, ihren Vater und ihren Bruder aus Syrien nach Kanada zu bringen. Greg und ich helfen ihr momentan mit dem Antrag auf Fl\u00fcchtlings-Sponsoring. Die \u00f6rtlichen Kirchengemeinden \u2013 MLK und Wesley Mimico United zum Beispiel \u2013 haben uns mit ihren Spenden an den Fl\u00fcchtlings-Fonds sehr unterst\u00fctzt.<\/p>\n<p>F: Haben Sie Tipps oder Ratschl\u00e4ge f\u00fcr die, die sich gerne in dieses Projekt einbringen m\u00f6chten?<\/p>\n<p><strong>A: <\/strong>Die ehrenamtliche Mitarbeit im Fl\u00fcchtlingsbetreu\u00adungsteam ist sehr bereichernd. Wir sind alle Freunde dieser wundervollen Familien geworden, die wir willkommen ge\u00adhei\u00dfen haben. Die Dringlichkeit der Unterst\u00fctzung syrischer Fl\u00fcchtlinge hat im Vergleich zu den letzten Jahren in diesem Jahr etwas abgenommen, doch das Team arbeitet momentan an zwei weiteren Antr\u00e4gen f\u00fcr Fl\u00fcchtlingspatenschaften. Wir treffen uns einmal im Monat jeweils am dritten Donnerstag um 19.30 Uhr in der MLK. Jeder, der mitarbeiten oder mehr \u00fcber das Team erfahren m\u00f6chte, kann mit Greg unter refugeesupport@martinluther.ca Kontakt aufnehmen.<\/p>\n","protected":false},"excerpt":{"rendered":"<p>F: Wie sind Sie zum Fl\u00fcchtlingsbetreuungsteam der Martin Luther Kirche gekommen? Was hat Sie bewogen, dort ehrenamtlich mitzuarbeiten? A: Im Herbst 2015, als die Situation in Syrien eskalierte, las ich, dass die kanadische Regierung sich verpflichtet hatte, 25 000 syrische Fl\u00fcchtlinge in Kanada aufzunehmen. Ich wollte etwas bewirken und mit meiner Zeit und meinen Kenntnissen&hellip;<\/p>\n","protected":false},"author":9,"featured_media":28537,"comment_status":"closed","ping_status":"closed","sticky":false,"template":"","format":"standard","meta":{"footnotes":""},"categories":[69],"tags":[],"post_series":[],"class_list":["post-28539","post","type-post","status-publish","format-standard","has-post-thumbnail","hentry","category-news-blog-german","entry","has-media"],"yoast_head":"<!-- This site is optimized with the Yoast SEO plugin v27.5 - https:\/\/yoast.com\/product\/yoast-seo-wordpress\/ -->\n<title>Interview mit Karen Ridley, Mitglied des Fl\u00fcchtlingsbetreungsteams - Martin Luther Evangelische Kirche Toronto<\/title>\n<meta name=\"robots\" content=\"index, follow, max-snippet:-1, max-image-preview:large, max-video-preview:-1\" \/>\n<link rel=\"canonical\" href=\"https:\/\/martinluther.ca\/de\/2018\/06\/interview-mit-karen-ridley-mitglied-des-fluechtlingsbetreungsteams\/\" \/>\n<meta property=\"og:locale\" content=\"de_DE\" \/>\n<meta property=\"og:type\" content=\"article\" \/>\n<meta property=\"og:title\" content=\"Interview mit Karen Ridley, Mitglied des Fl\u00fcchtlingsbetreungsteams - Martin Luther Evangelische Kirche Toronto\" \/>\n<meta property=\"og:description\" content=\"F: Wie sind Sie zum Fl\u00fcchtlingsbetreuungsteam der Martin Luther Kirche gekommen? Was hat Sie bewogen, dort ehrenamtlich mitzuarbeiten? A: Im Herbst 2015, als die Situation in Syrien eskalierte, las ich, dass die kanadische Regierung sich verpflichtet hatte, 25 000 syrische Fl\u00fcchtlinge in Kanada aufzunehmen. Ich wollte etwas bewirken und mit meiner Zeit und meinen Kenntnissen&hellip;\" \/>\n<meta property=\"og:url\" content=\"https:\/\/martinluther.ca\/de\/2018\/06\/interview-mit-karen-ridley-mitglied-des-fluechtlingsbetreungsteams\/\" \/>\n<meta property=\"og:site_name\" content=\"Martin Luther Evangelische Kirche Toronto\" \/>\n<meta property=\"article:publisher\" content=\"https:\/\/www.facebook.com\/martinlutherchurchtoronto\" \/>\n<meta property=\"article:published_time\" content=\"2018-06-21T04:05:19+00:00\" \/>\n<meta property=\"og:image\" content=\"https:\/\/martinluther.ca\/wp-content\/uploads\/2018\/06\/2016-12-Rosto-Family-Aga-Khan3.jpg\" \/>\n\t<meta property=\"og:image:width\" content=\"3264\" \/>\n\t<meta property=\"og:image:height\" content=\"2448\" \/>\n\t<meta property=\"og:image:type\" content=\"image\/jpeg\" \/>\n<meta name=\"author\" content=\"Mona Kakoschke Frantzke\" \/>\n<meta name=\"twitter:card\" content=\"summary_large_image\" \/>\n<meta name=\"twitter:label1\" content=\"Verfasst von\" \/>\n\t<meta name=\"twitter:data1\" content=\"Mona Kakoschke Frantzke\" \/>\n\t<meta name=\"twitter:label2\" content=\"Gesch\u00e4tzte Lesezeit\" \/>\n\t<meta name=\"twitter:data2\" content=\"2\u00a0Minuten\" \/>\n<script type=\"application\/ld+json\" class=\"yoast-schema-graph\">{\"@context\":\"https:\\\/\\\/schema.org\",\"@graph\":[{\"@type\":\"Article\",\"@id\":\"https:\\\/\\\/martinluther.ca\\\/de\\\/2018\\\/06\\\/interview-mit-karen-ridley-mitglied-des-fluechtlingsbetreungsteams\\\/#article\",\"isPartOf\":{\"@id\":\"https:\\\/\\\/martinluther.ca\\\/de\\\/2018\\\/06\\\/interview-mit-karen-ridley-mitglied-des-fluechtlingsbetreungsteams\\\/\"},\"author\":{\"name\":\"Mona Kakoschke Frantzke\",\"@id\":\"https:\\\/\\\/martinluther.ca\\\/de\\\/#\\\/schema\\\/person\\\/815c51710f70b050f0476f18da6b0c8f\"},\"headline\":\"Interview mit Karen Ridley, Mitglied des Fl\u00fcchtlingsbetreungsteams\",\"datePublished\":\"2018-06-21T04:05:19+00:00\",\"mainEntityOfPage\":{\"@id\":\"https:\\\/\\\/martinluther.ca\\\/de\\\/2018\\\/06\\\/interview-mit-karen-ridley-mitglied-des-fluechtlingsbetreungsteams\\\/\"},\"wordCount\":435,\"publisher\":{\"@id\":\"https:\\\/\\\/martinluther.ca\\\/de\\\/#organization\"},\"image\":{\"@id\":\"https:\\\/\\\/martinluther.ca\\\/de\\\/2018\\\/06\\\/interview-mit-karen-ridley-mitglied-des-fluechtlingsbetreungsteams\\\/#primaryimage\"},\"thumbnailUrl\":\"https:\\\/\\\/martinluther.ca\\\/wp-content\\\/uploads\\\/2018\\\/06\\\/2016-12-Rosto-Family-Aga-Khan3.jpg\",\"articleSection\":[\"News Blog - German\"],\"inLanguage\":\"de\"},{\"@type\":\"WebPage\",\"@id\":\"https:\\\/\\\/martinluther.ca\\\/de\\\/2018\\\/06\\\/interview-mit-karen-ridley-mitglied-des-fluechtlingsbetreungsteams\\\/\",\"url\":\"https:\\\/\\\/martinluther.ca\\\/de\\\/2018\\\/06\\\/interview-mit-karen-ridley-mitglied-des-fluechtlingsbetreungsteams\\\/\",\"name\":\"Interview mit Karen Ridley, Mitglied des Fl\u00fcchtlingsbetreungsteams - Martin Luther Evangelische Kirche Toronto\",\"isPartOf\":{\"@id\":\"https:\\\/\\\/martinluther.ca\\\/de\\\/#website\"},\"primaryImageOfPage\":{\"@id\":\"https:\\\/\\\/martinluther.ca\\\/de\\\/2018\\\/06\\\/interview-mit-karen-ridley-mitglied-des-fluechtlingsbetreungsteams\\\/#primaryimage\"},\"image\":{\"@id\":\"https:\\\/\\\/martinluther.ca\\\/de\\\/2018\\\/06\\\/interview-mit-karen-ridley-mitglied-des-fluechtlingsbetreungsteams\\\/#primaryimage\"},\"thumbnailUrl\":\"https:\\\/\\\/martinluther.ca\\\/wp-content\\\/uploads\\\/2018\\\/06\\\/2016-12-Rosto-Family-Aga-Khan3.jpg\",\"datePublished\":\"2018-06-21T04:05:19+00:00\",\"breadcrumb\":{\"@id\":\"https:\\\/\\\/martinluther.ca\\\/de\\\/2018\\\/06\\\/interview-mit-karen-ridley-mitglied-des-fluechtlingsbetreungsteams\\\/#breadcrumb\"},\"inLanguage\":\"de\",\"potentialAction\":[{\"@type\":\"ReadAction\",\"target\":[\"https:\\\/\\\/martinluther.ca\\\/de\\\/2018\\\/06\\\/interview-mit-karen-ridley-mitglied-des-fluechtlingsbetreungsteams\\\/\"]}]},{\"@type\":\"ImageObject\",\"inLanguage\":\"de\",\"@id\":\"https:\\\/\\\/martinluther.ca\\\/de\\\/2018\\\/06\\\/interview-mit-karen-ridley-mitglied-des-fluechtlingsbetreungsteams\\\/#primaryimage\",\"url\":\"https:\\\/\\\/martinluther.ca\\\/wp-content\\\/uploads\\\/2018\\\/06\\\/2016-12-Rosto-Family-Aga-Khan3.jpg\",\"contentUrl\":\"https:\\\/\\\/martinluther.ca\\\/wp-content\\\/uploads\\\/2018\\\/06\\\/2016-12-Rosto-Family-Aga-Khan3.jpg\",\"width\":3264,\"height\":2448},{\"@type\":\"BreadcrumbList\",\"@id\":\"https:\\\/\\\/martinluther.ca\\\/de\\\/2018\\\/06\\\/interview-mit-karen-ridley-mitglied-des-fluechtlingsbetreungsteams\\\/#breadcrumb\",\"itemListElement\":[{\"@type\":\"ListItem\",\"position\":1,\"name\":\"Home\",\"item\":\"https:\\\/\\\/martinluther.ca\\\/de\\\/\"},{\"@type\":\"ListItem\",\"position\":2,\"name\":\"Interview mit Karen Ridley, Mitglied des Fl\u00fcchtlingsbetreungsteams\"}]},{\"@type\":\"WebSite\",\"@id\":\"https:\\\/\\\/martinluther.ca\\\/de\\\/#website\",\"url\":\"https:\\\/\\\/martinluther.ca\\\/de\\\/\",\"name\":\"Martin Luther Evangelical Church Toronto\",\"description\":\"Deutsch &amp; Englisch\",\"publisher\":{\"@id\":\"https:\\\/\\\/martinluther.ca\\\/de\\\/#organization\"},\"potentialAction\":[{\"@type\":\"SearchAction\",\"target\":{\"@type\":\"EntryPoint\",\"urlTemplate\":\"https:\\\/\\\/martinluther.ca\\\/de\\\/?s={search_term_string}\"},\"query-input\":{\"@type\":\"PropertyValueSpecification\",\"valueRequired\":true,\"valueName\":\"search_term_string\"}}],\"inLanguage\":\"de\"},{\"@type\":\"Organization\",\"@id\":\"https:\\\/\\\/martinluther.ca\\\/de\\\/#organization\",\"name\":\"Martin Luther Evangelical Church Toronto\",\"url\":\"https:\\\/\\\/martinluther.ca\\\/de\\\/\",\"logo\":{\"@type\":\"ImageObject\",\"inLanguage\":\"de\",\"@id\":\"https:\\\/\\\/martinluther.ca\\\/de\\\/#\\\/schema\\\/logo\\\/image\\\/\",\"url\":\"https:\\\/\\\/martinluther.ca\\\/wp-content\\\/uploads\\\/2016\\\/12\\\/ml-logo-300.png\",\"contentUrl\":\"https:\\\/\\\/martinluther.ca\\\/wp-content\\\/uploads\\\/2016\\\/12\\\/ml-logo-300.png\",\"width\":300,\"height\":150,\"caption\":\"Martin Luther Evangelical Church Toronto\"},\"image\":{\"@id\":\"https:\\\/\\\/martinluther.ca\\\/de\\\/#\\\/schema\\\/logo\\\/image\\\/\"},\"sameAs\":[\"https:\\\/\\\/www.facebook.com\\\/martinlutherchurchtoronto\",\"https:\\\/\\\/www.instagram.com\\\/lutheransbythelake\\\/\",\"https:\\\/\\\/www.youtube.com\\\/MartinLutherChurchToronto\"]},{\"@type\":\"Person\",\"@id\":\"https:\\\/\\\/martinluther.ca\\\/de\\\/#\\\/schema\\\/person\\\/815c51710f70b050f0476f18da6b0c8f\",\"name\":\"Mona Kakoschke Frantzke\",\"image\":{\"@type\":\"ImageObject\",\"inLanguage\":\"de\",\"@id\":\"https:\\\/\\\/secure.gravatar.com\\\/avatar\\\/0deb16854ca545cd2e9fc8001ca110d262b80d5c8317b38dc542265fbea0ed19?s=96&d=mm&r=g\",\"url\":\"https:\\\/\\\/secure.gravatar.com\\\/avatar\\\/0deb16854ca545cd2e9fc8001ca110d262b80d5c8317b38dc542265fbea0ed19?s=96&d=mm&r=g\",\"contentUrl\":\"https:\\\/\\\/secure.gravatar.com\\\/avatar\\\/0deb16854ca545cd2e9fc8001ca110d262b80d5c8317b38dc542265fbea0ed19?s=96&d=mm&r=g\",\"caption\":\"Mona Kakoschke Frantzke\"},\"url\":false}]}<\/script>\n<!-- \/ Yoast SEO plugin. -->","yoast_head_json":{"title":"Interview mit Karen Ridley, Mitglied des Fl\u00fcchtlingsbetreungsteams - Martin Luther Evangelische Kirche Toronto","robots":{"index":"index","follow":"follow","max-snippet":"max-snippet:-1","max-image-preview":"max-image-preview:large","max-video-preview":"max-video-preview:-1"},"canonical":"https:\/\/martinluther.ca\/de\/2018\/06\/interview-mit-karen-ridley-mitglied-des-fluechtlingsbetreungsteams\/","og_locale":"de_DE","og_type":"article","og_title":"Interview mit Karen Ridley, Mitglied des Fl\u00fcchtlingsbetreungsteams - Martin Luther Evangelische Kirche Toronto","og_description":"F: Wie sind Sie zum Fl\u00fcchtlingsbetreuungsteam der Martin Luther Kirche gekommen? Was hat Sie bewogen, dort ehrenamtlich mitzuarbeiten? A: Im Herbst 2015, als die Situation in Syrien eskalierte, las ich, dass die kanadische Regierung sich verpflichtet hatte, 25 000 syrische Fl\u00fcchtlinge in Kanada aufzunehmen. Ich wollte etwas bewirken und mit meiner Zeit und meinen Kenntnissen&hellip;","og_url":"https:\/\/martinluther.ca\/de\/2018\/06\/interview-mit-karen-ridley-mitglied-des-fluechtlingsbetreungsteams\/","og_site_name":"Martin Luther Evangelische Kirche Toronto","article_publisher":"https:\/\/www.facebook.com\/martinlutherchurchtoronto","article_published_time":"2018-06-21T04:05:19+00:00","og_image":[{"width":3264,"height":2448,"url":"https:\/\/martinluther.ca\/wp-content\/uploads\/2018\/06\/2016-12-Rosto-Family-Aga-Khan3.jpg","type":"image\/jpeg"}],"author":"Mona Kakoschke Frantzke","twitter_card":"summary_large_image","twitter_misc":{"Verfasst von":"Mona Kakoschke Frantzke","Gesch\u00e4tzte Lesezeit":"2\u00a0Minuten"},"schema":{"@context":"https:\/\/schema.org","@graph":[{"@type":"Article","@id":"https:\/\/martinluther.ca\/de\/2018\/06\/interview-mit-karen-ridley-mitglied-des-fluechtlingsbetreungsteams\/#article","isPartOf":{"@id":"https:\/\/martinluther.ca\/de\/2018\/06\/interview-mit-karen-ridley-mitglied-des-fluechtlingsbetreungsteams\/"},"author":{"name":"Mona Kakoschke Frantzke","@id":"https:\/\/martinluther.ca\/de\/#\/schema\/person\/815c51710f70b050f0476f18da6b0c8f"},"headline":"Interview mit Karen Ridley, Mitglied des Fl\u00fcchtlingsbetreungsteams","datePublished":"2018-06-21T04:05:19+00:00","mainEntityOfPage":{"@id":"https:\/\/martinluther.ca\/de\/2018\/06\/interview-mit-karen-ridley-mitglied-des-fluechtlingsbetreungsteams\/"},"wordCount":435,"publisher":{"@id":"https:\/\/martinluther.ca\/de\/#organization"},"image":{"@id":"https:\/\/martinluther.ca\/de\/2018\/06\/interview-mit-karen-ridley-mitglied-des-fluechtlingsbetreungsteams\/#primaryimage"},"thumbnailUrl":"https:\/\/martinluther.ca\/wp-content\/uploads\/2018\/06\/2016-12-Rosto-Family-Aga-Khan3.jpg","articleSection":["News Blog - German"],"inLanguage":"de"},{"@type":"WebPage","@id":"https:\/\/martinluther.ca\/de\/2018\/06\/interview-mit-karen-ridley-mitglied-des-fluechtlingsbetreungsteams\/","url":"https:\/\/martinluther.ca\/de\/2018\/06\/interview-mit-karen-ridley-mitglied-des-fluechtlingsbetreungsteams\/","name":"Interview mit Karen Ridley, Mitglied des Fl\u00fcchtlingsbetreungsteams - Martin Luther Evangelische Kirche Toronto","isPartOf":{"@id":"https:\/\/martinluther.ca\/de\/#website"},"primaryImageOfPage":{"@id":"https:\/\/martinluther.ca\/de\/2018\/06\/interview-mit-karen-ridley-mitglied-des-fluechtlingsbetreungsteams\/#primaryimage"},"image":{"@id":"https:\/\/martinluther.ca\/de\/2018\/06\/interview-mit-karen-ridley-mitglied-des-fluechtlingsbetreungsteams\/#primaryimage"},"thumbnailUrl":"https:\/\/martinluther.ca\/wp-content\/uploads\/2018\/06\/2016-12-Rosto-Family-Aga-Khan3.jpg","datePublished":"2018-06-21T04:05:19+00:00","breadcrumb":{"@id":"https:\/\/martinluther.ca\/de\/2018\/06\/interview-mit-karen-ridley-mitglied-des-fluechtlingsbetreungsteams\/#breadcrumb"},"inLanguage":"de","potentialAction":[{"@type":"ReadAction","target":["https:\/\/martinluther.ca\/de\/2018\/06\/interview-mit-karen-ridley-mitglied-des-fluechtlingsbetreungsteams\/"]}]},{"@type":"ImageObject","inLanguage":"de","@id":"https:\/\/martinluther.ca\/de\/2018\/06\/interview-mit-karen-ridley-mitglied-des-fluechtlingsbetreungsteams\/#primaryimage","url":"https:\/\/martinluther.ca\/wp-content\/uploads\/2018\/06\/2016-12-Rosto-Family-Aga-Khan3.jpg","contentUrl":"https:\/\/martinluther.ca\/wp-content\/uploads\/2018\/06\/2016-12-Rosto-Family-Aga-Khan3.jpg","width":3264,"height":2448},{"@type":"BreadcrumbList","@id":"https:\/\/martinluther.ca\/de\/2018\/06\/interview-mit-karen-ridley-mitglied-des-fluechtlingsbetreungsteams\/#breadcrumb","itemListElement":[{"@type":"ListItem","position":1,"name":"Home","item":"https:\/\/martinluther.ca\/de\/"},{"@type":"ListItem","position":2,"name":"Interview mit Karen Ridley, Mitglied des Fl\u00fcchtlingsbetreungsteams"}]},{"@type":"WebSite","@id":"https:\/\/martinluther.ca\/de\/#website","url":"https:\/\/martinluther.ca\/de\/","name":"Martin Luther Evangelical Church Toronto","description":"Deutsch &amp; Englisch","publisher":{"@id":"https:\/\/martinluther.ca\/de\/#organization"},"potentialAction":[{"@type":"SearchAction","target":{"@type":"EntryPoint","urlTemplate":"https:\/\/martinluther.ca\/de\/?s={search_term_string}"},"query-input":{"@type":"PropertyValueSpecification","valueRequired":true,"valueName":"search_term_string"}}],"inLanguage":"de"},{"@type":"Organization","@id":"https:\/\/martinluther.ca\/de\/#organization","name":"Martin Luther Evangelical Church Toronto","url":"https:\/\/martinluther.ca\/de\/","logo":{"@type":"ImageObject","inLanguage":"de","@id":"https:\/\/martinluther.ca\/de\/#\/schema\/logo\/image\/","url":"https:\/\/martinluther.ca\/wp-content\/uploads\/2016\/12\/ml-logo-300.png","contentUrl":"https:\/\/martinluther.ca\/wp-content\/uploads\/2016\/12\/ml-logo-300.png","width":300,"height":150,"caption":"Martin Luther Evangelical Church Toronto"},"image":{"@id":"https:\/\/martinluther.ca\/de\/#\/schema\/logo\/image\/"},"sameAs":["https:\/\/www.facebook.com\/martinlutherchurchtoronto","https:\/\/www.instagram.com\/lutheransbythelake\/","https:\/\/www.youtube.com\/MartinLutherChurchToronto"]},{"@type":"Person","@id":"https:\/\/martinluther.ca\/de\/#\/schema\/person\/815c51710f70b050f0476f18da6b0c8f","name":"Mona Kakoschke Frantzke","image":{"@type":"ImageObject","inLanguage":"de","@id":"https:\/\/secure.gravatar.com\/avatar\/0deb16854ca545cd2e9fc8001ca110d262b80d5c8317b38dc542265fbea0ed19?s=96&d=mm&r=g","url":"https:\/\/secure.gravatar.com\/avatar\/0deb16854ca545cd2e9fc8001ca110d262b80d5c8317b38dc542265fbea0ed19?s=96&d=mm&r=g","contentUrl":"https:\/\/secure.gravatar.com\/avatar\/0deb16854ca545cd2e9fc8001ca110d262b80d5c8317b38dc542265fbea0ed19?s=96&d=mm&r=g","caption":"Mona Kakoschke Frantzke"},"url":false}]}},"_links":{"self":[{"href":"https:\/\/martinluther.ca\/de\/wp-json\/wp\/v2\/posts\/28539","targetHints":{"allow":["GET"]}}],"collection":[{"href":"https:\/\/martinluther.ca\/de\/wp-json\/wp\/v2\/posts"}],"about":[{"href":"https:\/\/martinluther.ca\/de\/wp-json\/wp\/v2\/types\/post"}],"author":[{"embeddable":true,"href":"https:\/\/martinluther.ca\/de\/wp-json\/wp\/v2\/users\/9"}],"replies":[{"embeddable":true,"href":"https:\/\/martinluther.ca\/de\/wp-json\/wp\/v2\/comments?post=28539"}],"version-history":[{"count":2,"href":"https:\/\/martinluther.ca\/de\/wp-json\/wp\/v2\/posts\/28539\/revisions"}],"predecessor-version":[{"id":28541,"href":"https:\/\/martinluther.ca\/de\/wp-json\/wp\/v2\/posts\/28539\/revisions\/28541"}],"wp:featuredmedia":[{"embeddable":true,"href":"https:\/\/martinluther.ca\/de\/wp-json\/wp\/v2\/media\/28537"}],"wp:attachment":[{"href":"https:\/\/martinluther.ca\/de\/wp-json\/wp\/v2\/media?parent=28539"}],"wp:term":[{"taxonomy":"category","embeddable":true,"href":"https:\/\/martinluther.ca\/de\/wp-json\/wp\/v2\/categories?post=28539"},{"taxonomy":"post_tag","embeddable":true,"href":"https:\/\/martinluther.ca\/de\/wp-json\/wp\/v2\/tags?post=28539"},{"taxonomy":"post_series","embeddable":true,"href":"https:\/\/martinluther.ca\/de\/wp-json\/wp\/v2\/post_series?post=28539"}],"curies":[{"name":"wp","href":"https:\/\/api.w.org\/{rel}","templated":true}]}}