{"id":28974,"date":"2018-10-09T16:40:11","date_gmt":"2018-10-09T20:40:11","guid":{"rendered":"https:\/\/martinluther.ca\/?p=28974"},"modified":"2018-10-09T16:39:35","modified_gmt":"2018-10-09T20:39:35","slug":"machen-sie-mit-den-organisatoren-des-weihnachtsbasars-mit","status":"publish","type":"post","link":"https:\/\/martinluther.ca\/de\/2018\/10\/machen-sie-mit-den-organisatoren-des-weihnachtsbasars-mit\/","title":{"rendered":"Machen Sie mit den Organisatoren des Weihnachtsbasars mit"},"content":{"rendered":"<p><a href=\"https:\/\/martinluther.ca\/wp-content\/uploads\/2018\/10\/Christmas-Bazaar-1.jpg\"><img loading=\"lazy\" decoding=\"async\" class=\"alignright size-medium wp-image-28972\" src=\"https:\/\/martinluther.ca\/wp-content\/uploads\/2018\/10\/Christmas-Bazaar-1-300x225.jpg\" alt=\"\" width=\"300\" height=\"225\" srcset=\"https:\/\/martinluther.ca\/wp-content\/uploads\/2018\/10\/Christmas-Bazaar-1-300x225.jpg 300w, https:\/\/martinluther.ca\/wp-content\/uploads\/2018\/10\/Christmas-Bazaar-1-768x576.jpg 768w, https:\/\/martinluther.ca\/wp-content\/uploads\/2018\/10\/Christmas-Bazaar-1.jpg 1023w\" sizes=\"auto, (max-width: 300px) 100vw, 300px\" \/><\/a>Das Betreuungs-Team f\u00fcr Fl\u00fcchtlingsfamilien sucht Organisatoren zum diesj\u00e4hrigen <strong>Weihnachtsbasar<\/strong> am 1 Adventssonntag (2. Dezember 2018).<\/p>\n<p>Wir gehen eine neue Partnerschaft mit einer sechs k\u00f6pfige Familie aus Eritrea ein und ben\u00f6tigen ein Startkapital von $20.000.<\/p>\n<p>Wir brauchen engagierte Freiwillige zur Planung, <span style=\"display: inline !important; float: none; background-color: transparent; color: #333333; cursor: text; font-family: Georgia,'Times New Roman','Bitstream Charter',Times,serif; font-size: 16px; font-style: normal; font-variant: normal; font-weight: 400; letter-spacing: normal; orphans: 2; text-align: left; text-decoration: none; text-indent: 0px; text-transform: none; -webkit-text-stroke-width: 0px; white-space: normal; word-spacing: 0px;\">Basteln, Backen, Kochen, Handarbeiten<\/span>, Werbung, Auf-\/Abbau, und Servieren.<\/p>\n<p>Interessierte bitte bei Iris melden, 905 625 9174, iris.g.schweiger@gmail.com<\/p>\n","protected":false},"excerpt":{"rendered":"<p>Das Betreuungs-Team f\u00fcr Fl\u00fcchtlingsfamilien sucht Organisatoren zum diesj\u00e4hrigen Weihnachtsbasar am 1 Adventssonntag (2. Dezember 2018). Wir gehen eine neue Partnerschaft mit einer sechs k\u00f6pfige Familie aus Eritrea ein und ben\u00f6tigen ein Startkapital von $20.000. Wir brauchen engagierte Freiwillige zur Planung, Basteln, Backen, Kochen, Handarbeiten, Werbung, Auf-\/Abbau, und Servieren. Interessierte bitte bei Iris melden, 905 625&hellip;<\/p>\n","protected":false},"author":8,"featured_media":28972,"comment_status":"closed","ping_status":"closed","sticky":false,"template":"","format":"standard","meta":{"footnotes":""},"categories":[69],"tags":[],"post_series":[],"class_list":["post-28974","post","type-post","status-publish","format-standard","has-post-thumbnail","hentry","category-news-blog-german","entry","has-media"],"yoast_head":"<!-- This site is optimized with the Yoast SEO plugin v27.5 - https:\/\/yoast.com\/product\/yoast-seo-wordpress\/ -->\n<title>Machen Sie mit den Organisatoren des Weihnachtsbasars mit - Martin Luther Evangelische Kirche Toronto<\/title>\n<meta name=\"robots\" content=\"index, follow, max-snippet:-1, max-image-preview:large, max-video-preview:-1\" \/>\n<link rel=\"canonical\" href=\"https:\/\/martinluther.ca\/de\/2018\/10\/machen-sie-mit-den-organisatoren-des-weihnachtsbasars-mit\/\" \/>\n<meta property=\"og:locale\" content=\"de_DE\" \/>\n<meta property=\"og:type\" content=\"article\" \/>\n<meta property=\"og:title\" content=\"Machen Sie mit den Organisatoren des Weihnachtsbasars mit - Martin Luther Evangelische Kirche Toronto\" \/>\n<meta property=\"og:description\" content=\"Das Betreuungs-Team f\u00fcr Fl\u00fcchtlingsfamilien sucht Organisatoren zum diesj\u00e4hrigen Weihnachtsbasar am 1 Adventssonntag (2. Dezember 2018). Wir gehen eine neue Partnerschaft mit einer sechs k\u00f6pfige Familie aus Eritrea ein und ben\u00f6tigen ein Startkapital von $20.000. Wir brauchen engagierte Freiwillige zur Planung, Basteln, Backen, Kochen, Handarbeiten, Werbung, Auf-\/Abbau, und Servieren. Interessierte bitte bei Iris melden, 905 625&hellip;\" \/>\n<meta property=\"og:url\" content=\"https:\/\/martinluther.ca\/de\/2018\/10\/machen-sie-mit-den-organisatoren-des-weihnachtsbasars-mit\/\" \/>\n<meta property=\"og:site_name\" content=\"Martin Luther Evangelische Kirche Toronto\" \/>\n<meta property=\"article:publisher\" content=\"https:\/\/www.facebook.com\/martinlutherchurchtoronto\" \/>\n<meta property=\"article:published_time\" content=\"2018-10-09T20:40:11+00:00\" \/>\n<meta property=\"og:image\" content=\"https:\/\/martinluther.ca\/wp-content\/uploads\/2018\/10\/Christmas-Bazaar-1.jpg\" \/>\n\t<meta property=\"og:image:width\" content=\"1023\" \/>\n\t<meta property=\"og:image:height\" content=\"767\" \/>\n\t<meta property=\"og:image:type\" content=\"image\/jpeg\" \/>\n<meta name=\"author\" content=\"Marlena Muller\" \/>\n<meta name=\"twitter:card\" content=\"summary_large_image\" \/>\n<meta name=\"twitter:label1\" content=\"Verfasst von\" \/>\n\t<meta name=\"twitter:data1\" content=\"Marlena Muller\" \/>\n<script type=\"application\/ld+json\" class=\"yoast-schema-graph\">{\"@context\":\"https:\\\/\\\/schema.org\",\"@graph\":[{\"@type\":\"Article\",\"@id\":\"https:\\\/\\\/martinluther.ca\\\/de\\\/2018\\\/10\\\/machen-sie-mit-den-organisatoren-des-weihnachtsbasars-mit\\\/#article\",\"isPartOf\":{\"@id\":\"https:\\\/\\\/martinluther.ca\\\/de\\\/2018\\\/10\\\/machen-sie-mit-den-organisatoren-des-weihnachtsbasars-mit\\\/\"},\"author\":{\"name\":\"Marlena Muller\",\"@id\":\"https:\\\/\\\/martinluther.ca\\\/de\\\/#\\\/schema\\\/person\\\/ef4e825f5d9d6fd740bbd7813710e15d\"},\"headline\":\"Machen Sie mit den Organisatoren des Weihnachtsbasars mit\",\"datePublished\":\"2018-10-09T20:40:11+00:00\",\"mainEntityOfPage\":{\"@id\":\"https:\\\/\\\/martinluther.ca\\\/de\\\/2018\\\/10\\\/machen-sie-mit-den-organisatoren-des-weihnachtsbasars-mit\\\/\"},\"wordCount\":68,\"publisher\":{\"@id\":\"https:\\\/\\\/martinluther.ca\\\/de\\\/#organization\"},\"image\":{\"@id\":\"https:\\\/\\\/martinluther.ca\\\/de\\\/2018\\\/10\\\/machen-sie-mit-den-organisatoren-des-weihnachtsbasars-mit\\\/#primaryimage\"},\"thumbnailUrl\":\"https:\\\/\\\/martinluther.ca\\\/wp-content\\\/uploads\\\/2018\\\/10\\\/Christmas-Bazaar-1.jpg\",\"articleSection\":[\"News Blog - German\"],\"inLanguage\":\"de\"},{\"@type\":\"WebPage\",\"@id\":\"https:\\\/\\\/martinluther.ca\\\/de\\\/2018\\\/10\\\/machen-sie-mit-den-organisatoren-des-weihnachtsbasars-mit\\\/\",\"url\":\"https:\\\/\\\/martinluther.ca\\\/de\\\/2018\\\/10\\\/machen-sie-mit-den-organisatoren-des-weihnachtsbasars-mit\\\/\",\"name\":\"Machen Sie mit den Organisatoren des Weihnachtsbasars mit - Martin Luther Evangelische Kirche Toronto\",\"isPartOf\":{\"@id\":\"https:\\\/\\\/martinluther.ca\\\/de\\\/#website\"},\"primaryImageOfPage\":{\"@id\":\"https:\\\/\\\/martinluther.ca\\\/de\\\/2018\\\/10\\\/machen-sie-mit-den-organisatoren-des-weihnachtsbasars-mit\\\/#primaryimage\"},\"image\":{\"@id\":\"https:\\\/\\\/martinluther.ca\\\/de\\\/2018\\\/10\\\/machen-sie-mit-den-organisatoren-des-weihnachtsbasars-mit\\\/#primaryimage\"},\"thumbnailUrl\":\"https:\\\/\\\/martinluther.ca\\\/wp-content\\\/uploads\\\/2018\\\/10\\\/Christmas-Bazaar-1.jpg\",\"datePublished\":\"2018-10-09T20:40:11+00:00\",\"breadcrumb\":{\"@id\":\"https:\\\/\\\/martinluther.ca\\\/de\\\/2018\\\/10\\\/machen-sie-mit-den-organisatoren-des-weihnachtsbasars-mit\\\/#breadcrumb\"},\"inLanguage\":\"de\",\"potentialAction\":[{\"@type\":\"ReadAction\",\"target\":[\"https:\\\/\\\/martinluther.ca\\\/de\\\/2018\\\/10\\\/machen-sie-mit-den-organisatoren-des-weihnachtsbasars-mit\\\/\"]}]},{\"@type\":\"ImageObject\",\"inLanguage\":\"de\",\"@id\":\"https:\\\/\\\/martinluther.ca\\\/de\\\/2018\\\/10\\\/machen-sie-mit-den-organisatoren-des-weihnachtsbasars-mit\\\/#primaryimage\",\"url\":\"https:\\\/\\\/martinluther.ca\\\/wp-content\\\/uploads\\\/2018\\\/10\\\/Christmas-Bazaar-1.jpg\",\"contentUrl\":\"https:\\\/\\\/martinluther.ca\\\/wp-content\\\/uploads\\\/2018\\\/10\\\/Christmas-Bazaar-1.jpg\",\"width\":1023,\"height\":767},{\"@type\":\"BreadcrumbList\",\"@id\":\"https:\\\/\\\/martinluther.ca\\\/de\\\/2018\\\/10\\\/machen-sie-mit-den-organisatoren-des-weihnachtsbasars-mit\\\/#breadcrumb\",\"itemListElement\":[{\"@type\":\"ListItem\",\"position\":1,\"name\":\"Home\",\"item\":\"https:\\\/\\\/martinluther.ca\\\/de\\\/\"},{\"@type\":\"ListItem\",\"position\":2,\"name\":\"Machen Sie mit den Organisatoren des Weihnachtsbasars mit\"}]},{\"@type\":\"WebSite\",\"@id\":\"https:\\\/\\\/martinluther.ca\\\/de\\\/#website\",\"url\":\"https:\\\/\\\/martinluther.ca\\\/de\\\/\",\"name\":\"Martin Luther Evangelical Church Toronto\",\"description\":\"Deutsch &amp; Englisch\",\"publisher\":{\"@id\":\"https:\\\/\\\/martinluther.ca\\\/de\\\/#organization\"},\"potentialAction\":[{\"@type\":\"SearchAction\",\"target\":{\"@type\":\"EntryPoint\",\"urlTemplate\":\"https:\\\/\\\/martinluther.ca\\\/de\\\/?s={search_term_string}\"},\"query-input\":{\"@type\":\"PropertyValueSpecification\",\"valueRequired\":true,\"valueName\":\"search_term_string\"}}],\"inLanguage\":\"de\"},{\"@type\":\"Organization\",\"@id\":\"https:\\\/\\\/martinluther.ca\\\/de\\\/#organization\",\"name\":\"Martin Luther Evangelical Church Toronto\",\"url\":\"https:\\\/\\\/martinluther.ca\\\/de\\\/\",\"logo\":{\"@type\":\"ImageObject\",\"inLanguage\":\"de\",\"@id\":\"https:\\\/\\\/martinluther.ca\\\/de\\\/#\\\/schema\\\/logo\\\/image\\\/\",\"url\":\"https:\\\/\\\/martinluther.ca\\\/wp-content\\\/uploads\\\/2016\\\/12\\\/ml-logo-300.png\",\"contentUrl\":\"https:\\\/\\\/martinluther.ca\\\/wp-content\\\/uploads\\\/2016\\\/12\\\/ml-logo-300.png\",\"width\":300,\"height\":150,\"caption\":\"Martin Luther Evangelical Church Toronto\"},\"image\":{\"@id\":\"https:\\\/\\\/martinluther.ca\\\/de\\\/#\\\/schema\\\/logo\\\/image\\\/\"},\"sameAs\":[\"https:\\\/\\\/www.facebook.com\\\/martinlutherchurchtoronto\",\"https:\\\/\\\/www.instagram.com\\\/lutheransbythelake\\\/\",\"https:\\\/\\\/www.youtube.com\\\/MartinLutherChurchToronto\"]},{\"@type\":\"Person\",\"@id\":\"https:\\\/\\\/martinluther.ca\\\/de\\\/#\\\/schema\\\/person\\\/ef4e825f5d9d6fd740bbd7813710e15d\",\"name\":\"Marlena Muller\",\"image\":{\"@type\":\"ImageObject\",\"inLanguage\":\"de\",\"@id\":\"https:\\\/\\\/secure.gravatar.com\\\/avatar\\\/fe840ff753768b839caa2dd522d4797f19f7e22fa2da83388e0fbfc570b65a37?s=96&d=mm&r=g\",\"url\":\"https:\\\/\\\/secure.gravatar.com\\\/avatar\\\/fe840ff753768b839caa2dd522d4797f19f7e22fa2da83388e0fbfc570b65a37?s=96&d=mm&r=g\",\"contentUrl\":\"https:\\\/\\\/secure.gravatar.com\\\/avatar\\\/fe840ff753768b839caa2dd522d4797f19f7e22fa2da83388e0fbfc570b65a37?s=96&d=mm&r=g\",\"caption\":\"Marlena Muller\"},\"url\":false}]}<\/script>\n<!-- \/ Yoast SEO plugin. -->","yoast_head_json":{"title":"Machen Sie mit den Organisatoren des Weihnachtsbasars mit - Martin Luther Evangelische Kirche Toronto","robots":{"index":"index","follow":"follow","max-snippet":"max-snippet:-1","max-image-preview":"max-image-preview:large","max-video-preview":"max-video-preview:-1"},"canonical":"https:\/\/martinluther.ca\/de\/2018\/10\/machen-sie-mit-den-organisatoren-des-weihnachtsbasars-mit\/","og_locale":"de_DE","og_type":"article","og_title":"Machen Sie mit den Organisatoren des Weihnachtsbasars mit - Martin Luther Evangelische Kirche Toronto","og_description":"Das Betreuungs-Team f\u00fcr Fl\u00fcchtlingsfamilien sucht Organisatoren zum diesj\u00e4hrigen Weihnachtsbasar am 1 Adventssonntag (2. Dezember 2018). Wir gehen eine neue Partnerschaft mit einer sechs k\u00f6pfige Familie aus Eritrea ein und ben\u00f6tigen ein Startkapital von $20.000. Wir brauchen engagierte Freiwillige zur Planung, Basteln, Backen, Kochen, Handarbeiten, Werbung, Auf-\/Abbau, und Servieren. Interessierte bitte bei Iris melden, 905 625&hellip;","og_url":"https:\/\/martinluther.ca\/de\/2018\/10\/machen-sie-mit-den-organisatoren-des-weihnachtsbasars-mit\/","og_site_name":"Martin Luther Evangelische Kirche Toronto","article_publisher":"https:\/\/www.facebook.com\/martinlutherchurchtoronto","article_published_time":"2018-10-09T20:40:11+00:00","og_image":[{"width":1023,"height":767,"url":"https:\/\/martinluther.ca\/wp-content\/uploads\/2018\/10\/Christmas-Bazaar-1.jpg","type":"image\/jpeg"}],"author":"Marlena Muller","twitter_card":"summary_large_image","twitter_misc":{"Verfasst von":"Marlena Muller"},"schema":{"@context":"https:\/\/schema.org","@graph":[{"@type":"Article","@id":"https:\/\/martinluther.ca\/de\/2018\/10\/machen-sie-mit-den-organisatoren-des-weihnachtsbasars-mit\/#article","isPartOf":{"@id":"https:\/\/martinluther.ca\/de\/2018\/10\/machen-sie-mit-den-organisatoren-des-weihnachtsbasars-mit\/"},"author":{"name":"Marlena Muller","@id":"https:\/\/martinluther.ca\/de\/#\/schema\/person\/ef4e825f5d9d6fd740bbd7813710e15d"},"headline":"Machen Sie mit den Organisatoren des Weihnachtsbasars mit","datePublished":"2018-10-09T20:40:11+00:00","mainEntityOfPage":{"@id":"https:\/\/martinluther.ca\/de\/2018\/10\/machen-sie-mit-den-organisatoren-des-weihnachtsbasars-mit\/"},"wordCount":68,"publisher":{"@id":"https:\/\/martinluther.ca\/de\/#organization"},"image":{"@id":"https:\/\/martinluther.ca\/de\/2018\/10\/machen-sie-mit-den-organisatoren-des-weihnachtsbasars-mit\/#primaryimage"},"thumbnailUrl":"https:\/\/martinluther.ca\/wp-content\/uploads\/2018\/10\/Christmas-Bazaar-1.jpg","articleSection":["News Blog - German"],"inLanguage":"de"},{"@type":"WebPage","@id":"https:\/\/martinluther.ca\/de\/2018\/10\/machen-sie-mit-den-organisatoren-des-weihnachtsbasars-mit\/","url":"https:\/\/martinluther.ca\/de\/2018\/10\/machen-sie-mit-den-organisatoren-des-weihnachtsbasars-mit\/","name":"Machen Sie mit den Organisatoren des Weihnachtsbasars mit - Martin Luther Evangelische Kirche Toronto","isPartOf":{"@id":"https:\/\/martinluther.ca\/de\/#website"},"primaryImageOfPage":{"@id":"https:\/\/martinluther.ca\/de\/2018\/10\/machen-sie-mit-den-organisatoren-des-weihnachtsbasars-mit\/#primaryimage"},"image":{"@id":"https:\/\/martinluther.ca\/de\/2018\/10\/machen-sie-mit-den-organisatoren-des-weihnachtsbasars-mit\/#primaryimage"},"thumbnailUrl":"https:\/\/martinluther.ca\/wp-content\/uploads\/2018\/10\/Christmas-Bazaar-1.jpg","datePublished":"2018-10-09T20:40:11+00:00","breadcrumb":{"@id":"https:\/\/martinluther.ca\/de\/2018\/10\/machen-sie-mit-den-organisatoren-des-weihnachtsbasars-mit\/#breadcrumb"},"inLanguage":"de","potentialAction":[{"@type":"ReadAction","target":["https:\/\/martinluther.ca\/de\/2018\/10\/machen-sie-mit-den-organisatoren-des-weihnachtsbasars-mit\/"]}]},{"@type":"ImageObject","inLanguage":"de","@id":"https:\/\/martinluther.ca\/de\/2018\/10\/machen-sie-mit-den-organisatoren-des-weihnachtsbasars-mit\/#primaryimage","url":"https:\/\/martinluther.ca\/wp-content\/uploads\/2018\/10\/Christmas-Bazaar-1.jpg","contentUrl":"https:\/\/martinluther.ca\/wp-content\/uploads\/2018\/10\/Christmas-Bazaar-1.jpg","width":1023,"height":767},{"@type":"BreadcrumbList","@id":"https:\/\/martinluther.ca\/de\/2018\/10\/machen-sie-mit-den-organisatoren-des-weihnachtsbasars-mit\/#breadcrumb","itemListElement":[{"@type":"ListItem","position":1,"name":"Home","item":"https:\/\/martinluther.ca\/de\/"},{"@type":"ListItem","position":2,"name":"Machen Sie mit den Organisatoren des Weihnachtsbasars mit"}]},{"@type":"WebSite","@id":"https:\/\/martinluther.ca\/de\/#website","url":"https:\/\/martinluther.ca\/de\/","name":"Martin Luther Evangelical Church Toronto","description":"Deutsch &amp; Englisch","publisher":{"@id":"https:\/\/martinluther.ca\/de\/#organization"},"potentialAction":[{"@type":"SearchAction","target":{"@type":"EntryPoint","urlTemplate":"https:\/\/martinluther.ca\/de\/?s={search_term_string}"},"query-input":{"@type":"PropertyValueSpecification","valueRequired":true,"valueName":"search_term_string"}}],"inLanguage":"de"},{"@type":"Organization","@id":"https:\/\/martinluther.ca\/de\/#organization","name":"Martin Luther Evangelical Church Toronto","url":"https:\/\/martinluther.ca\/de\/","logo":{"@type":"ImageObject","inLanguage":"de","@id":"https:\/\/martinluther.ca\/de\/#\/schema\/logo\/image\/","url":"https:\/\/martinluther.ca\/wp-content\/uploads\/2016\/12\/ml-logo-300.png","contentUrl":"https:\/\/martinluther.ca\/wp-content\/uploads\/2016\/12\/ml-logo-300.png","width":300,"height":150,"caption":"Martin Luther Evangelical Church Toronto"},"image":{"@id":"https:\/\/martinluther.ca\/de\/#\/schema\/logo\/image\/"},"sameAs":["https:\/\/www.facebook.com\/martinlutherchurchtoronto","https:\/\/www.instagram.com\/lutheransbythelake\/","https:\/\/www.youtube.com\/MartinLutherChurchToronto"]},{"@type":"Person","@id":"https:\/\/martinluther.ca\/de\/#\/schema\/person\/ef4e825f5d9d6fd740bbd7813710e15d","name":"Marlena Muller","image":{"@type":"ImageObject","inLanguage":"de","@id":"https:\/\/secure.gravatar.com\/avatar\/fe840ff753768b839caa2dd522d4797f19f7e22fa2da83388e0fbfc570b65a37?s=96&d=mm&r=g","url":"https:\/\/secure.gravatar.com\/avatar\/fe840ff753768b839caa2dd522d4797f19f7e22fa2da83388e0fbfc570b65a37?s=96&d=mm&r=g","contentUrl":"https:\/\/secure.gravatar.com\/avatar\/fe840ff753768b839caa2dd522d4797f19f7e22fa2da83388e0fbfc570b65a37?s=96&d=mm&r=g","caption":"Marlena Muller"},"url":false}]}},"_links":{"self":[{"href":"https:\/\/martinluther.ca\/de\/wp-json\/wp\/v2\/posts\/28974","targetHints":{"allow":["GET"]}}],"collection":[{"href":"https:\/\/martinluther.ca\/de\/wp-json\/wp\/v2\/posts"}],"about":[{"href":"https:\/\/martinluther.ca\/de\/wp-json\/wp\/v2\/types\/post"}],"author":[{"embeddable":true,"href":"https:\/\/martinluther.ca\/de\/wp-json\/wp\/v2\/users\/8"}],"replies":[{"embeddable":true,"href":"https:\/\/martinluther.ca\/de\/wp-json\/wp\/v2\/comments?post=28974"}],"version-history":[{"count":1,"href":"https:\/\/martinluther.ca\/de\/wp-json\/wp\/v2\/posts\/28974\/revisions"}],"predecessor-version":[{"id":28975,"href":"https:\/\/martinluther.ca\/de\/wp-json\/wp\/v2\/posts\/28974\/revisions\/28975"}],"wp:featuredmedia":[{"embeddable":true,"href":"https:\/\/martinluther.ca\/de\/wp-json\/wp\/v2\/media\/28972"}],"wp:attachment":[{"href":"https:\/\/martinluther.ca\/de\/wp-json\/wp\/v2\/media?parent=28974"}],"wp:term":[{"taxonomy":"category","embeddable":true,"href":"https:\/\/martinluther.ca\/de\/wp-json\/wp\/v2\/categories?post=28974"},{"taxonomy":"post_tag","embeddable":true,"href":"https:\/\/martinluther.ca\/de\/wp-json\/wp\/v2\/tags?post=28974"},{"taxonomy":"post_series","embeddable":true,"href":"https:\/\/martinluther.ca\/de\/wp-json\/wp\/v2\/post_series?post=28974"}],"curies":[{"name":"wp","href":"https:\/\/api.w.org\/{rel}","templated":true}]}}