{"id":29099,"date":"2018-10-17T20:32:09","date_gmt":"2018-10-18T00:32:09","guid":{"rendered":"https:\/\/martinluther.ca\/?p=29099"},"modified":"2018-10-17T20:38:02","modified_gmt":"2018-10-18T00:38:02","slug":"holocaust-erinnerungs-woche-buchbesprechung-fuer-schulkinder","status":"publish","type":"post","link":"https:\/\/martinluther.ca\/de\/2018\/10\/holocaust-erinnerungs-woche-buchbesprechung-fuer-schulkinder\/","title":{"rendered":"Holocaust-Erinnerungs-Woche: Buchbesprechung f\u00fcr Schulkinder in der MLK um 10.00 Uhr am 1. Nov"},"content":{"rendered":"<p><img loading=\"lazy\" decoding=\"async\" class=\"alignright size-medium wp-image-29068\" src=\"https:\/\/martinluther.ca\/wp-content\/uploads\/2018\/10\/18.-The-Promise-232x300.jpg\" alt=\"book: The Promise\" width=\"232\" height=\"300\" srcset=\"https:\/\/martinluther.ca\/wp-content\/uploads\/2018\/10\/18.-The-Promise-232x300.jpg 232w, https:\/\/martinluther.ca\/wp-content\/uploads\/2018\/10\/18.-The-Promise-768x994.jpg 768w, https:\/\/martinluther.ca\/wp-content\/uploads\/2018\/10\/18.-The-Promise-791x1024.jpg 791w\" sizes=\"auto, (max-width: 232px) 100vw, 232px\" \/>Unsere Martin Luther Kirche wird wieder eine Veranstaltung w\u00e4hrend der Holocaust-Erinnerungs-Woche (Holocaust Education Week) <strong>am 1. November 2018 um 10:00 Uhr<\/strong> halten. In diesem Jahr arbeiten wir mit \u201eSecond-Story-Press\u201c und interessierten Schulen zusammen,um einen Buchvortrag \u00fcber <strong>The Promise: Sisters Survive Auschwitz Together<\/strong> (deutsch: Das Versprechen: Schwestern \u00fcberleben gemeinsam Auschwitz) anzubieten.<\/p>\n<p>Lehrer mit <strong>Sch\u00fclern ab dem 9. Lebensjahr, die \u00fcber den Holocaust lernen, sind eingeladen, im Rahmen eines Klassenausflugs teilzunehmen<\/strong>. Die Buchverlegerin Margie Wolfe und ihre Cousine, die Journalistin Pnina Bat Zvi, werden ihr Buch \u00fcber die Erfahrungen ihrer M\u00fctter, die Schwestern Rachel und Toby, w\u00e4hrend des Holocausts vorstellen. Diese Geschichte zweier tapferer M\u00e4dchen, deren Versprechen an ihre Eltern, \u201eimmer zusammen zu bleiben\u201c ihnen geholfen hat, Auschwitz zu \u00fcberleben, bietet Kindern ein Fenster in diese dunkle Zeit, und ist zugleich eine Ode an die St\u00e4rke und Widerstandskraft der jungen Menschen und die Familienbindungen.<\/p>\n<p><strong>Interessierte LehrerInnen, die teilnehmen m\u00f6chten, sollten sich an das Kirchenb\u00fcro wenden<\/strong>: (416) 251-8293 | <a href=\"mailto:churchoffice@martinluther.ca\" target=\"_blank\" rel=\"noopener\">churchoffice@martinluther.ca<\/a><\/p>\n<p>For more information Holocaust Education Week contact the Sarah and Chaim Neuberger Holocaust Education Centre (416) 631-5689\u00a0<a href=\"https:\/\/www.holocaustcentre.com\/hew\" target=\"_blank\" rel=\"noopener\">https:\/\/www.holocaustcentre.com\/hew<\/a> 4600 Bathurst Street, 4th floor, Toronto, ON M2R 3V2<\/p>\n","protected":false},"excerpt":{"rendered":"<p>Unsere Martin Luther Kirche wird wieder eine Veranstaltung w\u00e4hrend der Holocaust-Erinnerungs-Woche (Holocaust Education Week) am 1. November 2018 um 10:00 Uhr halten. In diesem Jahr arbeiten wir mit \u201eSecond-Story-Press\u201c und interessierten Schulen zusammen,um einen Buchvortrag \u00fcber The Promise: Sisters Survive Auschwitz Together (deutsch: Das Versprechen: Schwestern \u00fcberleben gemeinsam Auschwitz) anzubieten. Lehrer mit Sch\u00fclern ab dem&hellip;<\/p>\n","protected":false},"author":9,"featured_media":29096,"comment_status":"closed","ping_status":"closed","sticky":false,"template":"","format":"standard","meta":{"footnotes":""},"categories":[69],"tags":[],"post_series":[],"class_list":["post-29099","post","type-post","status-publish","format-standard","has-post-thumbnail","hentry","category-news-blog-german","entry","has-media"],"yoast_head":"<!-- This site is optimized with the Yoast SEO plugin v27.5 - https:\/\/yoast.com\/product\/yoast-seo-wordpress\/ -->\n<title>Holocaust-Erinnerungs-Woche: Buchbesprechung f\u00fcr Schulkinder in der MLK um 10.00 Uhr am 1. Nov - Martin Luther Evangelische Kirche Toronto<\/title>\n<meta name=\"robots\" content=\"index, follow, max-snippet:-1, max-image-preview:large, max-video-preview:-1\" \/>\n<link rel=\"canonical\" href=\"https:\/\/martinluther.ca\/2018\/10\/holocaust-education-week-book-talk\/\" \/>\n<meta property=\"og:locale\" content=\"de_DE\" \/>\n<meta property=\"og:type\" content=\"article\" \/>\n<meta property=\"og:title\" content=\"Holocaust-Erinnerungs-Woche: Buchbesprechung f\u00fcr Schulkinder in der MLK um 10.00 Uhr am 1. Nov - Martin Luther Evangelische Kirche Toronto\" \/>\n<meta property=\"og:description\" content=\"Unsere Martin Luther Kirche wird wieder eine Veranstaltung w\u00e4hrend der Holocaust-Erinnerungs-Woche (Holocaust Education Week) am 1. November 2018 um 10:00 Uhr halten. In diesem Jahr arbeiten wir mit \u201eSecond-Story-Press\u201c und interessierten Schulen zusammen,um einen Buchvortrag \u00fcber The Promise: Sisters Survive Auschwitz Together (deutsch: Das Versprechen: Schwestern \u00fcberleben gemeinsam Auschwitz) anzubieten. Lehrer mit Sch\u00fclern ab dem&hellip;\" \/>\n<meta property=\"og:url\" content=\"https:\/\/martinluther.ca\/2018\/10\/holocaust-education-week-book-talk\/\" \/>\n<meta property=\"og:site_name\" content=\"Martin Luther Evangelische Kirche Toronto\" \/>\n<meta property=\"article:publisher\" content=\"https:\/\/www.facebook.com\/martinlutherchurchtoronto\" \/>\n<meta property=\"article:published_time\" content=\"2018-10-18T00:32:09+00:00\" \/>\n<meta property=\"article:modified_time\" content=\"2018-10-18T00:38:02+00:00\" \/>\n<meta property=\"og:image\" content=\"https:\/\/martinluther.ca\/wp-content\/uploads\/2018\/10\/18.-The-Promise-2.jpg\" \/>\n\t<meta property=\"og:image:width\" content=\"2548\" \/>\n\t<meta property=\"og:image:height\" content=\"1912\" \/>\n\t<meta property=\"og:image:type\" content=\"image\/jpeg\" \/>\n<meta name=\"author\" content=\"Mona Kakoschke Frantzke\" \/>\n<meta name=\"twitter:card\" content=\"summary_large_image\" \/>\n<meta name=\"twitter:label1\" content=\"Verfasst von\" \/>\n\t<meta name=\"twitter:data1\" content=\"Mona Kakoschke Frantzke\" \/>\n\t<meta name=\"twitter:label2\" content=\"Gesch\u00e4tzte Lesezeit\" \/>\n\t<meta name=\"twitter:data2\" content=\"1\u00a0Minute\" \/>\n<script type=\"application\/ld+json\" class=\"yoast-schema-graph\">{\"@context\":\"https:\\\/\\\/schema.org\",\"@graph\":[{\"@type\":\"Article\",\"@id\":\"https:\\\/\\\/martinluther.ca\\\/2018\\\/10\\\/holocaust-education-week-book-talk\\\/#article\",\"isPartOf\":{\"@id\":\"https:\\\/\\\/martinluther.ca\\\/2018\\\/10\\\/holocaust-education-week-book-talk\\\/\"},\"author\":{\"name\":\"Mona Kakoschke Frantzke\",\"@id\":\"https:\\\/\\\/martinluther.ca\\\/de\\\/#\\\/schema\\\/person\\\/815c51710f70b050f0476f18da6b0c8f\"},\"headline\":\"Holocaust-Erinnerungs-Woche: Buchbesprechung f\u00fcr Schulkinder in der MLK um 10.00 Uhr am 1. Nov\",\"datePublished\":\"2018-10-18T00:32:09+00:00\",\"dateModified\":\"2018-10-18T00:38:02+00:00\",\"mainEntityOfPage\":{\"@id\":\"https:\\\/\\\/martinluther.ca\\\/2018\\\/10\\\/holocaust-education-week-book-talk\\\/\"},\"wordCount\":204,\"publisher\":{\"@id\":\"https:\\\/\\\/martinluther.ca\\\/de\\\/#organization\"},\"image\":{\"@id\":\"https:\\\/\\\/martinluther.ca\\\/2018\\\/10\\\/holocaust-education-week-book-talk\\\/#primaryimage\"},\"thumbnailUrl\":\"https:\\\/\\\/martinluther.ca\\\/wp-content\\\/uploads\\\/2018\\\/10\\\/18.-The-Promise-2.jpg\",\"articleSection\":[\"News Blog - German\"],\"inLanguage\":\"de\"},{\"@type\":\"WebPage\",\"@id\":\"https:\\\/\\\/martinluther.ca\\\/2018\\\/10\\\/holocaust-education-week-book-talk\\\/\",\"url\":\"https:\\\/\\\/martinluther.ca\\\/2018\\\/10\\\/holocaust-education-week-book-talk\\\/\",\"name\":\"Holocaust-Erinnerungs-Woche: Buchbesprechung f\u00fcr Schulkinder in der MLK um 10.00 Uhr am 1. Nov - Martin Luther Evangelische Kirche Toronto\",\"isPartOf\":{\"@id\":\"https:\\\/\\\/martinluther.ca\\\/de\\\/#website\"},\"primaryImageOfPage\":{\"@id\":\"https:\\\/\\\/martinluther.ca\\\/2018\\\/10\\\/holocaust-education-week-book-talk\\\/#primaryimage\"},\"image\":{\"@id\":\"https:\\\/\\\/martinluther.ca\\\/2018\\\/10\\\/holocaust-education-week-book-talk\\\/#primaryimage\"},\"thumbnailUrl\":\"https:\\\/\\\/martinluther.ca\\\/wp-content\\\/uploads\\\/2018\\\/10\\\/18.-The-Promise-2.jpg\",\"datePublished\":\"2018-10-18T00:32:09+00:00\",\"dateModified\":\"2018-10-18T00:38:02+00:00\",\"breadcrumb\":{\"@id\":\"https:\\\/\\\/martinluther.ca\\\/2018\\\/10\\\/holocaust-education-week-book-talk\\\/#breadcrumb\"},\"inLanguage\":\"de\",\"potentialAction\":[{\"@type\":\"ReadAction\",\"target\":[\"https:\\\/\\\/martinluther.ca\\\/2018\\\/10\\\/holocaust-education-week-book-talk\\\/\"]}]},{\"@type\":\"ImageObject\",\"inLanguage\":\"de\",\"@id\":\"https:\\\/\\\/martinluther.ca\\\/2018\\\/10\\\/holocaust-education-week-book-talk\\\/#primaryimage\",\"url\":\"https:\\\/\\\/martinluther.ca\\\/wp-content\\\/uploads\\\/2018\\\/10\\\/18.-The-Promise-2.jpg\",\"contentUrl\":\"https:\\\/\\\/martinluther.ca\\\/wp-content\\\/uploads\\\/2018\\\/10\\\/18.-The-Promise-2.jpg\",\"width\":2548,\"height\":1912,\"caption\":\"book called The Promise\"},{\"@type\":\"BreadcrumbList\",\"@id\":\"https:\\\/\\\/martinluther.ca\\\/2018\\\/10\\\/holocaust-education-week-book-talk\\\/#breadcrumb\",\"itemListElement\":[{\"@type\":\"ListItem\",\"position\":1,\"name\":\"Home\",\"item\":\"https:\\\/\\\/martinluther.ca\\\/de\\\/\"},{\"@type\":\"ListItem\",\"position\":2,\"name\":\"Holocaust-Erinnerungs-Woche: Buchbesprechung f\u00fcr Schulkinder in der MLK um 10.00 Uhr am 1. Nov\"}]},{\"@type\":\"WebSite\",\"@id\":\"https:\\\/\\\/martinluther.ca\\\/de\\\/#website\",\"url\":\"https:\\\/\\\/martinluther.ca\\\/de\\\/\",\"name\":\"Martin Luther Evangelical Church Toronto\",\"description\":\"Deutsch &amp; Englisch\",\"publisher\":{\"@id\":\"https:\\\/\\\/martinluther.ca\\\/de\\\/#organization\"},\"potentialAction\":[{\"@type\":\"SearchAction\",\"target\":{\"@type\":\"EntryPoint\",\"urlTemplate\":\"https:\\\/\\\/martinluther.ca\\\/de\\\/?s={search_term_string}\"},\"query-input\":{\"@type\":\"PropertyValueSpecification\",\"valueRequired\":true,\"valueName\":\"search_term_string\"}}],\"inLanguage\":\"de\"},{\"@type\":\"Organization\",\"@id\":\"https:\\\/\\\/martinluther.ca\\\/de\\\/#organization\",\"name\":\"Martin Luther Evangelical Church Toronto\",\"url\":\"https:\\\/\\\/martinluther.ca\\\/de\\\/\",\"logo\":{\"@type\":\"ImageObject\",\"inLanguage\":\"de\",\"@id\":\"https:\\\/\\\/martinluther.ca\\\/de\\\/#\\\/schema\\\/logo\\\/image\\\/\",\"url\":\"https:\\\/\\\/martinluther.ca\\\/wp-content\\\/uploads\\\/2016\\\/12\\\/ml-logo-300.png\",\"contentUrl\":\"https:\\\/\\\/martinluther.ca\\\/wp-content\\\/uploads\\\/2016\\\/12\\\/ml-logo-300.png\",\"width\":300,\"height\":150,\"caption\":\"Martin Luther Evangelical Church Toronto\"},\"image\":{\"@id\":\"https:\\\/\\\/martinluther.ca\\\/de\\\/#\\\/schema\\\/logo\\\/image\\\/\"},\"sameAs\":[\"https:\\\/\\\/www.facebook.com\\\/martinlutherchurchtoronto\",\"https:\\\/\\\/www.instagram.com\\\/lutheransbythelake\\\/\",\"https:\\\/\\\/www.youtube.com\\\/MartinLutherChurchToronto\"]},{\"@type\":\"Person\",\"@id\":\"https:\\\/\\\/martinluther.ca\\\/de\\\/#\\\/schema\\\/person\\\/815c51710f70b050f0476f18da6b0c8f\",\"name\":\"Mona Kakoschke Frantzke\",\"image\":{\"@type\":\"ImageObject\",\"inLanguage\":\"de\",\"@id\":\"https:\\\/\\\/secure.gravatar.com\\\/avatar\\\/0deb16854ca545cd2e9fc8001ca110d262b80d5c8317b38dc542265fbea0ed19?s=96&d=mm&r=g\",\"url\":\"https:\\\/\\\/secure.gravatar.com\\\/avatar\\\/0deb16854ca545cd2e9fc8001ca110d262b80d5c8317b38dc542265fbea0ed19?s=96&d=mm&r=g\",\"contentUrl\":\"https:\\\/\\\/secure.gravatar.com\\\/avatar\\\/0deb16854ca545cd2e9fc8001ca110d262b80d5c8317b38dc542265fbea0ed19?s=96&d=mm&r=g\",\"caption\":\"Mona Kakoschke Frantzke\"},\"url\":false}]}<\/script>\n<!-- \/ Yoast SEO plugin. -->","yoast_head_json":{"title":"Holocaust-Erinnerungs-Woche: Buchbesprechung f\u00fcr Schulkinder in der MLK um 10.00 Uhr am 1. Nov - Martin Luther Evangelische Kirche Toronto","robots":{"index":"index","follow":"follow","max-snippet":"max-snippet:-1","max-image-preview":"max-image-preview:large","max-video-preview":"max-video-preview:-1"},"canonical":"https:\/\/martinluther.ca\/2018\/10\/holocaust-education-week-book-talk\/","og_locale":"de_DE","og_type":"article","og_title":"Holocaust-Erinnerungs-Woche: Buchbesprechung f\u00fcr Schulkinder in der MLK um 10.00 Uhr am 1. Nov - Martin Luther Evangelische Kirche Toronto","og_description":"Unsere Martin Luther Kirche wird wieder eine Veranstaltung w\u00e4hrend der Holocaust-Erinnerungs-Woche (Holocaust Education Week) am 1. November 2018 um 10:00 Uhr halten. In diesem Jahr arbeiten wir mit \u201eSecond-Story-Press\u201c und interessierten Schulen zusammen,um einen Buchvortrag \u00fcber The Promise: Sisters Survive Auschwitz Together (deutsch: Das Versprechen: Schwestern \u00fcberleben gemeinsam Auschwitz) anzubieten. Lehrer mit Sch\u00fclern ab dem&hellip;","og_url":"https:\/\/martinluther.ca\/2018\/10\/holocaust-education-week-book-talk\/","og_site_name":"Martin Luther Evangelische Kirche Toronto","article_publisher":"https:\/\/www.facebook.com\/martinlutherchurchtoronto","article_published_time":"2018-10-18T00:32:09+00:00","article_modified_time":"2018-10-18T00:38:02+00:00","og_image":[{"width":2548,"height":1912,"url":"https:\/\/martinluther.ca\/wp-content\/uploads\/2018\/10\/18.-The-Promise-2.jpg","type":"image\/jpeg"}],"author":"Mona Kakoschke Frantzke","twitter_card":"summary_large_image","twitter_misc":{"Verfasst von":"Mona Kakoschke Frantzke","Gesch\u00e4tzte Lesezeit":"1\u00a0Minute"},"schema":{"@context":"https:\/\/schema.org","@graph":[{"@type":"Article","@id":"https:\/\/martinluther.ca\/2018\/10\/holocaust-education-week-book-talk\/#article","isPartOf":{"@id":"https:\/\/martinluther.ca\/2018\/10\/holocaust-education-week-book-talk\/"},"author":{"name":"Mona Kakoschke Frantzke","@id":"https:\/\/martinluther.ca\/de\/#\/schema\/person\/815c51710f70b050f0476f18da6b0c8f"},"headline":"Holocaust-Erinnerungs-Woche: Buchbesprechung f\u00fcr Schulkinder in der MLK um 10.00 Uhr am 1. Nov","datePublished":"2018-10-18T00:32:09+00:00","dateModified":"2018-10-18T00:38:02+00:00","mainEntityOfPage":{"@id":"https:\/\/martinluther.ca\/2018\/10\/holocaust-education-week-book-talk\/"},"wordCount":204,"publisher":{"@id":"https:\/\/martinluther.ca\/de\/#organization"},"image":{"@id":"https:\/\/martinluther.ca\/2018\/10\/holocaust-education-week-book-talk\/#primaryimage"},"thumbnailUrl":"https:\/\/martinluther.ca\/wp-content\/uploads\/2018\/10\/18.-The-Promise-2.jpg","articleSection":["News Blog - German"],"inLanguage":"de"},{"@type":"WebPage","@id":"https:\/\/martinluther.ca\/2018\/10\/holocaust-education-week-book-talk\/","url":"https:\/\/martinluther.ca\/2018\/10\/holocaust-education-week-book-talk\/","name":"Holocaust-Erinnerungs-Woche: Buchbesprechung f\u00fcr Schulkinder in der MLK um 10.00 Uhr am 1. Nov - Martin Luther Evangelische Kirche Toronto","isPartOf":{"@id":"https:\/\/martinluther.ca\/de\/#website"},"primaryImageOfPage":{"@id":"https:\/\/martinluther.ca\/2018\/10\/holocaust-education-week-book-talk\/#primaryimage"},"image":{"@id":"https:\/\/martinluther.ca\/2018\/10\/holocaust-education-week-book-talk\/#primaryimage"},"thumbnailUrl":"https:\/\/martinluther.ca\/wp-content\/uploads\/2018\/10\/18.-The-Promise-2.jpg","datePublished":"2018-10-18T00:32:09+00:00","dateModified":"2018-10-18T00:38:02+00:00","breadcrumb":{"@id":"https:\/\/martinluther.ca\/2018\/10\/holocaust-education-week-book-talk\/#breadcrumb"},"inLanguage":"de","potentialAction":[{"@type":"ReadAction","target":["https:\/\/martinluther.ca\/2018\/10\/holocaust-education-week-book-talk\/"]}]},{"@type":"ImageObject","inLanguage":"de","@id":"https:\/\/martinluther.ca\/2018\/10\/holocaust-education-week-book-talk\/#primaryimage","url":"https:\/\/martinluther.ca\/wp-content\/uploads\/2018\/10\/18.-The-Promise-2.jpg","contentUrl":"https:\/\/martinluther.ca\/wp-content\/uploads\/2018\/10\/18.-The-Promise-2.jpg","width":2548,"height":1912,"caption":"book called The Promise"},{"@type":"BreadcrumbList","@id":"https:\/\/martinluther.ca\/2018\/10\/holocaust-education-week-book-talk\/#breadcrumb","itemListElement":[{"@type":"ListItem","position":1,"name":"Home","item":"https:\/\/martinluther.ca\/de\/"},{"@type":"ListItem","position":2,"name":"Holocaust-Erinnerungs-Woche: Buchbesprechung f\u00fcr Schulkinder in der MLK um 10.00 Uhr am 1. Nov"}]},{"@type":"WebSite","@id":"https:\/\/martinluther.ca\/de\/#website","url":"https:\/\/martinluther.ca\/de\/","name":"Martin Luther Evangelical Church Toronto","description":"Deutsch &amp; Englisch","publisher":{"@id":"https:\/\/martinluther.ca\/de\/#organization"},"potentialAction":[{"@type":"SearchAction","target":{"@type":"EntryPoint","urlTemplate":"https:\/\/martinluther.ca\/de\/?s={search_term_string}"},"query-input":{"@type":"PropertyValueSpecification","valueRequired":true,"valueName":"search_term_string"}}],"inLanguage":"de"},{"@type":"Organization","@id":"https:\/\/martinluther.ca\/de\/#organization","name":"Martin Luther Evangelical Church Toronto","url":"https:\/\/martinluther.ca\/de\/","logo":{"@type":"ImageObject","inLanguage":"de","@id":"https:\/\/martinluther.ca\/de\/#\/schema\/logo\/image\/","url":"https:\/\/martinluther.ca\/wp-content\/uploads\/2016\/12\/ml-logo-300.png","contentUrl":"https:\/\/martinluther.ca\/wp-content\/uploads\/2016\/12\/ml-logo-300.png","width":300,"height":150,"caption":"Martin Luther Evangelical Church Toronto"},"image":{"@id":"https:\/\/martinluther.ca\/de\/#\/schema\/logo\/image\/"},"sameAs":["https:\/\/www.facebook.com\/martinlutherchurchtoronto","https:\/\/www.instagram.com\/lutheransbythelake\/","https:\/\/www.youtube.com\/MartinLutherChurchToronto"]},{"@type":"Person","@id":"https:\/\/martinluther.ca\/de\/#\/schema\/person\/815c51710f70b050f0476f18da6b0c8f","name":"Mona Kakoschke Frantzke","image":{"@type":"ImageObject","inLanguage":"de","@id":"https:\/\/secure.gravatar.com\/avatar\/0deb16854ca545cd2e9fc8001ca110d262b80d5c8317b38dc542265fbea0ed19?s=96&d=mm&r=g","url":"https:\/\/secure.gravatar.com\/avatar\/0deb16854ca545cd2e9fc8001ca110d262b80d5c8317b38dc542265fbea0ed19?s=96&d=mm&r=g","contentUrl":"https:\/\/secure.gravatar.com\/avatar\/0deb16854ca545cd2e9fc8001ca110d262b80d5c8317b38dc542265fbea0ed19?s=96&d=mm&r=g","caption":"Mona Kakoschke Frantzke"},"url":false}]}},"_links":{"self":[{"href":"https:\/\/martinluther.ca\/de\/wp-json\/wp\/v2\/posts\/29099","targetHints":{"allow":["GET"]}}],"collection":[{"href":"https:\/\/martinluther.ca\/de\/wp-json\/wp\/v2\/posts"}],"about":[{"href":"https:\/\/martinluther.ca\/de\/wp-json\/wp\/v2\/types\/post"}],"author":[{"embeddable":true,"href":"https:\/\/martinluther.ca\/de\/wp-json\/wp\/v2\/users\/9"}],"replies":[{"embeddable":true,"href":"https:\/\/martinluther.ca\/de\/wp-json\/wp\/v2\/comments?post=29099"}],"version-history":[{"count":3,"href":"https:\/\/martinluther.ca\/de\/wp-json\/wp\/v2\/posts\/29099\/revisions"}],"predecessor-version":[{"id":29102,"href":"https:\/\/martinluther.ca\/de\/wp-json\/wp\/v2\/posts\/29099\/revisions\/29102"}],"wp:featuredmedia":[{"embeddable":true,"href":"https:\/\/martinluther.ca\/de\/wp-json\/wp\/v2\/media\/29096"}],"wp:attachment":[{"href":"https:\/\/martinluther.ca\/de\/wp-json\/wp\/v2\/media?parent=29099"}],"wp:term":[{"taxonomy":"category","embeddable":true,"href":"https:\/\/martinluther.ca\/de\/wp-json\/wp\/v2\/categories?post=29099"},{"taxonomy":"post_tag","embeddable":true,"href":"https:\/\/martinluther.ca\/de\/wp-json\/wp\/v2\/tags?post=29099"},{"taxonomy":"post_series","embeddable":true,"href":"https:\/\/martinluther.ca\/de\/wp-json\/wp\/v2\/post_series?post=29099"}],"curies":[{"name":"wp","href":"https:\/\/api.w.org\/{rel}","templated":true}]}}