{"id":29709,"date":"2019-02-06T15:33:24","date_gmt":"2019-02-06T20:33:24","guid":{"rendered":"https:\/\/martinluther.ca\/2019\/02\/weltgebetstag-freitag-1-marz-2019-un-19-00-uhr-mimico-baptist-church\/"},"modified":"2019-03-01T18:48:26","modified_gmt":"2019-03-01T23:48:26","slug":"weltgebetstag-freitag-1-marz-2019-un-19-00-uhr-mimico-baptist-church","status":"publish","type":"post","link":"https:\/\/martinluther.ca\/de\/2019\/02\/weltgebetstag-freitag-1-marz-2019-un-19-00-uhr-mimico-baptist-church\/","title":{"rendered":"Weltgebetstag Freitag 1. Marz 2019 um 19.00 Uhr Mimico Baptist Church"},"content":{"rendered":"<figure style=\"width: 225px\" class=\"wp-caption alignright\"><img loading=\"lazy\" decoding=\"async\" src=\"https:\/\/martinluther.ca\/wp-content\/uploads\/2019\/02\/WorldDayOfPrayerSlovenia-Artwork-225x300.jpg\" alt=\"World Day of Prayer 2019 artwork by Rezka Arnu\u015b\" width=\"225\" height=\"300\" \/><figcaption class=\"wp-caption-text\">World Day of Prayer 2019 artwork by Rezka Arnu\u015b<\/figcaption><\/figure>\n<p>Informiertes Gebet. Gebetbegleitete Aktion. Stellen Sie sich Christen aus \u00fcber 170 L\u00e4ndern vor, die an einem gemeinsamen Tag im Geist zusammenkommen, um f\u00fcr relevante Themen zu beten, die Frauen und Kinder betreffen. Das ist Realit\u00e4t: Die Bewegung ist seit fast 100 Jahren aktiv. Jedes Jahr entwickelt ein anderes Land einen Gottesdienst. Der Weltgebetstag wird in der Regel am ersten Freitag im M\u00e4rz gefeiert. Dieses Jahr ist es Slowenien: &#8222;Kommt &#8211; alles ist bereit&#8220;. Bitte wenden Sie sich an unser Kirchenb\u00fcro, wenn Sie zur Teilnahme bereit sind und weitere Informationen ben\u00f6tigen.<\/p>\n<p>Kontakt: Iris Schweiger (<a href=\"mailto:iris.g.schweiger@gmail.com\" target=\"_blank\" rel=\"noopener noreferrer\">iris.g.schweiger@gmail.com<\/a>)<\/p>\n<p style=\"text-align: center;\"><strong>Freitag 1. M\u00e4rz 2019 um 19.00 Uhr Mimico Baptist Church, 80 Hillside Ave (east off Royal York Rd north of Lakeshore Blvd West), Etobicoke<\/strong><br \/>\n<strong>Area churches will be gathering in prayer for Slovenia.<\/strong><\/p>\n<p style=\"text-align: center;\"><strong>Come &#8211; Everything is Ready! <\/strong><br \/>\n<strong>Luke 14:15-24<\/strong><\/p>\n<p style=\"text-align: center;\">Service written by the <a href=\"https:\/\/worlddayofprayer.net\/slovenia-2019.html\" target=\"_blank\" rel=\"noopener noreferrer\">World Day of Prayer Committee of Slovenia<\/a>, prepared and adapted for use in Canada by the <a href=\"https:\/\/wicc.org\/\" target=\"_blank\" rel=\"noopener noreferrer\">Women&#8217;s Inter-Church Council of Canada<\/a>.<\/p>\n","protected":false},"excerpt":{"rendered":"<p>Informiertes Gebet. Gebetbegleitete Aktion. Stellen Sie sich Christen aus \u00fcber 170 L\u00e4ndern vor, die an einem gemeinsamen Tag im Geist zusammenkommen, um f\u00fcr relevante Themen zu beten, die Frauen und Kinder betreffen. Das ist Realit\u00e4t: Die Bewegung ist seit fast 100 Jahren aktiv. Jedes Jahr entwickelt ein anderes Land einen Gottesdienst. Der Weltgebetstag wird in&hellip;<\/p>\n","protected":false},"author":9,"featured_media":29714,"comment_status":"closed","ping_status":"closed","sticky":false,"template":"","format":"standard","meta":{"footnotes":""},"categories":[69],"tags":[],"post_series":[],"class_list":["post-29709","post","type-post","status-publish","format-standard","has-post-thumbnail","hentry","category-news-blog-german","entry","has-media"],"yoast_head":"<!-- This site is optimized with the Yoast SEO plugin v27.5 - https:\/\/yoast.com\/product\/yoast-seo-wordpress\/ -->\n<title>Weltgebetstag Freitag 1. Marz 2019 um 19.00 Uhr Mimico Baptist Church - Martin Luther Evangelische Kirche Toronto<\/title>\n<meta name=\"robots\" content=\"index, follow, max-snippet:-1, max-image-preview:large, max-video-preview:-1\" \/>\n<link rel=\"canonical\" href=\"https:\/\/martinluther.ca\/2019\/02\/world-day-of-prayer-friday-march-1-2019-at-700-pm-at-mimico-baptist-church\/\" \/>\n<meta property=\"og:locale\" content=\"de_DE\" \/>\n<meta property=\"og:type\" content=\"article\" \/>\n<meta property=\"og:title\" content=\"Weltgebetstag Freitag 1. Marz 2019 um 19.00 Uhr Mimico Baptist Church - Martin Luther Evangelische Kirche Toronto\" \/>\n<meta property=\"og:description\" content=\"Informiertes Gebet. Gebetbegleitete Aktion. Stellen Sie sich Christen aus \u00fcber 170 L\u00e4ndern vor, die an einem gemeinsamen Tag im Geist zusammenkommen, um f\u00fcr relevante Themen zu beten, die Frauen und Kinder betreffen. Das ist Realit\u00e4t: Die Bewegung ist seit fast 100 Jahren aktiv. Jedes Jahr entwickelt ein anderes Land einen Gottesdienst. Der Weltgebetstag wird in&hellip;\" \/>\n<meta property=\"og:url\" content=\"https:\/\/martinluther.ca\/2019\/02\/world-day-of-prayer-friday-march-1-2019-at-700-pm-at-mimico-baptist-church\/\" \/>\n<meta property=\"og:site_name\" content=\"Martin Luther Evangelische Kirche Toronto\" \/>\n<meta property=\"article:publisher\" content=\"https:\/\/www.facebook.com\/martinlutherchurchtoronto\" \/>\n<meta property=\"article:published_time\" content=\"2019-02-06T20:33:24+00:00\" \/>\n<meta property=\"article:modified_time\" content=\"2019-03-01T23:48:26+00:00\" \/>\n<meta property=\"og:image\" content=\"https:\/\/martinluther.ca\/wp-content\/uploads\/2019\/02\/WorldDayOfPrayerSlovenia-Artwork-web-posting.jpg\" \/>\n\t<meta property=\"og:image:width\" content=\"2328\" \/>\n\t<meta property=\"og:image:height\" content=\"1745\" \/>\n\t<meta property=\"og:image:type\" content=\"image\/jpeg\" \/>\n<meta name=\"author\" content=\"Mona Kakoschke Frantzke\" \/>\n<meta name=\"twitter:card\" content=\"summary_large_image\" \/>\n<meta name=\"twitter:label1\" content=\"Verfasst von\" \/>\n\t<meta name=\"twitter:data1\" content=\"Mona Kakoschke Frantzke\" \/>\n\t<meta name=\"twitter:label2\" content=\"Gesch\u00e4tzte Lesezeit\" \/>\n\t<meta name=\"twitter:data2\" content=\"1\u00a0Minute\" \/>\n<script type=\"application\/ld+json\" class=\"yoast-schema-graph\">{\"@context\":\"https:\\\/\\\/schema.org\",\"@graph\":[{\"@type\":\"Article\",\"@id\":\"https:\\\/\\\/martinluther.ca\\\/2019\\\/02\\\/world-day-of-prayer-friday-march-1-2019-at-700-pm-at-mimico-baptist-church\\\/#article\",\"isPartOf\":{\"@id\":\"https:\\\/\\\/martinluther.ca\\\/2019\\\/02\\\/world-day-of-prayer-friday-march-1-2019-at-700-pm-at-mimico-baptist-church\\\/\"},\"author\":{\"name\":\"Mona Kakoschke Frantzke\",\"@id\":\"https:\\\/\\\/martinluther.ca\\\/de\\\/#\\\/schema\\\/person\\\/815c51710f70b050f0476f18da6b0c8f\"},\"headline\":\"Weltgebetstag Freitag 1. Marz 2019 um 19.00 Uhr Mimico Baptist Church\",\"datePublished\":\"2019-02-06T20:33:24+00:00\",\"dateModified\":\"2019-03-01T23:48:26+00:00\",\"mainEntityOfPage\":{\"@id\":\"https:\\\/\\\/martinluther.ca\\\/2019\\\/02\\\/world-day-of-prayer-friday-march-1-2019-at-700-pm-at-mimico-baptist-church\\\/\"},\"wordCount\":187,\"publisher\":{\"@id\":\"https:\\\/\\\/martinluther.ca\\\/de\\\/#organization\"},\"image\":{\"@id\":\"https:\\\/\\\/martinluther.ca\\\/2019\\\/02\\\/world-day-of-prayer-friday-march-1-2019-at-700-pm-at-mimico-baptist-church\\\/#primaryimage\"},\"thumbnailUrl\":\"https:\\\/\\\/martinluther.ca\\\/wp-content\\\/uploads\\\/2019\\\/02\\\/WorldDayOfPrayerSlovenia-Artwork-web-posting.jpg\",\"articleSection\":[\"News Blog - German\"],\"inLanguage\":\"de\"},{\"@type\":\"WebPage\",\"@id\":\"https:\\\/\\\/martinluther.ca\\\/2019\\\/02\\\/world-day-of-prayer-friday-march-1-2019-at-700-pm-at-mimico-baptist-church\\\/\",\"url\":\"https:\\\/\\\/martinluther.ca\\\/2019\\\/02\\\/world-day-of-prayer-friday-march-1-2019-at-700-pm-at-mimico-baptist-church\\\/\",\"name\":\"Weltgebetstag Freitag 1. Marz 2019 um 19.00 Uhr Mimico Baptist Church - Martin Luther Evangelische Kirche Toronto\",\"isPartOf\":{\"@id\":\"https:\\\/\\\/martinluther.ca\\\/de\\\/#website\"},\"primaryImageOfPage\":{\"@id\":\"https:\\\/\\\/martinluther.ca\\\/2019\\\/02\\\/world-day-of-prayer-friday-march-1-2019-at-700-pm-at-mimico-baptist-church\\\/#primaryimage\"},\"image\":{\"@id\":\"https:\\\/\\\/martinluther.ca\\\/2019\\\/02\\\/world-day-of-prayer-friday-march-1-2019-at-700-pm-at-mimico-baptist-church\\\/#primaryimage\"},\"thumbnailUrl\":\"https:\\\/\\\/martinluther.ca\\\/wp-content\\\/uploads\\\/2019\\\/02\\\/WorldDayOfPrayerSlovenia-Artwork-web-posting.jpg\",\"datePublished\":\"2019-02-06T20:33:24+00:00\",\"dateModified\":\"2019-03-01T23:48:26+00:00\",\"breadcrumb\":{\"@id\":\"https:\\\/\\\/martinluther.ca\\\/2019\\\/02\\\/world-day-of-prayer-friday-march-1-2019-at-700-pm-at-mimico-baptist-church\\\/#breadcrumb\"},\"inLanguage\":\"de\",\"potentialAction\":[{\"@type\":\"ReadAction\",\"target\":[\"https:\\\/\\\/martinluther.ca\\\/2019\\\/02\\\/world-day-of-prayer-friday-march-1-2019-at-700-pm-at-mimico-baptist-church\\\/\"]}]},{\"@type\":\"ImageObject\",\"inLanguage\":\"de\",\"@id\":\"https:\\\/\\\/martinluther.ca\\\/2019\\\/02\\\/world-day-of-prayer-friday-march-1-2019-at-700-pm-at-mimico-baptist-church\\\/#primaryimage\",\"url\":\"https:\\\/\\\/martinluther.ca\\\/wp-content\\\/uploads\\\/2019\\\/02\\\/WorldDayOfPrayerSlovenia-Artwork-web-posting.jpg\",\"contentUrl\":\"https:\\\/\\\/martinluther.ca\\\/wp-content\\\/uploads\\\/2019\\\/02\\\/WorldDayOfPrayerSlovenia-Artwork-web-posting.jpg\",\"width\":2328,\"height\":1745,\"caption\":\"World Day of Prayer 2019 artwork by Rezka Arnu\u015b\"},{\"@type\":\"BreadcrumbList\",\"@id\":\"https:\\\/\\\/martinluther.ca\\\/2019\\\/02\\\/world-day-of-prayer-friday-march-1-2019-at-700-pm-at-mimico-baptist-church\\\/#breadcrumb\",\"itemListElement\":[{\"@type\":\"ListItem\",\"position\":1,\"name\":\"Home\",\"item\":\"https:\\\/\\\/martinluther.ca\\\/de\\\/\"},{\"@type\":\"ListItem\",\"position\":2,\"name\":\"Weltgebetstag Freitag 1. Marz 2019 um 19.00 Uhr Mimico Baptist Church\"}]},{\"@type\":\"WebSite\",\"@id\":\"https:\\\/\\\/martinluther.ca\\\/de\\\/#website\",\"url\":\"https:\\\/\\\/martinluther.ca\\\/de\\\/\",\"name\":\"Martin Luther Evangelical Church Toronto\",\"description\":\"Deutsch &amp; Englisch\",\"publisher\":{\"@id\":\"https:\\\/\\\/martinluther.ca\\\/de\\\/#organization\"},\"potentialAction\":[{\"@type\":\"SearchAction\",\"target\":{\"@type\":\"EntryPoint\",\"urlTemplate\":\"https:\\\/\\\/martinluther.ca\\\/de\\\/?s={search_term_string}\"},\"query-input\":{\"@type\":\"PropertyValueSpecification\",\"valueRequired\":true,\"valueName\":\"search_term_string\"}}],\"inLanguage\":\"de\"},{\"@type\":\"Organization\",\"@id\":\"https:\\\/\\\/martinluther.ca\\\/de\\\/#organization\",\"name\":\"Martin Luther Evangelical Church Toronto\",\"url\":\"https:\\\/\\\/martinluther.ca\\\/de\\\/\",\"logo\":{\"@type\":\"ImageObject\",\"inLanguage\":\"de\",\"@id\":\"https:\\\/\\\/martinluther.ca\\\/de\\\/#\\\/schema\\\/logo\\\/image\\\/\",\"url\":\"https:\\\/\\\/martinluther.ca\\\/wp-content\\\/uploads\\\/2016\\\/12\\\/ml-logo-300.png\",\"contentUrl\":\"https:\\\/\\\/martinluther.ca\\\/wp-content\\\/uploads\\\/2016\\\/12\\\/ml-logo-300.png\",\"width\":300,\"height\":150,\"caption\":\"Martin Luther Evangelical Church Toronto\"},\"image\":{\"@id\":\"https:\\\/\\\/martinluther.ca\\\/de\\\/#\\\/schema\\\/logo\\\/image\\\/\"},\"sameAs\":[\"https:\\\/\\\/www.facebook.com\\\/martinlutherchurchtoronto\",\"https:\\\/\\\/www.instagram.com\\\/lutheransbythelake\\\/\",\"https:\\\/\\\/www.youtube.com\\\/MartinLutherChurchToronto\"]},{\"@type\":\"Person\",\"@id\":\"https:\\\/\\\/martinluther.ca\\\/de\\\/#\\\/schema\\\/person\\\/815c51710f70b050f0476f18da6b0c8f\",\"name\":\"Mona Kakoschke Frantzke\",\"image\":{\"@type\":\"ImageObject\",\"inLanguage\":\"de\",\"@id\":\"https:\\\/\\\/secure.gravatar.com\\\/avatar\\\/0deb16854ca545cd2e9fc8001ca110d262b80d5c8317b38dc542265fbea0ed19?s=96&d=mm&r=g\",\"url\":\"https:\\\/\\\/secure.gravatar.com\\\/avatar\\\/0deb16854ca545cd2e9fc8001ca110d262b80d5c8317b38dc542265fbea0ed19?s=96&d=mm&r=g\",\"contentUrl\":\"https:\\\/\\\/secure.gravatar.com\\\/avatar\\\/0deb16854ca545cd2e9fc8001ca110d262b80d5c8317b38dc542265fbea0ed19?s=96&d=mm&r=g\",\"caption\":\"Mona Kakoschke Frantzke\"},\"url\":false}]}<\/script>\n<!-- \/ Yoast SEO plugin. -->","yoast_head_json":{"title":"Weltgebetstag Freitag 1. Marz 2019 um 19.00 Uhr Mimico Baptist Church - Martin Luther Evangelische Kirche Toronto","robots":{"index":"index","follow":"follow","max-snippet":"max-snippet:-1","max-image-preview":"max-image-preview:large","max-video-preview":"max-video-preview:-1"},"canonical":"https:\/\/martinluther.ca\/2019\/02\/world-day-of-prayer-friday-march-1-2019-at-700-pm-at-mimico-baptist-church\/","og_locale":"de_DE","og_type":"article","og_title":"Weltgebetstag Freitag 1. Marz 2019 um 19.00 Uhr Mimico Baptist Church - Martin Luther Evangelische Kirche Toronto","og_description":"Informiertes Gebet. Gebetbegleitete Aktion. Stellen Sie sich Christen aus \u00fcber 170 L\u00e4ndern vor, die an einem gemeinsamen Tag im Geist zusammenkommen, um f\u00fcr relevante Themen zu beten, die Frauen und Kinder betreffen. Das ist Realit\u00e4t: Die Bewegung ist seit fast 100 Jahren aktiv. Jedes Jahr entwickelt ein anderes Land einen Gottesdienst. Der Weltgebetstag wird in&hellip;","og_url":"https:\/\/martinluther.ca\/2019\/02\/world-day-of-prayer-friday-march-1-2019-at-700-pm-at-mimico-baptist-church\/","og_site_name":"Martin Luther Evangelische Kirche Toronto","article_publisher":"https:\/\/www.facebook.com\/martinlutherchurchtoronto","article_published_time":"2019-02-06T20:33:24+00:00","article_modified_time":"2019-03-01T23:48:26+00:00","og_image":[{"width":2328,"height":1745,"url":"https:\/\/martinluther.ca\/wp-content\/uploads\/2019\/02\/WorldDayOfPrayerSlovenia-Artwork-web-posting.jpg","type":"image\/jpeg"}],"author":"Mona Kakoschke Frantzke","twitter_card":"summary_large_image","twitter_misc":{"Verfasst von":"Mona Kakoschke Frantzke","Gesch\u00e4tzte Lesezeit":"1\u00a0Minute"},"schema":{"@context":"https:\/\/schema.org","@graph":[{"@type":"Article","@id":"https:\/\/martinluther.ca\/2019\/02\/world-day-of-prayer-friday-march-1-2019-at-700-pm-at-mimico-baptist-church\/#article","isPartOf":{"@id":"https:\/\/martinluther.ca\/2019\/02\/world-day-of-prayer-friday-march-1-2019-at-700-pm-at-mimico-baptist-church\/"},"author":{"name":"Mona Kakoschke Frantzke","@id":"https:\/\/martinluther.ca\/de\/#\/schema\/person\/815c51710f70b050f0476f18da6b0c8f"},"headline":"Weltgebetstag Freitag 1. Marz 2019 um 19.00 Uhr Mimico Baptist Church","datePublished":"2019-02-06T20:33:24+00:00","dateModified":"2019-03-01T23:48:26+00:00","mainEntityOfPage":{"@id":"https:\/\/martinluther.ca\/2019\/02\/world-day-of-prayer-friday-march-1-2019-at-700-pm-at-mimico-baptist-church\/"},"wordCount":187,"publisher":{"@id":"https:\/\/martinluther.ca\/de\/#organization"},"image":{"@id":"https:\/\/martinluther.ca\/2019\/02\/world-day-of-prayer-friday-march-1-2019-at-700-pm-at-mimico-baptist-church\/#primaryimage"},"thumbnailUrl":"https:\/\/martinluther.ca\/wp-content\/uploads\/2019\/02\/WorldDayOfPrayerSlovenia-Artwork-web-posting.jpg","articleSection":["News Blog - German"],"inLanguage":"de"},{"@type":"WebPage","@id":"https:\/\/martinluther.ca\/2019\/02\/world-day-of-prayer-friday-march-1-2019-at-700-pm-at-mimico-baptist-church\/","url":"https:\/\/martinluther.ca\/2019\/02\/world-day-of-prayer-friday-march-1-2019-at-700-pm-at-mimico-baptist-church\/","name":"Weltgebetstag Freitag 1. Marz 2019 um 19.00 Uhr Mimico Baptist Church - Martin Luther Evangelische Kirche Toronto","isPartOf":{"@id":"https:\/\/martinluther.ca\/de\/#website"},"primaryImageOfPage":{"@id":"https:\/\/martinluther.ca\/2019\/02\/world-day-of-prayer-friday-march-1-2019-at-700-pm-at-mimico-baptist-church\/#primaryimage"},"image":{"@id":"https:\/\/martinluther.ca\/2019\/02\/world-day-of-prayer-friday-march-1-2019-at-700-pm-at-mimico-baptist-church\/#primaryimage"},"thumbnailUrl":"https:\/\/martinluther.ca\/wp-content\/uploads\/2019\/02\/WorldDayOfPrayerSlovenia-Artwork-web-posting.jpg","datePublished":"2019-02-06T20:33:24+00:00","dateModified":"2019-03-01T23:48:26+00:00","breadcrumb":{"@id":"https:\/\/martinluther.ca\/2019\/02\/world-day-of-prayer-friday-march-1-2019-at-700-pm-at-mimico-baptist-church\/#breadcrumb"},"inLanguage":"de","potentialAction":[{"@type":"ReadAction","target":["https:\/\/martinluther.ca\/2019\/02\/world-day-of-prayer-friday-march-1-2019-at-700-pm-at-mimico-baptist-church\/"]}]},{"@type":"ImageObject","inLanguage":"de","@id":"https:\/\/martinluther.ca\/2019\/02\/world-day-of-prayer-friday-march-1-2019-at-700-pm-at-mimico-baptist-church\/#primaryimage","url":"https:\/\/martinluther.ca\/wp-content\/uploads\/2019\/02\/WorldDayOfPrayerSlovenia-Artwork-web-posting.jpg","contentUrl":"https:\/\/martinluther.ca\/wp-content\/uploads\/2019\/02\/WorldDayOfPrayerSlovenia-Artwork-web-posting.jpg","width":2328,"height":1745,"caption":"World Day of Prayer 2019 artwork by Rezka Arnu\u015b"},{"@type":"BreadcrumbList","@id":"https:\/\/martinluther.ca\/2019\/02\/world-day-of-prayer-friday-march-1-2019-at-700-pm-at-mimico-baptist-church\/#breadcrumb","itemListElement":[{"@type":"ListItem","position":1,"name":"Home","item":"https:\/\/martinluther.ca\/de\/"},{"@type":"ListItem","position":2,"name":"Weltgebetstag Freitag 1. Marz 2019 um 19.00 Uhr Mimico Baptist Church"}]},{"@type":"WebSite","@id":"https:\/\/martinluther.ca\/de\/#website","url":"https:\/\/martinluther.ca\/de\/","name":"Martin Luther Evangelical Church Toronto","description":"Deutsch &amp; Englisch","publisher":{"@id":"https:\/\/martinluther.ca\/de\/#organization"},"potentialAction":[{"@type":"SearchAction","target":{"@type":"EntryPoint","urlTemplate":"https:\/\/martinluther.ca\/de\/?s={search_term_string}"},"query-input":{"@type":"PropertyValueSpecification","valueRequired":true,"valueName":"search_term_string"}}],"inLanguage":"de"},{"@type":"Organization","@id":"https:\/\/martinluther.ca\/de\/#organization","name":"Martin Luther Evangelical Church Toronto","url":"https:\/\/martinluther.ca\/de\/","logo":{"@type":"ImageObject","inLanguage":"de","@id":"https:\/\/martinluther.ca\/de\/#\/schema\/logo\/image\/","url":"https:\/\/martinluther.ca\/wp-content\/uploads\/2016\/12\/ml-logo-300.png","contentUrl":"https:\/\/martinluther.ca\/wp-content\/uploads\/2016\/12\/ml-logo-300.png","width":300,"height":150,"caption":"Martin Luther Evangelical Church Toronto"},"image":{"@id":"https:\/\/martinluther.ca\/de\/#\/schema\/logo\/image\/"},"sameAs":["https:\/\/www.facebook.com\/martinlutherchurchtoronto","https:\/\/www.instagram.com\/lutheransbythelake\/","https:\/\/www.youtube.com\/MartinLutherChurchToronto"]},{"@type":"Person","@id":"https:\/\/martinluther.ca\/de\/#\/schema\/person\/815c51710f70b050f0476f18da6b0c8f","name":"Mona Kakoschke Frantzke","image":{"@type":"ImageObject","inLanguage":"de","@id":"https:\/\/secure.gravatar.com\/avatar\/0deb16854ca545cd2e9fc8001ca110d262b80d5c8317b38dc542265fbea0ed19?s=96&d=mm&r=g","url":"https:\/\/secure.gravatar.com\/avatar\/0deb16854ca545cd2e9fc8001ca110d262b80d5c8317b38dc542265fbea0ed19?s=96&d=mm&r=g","contentUrl":"https:\/\/secure.gravatar.com\/avatar\/0deb16854ca545cd2e9fc8001ca110d262b80d5c8317b38dc542265fbea0ed19?s=96&d=mm&r=g","caption":"Mona Kakoschke Frantzke"},"url":false}]}},"_links":{"self":[{"href":"https:\/\/martinluther.ca\/de\/wp-json\/wp\/v2\/posts\/29709","targetHints":{"allow":["GET"]}}],"collection":[{"href":"https:\/\/martinluther.ca\/de\/wp-json\/wp\/v2\/posts"}],"about":[{"href":"https:\/\/martinluther.ca\/de\/wp-json\/wp\/v2\/types\/post"}],"author":[{"embeddable":true,"href":"https:\/\/martinluther.ca\/de\/wp-json\/wp\/v2\/users\/9"}],"replies":[{"embeddable":true,"href":"https:\/\/martinluther.ca\/de\/wp-json\/wp\/v2\/comments?post=29709"}],"version-history":[{"count":2,"href":"https:\/\/martinluther.ca\/de\/wp-json\/wp\/v2\/posts\/29709\/revisions"}],"predecessor-version":[{"id":31122,"href":"https:\/\/martinluther.ca\/de\/wp-json\/wp\/v2\/posts\/29709\/revisions\/31122"}],"wp:featuredmedia":[{"embeddable":true,"href":"https:\/\/martinluther.ca\/de\/wp-json\/wp\/v2\/media\/29714"}],"wp:attachment":[{"href":"https:\/\/martinluther.ca\/de\/wp-json\/wp\/v2\/media?parent=29709"}],"wp:term":[{"taxonomy":"category","embeddable":true,"href":"https:\/\/martinluther.ca\/de\/wp-json\/wp\/v2\/categories?post=29709"},{"taxonomy":"post_tag","embeddable":true,"href":"https:\/\/martinluther.ca\/de\/wp-json\/wp\/v2\/tags?post=29709"},{"taxonomy":"post_series","embeddable":true,"href":"https:\/\/martinluther.ca\/de\/wp-json\/wp\/v2\/post_series?post=29709"}],"curies":[{"name":"wp","href":"https:\/\/api.w.org\/{rel}","templated":true}]}}