{"id":29751,"date":"2019-02-12T14:25:01","date_gmt":"2019-02-12T19:25:01","guid":{"rendered":"https:\/\/martinluther.ca\/?p=29751"},"modified":"2019-04-30T10:23:53","modified_gmt":"2019-04-30T14:23:53","slug":"passionsgottesdienst-am-aschermittwoch-6-maerz-passionsgottesdienste-jeden-donnerstag-ab-14-maerz","status":"publish","type":"post","link":"https:\/\/martinluther.ca\/de\/2019\/02\/passionsgottesdienst-am-aschermittwoch-6-maerz-passionsgottesdienste-jeden-donnerstag-ab-14-maerz\/","title":{"rendered":"Passionsgottesdienst am Aschermittwoch, 6. M\u00e4rz + Passionsgottesdienste jeden Donnerstag ab 14. M\u00e4rz"},"content":{"rendered":"<figure id=\"attachment_29743\" aria-describedby=\"caption-attachment-29743\" style=\"width: 300px\" class=\"wp-caption alignright\"><img loading=\"lazy\" decoding=\"async\" class=\"size-medium wp-image-29743\" src=\"https:\/\/martinluther.ca\/wp-content\/uploads\/2019\/02\/4.-Artist-Weber-2-300x225.jpg\" alt=\"K\u00fcnstler Robert M. Weber (*1958)\" width=\"300\" height=\"225\" srcset=\"https:\/\/martinluther.ca\/wp-content\/uploads\/2019\/02\/4.-Artist-Weber-2-300x225.jpg 300w, https:\/\/martinluther.ca\/wp-content\/uploads\/2019\/02\/4.-Artist-Weber-2.jpg 373w\" sizes=\"auto, (max-width: 300px) 100vw, 300px\" \/><figcaption id=\"caption-attachment-29743\" class=\"wp-caption-text\">K\u00fcnstler Robert M. Weber (*1958)<\/figcaption><\/figure>\n<p>Gemeinsam starten wir in die Passionszeit mit einem Gottesdienst am Aschermittwoch, 6. M\u00e4rz,<br \/>\num 19 Uhr, geleitet von Pastor Christian Ceconi und Vikarin Mirjam Steinebach.<\/p>\n<p>Dann, ab 14. M\u00e4rz an jedem Donnerstag um 19 Uhr Wir feiern unsere Passionsgottesdienste wieder gemeinsam mit unseren Nachbargemeinden vom Lakeshore. Jeden Donnerstag wird ein anderer Pastor oder eine andere Pastorin predigen und uns einf\u00fchren in die Bilder des K\u00fcnstlers Robert M. Weber (*1958).<\/p>\n<p>Webers Kreuzwegstationen sind aus mehreren Lagen Glas gefertigt und die vorherrschende Glasfarbe jedes Bildes gibt jedem Fenster seinen einmaligen Charakter und erzeugt im Zusammenspiel der Bilder eine einzigartige Dramatik. Weber schuf die Bilder f\u00fcr die R\u00f6mischkatholische St. Joseph der Arbeiter Kirche in Waldram nahe M\u00fcnchen.<\/p>\n<p>Passionsgottesdienste in der Martin Luther Kirche 2379 Lake Shore Blvd West, Etobicoke:<\/p>\n<p>Donnerstag 14. M\u00e4rz 2019<br \/>\nDonnesrtag 21. M\u00e4rz 2019<br \/>\nDonnerstag 28. M\u00e4rz 2019<br \/>\nDonnerstag 4. April 2019<br \/>\nDonnerstag 11. April 2019<\/p>\n<figure id=\"attachment_29745\" aria-describedby=\"caption-attachment-29745\" style=\"width: 300px\" class=\"wp-caption alignleft\"><img loading=\"lazy\" decoding=\"async\" class=\"size-medium wp-image-29745\" src=\"https:\/\/martinluther.ca\/wp-content\/uploads\/2019\/02\/4.-Kreuzweg05-2-300x225.jpg\" alt=\"\" width=\"300\" height=\"225\" srcset=\"https:\/\/martinluther.ca\/wp-content\/uploads\/2019\/02\/4.-Kreuzweg05-2-300x225.jpg 300w, https:\/\/martinluther.ca\/wp-content\/uploads\/2019\/02\/4.-Kreuzweg05-2.jpg 388w\" sizes=\"auto, (max-width: 300px) 100vw, 300px\" \/><figcaption id=\"caption-attachment-29745\" class=\"wp-caption-text\">Bildhauer Robert M. Weber, D-85567 Grafing ;<br \/>Wolfratshausen-Waldram, St. Josef, Werktagskapelle, Kreuzwegfenster, Station 5<br \/>Aufnahme: 09.11.2000 ; Digital<br \/>Archivnummer: 657kwd05<br \/>Photography by:<br \/>[ ! ] COPYRIGHT\/ALL RIGHTS RESERVED BY PHOTOGRAPHY PETER HINZ-ROSIN<br \/>SUDETENSTR.106, D-85567 GRAFING\/MUC GERMANY<br \/>FON: (49) 8092 \/ 84310 FAX: (49) 8092 \/ 708 501<br \/>Bankverbindung:Krspk EBE, BLZ:70051805, KTO:99937<br \/>NUTZUNG NUR GEGEN HONORAR, NAMENSNENNUNG BELEGEXEMPLAR WIRD VERLANGT WERK NACH \u00a72 URHG.<\/figcaption><\/figure><figure id=\"attachment_29747\" aria-describedby=\"caption-attachment-29747\" style=\"width: 300px\" class=\"wp-caption alignleft\"><img loading=\"lazy\" decoding=\"async\" class=\"wp-image-29747 size-medium\" src=\"https:\/\/martinluther.ca\/wp-content\/uploads\/2019\/02\/4.-Kreuzweg12-2-300x225.jpg\" alt=\"\" width=\"300\" height=\"225\" srcset=\"https:\/\/martinluther.ca\/wp-content\/uploads\/2019\/02\/4.-Kreuzweg12-2-300x225.jpg 300w, https:\/\/martinluther.ca\/wp-content\/uploads\/2019\/02\/4.-Kreuzweg12-2.jpg 526w\" sizes=\"auto, (max-width: 300px) 100vw, 300px\" \/><figcaption id=\"caption-attachment-29747\" class=\"wp-caption-text\">Bildhauer Robert M. Weber, D-85567 Grafing ;<br \/>Wolfratshausen-Waldram, St. Josef, Werktagskapelle, Kreuzwegfenster, Station 12<br \/>Aufnahme: 09.11.2000 ; Digital<br \/>Archivnummer: 657kwd12<br \/>Photography by:<br \/>[ ! ] COPYRIGHT\/ALL RIGHTS RESERVED BY PHOTOGRAPHY PETER HINZ-ROSIN<br \/>SUDETENSTR.106, D-85567 GRAFING\/MUC GERMANY<br \/>FON: (49) 8092 \/ 84310 FAX: (49) 8092 \/ 708 501<br \/>Bankverbindung:Krspk EBE, BLZ:70051805, KTO:99937<br \/>NUTZUNG NUR GEGEN HONORAR, NAMENSNENNUNG BELEGEXEMPLAR WIRD VERLANGT WERK NACH \u00a72 URHG.<\/figcaption><\/figure>&nbsp;<\/p>\n","protected":false},"excerpt":{"rendered":"<p>Gemeinsam starten wir in die Passionszeit mit einem Gottesdienst am Aschermittwoch, 6. M\u00e4rz, um 19 Uhr, geleitet von Pastor Christian Ceconi und Vikarin Mirjam Steinebach. Dann, ab 14. M\u00e4rz an jedem Donnerstag um 19 Uhr Wir feiern unsere Passionsgottesdienste wieder gemeinsam mit unseren Nachbargemeinden vom Lakeshore. Jeden Donnerstag wird ein anderer Pastor oder eine andere&hellip;<\/p>\n","protected":false},"author":9,"featured_media":29747,"comment_status":"closed","ping_status":"closed","sticky":false,"template":"","format":"standard","meta":{"footnotes":""},"categories":[69],"tags":[],"post_series":[],"class_list":["post-29751","post","type-post","status-publish","format-standard","has-post-thumbnail","hentry","category-news-blog-german","entry","has-media"],"yoast_head":"<!-- This site is optimized with the Yoast SEO plugin v27.5 - https:\/\/yoast.com\/product\/yoast-seo-wordpress\/ -->\n<title>Passionsgottesdienst am Aschermittwoch, 6. M\u00e4rz + Passionsgottesdienste jeden Donnerstag ab 14. M\u00e4rz - Martin Luther Evangelische Kirche Toronto<\/title>\n<meta name=\"robots\" content=\"index, follow, max-snippet:-1, max-image-preview:large, max-video-preview:-1\" \/>\n<link rel=\"canonical\" href=\"https:\/\/martinluther.ca\/de\/2019\/02\/passionsgottesdienst-am-aschermittwoch-6-maerz-passionsgottesdienste-jeden-donnerstag-ab-14-maerz\/\" \/>\n<meta property=\"og:locale\" content=\"de_DE\" \/>\n<meta property=\"og:type\" content=\"article\" \/>\n<meta property=\"og:title\" content=\"Passionsgottesdienst am Aschermittwoch, 6. M\u00e4rz + Passionsgottesdienste jeden Donnerstag ab 14. M\u00e4rz - Martin Luther Evangelische Kirche Toronto\" \/>\n<meta property=\"og:description\" content=\"Gemeinsam starten wir in die Passionszeit mit einem Gottesdienst am Aschermittwoch, 6. M\u00e4rz, um 19 Uhr, geleitet von Pastor Christian Ceconi und Vikarin Mirjam Steinebach. Dann, ab 14. M\u00e4rz an jedem Donnerstag um 19 Uhr Wir feiern unsere Passionsgottesdienste wieder gemeinsam mit unseren Nachbargemeinden vom Lakeshore. Jeden Donnerstag wird ein anderer Pastor oder eine andere&hellip;\" \/>\n<meta property=\"og:url\" content=\"https:\/\/martinluther.ca\/de\/2019\/02\/passionsgottesdienst-am-aschermittwoch-6-maerz-passionsgottesdienste-jeden-donnerstag-ab-14-maerz\/\" \/>\n<meta property=\"og:site_name\" content=\"Martin Luther Evangelische Kirche Toronto\" \/>\n<meta property=\"article:publisher\" content=\"https:\/\/www.facebook.com\/martinlutherchurchtoronto\" \/>\n<meta property=\"article:published_time\" content=\"2019-02-12T19:25:01+00:00\" \/>\n<meta property=\"article:modified_time\" content=\"2019-04-30T14:23:53+00:00\" \/>\n<meta property=\"og:image\" content=\"https:\/\/martinluther.ca\/wp-content\/uploads\/2019\/02\/4.-Kreuzweg12-2.jpg\" \/>\n\t<meta property=\"og:image:width\" content=\"526\" \/>\n\t<meta property=\"og:image:height\" content=\"394\" \/>\n\t<meta property=\"og:image:type\" content=\"image\/jpeg\" \/>\n<meta name=\"author\" content=\"Mona Kakoschke Frantzke\" \/>\n<meta name=\"twitter:card\" content=\"summary_large_image\" \/>\n<meta name=\"twitter:label1\" content=\"Verfasst von\" \/>\n\t<meta name=\"twitter:data1\" content=\"Mona Kakoschke Frantzke\" \/>\n\t<meta name=\"twitter:label2\" content=\"Gesch\u00e4tzte Lesezeit\" \/>\n\t<meta name=\"twitter:data2\" content=\"1\u00a0Minute\" \/>\n<script type=\"application\/ld+json\" class=\"yoast-schema-graph\">{\"@context\":\"https:\\\/\\\/schema.org\",\"@graph\":[{\"@type\":\"Article\",\"@id\":\"https:\\\/\\\/martinluther.ca\\\/de\\\/2019\\\/02\\\/passionsgottesdienst-am-aschermittwoch-6-maerz-passionsgottesdienste-jeden-donnerstag-ab-14-maerz\\\/#article\",\"isPartOf\":{\"@id\":\"https:\\\/\\\/martinluther.ca\\\/de\\\/2019\\\/02\\\/passionsgottesdienst-am-aschermittwoch-6-maerz-passionsgottesdienste-jeden-donnerstag-ab-14-maerz\\\/\"},\"author\":{\"name\":\"Mona Kakoschke Frantzke\",\"@id\":\"https:\\\/\\\/martinluther.ca\\\/de\\\/#\\\/schema\\\/person\\\/815c51710f70b050f0476f18da6b0c8f\"},\"headline\":\"Passionsgottesdienst am Aschermittwoch, 6. M\u00e4rz + Passionsgottesdienste jeden Donnerstag ab 14. M\u00e4rz\",\"datePublished\":\"2019-02-12T19:25:01+00:00\",\"dateModified\":\"2019-04-30T14:23:53+00:00\",\"mainEntityOfPage\":{\"@id\":\"https:\\\/\\\/martinluther.ca\\\/de\\\/2019\\\/02\\\/passionsgottesdienst-am-aschermittwoch-6-maerz-passionsgottesdienste-jeden-donnerstag-ab-14-maerz\\\/\"},\"wordCount\":270,\"publisher\":{\"@id\":\"https:\\\/\\\/martinluther.ca\\\/de\\\/#organization\"},\"image\":{\"@id\":\"https:\\\/\\\/martinluther.ca\\\/de\\\/2019\\\/02\\\/passionsgottesdienst-am-aschermittwoch-6-maerz-passionsgottesdienste-jeden-donnerstag-ab-14-maerz\\\/#primaryimage\"},\"thumbnailUrl\":\"https:\\\/\\\/martinluther.ca\\\/wp-content\\\/uploads\\\/2019\\\/02\\\/4.-Kreuzweg12-2.jpg\",\"articleSection\":[\"News Blog - German\"],\"inLanguage\":\"de\"},{\"@type\":\"WebPage\",\"@id\":\"https:\\\/\\\/martinluther.ca\\\/de\\\/2019\\\/02\\\/passionsgottesdienst-am-aschermittwoch-6-maerz-passionsgottesdienste-jeden-donnerstag-ab-14-maerz\\\/\",\"url\":\"https:\\\/\\\/martinluther.ca\\\/de\\\/2019\\\/02\\\/passionsgottesdienst-am-aschermittwoch-6-maerz-passionsgottesdienste-jeden-donnerstag-ab-14-maerz\\\/\",\"name\":\"Passionsgottesdienst am Aschermittwoch, 6. M\u00e4rz + Passionsgottesdienste jeden Donnerstag ab 14. M\u00e4rz - Martin Luther Evangelische Kirche Toronto\",\"isPartOf\":{\"@id\":\"https:\\\/\\\/martinluther.ca\\\/de\\\/#website\"},\"primaryImageOfPage\":{\"@id\":\"https:\\\/\\\/martinluther.ca\\\/de\\\/2019\\\/02\\\/passionsgottesdienst-am-aschermittwoch-6-maerz-passionsgottesdienste-jeden-donnerstag-ab-14-maerz\\\/#primaryimage\"},\"image\":{\"@id\":\"https:\\\/\\\/martinluther.ca\\\/de\\\/2019\\\/02\\\/passionsgottesdienst-am-aschermittwoch-6-maerz-passionsgottesdienste-jeden-donnerstag-ab-14-maerz\\\/#primaryimage\"},\"thumbnailUrl\":\"https:\\\/\\\/martinluther.ca\\\/wp-content\\\/uploads\\\/2019\\\/02\\\/4.-Kreuzweg12-2.jpg\",\"datePublished\":\"2019-02-12T19:25:01+00:00\",\"dateModified\":\"2019-04-30T14:23:53+00:00\",\"breadcrumb\":{\"@id\":\"https:\\\/\\\/martinluther.ca\\\/de\\\/2019\\\/02\\\/passionsgottesdienst-am-aschermittwoch-6-maerz-passionsgottesdienste-jeden-donnerstag-ab-14-maerz\\\/#breadcrumb\"},\"inLanguage\":\"de\",\"potentialAction\":[{\"@type\":\"ReadAction\",\"target\":[\"https:\\\/\\\/martinluther.ca\\\/de\\\/2019\\\/02\\\/passionsgottesdienst-am-aschermittwoch-6-maerz-passionsgottesdienste-jeden-donnerstag-ab-14-maerz\\\/\"]}]},{\"@type\":\"ImageObject\",\"inLanguage\":\"de\",\"@id\":\"https:\\\/\\\/martinluther.ca\\\/de\\\/2019\\\/02\\\/passionsgottesdienst-am-aschermittwoch-6-maerz-passionsgottesdienste-jeden-donnerstag-ab-14-maerz\\\/#primaryimage\",\"url\":\"https:\\\/\\\/martinluther.ca\\\/wp-content\\\/uploads\\\/2019\\\/02\\\/4.-Kreuzweg12-2.jpg\",\"contentUrl\":\"https:\\\/\\\/martinluther.ca\\\/wp-content\\\/uploads\\\/2019\\\/02\\\/4.-Kreuzweg12-2.jpg\",\"width\":526,\"height\":394,\"caption\":\"Bildhauer Robert M. Weber, D-85567 Grafing ; Wolfratshausen-Waldram, St. Josef, Werktagskapelle, Kreuzwegfenster, Station 12 Aufnahme: 09.11.2000 ; Digital Archivnummer: 657kwd12 Photography by: [ ! ] COPYRIGHT\\\/ALL RIGHTS RESERVED BY PHOTOGRAPHY PETER HINZ-ROSIN SUDETENSTR.106, D-85567 GRAFING\\\/MUC GERMANY FON: (49) 8092 \\\/ 84310 FAX: (49) 8092 \\\/ 708 501 Bankverbindung:Krspk EBE, BLZ:70051805, KTO:99937 NUTZUNG NUR GEGEN HONORAR, NAMENSNENNUNG BELEGEXEMPLAR WIRD VERLANGT WERK NACH \u00a72 URHG.\"},{\"@type\":\"BreadcrumbList\",\"@id\":\"https:\\\/\\\/martinluther.ca\\\/de\\\/2019\\\/02\\\/passionsgottesdienst-am-aschermittwoch-6-maerz-passionsgottesdienste-jeden-donnerstag-ab-14-maerz\\\/#breadcrumb\",\"itemListElement\":[{\"@type\":\"ListItem\",\"position\":1,\"name\":\"Home\",\"item\":\"https:\\\/\\\/martinluther.ca\\\/de\\\/\"},{\"@type\":\"ListItem\",\"position\":2,\"name\":\"Passionsgottesdienst am Aschermittwoch, 6. M\u00e4rz + Passionsgottesdienste jeden Donnerstag ab 14. M\u00e4rz\"}]},{\"@type\":\"WebSite\",\"@id\":\"https:\\\/\\\/martinluther.ca\\\/de\\\/#website\",\"url\":\"https:\\\/\\\/martinluther.ca\\\/de\\\/\",\"name\":\"Martin Luther Evangelical Church Toronto\",\"description\":\"Deutsch &amp; Englisch\",\"publisher\":{\"@id\":\"https:\\\/\\\/martinluther.ca\\\/de\\\/#organization\"},\"potentialAction\":[{\"@type\":\"SearchAction\",\"target\":{\"@type\":\"EntryPoint\",\"urlTemplate\":\"https:\\\/\\\/martinluther.ca\\\/de\\\/?s={search_term_string}\"},\"query-input\":{\"@type\":\"PropertyValueSpecification\",\"valueRequired\":true,\"valueName\":\"search_term_string\"}}],\"inLanguage\":\"de\"},{\"@type\":\"Organization\",\"@id\":\"https:\\\/\\\/martinluther.ca\\\/de\\\/#organization\",\"name\":\"Martin Luther Evangelical Church Toronto\",\"url\":\"https:\\\/\\\/martinluther.ca\\\/de\\\/\",\"logo\":{\"@type\":\"ImageObject\",\"inLanguage\":\"de\",\"@id\":\"https:\\\/\\\/martinluther.ca\\\/de\\\/#\\\/schema\\\/logo\\\/image\\\/\",\"url\":\"https:\\\/\\\/martinluther.ca\\\/wp-content\\\/uploads\\\/2016\\\/12\\\/ml-logo-300.png\",\"contentUrl\":\"https:\\\/\\\/martinluther.ca\\\/wp-content\\\/uploads\\\/2016\\\/12\\\/ml-logo-300.png\",\"width\":300,\"height\":150,\"caption\":\"Martin Luther Evangelical Church Toronto\"},\"image\":{\"@id\":\"https:\\\/\\\/martinluther.ca\\\/de\\\/#\\\/schema\\\/logo\\\/image\\\/\"},\"sameAs\":[\"https:\\\/\\\/www.facebook.com\\\/martinlutherchurchtoronto\",\"https:\\\/\\\/www.instagram.com\\\/lutheransbythelake\\\/\",\"https:\\\/\\\/www.youtube.com\\\/MartinLutherChurchToronto\"]},{\"@type\":\"Person\",\"@id\":\"https:\\\/\\\/martinluther.ca\\\/de\\\/#\\\/schema\\\/person\\\/815c51710f70b050f0476f18da6b0c8f\",\"name\":\"Mona Kakoschke Frantzke\",\"image\":{\"@type\":\"ImageObject\",\"inLanguage\":\"de\",\"@id\":\"https:\\\/\\\/secure.gravatar.com\\\/avatar\\\/0deb16854ca545cd2e9fc8001ca110d262b80d5c8317b38dc542265fbea0ed19?s=96&d=mm&r=g\",\"url\":\"https:\\\/\\\/secure.gravatar.com\\\/avatar\\\/0deb16854ca545cd2e9fc8001ca110d262b80d5c8317b38dc542265fbea0ed19?s=96&d=mm&r=g\",\"contentUrl\":\"https:\\\/\\\/secure.gravatar.com\\\/avatar\\\/0deb16854ca545cd2e9fc8001ca110d262b80d5c8317b38dc542265fbea0ed19?s=96&d=mm&r=g\",\"caption\":\"Mona Kakoschke Frantzke\"},\"url\":false}]}<\/script>\n<!-- \/ Yoast SEO plugin. -->","yoast_head_json":{"title":"Passionsgottesdienst am Aschermittwoch, 6. M\u00e4rz + Passionsgottesdienste jeden Donnerstag ab 14. M\u00e4rz - Martin Luther Evangelische Kirche Toronto","robots":{"index":"index","follow":"follow","max-snippet":"max-snippet:-1","max-image-preview":"max-image-preview:large","max-video-preview":"max-video-preview:-1"},"canonical":"https:\/\/martinluther.ca\/de\/2019\/02\/passionsgottesdienst-am-aschermittwoch-6-maerz-passionsgottesdienste-jeden-donnerstag-ab-14-maerz\/","og_locale":"de_DE","og_type":"article","og_title":"Passionsgottesdienst am Aschermittwoch, 6. M\u00e4rz + Passionsgottesdienste jeden Donnerstag ab 14. M\u00e4rz - Martin Luther Evangelische Kirche Toronto","og_description":"Gemeinsam starten wir in die Passionszeit mit einem Gottesdienst am Aschermittwoch, 6. M\u00e4rz, um 19 Uhr, geleitet von Pastor Christian Ceconi und Vikarin Mirjam Steinebach. Dann, ab 14. M\u00e4rz an jedem Donnerstag um 19 Uhr Wir feiern unsere Passionsgottesdienste wieder gemeinsam mit unseren Nachbargemeinden vom Lakeshore. Jeden Donnerstag wird ein anderer Pastor oder eine andere&hellip;","og_url":"https:\/\/martinluther.ca\/de\/2019\/02\/passionsgottesdienst-am-aschermittwoch-6-maerz-passionsgottesdienste-jeden-donnerstag-ab-14-maerz\/","og_site_name":"Martin Luther Evangelische Kirche Toronto","article_publisher":"https:\/\/www.facebook.com\/martinlutherchurchtoronto","article_published_time":"2019-02-12T19:25:01+00:00","article_modified_time":"2019-04-30T14:23:53+00:00","og_image":[{"width":526,"height":394,"url":"https:\/\/martinluther.ca\/wp-content\/uploads\/2019\/02\/4.-Kreuzweg12-2.jpg","type":"image\/jpeg"}],"author":"Mona Kakoschke Frantzke","twitter_card":"summary_large_image","twitter_misc":{"Verfasst von":"Mona Kakoschke Frantzke","Gesch\u00e4tzte Lesezeit":"1\u00a0Minute"},"schema":{"@context":"https:\/\/schema.org","@graph":[{"@type":"Article","@id":"https:\/\/martinluther.ca\/de\/2019\/02\/passionsgottesdienst-am-aschermittwoch-6-maerz-passionsgottesdienste-jeden-donnerstag-ab-14-maerz\/#article","isPartOf":{"@id":"https:\/\/martinluther.ca\/de\/2019\/02\/passionsgottesdienst-am-aschermittwoch-6-maerz-passionsgottesdienste-jeden-donnerstag-ab-14-maerz\/"},"author":{"name":"Mona Kakoschke Frantzke","@id":"https:\/\/martinluther.ca\/de\/#\/schema\/person\/815c51710f70b050f0476f18da6b0c8f"},"headline":"Passionsgottesdienst am Aschermittwoch, 6. M\u00e4rz + Passionsgottesdienste jeden Donnerstag ab 14. M\u00e4rz","datePublished":"2019-02-12T19:25:01+00:00","dateModified":"2019-04-30T14:23:53+00:00","mainEntityOfPage":{"@id":"https:\/\/martinluther.ca\/de\/2019\/02\/passionsgottesdienst-am-aschermittwoch-6-maerz-passionsgottesdienste-jeden-donnerstag-ab-14-maerz\/"},"wordCount":270,"publisher":{"@id":"https:\/\/martinluther.ca\/de\/#organization"},"image":{"@id":"https:\/\/martinluther.ca\/de\/2019\/02\/passionsgottesdienst-am-aschermittwoch-6-maerz-passionsgottesdienste-jeden-donnerstag-ab-14-maerz\/#primaryimage"},"thumbnailUrl":"https:\/\/martinluther.ca\/wp-content\/uploads\/2019\/02\/4.-Kreuzweg12-2.jpg","articleSection":["News Blog - German"],"inLanguage":"de"},{"@type":"WebPage","@id":"https:\/\/martinluther.ca\/de\/2019\/02\/passionsgottesdienst-am-aschermittwoch-6-maerz-passionsgottesdienste-jeden-donnerstag-ab-14-maerz\/","url":"https:\/\/martinluther.ca\/de\/2019\/02\/passionsgottesdienst-am-aschermittwoch-6-maerz-passionsgottesdienste-jeden-donnerstag-ab-14-maerz\/","name":"Passionsgottesdienst am Aschermittwoch, 6. M\u00e4rz + Passionsgottesdienste jeden Donnerstag ab 14. M\u00e4rz - Martin Luther Evangelische Kirche Toronto","isPartOf":{"@id":"https:\/\/martinluther.ca\/de\/#website"},"primaryImageOfPage":{"@id":"https:\/\/martinluther.ca\/de\/2019\/02\/passionsgottesdienst-am-aschermittwoch-6-maerz-passionsgottesdienste-jeden-donnerstag-ab-14-maerz\/#primaryimage"},"image":{"@id":"https:\/\/martinluther.ca\/de\/2019\/02\/passionsgottesdienst-am-aschermittwoch-6-maerz-passionsgottesdienste-jeden-donnerstag-ab-14-maerz\/#primaryimage"},"thumbnailUrl":"https:\/\/martinluther.ca\/wp-content\/uploads\/2019\/02\/4.-Kreuzweg12-2.jpg","datePublished":"2019-02-12T19:25:01+00:00","dateModified":"2019-04-30T14:23:53+00:00","breadcrumb":{"@id":"https:\/\/martinluther.ca\/de\/2019\/02\/passionsgottesdienst-am-aschermittwoch-6-maerz-passionsgottesdienste-jeden-donnerstag-ab-14-maerz\/#breadcrumb"},"inLanguage":"de","potentialAction":[{"@type":"ReadAction","target":["https:\/\/martinluther.ca\/de\/2019\/02\/passionsgottesdienst-am-aschermittwoch-6-maerz-passionsgottesdienste-jeden-donnerstag-ab-14-maerz\/"]}]},{"@type":"ImageObject","inLanguage":"de","@id":"https:\/\/martinluther.ca\/de\/2019\/02\/passionsgottesdienst-am-aschermittwoch-6-maerz-passionsgottesdienste-jeden-donnerstag-ab-14-maerz\/#primaryimage","url":"https:\/\/martinluther.ca\/wp-content\/uploads\/2019\/02\/4.-Kreuzweg12-2.jpg","contentUrl":"https:\/\/martinluther.ca\/wp-content\/uploads\/2019\/02\/4.-Kreuzweg12-2.jpg","width":526,"height":394,"caption":"Bildhauer Robert M. Weber, D-85567 Grafing ; Wolfratshausen-Waldram, St. Josef, Werktagskapelle, Kreuzwegfenster, Station 12 Aufnahme: 09.11.2000 ; Digital Archivnummer: 657kwd12 Photography by: [ ! ] COPYRIGHT\/ALL RIGHTS RESERVED BY PHOTOGRAPHY PETER HINZ-ROSIN SUDETENSTR.106, D-85567 GRAFING\/MUC GERMANY FON: (49) 8092 \/ 84310 FAX: (49) 8092 \/ 708 501 Bankverbindung:Krspk EBE, BLZ:70051805, KTO:99937 NUTZUNG NUR GEGEN HONORAR, NAMENSNENNUNG BELEGEXEMPLAR WIRD VERLANGT WERK NACH \u00a72 URHG."},{"@type":"BreadcrumbList","@id":"https:\/\/martinluther.ca\/de\/2019\/02\/passionsgottesdienst-am-aschermittwoch-6-maerz-passionsgottesdienste-jeden-donnerstag-ab-14-maerz\/#breadcrumb","itemListElement":[{"@type":"ListItem","position":1,"name":"Home","item":"https:\/\/martinluther.ca\/de\/"},{"@type":"ListItem","position":2,"name":"Passionsgottesdienst am Aschermittwoch, 6. M\u00e4rz + Passionsgottesdienste jeden Donnerstag ab 14. M\u00e4rz"}]},{"@type":"WebSite","@id":"https:\/\/martinluther.ca\/de\/#website","url":"https:\/\/martinluther.ca\/de\/","name":"Martin Luther Evangelical Church Toronto","description":"Deutsch &amp; Englisch","publisher":{"@id":"https:\/\/martinluther.ca\/de\/#organization"},"potentialAction":[{"@type":"SearchAction","target":{"@type":"EntryPoint","urlTemplate":"https:\/\/martinluther.ca\/de\/?s={search_term_string}"},"query-input":{"@type":"PropertyValueSpecification","valueRequired":true,"valueName":"search_term_string"}}],"inLanguage":"de"},{"@type":"Organization","@id":"https:\/\/martinluther.ca\/de\/#organization","name":"Martin Luther Evangelical Church Toronto","url":"https:\/\/martinluther.ca\/de\/","logo":{"@type":"ImageObject","inLanguage":"de","@id":"https:\/\/martinluther.ca\/de\/#\/schema\/logo\/image\/","url":"https:\/\/martinluther.ca\/wp-content\/uploads\/2016\/12\/ml-logo-300.png","contentUrl":"https:\/\/martinluther.ca\/wp-content\/uploads\/2016\/12\/ml-logo-300.png","width":300,"height":150,"caption":"Martin Luther Evangelical Church Toronto"},"image":{"@id":"https:\/\/martinluther.ca\/de\/#\/schema\/logo\/image\/"},"sameAs":["https:\/\/www.facebook.com\/martinlutherchurchtoronto","https:\/\/www.instagram.com\/lutheransbythelake\/","https:\/\/www.youtube.com\/MartinLutherChurchToronto"]},{"@type":"Person","@id":"https:\/\/martinluther.ca\/de\/#\/schema\/person\/815c51710f70b050f0476f18da6b0c8f","name":"Mona Kakoschke Frantzke","image":{"@type":"ImageObject","inLanguage":"de","@id":"https:\/\/secure.gravatar.com\/avatar\/0deb16854ca545cd2e9fc8001ca110d262b80d5c8317b38dc542265fbea0ed19?s=96&d=mm&r=g","url":"https:\/\/secure.gravatar.com\/avatar\/0deb16854ca545cd2e9fc8001ca110d262b80d5c8317b38dc542265fbea0ed19?s=96&d=mm&r=g","contentUrl":"https:\/\/secure.gravatar.com\/avatar\/0deb16854ca545cd2e9fc8001ca110d262b80d5c8317b38dc542265fbea0ed19?s=96&d=mm&r=g","caption":"Mona Kakoschke Frantzke"},"url":false}]}},"_links":{"self":[{"href":"https:\/\/martinluther.ca\/de\/wp-json\/wp\/v2\/posts\/29751","targetHints":{"allow":["GET"]}}],"collection":[{"href":"https:\/\/martinluther.ca\/de\/wp-json\/wp\/v2\/posts"}],"about":[{"href":"https:\/\/martinluther.ca\/de\/wp-json\/wp\/v2\/types\/post"}],"author":[{"embeddable":true,"href":"https:\/\/martinluther.ca\/de\/wp-json\/wp\/v2\/users\/9"}],"replies":[{"embeddable":true,"href":"https:\/\/martinluther.ca\/de\/wp-json\/wp\/v2\/comments?post=29751"}],"version-history":[{"count":3,"href":"https:\/\/martinluther.ca\/de\/wp-json\/wp\/v2\/posts\/29751\/revisions"}],"predecessor-version":[{"id":29756,"href":"https:\/\/martinluther.ca\/de\/wp-json\/wp\/v2\/posts\/29751\/revisions\/29756"}],"wp:featuredmedia":[{"embeddable":true,"href":"https:\/\/martinluther.ca\/de\/wp-json\/wp\/v2\/media\/29747"}],"wp:attachment":[{"href":"https:\/\/martinluther.ca\/de\/wp-json\/wp\/v2\/media?parent=29751"}],"wp:term":[{"taxonomy":"category","embeddable":true,"href":"https:\/\/martinluther.ca\/de\/wp-json\/wp\/v2\/categories?post=29751"},{"taxonomy":"post_tag","embeddable":true,"href":"https:\/\/martinluther.ca\/de\/wp-json\/wp\/v2\/tags?post=29751"},{"taxonomy":"post_series","embeddable":true,"href":"https:\/\/martinluther.ca\/de\/wp-json\/wp\/v2\/post_series?post=29751"}],"curies":[{"name":"wp","href":"https:\/\/api.w.org\/{rel}","templated":true}]}}