{"id":31159,"date":"2020-02-06T18:00:09","date_gmt":"2020-02-06T23:00:09","guid":{"rendered":"https:\/\/martinluther.ca\/?p=31159"},"modified":"2020-03-01T16:04:27","modified_gmt":"2020-03-01T21:04:27","slug":"sommercamp-15-21-august-2020-anmelden","status":"publish","type":"post","link":"https:\/\/martinluther.ca\/de\/2020\/02\/sommercamp-15-21-august-2020-anmelden\/","title":{"rendered":"Sommercamp, 15.-21. August 2020 anmelden"},"content":{"rendered":"<p><img loading=\"lazy\" decoding=\"async\" class=\"alignright size-medium wp-image-32372\" src=\"https:\/\/martinluther.ca\/wp-content\/uploads\/2019\/11\/2019-Camp-Lutherlyn-MLCWebsite-16lighter-300x225.jpg\" alt=\"Camp Lutherlyn dock and canoes\" width=\"300\" height=\"225\" srcset=\"https:\/\/martinluther.ca\/wp-content\/uploads\/2019\/11\/2019-Camp-Lutherlyn-MLCWebsite-16lighter-300x225.jpg 300w, https:\/\/martinluther.ca\/wp-content\/uploads\/2019\/11\/2019-Camp-Lutherlyn-MLCWebsite-16lighter-768x576.jpg 768w, https:\/\/martinluther.ca\/wp-content\/uploads\/2019\/11\/2019-Camp-Lutherlyn-MLCWebsite-16lighter-1024x768.jpg 1024w, https:\/\/martinluther.ca\/wp-content\/uploads\/2019\/11\/2019-Camp-Lutherlyn-MLCWebsite-16lighter.jpg 1280w\" sizes=\"auto, (max-width: 300px) 100vw, 300px\" \/><\/p>\n<p>Die Vorbereitungen f\u00fcr das n\u00e4chste Sommercamp sind l\u00e4ngst im Gange. Wir hoffen, dass jeder sich den Termin vom <strong>15.-21. August 2020<\/strong> vorgemerkt hat.<\/p>\n<p>Wer bis Ende Februar 2020 bucht, erh\u00e4lt einen Rabatt. Sie k\u00f6nnen nicht dabeisein? Denken denken Sie bitte \u00fcber eine Spende nach, um diese wundervolle Arbeit zu unterst\u00fctzen.<\/p>\n<p>Wir freuen uns darauf, 2020 alte und neue Camper*innen im Camp Lutherlyn zu begr\u00fc\u00dfen!<\/p>\n<p>Kontakt: <a href=\"mailto:churchoffice@martinluther.ca\" target=\"_blank\" rel=\"noopener noreferrer\">churchoffice@martinluther.ca<\/a>, Tel: 416-251-8293<\/p>\n<p>Wer im Vorbereitungsteam mitarbeiten m\u00f6chte, ist jederzeit herzlich willkommen. Kontakt:\u00a0 <a href=\"mailto:campdirector@martinluther.ca\" target=\"_blank\" rel=\"noopener noreferrer\">campdirector@martinluther.ca<\/a><\/p>\n<p>Weitere Informationen und Fotos aus den vergangenen Jahren finden Sie auf unserer Website <a href=\"https:\/\/martinluther.ca\/de\/sommercamp\/\">Sommercamp<\/a>.<\/p>\n","protected":false},"excerpt":{"rendered":"<p>Die Vorbereitungen f\u00fcr das n\u00e4chste Sommercamp sind l\u00e4ngst im Gange. Wir hoffen, dass jeder sich den Termin vom 15.-21. August 2020 vorgemerkt hat. Wer bis Ende Februar 2020 bucht, erh\u00e4lt einen Rabatt. Sie k\u00f6nnen nicht dabeisein? Denken denken Sie bitte \u00fcber eine Spende nach, um diese wundervolle Arbeit zu unterst\u00fctzen. Wir freuen uns darauf, 2020&hellip;<\/p>\n","protected":false},"author":9,"featured_media":32372,"comment_status":"closed","ping_status":"closed","sticky":false,"template":"","format":"standard","meta":{"footnotes":""},"categories":[69],"tags":[],"post_series":[],"class_list":["post-31159","post","type-post","status-publish","format-standard","has-post-thumbnail","hentry","category-news-blog-german","entry","has-media"],"yoast_head":"<!-- This site is optimized with the Yoast SEO plugin v27.5 - https:\/\/yoast.com\/product\/yoast-seo-wordpress\/ -->\n<title>Sommercamp, 15.-21. August 2020 anmelden - Martin Luther Evangelische Kirche Toronto<\/title>\n<meta name=\"robots\" content=\"index, follow, max-snippet:-1, max-image-preview:large, max-video-preview:-1\" \/>\n<link rel=\"canonical\" href=\"https:\/\/martinluther.ca\/de\/2020\/02\/sommercamp-15-21-august-2020-anmelden\/\" \/>\n<meta property=\"og:locale\" content=\"de_DE\" \/>\n<meta property=\"og:type\" content=\"article\" \/>\n<meta property=\"og:title\" content=\"Sommercamp, 15.-21. August 2020 anmelden - Martin Luther Evangelische Kirche Toronto\" \/>\n<meta property=\"og:description\" content=\"Die Vorbereitungen f\u00fcr das n\u00e4chste Sommercamp sind l\u00e4ngst im Gange. Wir hoffen, dass jeder sich den Termin vom 15.-21. August 2020 vorgemerkt hat. Wer bis Ende Februar 2020 bucht, erh\u00e4lt einen Rabatt. Sie k\u00f6nnen nicht dabeisein? Denken denken Sie bitte \u00fcber eine Spende nach, um diese wundervolle Arbeit zu unterst\u00fctzen. Wir freuen uns darauf, 2020&hellip;\" \/>\n<meta property=\"og:url\" content=\"https:\/\/martinluther.ca\/de\/2020\/02\/sommercamp-15-21-august-2020-anmelden\/\" \/>\n<meta property=\"og:site_name\" content=\"Martin Luther Evangelische Kirche Toronto\" \/>\n<meta property=\"article:publisher\" content=\"https:\/\/www.facebook.com\/martinlutherchurchtoronto\" \/>\n<meta property=\"article:published_time\" content=\"2020-02-06T23:00:09+00:00\" \/>\n<meta property=\"article:modified_time\" content=\"2020-03-01T21:04:27+00:00\" \/>\n<meta property=\"og:image\" content=\"https:\/\/martinluther.ca\/wp-content\/uploads\/2019\/11\/2019-Camp-Lutherlyn-MLCWebsite-16lighter.jpg\" \/>\n\t<meta property=\"og:image:width\" content=\"1280\" \/>\n\t<meta property=\"og:image:height\" content=\"960\" \/>\n\t<meta property=\"og:image:type\" content=\"image\/jpeg\" \/>\n<meta name=\"author\" content=\"Mona Kakoschke Frantzke\" \/>\n<meta name=\"twitter:card\" content=\"summary_large_image\" \/>\n<meta name=\"twitter:label1\" content=\"Verfasst von\" \/>\n\t<meta name=\"twitter:data1\" content=\"Mona Kakoschke Frantzke\" \/>\n\t<meta name=\"twitter:label2\" content=\"Gesch\u00e4tzte Lesezeit\" \/>\n\t<meta name=\"twitter:data2\" content=\"1\u00a0Minute\" \/>\n<script type=\"application\/ld+json\" class=\"yoast-schema-graph\">{\"@context\":\"https:\\\/\\\/schema.org\",\"@graph\":[{\"@type\":\"Article\",\"@id\":\"https:\\\/\\\/martinluther.ca\\\/de\\\/2020\\\/02\\\/sommercamp-15-21-august-2020-anmelden\\\/#article\",\"isPartOf\":{\"@id\":\"https:\\\/\\\/martinluther.ca\\\/de\\\/2020\\\/02\\\/sommercamp-15-21-august-2020-anmelden\\\/\"},\"author\":{\"name\":\"Mona Kakoschke Frantzke\",\"@id\":\"https:\\\/\\\/martinluther.ca\\\/de\\\/#\\\/schema\\\/person\\\/815c51710f70b050f0476f18da6b0c8f\"},\"headline\":\"Sommercamp, 15.-21. August 2020 anmelden\",\"datePublished\":\"2020-02-06T23:00:09+00:00\",\"dateModified\":\"2020-03-01T21:04:27+00:00\",\"mainEntityOfPage\":{\"@id\":\"https:\\\/\\\/martinluther.ca\\\/de\\\/2020\\\/02\\\/sommercamp-15-21-august-2020-anmelden\\\/\"},\"wordCount\":108,\"publisher\":{\"@id\":\"https:\\\/\\\/martinluther.ca\\\/de\\\/#organization\"},\"image\":{\"@id\":\"https:\\\/\\\/martinluther.ca\\\/de\\\/2020\\\/02\\\/sommercamp-15-21-august-2020-anmelden\\\/#primaryimage\"},\"thumbnailUrl\":\"https:\\\/\\\/martinluther.ca\\\/wp-content\\\/uploads\\\/2019\\\/11\\\/2019-Camp-Lutherlyn-MLCWebsite-16lighter.jpg\",\"articleSection\":[\"News Blog - German\"],\"inLanguage\":\"de\"},{\"@type\":\"WebPage\",\"@id\":\"https:\\\/\\\/martinluther.ca\\\/de\\\/2020\\\/02\\\/sommercamp-15-21-august-2020-anmelden\\\/\",\"url\":\"https:\\\/\\\/martinluther.ca\\\/de\\\/2020\\\/02\\\/sommercamp-15-21-august-2020-anmelden\\\/\",\"name\":\"Sommercamp, 15.-21. August 2020 anmelden - Martin Luther Evangelische Kirche Toronto\",\"isPartOf\":{\"@id\":\"https:\\\/\\\/martinluther.ca\\\/de\\\/#website\"},\"primaryImageOfPage\":{\"@id\":\"https:\\\/\\\/martinluther.ca\\\/de\\\/2020\\\/02\\\/sommercamp-15-21-august-2020-anmelden\\\/#primaryimage\"},\"image\":{\"@id\":\"https:\\\/\\\/martinluther.ca\\\/de\\\/2020\\\/02\\\/sommercamp-15-21-august-2020-anmelden\\\/#primaryimage\"},\"thumbnailUrl\":\"https:\\\/\\\/martinluther.ca\\\/wp-content\\\/uploads\\\/2019\\\/11\\\/2019-Camp-Lutherlyn-MLCWebsite-16lighter.jpg\",\"datePublished\":\"2020-02-06T23:00:09+00:00\",\"dateModified\":\"2020-03-01T21:04:27+00:00\",\"breadcrumb\":{\"@id\":\"https:\\\/\\\/martinluther.ca\\\/de\\\/2020\\\/02\\\/sommercamp-15-21-august-2020-anmelden\\\/#breadcrumb\"},\"inLanguage\":\"de\",\"potentialAction\":[{\"@type\":\"ReadAction\",\"target\":[\"https:\\\/\\\/martinluther.ca\\\/de\\\/2020\\\/02\\\/sommercamp-15-21-august-2020-anmelden\\\/\"]}]},{\"@type\":\"ImageObject\",\"inLanguage\":\"de\",\"@id\":\"https:\\\/\\\/martinluther.ca\\\/de\\\/2020\\\/02\\\/sommercamp-15-21-august-2020-anmelden\\\/#primaryimage\",\"url\":\"https:\\\/\\\/martinluther.ca\\\/wp-content\\\/uploads\\\/2019\\\/11\\\/2019-Camp-Lutherlyn-MLCWebsite-16lighter.jpg\",\"contentUrl\":\"https:\\\/\\\/martinluther.ca\\\/wp-content\\\/uploads\\\/2019\\\/11\\\/2019-Camp-Lutherlyn-MLCWebsite-16lighter.jpg\",\"width\":1280,\"height\":960,\"caption\":\"Camp Lutherlyn dock and canoes\"},{\"@type\":\"BreadcrumbList\",\"@id\":\"https:\\\/\\\/martinluther.ca\\\/de\\\/2020\\\/02\\\/sommercamp-15-21-august-2020-anmelden\\\/#breadcrumb\",\"itemListElement\":[{\"@type\":\"ListItem\",\"position\":1,\"name\":\"Home\",\"item\":\"https:\\\/\\\/martinluther.ca\\\/de\\\/\"},{\"@type\":\"ListItem\",\"position\":2,\"name\":\"Sommercamp, 15.-21. August 2020 anmelden\"}]},{\"@type\":\"WebSite\",\"@id\":\"https:\\\/\\\/martinluther.ca\\\/de\\\/#website\",\"url\":\"https:\\\/\\\/martinluther.ca\\\/de\\\/\",\"name\":\"Martin Luther Evangelical Church Toronto\",\"description\":\"Deutsch &amp; Englisch\",\"publisher\":{\"@id\":\"https:\\\/\\\/martinluther.ca\\\/de\\\/#organization\"},\"potentialAction\":[{\"@type\":\"SearchAction\",\"target\":{\"@type\":\"EntryPoint\",\"urlTemplate\":\"https:\\\/\\\/martinluther.ca\\\/de\\\/?s={search_term_string}\"},\"query-input\":{\"@type\":\"PropertyValueSpecification\",\"valueRequired\":true,\"valueName\":\"search_term_string\"}}],\"inLanguage\":\"de\"},{\"@type\":\"Organization\",\"@id\":\"https:\\\/\\\/martinluther.ca\\\/de\\\/#organization\",\"name\":\"Martin Luther Evangelical Church Toronto\",\"url\":\"https:\\\/\\\/martinluther.ca\\\/de\\\/\",\"logo\":{\"@type\":\"ImageObject\",\"inLanguage\":\"de\",\"@id\":\"https:\\\/\\\/martinluther.ca\\\/de\\\/#\\\/schema\\\/logo\\\/image\\\/\",\"url\":\"https:\\\/\\\/martinluther.ca\\\/wp-content\\\/uploads\\\/2016\\\/12\\\/ml-logo-300.png\",\"contentUrl\":\"https:\\\/\\\/martinluther.ca\\\/wp-content\\\/uploads\\\/2016\\\/12\\\/ml-logo-300.png\",\"width\":300,\"height\":150,\"caption\":\"Martin Luther Evangelical Church Toronto\"},\"image\":{\"@id\":\"https:\\\/\\\/martinluther.ca\\\/de\\\/#\\\/schema\\\/logo\\\/image\\\/\"},\"sameAs\":[\"https:\\\/\\\/www.facebook.com\\\/martinlutherchurchtoronto\",\"https:\\\/\\\/www.instagram.com\\\/lutheransbythelake\\\/\",\"https:\\\/\\\/www.youtube.com\\\/MartinLutherChurchToronto\"]},{\"@type\":\"Person\",\"@id\":\"https:\\\/\\\/martinluther.ca\\\/de\\\/#\\\/schema\\\/person\\\/815c51710f70b050f0476f18da6b0c8f\",\"name\":\"Mona Kakoschke Frantzke\",\"image\":{\"@type\":\"ImageObject\",\"inLanguage\":\"de\",\"@id\":\"https:\\\/\\\/secure.gravatar.com\\\/avatar\\\/0deb16854ca545cd2e9fc8001ca110d262b80d5c8317b38dc542265fbea0ed19?s=96&d=mm&r=g\",\"url\":\"https:\\\/\\\/secure.gravatar.com\\\/avatar\\\/0deb16854ca545cd2e9fc8001ca110d262b80d5c8317b38dc542265fbea0ed19?s=96&d=mm&r=g\",\"contentUrl\":\"https:\\\/\\\/secure.gravatar.com\\\/avatar\\\/0deb16854ca545cd2e9fc8001ca110d262b80d5c8317b38dc542265fbea0ed19?s=96&d=mm&r=g\",\"caption\":\"Mona Kakoschke Frantzke\"},\"url\":false}]}<\/script>\n<!-- \/ Yoast SEO plugin. -->","yoast_head_json":{"title":"Sommercamp, 15.-21. August 2020 anmelden - Martin Luther Evangelische Kirche Toronto","robots":{"index":"index","follow":"follow","max-snippet":"max-snippet:-1","max-image-preview":"max-image-preview:large","max-video-preview":"max-video-preview:-1"},"canonical":"https:\/\/martinluther.ca\/de\/2020\/02\/sommercamp-15-21-august-2020-anmelden\/","og_locale":"de_DE","og_type":"article","og_title":"Sommercamp, 15.-21. August 2020 anmelden - Martin Luther Evangelische Kirche Toronto","og_description":"Die Vorbereitungen f\u00fcr das n\u00e4chste Sommercamp sind l\u00e4ngst im Gange. Wir hoffen, dass jeder sich den Termin vom 15.-21. August 2020 vorgemerkt hat. Wer bis Ende Februar 2020 bucht, erh\u00e4lt einen Rabatt. Sie k\u00f6nnen nicht dabeisein? Denken denken Sie bitte \u00fcber eine Spende nach, um diese wundervolle Arbeit zu unterst\u00fctzen. Wir freuen uns darauf, 2020&hellip;","og_url":"https:\/\/martinluther.ca\/de\/2020\/02\/sommercamp-15-21-august-2020-anmelden\/","og_site_name":"Martin Luther Evangelische Kirche Toronto","article_publisher":"https:\/\/www.facebook.com\/martinlutherchurchtoronto","article_published_time":"2020-02-06T23:00:09+00:00","article_modified_time":"2020-03-01T21:04:27+00:00","og_image":[{"width":1280,"height":960,"url":"https:\/\/martinluther.ca\/wp-content\/uploads\/2019\/11\/2019-Camp-Lutherlyn-MLCWebsite-16lighter.jpg","type":"image\/jpeg"}],"author":"Mona Kakoschke Frantzke","twitter_card":"summary_large_image","twitter_misc":{"Verfasst von":"Mona Kakoschke Frantzke","Gesch\u00e4tzte Lesezeit":"1\u00a0Minute"},"schema":{"@context":"https:\/\/schema.org","@graph":[{"@type":"Article","@id":"https:\/\/martinluther.ca\/de\/2020\/02\/sommercamp-15-21-august-2020-anmelden\/#article","isPartOf":{"@id":"https:\/\/martinluther.ca\/de\/2020\/02\/sommercamp-15-21-august-2020-anmelden\/"},"author":{"name":"Mona Kakoschke Frantzke","@id":"https:\/\/martinluther.ca\/de\/#\/schema\/person\/815c51710f70b050f0476f18da6b0c8f"},"headline":"Sommercamp, 15.-21. August 2020 anmelden","datePublished":"2020-02-06T23:00:09+00:00","dateModified":"2020-03-01T21:04:27+00:00","mainEntityOfPage":{"@id":"https:\/\/martinluther.ca\/de\/2020\/02\/sommercamp-15-21-august-2020-anmelden\/"},"wordCount":108,"publisher":{"@id":"https:\/\/martinluther.ca\/de\/#organization"},"image":{"@id":"https:\/\/martinluther.ca\/de\/2020\/02\/sommercamp-15-21-august-2020-anmelden\/#primaryimage"},"thumbnailUrl":"https:\/\/martinluther.ca\/wp-content\/uploads\/2019\/11\/2019-Camp-Lutherlyn-MLCWebsite-16lighter.jpg","articleSection":["News Blog - German"],"inLanguage":"de"},{"@type":"WebPage","@id":"https:\/\/martinluther.ca\/de\/2020\/02\/sommercamp-15-21-august-2020-anmelden\/","url":"https:\/\/martinluther.ca\/de\/2020\/02\/sommercamp-15-21-august-2020-anmelden\/","name":"Sommercamp, 15.-21. August 2020 anmelden - Martin Luther Evangelische Kirche Toronto","isPartOf":{"@id":"https:\/\/martinluther.ca\/de\/#website"},"primaryImageOfPage":{"@id":"https:\/\/martinluther.ca\/de\/2020\/02\/sommercamp-15-21-august-2020-anmelden\/#primaryimage"},"image":{"@id":"https:\/\/martinluther.ca\/de\/2020\/02\/sommercamp-15-21-august-2020-anmelden\/#primaryimage"},"thumbnailUrl":"https:\/\/martinluther.ca\/wp-content\/uploads\/2019\/11\/2019-Camp-Lutherlyn-MLCWebsite-16lighter.jpg","datePublished":"2020-02-06T23:00:09+00:00","dateModified":"2020-03-01T21:04:27+00:00","breadcrumb":{"@id":"https:\/\/martinluther.ca\/de\/2020\/02\/sommercamp-15-21-august-2020-anmelden\/#breadcrumb"},"inLanguage":"de","potentialAction":[{"@type":"ReadAction","target":["https:\/\/martinluther.ca\/de\/2020\/02\/sommercamp-15-21-august-2020-anmelden\/"]}]},{"@type":"ImageObject","inLanguage":"de","@id":"https:\/\/martinluther.ca\/de\/2020\/02\/sommercamp-15-21-august-2020-anmelden\/#primaryimage","url":"https:\/\/martinluther.ca\/wp-content\/uploads\/2019\/11\/2019-Camp-Lutherlyn-MLCWebsite-16lighter.jpg","contentUrl":"https:\/\/martinluther.ca\/wp-content\/uploads\/2019\/11\/2019-Camp-Lutherlyn-MLCWebsite-16lighter.jpg","width":1280,"height":960,"caption":"Camp Lutherlyn dock and canoes"},{"@type":"BreadcrumbList","@id":"https:\/\/martinluther.ca\/de\/2020\/02\/sommercamp-15-21-august-2020-anmelden\/#breadcrumb","itemListElement":[{"@type":"ListItem","position":1,"name":"Home","item":"https:\/\/martinluther.ca\/de\/"},{"@type":"ListItem","position":2,"name":"Sommercamp, 15.-21. August 2020 anmelden"}]},{"@type":"WebSite","@id":"https:\/\/martinluther.ca\/de\/#website","url":"https:\/\/martinluther.ca\/de\/","name":"Martin Luther Evangelical Church Toronto","description":"Deutsch &amp; Englisch","publisher":{"@id":"https:\/\/martinluther.ca\/de\/#organization"},"potentialAction":[{"@type":"SearchAction","target":{"@type":"EntryPoint","urlTemplate":"https:\/\/martinluther.ca\/de\/?s={search_term_string}"},"query-input":{"@type":"PropertyValueSpecification","valueRequired":true,"valueName":"search_term_string"}}],"inLanguage":"de"},{"@type":"Organization","@id":"https:\/\/martinluther.ca\/de\/#organization","name":"Martin Luther Evangelical Church Toronto","url":"https:\/\/martinluther.ca\/de\/","logo":{"@type":"ImageObject","inLanguage":"de","@id":"https:\/\/martinluther.ca\/de\/#\/schema\/logo\/image\/","url":"https:\/\/martinluther.ca\/wp-content\/uploads\/2016\/12\/ml-logo-300.png","contentUrl":"https:\/\/martinluther.ca\/wp-content\/uploads\/2016\/12\/ml-logo-300.png","width":300,"height":150,"caption":"Martin Luther Evangelical Church Toronto"},"image":{"@id":"https:\/\/martinluther.ca\/de\/#\/schema\/logo\/image\/"},"sameAs":["https:\/\/www.facebook.com\/martinlutherchurchtoronto","https:\/\/www.instagram.com\/lutheransbythelake\/","https:\/\/www.youtube.com\/MartinLutherChurchToronto"]},{"@type":"Person","@id":"https:\/\/martinluther.ca\/de\/#\/schema\/person\/815c51710f70b050f0476f18da6b0c8f","name":"Mona Kakoschke Frantzke","image":{"@type":"ImageObject","inLanguage":"de","@id":"https:\/\/secure.gravatar.com\/avatar\/0deb16854ca545cd2e9fc8001ca110d262b80d5c8317b38dc542265fbea0ed19?s=96&d=mm&r=g","url":"https:\/\/secure.gravatar.com\/avatar\/0deb16854ca545cd2e9fc8001ca110d262b80d5c8317b38dc542265fbea0ed19?s=96&d=mm&r=g","contentUrl":"https:\/\/secure.gravatar.com\/avatar\/0deb16854ca545cd2e9fc8001ca110d262b80d5c8317b38dc542265fbea0ed19?s=96&d=mm&r=g","caption":"Mona Kakoschke Frantzke"},"url":false}]}},"_links":{"self":[{"href":"https:\/\/martinluther.ca\/de\/wp-json\/wp\/v2\/posts\/31159","targetHints":{"allow":["GET"]}}],"collection":[{"href":"https:\/\/martinluther.ca\/de\/wp-json\/wp\/v2\/posts"}],"about":[{"href":"https:\/\/martinluther.ca\/de\/wp-json\/wp\/v2\/types\/post"}],"author":[{"embeddable":true,"href":"https:\/\/martinluther.ca\/de\/wp-json\/wp\/v2\/users\/9"}],"replies":[{"embeddable":true,"href":"https:\/\/martinluther.ca\/de\/wp-json\/wp\/v2\/comments?post=31159"}],"version-history":[{"count":12,"href":"https:\/\/martinluther.ca\/de\/wp-json\/wp\/v2\/posts\/31159\/revisions"}],"predecessor-version":[{"id":33333,"href":"https:\/\/martinluther.ca\/de\/wp-json\/wp\/v2\/posts\/31159\/revisions\/33333"}],"wp:featuredmedia":[{"embeddable":true,"href":"https:\/\/martinluther.ca\/de\/wp-json\/wp\/v2\/media\/32372"}],"wp:attachment":[{"href":"https:\/\/martinluther.ca\/de\/wp-json\/wp\/v2\/media?parent=31159"}],"wp:term":[{"taxonomy":"category","embeddable":true,"href":"https:\/\/martinluther.ca\/de\/wp-json\/wp\/v2\/categories?post=31159"},{"taxonomy":"post_tag","embeddable":true,"href":"https:\/\/martinluther.ca\/de\/wp-json\/wp\/v2\/tags?post=31159"},{"taxonomy":"post_series","embeddable":true,"href":"https:\/\/martinluther.ca\/de\/wp-json\/wp\/v2\/post_series?post=31159"}],"curies":[{"name":"wp","href":"https:\/\/api.w.org\/{rel}","templated":true}]}}