{"id":31244,"date":"2019-04-08T09:45:23","date_gmt":"2019-04-08T13:45:23","guid":{"rendered":"https:\/\/martinluther.ca\/?p=31244"},"modified":"2023-12-08T14:14:14","modified_gmt":"2023-12-08T19:14:14","slug":"fruehjahrsputz-im-camp-lutherlyn-am-samstag-4-mai-2019","status":"publish","type":"post","link":"https:\/\/martinluther.ca\/de\/2019\/04\/fruehjahrsputz-im-camp-lutherlyn-am-samstag-4-mai-2019\/","title":{"rendered":"Fr\u00fchjahrsputz im Camp Lutherlyn am Samstag 4. Mai 2019"},"content":{"rendered":"<figure id=\"attachment_30343\" aria-describedby=\"caption-attachment-30343\" style=\"width: 300px\" class=\"wp-caption alignright\"><img loading=\"lazy\" decoding=\"async\" class=\"wp-image-30343 size-medium\" src=\"https:\/\/martinluther.ca\/wp-content\/uploads\/2016\/04\/2015-Spring-Cleaning-Camp-Lutherlyn-05-300x200.jpg\" alt=\"Clean up at Camp Lutherlyn\" width=\"300\" height=\"200\" srcset=\"https:\/\/martinluther.ca\/wp-content\/uploads\/2016\/04\/2015-Spring-Cleaning-Camp-Lutherlyn-05-300x200.jpg 300w, https:\/\/martinluther.ca\/wp-content\/uploads\/2016\/04\/2015-Spring-Cleaning-Camp-Lutherlyn-05-1024x682.jpg 1024w, https:\/\/martinluther.ca\/wp-content\/uploads\/2016\/04\/2015-Spring-Cleaning-Camp-Lutherlyn-05.jpg 1280w\" sizes=\"auto, (max-width: 300px) 100vw, 300px\" \/><figcaption id=\"caption-attachment-30343\" class=\"wp-caption-text\">Clean up at Camp Lutherlyn Spring 2019<\/figcaption><\/figure>\n<p>UPDATE on June 2, 2019: Der Tag startete mit einem ausgewogenem Fr\u00fchst\u00fcck f\u00fcr die Freiwilligen Helfer aus unserer Gemeinde. Unsere Aufgaben waren Tische und St\u00fchle in den Speisesaal bringen, Farbeimer aus dem Keller in die Garage zu bringen, das Gel\u00e4nde nach M\u00fcll abzusuchen und das Laub und die Nadeln wegzuharken. Nat\u00fcrlich durfte ein Abstecher zum See nicht fehlen. Am See konnte man noch vereinzelt Schnee sehen und der Sandstrand stand noch<br \/>\nunter Wasser. Aber der Sommer naht&#8230;.<\/p>\n<p>*****************<br \/>\n<strong>Fr\u00fchjahrsputz im Camp Lutherlyn am Samstag 4. Mai 2019<\/strong><\/p>\n<p>Aufgrund des langen Winters wird der diesj\u00e4hrige Fr\u00fchjahrsputz im Camp Lutherlyn eine Woche sp\u00e4ter als \u00fcblich erfolgen; am <strong>Samstag, den 4. Mai 2019.<\/strong><\/p>\n<p>Die Camp-Verwaltung freut sich auf ein Kontingent an t\u00fcchtigen Helfern \u2014-ob 17 oder 77 Jahre alt\u2014- die beim Reinigen, Reparieren usw. der Camp-Anlagen mitanpacken, damit die gesch\u00e4ftige Sommersaison 2019 f\u00fcr alle Beteiligten \u2014zu denen nat\u00fcrlich auch unsere MLK-Kids geh\u00f6ren\u2014 ein Genuss wird!<\/p>\n<p>Neben der anregenden k\u00f6rperlichen Ert\u00fcchtigung in der erfrischenden Natur am Rande des Golden Lake werden alle Teilnehmer herzhafte Kost, freundliche Gesellschaft und geistliche Gemeinschaft genie\u00dfen k\u00f6nnen! Jede und jeder sind herzlichst eingeladen zum Mithelfen!<\/p>\n<p>Wir brauchen vor allem auch ein paar Freiwillige mit Fahrzeugen, die als Fahrer einige Nichtfahrer mitnehmen k\u00f6nnen, und einige, die helfen, das Fr\u00fchst\u00fcck am Samstagmorgen f\u00fcr unser Team zuzubereiten!<\/p>\n<figure id=\"attachment_30344\" aria-describedby=\"caption-attachment-30344\" style=\"width: 300px\" class=\"wp-caption alignleft\"><img loading=\"lazy\" decoding=\"async\" class=\"wp-image-30344 size-medium\" src=\"https:\/\/martinluther.ca\/wp-content\/uploads\/2016\/04\/2015-Spring-Cleaning-Camp-Lutherlyn-06-300x200.jpg\" alt=\"Clearing brush at Camp Lutherlyn\" width=\"300\" height=\"200\" srcset=\"https:\/\/martinluther.ca\/wp-content\/uploads\/2016\/04\/2015-Spring-Cleaning-Camp-Lutherlyn-06-300x200.jpg 300w, https:\/\/martinluther.ca\/wp-content\/uploads\/2016\/04\/2015-Spring-Cleaning-Camp-Lutherlyn-06-1024x682.jpg 1024w, https:\/\/martinluther.ca\/wp-content\/uploads\/2016\/04\/2015-Spring-Cleaning-Camp-Lutherlyn-06.jpg 1280w\" sizes=\"auto, (max-width: 300px) 100vw, 300px\" \/><figcaption id=\"caption-attachment-30344\" class=\"wp-caption-text\">Clearing brush at Camp Lutherlyn<\/figcaption><\/figure>\n<p>Interessierte melden sich bitte per E-Mail bei Andy Boettcher oder tragen sich in das Anmeldeblatt in der Martin-Luther-Kirche ein.<\/p>\n<p>Wer als Fahrer bzw. Fr\u00fchst\u00fcckskoch\/-gehilfe mithelfen kann, bitte einen dementsprechenden Hinweis beif\u00fcgen.<\/p>\n<p><strong>Die Abfahrt von der Martin-Luther-Kirche wird voraussichtlich am sp\u00e4ten Nachmittag am Freitag, dem 03. Mai 2019 sein und die R\u00fcckkunft wird am Samstag, dem 04. Mai 2019, gegen 19.00-20.00 Uhr erwartet.<\/strong><\/p>\n","protected":false},"excerpt":{"rendered":"<p>UPDATE on June 2, 2019: Der Tag startete mit einem ausgewogenem Fr\u00fchst\u00fcck f\u00fcr die Freiwilligen Helfer aus unserer Gemeinde. Unsere Aufgaben waren Tische und St\u00fchle in den Speisesaal bringen, Farbeimer aus dem Keller in die Garage zu bringen, das Gel\u00e4nde nach M\u00fcll abzusuchen und das Laub und die Nadeln wegzuharken. Nat\u00fcrlich durfte ein Abstecher zum&hellip;<\/p>\n","protected":false},"author":9,"featured_media":30346,"comment_status":"closed","ping_status":"closed","sticky":false,"template":"","format":"standard","meta":{"footnotes":""},"categories":[69],"tags":[],"post_series":[],"class_list":["post-31244","post","type-post","status-publish","format-standard","has-post-thumbnail","hentry","category-news-blog-german","entry","has-media"],"yoast_head":"<!-- This site is optimized with the Yoast SEO plugin v27.5 - https:\/\/yoast.com\/product\/yoast-seo-wordpress\/ -->\n<title>Fr\u00fchjahrsputz im Camp Lutherlyn am Samstag 4. Mai 2019 - Martin Luther Evangelische Kirche Toronto<\/title>\n<meta name=\"robots\" content=\"index, follow, max-snippet:-1, max-image-preview:large, max-video-preview:-1\" \/>\n<link rel=\"canonical\" href=\"https:\/\/martinluther.ca\/2019\/04\/teaming-up-for-spring-cleaning-at-camp-lutherlyn-on-saturday-may-4-2019\/\" \/>\n<meta property=\"og:locale\" content=\"de_DE\" \/>\n<meta property=\"og:type\" content=\"article\" \/>\n<meta property=\"og:title\" content=\"Fr\u00fchjahrsputz im Camp Lutherlyn am Samstag 4. Mai 2019 - Martin Luther Evangelische Kirche Toronto\" \/>\n<meta property=\"og:description\" content=\"UPDATE on June 2, 2019: Der Tag startete mit einem ausgewogenem Fr\u00fchst\u00fcck f\u00fcr die Freiwilligen Helfer aus unserer Gemeinde. Unsere Aufgaben waren Tische und St\u00fchle in den Speisesaal bringen, Farbeimer aus dem Keller in die Garage zu bringen, das Gel\u00e4nde nach M\u00fcll abzusuchen und das Laub und die Nadeln wegzuharken. Nat\u00fcrlich durfte ein Abstecher zum&hellip;\" \/>\n<meta property=\"og:url\" content=\"https:\/\/martinluther.ca\/2019\/04\/teaming-up-for-spring-cleaning-at-camp-lutherlyn-on-saturday-may-4-2019\/\" \/>\n<meta property=\"og:site_name\" content=\"Martin Luther Evangelische Kirche Toronto\" \/>\n<meta property=\"article:publisher\" content=\"https:\/\/www.facebook.com\/martinlutherchurchtoronto\" \/>\n<meta property=\"article:published_time\" content=\"2019-04-08T13:45:23+00:00\" \/>\n<meta property=\"article:modified_time\" content=\"2023-12-08T19:14:14+00:00\" \/>\n<meta property=\"og:image\" content=\"https:\/\/martinluther.ca\/wp-content\/uploads\/2016\/04\/2015-Spring-Cleaning-Camp-Lutherlyn-08.jpg\" \/>\n\t<meta property=\"og:image:width\" content=\"1280\" \/>\n\t<meta property=\"og:image:height\" content=\"853\" \/>\n\t<meta property=\"og:image:type\" content=\"image\/jpeg\" \/>\n<meta name=\"author\" content=\"Mona Kakoschke Frantzke\" \/>\n<meta name=\"twitter:card\" content=\"summary_large_image\" \/>\n<meta name=\"twitter:label1\" content=\"Verfasst von\" \/>\n\t<meta name=\"twitter:data1\" content=\"Mona Kakoschke Frantzke\" \/>\n\t<meta name=\"twitter:label2\" content=\"Gesch\u00e4tzte Lesezeit\" \/>\n\t<meta name=\"twitter:data2\" content=\"2\u00a0Minuten\" \/>\n<script type=\"application\/ld+json\" class=\"yoast-schema-graph\">{\"@context\":\"https:\\\/\\\/schema.org\",\"@graph\":[{\"@type\":\"Article\",\"@id\":\"https:\\\/\\\/martinluther.ca\\\/2019\\\/04\\\/teaming-up-for-spring-cleaning-at-camp-lutherlyn-on-saturday-may-4-2019\\\/#article\",\"isPartOf\":{\"@id\":\"https:\\\/\\\/martinluther.ca\\\/2019\\\/04\\\/teaming-up-for-spring-cleaning-at-camp-lutherlyn-on-saturday-may-4-2019\\\/\"},\"author\":{\"name\":\"Mona Kakoschke Frantzke\",\"@id\":\"https:\\\/\\\/martinluther.ca\\\/de\\\/#\\\/schema\\\/person\\\/815c51710f70b050f0476f18da6b0c8f\"},\"headline\":\"Fr\u00fchjahrsputz im Camp Lutherlyn am Samstag 4. Mai 2019\",\"datePublished\":\"2019-04-08T13:45:23+00:00\",\"dateModified\":\"2023-12-08T19:14:14+00:00\",\"mainEntityOfPage\":{\"@id\":\"https:\\\/\\\/martinluther.ca\\\/2019\\\/04\\\/teaming-up-for-spring-cleaning-at-camp-lutherlyn-on-saturday-may-4-2019\\\/\"},\"wordCount\":327,\"publisher\":{\"@id\":\"https:\\\/\\\/martinluther.ca\\\/de\\\/#organization\"},\"image\":{\"@id\":\"https:\\\/\\\/martinluther.ca\\\/2019\\\/04\\\/teaming-up-for-spring-cleaning-at-camp-lutherlyn-on-saturday-may-4-2019\\\/#primaryimage\"},\"thumbnailUrl\":\"https:\\\/\\\/martinluther.ca\\\/wp-content\\\/uploads\\\/2016\\\/04\\\/2015-Spring-Cleaning-Camp-Lutherlyn-08.jpg\",\"articleSection\":[\"News Blog - German\"],\"inLanguage\":\"de\"},{\"@type\":\"WebPage\",\"@id\":\"https:\\\/\\\/martinluther.ca\\\/2019\\\/04\\\/teaming-up-for-spring-cleaning-at-camp-lutherlyn-on-saturday-may-4-2019\\\/\",\"url\":\"https:\\\/\\\/martinluther.ca\\\/2019\\\/04\\\/teaming-up-for-spring-cleaning-at-camp-lutherlyn-on-saturday-may-4-2019\\\/\",\"name\":\"Fr\u00fchjahrsputz im Camp Lutherlyn am Samstag 4. Mai 2019 - Martin Luther Evangelische Kirche Toronto\",\"isPartOf\":{\"@id\":\"https:\\\/\\\/martinluther.ca\\\/de\\\/#website\"},\"primaryImageOfPage\":{\"@id\":\"https:\\\/\\\/martinluther.ca\\\/2019\\\/04\\\/teaming-up-for-spring-cleaning-at-camp-lutherlyn-on-saturday-may-4-2019\\\/#primaryimage\"},\"image\":{\"@id\":\"https:\\\/\\\/martinluther.ca\\\/2019\\\/04\\\/teaming-up-for-spring-cleaning-at-camp-lutherlyn-on-saturday-may-4-2019\\\/#primaryimage\"},\"thumbnailUrl\":\"https:\\\/\\\/martinluther.ca\\\/wp-content\\\/uploads\\\/2016\\\/04\\\/2015-Spring-Cleaning-Camp-Lutherlyn-08.jpg\",\"datePublished\":\"2019-04-08T13:45:23+00:00\",\"dateModified\":\"2023-12-08T19:14:14+00:00\",\"breadcrumb\":{\"@id\":\"https:\\\/\\\/martinluther.ca\\\/2019\\\/04\\\/teaming-up-for-spring-cleaning-at-camp-lutherlyn-on-saturday-may-4-2019\\\/#breadcrumb\"},\"inLanguage\":\"de\",\"potentialAction\":[{\"@type\":\"ReadAction\",\"target\":[\"https:\\\/\\\/martinluther.ca\\\/2019\\\/04\\\/teaming-up-for-spring-cleaning-at-camp-lutherlyn-on-saturday-may-4-2019\\\/\"]}]},{\"@type\":\"ImageObject\",\"inLanguage\":\"de\",\"@id\":\"https:\\\/\\\/martinluther.ca\\\/2019\\\/04\\\/teaming-up-for-spring-cleaning-at-camp-lutherlyn-on-saturday-may-4-2019\\\/#primaryimage\",\"url\":\"https:\\\/\\\/martinluther.ca\\\/wp-content\\\/uploads\\\/2016\\\/04\\\/2015-Spring-Cleaning-Camp-Lutherlyn-08.jpg\",\"contentUrl\":\"https:\\\/\\\/martinluther.ca\\\/wp-content\\\/uploads\\\/2016\\\/04\\\/2015-Spring-Cleaning-Camp-Lutherlyn-08.jpg\",\"width\":1280,\"height\":853,\"caption\":\"Raking leaves at Camp Lutherlyn\"},{\"@type\":\"BreadcrumbList\",\"@id\":\"https:\\\/\\\/martinluther.ca\\\/2019\\\/04\\\/teaming-up-for-spring-cleaning-at-camp-lutherlyn-on-saturday-may-4-2019\\\/#breadcrumb\",\"itemListElement\":[{\"@type\":\"ListItem\",\"position\":1,\"name\":\"Home\",\"item\":\"https:\\\/\\\/martinluther.ca\\\/de\\\/\"},{\"@type\":\"ListItem\",\"position\":2,\"name\":\"Fr\u00fchjahrsputz im Camp Lutherlyn am Samstag 4. Mai 2019\"}]},{\"@type\":\"WebSite\",\"@id\":\"https:\\\/\\\/martinluther.ca\\\/de\\\/#website\",\"url\":\"https:\\\/\\\/martinluther.ca\\\/de\\\/\",\"name\":\"Martin Luther Evangelical Church Toronto\",\"description\":\"Deutsch &amp; Englisch\",\"publisher\":{\"@id\":\"https:\\\/\\\/martinluther.ca\\\/de\\\/#organization\"},\"potentialAction\":[{\"@type\":\"SearchAction\",\"target\":{\"@type\":\"EntryPoint\",\"urlTemplate\":\"https:\\\/\\\/martinluther.ca\\\/de\\\/?s={search_term_string}\"},\"query-input\":{\"@type\":\"PropertyValueSpecification\",\"valueRequired\":true,\"valueName\":\"search_term_string\"}}],\"inLanguage\":\"de\"},{\"@type\":\"Organization\",\"@id\":\"https:\\\/\\\/martinluther.ca\\\/de\\\/#organization\",\"name\":\"Martin Luther Evangelical Church Toronto\",\"url\":\"https:\\\/\\\/martinluther.ca\\\/de\\\/\",\"logo\":{\"@type\":\"ImageObject\",\"inLanguage\":\"de\",\"@id\":\"https:\\\/\\\/martinluther.ca\\\/de\\\/#\\\/schema\\\/logo\\\/image\\\/\",\"url\":\"https:\\\/\\\/martinluther.ca\\\/wp-content\\\/uploads\\\/2016\\\/12\\\/ml-logo-300.png\",\"contentUrl\":\"https:\\\/\\\/martinluther.ca\\\/wp-content\\\/uploads\\\/2016\\\/12\\\/ml-logo-300.png\",\"width\":300,\"height\":150,\"caption\":\"Martin Luther Evangelical Church Toronto\"},\"image\":{\"@id\":\"https:\\\/\\\/martinluther.ca\\\/de\\\/#\\\/schema\\\/logo\\\/image\\\/\"},\"sameAs\":[\"https:\\\/\\\/www.facebook.com\\\/martinlutherchurchtoronto\",\"https:\\\/\\\/www.instagram.com\\\/lutheransbythelake\\\/\",\"https:\\\/\\\/www.youtube.com\\\/MartinLutherChurchToronto\"]},{\"@type\":\"Person\",\"@id\":\"https:\\\/\\\/martinluther.ca\\\/de\\\/#\\\/schema\\\/person\\\/815c51710f70b050f0476f18da6b0c8f\",\"name\":\"Mona Kakoschke Frantzke\",\"image\":{\"@type\":\"ImageObject\",\"inLanguage\":\"de\",\"@id\":\"https:\\\/\\\/secure.gravatar.com\\\/avatar\\\/0deb16854ca545cd2e9fc8001ca110d262b80d5c8317b38dc542265fbea0ed19?s=96&d=mm&r=g\",\"url\":\"https:\\\/\\\/secure.gravatar.com\\\/avatar\\\/0deb16854ca545cd2e9fc8001ca110d262b80d5c8317b38dc542265fbea0ed19?s=96&d=mm&r=g\",\"contentUrl\":\"https:\\\/\\\/secure.gravatar.com\\\/avatar\\\/0deb16854ca545cd2e9fc8001ca110d262b80d5c8317b38dc542265fbea0ed19?s=96&d=mm&r=g\",\"caption\":\"Mona Kakoschke Frantzke\"},\"url\":false}]}<\/script>\n<!-- \/ Yoast SEO plugin. -->","yoast_head_json":{"title":"Fr\u00fchjahrsputz im Camp Lutherlyn am Samstag 4. Mai 2019 - Martin Luther Evangelische Kirche Toronto","robots":{"index":"index","follow":"follow","max-snippet":"max-snippet:-1","max-image-preview":"max-image-preview:large","max-video-preview":"max-video-preview:-1"},"canonical":"https:\/\/martinluther.ca\/2019\/04\/teaming-up-for-spring-cleaning-at-camp-lutherlyn-on-saturday-may-4-2019\/","og_locale":"de_DE","og_type":"article","og_title":"Fr\u00fchjahrsputz im Camp Lutherlyn am Samstag 4. Mai 2019 - Martin Luther Evangelische Kirche Toronto","og_description":"UPDATE on June 2, 2019: Der Tag startete mit einem ausgewogenem Fr\u00fchst\u00fcck f\u00fcr die Freiwilligen Helfer aus unserer Gemeinde. Unsere Aufgaben waren Tische und St\u00fchle in den Speisesaal bringen, Farbeimer aus dem Keller in die Garage zu bringen, das Gel\u00e4nde nach M\u00fcll abzusuchen und das Laub und die Nadeln wegzuharken. Nat\u00fcrlich durfte ein Abstecher zum&hellip;","og_url":"https:\/\/martinluther.ca\/2019\/04\/teaming-up-for-spring-cleaning-at-camp-lutherlyn-on-saturday-may-4-2019\/","og_site_name":"Martin Luther Evangelische Kirche Toronto","article_publisher":"https:\/\/www.facebook.com\/martinlutherchurchtoronto","article_published_time":"2019-04-08T13:45:23+00:00","article_modified_time":"2023-12-08T19:14:14+00:00","og_image":[{"width":1280,"height":853,"url":"https:\/\/martinluther.ca\/wp-content\/uploads\/2016\/04\/2015-Spring-Cleaning-Camp-Lutherlyn-08.jpg","type":"image\/jpeg"}],"author":"Mona Kakoschke Frantzke","twitter_card":"summary_large_image","twitter_misc":{"Verfasst von":"Mona Kakoschke Frantzke","Gesch\u00e4tzte Lesezeit":"2\u00a0Minuten"},"schema":{"@context":"https:\/\/schema.org","@graph":[{"@type":"Article","@id":"https:\/\/martinluther.ca\/2019\/04\/teaming-up-for-spring-cleaning-at-camp-lutherlyn-on-saturday-may-4-2019\/#article","isPartOf":{"@id":"https:\/\/martinluther.ca\/2019\/04\/teaming-up-for-spring-cleaning-at-camp-lutherlyn-on-saturday-may-4-2019\/"},"author":{"name":"Mona Kakoschke Frantzke","@id":"https:\/\/martinluther.ca\/de\/#\/schema\/person\/815c51710f70b050f0476f18da6b0c8f"},"headline":"Fr\u00fchjahrsputz im Camp Lutherlyn am Samstag 4. Mai 2019","datePublished":"2019-04-08T13:45:23+00:00","dateModified":"2023-12-08T19:14:14+00:00","mainEntityOfPage":{"@id":"https:\/\/martinluther.ca\/2019\/04\/teaming-up-for-spring-cleaning-at-camp-lutherlyn-on-saturday-may-4-2019\/"},"wordCount":327,"publisher":{"@id":"https:\/\/martinluther.ca\/de\/#organization"},"image":{"@id":"https:\/\/martinluther.ca\/2019\/04\/teaming-up-for-spring-cleaning-at-camp-lutherlyn-on-saturday-may-4-2019\/#primaryimage"},"thumbnailUrl":"https:\/\/martinluther.ca\/wp-content\/uploads\/2016\/04\/2015-Spring-Cleaning-Camp-Lutherlyn-08.jpg","articleSection":["News Blog - German"],"inLanguage":"de"},{"@type":"WebPage","@id":"https:\/\/martinluther.ca\/2019\/04\/teaming-up-for-spring-cleaning-at-camp-lutherlyn-on-saturday-may-4-2019\/","url":"https:\/\/martinluther.ca\/2019\/04\/teaming-up-for-spring-cleaning-at-camp-lutherlyn-on-saturday-may-4-2019\/","name":"Fr\u00fchjahrsputz im Camp Lutherlyn am Samstag 4. Mai 2019 - Martin Luther Evangelische Kirche Toronto","isPartOf":{"@id":"https:\/\/martinluther.ca\/de\/#website"},"primaryImageOfPage":{"@id":"https:\/\/martinluther.ca\/2019\/04\/teaming-up-for-spring-cleaning-at-camp-lutherlyn-on-saturday-may-4-2019\/#primaryimage"},"image":{"@id":"https:\/\/martinluther.ca\/2019\/04\/teaming-up-for-spring-cleaning-at-camp-lutherlyn-on-saturday-may-4-2019\/#primaryimage"},"thumbnailUrl":"https:\/\/martinluther.ca\/wp-content\/uploads\/2016\/04\/2015-Spring-Cleaning-Camp-Lutherlyn-08.jpg","datePublished":"2019-04-08T13:45:23+00:00","dateModified":"2023-12-08T19:14:14+00:00","breadcrumb":{"@id":"https:\/\/martinluther.ca\/2019\/04\/teaming-up-for-spring-cleaning-at-camp-lutherlyn-on-saturday-may-4-2019\/#breadcrumb"},"inLanguage":"de","potentialAction":[{"@type":"ReadAction","target":["https:\/\/martinluther.ca\/2019\/04\/teaming-up-for-spring-cleaning-at-camp-lutherlyn-on-saturday-may-4-2019\/"]}]},{"@type":"ImageObject","inLanguage":"de","@id":"https:\/\/martinluther.ca\/2019\/04\/teaming-up-for-spring-cleaning-at-camp-lutherlyn-on-saturday-may-4-2019\/#primaryimage","url":"https:\/\/martinluther.ca\/wp-content\/uploads\/2016\/04\/2015-Spring-Cleaning-Camp-Lutherlyn-08.jpg","contentUrl":"https:\/\/martinluther.ca\/wp-content\/uploads\/2016\/04\/2015-Spring-Cleaning-Camp-Lutherlyn-08.jpg","width":1280,"height":853,"caption":"Raking leaves at Camp Lutherlyn"},{"@type":"BreadcrumbList","@id":"https:\/\/martinluther.ca\/2019\/04\/teaming-up-for-spring-cleaning-at-camp-lutherlyn-on-saturday-may-4-2019\/#breadcrumb","itemListElement":[{"@type":"ListItem","position":1,"name":"Home","item":"https:\/\/martinluther.ca\/de\/"},{"@type":"ListItem","position":2,"name":"Fr\u00fchjahrsputz im Camp Lutherlyn am Samstag 4. Mai 2019"}]},{"@type":"WebSite","@id":"https:\/\/martinluther.ca\/de\/#website","url":"https:\/\/martinluther.ca\/de\/","name":"Martin Luther Evangelical Church Toronto","description":"Deutsch &amp; Englisch","publisher":{"@id":"https:\/\/martinluther.ca\/de\/#organization"},"potentialAction":[{"@type":"SearchAction","target":{"@type":"EntryPoint","urlTemplate":"https:\/\/martinluther.ca\/de\/?s={search_term_string}"},"query-input":{"@type":"PropertyValueSpecification","valueRequired":true,"valueName":"search_term_string"}}],"inLanguage":"de"},{"@type":"Organization","@id":"https:\/\/martinluther.ca\/de\/#organization","name":"Martin Luther Evangelical Church Toronto","url":"https:\/\/martinluther.ca\/de\/","logo":{"@type":"ImageObject","inLanguage":"de","@id":"https:\/\/martinluther.ca\/de\/#\/schema\/logo\/image\/","url":"https:\/\/martinluther.ca\/wp-content\/uploads\/2016\/12\/ml-logo-300.png","contentUrl":"https:\/\/martinluther.ca\/wp-content\/uploads\/2016\/12\/ml-logo-300.png","width":300,"height":150,"caption":"Martin Luther Evangelical Church Toronto"},"image":{"@id":"https:\/\/martinluther.ca\/de\/#\/schema\/logo\/image\/"},"sameAs":["https:\/\/www.facebook.com\/martinlutherchurchtoronto","https:\/\/www.instagram.com\/lutheransbythelake\/","https:\/\/www.youtube.com\/MartinLutherChurchToronto"]},{"@type":"Person","@id":"https:\/\/martinluther.ca\/de\/#\/schema\/person\/815c51710f70b050f0476f18da6b0c8f","name":"Mona Kakoschke Frantzke","image":{"@type":"ImageObject","inLanguage":"de","@id":"https:\/\/secure.gravatar.com\/avatar\/0deb16854ca545cd2e9fc8001ca110d262b80d5c8317b38dc542265fbea0ed19?s=96&d=mm&r=g","url":"https:\/\/secure.gravatar.com\/avatar\/0deb16854ca545cd2e9fc8001ca110d262b80d5c8317b38dc542265fbea0ed19?s=96&d=mm&r=g","contentUrl":"https:\/\/secure.gravatar.com\/avatar\/0deb16854ca545cd2e9fc8001ca110d262b80d5c8317b38dc542265fbea0ed19?s=96&d=mm&r=g","caption":"Mona Kakoschke Frantzke"},"url":false}]}},"_links":{"self":[{"href":"https:\/\/martinluther.ca\/de\/wp-json\/wp\/v2\/posts\/31244","targetHints":{"allow":["GET"]}}],"collection":[{"href":"https:\/\/martinluther.ca\/de\/wp-json\/wp\/v2\/posts"}],"about":[{"href":"https:\/\/martinluther.ca\/de\/wp-json\/wp\/v2\/types\/post"}],"author":[{"embeddable":true,"href":"https:\/\/martinluther.ca\/de\/wp-json\/wp\/v2\/users\/9"}],"replies":[{"embeddable":true,"href":"https:\/\/martinluther.ca\/de\/wp-json\/wp\/v2\/comments?post=31244"}],"version-history":[{"count":7,"href":"https:\/\/martinluther.ca\/de\/wp-json\/wp\/v2\/posts\/31244\/revisions"}],"predecessor-version":[{"id":47184,"href":"https:\/\/martinluther.ca\/de\/wp-json\/wp\/v2\/posts\/31244\/revisions\/47184"}],"wp:featuredmedia":[{"embeddable":true,"href":"https:\/\/martinluther.ca\/de\/wp-json\/wp\/v2\/media\/30346"}],"wp:attachment":[{"href":"https:\/\/martinluther.ca\/de\/wp-json\/wp\/v2\/media?parent=31244"}],"wp:term":[{"taxonomy":"category","embeddable":true,"href":"https:\/\/martinluther.ca\/de\/wp-json\/wp\/v2\/categories?post=31244"},{"taxonomy":"post_tag","embeddable":true,"href":"https:\/\/martinluther.ca\/de\/wp-json\/wp\/v2\/tags?post=31244"},{"taxonomy":"post_series","embeddable":true,"href":"https:\/\/martinluther.ca\/de\/wp-json\/wp\/v2\/post_series?post=31244"}],"curies":[{"name":"wp","href":"https:\/\/api.w.org\/{rel}","templated":true}]}}