{"id":31304,"date":"2019-04-30T11:37:37","date_gmt":"2019-04-30T15:37:37","guid":{"rendered":"https:\/\/martinluther.ca\/?p=31304"},"modified":"2019-06-02T23:06:19","modified_gmt":"2019-06-03T03:06:19","slug":"maiwanderung-viktoriatag-montag-den-20-mai-2019","status":"publish","type":"post","link":"https:\/\/martinluther.ca\/de\/2019\/04\/maiwanderung-viktoriatag-montag-den-20-mai-2019\/","title":{"rendered":"Maiwanderung &#8211; Viktoriatag, Montag den 20. Mai, 2019"},"content":{"rendered":"<p><img loading=\"lazy\" decoding=\"async\" class=\"alignright size-medium wp-image-31334\" src=\"https:\/\/martinluther.ca\/wp-content\/uploads\/2019\/05\/2019-Hiking-In-May-03-2-300x225.jpg\" alt=\"2019 Hiking In May\" width=\"300\" height=\"225\" srcset=\"https:\/\/martinluther.ca\/wp-content\/uploads\/2019\/05\/2019-Hiking-In-May-03-2-300x225.jpg 300w, https:\/\/martinluther.ca\/wp-content\/uploads\/2019\/05\/2019-Hiking-In-May-03-2.jpg 557w\" sizes=\"auto, (max-width: 300px) 100vw, 300px\" \/>UPDATE on June 2, 2019: Wir danken der Murray Familie fur die F\u00fchrung und Gastfreundlichkeit!<\/p>\n<p>Murrays Haus in der N\u00e4he des Mono Cliffs Provincial Parks hatte 40 begeisterte Teilnehmer, die zusammen mit 3 Ziegen zwischen 8 und 16 km Waltstrecke liefen. Wir danken der Murray Familie fur die F\u00fchrung und Gastfreundlichkeit!<\/p>\n<p>*************<\/p>\n<p>Ich m\u00f6chte Euch und Eure Familie gerne zu einer Wanderung und Spendenaktion am <strong>Viktoriatag, Montag den 20. Mai, 2019<\/strong> einladen. Der Plan ist eine von zwei Wegen auf dem <strong>Bruce Trail &#8211; in und um &#8211; Mono Cliff Provincial Park<\/strong> zu bewandern und danach bei Martina Murray Abendbrot zu essen. Martina ist Mitglied unserer Gemeinde und wohnt mit Ihrer Familie und vielen Tieren direkt n\u00f6rdlich des Parks.<\/p>\n<p>Es gibt zwei Optionen f\u00fcr die Wanderung:<\/p>\n<p><strong>Option A<\/strong> &#8211; Von Martinas Haus eine kleine Rundwanderung zirka 8 km durch den Mono Cliff Provincial Park begleitet von ihren Ziegen. Es soll um 12 Uhr losgehen.<\/p>\n<p><strong>Option B<\/strong> &#8211; Von einem Parkplatz in der N\u00e4he des Hockley Valley Provincial Nature Reserve durch den Mono Cliff Provincial Park zu Martinas Haus 15 oder 18km weit.<\/p>\n<p><img loading=\"lazy\" decoding=\"async\" class=\"alignleft size-medium wp-image-31299\" src=\"https:\/\/martinluther.ca\/wp-content\/uploads\/2019\/04\/2019-Hiking-in-May-02-300x225.jpeg\" alt=\"2019 Hiking in May\" width=\"300\" height=\"225\" srcset=\"https:\/\/martinluther.ca\/wp-content\/uploads\/2019\/04\/2019-Hiking-in-May-02-300x225.jpeg 300w, https:\/\/martinluther.ca\/wp-content\/uploads\/2019\/04\/2019-Hiking-in-May-02-768x576.jpeg 768w, https:\/\/martinluther.ca\/wp-content\/uploads\/2019\/04\/2019-Hiking-in-May-02-1024x768.jpeg 1024w\" sizes=\"auto, (max-width: 300px) 100vw, 300px\" \/>Nach der Wanderung wir Martina und ihre Mannschaft Abendessen und nicht-alkoholische Getr\u00e4nke so gegen 17 Uhr servieren. Bitte lasst Martina oder mich wissen, falls ihr vegetarisch essen wollt oder wir auf Lebensmittelallergien R\u00fccksicht nehmen m\u00fcssen.<\/p>\n<p>Die Kosten daf\u00fcr sind $15 f\u00fcr Erwachsene und $10 f\u00fcr Kinder unter 15 Jahren. Bitte denkt auch dar\u00fcberhinaus an eine freiwillige, von der Steuer absetzbare Spende an unsere Kirche, sodass wir unser Haushaltdefizit dieses Jahr reduzieren oder gar g\u00e4nzlich vermeiden k\u00f6nnen.<\/p>\n<p>Bitte denkt an Wanderschuhe und daran euch dem Wetter entsprechend anzuziehen. Sonnenschutz, ein Hut und eine Wasserflasche werden n\u00fctzlich sein. Der Bruce Trail ist manchmal eng und f\u00fchrt \u00fcber Stock und Stein. Hunde sind willkommen.<\/p>\n<p>Bitte schickt eine E-mail an <a href=\"mailto:treasurer@martinluther.ca\" target=\"_blank\" rel=\"noopener noreferrer\">treasurer@martinluther.ca<\/a> um Euch anzumelden mit der Anzahl der Personen und wer welchen Weg A oder B laufen m\u00f6chte. Bezahlt werden kann online oder mit den Umschl\u00e4gen in der Kirche &#8211; bitte mit \u201cMaiwanderung\u201d markieren oder per INTERACT e-transfer an <a href=\"mailto:treasurer@martinluther.ca\" target=\"_blank\" rel=\"noopener noreferrer\">treasurer@martinluther.ca<\/a>.<\/p>\n<p>Ich freue mich darauf mit Euch zu Wandern.<\/p>\n<p>Martin Haefele<br \/>\nSchatzmeister, Martin Luther Kirche<\/p>\n","protected":false},"excerpt":{"rendered":"<p>UPDATE on June 2, 2019: Wir danken der Murray Familie fur die F\u00fchrung und Gastfreundlichkeit! Murrays Haus in der N\u00e4he des Mono Cliffs Provincial Parks hatte 40 begeisterte Teilnehmer, die zusammen mit 3 Ziegen zwischen 8 und 16 km Waltstrecke liefen. Wir danken der Murray Familie fur die F\u00fchrung und Gastfreundlichkeit! ************* Ich m\u00f6chte Euch&hellip;<\/p>\n","protected":false},"author":9,"featured_media":31334,"comment_status":"closed","ping_status":"closed","sticky":false,"template":"","format":"standard","meta":{"footnotes":""},"categories":[69],"tags":[],"post_series":[],"class_list":["post-31304","post","type-post","status-publish","format-standard","has-post-thumbnail","hentry","category-news-blog-german","entry","has-media"],"yoast_head":"<!-- This site is optimized with the Yoast SEO plugin v27.5 - https:\/\/yoast.com\/product\/yoast-seo-wordpress\/ -->\n<title>Maiwanderung - Viktoriatag, Montag den 20. Mai, 2019 - Martin Luther Evangelische Kirche Toronto<\/title>\n<meta name=\"robots\" content=\"index, follow, max-snippet:-1, max-image-preview:large, max-video-preview:-1\" \/>\n<link rel=\"canonical\" href=\"https:\/\/martinluther.ca\/de\/2019\/04\/maiwanderung-viktoriatag-montag-den-20-mai-2019\/\" \/>\n<meta property=\"og:locale\" content=\"de_DE\" \/>\n<meta property=\"og:type\" content=\"article\" \/>\n<meta property=\"og:title\" content=\"Maiwanderung - Viktoriatag, Montag den 20. Mai, 2019 - Martin Luther Evangelische Kirche Toronto\" \/>\n<meta property=\"og:description\" content=\"UPDATE on June 2, 2019: Wir danken der Murray Familie fur die F\u00fchrung und Gastfreundlichkeit! Murrays Haus in der N\u00e4he des Mono Cliffs Provincial Parks hatte 40 begeisterte Teilnehmer, die zusammen mit 3 Ziegen zwischen 8 und 16 km Waltstrecke liefen. Wir danken der Murray Familie fur die F\u00fchrung und Gastfreundlichkeit! ************* Ich m\u00f6chte Euch&hellip;\" \/>\n<meta property=\"og:url\" content=\"https:\/\/martinluther.ca\/de\/2019\/04\/maiwanderung-viktoriatag-montag-den-20-mai-2019\/\" \/>\n<meta property=\"og:site_name\" content=\"Martin Luther Evangelische Kirche Toronto\" \/>\n<meta property=\"article:publisher\" content=\"https:\/\/www.facebook.com\/martinlutherchurchtoronto\" \/>\n<meta property=\"article:published_time\" content=\"2019-04-30T15:37:37+00:00\" \/>\n<meta property=\"article:modified_time\" content=\"2019-06-03T03:06:19+00:00\" \/>\n<meta property=\"og:image\" content=\"https:\/\/martinluther.ca\/wp-content\/uploads\/2019\/05\/2019-Hiking-In-May-03-2.jpg\" \/>\n\t<meta property=\"og:image:width\" content=\"557\" \/>\n\t<meta property=\"og:image:height\" content=\"417\" \/>\n\t<meta property=\"og:image:type\" content=\"image\/jpeg\" \/>\n<meta name=\"author\" content=\"Mona Kakoschke Frantzke\" \/>\n<meta name=\"twitter:card\" content=\"summary_large_image\" \/>\n<meta name=\"twitter:label1\" content=\"Verfasst von\" \/>\n\t<meta name=\"twitter:data1\" content=\"Mona Kakoschke Frantzke\" \/>\n\t<meta name=\"twitter:label2\" content=\"Gesch\u00e4tzte Lesezeit\" \/>\n\t<meta name=\"twitter:data2\" content=\"2\u00a0Minuten\" \/>\n<script type=\"application\/ld+json\" class=\"yoast-schema-graph\">{\"@context\":\"https:\\\/\\\/schema.org\",\"@graph\":[{\"@type\":\"Article\",\"@id\":\"https:\\\/\\\/martinluther.ca\\\/de\\\/2019\\\/04\\\/maiwanderung-viktoriatag-montag-den-20-mai-2019\\\/#article\",\"isPartOf\":{\"@id\":\"https:\\\/\\\/martinluther.ca\\\/de\\\/2019\\\/04\\\/maiwanderung-viktoriatag-montag-den-20-mai-2019\\\/\"},\"author\":{\"name\":\"Mona Kakoschke Frantzke\",\"@id\":\"https:\\\/\\\/martinluther.ca\\\/de\\\/#\\\/schema\\\/person\\\/815c51710f70b050f0476f18da6b0c8f\"},\"headline\":\"Maiwanderung &#8211; Viktoriatag, Montag den 20. Mai, 2019\",\"datePublished\":\"2019-04-30T15:37:37+00:00\",\"dateModified\":\"2019-06-03T03:06:19+00:00\",\"mainEntityOfPage\":{\"@id\":\"https:\\\/\\\/martinluther.ca\\\/de\\\/2019\\\/04\\\/maiwanderung-viktoriatag-montag-den-20-mai-2019\\\/\"},\"wordCount\":366,\"publisher\":{\"@id\":\"https:\\\/\\\/martinluther.ca\\\/de\\\/#organization\"},\"image\":{\"@id\":\"https:\\\/\\\/martinluther.ca\\\/de\\\/2019\\\/04\\\/maiwanderung-viktoriatag-montag-den-20-mai-2019\\\/#primaryimage\"},\"thumbnailUrl\":\"https:\\\/\\\/martinluther.ca\\\/wp-content\\\/uploads\\\/2019\\\/05\\\/2019-Hiking-In-May-03-2.jpg\",\"articleSection\":[\"News Blog - German\"],\"inLanguage\":\"de\"},{\"@type\":\"WebPage\",\"@id\":\"https:\\\/\\\/martinluther.ca\\\/de\\\/2019\\\/04\\\/maiwanderung-viktoriatag-montag-den-20-mai-2019\\\/\",\"url\":\"https:\\\/\\\/martinluther.ca\\\/de\\\/2019\\\/04\\\/maiwanderung-viktoriatag-montag-den-20-mai-2019\\\/\",\"name\":\"Maiwanderung - Viktoriatag, Montag den 20. Mai, 2019 - Martin Luther Evangelische Kirche Toronto\",\"isPartOf\":{\"@id\":\"https:\\\/\\\/martinluther.ca\\\/de\\\/#website\"},\"primaryImageOfPage\":{\"@id\":\"https:\\\/\\\/martinluther.ca\\\/de\\\/2019\\\/04\\\/maiwanderung-viktoriatag-montag-den-20-mai-2019\\\/#primaryimage\"},\"image\":{\"@id\":\"https:\\\/\\\/martinluther.ca\\\/de\\\/2019\\\/04\\\/maiwanderung-viktoriatag-montag-den-20-mai-2019\\\/#primaryimage\"},\"thumbnailUrl\":\"https:\\\/\\\/martinluther.ca\\\/wp-content\\\/uploads\\\/2019\\\/05\\\/2019-Hiking-In-May-03-2.jpg\",\"datePublished\":\"2019-04-30T15:37:37+00:00\",\"dateModified\":\"2019-06-03T03:06:19+00:00\",\"breadcrumb\":{\"@id\":\"https:\\\/\\\/martinluther.ca\\\/de\\\/2019\\\/04\\\/maiwanderung-viktoriatag-montag-den-20-mai-2019\\\/#breadcrumb\"},\"inLanguage\":\"de\",\"potentialAction\":[{\"@type\":\"ReadAction\",\"target\":[\"https:\\\/\\\/martinluther.ca\\\/de\\\/2019\\\/04\\\/maiwanderung-viktoriatag-montag-den-20-mai-2019\\\/\"]}]},{\"@type\":\"ImageObject\",\"inLanguage\":\"de\",\"@id\":\"https:\\\/\\\/martinluther.ca\\\/de\\\/2019\\\/04\\\/maiwanderung-viktoriatag-montag-den-20-mai-2019\\\/#primaryimage\",\"url\":\"https:\\\/\\\/martinluther.ca\\\/wp-content\\\/uploads\\\/2019\\\/05\\\/2019-Hiking-In-May-03-2.jpg\",\"contentUrl\":\"https:\\\/\\\/martinluther.ca\\\/wp-content\\\/uploads\\\/2019\\\/05\\\/2019-Hiking-In-May-03-2.jpg\",\"width\":557,\"height\":417,\"caption\":\"2019 Hiking In May\"},{\"@type\":\"BreadcrumbList\",\"@id\":\"https:\\\/\\\/martinluther.ca\\\/de\\\/2019\\\/04\\\/maiwanderung-viktoriatag-montag-den-20-mai-2019\\\/#breadcrumb\",\"itemListElement\":[{\"@type\":\"ListItem\",\"position\":1,\"name\":\"Home\",\"item\":\"https:\\\/\\\/martinluther.ca\\\/de\\\/\"},{\"@type\":\"ListItem\",\"position\":2,\"name\":\"Maiwanderung &#8211; Viktoriatag, Montag den 20. Mai, 2019\"}]},{\"@type\":\"WebSite\",\"@id\":\"https:\\\/\\\/martinluther.ca\\\/de\\\/#website\",\"url\":\"https:\\\/\\\/martinluther.ca\\\/de\\\/\",\"name\":\"Martin Luther Evangelical Church Toronto\",\"description\":\"Deutsch &amp; Englisch\",\"publisher\":{\"@id\":\"https:\\\/\\\/martinluther.ca\\\/de\\\/#organization\"},\"potentialAction\":[{\"@type\":\"SearchAction\",\"target\":{\"@type\":\"EntryPoint\",\"urlTemplate\":\"https:\\\/\\\/martinluther.ca\\\/de\\\/?s={search_term_string}\"},\"query-input\":{\"@type\":\"PropertyValueSpecification\",\"valueRequired\":true,\"valueName\":\"search_term_string\"}}],\"inLanguage\":\"de\"},{\"@type\":\"Organization\",\"@id\":\"https:\\\/\\\/martinluther.ca\\\/de\\\/#organization\",\"name\":\"Martin Luther Evangelical Church Toronto\",\"url\":\"https:\\\/\\\/martinluther.ca\\\/de\\\/\",\"logo\":{\"@type\":\"ImageObject\",\"inLanguage\":\"de\",\"@id\":\"https:\\\/\\\/martinluther.ca\\\/de\\\/#\\\/schema\\\/logo\\\/image\\\/\",\"url\":\"https:\\\/\\\/martinluther.ca\\\/wp-content\\\/uploads\\\/2016\\\/12\\\/ml-logo-300.png\",\"contentUrl\":\"https:\\\/\\\/martinluther.ca\\\/wp-content\\\/uploads\\\/2016\\\/12\\\/ml-logo-300.png\",\"width\":300,\"height\":150,\"caption\":\"Martin Luther Evangelical Church Toronto\"},\"image\":{\"@id\":\"https:\\\/\\\/martinluther.ca\\\/de\\\/#\\\/schema\\\/logo\\\/image\\\/\"},\"sameAs\":[\"https:\\\/\\\/www.facebook.com\\\/martinlutherchurchtoronto\",\"https:\\\/\\\/www.instagram.com\\\/lutheransbythelake\\\/\",\"https:\\\/\\\/www.youtube.com\\\/MartinLutherChurchToronto\"]},{\"@type\":\"Person\",\"@id\":\"https:\\\/\\\/martinluther.ca\\\/de\\\/#\\\/schema\\\/person\\\/815c51710f70b050f0476f18da6b0c8f\",\"name\":\"Mona Kakoschke Frantzke\",\"image\":{\"@type\":\"ImageObject\",\"inLanguage\":\"de\",\"@id\":\"https:\\\/\\\/secure.gravatar.com\\\/avatar\\\/0deb16854ca545cd2e9fc8001ca110d262b80d5c8317b38dc542265fbea0ed19?s=96&d=mm&r=g\",\"url\":\"https:\\\/\\\/secure.gravatar.com\\\/avatar\\\/0deb16854ca545cd2e9fc8001ca110d262b80d5c8317b38dc542265fbea0ed19?s=96&d=mm&r=g\",\"contentUrl\":\"https:\\\/\\\/secure.gravatar.com\\\/avatar\\\/0deb16854ca545cd2e9fc8001ca110d262b80d5c8317b38dc542265fbea0ed19?s=96&d=mm&r=g\",\"caption\":\"Mona Kakoschke Frantzke\"},\"url\":false}]}<\/script>\n<!-- \/ Yoast SEO plugin. -->","yoast_head_json":{"title":"Maiwanderung - Viktoriatag, Montag den 20. Mai, 2019 - Martin Luther Evangelische Kirche Toronto","robots":{"index":"index","follow":"follow","max-snippet":"max-snippet:-1","max-image-preview":"max-image-preview:large","max-video-preview":"max-video-preview:-1"},"canonical":"https:\/\/martinluther.ca\/de\/2019\/04\/maiwanderung-viktoriatag-montag-den-20-mai-2019\/","og_locale":"de_DE","og_type":"article","og_title":"Maiwanderung - Viktoriatag, Montag den 20. Mai, 2019 - Martin Luther Evangelische Kirche Toronto","og_description":"UPDATE on June 2, 2019: Wir danken der Murray Familie fur die F\u00fchrung und Gastfreundlichkeit! Murrays Haus in der N\u00e4he des Mono Cliffs Provincial Parks hatte 40 begeisterte Teilnehmer, die zusammen mit 3 Ziegen zwischen 8 und 16 km Waltstrecke liefen. Wir danken der Murray Familie fur die F\u00fchrung und Gastfreundlichkeit! ************* Ich m\u00f6chte Euch&hellip;","og_url":"https:\/\/martinluther.ca\/de\/2019\/04\/maiwanderung-viktoriatag-montag-den-20-mai-2019\/","og_site_name":"Martin Luther Evangelische Kirche Toronto","article_publisher":"https:\/\/www.facebook.com\/martinlutherchurchtoronto","article_published_time":"2019-04-30T15:37:37+00:00","article_modified_time":"2019-06-03T03:06:19+00:00","og_image":[{"width":557,"height":417,"url":"https:\/\/martinluther.ca\/wp-content\/uploads\/2019\/05\/2019-Hiking-In-May-03-2.jpg","type":"image\/jpeg"}],"author":"Mona Kakoschke Frantzke","twitter_card":"summary_large_image","twitter_misc":{"Verfasst von":"Mona Kakoschke Frantzke","Gesch\u00e4tzte Lesezeit":"2\u00a0Minuten"},"schema":{"@context":"https:\/\/schema.org","@graph":[{"@type":"Article","@id":"https:\/\/martinluther.ca\/de\/2019\/04\/maiwanderung-viktoriatag-montag-den-20-mai-2019\/#article","isPartOf":{"@id":"https:\/\/martinluther.ca\/de\/2019\/04\/maiwanderung-viktoriatag-montag-den-20-mai-2019\/"},"author":{"name":"Mona Kakoschke Frantzke","@id":"https:\/\/martinluther.ca\/de\/#\/schema\/person\/815c51710f70b050f0476f18da6b0c8f"},"headline":"Maiwanderung &#8211; Viktoriatag, Montag den 20. Mai, 2019","datePublished":"2019-04-30T15:37:37+00:00","dateModified":"2019-06-03T03:06:19+00:00","mainEntityOfPage":{"@id":"https:\/\/martinluther.ca\/de\/2019\/04\/maiwanderung-viktoriatag-montag-den-20-mai-2019\/"},"wordCount":366,"publisher":{"@id":"https:\/\/martinluther.ca\/de\/#organization"},"image":{"@id":"https:\/\/martinluther.ca\/de\/2019\/04\/maiwanderung-viktoriatag-montag-den-20-mai-2019\/#primaryimage"},"thumbnailUrl":"https:\/\/martinluther.ca\/wp-content\/uploads\/2019\/05\/2019-Hiking-In-May-03-2.jpg","articleSection":["News Blog - German"],"inLanguage":"de"},{"@type":"WebPage","@id":"https:\/\/martinluther.ca\/de\/2019\/04\/maiwanderung-viktoriatag-montag-den-20-mai-2019\/","url":"https:\/\/martinluther.ca\/de\/2019\/04\/maiwanderung-viktoriatag-montag-den-20-mai-2019\/","name":"Maiwanderung - Viktoriatag, Montag den 20. Mai, 2019 - Martin Luther Evangelische Kirche Toronto","isPartOf":{"@id":"https:\/\/martinluther.ca\/de\/#website"},"primaryImageOfPage":{"@id":"https:\/\/martinluther.ca\/de\/2019\/04\/maiwanderung-viktoriatag-montag-den-20-mai-2019\/#primaryimage"},"image":{"@id":"https:\/\/martinluther.ca\/de\/2019\/04\/maiwanderung-viktoriatag-montag-den-20-mai-2019\/#primaryimage"},"thumbnailUrl":"https:\/\/martinluther.ca\/wp-content\/uploads\/2019\/05\/2019-Hiking-In-May-03-2.jpg","datePublished":"2019-04-30T15:37:37+00:00","dateModified":"2019-06-03T03:06:19+00:00","breadcrumb":{"@id":"https:\/\/martinluther.ca\/de\/2019\/04\/maiwanderung-viktoriatag-montag-den-20-mai-2019\/#breadcrumb"},"inLanguage":"de","potentialAction":[{"@type":"ReadAction","target":["https:\/\/martinluther.ca\/de\/2019\/04\/maiwanderung-viktoriatag-montag-den-20-mai-2019\/"]}]},{"@type":"ImageObject","inLanguage":"de","@id":"https:\/\/martinluther.ca\/de\/2019\/04\/maiwanderung-viktoriatag-montag-den-20-mai-2019\/#primaryimage","url":"https:\/\/martinluther.ca\/wp-content\/uploads\/2019\/05\/2019-Hiking-In-May-03-2.jpg","contentUrl":"https:\/\/martinluther.ca\/wp-content\/uploads\/2019\/05\/2019-Hiking-In-May-03-2.jpg","width":557,"height":417,"caption":"2019 Hiking In May"},{"@type":"BreadcrumbList","@id":"https:\/\/martinluther.ca\/de\/2019\/04\/maiwanderung-viktoriatag-montag-den-20-mai-2019\/#breadcrumb","itemListElement":[{"@type":"ListItem","position":1,"name":"Home","item":"https:\/\/martinluther.ca\/de\/"},{"@type":"ListItem","position":2,"name":"Maiwanderung &#8211; Viktoriatag, Montag den 20. Mai, 2019"}]},{"@type":"WebSite","@id":"https:\/\/martinluther.ca\/de\/#website","url":"https:\/\/martinluther.ca\/de\/","name":"Martin Luther Evangelical Church Toronto","description":"Deutsch &amp; Englisch","publisher":{"@id":"https:\/\/martinluther.ca\/de\/#organization"},"potentialAction":[{"@type":"SearchAction","target":{"@type":"EntryPoint","urlTemplate":"https:\/\/martinluther.ca\/de\/?s={search_term_string}"},"query-input":{"@type":"PropertyValueSpecification","valueRequired":true,"valueName":"search_term_string"}}],"inLanguage":"de"},{"@type":"Organization","@id":"https:\/\/martinluther.ca\/de\/#organization","name":"Martin Luther Evangelical Church Toronto","url":"https:\/\/martinluther.ca\/de\/","logo":{"@type":"ImageObject","inLanguage":"de","@id":"https:\/\/martinluther.ca\/de\/#\/schema\/logo\/image\/","url":"https:\/\/martinluther.ca\/wp-content\/uploads\/2016\/12\/ml-logo-300.png","contentUrl":"https:\/\/martinluther.ca\/wp-content\/uploads\/2016\/12\/ml-logo-300.png","width":300,"height":150,"caption":"Martin Luther Evangelical Church Toronto"},"image":{"@id":"https:\/\/martinluther.ca\/de\/#\/schema\/logo\/image\/"},"sameAs":["https:\/\/www.facebook.com\/martinlutherchurchtoronto","https:\/\/www.instagram.com\/lutheransbythelake\/","https:\/\/www.youtube.com\/MartinLutherChurchToronto"]},{"@type":"Person","@id":"https:\/\/martinluther.ca\/de\/#\/schema\/person\/815c51710f70b050f0476f18da6b0c8f","name":"Mona Kakoschke Frantzke","image":{"@type":"ImageObject","inLanguage":"de","@id":"https:\/\/secure.gravatar.com\/avatar\/0deb16854ca545cd2e9fc8001ca110d262b80d5c8317b38dc542265fbea0ed19?s=96&d=mm&r=g","url":"https:\/\/secure.gravatar.com\/avatar\/0deb16854ca545cd2e9fc8001ca110d262b80d5c8317b38dc542265fbea0ed19?s=96&d=mm&r=g","contentUrl":"https:\/\/secure.gravatar.com\/avatar\/0deb16854ca545cd2e9fc8001ca110d262b80d5c8317b38dc542265fbea0ed19?s=96&d=mm&r=g","caption":"Mona Kakoschke Frantzke"},"url":false}]}},"_links":{"self":[{"href":"https:\/\/martinluther.ca\/de\/wp-json\/wp\/v2\/posts\/31304","targetHints":{"allow":["GET"]}}],"collection":[{"href":"https:\/\/martinluther.ca\/de\/wp-json\/wp\/v2\/posts"}],"about":[{"href":"https:\/\/martinluther.ca\/de\/wp-json\/wp\/v2\/types\/post"}],"author":[{"embeddable":true,"href":"https:\/\/martinluther.ca\/de\/wp-json\/wp\/v2\/users\/9"}],"replies":[{"embeddable":true,"href":"https:\/\/martinluther.ca\/de\/wp-json\/wp\/v2\/comments?post=31304"}],"version-history":[{"count":7,"href":"https:\/\/martinluther.ca\/de\/wp-json\/wp\/v2\/posts\/31304\/revisions"}],"predecessor-version":[{"id":31559,"href":"https:\/\/martinluther.ca\/de\/wp-json\/wp\/v2\/posts\/31304\/revisions\/31559"}],"wp:featuredmedia":[{"embeddable":true,"href":"https:\/\/martinluther.ca\/de\/wp-json\/wp\/v2\/media\/31334"}],"wp:attachment":[{"href":"https:\/\/martinluther.ca\/de\/wp-json\/wp\/v2\/media?parent=31304"}],"wp:term":[{"taxonomy":"category","embeddable":true,"href":"https:\/\/martinluther.ca\/de\/wp-json\/wp\/v2\/categories?post=31304"},{"taxonomy":"post_tag","embeddable":true,"href":"https:\/\/martinluther.ca\/de\/wp-json\/wp\/v2\/tags?post=31304"},{"taxonomy":"post_series","embeddable":true,"href":"https:\/\/martinluther.ca\/de\/wp-json\/wp\/v2\/post_series?post=31304"}],"curies":[{"name":"wp","href":"https:\/\/api.w.org\/{rel}","templated":true}]}}