{"id":31398,"date":"2019-05-21T11:40:07","date_gmt":"2019-05-21T15:40:07","guid":{"rendered":"https:\/\/martinluther.ca\/?p=31398"},"modified":"2019-08-12T16:50:24","modified_gmt":"2019-08-12T20:50:24","slug":"party-in-the-park-2019","status":"publish","type":"post","link":"https:\/\/martinluther.ca\/de\/2019\/05\/party-in-the-park-2019\/","title":{"rendered":"Party in the Park 2019!"},"content":{"rendered":"<div>Update on Aug 10, 2019: Auch die diesj\u00e4hrige Party im Park am 11. Juni 2019 war wieder ein Erfolg, dank der ehrenamtlichen Helfer*innen, Sonnenschein und toller Stimmung! Dieses Jahr hatten wir zwei Aktivit\u00e4ten: ein Lake Clean-up Sortierspiel und ein Suchspiel mit Spielpass, das bei Kindern wie Eltern gleicherma\u00dfen beliebt war. Au\u00dferdem haben wir kostenlose Popcorn und Lutscher verteilt, was immer eine tolle M\u00f6glichkeit ist, Kinder an unseren Tisch zu holen. Zus\u00e4tzlich spielte der Trommelkreis und lud Kinder sowie Erwachsene aus der Nachbarschaft zum Mitmachen ein oder einfach, die wunderbaren Kl\u00e4nge zu genie\u00dfen.<\/div>\n<div>\nWir boten auch eine Verlosung f\u00fcr Kinder und Eltern an, als Gelegenheit Ideen aus der umliegenden Nachbarschaft f\u00fcr unser k\u00fcnftiges Sommercamp im Jahr 2020 f\u00fcr Mimico zu bekommen! Als Preise gab es Gutscheine f\u00fcr Restaurants aus der Umgebung wie Birds and Beans, F.B.I Pizza und Ed\u2019s Real Scoop!<\/div>\n<div>\nVielen Dank an alle, die beim Aufbauen, Aufr\u00e4umen und den Aktivit\u00e4ten mitgeholfen haben und an Iris und Marlena, die alle meine Fragen geduldig beantwortet haben. Der Abend war voller guter Laune und Gel\u00e4chter. Zum Gl\u00fcck hat es diesmal nicht geregnet!<br \/>\n\u2013 Ida Hjerpe<\/div>\n<div>(from MLC Newsletter Aug-Sep)<\/div>\n<div>******************************************<\/div>\n<div>Am Dienstag, den 11. Juni von 17:30- 20:30 findet die diesj\u00e4hrige \u201eMimico Party In the Park\u201c bei der George R. Gauld Junior Schule in 200 Melrose St. Etobicoke ( in der N\u00e4he von Royal York Road und Evans Ave) statt. Wir werden Popcorn verkaufen und bieten an mit uns ein Spiel zu spielen am Tisch des Martin Luther Kindergartens und der Kirchengemeinde.<br \/>\nKommen Sie diesen Sommer vorbei oder helfen Sie uns beim Auf- oder Abbau der Tische. Bei Interesse melden Sie sich bitte bei Ida unter idajerpe7@gmail.com.<\/div>\n<div><\/div>\n<div><\/div>\n<div>\n<figure id=\"attachment_31385\" aria-describedby=\"caption-attachment-31385\" style=\"width: 300px\" class=\"wp-caption alignleft\"><a href=\"https:\/\/martinluther.ca\/wp-content\/uploads\/2019\/05\/ida-amy-marlena-iris.jpg\"><img loading=\"lazy\" decoding=\"async\" class=\"wp-image-31385 size-medium\" src=\"https:\/\/martinluther.ca\/wp-content\/uploads\/2019\/05\/ida-amy-marlena-iris-300x225.jpg\" alt=\"\" width=\"300\" height=\"225\" srcset=\"https:\/\/martinluther.ca\/wp-content\/uploads\/2019\/05\/ida-amy-marlena-iris-300x225.jpg 300w, https:\/\/martinluther.ca\/wp-content\/uploads\/2019\/05\/ida-amy-marlena-iris-768x576.jpg 768w, https:\/\/martinluther.ca\/wp-content\/uploads\/2019\/05\/ida-amy-marlena-iris.jpg 1024w\" sizes=\"auto, (max-width: 300px) 100vw, 300px\" \/><\/a><figcaption id=\"caption-attachment-31385\" class=\"wp-caption-text\">Freiwillige (Ida, Amy, Marlena und Iris) verkaufen Popcorn bei Party in the Park 2016<\/figcaption><\/figure>\n<\/div>\n","protected":false},"excerpt":{"rendered":"<p>Update on Aug 10, 2019: Auch die diesj\u00e4hrige Party im Park am 11. Juni 2019 war wieder ein Erfolg, dank der ehrenamtlichen Helfer*innen, Sonnenschein und toller Stimmung! Dieses Jahr hatten wir zwei Aktivit\u00e4ten: ein Lake Clean-up Sortierspiel und ein Suchspiel mit Spielpass, das bei Kindern wie Eltern gleicherma\u00dfen beliebt war. Au\u00dferdem haben wir kostenlose Popcorn&hellip;<\/p>\n","protected":false},"author":9,"featured_media":31385,"comment_status":"closed","ping_status":"closed","sticky":false,"template":"","format":"standard","meta":{"footnotes":""},"categories":[69],"tags":[],"post_series":[],"class_list":["post-31398","post","type-post","status-publish","format-standard","has-post-thumbnail","hentry","category-news-blog-german","entry","has-media"],"yoast_head":"<!-- This site is optimized with the Yoast SEO plugin v27.5 - https:\/\/yoast.com\/product\/yoast-seo-wordpress\/ -->\n<title>Party in the Park 2019! - Martin Luther Evangelische Kirche Toronto<\/title>\n<meta name=\"robots\" content=\"index, follow, max-snippet:-1, max-image-preview:large, max-video-preview:-1\" \/>\n<link rel=\"canonical\" href=\"https:\/\/martinluther.ca\/de\/2019\/05\/party-in-the-park-2019\/\" \/>\n<meta property=\"og:locale\" content=\"de_DE\" \/>\n<meta property=\"og:type\" content=\"article\" \/>\n<meta property=\"og:title\" content=\"Party in the Park 2019! - Martin Luther Evangelische Kirche Toronto\" \/>\n<meta property=\"og:description\" content=\"Update on Aug 10, 2019: Auch die diesj\u00e4hrige Party im Park am 11. Juni 2019 war wieder ein Erfolg, dank der ehrenamtlichen Helfer*innen, Sonnenschein und toller Stimmung! Dieses Jahr hatten wir zwei Aktivit\u00e4ten: ein Lake Clean-up Sortierspiel und ein Suchspiel mit Spielpass, das bei Kindern wie Eltern gleicherma\u00dfen beliebt war. Au\u00dferdem haben wir kostenlose Popcorn&hellip;\" \/>\n<meta property=\"og:url\" content=\"https:\/\/martinluther.ca\/de\/2019\/05\/party-in-the-park-2019\/\" \/>\n<meta property=\"og:site_name\" content=\"Martin Luther Evangelische Kirche Toronto\" \/>\n<meta property=\"article:publisher\" content=\"https:\/\/www.facebook.com\/martinlutherchurchtoronto\" \/>\n<meta property=\"article:published_time\" content=\"2019-05-21T15:40:07+00:00\" \/>\n<meta property=\"article:modified_time\" content=\"2019-08-12T20:50:24+00:00\" \/>\n<meta property=\"og:image\" content=\"https:\/\/martinluther.ca\/wp-content\/uploads\/2019\/05\/ida-amy-marlena-iris.jpg\" \/>\n\t<meta property=\"og:image:width\" content=\"1024\" \/>\n\t<meta property=\"og:image:height\" content=\"768\" \/>\n\t<meta property=\"og:image:type\" content=\"image\/jpeg\" \/>\n<meta name=\"author\" content=\"Mona Kakoschke Frantzke\" \/>\n<meta name=\"twitter:card\" content=\"summary_large_image\" \/>\n<meta name=\"twitter:label1\" content=\"Verfasst von\" \/>\n\t<meta name=\"twitter:data1\" content=\"Mona Kakoschke Frantzke\" \/>\n\t<meta name=\"twitter:label2\" content=\"Gesch\u00e4tzte Lesezeit\" \/>\n\t<meta name=\"twitter:data2\" content=\"2\u00a0Minuten\" \/>\n<script type=\"application\/ld+json\" class=\"yoast-schema-graph\">{\"@context\":\"https:\\\/\\\/schema.org\",\"@graph\":[{\"@type\":\"Article\",\"@id\":\"https:\\\/\\\/martinluther.ca\\\/de\\\/2019\\\/05\\\/party-in-the-park-2019\\\/#article\",\"isPartOf\":{\"@id\":\"https:\\\/\\\/martinluther.ca\\\/de\\\/2019\\\/05\\\/party-in-the-park-2019\\\/\"},\"author\":{\"name\":\"Mona Kakoschke Frantzke\",\"@id\":\"https:\\\/\\\/martinluther.ca\\\/de\\\/#\\\/schema\\\/person\\\/815c51710f70b050f0476f18da6b0c8f\"},\"headline\":\"Party in the Park 2019!\",\"datePublished\":\"2019-05-21T15:40:07+00:00\",\"dateModified\":\"2019-08-12T20:50:24+00:00\",\"mainEntityOfPage\":{\"@id\":\"https:\\\/\\\/martinluther.ca\\\/de\\\/2019\\\/05\\\/party-in-the-park-2019\\\/\"},\"wordCount\":313,\"publisher\":{\"@id\":\"https:\\\/\\\/martinluther.ca\\\/de\\\/#organization\"},\"image\":{\"@id\":\"https:\\\/\\\/martinluther.ca\\\/de\\\/2019\\\/05\\\/party-in-the-park-2019\\\/#primaryimage\"},\"thumbnailUrl\":\"https:\\\/\\\/martinluther.ca\\\/wp-content\\\/uploads\\\/2019\\\/05\\\/ida-amy-marlena-iris.jpg\",\"articleSection\":[\"News Blog - German\"],\"inLanguage\":\"de\"},{\"@type\":\"WebPage\",\"@id\":\"https:\\\/\\\/martinluther.ca\\\/de\\\/2019\\\/05\\\/party-in-the-park-2019\\\/\",\"url\":\"https:\\\/\\\/martinluther.ca\\\/de\\\/2019\\\/05\\\/party-in-the-park-2019\\\/\",\"name\":\"Party in the Park 2019! - Martin Luther Evangelische Kirche Toronto\",\"isPartOf\":{\"@id\":\"https:\\\/\\\/martinluther.ca\\\/de\\\/#website\"},\"primaryImageOfPage\":{\"@id\":\"https:\\\/\\\/martinluther.ca\\\/de\\\/2019\\\/05\\\/party-in-the-park-2019\\\/#primaryimage\"},\"image\":{\"@id\":\"https:\\\/\\\/martinluther.ca\\\/de\\\/2019\\\/05\\\/party-in-the-park-2019\\\/#primaryimage\"},\"thumbnailUrl\":\"https:\\\/\\\/martinluther.ca\\\/wp-content\\\/uploads\\\/2019\\\/05\\\/ida-amy-marlena-iris.jpg\",\"datePublished\":\"2019-05-21T15:40:07+00:00\",\"dateModified\":\"2019-08-12T20:50:24+00:00\",\"breadcrumb\":{\"@id\":\"https:\\\/\\\/martinluther.ca\\\/de\\\/2019\\\/05\\\/party-in-the-park-2019\\\/#breadcrumb\"},\"inLanguage\":\"de\",\"potentialAction\":[{\"@type\":\"ReadAction\",\"target\":[\"https:\\\/\\\/martinluther.ca\\\/de\\\/2019\\\/05\\\/party-in-the-park-2019\\\/\"]}]},{\"@type\":\"ImageObject\",\"inLanguage\":\"de\",\"@id\":\"https:\\\/\\\/martinluther.ca\\\/de\\\/2019\\\/05\\\/party-in-the-park-2019\\\/#primaryimage\",\"url\":\"https:\\\/\\\/martinluther.ca\\\/wp-content\\\/uploads\\\/2019\\\/05\\\/ida-amy-marlena-iris.jpg\",\"contentUrl\":\"https:\\\/\\\/martinluther.ca\\\/wp-content\\\/uploads\\\/2019\\\/05\\\/ida-amy-marlena-iris.jpg\",\"width\":1024,\"height\":768,\"caption\":\"Volunteers (Ida, Amy, Marlena and Iris) sell popcorn at Party in the Park 2016\"},{\"@type\":\"BreadcrumbList\",\"@id\":\"https:\\\/\\\/martinluther.ca\\\/de\\\/2019\\\/05\\\/party-in-the-park-2019\\\/#breadcrumb\",\"itemListElement\":[{\"@type\":\"ListItem\",\"position\":1,\"name\":\"Home\",\"item\":\"https:\\\/\\\/martinluther.ca\\\/de\\\/\"},{\"@type\":\"ListItem\",\"position\":2,\"name\":\"Party in the Park 2019!\"}]},{\"@type\":\"WebSite\",\"@id\":\"https:\\\/\\\/martinluther.ca\\\/de\\\/#website\",\"url\":\"https:\\\/\\\/martinluther.ca\\\/de\\\/\",\"name\":\"Martin Luther Evangelical Church Toronto\",\"description\":\"Deutsch &amp; Englisch\",\"publisher\":{\"@id\":\"https:\\\/\\\/martinluther.ca\\\/de\\\/#organization\"},\"potentialAction\":[{\"@type\":\"SearchAction\",\"target\":{\"@type\":\"EntryPoint\",\"urlTemplate\":\"https:\\\/\\\/martinluther.ca\\\/de\\\/?s={search_term_string}\"},\"query-input\":{\"@type\":\"PropertyValueSpecification\",\"valueRequired\":true,\"valueName\":\"search_term_string\"}}],\"inLanguage\":\"de\"},{\"@type\":\"Organization\",\"@id\":\"https:\\\/\\\/martinluther.ca\\\/de\\\/#organization\",\"name\":\"Martin Luther Evangelical Church Toronto\",\"url\":\"https:\\\/\\\/martinluther.ca\\\/de\\\/\",\"logo\":{\"@type\":\"ImageObject\",\"inLanguage\":\"de\",\"@id\":\"https:\\\/\\\/martinluther.ca\\\/de\\\/#\\\/schema\\\/logo\\\/image\\\/\",\"url\":\"https:\\\/\\\/martinluther.ca\\\/wp-content\\\/uploads\\\/2016\\\/12\\\/ml-logo-300.png\",\"contentUrl\":\"https:\\\/\\\/martinluther.ca\\\/wp-content\\\/uploads\\\/2016\\\/12\\\/ml-logo-300.png\",\"width\":300,\"height\":150,\"caption\":\"Martin Luther Evangelical Church Toronto\"},\"image\":{\"@id\":\"https:\\\/\\\/martinluther.ca\\\/de\\\/#\\\/schema\\\/logo\\\/image\\\/\"},\"sameAs\":[\"https:\\\/\\\/www.facebook.com\\\/martinlutherchurchtoronto\",\"https:\\\/\\\/www.instagram.com\\\/lutheransbythelake\\\/\",\"https:\\\/\\\/www.youtube.com\\\/MartinLutherChurchToronto\"]},{\"@type\":\"Person\",\"@id\":\"https:\\\/\\\/martinluther.ca\\\/de\\\/#\\\/schema\\\/person\\\/815c51710f70b050f0476f18da6b0c8f\",\"name\":\"Mona Kakoschke Frantzke\",\"image\":{\"@type\":\"ImageObject\",\"inLanguage\":\"de\",\"@id\":\"https:\\\/\\\/secure.gravatar.com\\\/avatar\\\/0deb16854ca545cd2e9fc8001ca110d262b80d5c8317b38dc542265fbea0ed19?s=96&d=mm&r=g\",\"url\":\"https:\\\/\\\/secure.gravatar.com\\\/avatar\\\/0deb16854ca545cd2e9fc8001ca110d262b80d5c8317b38dc542265fbea0ed19?s=96&d=mm&r=g\",\"contentUrl\":\"https:\\\/\\\/secure.gravatar.com\\\/avatar\\\/0deb16854ca545cd2e9fc8001ca110d262b80d5c8317b38dc542265fbea0ed19?s=96&d=mm&r=g\",\"caption\":\"Mona Kakoschke Frantzke\"},\"url\":false}]}<\/script>\n<!-- \/ Yoast SEO plugin. -->","yoast_head_json":{"title":"Party in the Park 2019! - Martin Luther Evangelische Kirche Toronto","robots":{"index":"index","follow":"follow","max-snippet":"max-snippet:-1","max-image-preview":"max-image-preview:large","max-video-preview":"max-video-preview:-1"},"canonical":"https:\/\/martinluther.ca\/de\/2019\/05\/party-in-the-park-2019\/","og_locale":"de_DE","og_type":"article","og_title":"Party in the Park 2019! - Martin Luther Evangelische Kirche Toronto","og_description":"Update on Aug 10, 2019: Auch die diesj\u00e4hrige Party im Park am 11. Juni 2019 war wieder ein Erfolg, dank der ehrenamtlichen Helfer*innen, Sonnenschein und toller Stimmung! Dieses Jahr hatten wir zwei Aktivit\u00e4ten: ein Lake Clean-up Sortierspiel und ein Suchspiel mit Spielpass, das bei Kindern wie Eltern gleicherma\u00dfen beliebt war. Au\u00dferdem haben wir kostenlose Popcorn&hellip;","og_url":"https:\/\/martinluther.ca\/de\/2019\/05\/party-in-the-park-2019\/","og_site_name":"Martin Luther Evangelische Kirche Toronto","article_publisher":"https:\/\/www.facebook.com\/martinlutherchurchtoronto","article_published_time":"2019-05-21T15:40:07+00:00","article_modified_time":"2019-08-12T20:50:24+00:00","og_image":[{"width":1024,"height":768,"url":"https:\/\/martinluther.ca\/wp-content\/uploads\/2019\/05\/ida-amy-marlena-iris.jpg","type":"image\/jpeg"}],"author":"Mona Kakoschke Frantzke","twitter_card":"summary_large_image","twitter_misc":{"Verfasst von":"Mona Kakoschke Frantzke","Gesch\u00e4tzte Lesezeit":"2\u00a0Minuten"},"schema":{"@context":"https:\/\/schema.org","@graph":[{"@type":"Article","@id":"https:\/\/martinluther.ca\/de\/2019\/05\/party-in-the-park-2019\/#article","isPartOf":{"@id":"https:\/\/martinluther.ca\/de\/2019\/05\/party-in-the-park-2019\/"},"author":{"name":"Mona Kakoschke Frantzke","@id":"https:\/\/martinluther.ca\/de\/#\/schema\/person\/815c51710f70b050f0476f18da6b0c8f"},"headline":"Party in the Park 2019!","datePublished":"2019-05-21T15:40:07+00:00","dateModified":"2019-08-12T20:50:24+00:00","mainEntityOfPage":{"@id":"https:\/\/martinluther.ca\/de\/2019\/05\/party-in-the-park-2019\/"},"wordCount":313,"publisher":{"@id":"https:\/\/martinluther.ca\/de\/#organization"},"image":{"@id":"https:\/\/martinluther.ca\/de\/2019\/05\/party-in-the-park-2019\/#primaryimage"},"thumbnailUrl":"https:\/\/martinluther.ca\/wp-content\/uploads\/2019\/05\/ida-amy-marlena-iris.jpg","articleSection":["News Blog - German"],"inLanguage":"de"},{"@type":"WebPage","@id":"https:\/\/martinluther.ca\/de\/2019\/05\/party-in-the-park-2019\/","url":"https:\/\/martinluther.ca\/de\/2019\/05\/party-in-the-park-2019\/","name":"Party in the Park 2019! - Martin Luther Evangelische Kirche Toronto","isPartOf":{"@id":"https:\/\/martinluther.ca\/de\/#website"},"primaryImageOfPage":{"@id":"https:\/\/martinluther.ca\/de\/2019\/05\/party-in-the-park-2019\/#primaryimage"},"image":{"@id":"https:\/\/martinluther.ca\/de\/2019\/05\/party-in-the-park-2019\/#primaryimage"},"thumbnailUrl":"https:\/\/martinluther.ca\/wp-content\/uploads\/2019\/05\/ida-amy-marlena-iris.jpg","datePublished":"2019-05-21T15:40:07+00:00","dateModified":"2019-08-12T20:50:24+00:00","breadcrumb":{"@id":"https:\/\/martinluther.ca\/de\/2019\/05\/party-in-the-park-2019\/#breadcrumb"},"inLanguage":"de","potentialAction":[{"@type":"ReadAction","target":["https:\/\/martinluther.ca\/de\/2019\/05\/party-in-the-park-2019\/"]}]},{"@type":"ImageObject","inLanguage":"de","@id":"https:\/\/martinluther.ca\/de\/2019\/05\/party-in-the-park-2019\/#primaryimage","url":"https:\/\/martinluther.ca\/wp-content\/uploads\/2019\/05\/ida-amy-marlena-iris.jpg","contentUrl":"https:\/\/martinluther.ca\/wp-content\/uploads\/2019\/05\/ida-amy-marlena-iris.jpg","width":1024,"height":768,"caption":"Volunteers (Ida, Amy, Marlena and Iris) sell popcorn at Party in the Park 2016"},{"@type":"BreadcrumbList","@id":"https:\/\/martinluther.ca\/de\/2019\/05\/party-in-the-park-2019\/#breadcrumb","itemListElement":[{"@type":"ListItem","position":1,"name":"Home","item":"https:\/\/martinluther.ca\/de\/"},{"@type":"ListItem","position":2,"name":"Party in the Park 2019!"}]},{"@type":"WebSite","@id":"https:\/\/martinluther.ca\/de\/#website","url":"https:\/\/martinluther.ca\/de\/","name":"Martin Luther Evangelical Church Toronto","description":"Deutsch &amp; Englisch","publisher":{"@id":"https:\/\/martinluther.ca\/de\/#organization"},"potentialAction":[{"@type":"SearchAction","target":{"@type":"EntryPoint","urlTemplate":"https:\/\/martinluther.ca\/de\/?s={search_term_string}"},"query-input":{"@type":"PropertyValueSpecification","valueRequired":true,"valueName":"search_term_string"}}],"inLanguage":"de"},{"@type":"Organization","@id":"https:\/\/martinluther.ca\/de\/#organization","name":"Martin Luther Evangelical Church Toronto","url":"https:\/\/martinluther.ca\/de\/","logo":{"@type":"ImageObject","inLanguage":"de","@id":"https:\/\/martinluther.ca\/de\/#\/schema\/logo\/image\/","url":"https:\/\/martinluther.ca\/wp-content\/uploads\/2016\/12\/ml-logo-300.png","contentUrl":"https:\/\/martinluther.ca\/wp-content\/uploads\/2016\/12\/ml-logo-300.png","width":300,"height":150,"caption":"Martin Luther Evangelical Church Toronto"},"image":{"@id":"https:\/\/martinluther.ca\/de\/#\/schema\/logo\/image\/"},"sameAs":["https:\/\/www.facebook.com\/martinlutherchurchtoronto","https:\/\/www.instagram.com\/lutheransbythelake\/","https:\/\/www.youtube.com\/MartinLutherChurchToronto"]},{"@type":"Person","@id":"https:\/\/martinluther.ca\/de\/#\/schema\/person\/815c51710f70b050f0476f18da6b0c8f","name":"Mona Kakoschke Frantzke","image":{"@type":"ImageObject","inLanguage":"de","@id":"https:\/\/secure.gravatar.com\/avatar\/0deb16854ca545cd2e9fc8001ca110d262b80d5c8317b38dc542265fbea0ed19?s=96&d=mm&r=g","url":"https:\/\/secure.gravatar.com\/avatar\/0deb16854ca545cd2e9fc8001ca110d262b80d5c8317b38dc542265fbea0ed19?s=96&d=mm&r=g","contentUrl":"https:\/\/secure.gravatar.com\/avatar\/0deb16854ca545cd2e9fc8001ca110d262b80d5c8317b38dc542265fbea0ed19?s=96&d=mm&r=g","caption":"Mona Kakoschke Frantzke"},"url":false}]}},"_links":{"self":[{"href":"https:\/\/martinluther.ca\/de\/wp-json\/wp\/v2\/posts\/31398","targetHints":{"allow":["GET"]}}],"collection":[{"href":"https:\/\/martinluther.ca\/de\/wp-json\/wp\/v2\/posts"}],"about":[{"href":"https:\/\/martinluther.ca\/de\/wp-json\/wp\/v2\/types\/post"}],"author":[{"embeddable":true,"href":"https:\/\/martinluther.ca\/de\/wp-json\/wp\/v2\/users\/9"}],"replies":[{"embeddable":true,"href":"https:\/\/martinluther.ca\/de\/wp-json\/wp\/v2\/comments?post=31398"}],"version-history":[{"count":8,"href":"https:\/\/martinluther.ca\/de\/wp-json\/wp\/v2\/posts\/31398\/revisions"}],"predecessor-version":[{"id":31678,"href":"https:\/\/martinluther.ca\/de\/wp-json\/wp\/v2\/posts\/31398\/revisions\/31678"}],"wp:featuredmedia":[{"embeddable":true,"href":"https:\/\/martinluther.ca\/de\/wp-json\/wp\/v2\/media\/31385"}],"wp:attachment":[{"href":"https:\/\/martinluther.ca\/de\/wp-json\/wp\/v2\/media?parent=31398"}],"wp:term":[{"taxonomy":"category","embeddable":true,"href":"https:\/\/martinluther.ca\/de\/wp-json\/wp\/v2\/categories?post=31398"},{"taxonomy":"post_tag","embeddable":true,"href":"https:\/\/martinluther.ca\/de\/wp-json\/wp\/v2\/tags?post=31398"},{"taxonomy":"post_series","embeddable":true,"href":"https:\/\/martinluther.ca\/de\/wp-json\/wp\/v2\/post_series?post=31398"}],"curies":[{"name":"wp","href":"https:\/\/api.w.org\/{rel}","templated":true}]}}