{"id":31400,"date":"2019-06-02T23:24:27","date_gmt":"2019-06-03T03:24:27","guid":{"rendered":"https:\/\/martinluther.ca\/?p=31400"},"modified":"2019-06-02T23:22:32","modified_gmt":"2019-06-03T03:22:32","slug":"farewell-to-vicar-mirjam-de","status":"publish","type":"post","link":"https:\/\/martinluther.ca\/de\/2019\/06\/farewell-to-vicar-mirjam-de\/","title":{"rendered":"Abschied von Vikarin Mirjam &#8211; Interview"},"content":{"rendered":"<p><strong>Erinnerst du dich noch an deinen ersten Eindruck von der MLK?<img loading=\"lazy\" decoding=\"async\" class=\"alignright size-medium wp-image-31375\" src=\"https:\/\/martinluther.ca\/wp-content\/uploads\/2019\/05\/IMG-9813-300x225.jpg\" alt=\"\" width=\"300\" height=\"225\" srcset=\"https:\/\/martinluther.ca\/wp-content\/uploads\/2019\/05\/IMG-9813-300x225.jpg 300w, https:\/\/martinluther.ca\/wp-content\/uploads\/2019\/05\/IMG-9813-768x576.jpg 768w, https:\/\/martinluther.ca\/wp-content\/uploads\/2019\/05\/IMG-9813-1024x768.jpg 1024w\" sizes=\"auto, (max-width: 300px) 100vw, 300px\" \/><\/strong><\/p>\n<p>Ich erinnere mich daran, als ich das erste Mal in das Kirchengeb\u00e4ude kam, dass ich davon \u00fcberzeugt war, mich hier wohl niemals orientieren k\u00f6nnen werde. Gut, dass sich das doch noch ge\u00e4ndert hat! Aber ich erinnere mich auch an den ersten Gottesdienst, den ich hier besucht habe. Ich wei\u00df noch genau, wie beeindruckt ich von den Liedern, der Liturgie und der Atmosph\u00e4re war \u2013 Gottesdienste in der MLK sind wirklich etwas Besonderes!<\/p>\n<p><strong>Wenn du zur\u00fcckschaust auf das vergangene Jahr, gibt es da ein oder zwei besondere Momente, die du mit uns teilen m\u00f6chtest?<img loading=\"lazy\" decoding=\"async\" class=\"alignright size-medium wp-image-31363\" src=\"https:\/\/martinluther.ca\/wp-content\/uploads\/2019\/05\/IMG-9714-300x225.jpg\" alt=\"\" width=\"300\" height=\"225\" srcset=\"https:\/\/martinluther.ca\/wp-content\/uploads\/2019\/05\/IMG-9714-300x225.jpg 300w, https:\/\/martinluther.ca\/wp-content\/uploads\/2019\/05\/IMG-9714-768x575.jpg 768w, https:\/\/martinluther.ca\/wp-content\/uploads\/2019\/05\/IMG-9714-1024x766.jpg 1024w\" sizes=\"auto, (max-width: 300px) 100vw, 300px\" \/><\/strong><\/p>\n<p>Das Familiencamp im Camp Lutherlyn war und ist f\u00fcr mich sehr besonders. Ich habe die ganze Woche sehr genossen, vor allem die Lagerfeuer und die Gespr\u00e4che in unserer H\u00fctte. Und nat\u00fcrlich wei\u00df ich meinen \u201ePreaching it with a cookie\u201c-Award nachwievor sehr zu sch\u00e4tzen. Danke!<\/p>\n<p>Eine meiner liebsten Erinnerungen ist der Candlelight-Gottesdienst im Dezember. Das gesamte Jugendprogramm hat mir durch das Jahr hindurch sehr gut gefallen, aber dieser Gottesdienst war einer meiner H\u00f6hepunkte. Die Art und Weise, wie die Jugendlichen alles vorbereitet haben war beeindruckend und es war wirklich eine Ehre, sie dabei zu begleiten und sie schlie\u00dflich den Gottesdienst ganz selbst\u00e4ndig leiten zu sehen.<\/p>\n<p><strong>Hattest du die M\u00f6glichkeit, in deiner Freizeit Kanada ein wenig zu erkunden?<\/strong><\/p>\n<p><img loading=\"lazy\" decoding=\"async\" class=\"alignright size-medium wp-image-31361\" src=\"https:\/\/martinluther.ca\/wp-content\/uploads\/2019\/05\/IMG-9713-300x225.jpg\" alt=\"Vicar Mirjam Steinebach\" width=\"300\" height=\"225\" srcset=\"https:\/\/martinluther.ca\/wp-content\/uploads\/2019\/05\/IMG-9713-300x225.jpg 300w, https:\/\/martinluther.ca\/wp-content\/uploads\/2019\/05\/IMG-9713-768x576.jpg 768w, https:\/\/martinluther.ca\/wp-content\/uploads\/2019\/05\/IMG-9713-1024x767.jpg 1024w\" sizes=\"auto, (max-width: 300px) 100vw, 300px\" \/>Zum Gl\u00fcck Ja, und zum Gl\u00fcck auch noch die USA! Die Kopfsteinpflasterstra\u00dfen in Quebec City, die Graffitti-Kunst in Montreal, die (zu) vielen Beavertails in Ottawa und der Blick \u00fcber die Tausend Inseln haben mein Herz h\u00f6her schlagen lassen. Ich war beeindruckt von den ach so gro\u00dfen, und gleichzeitig so unterschiedlichen St\u00e4dte Chicago, Washington DC und New York. Im Mai habe ich au\u00dferdem die Chance genutzt, um den Westen zu entdecken in Vancouver, Victoria und Tofino.<\/p>\n<p><strong>Was von der MLK wirst du am meisten vermissen wenn du wieder zur\u00fcck bist?<\/strong><\/p>\n<p><img loading=\"lazy\" decoding=\"async\" class=\"alignright size-medium wp-image-31367\" src=\"https:\/\/martinluther.ca\/wp-content\/uploads\/2019\/05\/20190502_175108-e1559277650501-225x300.jpg\" alt=\"\" width=\"225\" height=\"300\" srcset=\"https:\/\/martinluther.ca\/wp-content\/uploads\/2019\/05\/20190502_175108-e1559277650501-225x300.jpg 225w, https:\/\/martinluther.ca\/wp-content\/uploads\/2019\/05\/20190502_175108-e1559277650501-768x1024.jpg 768w\" sizes=\"auto, (max-width: 225px) 100vw, 225px\" \/>Ich werde es vermissen, beim Kirchenkaffee meine Lieblingscookies zu essen oder die Mittagspause direct am Lake Ontario zu verbringen. Ich werde die tiefsinnigen Gespr\u00e4che w\u00e4hrend der Dinner Kirche vermissen, genau wie die existentiellen Diskussionen w\u00e4hrend der Bibelstunde. Am meisten aber werde ich all die wundervollen Gesichter vermissen, die die MLK zu dem einzigartigen Ort machen der sie ist.<\/p>\n<p><strong>Was erwartet dich als n\u00e4chstes, nun da deine Zeit in der MLK zu Ende geht?<\/strong><\/p>\n<p>Wenn ich zur\u00fcck in Deutschland bin, werde ich ordiniert und dann als Pastorin der Nordkirche im Kirchenkreis Flensburg arbeiten.<\/p>\n<p><strong>Sonst noch etwas, das du gerne noch sagen m\u00f6chtest? <\/strong><\/p>\n<p>Tausend Dank, dass Ihr so eine offene, freundliche, ehrliche und humorvolle Gemeinde seid! Ihr habt es mir eine Freude gemacht, f\u00fcr und mit Euch zu arbeiten!<\/p>\n","protected":false},"excerpt":{"rendered":"<p>Erinnerst du dich noch an deinen ersten Eindruck von der MLK? Ich erinnere mich daran, als ich das erste Mal in das Kirchengeb\u00e4ude kam, dass ich davon \u00fcberzeugt war, mich hier wohl niemals orientieren k\u00f6nnen werde. Gut, dass sich das doch noch ge\u00e4ndert hat! Aber ich erinnere mich auch an den ersten Gottesdienst, den ich&hellip;<\/p>\n","protected":false},"author":9,"featured_media":31361,"comment_status":"closed","ping_status":"closed","sticky":false,"template":"","format":"standard","meta":{"footnotes":""},"categories":[69],"tags":[],"post_series":[],"class_list":["post-31400","post","type-post","status-publish","format-standard","has-post-thumbnail","hentry","category-news-blog-german","entry","has-media"],"yoast_head":"<!-- This site is optimized with the Yoast SEO plugin v27.5 - https:\/\/yoast.com\/product\/yoast-seo-wordpress\/ -->\n<title>Abschied von Vikarin Mirjam - Interview - Martin Luther Evangelische Kirche Toronto<\/title>\n<meta name=\"robots\" content=\"index, follow, max-snippet:-1, max-image-preview:large, max-video-preview:-1\" \/>\n<link rel=\"canonical\" href=\"https:\/\/martinluther.ca\/2019\/06\/farewell-vicar-mirjam\/\" \/>\n<meta property=\"og:locale\" content=\"de_DE\" \/>\n<meta property=\"og:type\" content=\"article\" \/>\n<meta property=\"og:title\" content=\"Abschied von Vikarin Mirjam - Interview - Martin Luther Evangelische Kirche Toronto\" \/>\n<meta property=\"og:description\" content=\"Erinnerst du dich noch an deinen ersten Eindruck von der MLK? Ich erinnere mich daran, als ich das erste Mal in das Kirchengeb\u00e4ude kam, dass ich davon \u00fcberzeugt war, mich hier wohl niemals orientieren k\u00f6nnen werde. Gut, dass sich das doch noch ge\u00e4ndert hat! Aber ich erinnere mich auch an den ersten Gottesdienst, den ich&hellip;\" \/>\n<meta property=\"og:url\" content=\"https:\/\/martinluther.ca\/2019\/06\/farewell-vicar-mirjam\/\" \/>\n<meta property=\"og:site_name\" content=\"Martin Luther Evangelische Kirche Toronto\" \/>\n<meta property=\"article:publisher\" content=\"https:\/\/www.facebook.com\/martinlutherchurchtoronto\" \/>\n<meta property=\"article:published_time\" content=\"2019-06-03T03:24:27+00:00\" \/>\n<meta property=\"og:image\" content=\"https:\/\/martinluther.ca\/wp-content\/uploads\/2019\/05\/IMG-9713-1024x767.jpg\" \/>\n\t<meta property=\"og:image:width\" content=\"1024\" \/>\n\t<meta property=\"og:image:height\" content=\"767\" \/>\n\t<meta property=\"og:image:type\" content=\"image\/jpeg\" \/>\n<meta name=\"author\" content=\"Mona Kakoschke Frantzke\" \/>\n<meta name=\"twitter:card\" content=\"summary_large_image\" \/>\n<meta name=\"twitter:label1\" content=\"Verfasst von\" \/>\n\t<meta name=\"twitter:data1\" content=\"Mona Kakoschke Frantzke\" \/>\n\t<meta name=\"twitter:label2\" content=\"Gesch\u00e4tzte Lesezeit\" \/>\n\t<meta name=\"twitter:data2\" content=\"2\u00a0Minuten\" \/>\n<script type=\"application\/ld+json\" class=\"yoast-schema-graph\">{\"@context\":\"https:\\\/\\\/schema.org\",\"@graph\":[{\"@type\":\"Article\",\"@id\":\"https:\\\/\\\/martinluther.ca\\\/2019\\\/06\\\/farewell-vicar-mirjam\\\/#article\",\"isPartOf\":{\"@id\":\"https:\\\/\\\/martinluther.ca\\\/2019\\\/06\\\/farewell-vicar-mirjam\\\/\"},\"author\":{\"name\":\"Mona Kakoschke Frantzke\",\"@id\":\"https:\\\/\\\/martinluther.ca\\\/de\\\/#\\\/schema\\\/person\\\/815c51710f70b050f0476f18da6b0c8f\"},\"headline\":\"Abschied von Vikarin Mirjam &#8211; Interview\",\"datePublished\":\"2019-06-03T03:24:27+00:00\",\"mainEntityOfPage\":{\"@id\":\"https:\\\/\\\/martinluther.ca\\\/2019\\\/06\\\/farewell-vicar-mirjam\\\/\"},\"wordCount\":472,\"publisher\":{\"@id\":\"https:\\\/\\\/martinluther.ca\\\/de\\\/#organization\"},\"image\":{\"@id\":\"https:\\\/\\\/martinluther.ca\\\/2019\\\/06\\\/farewell-vicar-mirjam\\\/#primaryimage\"},\"thumbnailUrl\":\"https:\\\/\\\/martinluther.ca\\\/wp-content\\\/uploads\\\/2019\\\/05\\\/IMG-9713.jpg\",\"articleSection\":[\"News Blog - German\"],\"inLanguage\":\"de\"},{\"@type\":\"WebPage\",\"@id\":\"https:\\\/\\\/martinluther.ca\\\/2019\\\/06\\\/farewell-vicar-mirjam\\\/\",\"url\":\"https:\\\/\\\/martinluther.ca\\\/2019\\\/06\\\/farewell-vicar-mirjam\\\/\",\"name\":\"Abschied von Vikarin Mirjam - Interview - Martin Luther Evangelische Kirche Toronto\",\"isPartOf\":{\"@id\":\"https:\\\/\\\/martinluther.ca\\\/de\\\/#website\"},\"primaryImageOfPage\":{\"@id\":\"https:\\\/\\\/martinluther.ca\\\/2019\\\/06\\\/farewell-vicar-mirjam\\\/#primaryimage\"},\"image\":{\"@id\":\"https:\\\/\\\/martinluther.ca\\\/2019\\\/06\\\/farewell-vicar-mirjam\\\/#primaryimage\"},\"thumbnailUrl\":\"https:\\\/\\\/martinluther.ca\\\/wp-content\\\/uploads\\\/2019\\\/05\\\/IMG-9713.jpg\",\"datePublished\":\"2019-06-03T03:24:27+00:00\",\"breadcrumb\":{\"@id\":\"https:\\\/\\\/martinluther.ca\\\/2019\\\/06\\\/farewell-vicar-mirjam\\\/#breadcrumb\"},\"inLanguage\":\"de\",\"potentialAction\":[{\"@type\":\"ReadAction\",\"target\":[\"https:\\\/\\\/martinluther.ca\\\/2019\\\/06\\\/farewell-vicar-mirjam\\\/\"]}]},{\"@type\":\"ImageObject\",\"inLanguage\":\"de\",\"@id\":\"https:\\\/\\\/martinluther.ca\\\/2019\\\/06\\\/farewell-vicar-mirjam\\\/#primaryimage\",\"url\":\"https:\\\/\\\/martinluther.ca\\\/wp-content\\\/uploads\\\/2019\\\/05\\\/IMG-9713.jpg\",\"contentUrl\":\"https:\\\/\\\/martinluther.ca\\\/wp-content\\\/uploads\\\/2019\\\/05\\\/IMG-9713.jpg\",\"width\":4391,\"height\":3291,\"caption\":\"Vicar Mirjam Steinebach\"},{\"@type\":\"BreadcrumbList\",\"@id\":\"https:\\\/\\\/martinluther.ca\\\/2019\\\/06\\\/farewell-vicar-mirjam\\\/#breadcrumb\",\"itemListElement\":[{\"@type\":\"ListItem\",\"position\":1,\"name\":\"Home\",\"item\":\"https:\\\/\\\/martinluther.ca\\\/de\\\/\"},{\"@type\":\"ListItem\",\"position\":2,\"name\":\"Abschied von Vikarin Mirjam &#8211; Interview\"}]},{\"@type\":\"WebSite\",\"@id\":\"https:\\\/\\\/martinluther.ca\\\/de\\\/#website\",\"url\":\"https:\\\/\\\/martinluther.ca\\\/de\\\/\",\"name\":\"Martin Luther Evangelical Church Toronto\",\"description\":\"Deutsch &amp; Englisch\",\"publisher\":{\"@id\":\"https:\\\/\\\/martinluther.ca\\\/de\\\/#organization\"},\"potentialAction\":[{\"@type\":\"SearchAction\",\"target\":{\"@type\":\"EntryPoint\",\"urlTemplate\":\"https:\\\/\\\/martinluther.ca\\\/de\\\/?s={search_term_string}\"},\"query-input\":{\"@type\":\"PropertyValueSpecification\",\"valueRequired\":true,\"valueName\":\"search_term_string\"}}],\"inLanguage\":\"de\"},{\"@type\":\"Organization\",\"@id\":\"https:\\\/\\\/martinluther.ca\\\/de\\\/#organization\",\"name\":\"Martin Luther Evangelical Church Toronto\",\"url\":\"https:\\\/\\\/martinluther.ca\\\/de\\\/\",\"logo\":{\"@type\":\"ImageObject\",\"inLanguage\":\"de\",\"@id\":\"https:\\\/\\\/martinluther.ca\\\/de\\\/#\\\/schema\\\/logo\\\/image\\\/\",\"url\":\"https:\\\/\\\/martinluther.ca\\\/wp-content\\\/uploads\\\/2016\\\/12\\\/ml-logo-300.png\",\"contentUrl\":\"https:\\\/\\\/martinluther.ca\\\/wp-content\\\/uploads\\\/2016\\\/12\\\/ml-logo-300.png\",\"width\":300,\"height\":150,\"caption\":\"Martin Luther Evangelical Church Toronto\"},\"image\":{\"@id\":\"https:\\\/\\\/martinluther.ca\\\/de\\\/#\\\/schema\\\/logo\\\/image\\\/\"},\"sameAs\":[\"https:\\\/\\\/www.facebook.com\\\/martinlutherchurchtoronto\",\"https:\\\/\\\/www.instagram.com\\\/lutheransbythelake\\\/\",\"https:\\\/\\\/www.youtube.com\\\/MartinLutherChurchToronto\"]},{\"@type\":\"Person\",\"@id\":\"https:\\\/\\\/martinluther.ca\\\/de\\\/#\\\/schema\\\/person\\\/815c51710f70b050f0476f18da6b0c8f\",\"name\":\"Mona Kakoschke Frantzke\",\"image\":{\"@type\":\"ImageObject\",\"inLanguage\":\"de\",\"@id\":\"https:\\\/\\\/secure.gravatar.com\\\/avatar\\\/0deb16854ca545cd2e9fc8001ca110d262b80d5c8317b38dc542265fbea0ed19?s=96&d=mm&r=g\",\"url\":\"https:\\\/\\\/secure.gravatar.com\\\/avatar\\\/0deb16854ca545cd2e9fc8001ca110d262b80d5c8317b38dc542265fbea0ed19?s=96&d=mm&r=g\",\"contentUrl\":\"https:\\\/\\\/secure.gravatar.com\\\/avatar\\\/0deb16854ca545cd2e9fc8001ca110d262b80d5c8317b38dc542265fbea0ed19?s=96&d=mm&r=g\",\"caption\":\"Mona Kakoschke Frantzke\"},\"url\":false}]}<\/script>\n<!-- \/ Yoast SEO plugin. -->","yoast_head_json":{"title":"Abschied von Vikarin Mirjam - Interview - Martin Luther Evangelische Kirche Toronto","robots":{"index":"index","follow":"follow","max-snippet":"max-snippet:-1","max-image-preview":"max-image-preview:large","max-video-preview":"max-video-preview:-1"},"canonical":"https:\/\/martinluther.ca\/2019\/06\/farewell-vicar-mirjam\/","og_locale":"de_DE","og_type":"article","og_title":"Abschied von Vikarin Mirjam - Interview - Martin Luther Evangelische Kirche Toronto","og_description":"Erinnerst du dich noch an deinen ersten Eindruck von der MLK? Ich erinnere mich daran, als ich das erste Mal in das Kirchengeb\u00e4ude kam, dass ich davon \u00fcberzeugt war, mich hier wohl niemals orientieren k\u00f6nnen werde. Gut, dass sich das doch noch ge\u00e4ndert hat! Aber ich erinnere mich auch an den ersten Gottesdienst, den ich&hellip;","og_url":"https:\/\/martinluther.ca\/2019\/06\/farewell-vicar-mirjam\/","og_site_name":"Martin Luther Evangelische Kirche Toronto","article_publisher":"https:\/\/www.facebook.com\/martinlutherchurchtoronto","article_published_time":"2019-06-03T03:24:27+00:00","og_image":[{"width":1024,"height":767,"url":"https:\/\/martinluther.ca\/wp-content\/uploads\/2019\/05\/IMG-9713-1024x767.jpg","type":"image\/jpeg"}],"author":"Mona Kakoschke Frantzke","twitter_card":"summary_large_image","twitter_misc":{"Verfasst von":"Mona Kakoschke Frantzke","Gesch\u00e4tzte Lesezeit":"2\u00a0Minuten"},"schema":{"@context":"https:\/\/schema.org","@graph":[{"@type":"Article","@id":"https:\/\/martinluther.ca\/2019\/06\/farewell-vicar-mirjam\/#article","isPartOf":{"@id":"https:\/\/martinluther.ca\/2019\/06\/farewell-vicar-mirjam\/"},"author":{"name":"Mona Kakoschke Frantzke","@id":"https:\/\/martinluther.ca\/de\/#\/schema\/person\/815c51710f70b050f0476f18da6b0c8f"},"headline":"Abschied von Vikarin Mirjam &#8211; Interview","datePublished":"2019-06-03T03:24:27+00:00","mainEntityOfPage":{"@id":"https:\/\/martinluther.ca\/2019\/06\/farewell-vicar-mirjam\/"},"wordCount":472,"publisher":{"@id":"https:\/\/martinluther.ca\/de\/#organization"},"image":{"@id":"https:\/\/martinluther.ca\/2019\/06\/farewell-vicar-mirjam\/#primaryimage"},"thumbnailUrl":"https:\/\/martinluther.ca\/wp-content\/uploads\/2019\/05\/IMG-9713.jpg","articleSection":["News Blog - German"],"inLanguage":"de"},{"@type":"WebPage","@id":"https:\/\/martinluther.ca\/2019\/06\/farewell-vicar-mirjam\/","url":"https:\/\/martinluther.ca\/2019\/06\/farewell-vicar-mirjam\/","name":"Abschied von Vikarin Mirjam - Interview - Martin Luther Evangelische Kirche Toronto","isPartOf":{"@id":"https:\/\/martinluther.ca\/de\/#website"},"primaryImageOfPage":{"@id":"https:\/\/martinluther.ca\/2019\/06\/farewell-vicar-mirjam\/#primaryimage"},"image":{"@id":"https:\/\/martinluther.ca\/2019\/06\/farewell-vicar-mirjam\/#primaryimage"},"thumbnailUrl":"https:\/\/martinluther.ca\/wp-content\/uploads\/2019\/05\/IMG-9713.jpg","datePublished":"2019-06-03T03:24:27+00:00","breadcrumb":{"@id":"https:\/\/martinluther.ca\/2019\/06\/farewell-vicar-mirjam\/#breadcrumb"},"inLanguage":"de","potentialAction":[{"@type":"ReadAction","target":["https:\/\/martinluther.ca\/2019\/06\/farewell-vicar-mirjam\/"]}]},{"@type":"ImageObject","inLanguage":"de","@id":"https:\/\/martinluther.ca\/2019\/06\/farewell-vicar-mirjam\/#primaryimage","url":"https:\/\/martinluther.ca\/wp-content\/uploads\/2019\/05\/IMG-9713.jpg","contentUrl":"https:\/\/martinluther.ca\/wp-content\/uploads\/2019\/05\/IMG-9713.jpg","width":4391,"height":3291,"caption":"Vicar Mirjam Steinebach"},{"@type":"BreadcrumbList","@id":"https:\/\/martinluther.ca\/2019\/06\/farewell-vicar-mirjam\/#breadcrumb","itemListElement":[{"@type":"ListItem","position":1,"name":"Home","item":"https:\/\/martinluther.ca\/de\/"},{"@type":"ListItem","position":2,"name":"Abschied von Vikarin Mirjam &#8211; Interview"}]},{"@type":"WebSite","@id":"https:\/\/martinluther.ca\/de\/#website","url":"https:\/\/martinluther.ca\/de\/","name":"Martin Luther Evangelical Church Toronto","description":"Deutsch &amp; Englisch","publisher":{"@id":"https:\/\/martinluther.ca\/de\/#organization"},"potentialAction":[{"@type":"SearchAction","target":{"@type":"EntryPoint","urlTemplate":"https:\/\/martinluther.ca\/de\/?s={search_term_string}"},"query-input":{"@type":"PropertyValueSpecification","valueRequired":true,"valueName":"search_term_string"}}],"inLanguage":"de"},{"@type":"Organization","@id":"https:\/\/martinluther.ca\/de\/#organization","name":"Martin Luther Evangelical Church Toronto","url":"https:\/\/martinluther.ca\/de\/","logo":{"@type":"ImageObject","inLanguage":"de","@id":"https:\/\/martinluther.ca\/de\/#\/schema\/logo\/image\/","url":"https:\/\/martinluther.ca\/wp-content\/uploads\/2016\/12\/ml-logo-300.png","contentUrl":"https:\/\/martinluther.ca\/wp-content\/uploads\/2016\/12\/ml-logo-300.png","width":300,"height":150,"caption":"Martin Luther Evangelical Church Toronto"},"image":{"@id":"https:\/\/martinluther.ca\/de\/#\/schema\/logo\/image\/"},"sameAs":["https:\/\/www.facebook.com\/martinlutherchurchtoronto","https:\/\/www.instagram.com\/lutheransbythelake\/","https:\/\/www.youtube.com\/MartinLutherChurchToronto"]},{"@type":"Person","@id":"https:\/\/martinluther.ca\/de\/#\/schema\/person\/815c51710f70b050f0476f18da6b0c8f","name":"Mona Kakoschke Frantzke","image":{"@type":"ImageObject","inLanguage":"de","@id":"https:\/\/secure.gravatar.com\/avatar\/0deb16854ca545cd2e9fc8001ca110d262b80d5c8317b38dc542265fbea0ed19?s=96&d=mm&r=g","url":"https:\/\/secure.gravatar.com\/avatar\/0deb16854ca545cd2e9fc8001ca110d262b80d5c8317b38dc542265fbea0ed19?s=96&d=mm&r=g","contentUrl":"https:\/\/secure.gravatar.com\/avatar\/0deb16854ca545cd2e9fc8001ca110d262b80d5c8317b38dc542265fbea0ed19?s=96&d=mm&r=g","caption":"Mona Kakoschke Frantzke"},"url":false}]}},"_links":{"self":[{"href":"https:\/\/martinluther.ca\/de\/wp-json\/wp\/v2\/posts\/31400","targetHints":{"allow":["GET"]}}],"collection":[{"href":"https:\/\/martinluther.ca\/de\/wp-json\/wp\/v2\/posts"}],"about":[{"href":"https:\/\/martinluther.ca\/de\/wp-json\/wp\/v2\/types\/post"}],"author":[{"embeddable":true,"href":"https:\/\/martinluther.ca\/de\/wp-json\/wp\/v2\/users\/9"}],"replies":[{"embeddable":true,"href":"https:\/\/martinluther.ca\/de\/wp-json\/wp\/v2\/comments?post=31400"}],"version-history":[{"count":6,"href":"https:\/\/martinluther.ca\/de\/wp-json\/wp\/v2\/posts\/31400\/revisions"}],"predecessor-version":[{"id":31562,"href":"https:\/\/martinluther.ca\/de\/wp-json\/wp\/v2\/posts\/31400\/revisions\/31562"}],"wp:featuredmedia":[{"embeddable":true,"href":"https:\/\/martinluther.ca\/de\/wp-json\/wp\/v2\/media\/31361"}],"wp:attachment":[{"href":"https:\/\/martinluther.ca\/de\/wp-json\/wp\/v2\/media?parent=31400"}],"wp:term":[{"taxonomy":"category","embeddable":true,"href":"https:\/\/martinluther.ca\/de\/wp-json\/wp\/v2\/categories?post=31400"},{"taxonomy":"post_tag","embeddable":true,"href":"https:\/\/martinluther.ca\/de\/wp-json\/wp\/v2\/tags?post=31400"},{"taxonomy":"post_series","embeddable":true,"href":"https:\/\/martinluther.ca\/de\/wp-json\/wp\/v2\/post_series?post=31400"}],"curies":[{"name":"wp","href":"https:\/\/api.w.org\/{rel}","templated":true}]}}