{"id":31420,"date":"2019-05-28T20:05:13","date_gmt":"2019-05-29T00:05:13","guid":{"rendered":"https:\/\/martinluther.ca\/?p=31420"},"modified":"2020-06-20T16:20:36","modified_gmt":"2020-06-20T20:20:36","slug":"lernen-sie-unsere-neue-vikarin-kennen","status":"publish","type":"post","link":"https:\/\/martinluther.ca\/de\/2019\/05\/lernen-sie-unsere-neue-vikarin-kennen\/","title":{"rendered":"Lernen Sie unsere neue Vikarin kennen"},"content":{"rendered":"<div>\n<figure id=\"attachment_35166\" aria-describedby=\"caption-attachment-35166\" style=\"width: 245px\" class=\"wp-caption alignright\"><img loading=\"lazy\" decoding=\"async\" class=\"size-medium wp-image-35166\" src=\"https:\/\/martinluther.ca\/wp-content\/uploads\/2020\/06\/Silke-Fahl-2-245x300.jpg\" alt=\"Vicar Silke Fahl 2020\" width=\"245\" height=\"300\" srcset=\"https:\/\/martinluther.ca\/wp-content\/uploads\/2020\/06\/Silke-Fahl-2-245x300.jpg 245w, https:\/\/martinluther.ca\/wp-content\/uploads\/2020\/06\/Silke-Fahl-2-835x1024.jpg 835w, https:\/\/martinluther.ca\/wp-content\/uploads\/2020\/06\/Silke-Fahl-2-768x942.jpg 768w, https:\/\/martinluther.ca\/wp-content\/uploads\/2020\/06\/Silke-Fahl-2.jpg 1124w\" sizes=\"auto, (max-width: 245px) 100vw, 245px\" \/><figcaption id=\"caption-attachment-35166\" class=\"wp-caption-text\">Vicar Silke Fahl<\/figcaption><\/figure>\n<p>Hier stellt Silke Fahl sie sich Ihnen vor:<\/p>\n<\/div>\n<div><\/div>\n<div>Liebe Gemeinde,<\/div>\n<div><\/div>\n<div>mein Name ist Silke Fahl und ab dem 01. Juni darf ich bei Ihnen mein Auslandsvikariat machen. Ich bin \u2013 wie man so sch\u00f6n sagt \u2013 ein waschechtes Nordlicht. Geboren wurde ich in Hamburg und bin in Hannover aufgewachsen; Urlaube und viele Wochenenden aber an der See verbracht. Entsprechend war f\u00fcr mich klar, dass es nach dem Studium in G\u00f6ttingen wieder weiter gen Norden gehen sollte. So habe ich mein Vikariat in zwei D\u00f6rfern in Ostfriesland gemacht.<\/div>\n<div><\/div>\n<div>Ich bin ein sehr ruhiger Mensch, aber abenteuerlustig. Ich lese gerne, liebe Musik, reite und schreibe gerne. So lange ich denken kann habe ich gerne neue Orte erkundet und war schon immer eine Weltenbummlerin. Durch einen Sch\u00fcleraustausch 2004 hatte ich die Chance zum ersten Mal nach Kanada zu reisen. Ein Jahr sp\u00e4ter konnte ich mit zwei anderen Sch\u00fcler*innen noch einmal f\u00fcr 3 Monate nach Ste-Marie de Beauce, QC und habe dort die Polyvalent Beno\u00eet-Vachon besucht. Mit jedem Besuch in Kanada habe ich mich mehr in dieses Land und die Menschen hier verliebt. Entsprechend freue ich mich riesig darauf in den kommenden 12 Monaten in Ihrer Gemeinde arbeiten zu d\u00fcrfen und Sie und Toronto kennen zu lernen.<\/div>\n<div><\/div>\n<div>Ihre (zuk\u00fcnftige) Vikarin Silke Fahl<\/div>\n","protected":false},"excerpt":{"rendered":"<p>Hier stellt Silke Fahl sie sich Ihnen vor: Liebe Gemeinde, mein Name ist Silke Fahl und ab dem 01. Juni darf ich bei Ihnen mein Auslandsvikariat machen. Ich bin \u2013 wie man so sch\u00f6n sagt \u2013 ein waschechtes Nordlicht. Geboren wurde ich in Hamburg und bin in Hannover aufgewachsen; Urlaube und viele Wochenenden aber an&hellip;<\/p>\n","protected":false},"author":8,"featured_media":31425,"comment_status":"closed","ping_status":"closed","sticky":false,"template":"","format":"standard","meta":{"footnotes":""},"categories":[69],"tags":[],"post_series":[],"class_list":["post-31420","post","type-post","status-publish","format-standard","has-post-thumbnail","hentry","category-news-blog-german","entry","has-media"],"yoast_head":"<!-- This site is optimized with the Yoast SEO plugin v27.5 - https:\/\/yoast.com\/product\/yoast-seo-wordpress\/ -->\n<title>Lernen Sie unsere neue Vikarin kennen - Martin Luther Evangelische Kirche Toronto<\/title>\n<meta name=\"robots\" content=\"index, follow, max-snippet:-1, max-image-preview:large, max-video-preview:-1\" \/>\n<link rel=\"canonical\" href=\"https:\/\/martinluther.ca\/de\/2019\/05\/lernen-sie-unsere-neue-vikarin-kennen\/\" \/>\n<meta property=\"og:locale\" content=\"de_DE\" \/>\n<meta property=\"og:type\" content=\"article\" \/>\n<meta property=\"og:title\" content=\"Lernen Sie unsere neue Vikarin kennen - Martin Luther Evangelische Kirche Toronto\" \/>\n<meta property=\"og:description\" content=\"Hier stellt Silke Fahl sie sich Ihnen vor: Liebe Gemeinde, mein Name ist Silke Fahl und ab dem 01. Juni darf ich bei Ihnen mein Auslandsvikariat machen. Ich bin \u2013 wie man so sch\u00f6n sagt \u2013 ein waschechtes Nordlicht. Geboren wurde ich in Hamburg und bin in Hannover aufgewachsen; Urlaube und viele Wochenenden aber an&hellip;\" \/>\n<meta property=\"og:url\" content=\"https:\/\/martinluther.ca\/de\/2019\/05\/lernen-sie-unsere-neue-vikarin-kennen\/\" \/>\n<meta property=\"og:site_name\" content=\"Martin Luther Evangelische Kirche Toronto\" \/>\n<meta property=\"article:publisher\" content=\"https:\/\/www.facebook.com\/martinlutherchurchtoronto\" \/>\n<meta property=\"article:published_time\" content=\"2019-05-29T00:05:13+00:00\" \/>\n<meta property=\"article:modified_time\" content=\"2020-06-20T20:20:36+00:00\" \/>\n<meta property=\"og:image\" content=\"https:\/\/martinluther.ca\/wp-content\/uploads\/2019\/05\/Fahl-by-Lindsay-Bayes-2-web-homepage-1.jpg\" \/>\n\t<meta property=\"og:image:width\" content=\"795\" \/>\n\t<meta property=\"og:image:height\" content=\"596\" \/>\n\t<meta property=\"og:image:type\" content=\"image\/jpeg\" \/>\n<meta name=\"author\" content=\"Marlena Muller\" \/>\n<meta name=\"twitter:card\" content=\"summary_large_image\" \/>\n<meta name=\"twitter:label1\" content=\"Verfasst von\" \/>\n\t<meta name=\"twitter:data1\" content=\"Marlena Muller\" \/>\n\t<meta name=\"twitter:label2\" content=\"Gesch\u00e4tzte Lesezeit\" \/>\n\t<meta name=\"twitter:data2\" content=\"1\u00a0Minute\" \/>\n<script type=\"application\/ld+json\" class=\"yoast-schema-graph\">{\"@context\":\"https:\\\/\\\/schema.org\",\"@graph\":[{\"@type\":\"Article\",\"@id\":\"https:\\\/\\\/martinluther.ca\\\/de\\\/2019\\\/05\\\/lernen-sie-unsere-neue-vikarin-kennen\\\/#article\",\"isPartOf\":{\"@id\":\"https:\\\/\\\/martinluther.ca\\\/de\\\/2019\\\/05\\\/lernen-sie-unsere-neue-vikarin-kennen\\\/\"},\"author\":{\"name\":\"Marlena Muller\",\"@id\":\"https:\\\/\\\/martinluther.ca\\\/de\\\/#\\\/schema\\\/person\\\/ef4e825f5d9d6fd740bbd7813710e15d\"},\"headline\":\"Lernen Sie unsere neue Vikarin kennen\",\"datePublished\":\"2019-05-29T00:05:13+00:00\",\"dateModified\":\"2020-06-20T20:20:36+00:00\",\"mainEntityOfPage\":{\"@id\":\"https:\\\/\\\/martinluther.ca\\\/de\\\/2019\\\/05\\\/lernen-sie-unsere-neue-vikarin-kennen\\\/\"},\"wordCount\":230,\"publisher\":{\"@id\":\"https:\\\/\\\/martinluther.ca\\\/de\\\/#organization\"},\"image\":{\"@id\":\"https:\\\/\\\/martinluther.ca\\\/de\\\/2019\\\/05\\\/lernen-sie-unsere-neue-vikarin-kennen\\\/#primaryimage\"},\"thumbnailUrl\":\"https:\\\/\\\/martinluther.ca\\\/wp-content\\\/uploads\\\/2019\\\/05\\\/Fahl-by-Lindsay-Bayes-2-web-homepage-1.jpg\",\"articleSection\":[\"News Blog - German\"],\"inLanguage\":\"de\"},{\"@type\":\"WebPage\",\"@id\":\"https:\\\/\\\/martinluther.ca\\\/de\\\/2019\\\/05\\\/lernen-sie-unsere-neue-vikarin-kennen\\\/\",\"url\":\"https:\\\/\\\/martinluther.ca\\\/de\\\/2019\\\/05\\\/lernen-sie-unsere-neue-vikarin-kennen\\\/\",\"name\":\"Lernen Sie unsere neue Vikarin kennen - Martin Luther Evangelische Kirche Toronto\",\"isPartOf\":{\"@id\":\"https:\\\/\\\/martinluther.ca\\\/de\\\/#website\"},\"primaryImageOfPage\":{\"@id\":\"https:\\\/\\\/martinluther.ca\\\/de\\\/2019\\\/05\\\/lernen-sie-unsere-neue-vikarin-kennen\\\/#primaryimage\"},\"image\":{\"@id\":\"https:\\\/\\\/martinluther.ca\\\/de\\\/2019\\\/05\\\/lernen-sie-unsere-neue-vikarin-kennen\\\/#primaryimage\"},\"thumbnailUrl\":\"https:\\\/\\\/martinluther.ca\\\/wp-content\\\/uploads\\\/2019\\\/05\\\/Fahl-by-Lindsay-Bayes-2-web-homepage-1.jpg\",\"datePublished\":\"2019-05-29T00:05:13+00:00\",\"dateModified\":\"2020-06-20T20:20:36+00:00\",\"breadcrumb\":{\"@id\":\"https:\\\/\\\/martinluther.ca\\\/de\\\/2019\\\/05\\\/lernen-sie-unsere-neue-vikarin-kennen\\\/#breadcrumb\"},\"inLanguage\":\"de\",\"potentialAction\":[{\"@type\":\"ReadAction\",\"target\":[\"https:\\\/\\\/martinluther.ca\\\/de\\\/2019\\\/05\\\/lernen-sie-unsere-neue-vikarin-kennen\\\/\"]}]},{\"@type\":\"ImageObject\",\"inLanguage\":\"de\",\"@id\":\"https:\\\/\\\/martinluther.ca\\\/de\\\/2019\\\/05\\\/lernen-sie-unsere-neue-vikarin-kennen\\\/#primaryimage\",\"url\":\"https:\\\/\\\/martinluther.ca\\\/wp-content\\\/uploads\\\/2019\\\/05\\\/Fahl-by-Lindsay-Bayes-2-web-homepage-1.jpg\",\"contentUrl\":\"https:\\\/\\\/martinluther.ca\\\/wp-content\\\/uploads\\\/2019\\\/05\\\/Fahl-by-Lindsay-Bayes-2-web-homepage-1.jpg\",\"width\":795,\"height\":596},{\"@type\":\"BreadcrumbList\",\"@id\":\"https:\\\/\\\/martinluther.ca\\\/de\\\/2019\\\/05\\\/lernen-sie-unsere-neue-vikarin-kennen\\\/#breadcrumb\",\"itemListElement\":[{\"@type\":\"ListItem\",\"position\":1,\"name\":\"Home\",\"item\":\"https:\\\/\\\/martinluther.ca\\\/de\\\/\"},{\"@type\":\"ListItem\",\"position\":2,\"name\":\"Lernen Sie unsere neue Vikarin kennen\"}]},{\"@type\":\"WebSite\",\"@id\":\"https:\\\/\\\/martinluther.ca\\\/de\\\/#website\",\"url\":\"https:\\\/\\\/martinluther.ca\\\/de\\\/\",\"name\":\"Martin Luther Evangelical Church Toronto\",\"description\":\"Deutsch &amp; Englisch\",\"publisher\":{\"@id\":\"https:\\\/\\\/martinluther.ca\\\/de\\\/#organization\"},\"potentialAction\":[{\"@type\":\"SearchAction\",\"target\":{\"@type\":\"EntryPoint\",\"urlTemplate\":\"https:\\\/\\\/martinluther.ca\\\/de\\\/?s={search_term_string}\"},\"query-input\":{\"@type\":\"PropertyValueSpecification\",\"valueRequired\":true,\"valueName\":\"search_term_string\"}}],\"inLanguage\":\"de\"},{\"@type\":\"Organization\",\"@id\":\"https:\\\/\\\/martinluther.ca\\\/de\\\/#organization\",\"name\":\"Martin Luther Evangelical Church Toronto\",\"url\":\"https:\\\/\\\/martinluther.ca\\\/de\\\/\",\"logo\":{\"@type\":\"ImageObject\",\"inLanguage\":\"de\",\"@id\":\"https:\\\/\\\/martinluther.ca\\\/de\\\/#\\\/schema\\\/logo\\\/image\\\/\",\"url\":\"https:\\\/\\\/martinluther.ca\\\/wp-content\\\/uploads\\\/2016\\\/12\\\/ml-logo-300.png\",\"contentUrl\":\"https:\\\/\\\/martinluther.ca\\\/wp-content\\\/uploads\\\/2016\\\/12\\\/ml-logo-300.png\",\"width\":300,\"height\":150,\"caption\":\"Martin Luther Evangelical Church Toronto\"},\"image\":{\"@id\":\"https:\\\/\\\/martinluther.ca\\\/de\\\/#\\\/schema\\\/logo\\\/image\\\/\"},\"sameAs\":[\"https:\\\/\\\/www.facebook.com\\\/martinlutherchurchtoronto\",\"https:\\\/\\\/www.instagram.com\\\/lutheransbythelake\\\/\",\"https:\\\/\\\/www.youtube.com\\\/MartinLutherChurchToronto\"]},{\"@type\":\"Person\",\"@id\":\"https:\\\/\\\/martinluther.ca\\\/de\\\/#\\\/schema\\\/person\\\/ef4e825f5d9d6fd740bbd7813710e15d\",\"name\":\"Marlena Muller\",\"image\":{\"@type\":\"ImageObject\",\"inLanguage\":\"de\",\"@id\":\"https:\\\/\\\/secure.gravatar.com\\\/avatar\\\/fe840ff753768b839caa2dd522d4797f19f7e22fa2da83388e0fbfc570b65a37?s=96&d=mm&r=g\",\"url\":\"https:\\\/\\\/secure.gravatar.com\\\/avatar\\\/fe840ff753768b839caa2dd522d4797f19f7e22fa2da83388e0fbfc570b65a37?s=96&d=mm&r=g\",\"contentUrl\":\"https:\\\/\\\/secure.gravatar.com\\\/avatar\\\/fe840ff753768b839caa2dd522d4797f19f7e22fa2da83388e0fbfc570b65a37?s=96&d=mm&r=g\",\"caption\":\"Marlena Muller\"},\"url\":false}]}<\/script>\n<!-- \/ Yoast SEO plugin. -->","yoast_head_json":{"title":"Lernen Sie unsere neue Vikarin kennen - Martin Luther Evangelische Kirche Toronto","robots":{"index":"index","follow":"follow","max-snippet":"max-snippet:-1","max-image-preview":"max-image-preview:large","max-video-preview":"max-video-preview:-1"},"canonical":"https:\/\/martinluther.ca\/de\/2019\/05\/lernen-sie-unsere-neue-vikarin-kennen\/","og_locale":"de_DE","og_type":"article","og_title":"Lernen Sie unsere neue Vikarin kennen - Martin Luther Evangelische Kirche Toronto","og_description":"Hier stellt Silke Fahl sie sich Ihnen vor: Liebe Gemeinde, mein Name ist Silke Fahl und ab dem 01. Juni darf ich bei Ihnen mein Auslandsvikariat machen. Ich bin \u2013 wie man so sch\u00f6n sagt \u2013 ein waschechtes Nordlicht. Geboren wurde ich in Hamburg und bin in Hannover aufgewachsen; Urlaube und viele Wochenenden aber an&hellip;","og_url":"https:\/\/martinluther.ca\/de\/2019\/05\/lernen-sie-unsere-neue-vikarin-kennen\/","og_site_name":"Martin Luther Evangelische Kirche Toronto","article_publisher":"https:\/\/www.facebook.com\/martinlutherchurchtoronto","article_published_time":"2019-05-29T00:05:13+00:00","article_modified_time":"2020-06-20T20:20:36+00:00","og_image":[{"width":795,"height":596,"url":"https:\/\/martinluther.ca\/wp-content\/uploads\/2019\/05\/Fahl-by-Lindsay-Bayes-2-web-homepage-1.jpg","type":"image\/jpeg"}],"author":"Marlena Muller","twitter_card":"summary_large_image","twitter_misc":{"Verfasst von":"Marlena Muller","Gesch\u00e4tzte Lesezeit":"1\u00a0Minute"},"schema":{"@context":"https:\/\/schema.org","@graph":[{"@type":"Article","@id":"https:\/\/martinluther.ca\/de\/2019\/05\/lernen-sie-unsere-neue-vikarin-kennen\/#article","isPartOf":{"@id":"https:\/\/martinluther.ca\/de\/2019\/05\/lernen-sie-unsere-neue-vikarin-kennen\/"},"author":{"name":"Marlena Muller","@id":"https:\/\/martinluther.ca\/de\/#\/schema\/person\/ef4e825f5d9d6fd740bbd7813710e15d"},"headline":"Lernen Sie unsere neue Vikarin kennen","datePublished":"2019-05-29T00:05:13+00:00","dateModified":"2020-06-20T20:20:36+00:00","mainEntityOfPage":{"@id":"https:\/\/martinluther.ca\/de\/2019\/05\/lernen-sie-unsere-neue-vikarin-kennen\/"},"wordCount":230,"publisher":{"@id":"https:\/\/martinluther.ca\/de\/#organization"},"image":{"@id":"https:\/\/martinluther.ca\/de\/2019\/05\/lernen-sie-unsere-neue-vikarin-kennen\/#primaryimage"},"thumbnailUrl":"https:\/\/martinluther.ca\/wp-content\/uploads\/2019\/05\/Fahl-by-Lindsay-Bayes-2-web-homepage-1.jpg","articleSection":["News Blog - German"],"inLanguage":"de"},{"@type":"WebPage","@id":"https:\/\/martinluther.ca\/de\/2019\/05\/lernen-sie-unsere-neue-vikarin-kennen\/","url":"https:\/\/martinluther.ca\/de\/2019\/05\/lernen-sie-unsere-neue-vikarin-kennen\/","name":"Lernen Sie unsere neue Vikarin kennen - Martin Luther Evangelische Kirche Toronto","isPartOf":{"@id":"https:\/\/martinluther.ca\/de\/#website"},"primaryImageOfPage":{"@id":"https:\/\/martinluther.ca\/de\/2019\/05\/lernen-sie-unsere-neue-vikarin-kennen\/#primaryimage"},"image":{"@id":"https:\/\/martinluther.ca\/de\/2019\/05\/lernen-sie-unsere-neue-vikarin-kennen\/#primaryimage"},"thumbnailUrl":"https:\/\/martinluther.ca\/wp-content\/uploads\/2019\/05\/Fahl-by-Lindsay-Bayes-2-web-homepage-1.jpg","datePublished":"2019-05-29T00:05:13+00:00","dateModified":"2020-06-20T20:20:36+00:00","breadcrumb":{"@id":"https:\/\/martinluther.ca\/de\/2019\/05\/lernen-sie-unsere-neue-vikarin-kennen\/#breadcrumb"},"inLanguage":"de","potentialAction":[{"@type":"ReadAction","target":["https:\/\/martinluther.ca\/de\/2019\/05\/lernen-sie-unsere-neue-vikarin-kennen\/"]}]},{"@type":"ImageObject","inLanguage":"de","@id":"https:\/\/martinluther.ca\/de\/2019\/05\/lernen-sie-unsere-neue-vikarin-kennen\/#primaryimage","url":"https:\/\/martinluther.ca\/wp-content\/uploads\/2019\/05\/Fahl-by-Lindsay-Bayes-2-web-homepage-1.jpg","contentUrl":"https:\/\/martinluther.ca\/wp-content\/uploads\/2019\/05\/Fahl-by-Lindsay-Bayes-2-web-homepage-1.jpg","width":795,"height":596},{"@type":"BreadcrumbList","@id":"https:\/\/martinluther.ca\/de\/2019\/05\/lernen-sie-unsere-neue-vikarin-kennen\/#breadcrumb","itemListElement":[{"@type":"ListItem","position":1,"name":"Home","item":"https:\/\/martinluther.ca\/de\/"},{"@type":"ListItem","position":2,"name":"Lernen Sie unsere neue Vikarin kennen"}]},{"@type":"WebSite","@id":"https:\/\/martinluther.ca\/de\/#website","url":"https:\/\/martinluther.ca\/de\/","name":"Martin Luther Evangelical Church Toronto","description":"Deutsch &amp; Englisch","publisher":{"@id":"https:\/\/martinluther.ca\/de\/#organization"},"potentialAction":[{"@type":"SearchAction","target":{"@type":"EntryPoint","urlTemplate":"https:\/\/martinluther.ca\/de\/?s={search_term_string}"},"query-input":{"@type":"PropertyValueSpecification","valueRequired":true,"valueName":"search_term_string"}}],"inLanguage":"de"},{"@type":"Organization","@id":"https:\/\/martinluther.ca\/de\/#organization","name":"Martin Luther Evangelical Church Toronto","url":"https:\/\/martinluther.ca\/de\/","logo":{"@type":"ImageObject","inLanguage":"de","@id":"https:\/\/martinluther.ca\/de\/#\/schema\/logo\/image\/","url":"https:\/\/martinluther.ca\/wp-content\/uploads\/2016\/12\/ml-logo-300.png","contentUrl":"https:\/\/martinluther.ca\/wp-content\/uploads\/2016\/12\/ml-logo-300.png","width":300,"height":150,"caption":"Martin Luther Evangelical Church Toronto"},"image":{"@id":"https:\/\/martinluther.ca\/de\/#\/schema\/logo\/image\/"},"sameAs":["https:\/\/www.facebook.com\/martinlutherchurchtoronto","https:\/\/www.instagram.com\/lutheransbythelake\/","https:\/\/www.youtube.com\/MartinLutherChurchToronto"]},{"@type":"Person","@id":"https:\/\/martinluther.ca\/de\/#\/schema\/person\/ef4e825f5d9d6fd740bbd7813710e15d","name":"Marlena Muller","image":{"@type":"ImageObject","inLanguage":"de","@id":"https:\/\/secure.gravatar.com\/avatar\/fe840ff753768b839caa2dd522d4797f19f7e22fa2da83388e0fbfc570b65a37?s=96&d=mm&r=g","url":"https:\/\/secure.gravatar.com\/avatar\/fe840ff753768b839caa2dd522d4797f19f7e22fa2da83388e0fbfc570b65a37?s=96&d=mm&r=g","contentUrl":"https:\/\/secure.gravatar.com\/avatar\/fe840ff753768b839caa2dd522d4797f19f7e22fa2da83388e0fbfc570b65a37?s=96&d=mm&r=g","caption":"Marlena Muller"},"url":false}]}},"_links":{"self":[{"href":"https:\/\/martinluther.ca\/de\/wp-json\/wp\/v2\/posts\/31420","targetHints":{"allow":["GET"]}}],"collection":[{"href":"https:\/\/martinluther.ca\/de\/wp-json\/wp\/v2\/posts"}],"about":[{"href":"https:\/\/martinluther.ca\/de\/wp-json\/wp\/v2\/types\/post"}],"author":[{"embeddable":true,"href":"https:\/\/martinluther.ca\/de\/wp-json\/wp\/v2\/users\/8"}],"replies":[{"embeddable":true,"href":"https:\/\/martinluther.ca\/de\/wp-json\/wp\/v2\/comments?post=31420"}],"version-history":[{"count":4,"href":"https:\/\/martinluther.ca\/de\/wp-json\/wp\/v2\/posts\/31420\/revisions"}],"predecessor-version":[{"id":35179,"href":"https:\/\/martinluther.ca\/de\/wp-json\/wp\/v2\/posts\/31420\/revisions\/35179"}],"wp:featuredmedia":[{"embeddable":true,"href":"https:\/\/martinluther.ca\/de\/wp-json\/wp\/v2\/media\/31425"}],"wp:attachment":[{"href":"https:\/\/martinluther.ca\/de\/wp-json\/wp\/v2\/media?parent=31420"}],"wp:term":[{"taxonomy":"category","embeddable":true,"href":"https:\/\/martinluther.ca\/de\/wp-json\/wp\/v2\/categories?post=31420"},{"taxonomy":"post_tag","embeddable":true,"href":"https:\/\/martinluther.ca\/de\/wp-json\/wp\/v2\/tags?post=31420"},{"taxonomy":"post_series","embeddable":true,"href":"https:\/\/martinluther.ca\/de\/wp-json\/wp\/v2\/post_series?post=31420"}],"curies":[{"name":"wp","href":"https:\/\/api.w.org\/{rel}","templated":true}]}}