{"id":31484,"date":"2019-05-29T19:36:24","date_gmt":"2019-05-29T23:36:24","guid":{"rendered":"https:\/\/martinluther.ca\/?p=31484"},"modified":"2019-05-29T19:38:00","modified_gmt":"2019-05-29T23:38:00","slug":"muenchener-knabenchor-freitag-den-7-juni-2019-um-19-00-uhr","status":"publish","type":"post","link":"https:\/\/martinluther.ca\/de\/2019\/05\/muenchener-knabenchor-freitag-den-7-juni-2019-um-19-00-uhr\/","title":{"rendered":"M\u00fcnchener Knabenchor Freitag, den 7. Juni 2019 um 19.00 Uhr"},"content":{"rendered":"<p><img loading=\"lazy\" decoding=\"async\" class=\"alignright size-medium wp-image-31456\" src=\"https:\/\/martinluther.ca\/wp-content\/uploads\/2019\/05\/conzert-poster-225x300.jpg\" alt=\"\" width=\"225\" height=\"300\" srcset=\"https:\/\/martinluther.ca\/wp-content\/uploads\/2019\/05\/conzert-poster-225x300.jpg 225w, https:\/\/martinluther.ca\/wp-content\/uploads\/2019\/05\/conzert-poster-768x1024.jpg 768w\" sizes=\"auto, (max-width: 225px) 100vw, 225px\" \/>Martin Luther Kirche zusammen mit German International School Toronto bieten ein Konzert an, den M\u00fcnchener Knabenchor:<\/p>\n<p style=\"text-align: center;\"><strong>From Bach to Bond<\/strong><br \/>\n<strong>Freitag, den 7. Juni 2019 um 19.00 Uhr<\/strong><br \/>\n<strong>Martin Luther Kirche, 2379 Lakeshore Blvd West, Toronto<\/strong><br \/>\n<strong>Eintritt frei!<\/strong><\/p>\n<p>Der M\u00fcnchner Knabenchor ist ein &#8222;Ableger&#8220; des T\u00f6lzer Knabenchors und hat sich zum Ziel gesetzt, auf h\u00f6chstem Niveau neben klassischer und traditioneller Musik auch moderne St\u00fccke aufzuf\u00fchren. Seit seiner Gr\u00fcndung vor vier Jahren hat sich der Chor einen guten Platz in der deutschen Chorszene ersungen, der mit Erfolgen wie der Aufnahme ins Siemens Art Programme im letzten Jahr und einer Auff\u00fchrung in der Hamburger Elbphilharmonie in diesem gek\u00fcrt wurde.<\/p>\n<p>Im Juni besuchen die Chorknaben die German International School Toronto und bringen viel Musik mit. Hier singen sie genauso vor den deutschen Siedlerh\u00e4usern im Black Creek Pioneer Village (Samstag, den 8. Juni, 12 Uhr) wie zum Empfang beim deutschen Generalkonsul.<\/p>\n<p>Auf das Konzert in unserer Kirche freuen sie sich ganz besonders, denn f\u00fcr uns werden Sie nach einer Einstimmung mit ein paar geistlichen Klassikern ihre modernen Pop- und Rock-Lieblinge zum besten geben.<\/p>\n<p>https:\/\/video.search.yahoo.com\/yhs\/search?fr=yhs-sz-001&#038;hsimp=yhs-001&#038;hspart=sz&#038;p=m%C3%BCnchner+Knabenchor#id=8&#038;vid=2e344f8ed22ae6cea4afebbe874e6dd7&#038;action=click<\/p>\n<p>Weitere informatione, hintergrund: <a href=\"http:\/\/www.muenchnerknabenchor.de\/mkc\/\" target=\"_blank\" rel=\"noopener noreferrer\">http:\/\/www.muenchnerknabenchor.de\/mkc\/<\/a><\/p>\n","protected":false},"excerpt":{"rendered":"<p>Martin Luther Kirche zusammen mit German International School Toronto bieten ein Konzert an, den M\u00fcnchener Knabenchor: From Bach to Bond Freitag, den 7. Juni 2019 um 19.00 Uhr Martin Luther Kirche, 2379 Lakeshore Blvd West, Toronto Eintritt frei! Der M\u00fcnchner Knabenchor ist ein &#8222;Ableger&#8220; des T\u00f6lzer Knabenchors und hat sich zum Ziel gesetzt, auf h\u00f6chstem&hellip;<\/p>\n","protected":false},"author":9,"featured_media":31592,"comment_status":"closed","ping_status":"closed","sticky":false,"template":"","format":"standard","meta":{"footnotes":""},"categories":[69],"tags":[],"post_series":[],"class_list":["post-31484","post","type-post","status-publish","format-standard","has-post-thumbnail","hentry","category-news-blog-german","entry","has-media"],"yoast_head":"<!-- This site is optimized with the Yoast SEO plugin v27.5 - https:\/\/yoast.com\/product\/yoast-seo-wordpress\/ -->\n<title>M\u00fcnchener Knabenchor Freitag, den 7. Juni 2019 um 19.00 Uhr - Martin Luther Evangelische Kirche Toronto<\/title>\n<meta name=\"robots\" content=\"index, follow, max-snippet:-1, max-image-preview:large, max-video-preview:-1\" \/>\n<link rel=\"canonical\" href=\"https:\/\/martinluther.ca\/de\/2019\/05\/muenchener-knabenchor-freitag-den-7-juni-2019-um-19-00-uhr\/\" \/>\n<meta property=\"og:locale\" content=\"de_DE\" \/>\n<meta property=\"og:type\" content=\"article\" \/>\n<meta property=\"og:title\" content=\"M\u00fcnchener Knabenchor Freitag, den 7. Juni 2019 um 19.00 Uhr - Martin Luther Evangelische Kirche Toronto\" \/>\n<meta property=\"og:description\" content=\"Martin Luther Kirche zusammen mit German International School Toronto bieten ein Konzert an, den M\u00fcnchener Knabenchor: From Bach to Bond Freitag, den 7. Juni 2019 um 19.00 Uhr Martin Luther Kirche, 2379 Lakeshore Blvd West, Toronto Eintritt frei! Der M\u00fcnchner Knabenchor ist ein &#8222;Ableger&#8220; des T\u00f6lzer Knabenchors und hat sich zum Ziel gesetzt, auf h\u00f6chstem&hellip;\" \/>\n<meta property=\"og:url\" content=\"https:\/\/martinluther.ca\/de\/2019\/05\/muenchener-knabenchor-freitag-den-7-juni-2019-um-19-00-uhr\/\" \/>\n<meta property=\"og:site_name\" content=\"Martin Luther Evangelische Kirche Toronto\" \/>\n<meta property=\"article:publisher\" content=\"https:\/\/www.facebook.com\/martinlutherchurchtoronto\" \/>\n<meta property=\"article:published_time\" content=\"2019-05-29T23:36:24+00:00\" \/>\n<meta property=\"article:modified_time\" content=\"2019-05-29T23:38:00+00:00\" \/>\n<meta property=\"og:image\" content=\"https:\/\/martinluther.ca\/wp-content\/uploads\/2019\/07\/2019-Muenchner-Knabenchor-06-1024x768.jpg\" \/>\n\t<meta property=\"og:image:width\" content=\"1024\" \/>\n\t<meta property=\"og:image:height\" content=\"768\" \/>\n\t<meta property=\"og:image:type\" content=\"image\/jpeg\" \/>\n<meta name=\"author\" content=\"Mona Kakoschke Frantzke\" \/>\n<meta name=\"twitter:card\" content=\"summary_large_image\" \/>\n<meta name=\"twitter:label1\" content=\"Verfasst von\" \/>\n\t<meta name=\"twitter:data1\" content=\"Mona Kakoschke Frantzke\" \/>\n\t<meta name=\"twitter:label2\" content=\"Gesch\u00e4tzte Lesezeit\" \/>\n\t<meta name=\"twitter:data2\" content=\"1\u00a0Minute\" \/>\n<script type=\"application\/ld+json\" class=\"yoast-schema-graph\">{\"@context\":\"https:\\\/\\\/schema.org\",\"@graph\":[{\"@type\":\"Article\",\"@id\":\"https:\\\/\\\/martinluther.ca\\\/de\\\/2019\\\/05\\\/muenchener-knabenchor-freitag-den-7-juni-2019-um-19-00-uhr\\\/#article\",\"isPartOf\":{\"@id\":\"https:\\\/\\\/martinluther.ca\\\/de\\\/2019\\\/05\\\/muenchener-knabenchor-freitag-den-7-juni-2019-um-19-00-uhr\\\/\"},\"author\":{\"name\":\"Mona Kakoschke Frantzke\",\"@id\":\"https:\\\/\\\/martinluther.ca\\\/de\\\/#\\\/schema\\\/person\\\/815c51710f70b050f0476f18da6b0c8f\"},\"headline\":\"M\u00fcnchener Knabenchor Freitag, den 7. Juni 2019 um 19.00 Uhr\",\"datePublished\":\"2019-05-29T23:36:24+00:00\",\"dateModified\":\"2019-05-29T23:38:00+00:00\",\"mainEntityOfPage\":{\"@id\":\"https:\\\/\\\/martinluther.ca\\\/de\\\/2019\\\/05\\\/muenchener-knabenchor-freitag-den-7-juni-2019-um-19-00-uhr\\\/\"},\"wordCount\":235,\"publisher\":{\"@id\":\"https:\\\/\\\/martinluther.ca\\\/de\\\/#organization\"},\"image\":{\"@id\":\"https:\\\/\\\/martinluther.ca\\\/de\\\/2019\\\/05\\\/muenchener-knabenchor-freitag-den-7-juni-2019-um-19-00-uhr\\\/#primaryimage\"},\"thumbnailUrl\":\"https:\\\/\\\/martinluther.ca\\\/wp-content\\\/uploads\\\/2019\\\/07\\\/2019-Muenchner-Knabenchor-06.jpg\",\"articleSection\":[\"News Blog - German\"],\"inLanguage\":\"de\"},{\"@type\":\"WebPage\",\"@id\":\"https:\\\/\\\/martinluther.ca\\\/de\\\/2019\\\/05\\\/muenchener-knabenchor-freitag-den-7-juni-2019-um-19-00-uhr\\\/\",\"url\":\"https:\\\/\\\/martinluther.ca\\\/de\\\/2019\\\/05\\\/muenchener-knabenchor-freitag-den-7-juni-2019-um-19-00-uhr\\\/\",\"name\":\"M\u00fcnchener Knabenchor Freitag, den 7. Juni 2019 um 19.00 Uhr - Martin Luther Evangelische Kirche Toronto\",\"isPartOf\":{\"@id\":\"https:\\\/\\\/martinluther.ca\\\/de\\\/#website\"},\"primaryImageOfPage\":{\"@id\":\"https:\\\/\\\/martinluther.ca\\\/de\\\/2019\\\/05\\\/muenchener-knabenchor-freitag-den-7-juni-2019-um-19-00-uhr\\\/#primaryimage\"},\"image\":{\"@id\":\"https:\\\/\\\/martinluther.ca\\\/de\\\/2019\\\/05\\\/muenchener-knabenchor-freitag-den-7-juni-2019-um-19-00-uhr\\\/#primaryimage\"},\"thumbnailUrl\":\"https:\\\/\\\/martinluther.ca\\\/wp-content\\\/uploads\\\/2019\\\/07\\\/2019-Muenchner-Knabenchor-06.jpg\",\"datePublished\":\"2019-05-29T23:36:24+00:00\",\"dateModified\":\"2019-05-29T23:38:00+00:00\",\"breadcrumb\":{\"@id\":\"https:\\\/\\\/martinluther.ca\\\/de\\\/2019\\\/05\\\/muenchener-knabenchor-freitag-den-7-juni-2019-um-19-00-uhr\\\/#breadcrumb\"},\"inLanguage\":\"de\",\"potentialAction\":[{\"@type\":\"ReadAction\",\"target\":[\"https:\\\/\\\/martinluther.ca\\\/de\\\/2019\\\/05\\\/muenchener-knabenchor-freitag-den-7-juni-2019-um-19-00-uhr\\\/\"]}]},{\"@type\":\"ImageObject\",\"inLanguage\":\"de\",\"@id\":\"https:\\\/\\\/martinluther.ca\\\/de\\\/2019\\\/05\\\/muenchener-knabenchor-freitag-den-7-juni-2019-um-19-00-uhr\\\/#primaryimage\",\"url\":\"https:\\\/\\\/martinluther.ca\\\/wp-content\\\/uploads\\\/2019\\\/07\\\/2019-Muenchner-Knabenchor-06.jpg\",\"contentUrl\":\"https:\\\/\\\/martinluther.ca\\\/wp-content\\\/uploads\\\/2019\\\/07\\\/2019-Muenchner-Knabenchor-06.jpg\",\"width\":4160,\"height\":3120},{\"@type\":\"BreadcrumbList\",\"@id\":\"https:\\\/\\\/martinluther.ca\\\/de\\\/2019\\\/05\\\/muenchener-knabenchor-freitag-den-7-juni-2019-um-19-00-uhr\\\/#breadcrumb\",\"itemListElement\":[{\"@type\":\"ListItem\",\"position\":1,\"name\":\"Home\",\"item\":\"https:\\\/\\\/martinluther.ca\\\/de\\\/\"},{\"@type\":\"ListItem\",\"position\":2,\"name\":\"M\u00fcnchener Knabenchor Freitag, den 7. Juni 2019 um 19.00 Uhr\"}]},{\"@type\":\"WebSite\",\"@id\":\"https:\\\/\\\/martinluther.ca\\\/de\\\/#website\",\"url\":\"https:\\\/\\\/martinluther.ca\\\/de\\\/\",\"name\":\"Martin Luther Evangelical Church Toronto\",\"description\":\"Deutsch &amp; Englisch\",\"publisher\":{\"@id\":\"https:\\\/\\\/martinluther.ca\\\/de\\\/#organization\"},\"potentialAction\":[{\"@type\":\"SearchAction\",\"target\":{\"@type\":\"EntryPoint\",\"urlTemplate\":\"https:\\\/\\\/martinluther.ca\\\/de\\\/?s={search_term_string}\"},\"query-input\":{\"@type\":\"PropertyValueSpecification\",\"valueRequired\":true,\"valueName\":\"search_term_string\"}}],\"inLanguage\":\"de\"},{\"@type\":\"Organization\",\"@id\":\"https:\\\/\\\/martinluther.ca\\\/de\\\/#organization\",\"name\":\"Martin Luther Evangelical Church Toronto\",\"url\":\"https:\\\/\\\/martinluther.ca\\\/de\\\/\",\"logo\":{\"@type\":\"ImageObject\",\"inLanguage\":\"de\",\"@id\":\"https:\\\/\\\/martinluther.ca\\\/de\\\/#\\\/schema\\\/logo\\\/image\\\/\",\"url\":\"https:\\\/\\\/martinluther.ca\\\/wp-content\\\/uploads\\\/2016\\\/12\\\/ml-logo-300.png\",\"contentUrl\":\"https:\\\/\\\/martinluther.ca\\\/wp-content\\\/uploads\\\/2016\\\/12\\\/ml-logo-300.png\",\"width\":300,\"height\":150,\"caption\":\"Martin Luther Evangelical Church Toronto\"},\"image\":{\"@id\":\"https:\\\/\\\/martinluther.ca\\\/de\\\/#\\\/schema\\\/logo\\\/image\\\/\"},\"sameAs\":[\"https:\\\/\\\/www.facebook.com\\\/martinlutherchurchtoronto\",\"https:\\\/\\\/www.instagram.com\\\/lutheransbythelake\\\/\",\"https:\\\/\\\/www.youtube.com\\\/MartinLutherChurchToronto\"]},{\"@type\":\"Person\",\"@id\":\"https:\\\/\\\/martinluther.ca\\\/de\\\/#\\\/schema\\\/person\\\/815c51710f70b050f0476f18da6b0c8f\",\"name\":\"Mona Kakoschke Frantzke\",\"image\":{\"@type\":\"ImageObject\",\"inLanguage\":\"de\",\"@id\":\"https:\\\/\\\/secure.gravatar.com\\\/avatar\\\/0deb16854ca545cd2e9fc8001ca110d262b80d5c8317b38dc542265fbea0ed19?s=96&d=mm&r=g\",\"url\":\"https:\\\/\\\/secure.gravatar.com\\\/avatar\\\/0deb16854ca545cd2e9fc8001ca110d262b80d5c8317b38dc542265fbea0ed19?s=96&d=mm&r=g\",\"contentUrl\":\"https:\\\/\\\/secure.gravatar.com\\\/avatar\\\/0deb16854ca545cd2e9fc8001ca110d262b80d5c8317b38dc542265fbea0ed19?s=96&d=mm&r=g\",\"caption\":\"Mona Kakoschke Frantzke\"},\"url\":false}]}<\/script>\n<!-- \/ Yoast SEO plugin. -->","yoast_head_json":{"title":"M\u00fcnchener Knabenchor Freitag, den 7. Juni 2019 um 19.00 Uhr - Martin Luther Evangelische Kirche Toronto","robots":{"index":"index","follow":"follow","max-snippet":"max-snippet:-1","max-image-preview":"max-image-preview:large","max-video-preview":"max-video-preview:-1"},"canonical":"https:\/\/martinluther.ca\/de\/2019\/05\/muenchener-knabenchor-freitag-den-7-juni-2019-um-19-00-uhr\/","og_locale":"de_DE","og_type":"article","og_title":"M\u00fcnchener Knabenchor Freitag, den 7. Juni 2019 um 19.00 Uhr - Martin Luther Evangelische Kirche Toronto","og_description":"Martin Luther Kirche zusammen mit German International School Toronto bieten ein Konzert an, den M\u00fcnchener Knabenchor: From Bach to Bond Freitag, den 7. Juni 2019 um 19.00 Uhr Martin Luther Kirche, 2379 Lakeshore Blvd West, Toronto Eintritt frei! Der M\u00fcnchner Knabenchor ist ein &#8222;Ableger&#8220; des T\u00f6lzer Knabenchors und hat sich zum Ziel gesetzt, auf h\u00f6chstem&hellip;","og_url":"https:\/\/martinluther.ca\/de\/2019\/05\/muenchener-knabenchor-freitag-den-7-juni-2019-um-19-00-uhr\/","og_site_name":"Martin Luther Evangelische Kirche Toronto","article_publisher":"https:\/\/www.facebook.com\/martinlutherchurchtoronto","article_published_time":"2019-05-29T23:36:24+00:00","article_modified_time":"2019-05-29T23:38:00+00:00","og_image":[{"width":1024,"height":768,"url":"https:\/\/martinluther.ca\/wp-content\/uploads\/2019\/07\/2019-Muenchner-Knabenchor-06-1024x768.jpg","type":"image\/jpeg"}],"author":"Mona Kakoschke Frantzke","twitter_card":"summary_large_image","twitter_misc":{"Verfasst von":"Mona Kakoschke Frantzke","Gesch\u00e4tzte Lesezeit":"1\u00a0Minute"},"schema":{"@context":"https:\/\/schema.org","@graph":[{"@type":"Article","@id":"https:\/\/martinluther.ca\/de\/2019\/05\/muenchener-knabenchor-freitag-den-7-juni-2019-um-19-00-uhr\/#article","isPartOf":{"@id":"https:\/\/martinluther.ca\/de\/2019\/05\/muenchener-knabenchor-freitag-den-7-juni-2019-um-19-00-uhr\/"},"author":{"name":"Mona Kakoschke Frantzke","@id":"https:\/\/martinluther.ca\/de\/#\/schema\/person\/815c51710f70b050f0476f18da6b0c8f"},"headline":"M\u00fcnchener Knabenchor Freitag, den 7. Juni 2019 um 19.00 Uhr","datePublished":"2019-05-29T23:36:24+00:00","dateModified":"2019-05-29T23:38:00+00:00","mainEntityOfPage":{"@id":"https:\/\/martinluther.ca\/de\/2019\/05\/muenchener-knabenchor-freitag-den-7-juni-2019-um-19-00-uhr\/"},"wordCount":235,"publisher":{"@id":"https:\/\/martinluther.ca\/de\/#organization"},"image":{"@id":"https:\/\/martinluther.ca\/de\/2019\/05\/muenchener-knabenchor-freitag-den-7-juni-2019-um-19-00-uhr\/#primaryimage"},"thumbnailUrl":"https:\/\/martinluther.ca\/wp-content\/uploads\/2019\/07\/2019-Muenchner-Knabenchor-06.jpg","articleSection":["News Blog - German"],"inLanguage":"de"},{"@type":"WebPage","@id":"https:\/\/martinluther.ca\/de\/2019\/05\/muenchener-knabenchor-freitag-den-7-juni-2019-um-19-00-uhr\/","url":"https:\/\/martinluther.ca\/de\/2019\/05\/muenchener-knabenchor-freitag-den-7-juni-2019-um-19-00-uhr\/","name":"M\u00fcnchener Knabenchor Freitag, den 7. Juni 2019 um 19.00 Uhr - Martin Luther Evangelische Kirche Toronto","isPartOf":{"@id":"https:\/\/martinluther.ca\/de\/#website"},"primaryImageOfPage":{"@id":"https:\/\/martinluther.ca\/de\/2019\/05\/muenchener-knabenchor-freitag-den-7-juni-2019-um-19-00-uhr\/#primaryimage"},"image":{"@id":"https:\/\/martinluther.ca\/de\/2019\/05\/muenchener-knabenchor-freitag-den-7-juni-2019-um-19-00-uhr\/#primaryimage"},"thumbnailUrl":"https:\/\/martinluther.ca\/wp-content\/uploads\/2019\/07\/2019-Muenchner-Knabenchor-06.jpg","datePublished":"2019-05-29T23:36:24+00:00","dateModified":"2019-05-29T23:38:00+00:00","breadcrumb":{"@id":"https:\/\/martinluther.ca\/de\/2019\/05\/muenchener-knabenchor-freitag-den-7-juni-2019-um-19-00-uhr\/#breadcrumb"},"inLanguage":"de","potentialAction":[{"@type":"ReadAction","target":["https:\/\/martinluther.ca\/de\/2019\/05\/muenchener-knabenchor-freitag-den-7-juni-2019-um-19-00-uhr\/"]}]},{"@type":"ImageObject","inLanguage":"de","@id":"https:\/\/martinluther.ca\/de\/2019\/05\/muenchener-knabenchor-freitag-den-7-juni-2019-um-19-00-uhr\/#primaryimage","url":"https:\/\/martinluther.ca\/wp-content\/uploads\/2019\/07\/2019-Muenchner-Knabenchor-06.jpg","contentUrl":"https:\/\/martinluther.ca\/wp-content\/uploads\/2019\/07\/2019-Muenchner-Knabenchor-06.jpg","width":4160,"height":3120},{"@type":"BreadcrumbList","@id":"https:\/\/martinluther.ca\/de\/2019\/05\/muenchener-knabenchor-freitag-den-7-juni-2019-um-19-00-uhr\/#breadcrumb","itemListElement":[{"@type":"ListItem","position":1,"name":"Home","item":"https:\/\/martinluther.ca\/de\/"},{"@type":"ListItem","position":2,"name":"M\u00fcnchener Knabenchor Freitag, den 7. Juni 2019 um 19.00 Uhr"}]},{"@type":"WebSite","@id":"https:\/\/martinluther.ca\/de\/#website","url":"https:\/\/martinluther.ca\/de\/","name":"Martin Luther Evangelical Church Toronto","description":"Deutsch &amp; Englisch","publisher":{"@id":"https:\/\/martinluther.ca\/de\/#organization"},"potentialAction":[{"@type":"SearchAction","target":{"@type":"EntryPoint","urlTemplate":"https:\/\/martinluther.ca\/de\/?s={search_term_string}"},"query-input":{"@type":"PropertyValueSpecification","valueRequired":true,"valueName":"search_term_string"}}],"inLanguage":"de"},{"@type":"Organization","@id":"https:\/\/martinluther.ca\/de\/#organization","name":"Martin Luther Evangelical Church Toronto","url":"https:\/\/martinluther.ca\/de\/","logo":{"@type":"ImageObject","inLanguage":"de","@id":"https:\/\/martinluther.ca\/de\/#\/schema\/logo\/image\/","url":"https:\/\/martinluther.ca\/wp-content\/uploads\/2016\/12\/ml-logo-300.png","contentUrl":"https:\/\/martinluther.ca\/wp-content\/uploads\/2016\/12\/ml-logo-300.png","width":300,"height":150,"caption":"Martin Luther Evangelical Church Toronto"},"image":{"@id":"https:\/\/martinluther.ca\/de\/#\/schema\/logo\/image\/"},"sameAs":["https:\/\/www.facebook.com\/martinlutherchurchtoronto","https:\/\/www.instagram.com\/lutheransbythelake\/","https:\/\/www.youtube.com\/MartinLutherChurchToronto"]},{"@type":"Person","@id":"https:\/\/martinluther.ca\/de\/#\/schema\/person\/815c51710f70b050f0476f18da6b0c8f","name":"Mona Kakoschke Frantzke","image":{"@type":"ImageObject","inLanguage":"de","@id":"https:\/\/secure.gravatar.com\/avatar\/0deb16854ca545cd2e9fc8001ca110d262b80d5c8317b38dc542265fbea0ed19?s=96&d=mm&r=g","url":"https:\/\/secure.gravatar.com\/avatar\/0deb16854ca545cd2e9fc8001ca110d262b80d5c8317b38dc542265fbea0ed19?s=96&d=mm&r=g","contentUrl":"https:\/\/secure.gravatar.com\/avatar\/0deb16854ca545cd2e9fc8001ca110d262b80d5c8317b38dc542265fbea0ed19?s=96&d=mm&r=g","caption":"Mona Kakoschke Frantzke"},"url":false}]}},"_links":{"self":[{"href":"https:\/\/martinluther.ca\/de\/wp-json\/wp\/v2\/posts\/31484","targetHints":{"allow":["GET"]}}],"collection":[{"href":"https:\/\/martinluther.ca\/de\/wp-json\/wp\/v2\/posts"}],"about":[{"href":"https:\/\/martinluther.ca\/de\/wp-json\/wp\/v2\/types\/post"}],"author":[{"embeddable":true,"href":"https:\/\/martinluther.ca\/de\/wp-json\/wp\/v2\/users\/9"}],"replies":[{"embeddable":true,"href":"https:\/\/martinluther.ca\/de\/wp-json\/wp\/v2\/comments?post=31484"}],"version-history":[{"count":1,"href":"https:\/\/martinluther.ca\/de\/wp-json\/wp\/v2\/posts\/31484\/revisions"}],"predecessor-version":[{"id":31486,"href":"https:\/\/martinluther.ca\/de\/wp-json\/wp\/v2\/posts\/31484\/revisions\/31486"}],"wp:featuredmedia":[{"embeddable":true,"href":"https:\/\/martinluther.ca\/de\/wp-json\/wp\/v2\/media\/31592"}],"wp:attachment":[{"href":"https:\/\/martinluther.ca\/de\/wp-json\/wp\/v2\/media?parent=31484"}],"wp:term":[{"taxonomy":"category","embeddable":true,"href":"https:\/\/martinluther.ca\/de\/wp-json\/wp\/v2\/categories?post=31484"},{"taxonomy":"post_tag","embeddable":true,"href":"https:\/\/martinluther.ca\/de\/wp-json\/wp\/v2\/tags?post=31484"},{"taxonomy":"post_series","embeddable":true,"href":"https:\/\/martinluther.ca\/de\/wp-json\/wp\/v2\/post_series?post=31484"}],"curies":[{"name":"wp","href":"https:\/\/api.w.org\/{rel}","templated":true}]}}