{"id":31703,"date":"2020-03-07T16:00:36","date_gmt":"2020-03-07T21:00:36","guid":{"rendered":"https:\/\/martinluther.ca\/?p=31703"},"modified":"2025-11-22T12:34:27","modified_gmt":"2025-11-22T17:34:27","slug":"abgesagt-dinner-church-by-the-lake-donnerstag-9-apr-2020","status":"publish","type":"post","link":"https:\/\/martinluther.ca\/de\/2020\/03\/abgesagt-dinner-church-by-the-lake-donnerstag-9-apr-2020\/","title":{"rendered":"ABGESAGT &#8211; Dinner Church by the Lake &#8211; Donnerstag 9. Apr 2020"},"content":{"rendered":"<p><img loading=\"lazy\" decoding=\"async\" class=\"alignright wp-image-29397 size-medium\" src=\"https:\/\/martinluther.ca\/wp-content\/uploads\/2018\/10\/2018-12-05-Dinner-Church-1-300x225.jpg\" alt=\"food on the table at MLC for Dinner Church\" width=\"300\" height=\"225\" srcset=\"https:\/\/martinluther.ca\/wp-content\/uploads\/2018\/10\/2018-12-05-Dinner-Church-1-300x225.jpg 300w, https:\/\/martinluther.ca\/wp-content\/uploads\/2018\/10\/2018-12-05-Dinner-Church-1-768x576.jpg 768w, https:\/\/martinluther.ca\/wp-content\/uploads\/2018\/10\/2018-12-05-Dinner-Church-1-1024x768.jpg 1024w, https:\/\/martinluther.ca\/wp-content\/uploads\/2018\/10\/2018-12-05-Dinner-Church-1.jpg 1594w\" sizes=\"auto, (max-width: 300px) 100vw, 300px\" \/><\/p>\n<p>ABGESAGT &#8211; Donnerstag, 8. April 2020 <strong>Gr\u00fcndonnerstag<\/strong> Dinner Church um 18.30 Uhr<\/p>\n<p>Dinner Church ist ein monatliches Treffen f\u00fcr alle, die nach einem Ort suchen, an dem sie sich wirklich mit anderen Menschen verbinden und Glauben und Spiritualit\u00e4t entdecken k\u00f6nnen. Es ist ein Teil Gl\u00fcck, ein Teil Predigt und ein Teil Gespr\u00e4ch.<\/p>\n<p>Es geht im Grunde darum, was Jesus getan hat: Menschen zusammenzubringen, Essen zu sich zu nehmen und \u00fcber gute und lebensspendende Dinge zu sprechen. Wer braucht das nicht in ihrem Leben?!<\/p>\n<p>Wer auch immer Sie sind, wo immer Sie sind, hier sind Sie richtig. Sie werden hier willkommen, gesucht und akzeptiert.<\/p>\n<p>Bitte bringen Sie einen Beitrag f\u00fcr das \u201ePotluck\u201c -Essen mit. Au\u00dferdem suchen wir Helfer*innen f\u00fcr den Auf- und Abbau.<\/p>\n<p>Dinner Church wird von dem Dinner Church Team geleitet und unsere Vikaren.<\/p>\n<p>Um dem Planungsteam beizutreten oder ein Thema oder einen Gastredner vorzuschlagen, wenden Sie sich bitte an\u00a0 <a href=\"mailto:dinnerchurch@martinluther.ca\">dinnerchurch@martinluther.ca<\/a><\/p>\n<p>Die Coronavirus-Krise in Kanada began ab dem 16. M\u00e4rz 2020 landesweit. Siehe unseren Blog \u201e<a href=\"https:\/\/martinluther.ca\/de\/2020\/03\/covid-19-kirchenschliessung\/\">COVID-19 Church Closure<\/a>\u201c vom 11. M\u00e4rz 2020<\/p>\n<p><img loading=\"lazy\" decoding=\"async\" class=\"alignleft size-full wp-image-31931\" src=\"https:\/\/martinluther.ca\/wp-content\/uploads\/2019\/10\/2019-Dinner-Church-06-3.jpg\" alt=\"\" width=\"2098\" height=\"1573\" srcset=\"https:\/\/martinluther.ca\/wp-content\/uploads\/2019\/10\/2019-Dinner-Church-06-3.jpg 2098w, https:\/\/martinluther.ca\/wp-content\/uploads\/2019\/10\/2019-Dinner-Church-06-3-300x225.jpg 300w, https:\/\/martinluther.ca\/wp-content\/uploads\/2019\/10\/2019-Dinner-Church-06-3-768x576.jpg 768w, https:\/\/martinluther.ca\/wp-content\/uploads\/2019\/10\/2019-Dinner-Church-06-3-1024x768.jpg 1024w\" sizes=\"auto, (max-width: 2098px) 100vw, 2098px\" \/><\/p>\n","protected":false},"excerpt":{"rendered":"<p>ABGESAGT &#8211; Donnerstag, 8. April 2020 Gr\u00fcndonnerstag Dinner Church um 18.30 Uhr Dinner Church ist ein monatliches Treffen f\u00fcr alle, die nach einem Ort suchen, an dem sie sich wirklich mit anderen Menschen verbinden und Glauben und Spiritualit\u00e4t entdecken k\u00f6nnen. Es ist ein Teil Gl\u00fcck, ein Teil Predigt und ein Teil Gespr\u00e4ch. Es geht im&hellip;<\/p>\n","protected":false},"author":9,"featured_media":33213,"comment_status":"closed","ping_status":"closed","sticky":false,"template":"","format":"standard","meta":{"footnotes":""},"categories":[69],"tags":[],"post_series":[],"class_list":["post-31703","post","type-post","status-publish","format-standard","has-post-thumbnail","hentry","category-news-blog-german","entry","has-media"],"yoast_head":"<!-- This site is optimized with the Yoast SEO plugin v27.5 - https:\/\/yoast.com\/product\/yoast-seo-wordpress\/ -->\n<title>ABGESAGT - Dinner Church by the Lake - Donnerstag 9. Apr 2020 - Martin Luther Evangelische Kirche Toronto<\/title>\n<meta name=\"robots\" content=\"index, follow, max-snippet:-1, max-image-preview:large, max-video-preview:-1\" \/>\n<link rel=\"canonical\" href=\"https:\/\/martinluther.ca\/de\/2020\/03\/abgesagt-dinner-church-by-the-lake-donnerstag-9-apr-2020\/\" \/>\n<meta property=\"og:locale\" content=\"de_DE\" \/>\n<meta property=\"og:type\" content=\"article\" \/>\n<meta property=\"og:title\" content=\"ABGESAGT - Dinner Church by the Lake - Donnerstag 9. Apr 2020 - Martin Luther Evangelische Kirche Toronto\" \/>\n<meta property=\"og:description\" content=\"ABGESAGT &#8211; Donnerstag, 8. April 2020 Gr\u00fcndonnerstag Dinner Church um 18.30 Uhr Dinner Church ist ein monatliches Treffen f\u00fcr alle, die nach einem Ort suchen, an dem sie sich wirklich mit anderen Menschen verbinden und Glauben und Spiritualit\u00e4t entdecken k\u00f6nnen. Es ist ein Teil Gl\u00fcck, ein Teil Predigt und ein Teil Gespr\u00e4ch. Es geht im&hellip;\" \/>\n<meta property=\"og:url\" content=\"https:\/\/martinluther.ca\/de\/2020\/03\/abgesagt-dinner-church-by-the-lake-donnerstag-9-apr-2020\/\" \/>\n<meta property=\"og:site_name\" content=\"Martin Luther Evangelische Kirche Toronto\" \/>\n<meta property=\"article:publisher\" content=\"https:\/\/www.facebook.com\/martinlutherchurchtoronto\" \/>\n<meta property=\"article:published_time\" content=\"2020-03-07T21:00:36+00:00\" \/>\n<meta property=\"article:modified_time\" content=\"2025-11-22T17:34:27+00:00\" \/>\n<meta property=\"og:image\" content=\"https:\/\/martinluther.ca\/wp-content\/uploads\/2020\/01\/2020-Dinner-Church-table-Jan-8th.jpg\" \/>\n\t<meta property=\"og:image:width\" content=\"1080\" \/>\n\t<meta property=\"og:image:height\" content=\"1080\" \/>\n\t<meta property=\"og:image:type\" content=\"image\/jpeg\" \/>\n<meta name=\"author\" content=\"Mona Kakoschke Frantzke\" \/>\n<meta name=\"twitter:card\" content=\"summary_large_image\" \/>\n<meta name=\"twitter:label1\" content=\"Verfasst von\" \/>\n\t<meta name=\"twitter:data1\" content=\"Mona Kakoschke Frantzke\" \/>\n\t<meta name=\"twitter:label2\" content=\"Gesch\u00e4tzte Lesezeit\" \/>\n\t<meta name=\"twitter:data2\" content=\"2\u00a0Minuten\" \/>\n<script type=\"application\/ld+json\" class=\"yoast-schema-graph\">{\"@context\":\"https:\\\/\\\/schema.org\",\"@graph\":[{\"@type\":\"Article\",\"@id\":\"https:\\\/\\\/martinluther.ca\\\/de\\\/2020\\\/03\\\/abgesagt-dinner-church-by-the-lake-donnerstag-9-apr-2020\\\/#article\",\"isPartOf\":{\"@id\":\"https:\\\/\\\/martinluther.ca\\\/de\\\/2020\\\/03\\\/abgesagt-dinner-church-by-the-lake-donnerstag-9-apr-2020\\\/\"},\"author\":{\"name\":\"Mona Kakoschke Frantzke\",\"@id\":\"https:\\\/\\\/martinluther.ca\\\/de\\\/#\\\/schema\\\/person\\\/815c51710f70b050f0476f18da6b0c8f\"},\"headline\":\"ABGESAGT &#8211; Dinner Church by the Lake &#8211; Donnerstag 9. Apr 2020\",\"datePublished\":\"2020-03-07T21:00:36+00:00\",\"dateModified\":\"2025-11-22T17:34:27+00:00\",\"mainEntityOfPage\":{\"@id\":\"https:\\\/\\\/martinluther.ca\\\/de\\\/2020\\\/03\\\/abgesagt-dinner-church-by-the-lake-donnerstag-9-apr-2020\\\/\"},\"wordCount\":189,\"publisher\":{\"@id\":\"https:\\\/\\\/martinluther.ca\\\/de\\\/#organization\"},\"image\":{\"@id\":\"https:\\\/\\\/martinluther.ca\\\/de\\\/2020\\\/03\\\/abgesagt-dinner-church-by-the-lake-donnerstag-9-apr-2020\\\/#primaryimage\"},\"thumbnailUrl\":\"https:\\\/\\\/martinluther.ca\\\/wp-content\\\/uploads\\\/2020\\\/01\\\/2020-Dinner-Church-table-Jan-8th.jpg\",\"articleSection\":[\"News Blog - German\"],\"inLanguage\":\"de\"},{\"@type\":\"WebPage\",\"@id\":\"https:\\\/\\\/martinluther.ca\\\/de\\\/2020\\\/03\\\/abgesagt-dinner-church-by-the-lake-donnerstag-9-apr-2020\\\/\",\"url\":\"https:\\\/\\\/martinluther.ca\\\/de\\\/2020\\\/03\\\/abgesagt-dinner-church-by-the-lake-donnerstag-9-apr-2020\\\/\",\"name\":\"ABGESAGT - Dinner Church by the Lake - Donnerstag 9. Apr 2020 - Martin Luther Evangelische Kirche Toronto\",\"isPartOf\":{\"@id\":\"https:\\\/\\\/martinluther.ca\\\/de\\\/#website\"},\"primaryImageOfPage\":{\"@id\":\"https:\\\/\\\/martinluther.ca\\\/de\\\/2020\\\/03\\\/abgesagt-dinner-church-by-the-lake-donnerstag-9-apr-2020\\\/#primaryimage\"},\"image\":{\"@id\":\"https:\\\/\\\/martinluther.ca\\\/de\\\/2020\\\/03\\\/abgesagt-dinner-church-by-the-lake-donnerstag-9-apr-2020\\\/#primaryimage\"},\"thumbnailUrl\":\"https:\\\/\\\/martinluther.ca\\\/wp-content\\\/uploads\\\/2020\\\/01\\\/2020-Dinner-Church-table-Jan-8th.jpg\",\"datePublished\":\"2020-03-07T21:00:36+00:00\",\"dateModified\":\"2025-11-22T17:34:27+00:00\",\"breadcrumb\":{\"@id\":\"https:\\\/\\\/martinluther.ca\\\/de\\\/2020\\\/03\\\/abgesagt-dinner-church-by-the-lake-donnerstag-9-apr-2020\\\/#breadcrumb\"},\"inLanguage\":\"de\",\"potentialAction\":[{\"@type\":\"ReadAction\",\"target\":[\"https:\\\/\\\/martinluther.ca\\\/de\\\/2020\\\/03\\\/abgesagt-dinner-church-by-the-lake-donnerstag-9-apr-2020\\\/\"]}]},{\"@type\":\"ImageObject\",\"inLanguage\":\"de\",\"@id\":\"https:\\\/\\\/martinluther.ca\\\/de\\\/2020\\\/03\\\/abgesagt-dinner-church-by-the-lake-donnerstag-9-apr-2020\\\/#primaryimage\",\"url\":\"https:\\\/\\\/martinluther.ca\\\/wp-content\\\/uploads\\\/2020\\\/01\\\/2020-Dinner-Church-table-Jan-8th.jpg\",\"contentUrl\":\"https:\\\/\\\/martinluther.ca\\\/wp-content\\\/uploads\\\/2020\\\/01\\\/2020-Dinner-Church-table-Jan-8th.jpg\",\"width\":1080,\"height\":1080,\"caption\":\"2020 Dinner Church table Jan 8th\"},{\"@type\":\"BreadcrumbList\",\"@id\":\"https:\\\/\\\/martinluther.ca\\\/de\\\/2020\\\/03\\\/abgesagt-dinner-church-by-the-lake-donnerstag-9-apr-2020\\\/#breadcrumb\",\"itemListElement\":[{\"@type\":\"ListItem\",\"position\":1,\"name\":\"Home\",\"item\":\"https:\\\/\\\/martinluther.ca\\\/de\\\/\"},{\"@type\":\"ListItem\",\"position\":2,\"name\":\"ABGESAGT &#8211; Dinner Church by the Lake &#8211; Donnerstag 9. Apr 2020\"}]},{\"@type\":\"WebSite\",\"@id\":\"https:\\\/\\\/martinluther.ca\\\/de\\\/#website\",\"url\":\"https:\\\/\\\/martinluther.ca\\\/de\\\/\",\"name\":\"Martin Luther Evangelical Church Toronto\",\"description\":\"Deutsch &amp; Englisch\",\"publisher\":{\"@id\":\"https:\\\/\\\/martinluther.ca\\\/de\\\/#organization\"},\"potentialAction\":[{\"@type\":\"SearchAction\",\"target\":{\"@type\":\"EntryPoint\",\"urlTemplate\":\"https:\\\/\\\/martinluther.ca\\\/de\\\/?s={search_term_string}\"},\"query-input\":{\"@type\":\"PropertyValueSpecification\",\"valueRequired\":true,\"valueName\":\"search_term_string\"}}],\"inLanguage\":\"de\"},{\"@type\":\"Organization\",\"@id\":\"https:\\\/\\\/martinluther.ca\\\/de\\\/#organization\",\"name\":\"Martin Luther Evangelical Church Toronto\",\"url\":\"https:\\\/\\\/martinluther.ca\\\/de\\\/\",\"logo\":{\"@type\":\"ImageObject\",\"inLanguage\":\"de\",\"@id\":\"https:\\\/\\\/martinluther.ca\\\/de\\\/#\\\/schema\\\/logo\\\/image\\\/\",\"url\":\"https:\\\/\\\/martinluther.ca\\\/wp-content\\\/uploads\\\/2016\\\/12\\\/ml-logo-300.png\",\"contentUrl\":\"https:\\\/\\\/martinluther.ca\\\/wp-content\\\/uploads\\\/2016\\\/12\\\/ml-logo-300.png\",\"width\":300,\"height\":150,\"caption\":\"Martin Luther Evangelical Church Toronto\"},\"image\":{\"@id\":\"https:\\\/\\\/martinluther.ca\\\/de\\\/#\\\/schema\\\/logo\\\/image\\\/\"},\"sameAs\":[\"https:\\\/\\\/www.facebook.com\\\/martinlutherchurchtoronto\",\"https:\\\/\\\/www.instagram.com\\\/lutheransbythelake\\\/\",\"https:\\\/\\\/www.youtube.com\\\/MartinLutherChurchToronto\"]},{\"@type\":\"Person\",\"@id\":\"https:\\\/\\\/martinluther.ca\\\/de\\\/#\\\/schema\\\/person\\\/815c51710f70b050f0476f18da6b0c8f\",\"name\":\"Mona Kakoschke Frantzke\",\"image\":{\"@type\":\"ImageObject\",\"inLanguage\":\"de\",\"@id\":\"https:\\\/\\\/secure.gravatar.com\\\/avatar\\\/0deb16854ca545cd2e9fc8001ca110d262b80d5c8317b38dc542265fbea0ed19?s=96&d=mm&r=g\",\"url\":\"https:\\\/\\\/secure.gravatar.com\\\/avatar\\\/0deb16854ca545cd2e9fc8001ca110d262b80d5c8317b38dc542265fbea0ed19?s=96&d=mm&r=g\",\"contentUrl\":\"https:\\\/\\\/secure.gravatar.com\\\/avatar\\\/0deb16854ca545cd2e9fc8001ca110d262b80d5c8317b38dc542265fbea0ed19?s=96&d=mm&r=g\",\"caption\":\"Mona Kakoschke Frantzke\"},\"url\":false}]}<\/script>\n<!-- \/ Yoast SEO plugin. -->","yoast_head_json":{"title":"ABGESAGT - Dinner Church by the Lake - Donnerstag 9. Apr 2020 - Martin Luther Evangelische Kirche Toronto","robots":{"index":"index","follow":"follow","max-snippet":"max-snippet:-1","max-image-preview":"max-image-preview:large","max-video-preview":"max-video-preview:-1"},"canonical":"https:\/\/martinluther.ca\/de\/2020\/03\/abgesagt-dinner-church-by-the-lake-donnerstag-9-apr-2020\/","og_locale":"de_DE","og_type":"article","og_title":"ABGESAGT - Dinner Church by the Lake - Donnerstag 9. Apr 2020 - Martin Luther Evangelische Kirche Toronto","og_description":"ABGESAGT &#8211; Donnerstag, 8. April 2020 Gr\u00fcndonnerstag Dinner Church um 18.30 Uhr Dinner Church ist ein monatliches Treffen f\u00fcr alle, die nach einem Ort suchen, an dem sie sich wirklich mit anderen Menschen verbinden und Glauben und Spiritualit\u00e4t entdecken k\u00f6nnen. Es ist ein Teil Gl\u00fcck, ein Teil Predigt und ein Teil Gespr\u00e4ch. Es geht im&hellip;","og_url":"https:\/\/martinluther.ca\/de\/2020\/03\/abgesagt-dinner-church-by-the-lake-donnerstag-9-apr-2020\/","og_site_name":"Martin Luther Evangelische Kirche Toronto","article_publisher":"https:\/\/www.facebook.com\/martinlutherchurchtoronto","article_published_time":"2020-03-07T21:00:36+00:00","article_modified_time":"2025-11-22T17:34:27+00:00","og_image":[{"width":1080,"height":1080,"url":"https:\/\/martinluther.ca\/wp-content\/uploads\/2020\/01\/2020-Dinner-Church-table-Jan-8th.jpg","type":"image\/jpeg"}],"author":"Mona Kakoschke Frantzke","twitter_card":"summary_large_image","twitter_misc":{"Verfasst von":"Mona Kakoschke Frantzke","Gesch\u00e4tzte Lesezeit":"2\u00a0Minuten"},"schema":{"@context":"https:\/\/schema.org","@graph":[{"@type":"Article","@id":"https:\/\/martinluther.ca\/de\/2020\/03\/abgesagt-dinner-church-by-the-lake-donnerstag-9-apr-2020\/#article","isPartOf":{"@id":"https:\/\/martinluther.ca\/de\/2020\/03\/abgesagt-dinner-church-by-the-lake-donnerstag-9-apr-2020\/"},"author":{"name":"Mona Kakoschke Frantzke","@id":"https:\/\/martinluther.ca\/de\/#\/schema\/person\/815c51710f70b050f0476f18da6b0c8f"},"headline":"ABGESAGT &#8211; Dinner Church by the Lake &#8211; Donnerstag 9. Apr 2020","datePublished":"2020-03-07T21:00:36+00:00","dateModified":"2025-11-22T17:34:27+00:00","mainEntityOfPage":{"@id":"https:\/\/martinluther.ca\/de\/2020\/03\/abgesagt-dinner-church-by-the-lake-donnerstag-9-apr-2020\/"},"wordCount":189,"publisher":{"@id":"https:\/\/martinluther.ca\/de\/#organization"},"image":{"@id":"https:\/\/martinluther.ca\/de\/2020\/03\/abgesagt-dinner-church-by-the-lake-donnerstag-9-apr-2020\/#primaryimage"},"thumbnailUrl":"https:\/\/martinluther.ca\/wp-content\/uploads\/2020\/01\/2020-Dinner-Church-table-Jan-8th.jpg","articleSection":["News Blog - German"],"inLanguage":"de"},{"@type":"WebPage","@id":"https:\/\/martinluther.ca\/de\/2020\/03\/abgesagt-dinner-church-by-the-lake-donnerstag-9-apr-2020\/","url":"https:\/\/martinluther.ca\/de\/2020\/03\/abgesagt-dinner-church-by-the-lake-donnerstag-9-apr-2020\/","name":"ABGESAGT - Dinner Church by the Lake - Donnerstag 9. Apr 2020 - Martin Luther Evangelische Kirche Toronto","isPartOf":{"@id":"https:\/\/martinluther.ca\/de\/#website"},"primaryImageOfPage":{"@id":"https:\/\/martinluther.ca\/de\/2020\/03\/abgesagt-dinner-church-by-the-lake-donnerstag-9-apr-2020\/#primaryimage"},"image":{"@id":"https:\/\/martinluther.ca\/de\/2020\/03\/abgesagt-dinner-church-by-the-lake-donnerstag-9-apr-2020\/#primaryimage"},"thumbnailUrl":"https:\/\/martinluther.ca\/wp-content\/uploads\/2020\/01\/2020-Dinner-Church-table-Jan-8th.jpg","datePublished":"2020-03-07T21:00:36+00:00","dateModified":"2025-11-22T17:34:27+00:00","breadcrumb":{"@id":"https:\/\/martinluther.ca\/de\/2020\/03\/abgesagt-dinner-church-by-the-lake-donnerstag-9-apr-2020\/#breadcrumb"},"inLanguage":"de","potentialAction":[{"@type":"ReadAction","target":["https:\/\/martinluther.ca\/de\/2020\/03\/abgesagt-dinner-church-by-the-lake-donnerstag-9-apr-2020\/"]}]},{"@type":"ImageObject","inLanguage":"de","@id":"https:\/\/martinluther.ca\/de\/2020\/03\/abgesagt-dinner-church-by-the-lake-donnerstag-9-apr-2020\/#primaryimage","url":"https:\/\/martinluther.ca\/wp-content\/uploads\/2020\/01\/2020-Dinner-Church-table-Jan-8th.jpg","contentUrl":"https:\/\/martinluther.ca\/wp-content\/uploads\/2020\/01\/2020-Dinner-Church-table-Jan-8th.jpg","width":1080,"height":1080,"caption":"2020 Dinner Church table Jan 8th"},{"@type":"BreadcrumbList","@id":"https:\/\/martinluther.ca\/de\/2020\/03\/abgesagt-dinner-church-by-the-lake-donnerstag-9-apr-2020\/#breadcrumb","itemListElement":[{"@type":"ListItem","position":1,"name":"Home","item":"https:\/\/martinluther.ca\/de\/"},{"@type":"ListItem","position":2,"name":"ABGESAGT &#8211; Dinner Church by the Lake &#8211; Donnerstag 9. Apr 2020"}]},{"@type":"WebSite","@id":"https:\/\/martinluther.ca\/de\/#website","url":"https:\/\/martinluther.ca\/de\/","name":"Martin Luther Evangelical Church Toronto","description":"Deutsch &amp; Englisch","publisher":{"@id":"https:\/\/martinluther.ca\/de\/#organization"},"potentialAction":[{"@type":"SearchAction","target":{"@type":"EntryPoint","urlTemplate":"https:\/\/martinluther.ca\/de\/?s={search_term_string}"},"query-input":{"@type":"PropertyValueSpecification","valueRequired":true,"valueName":"search_term_string"}}],"inLanguage":"de"},{"@type":"Organization","@id":"https:\/\/martinluther.ca\/de\/#organization","name":"Martin Luther Evangelical Church Toronto","url":"https:\/\/martinluther.ca\/de\/","logo":{"@type":"ImageObject","inLanguage":"de","@id":"https:\/\/martinluther.ca\/de\/#\/schema\/logo\/image\/","url":"https:\/\/martinluther.ca\/wp-content\/uploads\/2016\/12\/ml-logo-300.png","contentUrl":"https:\/\/martinluther.ca\/wp-content\/uploads\/2016\/12\/ml-logo-300.png","width":300,"height":150,"caption":"Martin Luther Evangelical Church Toronto"},"image":{"@id":"https:\/\/martinluther.ca\/de\/#\/schema\/logo\/image\/"},"sameAs":["https:\/\/www.facebook.com\/martinlutherchurchtoronto","https:\/\/www.instagram.com\/lutheransbythelake\/","https:\/\/www.youtube.com\/MartinLutherChurchToronto"]},{"@type":"Person","@id":"https:\/\/martinluther.ca\/de\/#\/schema\/person\/815c51710f70b050f0476f18da6b0c8f","name":"Mona Kakoschke Frantzke","image":{"@type":"ImageObject","inLanguage":"de","@id":"https:\/\/secure.gravatar.com\/avatar\/0deb16854ca545cd2e9fc8001ca110d262b80d5c8317b38dc542265fbea0ed19?s=96&d=mm&r=g","url":"https:\/\/secure.gravatar.com\/avatar\/0deb16854ca545cd2e9fc8001ca110d262b80d5c8317b38dc542265fbea0ed19?s=96&d=mm&r=g","contentUrl":"https:\/\/secure.gravatar.com\/avatar\/0deb16854ca545cd2e9fc8001ca110d262b80d5c8317b38dc542265fbea0ed19?s=96&d=mm&r=g","caption":"Mona Kakoschke Frantzke"},"url":false}]}},"_links":{"self":[{"href":"https:\/\/martinluther.ca\/de\/wp-json\/wp\/v2\/posts\/31703","targetHints":{"allow":["GET"]}}],"collection":[{"href":"https:\/\/martinluther.ca\/de\/wp-json\/wp\/v2\/posts"}],"about":[{"href":"https:\/\/martinluther.ca\/de\/wp-json\/wp\/v2\/types\/post"}],"author":[{"embeddable":true,"href":"https:\/\/martinluther.ca\/de\/wp-json\/wp\/v2\/users\/9"}],"replies":[{"embeddable":true,"href":"https:\/\/martinluther.ca\/de\/wp-json\/wp\/v2\/comments?post=31703"}],"version-history":[{"count":26,"href":"https:\/\/martinluther.ca\/de\/wp-json\/wp\/v2\/posts\/31703\/revisions"}],"predecessor-version":[{"id":47181,"href":"https:\/\/martinluther.ca\/de\/wp-json\/wp\/v2\/posts\/31703\/revisions\/47181"}],"wp:featuredmedia":[{"embeddable":true,"href":"https:\/\/martinluther.ca\/de\/wp-json\/wp\/v2\/media\/33213"}],"wp:attachment":[{"href":"https:\/\/martinluther.ca\/de\/wp-json\/wp\/v2\/media?parent=31703"}],"wp:term":[{"taxonomy":"category","embeddable":true,"href":"https:\/\/martinluther.ca\/de\/wp-json\/wp\/v2\/categories?post=31703"},{"taxonomy":"post_tag","embeddable":true,"href":"https:\/\/martinluther.ca\/de\/wp-json\/wp\/v2\/tags?post=31703"},{"taxonomy":"post_series","embeddable":true,"href":"https:\/\/martinluther.ca\/de\/wp-json\/wp\/v2\/post_series?post=31703"}],"curies":[{"name":"wp","href":"https:\/\/api.w.org\/{rel}","templated":true}]}}