{"id":31742,"date":"2019-08-26T19:14:51","date_gmt":"2019-08-26T23:14:51","guid":{"rendered":"https:\/\/martinluther.ca\/?p=31742"},"modified":"2020-06-20T16:19:24","modified_gmt":"2020-06-20T20:19:24","slug":"vorstellung-unserer-vier-vikare","status":"publish","type":"post","link":"https:\/\/martinluther.ca\/de\/2019\/08\/vorstellung-unserer-vier-vikare\/","title":{"rendered":"Vorstellung unserer vier Vikare"},"content":{"rendered":"<div>\n<p><img loading=\"lazy\" decoding=\"async\" class=\"alignright size-medium wp-image-31740\" src=\"https:\/\/martinluther.ca\/wp-content\/uploads\/2019\/08\/team-1493923-1280x960-300x225.jpg\" alt=\"fours hands together\" width=\"300\" height=\"225\" srcset=\"https:\/\/martinluther.ca\/wp-content\/uploads\/2019\/08\/team-1493923-1280x960-300x225.jpg 300w, https:\/\/martinluther.ca\/wp-content\/uploads\/2019\/08\/team-1493923-1280x960-768x576.jpg 768w, https:\/\/martinluther.ca\/wp-content\/uploads\/2019\/08\/team-1493923-1280x960-1024x768.jpg 1024w, https:\/\/martinluther.ca\/wp-content\/uploads\/2019\/08\/team-1493923-1280x960.jpg 1280w\" sizes=\"auto, (max-width: 300px) 100vw, 300px\" \/>Sie sind alle Teil eines \u00f6kumenischen Vikariats-Programms 2019-2020, das wir gemeinsam mit der Redeemer Lutheran Church im Bezirk High Park ausrichten.<\/p>\n<\/div>\n<div><\/div>\n<div>Mit der gro\u00dfz\u00fcgigen Unterst\u00fctzung der EKD und des Missionskomitees der Eastern Synod werden die beiden Kirchen gemeinsam in der Lage sein, insgesamt vier Vikare einzuladen, die mit uns \u00fcber einen Zeitraum von 18 Monaten arbeiten werden.<\/div>\n<div><\/div>\n<div>\n<div><strong>Worum geht es in diesem Programm?<\/strong><br \/>\nDie Martin Luther Kirche und die Redeemer Church befinden sich beide an Brennpunkten der Stadtentwicklung in Toronto. Das Umfeld und die Menschen um uns herum ver\u00e4ndern sich schneller, als wir das jemals vorher erlebt haben. Wie k\u00f6nnen wir auf diese Ver\u00e4nderungen reagieren? Wie k\u00f6nnen wir f\u00fcr die Menschen um uns herum Kirche sein? Wie k\u00f6nnen wir die Menschen erreichen, die in Hochh\u00e4usern mit Eigentumswohnungen leben, zu deren Postf\u00e4chern oder T\u00fcrklingeln wir niemals Zugang erhalten w\u00fcrden? Vermutlich ist die Anzahl der Menschen, die nicht oder nicht mehr in eine Kirche gehen, wesentlich gr\u00f6\u00dfer als die Anzahl der Menschen, die nach einer (neuen) Kirche suchen. Wie k\u00f6nnen wir Wege finden, diese Menschen f\u00fcr den christlichen Glauben zu interessieren?<\/div>\n<div><\/div>\n<div>Inspiriert durch die \u201c<a href=\"https:\/\/www.freshexpressions.ca\/\">Fresh Expressions<\/a>\u201c-Kirchenbewegung wollen wir mutig mit neuen Formen des Kirche-Seins experimentieren. Indem wir davon ausgehen, dass Gott in unserer Nachbarschaft bereits am Werk ist und dass wir berufen sind, uns dieser Missionsaufgabe anzuschlie\u00dfen, indem wir \u201edorthin gehen, wo die Menschen sind, aufmerksam auf ihre Umst\u00e4nde h\u00f6ren und durch Dienen neue Glaubensgemeinschaften formen \u2026\u201c (Bischof Steve Croft, Sheffield)<\/div>\n<div><\/div>\n<div>Beide Gemeinden haben ihre missionarische Reise bereits begonnen, indem sie aufmerksam auf ihr Umfeld h\u00f6ren, liebendes Dienen praktizieren und kleine Initiativen ausprobieren, um Menschen einzubinden, die (noch) nicht Mitglieder unserer Gemeinden sind. Um diese Reise fortzusetzen und unsere Initiativen eine Stufe weiter zu f\u00fchren, ist mehr Einsatz n\u00f6tig. Unsere Vikare werden die M\u00f6glichkeiten dazu mit einem unvorbelasteten Blick und neuen Ideen betrachten. Mit ihnen zusammen werden wir neue Ideen ausprobieren, um mehr Menschen zu erreichen, und wir werden besser erkennen, wie wir im 21. Jahrhundert Kirche sein k\u00f6nnen.<\/div>\n<div><\/div>\n<\/div>\n<div>\n<p><strong>Silke Fahl<br \/>\n<\/strong><strong>wurde in Juni 2019 w\u00e4hrend des englischen Gottesdienstes eingef\u00fchrt.<br \/>\n<\/strong><\/p>\n<figure id=\"attachment_35166\" aria-describedby=\"caption-attachment-35166\" style=\"width: 245px\" class=\"wp-caption alignright\"><img loading=\"lazy\" decoding=\"async\" class=\"size-medium wp-image-35166\" src=\"https:\/\/martinluther.ca\/wp-content\/uploads\/2020\/06\/Silke-Fahl-2-245x300.jpg\" alt=\"Vicar Silke Fahl 2020\" width=\"245\" height=\"300\" srcset=\"https:\/\/martinluther.ca\/wp-content\/uploads\/2020\/06\/Silke-Fahl-2-245x300.jpg 245w, https:\/\/martinluther.ca\/wp-content\/uploads\/2020\/06\/Silke-Fahl-2-835x1024.jpg 835w, https:\/\/martinluther.ca\/wp-content\/uploads\/2020\/06\/Silke-Fahl-2-768x942.jpg 768w, https:\/\/martinluther.ca\/wp-content\/uploads\/2020\/06\/Silke-Fahl-2.jpg 1124w\" sizes=\"auto, (max-width: 245px) 100vw, 245px\" \/><figcaption id=\"caption-attachment-35166\" class=\"wp-caption-text\">Vicar Silke Fahl<\/figcaption><\/figure>\n<p>Liebe Gemeinde, mein Name ist Silke Fahl und ab dem 01. Juni darf ich bei Ihnen mein Auslandsvikariat machen. Ich bin \u2013 wie man so sch\u00f6n sagt \u2013 ein waschechtes Nordlicht. Geboren wurde ich in Hamburg und bin in Hannover aufgewachsen; Urlaube und viele Wochenenden aber an der See verbracht. Entsprechend war f\u00fcr mich klar, dass es nach dem Studium in G\u00f6ttingen wieder weiter gen Norden gehen sollte. So habe ich mein Vikariat in zwei D\u00f6rfern in Ostfriesland gemacht.<\/p>\n<\/div>\n<div>\n<div><\/div>\n<div>Ich bin ein sehr ruhiger Mensch, aber abenteuerlustig. Ich lese gerne, liebe Musik, reite und schreibe gerne. So lange ich denken kann habe ich gerne neue Orte erkundet und war schon immer eine Weltenbummlerin. Durch einen Sch\u00fcleraustausch 2004 hatte ich die Chance zum ersten Mal nach Kanada zu reisen. Ein Jahr sp\u00e4ter konnte ich mit zwei anderen Sch\u00fcler*innen noch einmal f\u00fcr 3 Monate nach Ste-Marie de Beauce, QC und habe dort die Polyvalent Beno\u00eet-Vachon besucht. Mit jedem Besuch in Kanada habe ich mich mehr in dieses Land und die Menschen hier verliebt. Entsprechend freue ich mich riesig darauf in den kommenden 12 Monaten in Ihrer Gemeinde arbeiten zu d\u00fcrfen und Sie und Toronto kennen zu lernen.<\/div>\n<div><\/div>\n<\/div>\n<div><\/div>\n<div><strong>Jordan Smith<\/strong><\/div>\n<div><strong>wurde am 08. September 2019 w\u00e4hrend des englischen Gottesdienstes eingef\u00fchrt. <\/strong><\/div>\n<div>\n<figure id=\"attachment_35149\" aria-describedby=\"caption-attachment-35149\" style=\"width: 225px\" class=\"wp-caption alignright\"><img loading=\"lazy\" decoding=\"async\" class=\"size-medium wp-image-35149\" src=\"https:\/\/martinluther.ca\/wp-content\/uploads\/2020\/06\/Vicar-Jordan-Smith-website-225x300.jpg\" alt=\"Vicar Jordan Smith in 2020\" width=\"225\" height=\"300\" srcset=\"https:\/\/martinluther.ca\/wp-content\/uploads\/2020\/06\/Vicar-Jordan-Smith-website-225x300.jpg 225w, https:\/\/martinluther.ca\/wp-content\/uploads\/2020\/06\/Vicar-Jordan-Smith-website-768x1024.jpg 768w, https:\/\/martinluther.ca\/wp-content\/uploads\/2020\/06\/Vicar-Jordan-Smith-website-1152x1536.jpg 1152w, https:\/\/martinluther.ca\/wp-content\/uploads\/2020\/06\/Vicar-Jordan-Smith-website.jpg 1158w\" sizes=\"auto, (max-width: 225px) 100vw, 225px\" \/><figcaption id=\"caption-attachment-35149\" class=\"wp-caption-text\">Vicar Jordan Smith<\/figcaption><\/figure>\n<p>Hallo Martin Luther Kirche,<br \/>\nIch bin Jordan Smith, Student am Martin Luther University College im dritten Jahr, und werde mein einj\u00e4hriges Praktikum an Ihrer Kirche und an Redeemer Lutheran absolvierien. Meine theologische Ausbildung habe ich am Wycliffe College in Toronto begonnen und bin im letzten Jahr nach Waterloo gewechselt. Diesen Sommer habe ich ein zw\u00f6lfw\u00f6chiges Praktikum am Royal Victoria Krankenhaus in Barrie abgeschlossen. Ich freue mich dieses Jahr Teil dieser Kirche zu sein, wenn ich mit Pastor Christian und Pastor Steve in Redeemer zusammenarbeite.<\/p><\/div>\n<div><\/div>\n<div>2009 bin ich nach einem Bachelorstudium in Fernsehproduktion nach Toronto gezogen und habe \u00fcber 12 Jahre in der Sport-Fernsehindustrie gearbeitet. Seit 2010 bin ich mit Carmen verheiratet und wir haben zwei kleine T\u00f6chter, Anitta und Eileen. Unsere Familie ist Mitglied bei St. Ansgar in Toronto und ich habe bereits Praktika bei der Ersten Lutherischen Kirche in der Innenstadt und bei St. Philip\u2019s in Etobicoke abgeschlossen. Meine Leidenschaft sind die nationalen Jugendtreffen und ich bin derzeit Teil des Planungsteams f\u00fcr die n\u00e4chsten zwei Treffen. Wenn ich nach Studium und Arbeit Freizeit habe, bin ich gerne in der Natur im Park und wandere mit meinen Kindern, lese und versuche Gitarre spielen zu lernen.<\/div>\n<div><\/div>\n<div>Ich kann es kaum erwarten, Sie alle in den kommenden Wochen kennenzulernen, damit wir gegenseitig mehr \u00fcbereinander erfahren k\u00f6nnen. Gottes Segen f\u00fcr den Beginn des Herbstes.<\/div>\n<div><\/div>\n<div><strong><a href=\"https:\/\/martinluther.ca\/wp-content\/uploads\/2019\/08\/3.-Adam-McComb.png\"><img loading=\"lazy\" decoding=\"async\" class=\"alignright size-medium wp-image-31733\" src=\"https:\/\/martinluther.ca\/wp-content\/uploads\/2019\/08\/3.-Adam-McComb-225x300.png\" alt=\"\" width=\"225\" height=\"300\" srcset=\"https:\/\/martinluther.ca\/wp-content\/uploads\/2019\/08\/3.-Adam-McComb-225x300.png 225w, https:\/\/martinluther.ca\/wp-content\/uploads\/2019\/08\/3.-Adam-McComb.png 640w\" sizes=\"auto, (max-width: 225px) 100vw, 225px\" \/><\/a>Adam McComb<\/strong><\/div>\n<div><strong>wurde am 08. September 2019 w\u00e4hrend des englischen Gottesdienstes eingef\u00fchrt. <\/strong><\/div>\n<div>Liebe Freunde!<br \/>\nIch bin schon sehr gespannt auf mein neues Abenteuer mit der MLK und der Redeemer-Kirche in Toronto. Ich hei\u00dfe Adam und bin aus \u00c4gypten nach Toronto gekommen, um am Trinity College meinen \u201eMasters of Divinity\u201c zu absolvieren. Ich bin in \u00c4gypten aufgewachsen und habe meine fr\u00fche Kindheit in Pakistan verbracht. Die letzten 11 Jahre habe ich auf Schiffen gearbeitet. So versteht es sich von selbst, dass ich mich in der Stadt \u00fcberhaupt nicht zurechtfinde und mich auf jeden einzelnen von\u00a0Ihnen verlassen muss; sei es f\u00fcr Restaurantempfehlungen oder Wegbeschreibungen. Ich bin im zweiten Jahr meiner Pastorenausbildung und so dankbar Teil dieses \u00f6kumenischen Experiment zu sein, der die Rolle anerkennt, die wir dabei spielen \u201eKirche\u201c nach drau\u00dfen und \u00fcberall hin zu tragen. Ich hoffe, Sie alle kennenzulernen und zu verstehen, wie Sie leben, Ihren Glauben wachsen lassen, und wie wir anderen dabei helfen k\u00f6nnen, das auch zu tun. Ich bin mir sicher, dass Gott Segen!<\/div>\n<div><\/div>\n<div>\n<figure id=\"attachment_32709\" aria-describedby=\"caption-attachment-32709\" style=\"width: 300px\" class=\"wp-caption alignright\"><img loading=\"lazy\" decoding=\"async\" class=\"size-medium wp-image-32709\" src=\"https:\/\/martinluther.ca\/wp-content\/uploads\/2019\/12\/2019-Caroline-Raddatz-01-300x225.jpg\" alt=\"Vicar Caroline Raddatz\" width=\"300\" height=\"225\" srcset=\"https:\/\/martinluther.ca\/wp-content\/uploads\/2019\/12\/2019-Caroline-Raddatz-01-300x225.jpg 300w, https:\/\/martinluther.ca\/wp-content\/uploads\/2019\/12\/2019-Caroline-Raddatz-01-1024x768.jpg 1024w, https:\/\/martinluther.ca\/wp-content\/uploads\/2019\/12\/2019-Caroline-Raddatz-01-768x576.jpg 768w, https:\/\/martinluther.ca\/wp-content\/uploads\/2019\/12\/2019-Caroline-Raddatz-01.jpg 1417w\" sizes=\"auto, (max-width: 300px) 100vw, 300px\" \/><figcaption id=\"caption-attachment-32709\" class=\"wp-caption-text\">Vicar Caroline Raddatz<\/figcaption><\/figure>\n<p><strong>Caroline Raddatz<br \/>\n<\/strong><strong>wurde am 05. Januar 2020 w\u00e4hrend des englischen Gottesdienstes eingef\u00fchrt.<\/strong><\/p>\n<\/div>\n<div>\n<p>Liebe Gemeinde, ich freue mich ab Januar als Vikarin<br \/>\nin Ihrer Gemeinde t\u00e4tig sein zu d\u00fcrfen. Nach meinem<br \/>\nTheologiestudium in Hamburg und Wien habe ich ein<br \/>\nAustauschprojekt geleitet, das andere unterst\u00fctzt hat<br \/>\nAuslandserfahrungen zu sammeln. Nun freue ich mich selbst auf den Weltenwechsel vom d\u00f6rflichen Flair Berkenthins bei L\u00fcbeck hinein in die Weltstadt Toronto. Die letzten zweieinhalb Jahre bin ich als Vikarin mit gro\u00dfer\u00a0 Freude und viel Neugier in das praktische Arbeitsfeld der Pastorin hineingewachsen. Nach dem 2. Examen suche ich nun neue und weitere Herausforderungen. Und f\u00fcr mich gibt es keinen sch\u00f6neren Ort als nun nach Kanada zu gehen mit all der Neugier und Aufregung, die so ein Wechsel mit sich bringt.<br \/>\nPastorin werden ist und bleibt f\u00fcr mich eine spannende Reise. Es ist eine Suchbewegung nach Gott gemeinsam mit den Menschen. Auf dem Weg dorthin erlebe ich viel Offenheit und liebevolle Austausch \u2013 daf\u00fcr bin ich dankbar!<\/p>\n<p>Reizvoll finde ich meine Glaubensreise nun mit Ihnen gemeinsam in Toronto fortschreiben zu k\u00f6nnen. Ich habe ein Herz f\u00fcr zupackenden Glauben, der in offener Gemeinschaft gefeiert wird und f\u00fcr gutes Essen. Deshalb freue ich mich auch besonders auf das Dinner Church Projekt. Ich bin gespannt auf eine intensive Zeit, die Zusammenarbeit, auf gemeinsame Gespr\u00e4che, Gebete, Stille, Gottesdienste und darauf, das Leben mit Ihnen zu feiern.<\/p>\n<\/div>\n","protected":false},"excerpt":{"rendered":"<p>Sie sind alle Teil eines \u00f6kumenischen Vikariats-Programms 2019-2020, das wir gemeinsam mit der Redeemer Lutheran Church im Bezirk High Park ausrichten. Mit der gro\u00dfz\u00fcgigen Unterst\u00fctzung der EKD und des Missionskomitees der Eastern Synod werden die beiden Kirchen gemeinsam in der Lage sein, insgesamt vier Vikare einzuladen, die mit uns \u00fcber einen Zeitraum von 18 Monaten&hellip;<\/p>\n","protected":false},"author":8,"featured_media":31740,"comment_status":"closed","ping_status":"closed","sticky":false,"template":"","format":"standard","meta":{"footnotes":""},"categories":[69],"tags":[],"post_series":[],"class_list":["post-31742","post","type-post","status-publish","format-standard","has-post-thumbnail","hentry","category-news-blog-german","entry","has-media"],"yoast_head":"<!-- This site is optimized with the Yoast SEO plugin v27.5 - https:\/\/yoast.com\/product\/yoast-seo-wordpress\/ -->\n<title>Vorstellung unserer vier Vikare - Martin Luther Evangelische Kirche Toronto<\/title>\n<meta name=\"robots\" content=\"index, follow, max-snippet:-1, max-image-preview:large, max-video-preview:-1\" \/>\n<link rel=\"canonical\" href=\"https:\/\/martinluther.ca\/de\/2019\/08\/vorstellung-unserer-vier-vikare\/\" \/>\n<meta property=\"og:locale\" content=\"de_DE\" \/>\n<meta property=\"og:type\" content=\"article\" \/>\n<meta property=\"og:title\" content=\"Vorstellung unserer vier Vikare - Martin Luther Evangelische Kirche Toronto\" \/>\n<meta property=\"og:description\" content=\"Sie sind alle Teil eines \u00f6kumenischen Vikariats-Programms 2019-2020, das wir gemeinsam mit der Redeemer Lutheran Church im Bezirk High Park ausrichten. Mit der gro\u00dfz\u00fcgigen Unterst\u00fctzung der EKD und des Missionskomitees der Eastern Synod werden die beiden Kirchen gemeinsam in der Lage sein, insgesamt vier Vikare einzuladen, die mit uns \u00fcber einen Zeitraum von 18 Monaten&hellip;\" \/>\n<meta property=\"og:url\" content=\"https:\/\/martinluther.ca\/de\/2019\/08\/vorstellung-unserer-vier-vikare\/\" \/>\n<meta property=\"og:site_name\" content=\"Martin Luther Evangelische Kirche Toronto\" \/>\n<meta property=\"article:publisher\" content=\"https:\/\/www.facebook.com\/martinlutherchurchtoronto\" \/>\n<meta property=\"article:published_time\" content=\"2019-08-26T23:14:51+00:00\" \/>\n<meta property=\"article:modified_time\" content=\"2020-06-20T20:19:24+00:00\" \/>\n<meta property=\"og:image\" content=\"https:\/\/martinluther.ca\/wp-content\/uploads\/2019\/08\/team-1493923-1280x960.jpg\" \/>\n\t<meta property=\"og:image:width\" content=\"1280\" \/>\n\t<meta property=\"og:image:height\" content=\"960\" \/>\n\t<meta property=\"og:image:type\" content=\"image\/jpeg\" \/>\n<meta name=\"author\" content=\"Marlena Muller\" \/>\n<meta name=\"twitter:card\" content=\"summary_large_image\" \/>\n<meta name=\"twitter:label1\" content=\"Verfasst von\" \/>\n\t<meta name=\"twitter:data1\" content=\"Marlena Muller\" \/>\n\t<meta name=\"twitter:label2\" content=\"Gesch\u00e4tzte Lesezeit\" \/>\n\t<meta name=\"twitter:data2\" content=\"6\u00a0Minuten\" \/>\n<script type=\"application\/ld+json\" class=\"yoast-schema-graph\">{\"@context\":\"https:\\\/\\\/schema.org\",\"@graph\":[{\"@type\":\"Article\",\"@id\":\"https:\\\/\\\/martinluther.ca\\\/de\\\/2019\\\/08\\\/vorstellung-unserer-vier-vikare\\\/#article\",\"isPartOf\":{\"@id\":\"https:\\\/\\\/martinluther.ca\\\/de\\\/2019\\\/08\\\/vorstellung-unserer-vier-vikare\\\/\"},\"author\":{\"name\":\"Marlena Muller\",\"@id\":\"https:\\\/\\\/martinluther.ca\\\/de\\\/#\\\/schema\\\/person\\\/ef4e825f5d9d6fd740bbd7813710e15d\"},\"headline\":\"Vorstellung unserer vier Vikare\",\"datePublished\":\"2019-08-26T23:14:51+00:00\",\"dateModified\":\"2020-06-20T20:19:24+00:00\",\"mainEntityOfPage\":{\"@id\":\"https:\\\/\\\/martinluther.ca\\\/de\\\/2019\\\/08\\\/vorstellung-unserer-vier-vikare\\\/\"},\"wordCount\":1244,\"publisher\":{\"@id\":\"https:\\\/\\\/martinluther.ca\\\/de\\\/#organization\"},\"image\":{\"@id\":\"https:\\\/\\\/martinluther.ca\\\/de\\\/2019\\\/08\\\/vorstellung-unserer-vier-vikare\\\/#primaryimage\"},\"thumbnailUrl\":\"https:\\\/\\\/martinluther.ca\\\/wp-content\\\/uploads\\\/2019\\\/08\\\/team-1493923-1280x960.jpg\",\"articleSection\":[\"News Blog - German\"],\"inLanguage\":\"de\"},{\"@type\":\"WebPage\",\"@id\":\"https:\\\/\\\/martinluther.ca\\\/de\\\/2019\\\/08\\\/vorstellung-unserer-vier-vikare\\\/\",\"url\":\"https:\\\/\\\/martinluther.ca\\\/de\\\/2019\\\/08\\\/vorstellung-unserer-vier-vikare\\\/\",\"name\":\"Vorstellung unserer vier Vikare - Martin Luther Evangelische Kirche Toronto\",\"isPartOf\":{\"@id\":\"https:\\\/\\\/martinluther.ca\\\/de\\\/#website\"},\"primaryImageOfPage\":{\"@id\":\"https:\\\/\\\/martinluther.ca\\\/de\\\/2019\\\/08\\\/vorstellung-unserer-vier-vikare\\\/#primaryimage\"},\"image\":{\"@id\":\"https:\\\/\\\/martinluther.ca\\\/de\\\/2019\\\/08\\\/vorstellung-unserer-vier-vikare\\\/#primaryimage\"},\"thumbnailUrl\":\"https:\\\/\\\/martinluther.ca\\\/wp-content\\\/uploads\\\/2019\\\/08\\\/team-1493923-1280x960.jpg\",\"datePublished\":\"2019-08-26T23:14:51+00:00\",\"dateModified\":\"2020-06-20T20:19:24+00:00\",\"breadcrumb\":{\"@id\":\"https:\\\/\\\/martinluther.ca\\\/de\\\/2019\\\/08\\\/vorstellung-unserer-vier-vikare\\\/#breadcrumb\"},\"inLanguage\":\"de\",\"potentialAction\":[{\"@type\":\"ReadAction\",\"target\":[\"https:\\\/\\\/martinluther.ca\\\/de\\\/2019\\\/08\\\/vorstellung-unserer-vier-vikare\\\/\"]}]},{\"@type\":\"ImageObject\",\"inLanguage\":\"de\",\"@id\":\"https:\\\/\\\/martinluther.ca\\\/de\\\/2019\\\/08\\\/vorstellung-unserer-vier-vikare\\\/#primaryimage\",\"url\":\"https:\\\/\\\/martinluther.ca\\\/wp-content\\\/uploads\\\/2019\\\/08\\\/team-1493923-1280x960.jpg\",\"contentUrl\":\"https:\\\/\\\/martinluther.ca\\\/wp-content\\\/uploads\\\/2019\\\/08\\\/team-1493923-1280x960.jpg\",\"width\":1280,\"height\":960,\"caption\":\"fours hands together\"},{\"@type\":\"BreadcrumbList\",\"@id\":\"https:\\\/\\\/martinluther.ca\\\/de\\\/2019\\\/08\\\/vorstellung-unserer-vier-vikare\\\/#breadcrumb\",\"itemListElement\":[{\"@type\":\"ListItem\",\"position\":1,\"name\":\"Home\",\"item\":\"https:\\\/\\\/martinluther.ca\\\/de\\\/\"},{\"@type\":\"ListItem\",\"position\":2,\"name\":\"Vorstellung unserer vier Vikare\"}]},{\"@type\":\"WebSite\",\"@id\":\"https:\\\/\\\/martinluther.ca\\\/de\\\/#website\",\"url\":\"https:\\\/\\\/martinluther.ca\\\/de\\\/\",\"name\":\"Martin Luther Evangelical Church Toronto\",\"description\":\"Deutsch &amp; Englisch\",\"publisher\":{\"@id\":\"https:\\\/\\\/martinluther.ca\\\/de\\\/#organization\"},\"potentialAction\":[{\"@type\":\"SearchAction\",\"target\":{\"@type\":\"EntryPoint\",\"urlTemplate\":\"https:\\\/\\\/martinluther.ca\\\/de\\\/?s={search_term_string}\"},\"query-input\":{\"@type\":\"PropertyValueSpecification\",\"valueRequired\":true,\"valueName\":\"search_term_string\"}}],\"inLanguage\":\"de\"},{\"@type\":\"Organization\",\"@id\":\"https:\\\/\\\/martinluther.ca\\\/de\\\/#organization\",\"name\":\"Martin Luther Evangelical Church Toronto\",\"url\":\"https:\\\/\\\/martinluther.ca\\\/de\\\/\",\"logo\":{\"@type\":\"ImageObject\",\"inLanguage\":\"de\",\"@id\":\"https:\\\/\\\/martinluther.ca\\\/de\\\/#\\\/schema\\\/logo\\\/image\\\/\",\"url\":\"https:\\\/\\\/martinluther.ca\\\/wp-content\\\/uploads\\\/2016\\\/12\\\/ml-logo-300.png\",\"contentUrl\":\"https:\\\/\\\/martinluther.ca\\\/wp-content\\\/uploads\\\/2016\\\/12\\\/ml-logo-300.png\",\"width\":300,\"height\":150,\"caption\":\"Martin Luther Evangelical Church Toronto\"},\"image\":{\"@id\":\"https:\\\/\\\/martinluther.ca\\\/de\\\/#\\\/schema\\\/logo\\\/image\\\/\"},\"sameAs\":[\"https:\\\/\\\/www.facebook.com\\\/martinlutherchurchtoronto\",\"https:\\\/\\\/www.instagram.com\\\/lutheransbythelake\\\/\",\"https:\\\/\\\/www.youtube.com\\\/MartinLutherChurchToronto\"]},{\"@type\":\"Person\",\"@id\":\"https:\\\/\\\/martinluther.ca\\\/de\\\/#\\\/schema\\\/person\\\/ef4e825f5d9d6fd740bbd7813710e15d\",\"name\":\"Marlena Muller\",\"image\":{\"@type\":\"ImageObject\",\"inLanguage\":\"de\",\"@id\":\"https:\\\/\\\/secure.gravatar.com\\\/avatar\\\/fe840ff753768b839caa2dd522d4797f19f7e22fa2da83388e0fbfc570b65a37?s=96&d=mm&r=g\",\"url\":\"https:\\\/\\\/secure.gravatar.com\\\/avatar\\\/fe840ff753768b839caa2dd522d4797f19f7e22fa2da83388e0fbfc570b65a37?s=96&d=mm&r=g\",\"contentUrl\":\"https:\\\/\\\/secure.gravatar.com\\\/avatar\\\/fe840ff753768b839caa2dd522d4797f19f7e22fa2da83388e0fbfc570b65a37?s=96&d=mm&r=g\",\"caption\":\"Marlena Muller\"},\"url\":false}]}<\/script>\n<!-- \/ Yoast SEO plugin. -->","yoast_head_json":{"title":"Vorstellung unserer vier Vikare - Martin Luther Evangelische Kirche Toronto","robots":{"index":"index","follow":"follow","max-snippet":"max-snippet:-1","max-image-preview":"max-image-preview:large","max-video-preview":"max-video-preview:-1"},"canonical":"https:\/\/martinluther.ca\/de\/2019\/08\/vorstellung-unserer-vier-vikare\/","og_locale":"de_DE","og_type":"article","og_title":"Vorstellung unserer vier Vikare - Martin Luther Evangelische Kirche Toronto","og_description":"Sie sind alle Teil eines \u00f6kumenischen Vikariats-Programms 2019-2020, das wir gemeinsam mit der Redeemer Lutheran Church im Bezirk High Park ausrichten. Mit der gro\u00dfz\u00fcgigen Unterst\u00fctzung der EKD und des Missionskomitees der Eastern Synod werden die beiden Kirchen gemeinsam in der Lage sein, insgesamt vier Vikare einzuladen, die mit uns \u00fcber einen Zeitraum von 18 Monaten&hellip;","og_url":"https:\/\/martinluther.ca\/de\/2019\/08\/vorstellung-unserer-vier-vikare\/","og_site_name":"Martin Luther Evangelische Kirche Toronto","article_publisher":"https:\/\/www.facebook.com\/martinlutherchurchtoronto","article_published_time":"2019-08-26T23:14:51+00:00","article_modified_time":"2020-06-20T20:19:24+00:00","og_image":[{"width":1280,"height":960,"url":"https:\/\/martinluther.ca\/wp-content\/uploads\/2019\/08\/team-1493923-1280x960.jpg","type":"image\/jpeg"}],"author":"Marlena Muller","twitter_card":"summary_large_image","twitter_misc":{"Verfasst von":"Marlena Muller","Gesch\u00e4tzte Lesezeit":"6\u00a0Minuten"},"schema":{"@context":"https:\/\/schema.org","@graph":[{"@type":"Article","@id":"https:\/\/martinluther.ca\/de\/2019\/08\/vorstellung-unserer-vier-vikare\/#article","isPartOf":{"@id":"https:\/\/martinluther.ca\/de\/2019\/08\/vorstellung-unserer-vier-vikare\/"},"author":{"name":"Marlena Muller","@id":"https:\/\/martinluther.ca\/de\/#\/schema\/person\/ef4e825f5d9d6fd740bbd7813710e15d"},"headline":"Vorstellung unserer vier Vikare","datePublished":"2019-08-26T23:14:51+00:00","dateModified":"2020-06-20T20:19:24+00:00","mainEntityOfPage":{"@id":"https:\/\/martinluther.ca\/de\/2019\/08\/vorstellung-unserer-vier-vikare\/"},"wordCount":1244,"publisher":{"@id":"https:\/\/martinluther.ca\/de\/#organization"},"image":{"@id":"https:\/\/martinluther.ca\/de\/2019\/08\/vorstellung-unserer-vier-vikare\/#primaryimage"},"thumbnailUrl":"https:\/\/martinluther.ca\/wp-content\/uploads\/2019\/08\/team-1493923-1280x960.jpg","articleSection":["News Blog - German"],"inLanguage":"de"},{"@type":"WebPage","@id":"https:\/\/martinluther.ca\/de\/2019\/08\/vorstellung-unserer-vier-vikare\/","url":"https:\/\/martinluther.ca\/de\/2019\/08\/vorstellung-unserer-vier-vikare\/","name":"Vorstellung unserer vier Vikare - Martin Luther Evangelische Kirche Toronto","isPartOf":{"@id":"https:\/\/martinluther.ca\/de\/#website"},"primaryImageOfPage":{"@id":"https:\/\/martinluther.ca\/de\/2019\/08\/vorstellung-unserer-vier-vikare\/#primaryimage"},"image":{"@id":"https:\/\/martinluther.ca\/de\/2019\/08\/vorstellung-unserer-vier-vikare\/#primaryimage"},"thumbnailUrl":"https:\/\/martinluther.ca\/wp-content\/uploads\/2019\/08\/team-1493923-1280x960.jpg","datePublished":"2019-08-26T23:14:51+00:00","dateModified":"2020-06-20T20:19:24+00:00","breadcrumb":{"@id":"https:\/\/martinluther.ca\/de\/2019\/08\/vorstellung-unserer-vier-vikare\/#breadcrumb"},"inLanguage":"de","potentialAction":[{"@type":"ReadAction","target":["https:\/\/martinluther.ca\/de\/2019\/08\/vorstellung-unserer-vier-vikare\/"]}]},{"@type":"ImageObject","inLanguage":"de","@id":"https:\/\/martinluther.ca\/de\/2019\/08\/vorstellung-unserer-vier-vikare\/#primaryimage","url":"https:\/\/martinluther.ca\/wp-content\/uploads\/2019\/08\/team-1493923-1280x960.jpg","contentUrl":"https:\/\/martinluther.ca\/wp-content\/uploads\/2019\/08\/team-1493923-1280x960.jpg","width":1280,"height":960,"caption":"fours hands together"},{"@type":"BreadcrumbList","@id":"https:\/\/martinluther.ca\/de\/2019\/08\/vorstellung-unserer-vier-vikare\/#breadcrumb","itemListElement":[{"@type":"ListItem","position":1,"name":"Home","item":"https:\/\/martinluther.ca\/de\/"},{"@type":"ListItem","position":2,"name":"Vorstellung unserer vier Vikare"}]},{"@type":"WebSite","@id":"https:\/\/martinluther.ca\/de\/#website","url":"https:\/\/martinluther.ca\/de\/","name":"Martin Luther Evangelical Church Toronto","description":"Deutsch &amp; Englisch","publisher":{"@id":"https:\/\/martinluther.ca\/de\/#organization"},"potentialAction":[{"@type":"SearchAction","target":{"@type":"EntryPoint","urlTemplate":"https:\/\/martinluther.ca\/de\/?s={search_term_string}"},"query-input":{"@type":"PropertyValueSpecification","valueRequired":true,"valueName":"search_term_string"}}],"inLanguage":"de"},{"@type":"Organization","@id":"https:\/\/martinluther.ca\/de\/#organization","name":"Martin Luther Evangelical Church Toronto","url":"https:\/\/martinluther.ca\/de\/","logo":{"@type":"ImageObject","inLanguage":"de","@id":"https:\/\/martinluther.ca\/de\/#\/schema\/logo\/image\/","url":"https:\/\/martinluther.ca\/wp-content\/uploads\/2016\/12\/ml-logo-300.png","contentUrl":"https:\/\/martinluther.ca\/wp-content\/uploads\/2016\/12\/ml-logo-300.png","width":300,"height":150,"caption":"Martin Luther Evangelical Church Toronto"},"image":{"@id":"https:\/\/martinluther.ca\/de\/#\/schema\/logo\/image\/"},"sameAs":["https:\/\/www.facebook.com\/martinlutherchurchtoronto","https:\/\/www.instagram.com\/lutheransbythelake\/","https:\/\/www.youtube.com\/MartinLutherChurchToronto"]},{"@type":"Person","@id":"https:\/\/martinluther.ca\/de\/#\/schema\/person\/ef4e825f5d9d6fd740bbd7813710e15d","name":"Marlena Muller","image":{"@type":"ImageObject","inLanguage":"de","@id":"https:\/\/secure.gravatar.com\/avatar\/fe840ff753768b839caa2dd522d4797f19f7e22fa2da83388e0fbfc570b65a37?s=96&d=mm&r=g","url":"https:\/\/secure.gravatar.com\/avatar\/fe840ff753768b839caa2dd522d4797f19f7e22fa2da83388e0fbfc570b65a37?s=96&d=mm&r=g","contentUrl":"https:\/\/secure.gravatar.com\/avatar\/fe840ff753768b839caa2dd522d4797f19f7e22fa2da83388e0fbfc570b65a37?s=96&d=mm&r=g","caption":"Marlena Muller"},"url":false}]}},"_links":{"self":[{"href":"https:\/\/martinluther.ca\/de\/wp-json\/wp\/v2\/posts\/31742","targetHints":{"allow":["GET"]}}],"collection":[{"href":"https:\/\/martinluther.ca\/de\/wp-json\/wp\/v2\/posts"}],"about":[{"href":"https:\/\/martinluther.ca\/de\/wp-json\/wp\/v2\/types\/post"}],"author":[{"embeddable":true,"href":"https:\/\/martinluther.ca\/de\/wp-json\/wp\/v2\/users\/8"}],"replies":[{"embeddable":true,"href":"https:\/\/martinluther.ca\/de\/wp-json\/wp\/v2\/comments?post=31742"}],"version-history":[{"count":8,"href":"https:\/\/martinluther.ca\/de\/wp-json\/wp\/v2\/posts\/31742\/revisions"}],"predecessor-version":[{"id":35178,"href":"https:\/\/martinluther.ca\/de\/wp-json\/wp\/v2\/posts\/31742\/revisions\/35178"}],"wp:featuredmedia":[{"embeddable":true,"href":"https:\/\/martinluther.ca\/de\/wp-json\/wp\/v2\/media\/31740"}],"wp:attachment":[{"href":"https:\/\/martinluther.ca\/de\/wp-json\/wp\/v2\/media?parent=31742"}],"wp:term":[{"taxonomy":"category","embeddable":true,"href":"https:\/\/martinluther.ca\/de\/wp-json\/wp\/v2\/categories?post=31742"},{"taxonomy":"post_tag","embeddable":true,"href":"https:\/\/martinluther.ca\/de\/wp-json\/wp\/v2\/tags?post=31742"},{"taxonomy":"post_series","embeddable":true,"href":"https:\/\/martinluther.ca\/de\/wp-json\/wp\/v2\/post_series?post=31742"}],"curies":[{"name":"wp","href":"https:\/\/api.w.org\/{rel}","templated":true}]}}