{"id":31799,"date":"2019-09-04T11:35:53","date_gmt":"2019-09-04T15:35:53","guid":{"rendered":"https:\/\/martinluther.ca\/?p=31799"},"modified":"2019-10-20T19:21:33","modified_gmt":"2019-10-20T23:21:33","slug":"neuer-konfirmandenkurs-fuer-jugendliche-beginnt","status":"publish","type":"post","link":"https:\/\/martinluther.ca\/de\/2019\/09\/neuer-konfirmandenkurs-fuer-jugendliche-beginnt\/","title":{"rendered":"Neuer Konfirmandenkurs f\u00fcr Jugendliche beginnt"},"content":{"rendered":"<figure id=\"attachment_30336\" aria-describedby=\"caption-attachment-30336\" style=\"width: 300px\" class=\"wp-caption alignright\"><img loading=\"lazy\" decoding=\"async\" class=\"size-medium wp-image-30336\" src=\"https:\/\/martinluther.ca\/wp-content\/uploads\/2016\/04\/Confirmands-Retreat-300x225.jpg\" alt=\"Confirmand's Retreat\" width=\"300\" height=\"225\" srcset=\"https:\/\/martinluther.ca\/wp-content\/uploads\/2016\/04\/Confirmands-Retreat-300x225.jpg 300w, https:\/\/martinluther.ca\/wp-content\/uploads\/2016\/04\/Confirmands-Retreat.jpg 1024w\" sizes=\"auto, (max-width: 300px) 100vw, 300px\" \/><figcaption id=\"caption-attachment-30336\" class=\"wp-caption-text\">Confirmand&#8217;s Retreat<\/figcaption><\/figure>\n<p>Es ist noch m\u00f6glich Ihr Kind noch anzumelden!<\/p>\n<p><strong> Kurstermine<\/strong>: Konfirmationskurs von Samstag, 26. Oktober, bis Sonntag, 27. Oktober, 2-10 in der Kirche und <strong>Wochenendfreizeit<\/strong> von Freitag, 22. November, bis Sonntag, 24. November, 2019. Beide zusammen mit der Jugendgruppe.<\/p>\n<p>Weitere Informationen finden Sie auf unserer Website &#8222;<a href=\"https:\/\/martinluther.ca\/de\/programme-und-dienste\/konfirmation\/\">Konfirmation<\/a>&#8222;.<\/p>\n<p>Der Kurs dauert ein Jahr und endet mit der Konfirmation an Pfingsten 2020. Gedacht ist der Kurs f\u00fcr Jugendliche, die nach den Sommerferien die siebte Klasse besuchen oder zwischen 12 und 15 Jahre alt sind (Ausnahmen sind nach R\u00fccksprache m\u00f6glich). Der Unterricht findet je nach Sprachkenntnis der Teilnehmenden auf Deutsch und Englisch statt.<\/p>\n<p>Die Konfirmand*innen treffen sich einmal im Monat in der Martin Luther Kirche von Samstagnachmittag bis Sonntagmittag. Au\u00dferdem finden zwei dreit\u00e4gige Wochenendfreizeiten statt; eine im Herbst und eine im Winter.<\/p>\n<p>Unsere neuen Konfirmanden wurden herzlich am <strong>29. September 2019 um 11.00 Uhr<\/strong> im Gottesdienst begr\u00fc\u00dft.<\/p>\n<p><strong>Anmeldung<\/strong><\/p>\n<p>Melden Sie sich bitte bei Pastor Christian Ceconi, <a href=\"mailto:pastor@martinluther.ca\" target=\"_blank\" rel=\"noopener noreferrer\">pastor@martinluther.ca<\/a>, 416-567-2487, oder Marlena im B\u00fcro.<\/p>\n<p><strong>Noch nicht getauft?<\/strong><\/p>\n<p>Kein Problem. Um am Konfirmandenkurs teilzunehmen, muss man nicht getauft sein. Komm einfach und sieh, ob Glaube Dein Ding ist. Wenn Du Dich entscheidest Deinen Weg mit Gott zu gehen, dann f\u00fchrt der Weg \u00fcber die Taufe w\u00e4hrend der Konfirmandenzeit zur Konfirmation.<\/p>\n<p>Konfirmation ist nicht nur eine Schritt zum Erwachsenwerden in der Kirche und im Leben. Konfirmation ist vor allem eine Bekr\u00e4ftigung und ein deutliches Ja zur eigenen Taufe.<\/p>\n<p>Bevor man &#8222;Ja&#8220; sagen kann, muss man sich informieren.<\/p>\n<p><strong>Jugendgruppe<\/strong><\/p>\n<p>Danach k\u00f6nnen Sie sich gerne der Jugendgruppe anschlie\u00dfen. Treffen finden normalerweise an den Wochenenden der Konfirmanden statt. Kontakt: <a href=\"mailto:youthgroup@martinluther.ca\" target=\"_blank\" rel=\"noopener noreferrer\">youthgroup@martinluther.ca<\/a><\/p>\n<p><img loading=\"lazy\" decoding=\"async\" class=\"alignleft size-full wp-image-30914\" src=\"https:\/\/martinluther.ca\/wp-content\/uploads\/2018\/05\/2018-Pentecost-04-1200.jpg\" alt=\"\" width=\"1200\" height=\"900\" srcset=\"https:\/\/martinluther.ca\/wp-content\/uploads\/2018\/05\/2018-Pentecost-04-1200.jpg 1200w, https:\/\/martinluther.ca\/wp-content\/uploads\/2018\/05\/2018-Pentecost-04-1200-300x225.jpg 300w, https:\/\/martinluther.ca\/wp-content\/uploads\/2018\/05\/2018-Pentecost-04-1200-768x576.jpg 768w, https:\/\/martinluther.ca\/wp-content\/uploads\/2018\/05\/2018-Pentecost-04-1200-1024x768.jpg 1024w\" sizes=\"auto, (max-width: 1200px) 100vw, 1200px\" \/><\/p>\n","protected":false},"excerpt":{"rendered":"<p>Es ist noch m\u00f6glich Ihr Kind noch anzumelden! Kurstermine: Konfirmationskurs von Samstag, 26. Oktober, bis Sonntag, 27. Oktober, 2-10 in der Kirche und Wochenendfreizeit von Freitag, 22. November, bis Sonntag, 24. November, 2019. Beide zusammen mit der Jugendgruppe. Weitere Informationen finden Sie auf unserer Website &#8222;Konfirmation&#8222;. Der Kurs dauert ein Jahr und endet mit der&hellip;<\/p>\n","protected":false},"author":9,"featured_media":30336,"comment_status":"closed","ping_status":"closed","sticky":false,"template":"","format":"standard","meta":{"footnotes":""},"categories":[69],"tags":[],"post_series":[],"class_list":["post-31799","post","type-post","status-publish","format-standard","has-post-thumbnail","hentry","category-news-blog-german","entry","has-media"],"yoast_head":"<!-- This site is optimized with the Yoast SEO plugin v27.5 - https:\/\/yoast.com\/product\/yoast-seo-wordpress\/ -->\n<title>Neuer Konfirmandenkurs f\u00fcr Jugendliche beginnt - Martin Luther Evangelische Kirche Toronto<\/title>\n<meta name=\"robots\" content=\"index, follow, max-snippet:-1, max-image-preview:large, max-video-preview:-1\" \/>\n<link rel=\"canonical\" href=\"https:\/\/martinluther.ca\/de\/2019\/09\/neuer-konfirmandenkurs-fuer-jugendliche-beginnt\/\" \/>\n<meta property=\"og:locale\" content=\"de_DE\" \/>\n<meta property=\"og:type\" content=\"article\" \/>\n<meta property=\"og:title\" content=\"Neuer Konfirmandenkurs f\u00fcr Jugendliche beginnt - Martin Luther Evangelische Kirche Toronto\" \/>\n<meta property=\"og:description\" content=\"Es ist noch m\u00f6glich Ihr Kind noch anzumelden! Kurstermine: Konfirmationskurs von Samstag, 26. Oktober, bis Sonntag, 27. Oktober, 2-10 in der Kirche und Wochenendfreizeit von Freitag, 22. November, bis Sonntag, 24. November, 2019. Beide zusammen mit der Jugendgruppe. Weitere Informationen finden Sie auf unserer Website &#8222;Konfirmation&#8222;. Der Kurs dauert ein Jahr und endet mit der&hellip;\" \/>\n<meta property=\"og:url\" content=\"https:\/\/martinluther.ca\/de\/2019\/09\/neuer-konfirmandenkurs-fuer-jugendliche-beginnt\/\" \/>\n<meta property=\"og:site_name\" content=\"Martin Luther Evangelische Kirche Toronto\" \/>\n<meta property=\"article:publisher\" content=\"https:\/\/www.facebook.com\/martinlutherchurchtoronto\" \/>\n<meta property=\"article:published_time\" content=\"2019-09-04T15:35:53+00:00\" \/>\n<meta property=\"article:modified_time\" content=\"2019-10-20T23:21:33+00:00\" \/>\n<meta property=\"og:image\" content=\"https:\/\/martinluther.ca\/wp-content\/uploads\/2016\/04\/Confirmands-Retreat.jpg\" \/>\n\t<meta property=\"og:image:width\" content=\"1024\" \/>\n\t<meta property=\"og:image:height\" content=\"768\" \/>\n\t<meta property=\"og:image:type\" content=\"image\/jpeg\" \/>\n<meta name=\"author\" content=\"Mona Kakoschke Frantzke\" \/>\n<meta name=\"twitter:card\" content=\"summary_large_image\" \/>\n<meta name=\"twitter:label1\" content=\"Verfasst von\" \/>\n\t<meta name=\"twitter:data1\" content=\"Mona Kakoschke Frantzke\" \/>\n\t<meta name=\"twitter:label2\" content=\"Gesch\u00e4tzte Lesezeit\" \/>\n\t<meta name=\"twitter:data2\" content=\"1\u00a0Minute\" \/>\n<script type=\"application\/ld+json\" class=\"yoast-schema-graph\">{\"@context\":\"https:\\\/\\\/schema.org\",\"@graph\":[{\"@type\":\"Article\",\"@id\":\"https:\\\/\\\/martinluther.ca\\\/de\\\/2019\\\/09\\\/neuer-konfirmandenkurs-fuer-jugendliche-beginnt\\\/#article\",\"isPartOf\":{\"@id\":\"https:\\\/\\\/martinluther.ca\\\/de\\\/2019\\\/09\\\/neuer-konfirmandenkurs-fuer-jugendliche-beginnt\\\/\"},\"author\":{\"name\":\"Mona Kakoschke Frantzke\",\"@id\":\"https:\\\/\\\/martinluther.ca\\\/de\\\/#\\\/schema\\\/person\\\/815c51710f70b050f0476f18da6b0c8f\"},\"headline\":\"Neuer Konfirmandenkurs f\u00fcr Jugendliche beginnt\",\"datePublished\":\"2019-09-04T15:35:53+00:00\",\"dateModified\":\"2019-10-20T23:21:33+00:00\",\"mainEntityOfPage\":{\"@id\":\"https:\\\/\\\/martinluther.ca\\\/de\\\/2019\\\/09\\\/neuer-konfirmandenkurs-fuer-jugendliche-beginnt\\\/\"},\"wordCount\":283,\"publisher\":{\"@id\":\"https:\\\/\\\/martinluther.ca\\\/de\\\/#organization\"},\"image\":{\"@id\":\"https:\\\/\\\/martinluther.ca\\\/de\\\/2019\\\/09\\\/neuer-konfirmandenkurs-fuer-jugendliche-beginnt\\\/#primaryimage\"},\"thumbnailUrl\":\"https:\\\/\\\/martinluther.ca\\\/wp-content\\\/uploads\\\/2016\\\/04\\\/Confirmands-Retreat.jpg\",\"articleSection\":[\"News Blog - German\"],\"inLanguage\":\"de\"},{\"@type\":\"WebPage\",\"@id\":\"https:\\\/\\\/martinluther.ca\\\/de\\\/2019\\\/09\\\/neuer-konfirmandenkurs-fuer-jugendliche-beginnt\\\/\",\"url\":\"https:\\\/\\\/martinluther.ca\\\/de\\\/2019\\\/09\\\/neuer-konfirmandenkurs-fuer-jugendliche-beginnt\\\/\",\"name\":\"Neuer Konfirmandenkurs f\u00fcr Jugendliche beginnt - Martin Luther Evangelische Kirche Toronto\",\"isPartOf\":{\"@id\":\"https:\\\/\\\/martinluther.ca\\\/de\\\/#website\"},\"primaryImageOfPage\":{\"@id\":\"https:\\\/\\\/martinluther.ca\\\/de\\\/2019\\\/09\\\/neuer-konfirmandenkurs-fuer-jugendliche-beginnt\\\/#primaryimage\"},\"image\":{\"@id\":\"https:\\\/\\\/martinluther.ca\\\/de\\\/2019\\\/09\\\/neuer-konfirmandenkurs-fuer-jugendliche-beginnt\\\/#primaryimage\"},\"thumbnailUrl\":\"https:\\\/\\\/martinluther.ca\\\/wp-content\\\/uploads\\\/2016\\\/04\\\/Confirmands-Retreat.jpg\",\"datePublished\":\"2019-09-04T15:35:53+00:00\",\"dateModified\":\"2019-10-20T23:21:33+00:00\",\"breadcrumb\":{\"@id\":\"https:\\\/\\\/martinluther.ca\\\/de\\\/2019\\\/09\\\/neuer-konfirmandenkurs-fuer-jugendliche-beginnt\\\/#breadcrumb\"},\"inLanguage\":\"de\",\"potentialAction\":[{\"@type\":\"ReadAction\",\"target\":[\"https:\\\/\\\/martinluther.ca\\\/de\\\/2019\\\/09\\\/neuer-konfirmandenkurs-fuer-jugendliche-beginnt\\\/\"]}]},{\"@type\":\"ImageObject\",\"inLanguage\":\"de\",\"@id\":\"https:\\\/\\\/martinluther.ca\\\/de\\\/2019\\\/09\\\/neuer-konfirmandenkurs-fuer-jugendliche-beginnt\\\/#primaryimage\",\"url\":\"https:\\\/\\\/martinluther.ca\\\/wp-content\\\/uploads\\\/2016\\\/04\\\/Confirmands-Retreat.jpg\",\"contentUrl\":\"https:\\\/\\\/martinluther.ca\\\/wp-content\\\/uploads\\\/2016\\\/04\\\/Confirmands-Retreat.jpg\",\"width\":1024,\"height\":768,\"caption\":\"Confirmand's Retreat\"},{\"@type\":\"BreadcrumbList\",\"@id\":\"https:\\\/\\\/martinluther.ca\\\/de\\\/2019\\\/09\\\/neuer-konfirmandenkurs-fuer-jugendliche-beginnt\\\/#breadcrumb\",\"itemListElement\":[{\"@type\":\"ListItem\",\"position\":1,\"name\":\"Home\",\"item\":\"https:\\\/\\\/martinluther.ca\\\/de\\\/\"},{\"@type\":\"ListItem\",\"position\":2,\"name\":\"Neuer Konfirmandenkurs f\u00fcr Jugendliche beginnt\"}]},{\"@type\":\"WebSite\",\"@id\":\"https:\\\/\\\/martinluther.ca\\\/de\\\/#website\",\"url\":\"https:\\\/\\\/martinluther.ca\\\/de\\\/\",\"name\":\"Martin Luther Evangelical Church Toronto\",\"description\":\"Deutsch &amp; Englisch\",\"publisher\":{\"@id\":\"https:\\\/\\\/martinluther.ca\\\/de\\\/#organization\"},\"potentialAction\":[{\"@type\":\"SearchAction\",\"target\":{\"@type\":\"EntryPoint\",\"urlTemplate\":\"https:\\\/\\\/martinluther.ca\\\/de\\\/?s={search_term_string}\"},\"query-input\":{\"@type\":\"PropertyValueSpecification\",\"valueRequired\":true,\"valueName\":\"search_term_string\"}}],\"inLanguage\":\"de\"},{\"@type\":\"Organization\",\"@id\":\"https:\\\/\\\/martinluther.ca\\\/de\\\/#organization\",\"name\":\"Martin Luther Evangelical Church Toronto\",\"url\":\"https:\\\/\\\/martinluther.ca\\\/de\\\/\",\"logo\":{\"@type\":\"ImageObject\",\"inLanguage\":\"de\",\"@id\":\"https:\\\/\\\/martinluther.ca\\\/de\\\/#\\\/schema\\\/logo\\\/image\\\/\",\"url\":\"https:\\\/\\\/martinluther.ca\\\/wp-content\\\/uploads\\\/2016\\\/12\\\/ml-logo-300.png\",\"contentUrl\":\"https:\\\/\\\/martinluther.ca\\\/wp-content\\\/uploads\\\/2016\\\/12\\\/ml-logo-300.png\",\"width\":300,\"height\":150,\"caption\":\"Martin Luther Evangelical Church Toronto\"},\"image\":{\"@id\":\"https:\\\/\\\/martinluther.ca\\\/de\\\/#\\\/schema\\\/logo\\\/image\\\/\"},\"sameAs\":[\"https:\\\/\\\/www.facebook.com\\\/martinlutherchurchtoronto\",\"https:\\\/\\\/www.instagram.com\\\/lutheransbythelake\\\/\",\"https:\\\/\\\/www.youtube.com\\\/MartinLutherChurchToronto\"]},{\"@type\":\"Person\",\"@id\":\"https:\\\/\\\/martinluther.ca\\\/de\\\/#\\\/schema\\\/person\\\/815c51710f70b050f0476f18da6b0c8f\",\"name\":\"Mona Kakoschke Frantzke\",\"image\":{\"@type\":\"ImageObject\",\"inLanguage\":\"de\",\"@id\":\"https:\\\/\\\/secure.gravatar.com\\\/avatar\\\/0deb16854ca545cd2e9fc8001ca110d262b80d5c8317b38dc542265fbea0ed19?s=96&d=mm&r=g\",\"url\":\"https:\\\/\\\/secure.gravatar.com\\\/avatar\\\/0deb16854ca545cd2e9fc8001ca110d262b80d5c8317b38dc542265fbea0ed19?s=96&d=mm&r=g\",\"contentUrl\":\"https:\\\/\\\/secure.gravatar.com\\\/avatar\\\/0deb16854ca545cd2e9fc8001ca110d262b80d5c8317b38dc542265fbea0ed19?s=96&d=mm&r=g\",\"caption\":\"Mona Kakoschke Frantzke\"},\"url\":false}]}<\/script>\n<!-- \/ Yoast SEO plugin. -->","yoast_head_json":{"title":"Neuer Konfirmandenkurs f\u00fcr Jugendliche beginnt - Martin Luther Evangelische Kirche Toronto","robots":{"index":"index","follow":"follow","max-snippet":"max-snippet:-1","max-image-preview":"max-image-preview:large","max-video-preview":"max-video-preview:-1"},"canonical":"https:\/\/martinluther.ca\/de\/2019\/09\/neuer-konfirmandenkurs-fuer-jugendliche-beginnt\/","og_locale":"de_DE","og_type":"article","og_title":"Neuer Konfirmandenkurs f\u00fcr Jugendliche beginnt - Martin Luther Evangelische Kirche Toronto","og_description":"Es ist noch m\u00f6glich Ihr Kind noch anzumelden! Kurstermine: Konfirmationskurs von Samstag, 26. Oktober, bis Sonntag, 27. Oktober, 2-10 in der Kirche und Wochenendfreizeit von Freitag, 22. November, bis Sonntag, 24. November, 2019. Beide zusammen mit der Jugendgruppe. Weitere Informationen finden Sie auf unserer Website &#8222;Konfirmation&#8222;. Der Kurs dauert ein Jahr und endet mit der&hellip;","og_url":"https:\/\/martinluther.ca\/de\/2019\/09\/neuer-konfirmandenkurs-fuer-jugendliche-beginnt\/","og_site_name":"Martin Luther Evangelische Kirche Toronto","article_publisher":"https:\/\/www.facebook.com\/martinlutherchurchtoronto","article_published_time":"2019-09-04T15:35:53+00:00","article_modified_time":"2019-10-20T23:21:33+00:00","og_image":[{"width":1024,"height":768,"url":"https:\/\/martinluther.ca\/wp-content\/uploads\/2016\/04\/Confirmands-Retreat.jpg","type":"image\/jpeg"}],"author":"Mona Kakoschke Frantzke","twitter_card":"summary_large_image","twitter_misc":{"Verfasst von":"Mona Kakoschke Frantzke","Gesch\u00e4tzte Lesezeit":"1\u00a0Minute"},"schema":{"@context":"https:\/\/schema.org","@graph":[{"@type":"Article","@id":"https:\/\/martinluther.ca\/de\/2019\/09\/neuer-konfirmandenkurs-fuer-jugendliche-beginnt\/#article","isPartOf":{"@id":"https:\/\/martinluther.ca\/de\/2019\/09\/neuer-konfirmandenkurs-fuer-jugendliche-beginnt\/"},"author":{"name":"Mona Kakoschke Frantzke","@id":"https:\/\/martinluther.ca\/de\/#\/schema\/person\/815c51710f70b050f0476f18da6b0c8f"},"headline":"Neuer Konfirmandenkurs f\u00fcr Jugendliche beginnt","datePublished":"2019-09-04T15:35:53+00:00","dateModified":"2019-10-20T23:21:33+00:00","mainEntityOfPage":{"@id":"https:\/\/martinluther.ca\/de\/2019\/09\/neuer-konfirmandenkurs-fuer-jugendliche-beginnt\/"},"wordCount":283,"publisher":{"@id":"https:\/\/martinluther.ca\/de\/#organization"},"image":{"@id":"https:\/\/martinluther.ca\/de\/2019\/09\/neuer-konfirmandenkurs-fuer-jugendliche-beginnt\/#primaryimage"},"thumbnailUrl":"https:\/\/martinluther.ca\/wp-content\/uploads\/2016\/04\/Confirmands-Retreat.jpg","articleSection":["News Blog - German"],"inLanguage":"de"},{"@type":"WebPage","@id":"https:\/\/martinluther.ca\/de\/2019\/09\/neuer-konfirmandenkurs-fuer-jugendliche-beginnt\/","url":"https:\/\/martinluther.ca\/de\/2019\/09\/neuer-konfirmandenkurs-fuer-jugendliche-beginnt\/","name":"Neuer Konfirmandenkurs f\u00fcr Jugendliche beginnt - Martin Luther Evangelische Kirche Toronto","isPartOf":{"@id":"https:\/\/martinluther.ca\/de\/#website"},"primaryImageOfPage":{"@id":"https:\/\/martinluther.ca\/de\/2019\/09\/neuer-konfirmandenkurs-fuer-jugendliche-beginnt\/#primaryimage"},"image":{"@id":"https:\/\/martinluther.ca\/de\/2019\/09\/neuer-konfirmandenkurs-fuer-jugendliche-beginnt\/#primaryimage"},"thumbnailUrl":"https:\/\/martinluther.ca\/wp-content\/uploads\/2016\/04\/Confirmands-Retreat.jpg","datePublished":"2019-09-04T15:35:53+00:00","dateModified":"2019-10-20T23:21:33+00:00","breadcrumb":{"@id":"https:\/\/martinluther.ca\/de\/2019\/09\/neuer-konfirmandenkurs-fuer-jugendliche-beginnt\/#breadcrumb"},"inLanguage":"de","potentialAction":[{"@type":"ReadAction","target":["https:\/\/martinluther.ca\/de\/2019\/09\/neuer-konfirmandenkurs-fuer-jugendliche-beginnt\/"]}]},{"@type":"ImageObject","inLanguage":"de","@id":"https:\/\/martinluther.ca\/de\/2019\/09\/neuer-konfirmandenkurs-fuer-jugendliche-beginnt\/#primaryimage","url":"https:\/\/martinluther.ca\/wp-content\/uploads\/2016\/04\/Confirmands-Retreat.jpg","contentUrl":"https:\/\/martinluther.ca\/wp-content\/uploads\/2016\/04\/Confirmands-Retreat.jpg","width":1024,"height":768,"caption":"Confirmand's Retreat"},{"@type":"BreadcrumbList","@id":"https:\/\/martinluther.ca\/de\/2019\/09\/neuer-konfirmandenkurs-fuer-jugendliche-beginnt\/#breadcrumb","itemListElement":[{"@type":"ListItem","position":1,"name":"Home","item":"https:\/\/martinluther.ca\/de\/"},{"@type":"ListItem","position":2,"name":"Neuer Konfirmandenkurs f\u00fcr Jugendliche beginnt"}]},{"@type":"WebSite","@id":"https:\/\/martinluther.ca\/de\/#website","url":"https:\/\/martinluther.ca\/de\/","name":"Martin Luther Evangelical Church Toronto","description":"Deutsch &amp; Englisch","publisher":{"@id":"https:\/\/martinluther.ca\/de\/#organization"},"potentialAction":[{"@type":"SearchAction","target":{"@type":"EntryPoint","urlTemplate":"https:\/\/martinluther.ca\/de\/?s={search_term_string}"},"query-input":{"@type":"PropertyValueSpecification","valueRequired":true,"valueName":"search_term_string"}}],"inLanguage":"de"},{"@type":"Organization","@id":"https:\/\/martinluther.ca\/de\/#organization","name":"Martin Luther Evangelical Church Toronto","url":"https:\/\/martinluther.ca\/de\/","logo":{"@type":"ImageObject","inLanguage":"de","@id":"https:\/\/martinluther.ca\/de\/#\/schema\/logo\/image\/","url":"https:\/\/martinluther.ca\/wp-content\/uploads\/2016\/12\/ml-logo-300.png","contentUrl":"https:\/\/martinluther.ca\/wp-content\/uploads\/2016\/12\/ml-logo-300.png","width":300,"height":150,"caption":"Martin Luther Evangelical Church Toronto"},"image":{"@id":"https:\/\/martinluther.ca\/de\/#\/schema\/logo\/image\/"},"sameAs":["https:\/\/www.facebook.com\/martinlutherchurchtoronto","https:\/\/www.instagram.com\/lutheransbythelake\/","https:\/\/www.youtube.com\/MartinLutherChurchToronto"]},{"@type":"Person","@id":"https:\/\/martinluther.ca\/de\/#\/schema\/person\/815c51710f70b050f0476f18da6b0c8f","name":"Mona Kakoschke Frantzke","image":{"@type":"ImageObject","inLanguage":"de","@id":"https:\/\/secure.gravatar.com\/avatar\/0deb16854ca545cd2e9fc8001ca110d262b80d5c8317b38dc542265fbea0ed19?s=96&d=mm&r=g","url":"https:\/\/secure.gravatar.com\/avatar\/0deb16854ca545cd2e9fc8001ca110d262b80d5c8317b38dc542265fbea0ed19?s=96&d=mm&r=g","contentUrl":"https:\/\/secure.gravatar.com\/avatar\/0deb16854ca545cd2e9fc8001ca110d262b80d5c8317b38dc542265fbea0ed19?s=96&d=mm&r=g","caption":"Mona Kakoschke Frantzke"},"url":false}]}},"_links":{"self":[{"href":"https:\/\/martinluther.ca\/de\/wp-json\/wp\/v2\/posts\/31799","targetHints":{"allow":["GET"]}}],"collection":[{"href":"https:\/\/martinluther.ca\/de\/wp-json\/wp\/v2\/posts"}],"about":[{"href":"https:\/\/martinluther.ca\/de\/wp-json\/wp\/v2\/types\/post"}],"author":[{"embeddable":true,"href":"https:\/\/martinluther.ca\/de\/wp-json\/wp\/v2\/users\/9"}],"replies":[{"embeddable":true,"href":"https:\/\/martinluther.ca\/de\/wp-json\/wp\/v2\/comments?post=31799"}],"version-history":[{"count":7,"href":"https:\/\/martinluther.ca\/de\/wp-json\/wp\/v2\/posts\/31799\/revisions"}],"predecessor-version":[{"id":32267,"href":"https:\/\/martinluther.ca\/de\/wp-json\/wp\/v2\/posts\/31799\/revisions\/32267"}],"wp:featuredmedia":[{"embeddable":true,"href":"https:\/\/martinluther.ca\/de\/wp-json\/wp\/v2\/media\/30336"}],"wp:attachment":[{"href":"https:\/\/martinluther.ca\/de\/wp-json\/wp\/v2\/media?parent=31799"}],"wp:term":[{"taxonomy":"category","embeddable":true,"href":"https:\/\/martinluther.ca\/de\/wp-json\/wp\/v2\/categories?post=31799"},{"taxonomy":"post_tag","embeddable":true,"href":"https:\/\/martinluther.ca\/de\/wp-json\/wp\/v2\/tags?post=31799"},{"taxonomy":"post_series","embeddable":true,"href":"https:\/\/martinluther.ca\/de\/wp-json\/wp\/v2\/post_series?post=31799"}],"curies":[{"name":"wp","href":"https:\/\/api.w.org\/{rel}","templated":true}]}}