{"id":31818,"date":"2019-09-12T17:04:28","date_gmt":"2019-09-12T21:04:28","guid":{"rendered":"https:\/\/martinluther.ca\/?p=31818"},"modified":"2019-09-14T10:15:54","modified_gmt":"2019-09-14T14:15:54","slug":"spezieller-fluechtlings-gottesdienst-am-sonntag-15-september-1030-uhr","status":"publish","type":"post","link":"https:\/\/martinluther.ca\/de\/2019\/09\/spezieller-fluechtlings-gottesdienst-am-sonntag-15-september-1030-uhr\/","title":{"rendered":"Spezieller Fl\u00fcchtlings-Gottesdienst am Sonntag, 15. September, 10:30 Uhr"},"content":{"rendered":"<p><img loading=\"lazy\" decoding=\"async\" class=\"alignright size-medium wp-image-31827\" src=\"https:\/\/martinluther.ca\/wp-content\/uploads\/2019\/09\/2019-Refugee-ForcedToFlee-poster-300x300.jpg\" alt=\"\" width=\"300\" height=\"300\" srcset=\"https:\/\/martinluther.ca\/wp-content\/uploads\/2019\/09\/2019-Refugee-ForcedToFlee-poster-300x300.jpg 300w, https:\/\/martinluther.ca\/wp-content\/uploads\/2019\/09\/2019-Refugee-ForcedToFlee-poster-150x150.jpg 150w, https:\/\/martinluther.ca\/wp-content\/uploads\/2019\/09\/2019-Refugee-ForcedToFlee-poster-125x125.jpg 125w, https:\/\/martinluther.ca\/wp-content\/uploads\/2019\/09\/2019-Refugee-ForcedToFlee-poster.jpg 500w\" sizes=\"auto, (max-width: 300px) 100vw, 300px\" \/><strong>IHR SEID EINGELADEN&#8230;<\/strong><\/p>\n<p><strong>An:<\/strong> Ein spezieller Fl\u00fcchtlings-Gottesdienst mit Heiligen Abendmahl<\/p>\n<p><strong>Wann:<\/strong> Sonntag, 15. September, 10:30 Uhr (Sonderzeit beachten).<\/p>\n<p><strong>Warum:<\/strong> Um ein besseres Verst\u00e4ndnis der \u00fcber 70 Millionen Menschen zu erreichen, die auf der ganzen Welt vertrieben wurden.<\/p>\n<p><strong>Mit:<\/strong> unseren Freunden von der Christ Church Saint James Anglican und der Exekutivdirektorin von Canadian Lutheran World Relief, Rev. Dr. Karin Achtelstetter<\/p>\n<p><strong>Weiter:<\/strong> ein k\u00f6stliches Potluck-Mittagessen mit Suppe und Sandwiches um 11:45 Uhr.<\/p>\n<p><strong>Erfahren Sie:<\/strong> Wie hilft man dem Fl\u00fcchtling, der in der lutherischen Erfahrung verankert ist?<br \/>\nFragen Sie: Wie hilft die <strong>Canadian Lutheran World Relief<\/strong> t\u00e4glich 2 Millionen Fl\u00fcchtlingen auf der ganzen Welt?<\/p>\n<p>Schlie\u00dflich eine I<strong>nteraktive Simulation FORCED TO FLEE<\/strong> um 13:00 Uhr, die <a href=\"https:\/\/foodgrainsbank.ca\/product\/forced-to-flee-a-simulation-on-decision-making-during-conflict-and-migration\/\" target=\"_blank\" rel=\"noopener noreferrer\">von der <strong>Canadian Foodgrains Bank<\/strong> entworfen wurde<\/a>.<br \/>\nIn kleinen, komfortablen Gruppen werden Sie gebeten, die folgenden Szenarien zu ber\u00fccksichtigen:<br \/>\nEine schlimme D\u00fcrre. Proteste. Eine gewaltsame Reaktion der Regierung. Innerhalb weniger Tage ist Ihre friedliche Gemeinschaft zu einer Konfliktzone geworden. Schl\u00fcpfen Sie in die Rolle eines Menschen, der durch Konflikte aus seiner Heimat vertrieben wurde. Wenn Sie mit einer Gruppe zusammenarbeiten, die Ihre Familie vertritt, m\u00fcssen Sie schwierige Entscheidungen treffen, um eine sichere Zukunft zu sichern.<br \/>\nWAS WIRST DU MACHEN? Beachten Sie, dass diese Aktivit\u00e4t besonders jungen Menschen empfohlen wird, die verstehen m\u00f6chten, wie es ist, gewaltsam vertrieben zu werden.<\/p>\n<p>Wir hoffen, dass Sie sich uns f\u00fcr diesen besonderen Service, Potluck-Men\u00fc und interaktive Aktivit\u00e4t anschlie\u00dfen k\u00f6nnen.<\/p>\n<p>Mit freundlichen Gr\u00fc\u00dfen,<\/p>\n<p>Pastoren Christian Ceconi und David Smith und Mitglieder des Martin Luther Church Refugee Support Team<\/p>\n<p>Kontakt: Bitte melden Sie sich im B\u00fcro, wenn Sie etwas zum Potluck beitragen m\u00f6chten.<\/p>\n","protected":false},"excerpt":{"rendered":"<p>IHR SEID EINGELADEN&#8230; An: Ein spezieller Fl\u00fcchtlings-Gottesdienst mit Heiligen Abendmahl Wann: Sonntag, 15. September, 10:30 Uhr (Sonderzeit beachten). Warum: Um ein besseres Verst\u00e4ndnis der \u00fcber 70 Millionen Menschen zu erreichen, die auf der ganzen Welt vertrieben wurden. Mit: unseren Freunden von der Christ Church Saint James Anglican und der Exekutivdirektorin von Canadian Lutheran World Relief,&hellip;<\/p>\n","protected":false},"author":9,"featured_media":31827,"comment_status":"closed","ping_status":"closed","sticky":false,"template":"","format":"standard","meta":{"footnotes":""},"categories":[69],"tags":[],"post_series":[],"class_list":["post-31818","post","type-post","status-publish","format-standard","has-post-thumbnail","hentry","category-news-blog-german","entry","has-media"],"yoast_head":"<!-- This site is optimized with the Yoast SEO plugin v27.5 - https:\/\/yoast.com\/product\/yoast-seo-wordpress\/ -->\n<title>Spezieller Fl\u00fcchtlings-Gottesdienst am Sonntag, 15. September, 10:30 Uhr - Martin Luther Evangelische Kirche Toronto<\/title>\n<meta name=\"robots\" content=\"index, follow, max-snippet:-1, max-image-preview:large, max-video-preview:-1\" \/>\n<link rel=\"canonical\" href=\"https:\/\/martinluther.ca\/de\/2019\/09\/spezieller-fluechtlings-gottesdienst-am-sonntag-15-september-1030-uhr\/\" \/>\n<meta property=\"og:locale\" content=\"de_DE\" \/>\n<meta property=\"og:type\" content=\"article\" \/>\n<meta property=\"og:title\" content=\"Spezieller Fl\u00fcchtlings-Gottesdienst am Sonntag, 15. September, 10:30 Uhr - Martin Luther Evangelische Kirche Toronto\" \/>\n<meta property=\"og:description\" content=\"IHR SEID EINGELADEN&#8230; An: Ein spezieller Fl\u00fcchtlings-Gottesdienst mit Heiligen Abendmahl Wann: Sonntag, 15. September, 10:30 Uhr (Sonderzeit beachten). Warum: Um ein besseres Verst\u00e4ndnis der \u00fcber 70 Millionen Menschen zu erreichen, die auf der ganzen Welt vertrieben wurden. Mit: unseren Freunden von der Christ Church Saint James Anglican und der Exekutivdirektorin von Canadian Lutheran World Relief,&hellip;\" \/>\n<meta property=\"og:url\" content=\"https:\/\/martinluther.ca\/de\/2019\/09\/spezieller-fluechtlings-gottesdienst-am-sonntag-15-september-1030-uhr\/\" \/>\n<meta property=\"og:site_name\" content=\"Martin Luther Evangelische Kirche Toronto\" \/>\n<meta property=\"article:publisher\" content=\"https:\/\/www.facebook.com\/martinlutherchurchtoronto\" \/>\n<meta property=\"article:published_time\" content=\"2019-09-12T21:04:28+00:00\" \/>\n<meta property=\"article:modified_time\" content=\"2019-09-14T14:15:54+00:00\" \/>\n<meta property=\"og:image\" content=\"https:\/\/martinluther.ca\/wp-content\/uploads\/2019\/09\/2019-Refugee-ForcedToFlee-poster.jpg\" \/>\n\t<meta property=\"og:image:width\" content=\"500\" \/>\n\t<meta property=\"og:image:height\" content=\"500\" \/>\n\t<meta property=\"og:image:type\" content=\"image\/jpeg\" \/>\n<meta name=\"author\" content=\"Mona Kakoschke Frantzke\" \/>\n<meta name=\"twitter:card\" content=\"summary_large_image\" \/>\n<meta name=\"twitter:label1\" content=\"Verfasst von\" \/>\n\t<meta name=\"twitter:data1\" content=\"Mona Kakoschke Frantzke\" \/>\n\t<meta name=\"twitter:label2\" content=\"Gesch\u00e4tzte Lesezeit\" \/>\n\t<meta name=\"twitter:data2\" content=\"1\u00a0Minute\" \/>\n<script type=\"application\/ld+json\" class=\"yoast-schema-graph\">{\"@context\":\"https:\\\/\\\/schema.org\",\"@graph\":[{\"@type\":\"Article\",\"@id\":\"https:\\\/\\\/martinluther.ca\\\/de\\\/2019\\\/09\\\/spezieller-fluechtlings-gottesdienst-am-sonntag-15-september-1030-uhr\\\/#article\",\"isPartOf\":{\"@id\":\"https:\\\/\\\/martinluther.ca\\\/de\\\/2019\\\/09\\\/spezieller-fluechtlings-gottesdienst-am-sonntag-15-september-1030-uhr\\\/\"},\"author\":{\"name\":\"Mona Kakoschke Frantzke\",\"@id\":\"https:\\\/\\\/martinluther.ca\\\/de\\\/#\\\/schema\\\/person\\\/815c51710f70b050f0476f18da6b0c8f\"},\"headline\":\"Spezieller Fl\u00fcchtlings-Gottesdienst am Sonntag, 15. September, 10:30 Uhr\",\"datePublished\":\"2019-09-12T21:04:28+00:00\",\"dateModified\":\"2019-09-14T14:15:54+00:00\",\"mainEntityOfPage\":{\"@id\":\"https:\\\/\\\/martinluther.ca\\\/de\\\/2019\\\/09\\\/spezieller-fluechtlings-gottesdienst-am-sonntag-15-september-1030-uhr\\\/\"},\"wordCount\":280,\"publisher\":{\"@id\":\"https:\\\/\\\/martinluther.ca\\\/de\\\/#organization\"},\"image\":{\"@id\":\"https:\\\/\\\/martinluther.ca\\\/de\\\/2019\\\/09\\\/spezieller-fluechtlings-gottesdienst-am-sonntag-15-september-1030-uhr\\\/#primaryimage\"},\"thumbnailUrl\":\"https:\\\/\\\/martinluther.ca\\\/wp-content\\\/uploads\\\/2019\\\/09\\\/2019-Refugee-ForcedToFlee-poster.jpg\",\"articleSection\":[\"News Blog - German\"],\"inLanguage\":\"de\"},{\"@type\":\"WebPage\",\"@id\":\"https:\\\/\\\/martinluther.ca\\\/de\\\/2019\\\/09\\\/spezieller-fluechtlings-gottesdienst-am-sonntag-15-september-1030-uhr\\\/\",\"url\":\"https:\\\/\\\/martinluther.ca\\\/de\\\/2019\\\/09\\\/spezieller-fluechtlings-gottesdienst-am-sonntag-15-september-1030-uhr\\\/\",\"name\":\"Spezieller Fl\u00fcchtlings-Gottesdienst am Sonntag, 15. September, 10:30 Uhr - Martin Luther Evangelische Kirche Toronto\",\"isPartOf\":{\"@id\":\"https:\\\/\\\/martinluther.ca\\\/de\\\/#website\"},\"primaryImageOfPage\":{\"@id\":\"https:\\\/\\\/martinluther.ca\\\/de\\\/2019\\\/09\\\/spezieller-fluechtlings-gottesdienst-am-sonntag-15-september-1030-uhr\\\/#primaryimage\"},\"image\":{\"@id\":\"https:\\\/\\\/martinluther.ca\\\/de\\\/2019\\\/09\\\/spezieller-fluechtlings-gottesdienst-am-sonntag-15-september-1030-uhr\\\/#primaryimage\"},\"thumbnailUrl\":\"https:\\\/\\\/martinluther.ca\\\/wp-content\\\/uploads\\\/2019\\\/09\\\/2019-Refugee-ForcedToFlee-poster.jpg\",\"datePublished\":\"2019-09-12T21:04:28+00:00\",\"dateModified\":\"2019-09-14T14:15:54+00:00\",\"breadcrumb\":{\"@id\":\"https:\\\/\\\/martinluther.ca\\\/de\\\/2019\\\/09\\\/spezieller-fluechtlings-gottesdienst-am-sonntag-15-september-1030-uhr\\\/#breadcrumb\"},\"inLanguage\":\"de\",\"potentialAction\":[{\"@type\":\"ReadAction\",\"target\":[\"https:\\\/\\\/martinluther.ca\\\/de\\\/2019\\\/09\\\/spezieller-fluechtlings-gottesdienst-am-sonntag-15-september-1030-uhr\\\/\"]}]},{\"@type\":\"ImageObject\",\"inLanguage\":\"de\",\"@id\":\"https:\\\/\\\/martinluther.ca\\\/de\\\/2019\\\/09\\\/spezieller-fluechtlings-gottesdienst-am-sonntag-15-september-1030-uhr\\\/#primaryimage\",\"url\":\"https:\\\/\\\/martinluther.ca\\\/wp-content\\\/uploads\\\/2019\\\/09\\\/2019-Refugee-ForcedToFlee-poster.jpg\",\"contentUrl\":\"https:\\\/\\\/martinluther.ca\\\/wp-content\\\/uploads\\\/2019\\\/09\\\/2019-Refugee-ForcedToFlee-poster.jpg\",\"width\":500,\"height\":500},{\"@type\":\"BreadcrumbList\",\"@id\":\"https:\\\/\\\/martinluther.ca\\\/de\\\/2019\\\/09\\\/spezieller-fluechtlings-gottesdienst-am-sonntag-15-september-1030-uhr\\\/#breadcrumb\",\"itemListElement\":[{\"@type\":\"ListItem\",\"position\":1,\"name\":\"Home\",\"item\":\"https:\\\/\\\/martinluther.ca\\\/de\\\/\"},{\"@type\":\"ListItem\",\"position\":2,\"name\":\"Spezieller Fl\u00fcchtlings-Gottesdienst am Sonntag, 15. September, 10:30 Uhr\"}]},{\"@type\":\"WebSite\",\"@id\":\"https:\\\/\\\/martinluther.ca\\\/de\\\/#website\",\"url\":\"https:\\\/\\\/martinluther.ca\\\/de\\\/\",\"name\":\"Martin Luther Evangelical Church Toronto\",\"description\":\"Deutsch &amp; Englisch\",\"publisher\":{\"@id\":\"https:\\\/\\\/martinluther.ca\\\/de\\\/#organization\"},\"potentialAction\":[{\"@type\":\"SearchAction\",\"target\":{\"@type\":\"EntryPoint\",\"urlTemplate\":\"https:\\\/\\\/martinluther.ca\\\/de\\\/?s={search_term_string}\"},\"query-input\":{\"@type\":\"PropertyValueSpecification\",\"valueRequired\":true,\"valueName\":\"search_term_string\"}}],\"inLanguage\":\"de\"},{\"@type\":\"Organization\",\"@id\":\"https:\\\/\\\/martinluther.ca\\\/de\\\/#organization\",\"name\":\"Martin Luther Evangelical Church Toronto\",\"url\":\"https:\\\/\\\/martinluther.ca\\\/de\\\/\",\"logo\":{\"@type\":\"ImageObject\",\"inLanguage\":\"de\",\"@id\":\"https:\\\/\\\/martinluther.ca\\\/de\\\/#\\\/schema\\\/logo\\\/image\\\/\",\"url\":\"https:\\\/\\\/martinluther.ca\\\/wp-content\\\/uploads\\\/2016\\\/12\\\/ml-logo-300.png\",\"contentUrl\":\"https:\\\/\\\/martinluther.ca\\\/wp-content\\\/uploads\\\/2016\\\/12\\\/ml-logo-300.png\",\"width\":300,\"height\":150,\"caption\":\"Martin Luther Evangelical Church Toronto\"},\"image\":{\"@id\":\"https:\\\/\\\/martinluther.ca\\\/de\\\/#\\\/schema\\\/logo\\\/image\\\/\"},\"sameAs\":[\"https:\\\/\\\/www.facebook.com\\\/martinlutherchurchtoronto\",\"https:\\\/\\\/www.instagram.com\\\/lutheransbythelake\\\/\",\"https:\\\/\\\/www.youtube.com\\\/MartinLutherChurchToronto\"]},{\"@type\":\"Person\",\"@id\":\"https:\\\/\\\/martinluther.ca\\\/de\\\/#\\\/schema\\\/person\\\/815c51710f70b050f0476f18da6b0c8f\",\"name\":\"Mona Kakoschke Frantzke\",\"image\":{\"@type\":\"ImageObject\",\"inLanguage\":\"de\",\"@id\":\"https:\\\/\\\/secure.gravatar.com\\\/avatar\\\/0deb16854ca545cd2e9fc8001ca110d262b80d5c8317b38dc542265fbea0ed19?s=96&d=mm&r=g\",\"url\":\"https:\\\/\\\/secure.gravatar.com\\\/avatar\\\/0deb16854ca545cd2e9fc8001ca110d262b80d5c8317b38dc542265fbea0ed19?s=96&d=mm&r=g\",\"contentUrl\":\"https:\\\/\\\/secure.gravatar.com\\\/avatar\\\/0deb16854ca545cd2e9fc8001ca110d262b80d5c8317b38dc542265fbea0ed19?s=96&d=mm&r=g\",\"caption\":\"Mona Kakoschke Frantzke\"},\"url\":false}]}<\/script>\n<!-- \/ Yoast SEO plugin. -->","yoast_head_json":{"title":"Spezieller Fl\u00fcchtlings-Gottesdienst am Sonntag, 15. September, 10:30 Uhr - Martin Luther Evangelische Kirche Toronto","robots":{"index":"index","follow":"follow","max-snippet":"max-snippet:-1","max-image-preview":"max-image-preview:large","max-video-preview":"max-video-preview:-1"},"canonical":"https:\/\/martinluther.ca\/de\/2019\/09\/spezieller-fluechtlings-gottesdienst-am-sonntag-15-september-1030-uhr\/","og_locale":"de_DE","og_type":"article","og_title":"Spezieller Fl\u00fcchtlings-Gottesdienst am Sonntag, 15. September, 10:30 Uhr - Martin Luther Evangelische Kirche Toronto","og_description":"IHR SEID EINGELADEN&#8230; An: Ein spezieller Fl\u00fcchtlings-Gottesdienst mit Heiligen Abendmahl Wann: Sonntag, 15. September, 10:30 Uhr (Sonderzeit beachten). Warum: Um ein besseres Verst\u00e4ndnis der \u00fcber 70 Millionen Menschen zu erreichen, die auf der ganzen Welt vertrieben wurden. Mit: unseren Freunden von der Christ Church Saint James Anglican und der Exekutivdirektorin von Canadian Lutheran World Relief,&hellip;","og_url":"https:\/\/martinluther.ca\/de\/2019\/09\/spezieller-fluechtlings-gottesdienst-am-sonntag-15-september-1030-uhr\/","og_site_name":"Martin Luther Evangelische Kirche Toronto","article_publisher":"https:\/\/www.facebook.com\/martinlutherchurchtoronto","article_published_time":"2019-09-12T21:04:28+00:00","article_modified_time":"2019-09-14T14:15:54+00:00","og_image":[{"width":500,"height":500,"url":"https:\/\/martinluther.ca\/wp-content\/uploads\/2019\/09\/2019-Refugee-ForcedToFlee-poster.jpg","type":"image\/jpeg"}],"author":"Mona Kakoschke Frantzke","twitter_card":"summary_large_image","twitter_misc":{"Verfasst von":"Mona Kakoschke Frantzke","Gesch\u00e4tzte Lesezeit":"1\u00a0Minute"},"schema":{"@context":"https:\/\/schema.org","@graph":[{"@type":"Article","@id":"https:\/\/martinluther.ca\/de\/2019\/09\/spezieller-fluechtlings-gottesdienst-am-sonntag-15-september-1030-uhr\/#article","isPartOf":{"@id":"https:\/\/martinluther.ca\/de\/2019\/09\/spezieller-fluechtlings-gottesdienst-am-sonntag-15-september-1030-uhr\/"},"author":{"name":"Mona Kakoschke Frantzke","@id":"https:\/\/martinluther.ca\/de\/#\/schema\/person\/815c51710f70b050f0476f18da6b0c8f"},"headline":"Spezieller Fl\u00fcchtlings-Gottesdienst am Sonntag, 15. September, 10:30 Uhr","datePublished":"2019-09-12T21:04:28+00:00","dateModified":"2019-09-14T14:15:54+00:00","mainEntityOfPage":{"@id":"https:\/\/martinluther.ca\/de\/2019\/09\/spezieller-fluechtlings-gottesdienst-am-sonntag-15-september-1030-uhr\/"},"wordCount":280,"publisher":{"@id":"https:\/\/martinluther.ca\/de\/#organization"},"image":{"@id":"https:\/\/martinluther.ca\/de\/2019\/09\/spezieller-fluechtlings-gottesdienst-am-sonntag-15-september-1030-uhr\/#primaryimage"},"thumbnailUrl":"https:\/\/martinluther.ca\/wp-content\/uploads\/2019\/09\/2019-Refugee-ForcedToFlee-poster.jpg","articleSection":["News Blog - German"],"inLanguage":"de"},{"@type":"WebPage","@id":"https:\/\/martinluther.ca\/de\/2019\/09\/spezieller-fluechtlings-gottesdienst-am-sonntag-15-september-1030-uhr\/","url":"https:\/\/martinluther.ca\/de\/2019\/09\/spezieller-fluechtlings-gottesdienst-am-sonntag-15-september-1030-uhr\/","name":"Spezieller Fl\u00fcchtlings-Gottesdienst am Sonntag, 15. September, 10:30 Uhr - Martin Luther Evangelische Kirche Toronto","isPartOf":{"@id":"https:\/\/martinluther.ca\/de\/#website"},"primaryImageOfPage":{"@id":"https:\/\/martinluther.ca\/de\/2019\/09\/spezieller-fluechtlings-gottesdienst-am-sonntag-15-september-1030-uhr\/#primaryimage"},"image":{"@id":"https:\/\/martinluther.ca\/de\/2019\/09\/spezieller-fluechtlings-gottesdienst-am-sonntag-15-september-1030-uhr\/#primaryimage"},"thumbnailUrl":"https:\/\/martinluther.ca\/wp-content\/uploads\/2019\/09\/2019-Refugee-ForcedToFlee-poster.jpg","datePublished":"2019-09-12T21:04:28+00:00","dateModified":"2019-09-14T14:15:54+00:00","breadcrumb":{"@id":"https:\/\/martinluther.ca\/de\/2019\/09\/spezieller-fluechtlings-gottesdienst-am-sonntag-15-september-1030-uhr\/#breadcrumb"},"inLanguage":"de","potentialAction":[{"@type":"ReadAction","target":["https:\/\/martinluther.ca\/de\/2019\/09\/spezieller-fluechtlings-gottesdienst-am-sonntag-15-september-1030-uhr\/"]}]},{"@type":"ImageObject","inLanguage":"de","@id":"https:\/\/martinluther.ca\/de\/2019\/09\/spezieller-fluechtlings-gottesdienst-am-sonntag-15-september-1030-uhr\/#primaryimage","url":"https:\/\/martinluther.ca\/wp-content\/uploads\/2019\/09\/2019-Refugee-ForcedToFlee-poster.jpg","contentUrl":"https:\/\/martinluther.ca\/wp-content\/uploads\/2019\/09\/2019-Refugee-ForcedToFlee-poster.jpg","width":500,"height":500},{"@type":"BreadcrumbList","@id":"https:\/\/martinluther.ca\/de\/2019\/09\/spezieller-fluechtlings-gottesdienst-am-sonntag-15-september-1030-uhr\/#breadcrumb","itemListElement":[{"@type":"ListItem","position":1,"name":"Home","item":"https:\/\/martinluther.ca\/de\/"},{"@type":"ListItem","position":2,"name":"Spezieller Fl\u00fcchtlings-Gottesdienst am Sonntag, 15. September, 10:30 Uhr"}]},{"@type":"WebSite","@id":"https:\/\/martinluther.ca\/de\/#website","url":"https:\/\/martinluther.ca\/de\/","name":"Martin Luther Evangelical Church Toronto","description":"Deutsch &amp; Englisch","publisher":{"@id":"https:\/\/martinluther.ca\/de\/#organization"},"potentialAction":[{"@type":"SearchAction","target":{"@type":"EntryPoint","urlTemplate":"https:\/\/martinluther.ca\/de\/?s={search_term_string}"},"query-input":{"@type":"PropertyValueSpecification","valueRequired":true,"valueName":"search_term_string"}}],"inLanguage":"de"},{"@type":"Organization","@id":"https:\/\/martinluther.ca\/de\/#organization","name":"Martin Luther Evangelical Church Toronto","url":"https:\/\/martinluther.ca\/de\/","logo":{"@type":"ImageObject","inLanguage":"de","@id":"https:\/\/martinluther.ca\/de\/#\/schema\/logo\/image\/","url":"https:\/\/martinluther.ca\/wp-content\/uploads\/2016\/12\/ml-logo-300.png","contentUrl":"https:\/\/martinluther.ca\/wp-content\/uploads\/2016\/12\/ml-logo-300.png","width":300,"height":150,"caption":"Martin Luther Evangelical Church Toronto"},"image":{"@id":"https:\/\/martinluther.ca\/de\/#\/schema\/logo\/image\/"},"sameAs":["https:\/\/www.facebook.com\/martinlutherchurchtoronto","https:\/\/www.instagram.com\/lutheransbythelake\/","https:\/\/www.youtube.com\/MartinLutherChurchToronto"]},{"@type":"Person","@id":"https:\/\/martinluther.ca\/de\/#\/schema\/person\/815c51710f70b050f0476f18da6b0c8f","name":"Mona Kakoschke Frantzke","image":{"@type":"ImageObject","inLanguage":"de","@id":"https:\/\/secure.gravatar.com\/avatar\/0deb16854ca545cd2e9fc8001ca110d262b80d5c8317b38dc542265fbea0ed19?s=96&d=mm&r=g","url":"https:\/\/secure.gravatar.com\/avatar\/0deb16854ca545cd2e9fc8001ca110d262b80d5c8317b38dc542265fbea0ed19?s=96&d=mm&r=g","contentUrl":"https:\/\/secure.gravatar.com\/avatar\/0deb16854ca545cd2e9fc8001ca110d262b80d5c8317b38dc542265fbea0ed19?s=96&d=mm&r=g","caption":"Mona Kakoschke Frantzke"},"url":false}]}},"_links":{"self":[{"href":"https:\/\/martinluther.ca\/de\/wp-json\/wp\/v2\/posts\/31818","targetHints":{"allow":["GET"]}}],"collection":[{"href":"https:\/\/martinluther.ca\/de\/wp-json\/wp\/v2\/posts"}],"about":[{"href":"https:\/\/martinluther.ca\/de\/wp-json\/wp\/v2\/types\/post"}],"author":[{"embeddable":true,"href":"https:\/\/martinluther.ca\/de\/wp-json\/wp\/v2\/users\/9"}],"replies":[{"embeddable":true,"href":"https:\/\/martinluther.ca\/de\/wp-json\/wp\/v2\/comments?post=31818"}],"version-history":[{"count":5,"href":"https:\/\/martinluther.ca\/de\/wp-json\/wp\/v2\/posts\/31818\/revisions"}],"predecessor-version":[{"id":31829,"href":"https:\/\/martinluther.ca\/de\/wp-json\/wp\/v2\/posts\/31818\/revisions\/31829"}],"wp:featuredmedia":[{"embeddable":true,"href":"https:\/\/martinluther.ca\/de\/wp-json\/wp\/v2\/media\/31827"}],"wp:attachment":[{"href":"https:\/\/martinluther.ca\/de\/wp-json\/wp\/v2\/media?parent=31818"}],"wp:term":[{"taxonomy":"category","embeddable":true,"href":"https:\/\/martinluther.ca\/de\/wp-json\/wp\/v2\/categories?post=31818"},{"taxonomy":"post_tag","embeddable":true,"href":"https:\/\/martinluther.ca\/de\/wp-json\/wp\/v2\/tags?post=31818"},{"taxonomy":"post_series","embeddable":true,"href":"https:\/\/martinluther.ca\/de\/wp-json\/wp\/v2\/post_series?post=31818"}],"curies":[{"name":"wp","href":"https:\/\/api.w.org\/{rel}","templated":true}]}}