{"id":32125,"date":"2019-10-18T11:28:45","date_gmt":"2019-10-18T15:28:45","guid":{"rendered":"https:\/\/martinluther.ca\/?p=32125"},"modified":"2019-11-01T14:47:01","modified_gmt":"2019-11-01T18:47:01","slug":"bilderbuch-gespraech-mit-der-autorin-kathy-kacer-ueber-the-brave-princess-and-me-am-5-nov-um-1000-uhr","status":"publish","type":"post","link":"https:\/\/martinluther.ca\/de\/2019\/10\/bilderbuch-gespraech-mit-der-autorin-kathy-kacer-ueber-the-brave-princess-and-me-am-5-nov-um-1000-uhr\/","title":{"rendered":"Bilderbuch-Gespr\u00e4ch mit der Autorin Kathy Kacer \u00fcber The Brave Princess and Me\u00a0am 5. Nov um 10,00 Uhr"},"content":{"rendered":"<p>Die Martin Luther Kirche, 2379 Lake Shore Blvd West, Etobicoke, wird w\u00e4hrend der <strong>Holocaust Education Week am Dienstag, den 5. November 2019 um 10.00 Uhr<\/strong> wieder eine Veranstaltung mit Second Story Press ausrichten. Kathy Kacer spricht dann \u00fcber ihr neues Buch The Brave Princess and Me (Buch und Veranstaltung auf Englisch).<\/p>\n<p><strong><em>The Brave Princess and Me\u00a0<\/em> Authorin Kathy Kacer<br \/>\n<\/strong>Von einer Prinzessin vor den Nazis versteckt<\/p>\n<p>1943 tobt der Zweite Weltkrieg und die Nazis haben den gr\u00f6\u00dften Teil Europas unter ihre Kontrolle gebracht &#8211; einschlie\u00dflich Athen, wo Prinzessin Alice von Griechenland lebt. Prinzessin Alice ist nett und akzeptiert verschiedene Arten von Menschen. Sowas sind die Nazis nicht. Sie ist taub geboren und wei\u00df, wie es ist, diskriminiert zu werden.<\/p>\n<p>Mit der Ankunft der Nazis sind alle in Griechenland lebenden Juden in Gefahr. Auf der Flucht m\u00fcssen sie einen sicheren Ort zum Verstecken finden. Als sie unangek\u00fcndigt bei Prinzessin Alice ankommen und sie bitten, sie zu verstecken, wird die Freundlichkeit der Prinzessin auf die Probe gestellt. Wird sie ihr eigenes Leben riskieren, um andere zu retten?<\/p>\n<p>Inspiriert von einer wahren Begebenheit enth\u00e4lt das Buch einen speziellen Abschnitt mit Fotografien \u00fcber Prinzessin Alice. Als echte Heldin war Alice die Mutter des britischen Prinzen Philip, der Gro\u00dfmutter von Prince Charles und der Urgro\u00dfmutter von Prinzen William und Harry.<\/p>\n<p>*******************<\/p>\n<p>Wenden Sie sich an das Kirchenb\u00fcro, um eine Kopie auszuleihen oder als Einzelperson oder Schulgruppe teilzunehmen. Wir m\u00f6chten <strong>Lehrer*innen dazu anregen, ihre Sch\u00fcler*innen im Rahmen eines Klassenausflugs<\/strong> an der Veranstaltung teilnehmen zu lassen. Wir freuen uns \u00fcber jede*n, der Interesse hat teilzunehmen. Bitte wenden Sie sich an das Kirchenb\u00fcro und die Schule Ihrer Kinder.<\/p>\n<p>Kontakt: Iris Schweiger, <a href=\"mailto:president@martinluther.ca\" target=\"_blank\" rel=\"noopener noreferrer\">president@martinluther.ca<\/a> oder Marlena in dem Kirchenb\u00fcro.<\/p>\n<p>Hier k\u00f6nnen Sie das <a href=\"https:\/\/martinluther.ca\/wp-content\/uploads\/2019\/10\/2019-HEWPoster-MartinLutherChurch-PictureBookTalkNov5.pdf\" target=\"_blank\" rel=\"noopener noreferrer\">HEW 2019-Poster als PDF<\/a> herunterladen.<\/p>\n<p><img loading=\"lazy\" decoding=\"async\" class=\"alignleft size-full wp-image-32189\" src=\"https:\/\/martinluther.ca\/wp-content\/uploads\/2019\/10\/2019-HEW-Poster-157KB.jpg\" alt=\"2019 HEW Poster and picture book cover author Kathy Kacer\" width=\"791\" height=\"1024\" srcset=\"https:\/\/martinluther.ca\/wp-content\/uploads\/2019\/10\/2019-HEW-Poster-157KB.jpg 791w, https:\/\/martinluther.ca\/wp-content\/uploads\/2019\/10\/2019-HEW-Poster-157KB-232x300.jpg 232w, https:\/\/martinluther.ca\/wp-content\/uploads\/2019\/10\/2019-HEW-Poster-157KB-768x994.jpg 768w\" sizes=\"auto, (max-width: 791px) 100vw, 791px\" \/><\/p>\n","protected":false},"excerpt":{"rendered":"<p>Die Martin Luther Kirche, 2379 Lake Shore Blvd West, Etobicoke, wird w\u00e4hrend der Holocaust Education Week am Dienstag, den 5. November 2019 um 10.00 Uhr wieder eine Veranstaltung mit Second Story Press ausrichten. Kathy Kacer spricht dann \u00fcber ihr neues Buch The Brave Princess and Me (Buch und Veranstaltung auf Englisch). The Brave Princess and&hellip;<\/p>\n","protected":false},"author":9,"featured_media":32193,"comment_status":"closed","ping_status":"closed","sticky":false,"template":"","format":"standard","meta":{"footnotes":""},"categories":[69],"tags":[],"post_series":[],"class_list":["post-32125","post","type-post","status-publish","format-standard","has-post-thumbnail","hentry","category-news-blog-german","entry","has-media"],"yoast_head":"<!-- This site is optimized with the Yoast SEO plugin v27.5 - https:\/\/yoast.com\/product\/yoast-seo-wordpress\/ -->\n<title>Bilderbuch-Gespr\u00e4ch mit der Autorin Kathy Kacer \u00fcber The Brave Princess and Me\u00a0am 5. Nov um 10,00 Uhr - Martin Luther Evangelische Kirche Toronto<\/title>\n<meta name=\"robots\" content=\"index, follow, max-snippet:-1, max-image-preview:large, max-video-preview:-1\" \/>\n<link rel=\"canonical\" href=\"https:\/\/martinluther.ca\/de\/2019\/10\/bilderbuch-gespraech-mit-der-autorin-kathy-kacer-ueber-the-brave-princess-and-me-am-5-nov-um-1000-uhr\/\" \/>\n<meta property=\"og:locale\" content=\"de_DE\" \/>\n<meta property=\"og:type\" content=\"article\" \/>\n<meta property=\"og:title\" content=\"Bilderbuch-Gespr\u00e4ch mit der Autorin Kathy Kacer \u00fcber The Brave Princess and Me\u00a0am 5. Nov um 10,00 Uhr - Martin Luther Evangelische Kirche Toronto\" \/>\n<meta property=\"og:description\" content=\"Die Martin Luther Kirche, 2379 Lake Shore Blvd West, Etobicoke, wird w\u00e4hrend der Holocaust Education Week am Dienstag, den 5. November 2019 um 10.00 Uhr wieder eine Veranstaltung mit Second Story Press ausrichten. Kathy Kacer spricht dann \u00fcber ihr neues Buch The Brave Princess and Me (Buch und Veranstaltung auf Englisch). The Brave Princess and&hellip;\" \/>\n<meta property=\"og:url\" content=\"https:\/\/martinluther.ca\/de\/2019\/10\/bilderbuch-gespraech-mit-der-autorin-kathy-kacer-ueber-the-brave-princess-and-me-am-5-nov-um-1000-uhr\/\" \/>\n<meta property=\"og:site_name\" content=\"Martin Luther Evangelische Kirche Toronto\" \/>\n<meta property=\"article:publisher\" content=\"https:\/\/www.facebook.com\/martinlutherchurchtoronto\" \/>\n<meta property=\"article:published_time\" content=\"2019-10-18T15:28:45+00:00\" \/>\n<meta property=\"article:modified_time\" content=\"2019-11-01T18:47:01+00:00\" \/>\n<meta property=\"og:image\" content=\"https:\/\/martinluther.ca\/wp-content\/uploads\/2019\/10\/The-Brave-Princess-and-Me-HEW2019-175KB.jpg\" \/>\n\t<meta property=\"og:image:width\" content=\"1280\" \/>\n\t<meta property=\"og:image:height\" content=\"989\" \/>\n\t<meta property=\"og:image:type\" content=\"image\/jpeg\" \/>\n<meta name=\"author\" content=\"Mona Kakoschke Frantzke\" \/>\n<meta name=\"twitter:card\" content=\"summary_large_image\" \/>\n<meta name=\"twitter:label1\" content=\"Verfasst von\" \/>\n\t<meta name=\"twitter:data1\" content=\"Mona Kakoschke Frantzke\" \/>\n\t<meta name=\"twitter:label2\" content=\"Gesch\u00e4tzte Lesezeit\" \/>\n\t<meta name=\"twitter:data2\" content=\"2\u00a0Minuten\" \/>\n<script type=\"application\/ld+json\" class=\"yoast-schema-graph\">{\"@context\":\"https:\\\/\\\/schema.org\",\"@graph\":[{\"@type\":\"Article\",\"@id\":\"https:\\\/\\\/martinluther.ca\\\/de\\\/2019\\\/10\\\/bilderbuch-gespraech-mit-der-autorin-kathy-kacer-ueber-the-brave-princess-and-me-am-5-nov-um-1000-uhr\\\/#article\",\"isPartOf\":{\"@id\":\"https:\\\/\\\/martinluther.ca\\\/de\\\/2019\\\/10\\\/bilderbuch-gespraech-mit-der-autorin-kathy-kacer-ueber-the-brave-princess-and-me-am-5-nov-um-1000-uhr\\\/\"},\"author\":{\"name\":\"Mona Kakoschke Frantzke\",\"@id\":\"https:\\\/\\\/martinluther.ca\\\/de\\\/#\\\/schema\\\/person\\\/815c51710f70b050f0476f18da6b0c8f\"},\"headline\":\"Bilderbuch-Gespr\u00e4ch mit der Autorin Kathy Kacer \u00fcber The Brave Princess and Me\u00a0am 5. Nov um 10,00 Uhr\",\"datePublished\":\"2019-10-18T15:28:45+00:00\",\"dateModified\":\"2019-11-01T18:47:01+00:00\",\"mainEntityOfPage\":{\"@id\":\"https:\\\/\\\/martinluther.ca\\\/de\\\/2019\\\/10\\\/bilderbuch-gespraech-mit-der-autorin-kathy-kacer-ueber-the-brave-princess-and-me-am-5-nov-um-1000-uhr\\\/\"},\"wordCount\":318,\"publisher\":{\"@id\":\"https:\\\/\\\/martinluther.ca\\\/de\\\/#organization\"},\"image\":{\"@id\":\"https:\\\/\\\/martinluther.ca\\\/de\\\/2019\\\/10\\\/bilderbuch-gespraech-mit-der-autorin-kathy-kacer-ueber-the-brave-princess-and-me-am-5-nov-um-1000-uhr\\\/#primaryimage\"},\"thumbnailUrl\":\"https:\\\/\\\/martinluther.ca\\\/wp-content\\\/uploads\\\/2019\\\/10\\\/The-Brave-Princess-and-Me-HEW2019-175KB.jpg\",\"articleSection\":[\"News Blog - German\"],\"inLanguage\":\"de\"},{\"@type\":\"WebPage\",\"@id\":\"https:\\\/\\\/martinluther.ca\\\/de\\\/2019\\\/10\\\/bilderbuch-gespraech-mit-der-autorin-kathy-kacer-ueber-the-brave-princess-and-me-am-5-nov-um-1000-uhr\\\/\",\"url\":\"https:\\\/\\\/martinluther.ca\\\/de\\\/2019\\\/10\\\/bilderbuch-gespraech-mit-der-autorin-kathy-kacer-ueber-the-brave-princess-and-me-am-5-nov-um-1000-uhr\\\/\",\"name\":\"Bilderbuch-Gespr\u00e4ch mit der Autorin Kathy Kacer \u00fcber The Brave Princess and Me\u00a0am 5. Nov um 10,00 Uhr - Martin Luther Evangelische Kirche Toronto\",\"isPartOf\":{\"@id\":\"https:\\\/\\\/martinluther.ca\\\/de\\\/#website\"},\"primaryImageOfPage\":{\"@id\":\"https:\\\/\\\/martinluther.ca\\\/de\\\/2019\\\/10\\\/bilderbuch-gespraech-mit-der-autorin-kathy-kacer-ueber-the-brave-princess-and-me-am-5-nov-um-1000-uhr\\\/#primaryimage\"},\"image\":{\"@id\":\"https:\\\/\\\/martinluther.ca\\\/de\\\/2019\\\/10\\\/bilderbuch-gespraech-mit-der-autorin-kathy-kacer-ueber-the-brave-princess-and-me-am-5-nov-um-1000-uhr\\\/#primaryimage\"},\"thumbnailUrl\":\"https:\\\/\\\/martinluther.ca\\\/wp-content\\\/uploads\\\/2019\\\/10\\\/The-Brave-Princess-and-Me-HEW2019-175KB.jpg\",\"datePublished\":\"2019-10-18T15:28:45+00:00\",\"dateModified\":\"2019-11-01T18:47:01+00:00\",\"breadcrumb\":{\"@id\":\"https:\\\/\\\/martinluther.ca\\\/de\\\/2019\\\/10\\\/bilderbuch-gespraech-mit-der-autorin-kathy-kacer-ueber-the-brave-princess-and-me-am-5-nov-um-1000-uhr\\\/#breadcrumb\"},\"inLanguage\":\"de\",\"potentialAction\":[{\"@type\":\"ReadAction\",\"target\":[\"https:\\\/\\\/martinluther.ca\\\/de\\\/2019\\\/10\\\/bilderbuch-gespraech-mit-der-autorin-kathy-kacer-ueber-the-brave-princess-and-me-am-5-nov-um-1000-uhr\\\/\"]}]},{\"@type\":\"ImageObject\",\"inLanguage\":\"de\",\"@id\":\"https:\\\/\\\/martinluther.ca\\\/de\\\/2019\\\/10\\\/bilderbuch-gespraech-mit-der-autorin-kathy-kacer-ueber-the-brave-princess-and-me-am-5-nov-um-1000-uhr\\\/#primaryimage\",\"url\":\"https:\\\/\\\/martinluther.ca\\\/wp-content\\\/uploads\\\/2019\\\/10\\\/The-Brave-Princess-and-Me-HEW2019-175KB.jpg\",\"contentUrl\":\"https:\\\/\\\/martinluther.ca\\\/wp-content\\\/uploads\\\/2019\\\/10\\\/The-Brave-Princess-and-Me-HEW2019-175KB.jpg\",\"width\":1280,\"height\":989,\"caption\":\"The Brave Princess and Me -HEW2019 picture book cover author Kathy Kacer\"},{\"@type\":\"BreadcrumbList\",\"@id\":\"https:\\\/\\\/martinluther.ca\\\/de\\\/2019\\\/10\\\/bilderbuch-gespraech-mit-der-autorin-kathy-kacer-ueber-the-brave-princess-and-me-am-5-nov-um-1000-uhr\\\/#breadcrumb\",\"itemListElement\":[{\"@type\":\"ListItem\",\"position\":1,\"name\":\"Home\",\"item\":\"https:\\\/\\\/martinluther.ca\\\/de\\\/\"},{\"@type\":\"ListItem\",\"position\":2,\"name\":\"Bilderbuch-Gespr\u00e4ch mit der Autorin Kathy Kacer \u00fcber The Brave Princess and Me\u00a0am 5. Nov um 10,00 Uhr\"}]},{\"@type\":\"WebSite\",\"@id\":\"https:\\\/\\\/martinluther.ca\\\/de\\\/#website\",\"url\":\"https:\\\/\\\/martinluther.ca\\\/de\\\/\",\"name\":\"Martin Luther Evangelical Church Toronto\",\"description\":\"Deutsch &amp; Englisch\",\"publisher\":{\"@id\":\"https:\\\/\\\/martinluther.ca\\\/de\\\/#organization\"},\"potentialAction\":[{\"@type\":\"SearchAction\",\"target\":{\"@type\":\"EntryPoint\",\"urlTemplate\":\"https:\\\/\\\/martinluther.ca\\\/de\\\/?s={search_term_string}\"},\"query-input\":{\"@type\":\"PropertyValueSpecification\",\"valueRequired\":true,\"valueName\":\"search_term_string\"}}],\"inLanguage\":\"de\"},{\"@type\":\"Organization\",\"@id\":\"https:\\\/\\\/martinluther.ca\\\/de\\\/#organization\",\"name\":\"Martin Luther Evangelical Church Toronto\",\"url\":\"https:\\\/\\\/martinluther.ca\\\/de\\\/\",\"logo\":{\"@type\":\"ImageObject\",\"inLanguage\":\"de\",\"@id\":\"https:\\\/\\\/martinluther.ca\\\/de\\\/#\\\/schema\\\/logo\\\/image\\\/\",\"url\":\"https:\\\/\\\/martinluther.ca\\\/wp-content\\\/uploads\\\/2016\\\/12\\\/ml-logo-300.png\",\"contentUrl\":\"https:\\\/\\\/martinluther.ca\\\/wp-content\\\/uploads\\\/2016\\\/12\\\/ml-logo-300.png\",\"width\":300,\"height\":150,\"caption\":\"Martin Luther Evangelical Church Toronto\"},\"image\":{\"@id\":\"https:\\\/\\\/martinluther.ca\\\/de\\\/#\\\/schema\\\/logo\\\/image\\\/\"},\"sameAs\":[\"https:\\\/\\\/www.facebook.com\\\/martinlutherchurchtoronto\",\"https:\\\/\\\/www.instagram.com\\\/lutheransbythelake\\\/\",\"https:\\\/\\\/www.youtube.com\\\/MartinLutherChurchToronto\"]},{\"@type\":\"Person\",\"@id\":\"https:\\\/\\\/martinluther.ca\\\/de\\\/#\\\/schema\\\/person\\\/815c51710f70b050f0476f18da6b0c8f\",\"name\":\"Mona Kakoschke Frantzke\",\"image\":{\"@type\":\"ImageObject\",\"inLanguage\":\"de\",\"@id\":\"https:\\\/\\\/secure.gravatar.com\\\/avatar\\\/0deb16854ca545cd2e9fc8001ca110d262b80d5c8317b38dc542265fbea0ed19?s=96&d=mm&r=g\",\"url\":\"https:\\\/\\\/secure.gravatar.com\\\/avatar\\\/0deb16854ca545cd2e9fc8001ca110d262b80d5c8317b38dc542265fbea0ed19?s=96&d=mm&r=g\",\"contentUrl\":\"https:\\\/\\\/secure.gravatar.com\\\/avatar\\\/0deb16854ca545cd2e9fc8001ca110d262b80d5c8317b38dc542265fbea0ed19?s=96&d=mm&r=g\",\"caption\":\"Mona Kakoschke Frantzke\"},\"url\":false}]}<\/script>\n<!-- \/ Yoast SEO plugin. -->","yoast_head_json":{"title":"Bilderbuch-Gespr\u00e4ch mit der Autorin Kathy Kacer \u00fcber The Brave Princess and Me\u00a0am 5. Nov um 10,00 Uhr - Martin Luther Evangelische Kirche Toronto","robots":{"index":"index","follow":"follow","max-snippet":"max-snippet:-1","max-image-preview":"max-image-preview:large","max-video-preview":"max-video-preview:-1"},"canonical":"https:\/\/martinluther.ca\/de\/2019\/10\/bilderbuch-gespraech-mit-der-autorin-kathy-kacer-ueber-the-brave-princess-and-me-am-5-nov-um-1000-uhr\/","og_locale":"de_DE","og_type":"article","og_title":"Bilderbuch-Gespr\u00e4ch mit der Autorin Kathy Kacer \u00fcber The Brave Princess and Me\u00a0am 5. Nov um 10,00 Uhr - Martin Luther Evangelische Kirche Toronto","og_description":"Die Martin Luther Kirche, 2379 Lake Shore Blvd West, Etobicoke, wird w\u00e4hrend der Holocaust Education Week am Dienstag, den 5. November 2019 um 10.00 Uhr wieder eine Veranstaltung mit Second Story Press ausrichten. Kathy Kacer spricht dann \u00fcber ihr neues Buch The Brave Princess and Me (Buch und Veranstaltung auf Englisch). The Brave Princess and&hellip;","og_url":"https:\/\/martinluther.ca\/de\/2019\/10\/bilderbuch-gespraech-mit-der-autorin-kathy-kacer-ueber-the-brave-princess-and-me-am-5-nov-um-1000-uhr\/","og_site_name":"Martin Luther Evangelische Kirche Toronto","article_publisher":"https:\/\/www.facebook.com\/martinlutherchurchtoronto","article_published_time":"2019-10-18T15:28:45+00:00","article_modified_time":"2019-11-01T18:47:01+00:00","og_image":[{"width":1280,"height":989,"url":"https:\/\/martinluther.ca\/wp-content\/uploads\/2019\/10\/The-Brave-Princess-and-Me-HEW2019-175KB.jpg","type":"image\/jpeg"}],"author":"Mona Kakoschke Frantzke","twitter_card":"summary_large_image","twitter_misc":{"Verfasst von":"Mona Kakoschke Frantzke","Gesch\u00e4tzte Lesezeit":"2\u00a0Minuten"},"schema":{"@context":"https:\/\/schema.org","@graph":[{"@type":"Article","@id":"https:\/\/martinluther.ca\/de\/2019\/10\/bilderbuch-gespraech-mit-der-autorin-kathy-kacer-ueber-the-brave-princess-and-me-am-5-nov-um-1000-uhr\/#article","isPartOf":{"@id":"https:\/\/martinluther.ca\/de\/2019\/10\/bilderbuch-gespraech-mit-der-autorin-kathy-kacer-ueber-the-brave-princess-and-me-am-5-nov-um-1000-uhr\/"},"author":{"name":"Mona Kakoschke Frantzke","@id":"https:\/\/martinluther.ca\/de\/#\/schema\/person\/815c51710f70b050f0476f18da6b0c8f"},"headline":"Bilderbuch-Gespr\u00e4ch mit der Autorin Kathy Kacer \u00fcber The Brave Princess and Me\u00a0am 5. Nov um 10,00 Uhr","datePublished":"2019-10-18T15:28:45+00:00","dateModified":"2019-11-01T18:47:01+00:00","mainEntityOfPage":{"@id":"https:\/\/martinluther.ca\/de\/2019\/10\/bilderbuch-gespraech-mit-der-autorin-kathy-kacer-ueber-the-brave-princess-and-me-am-5-nov-um-1000-uhr\/"},"wordCount":318,"publisher":{"@id":"https:\/\/martinluther.ca\/de\/#organization"},"image":{"@id":"https:\/\/martinluther.ca\/de\/2019\/10\/bilderbuch-gespraech-mit-der-autorin-kathy-kacer-ueber-the-brave-princess-and-me-am-5-nov-um-1000-uhr\/#primaryimage"},"thumbnailUrl":"https:\/\/martinluther.ca\/wp-content\/uploads\/2019\/10\/The-Brave-Princess-and-Me-HEW2019-175KB.jpg","articleSection":["News Blog - German"],"inLanguage":"de"},{"@type":"WebPage","@id":"https:\/\/martinluther.ca\/de\/2019\/10\/bilderbuch-gespraech-mit-der-autorin-kathy-kacer-ueber-the-brave-princess-and-me-am-5-nov-um-1000-uhr\/","url":"https:\/\/martinluther.ca\/de\/2019\/10\/bilderbuch-gespraech-mit-der-autorin-kathy-kacer-ueber-the-brave-princess-and-me-am-5-nov-um-1000-uhr\/","name":"Bilderbuch-Gespr\u00e4ch mit der Autorin Kathy Kacer \u00fcber The Brave Princess and Me\u00a0am 5. Nov um 10,00 Uhr - Martin Luther Evangelische Kirche Toronto","isPartOf":{"@id":"https:\/\/martinluther.ca\/de\/#website"},"primaryImageOfPage":{"@id":"https:\/\/martinluther.ca\/de\/2019\/10\/bilderbuch-gespraech-mit-der-autorin-kathy-kacer-ueber-the-brave-princess-and-me-am-5-nov-um-1000-uhr\/#primaryimage"},"image":{"@id":"https:\/\/martinluther.ca\/de\/2019\/10\/bilderbuch-gespraech-mit-der-autorin-kathy-kacer-ueber-the-brave-princess-and-me-am-5-nov-um-1000-uhr\/#primaryimage"},"thumbnailUrl":"https:\/\/martinluther.ca\/wp-content\/uploads\/2019\/10\/The-Brave-Princess-and-Me-HEW2019-175KB.jpg","datePublished":"2019-10-18T15:28:45+00:00","dateModified":"2019-11-01T18:47:01+00:00","breadcrumb":{"@id":"https:\/\/martinluther.ca\/de\/2019\/10\/bilderbuch-gespraech-mit-der-autorin-kathy-kacer-ueber-the-brave-princess-and-me-am-5-nov-um-1000-uhr\/#breadcrumb"},"inLanguage":"de","potentialAction":[{"@type":"ReadAction","target":["https:\/\/martinluther.ca\/de\/2019\/10\/bilderbuch-gespraech-mit-der-autorin-kathy-kacer-ueber-the-brave-princess-and-me-am-5-nov-um-1000-uhr\/"]}]},{"@type":"ImageObject","inLanguage":"de","@id":"https:\/\/martinluther.ca\/de\/2019\/10\/bilderbuch-gespraech-mit-der-autorin-kathy-kacer-ueber-the-brave-princess-and-me-am-5-nov-um-1000-uhr\/#primaryimage","url":"https:\/\/martinluther.ca\/wp-content\/uploads\/2019\/10\/The-Brave-Princess-and-Me-HEW2019-175KB.jpg","contentUrl":"https:\/\/martinluther.ca\/wp-content\/uploads\/2019\/10\/The-Brave-Princess-and-Me-HEW2019-175KB.jpg","width":1280,"height":989,"caption":"The Brave Princess and Me -HEW2019 picture book cover author Kathy Kacer"},{"@type":"BreadcrumbList","@id":"https:\/\/martinluther.ca\/de\/2019\/10\/bilderbuch-gespraech-mit-der-autorin-kathy-kacer-ueber-the-brave-princess-and-me-am-5-nov-um-1000-uhr\/#breadcrumb","itemListElement":[{"@type":"ListItem","position":1,"name":"Home","item":"https:\/\/martinluther.ca\/de\/"},{"@type":"ListItem","position":2,"name":"Bilderbuch-Gespr\u00e4ch mit der Autorin Kathy Kacer \u00fcber The Brave Princess and Me\u00a0am 5. Nov um 10,00 Uhr"}]},{"@type":"WebSite","@id":"https:\/\/martinluther.ca\/de\/#website","url":"https:\/\/martinluther.ca\/de\/","name":"Martin Luther Evangelical Church Toronto","description":"Deutsch &amp; Englisch","publisher":{"@id":"https:\/\/martinluther.ca\/de\/#organization"},"potentialAction":[{"@type":"SearchAction","target":{"@type":"EntryPoint","urlTemplate":"https:\/\/martinluther.ca\/de\/?s={search_term_string}"},"query-input":{"@type":"PropertyValueSpecification","valueRequired":true,"valueName":"search_term_string"}}],"inLanguage":"de"},{"@type":"Organization","@id":"https:\/\/martinluther.ca\/de\/#organization","name":"Martin Luther Evangelical Church Toronto","url":"https:\/\/martinluther.ca\/de\/","logo":{"@type":"ImageObject","inLanguage":"de","@id":"https:\/\/martinluther.ca\/de\/#\/schema\/logo\/image\/","url":"https:\/\/martinluther.ca\/wp-content\/uploads\/2016\/12\/ml-logo-300.png","contentUrl":"https:\/\/martinluther.ca\/wp-content\/uploads\/2016\/12\/ml-logo-300.png","width":300,"height":150,"caption":"Martin Luther Evangelical Church Toronto"},"image":{"@id":"https:\/\/martinluther.ca\/de\/#\/schema\/logo\/image\/"},"sameAs":["https:\/\/www.facebook.com\/martinlutherchurchtoronto","https:\/\/www.instagram.com\/lutheransbythelake\/","https:\/\/www.youtube.com\/MartinLutherChurchToronto"]},{"@type":"Person","@id":"https:\/\/martinluther.ca\/de\/#\/schema\/person\/815c51710f70b050f0476f18da6b0c8f","name":"Mona Kakoschke Frantzke","image":{"@type":"ImageObject","inLanguage":"de","@id":"https:\/\/secure.gravatar.com\/avatar\/0deb16854ca545cd2e9fc8001ca110d262b80d5c8317b38dc542265fbea0ed19?s=96&d=mm&r=g","url":"https:\/\/secure.gravatar.com\/avatar\/0deb16854ca545cd2e9fc8001ca110d262b80d5c8317b38dc542265fbea0ed19?s=96&d=mm&r=g","contentUrl":"https:\/\/secure.gravatar.com\/avatar\/0deb16854ca545cd2e9fc8001ca110d262b80d5c8317b38dc542265fbea0ed19?s=96&d=mm&r=g","caption":"Mona Kakoschke Frantzke"},"url":false}]}},"_links":{"self":[{"href":"https:\/\/martinluther.ca\/de\/wp-json\/wp\/v2\/posts\/32125","targetHints":{"allow":["GET"]}}],"collection":[{"href":"https:\/\/martinluther.ca\/de\/wp-json\/wp\/v2\/posts"}],"about":[{"href":"https:\/\/martinluther.ca\/de\/wp-json\/wp\/v2\/types\/post"}],"author":[{"embeddable":true,"href":"https:\/\/martinluther.ca\/de\/wp-json\/wp\/v2\/users\/9"}],"replies":[{"embeddable":true,"href":"https:\/\/martinluther.ca\/de\/wp-json\/wp\/v2\/comments?post=32125"}],"version-history":[{"count":7,"href":"https:\/\/martinluther.ca\/de\/wp-json\/wp\/v2\/posts\/32125\/revisions"}],"predecessor-version":[{"id":32281,"href":"https:\/\/martinluther.ca\/de\/wp-json\/wp\/v2\/posts\/32125\/revisions\/32281"}],"wp:featuredmedia":[{"embeddable":true,"href":"https:\/\/martinluther.ca\/de\/wp-json\/wp\/v2\/media\/32193"}],"wp:attachment":[{"href":"https:\/\/martinluther.ca\/de\/wp-json\/wp\/v2\/media?parent=32125"}],"wp:term":[{"taxonomy":"category","embeddable":true,"href":"https:\/\/martinluther.ca\/de\/wp-json\/wp\/v2\/categories?post=32125"},{"taxonomy":"post_tag","embeddable":true,"href":"https:\/\/martinluther.ca\/de\/wp-json\/wp\/v2\/tags?post=32125"},{"taxonomy":"post_series","embeddable":true,"href":"https:\/\/martinluther.ca\/de\/wp-json\/wp\/v2\/post_series?post=32125"}],"curies":[{"name":"wp","href":"https:\/\/api.w.org\/{rel}","templated":true}]}}