{"id":32224,"date":"2019-10-20T14:20:27","date_gmt":"2019-10-20T18:20:27","guid":{"rendered":"https:\/\/martinluther.ca\/?p=32224"},"modified":"2024-01-04T17:41:04","modified_gmt":"2024-01-04T22:41:04","slug":"wir-bilden-weiter-leiterinnen-fuer-die-zukunft-unserer-kirche","status":"publish","type":"post","link":"https:\/\/martinluther.ca\/de\/2019\/10\/wir-bilden-weiter-leiterinnen-fuer-die-zukunft-unserer-kirche\/","title":{"rendered":"Leiter*innen f\u00fcr die Zukunft"},"content":{"rendered":"<p><img loading=\"lazy\" decoding=\"async\" class=\"alignright size-medium wp-image-30127\" src=\"https:\/\/martinluther.ca\/wp-content\/uploads\/2015\/04\/2015-Spring-Martin-Luther-Ambassador-08BB-300x225.jpg\" alt=\"2015 April, Martin Luther Ambassador statue in front of our church\" width=\"300\" height=\"225\" srcset=\"https:\/\/martinluther.ca\/wp-content\/uploads\/2015\/04\/2015-Spring-Martin-Luther-Ambassador-08BB-300x225.jpg 300w, https:\/\/martinluther.ca\/wp-content\/uploads\/2015\/04\/2015-Spring-Martin-Luther-Ambassador-08BB.jpg 1024w\" sizes=\"auto, (max-width: 300px) 100vw, 300px\" \/>Im November 2019, Februar 2020 und April 2020 werden wir unsere vier Vikar*innen (Silke Fahl, Adam McComb, Jordan Smith, and Caroline Raddatz) gemeinsam mit Hannah Johnston und Marlena M\u00fcller zur Missions-F\u00fchrungskohorte senden, einer Fortbildung f\u00fcr umgestaltende F\u00fchrungskr\u00e4fte, die durch \u201e<strong>Fresh Expressions<\/strong>\u201c angeboten wird.<\/p>\n<p>Ein Ergebnis dieser Weiterbildung war unser Dinner Church-Programm. Siehe unsere Webseite\u00a0 \u201e<a href=\"https:\/\/martinluther.ca\/de\/dinner-church-by-the-lake\/\" target=\"_blank\" rel=\"noopener noreferrer\">Dinner Church by the Lake<\/a>\u201c.<\/p>\n<p>Wir sind gespannt, was f\u00fcr Ideen unser Team dieses Mal nach dem Training einbringen wird.<\/p>\n<p>Die Kursgeb\u00fchren f\u00fcr unser Team wurden gro\u00dfz\u00fcgigerweise von der <strong>EKD<\/strong> und unserer <strong>Eastern Synod<\/strong> \u00fcbernommen.<\/p>\n<p>Weitere Informationen unter: <a href=\"https:\/\/www.freshexpressions.ca\/mlc\/\" target=\"_blank\" rel=\"noopener noreferrer\">https:\/\/www.freshexpressions.ca\/mlc\/<\/a><\/p>\n","protected":false},"excerpt":{"rendered":"<p>Im November 2019, Februar 2020 und April 2020 werden wir unsere vier Vikar*innen (Silke Fahl, Adam McComb, Jordan Smith, and Caroline Raddatz) gemeinsam mit Hannah Johnston und Marlena M\u00fcller zur Missions-F\u00fchrungskohorte senden, einer Fortbildung f\u00fcr umgestaltende F\u00fchrungskr\u00e4fte, die durch \u201eFresh Expressions\u201c angeboten wird. Ein Ergebnis dieser Weiterbildung war unser Dinner Church-Programm. Siehe unsere Webseite\u00a0 \u201eDinner&hellip;<\/p>\n","protected":false},"author":9,"featured_media":30127,"comment_status":"closed","ping_status":"closed","sticky":false,"template":"","format":"standard","meta":{"footnotes":""},"categories":[69],"tags":[],"post_series":[],"class_list":["post-32224","post","type-post","status-publish","format-standard","has-post-thumbnail","hentry","category-news-blog-german","entry","has-media"],"yoast_head":"<!-- This site is optimized with the Yoast SEO plugin v27.5 - https:\/\/yoast.com\/product\/yoast-seo-wordpress\/ -->\n<title>Leiter*innen f\u00fcr die Zukunft - Martin Luther Evangelische Kirche Toronto<\/title>\n<meta name=\"robots\" content=\"index, follow, max-snippet:-1, max-image-preview:large, max-video-preview:-1\" \/>\n<link rel=\"canonical\" href=\"https:\/\/martinluther.ca\/de\/2019\/10\/wir-bilden-weiter-leiterinnen-fuer-die-zukunft-unserer-kirche\/\" \/>\n<meta property=\"og:locale\" content=\"de_DE\" \/>\n<meta property=\"og:type\" content=\"article\" \/>\n<meta property=\"og:title\" content=\"Leiter*innen f\u00fcr die Zukunft - Martin Luther Evangelische Kirche Toronto\" \/>\n<meta property=\"og:description\" content=\"Im November 2019, Februar 2020 und April 2020 werden wir unsere vier Vikar*innen (Silke Fahl, Adam McComb, Jordan Smith, and Caroline Raddatz) gemeinsam mit Hannah Johnston und Marlena M\u00fcller zur Missions-F\u00fchrungskohorte senden, einer Fortbildung f\u00fcr umgestaltende F\u00fchrungskr\u00e4fte, die durch \u201eFresh Expressions\u201c angeboten wird. Ein Ergebnis dieser Weiterbildung war unser Dinner Church-Programm. Siehe unsere Webseite\u00a0 \u201eDinner&hellip;\" \/>\n<meta property=\"og:url\" content=\"https:\/\/martinluther.ca\/de\/2019\/10\/wir-bilden-weiter-leiterinnen-fuer-die-zukunft-unserer-kirche\/\" \/>\n<meta property=\"og:site_name\" content=\"Martin Luther Evangelische Kirche Toronto\" \/>\n<meta property=\"article:publisher\" content=\"https:\/\/www.facebook.com\/martinlutherchurchtoronto\" \/>\n<meta property=\"article:published_time\" content=\"2019-10-20T18:20:27+00:00\" \/>\n<meta property=\"article:modified_time\" content=\"2024-01-04T22:41:04+00:00\" \/>\n<meta property=\"og:image\" content=\"https:\/\/martinluther.ca\/wp-content\/uploads\/2015\/04\/2015-Spring-Martin-Luther-Ambassador-08BB.jpg\" \/>\n\t<meta property=\"og:image:width\" content=\"1024\" \/>\n\t<meta property=\"og:image:height\" content=\"768\" \/>\n\t<meta property=\"og:image:type\" content=\"image\/jpeg\" \/>\n<meta name=\"author\" content=\"Mona Kakoschke Frantzke\" \/>\n<meta name=\"twitter:card\" content=\"summary_large_image\" \/>\n<meta name=\"twitter:label1\" content=\"Verfasst von\" \/>\n\t<meta name=\"twitter:data1\" content=\"Mona Kakoschke Frantzke\" \/>\n\t<meta name=\"twitter:label2\" content=\"Gesch\u00e4tzte Lesezeit\" \/>\n\t<meta name=\"twitter:data2\" content=\"1\u00a0Minute\" \/>\n<script type=\"application\/ld+json\" class=\"yoast-schema-graph\">{\"@context\":\"https:\\\/\\\/schema.org\",\"@graph\":[{\"@type\":\"Article\",\"@id\":\"https:\\\/\\\/martinluther.ca\\\/de\\\/2019\\\/10\\\/wir-bilden-weiter-leiterinnen-fuer-die-zukunft-unserer-kirche\\\/#article\",\"isPartOf\":{\"@id\":\"https:\\\/\\\/martinluther.ca\\\/de\\\/2019\\\/10\\\/wir-bilden-weiter-leiterinnen-fuer-die-zukunft-unserer-kirche\\\/\"},\"author\":{\"name\":\"Mona Kakoschke Frantzke\",\"@id\":\"https:\\\/\\\/martinluther.ca\\\/de\\\/#\\\/schema\\\/person\\\/815c51710f70b050f0476f18da6b0c8f\"},\"headline\":\"Leiter*innen f\u00fcr die Zukunft\",\"datePublished\":\"2019-10-20T18:20:27+00:00\",\"dateModified\":\"2024-01-04T22:41:04+00:00\",\"mainEntityOfPage\":{\"@id\":\"https:\\\/\\\/martinluther.ca\\\/de\\\/2019\\\/10\\\/wir-bilden-weiter-leiterinnen-fuer-die-zukunft-unserer-kirche\\\/\"},\"wordCount\":111,\"publisher\":{\"@id\":\"https:\\\/\\\/martinluther.ca\\\/de\\\/#organization\"},\"image\":{\"@id\":\"https:\\\/\\\/martinluther.ca\\\/de\\\/2019\\\/10\\\/wir-bilden-weiter-leiterinnen-fuer-die-zukunft-unserer-kirche\\\/#primaryimage\"},\"thumbnailUrl\":\"https:\\\/\\\/martinluther.ca\\\/wp-content\\\/uploads\\\/2015\\\/04\\\/2015-Spring-Martin-Luther-Ambassador-08BB.jpg\",\"articleSection\":[\"News Blog - German\"],\"inLanguage\":\"de\"},{\"@type\":\"WebPage\",\"@id\":\"https:\\\/\\\/martinluther.ca\\\/de\\\/2019\\\/10\\\/wir-bilden-weiter-leiterinnen-fuer-die-zukunft-unserer-kirche\\\/\",\"url\":\"https:\\\/\\\/martinluther.ca\\\/de\\\/2019\\\/10\\\/wir-bilden-weiter-leiterinnen-fuer-die-zukunft-unserer-kirche\\\/\",\"name\":\"Leiter*innen f\u00fcr die Zukunft - Martin Luther Evangelische Kirche Toronto\",\"isPartOf\":{\"@id\":\"https:\\\/\\\/martinluther.ca\\\/de\\\/#website\"},\"primaryImageOfPage\":{\"@id\":\"https:\\\/\\\/martinluther.ca\\\/de\\\/2019\\\/10\\\/wir-bilden-weiter-leiterinnen-fuer-die-zukunft-unserer-kirche\\\/#primaryimage\"},\"image\":{\"@id\":\"https:\\\/\\\/martinluther.ca\\\/de\\\/2019\\\/10\\\/wir-bilden-weiter-leiterinnen-fuer-die-zukunft-unserer-kirche\\\/#primaryimage\"},\"thumbnailUrl\":\"https:\\\/\\\/martinluther.ca\\\/wp-content\\\/uploads\\\/2015\\\/04\\\/2015-Spring-Martin-Luther-Ambassador-08BB.jpg\",\"datePublished\":\"2019-10-20T18:20:27+00:00\",\"dateModified\":\"2024-01-04T22:41:04+00:00\",\"breadcrumb\":{\"@id\":\"https:\\\/\\\/martinluther.ca\\\/de\\\/2019\\\/10\\\/wir-bilden-weiter-leiterinnen-fuer-die-zukunft-unserer-kirche\\\/#breadcrumb\"},\"inLanguage\":\"de\",\"potentialAction\":[{\"@type\":\"ReadAction\",\"target\":[\"https:\\\/\\\/martinluther.ca\\\/de\\\/2019\\\/10\\\/wir-bilden-weiter-leiterinnen-fuer-die-zukunft-unserer-kirche\\\/\"]}]},{\"@type\":\"ImageObject\",\"inLanguage\":\"de\",\"@id\":\"https:\\\/\\\/martinluther.ca\\\/de\\\/2019\\\/10\\\/wir-bilden-weiter-leiterinnen-fuer-die-zukunft-unserer-kirche\\\/#primaryimage\",\"url\":\"https:\\\/\\\/martinluther.ca\\\/wp-content\\\/uploads\\\/2015\\\/04\\\/2015-Spring-Martin-Luther-Ambassador-08BB.jpg\",\"contentUrl\":\"https:\\\/\\\/martinluther.ca\\\/wp-content\\\/uploads\\\/2015\\\/04\\\/2015-Spring-Martin-Luther-Ambassador-08BB.jpg\",\"width\":1024,\"height\":768,\"caption\":\"2015 April, Martin Luther Ambassador statue in front of our church\"},{\"@type\":\"BreadcrumbList\",\"@id\":\"https:\\\/\\\/martinluther.ca\\\/de\\\/2019\\\/10\\\/wir-bilden-weiter-leiterinnen-fuer-die-zukunft-unserer-kirche\\\/#breadcrumb\",\"itemListElement\":[{\"@type\":\"ListItem\",\"position\":1,\"name\":\"Home\",\"item\":\"https:\\\/\\\/martinluther.ca\\\/de\\\/\"},{\"@type\":\"ListItem\",\"position\":2,\"name\":\"Leiter*innen f\u00fcr die Zukunft\"}]},{\"@type\":\"WebSite\",\"@id\":\"https:\\\/\\\/martinluther.ca\\\/de\\\/#website\",\"url\":\"https:\\\/\\\/martinluther.ca\\\/de\\\/\",\"name\":\"Martin Luther Evangelical Church Toronto\",\"description\":\"Deutsch &amp; Englisch\",\"publisher\":{\"@id\":\"https:\\\/\\\/martinluther.ca\\\/de\\\/#organization\"},\"potentialAction\":[{\"@type\":\"SearchAction\",\"target\":{\"@type\":\"EntryPoint\",\"urlTemplate\":\"https:\\\/\\\/martinluther.ca\\\/de\\\/?s={search_term_string}\"},\"query-input\":{\"@type\":\"PropertyValueSpecification\",\"valueRequired\":true,\"valueName\":\"search_term_string\"}}],\"inLanguage\":\"de\"},{\"@type\":\"Organization\",\"@id\":\"https:\\\/\\\/martinluther.ca\\\/de\\\/#organization\",\"name\":\"Martin Luther Evangelical Church Toronto\",\"url\":\"https:\\\/\\\/martinluther.ca\\\/de\\\/\",\"logo\":{\"@type\":\"ImageObject\",\"inLanguage\":\"de\",\"@id\":\"https:\\\/\\\/martinluther.ca\\\/de\\\/#\\\/schema\\\/logo\\\/image\\\/\",\"url\":\"https:\\\/\\\/martinluther.ca\\\/wp-content\\\/uploads\\\/2016\\\/12\\\/ml-logo-300.png\",\"contentUrl\":\"https:\\\/\\\/martinluther.ca\\\/wp-content\\\/uploads\\\/2016\\\/12\\\/ml-logo-300.png\",\"width\":300,\"height\":150,\"caption\":\"Martin Luther Evangelical Church Toronto\"},\"image\":{\"@id\":\"https:\\\/\\\/martinluther.ca\\\/de\\\/#\\\/schema\\\/logo\\\/image\\\/\"},\"sameAs\":[\"https:\\\/\\\/www.facebook.com\\\/martinlutherchurchtoronto\",\"https:\\\/\\\/www.instagram.com\\\/lutheransbythelake\\\/\",\"https:\\\/\\\/www.youtube.com\\\/MartinLutherChurchToronto\"]},{\"@type\":\"Person\",\"@id\":\"https:\\\/\\\/martinluther.ca\\\/de\\\/#\\\/schema\\\/person\\\/815c51710f70b050f0476f18da6b0c8f\",\"name\":\"Mona Kakoschke Frantzke\",\"image\":{\"@type\":\"ImageObject\",\"inLanguage\":\"de\",\"@id\":\"https:\\\/\\\/secure.gravatar.com\\\/avatar\\\/0deb16854ca545cd2e9fc8001ca110d262b80d5c8317b38dc542265fbea0ed19?s=96&d=mm&r=g\",\"url\":\"https:\\\/\\\/secure.gravatar.com\\\/avatar\\\/0deb16854ca545cd2e9fc8001ca110d262b80d5c8317b38dc542265fbea0ed19?s=96&d=mm&r=g\",\"contentUrl\":\"https:\\\/\\\/secure.gravatar.com\\\/avatar\\\/0deb16854ca545cd2e9fc8001ca110d262b80d5c8317b38dc542265fbea0ed19?s=96&d=mm&r=g\",\"caption\":\"Mona Kakoschke Frantzke\"},\"url\":false}]}<\/script>\n<!-- \/ Yoast SEO plugin. -->","yoast_head_json":{"title":"Leiter*innen f\u00fcr die Zukunft - Martin Luther Evangelische Kirche Toronto","robots":{"index":"index","follow":"follow","max-snippet":"max-snippet:-1","max-image-preview":"max-image-preview:large","max-video-preview":"max-video-preview:-1"},"canonical":"https:\/\/martinluther.ca\/de\/2019\/10\/wir-bilden-weiter-leiterinnen-fuer-die-zukunft-unserer-kirche\/","og_locale":"de_DE","og_type":"article","og_title":"Leiter*innen f\u00fcr die Zukunft - Martin Luther Evangelische Kirche Toronto","og_description":"Im November 2019, Februar 2020 und April 2020 werden wir unsere vier Vikar*innen (Silke Fahl, Adam McComb, Jordan Smith, and Caroline Raddatz) gemeinsam mit Hannah Johnston und Marlena M\u00fcller zur Missions-F\u00fchrungskohorte senden, einer Fortbildung f\u00fcr umgestaltende F\u00fchrungskr\u00e4fte, die durch \u201eFresh Expressions\u201c angeboten wird. Ein Ergebnis dieser Weiterbildung war unser Dinner Church-Programm. Siehe unsere Webseite\u00a0 \u201eDinner&hellip;","og_url":"https:\/\/martinluther.ca\/de\/2019\/10\/wir-bilden-weiter-leiterinnen-fuer-die-zukunft-unserer-kirche\/","og_site_name":"Martin Luther Evangelische Kirche Toronto","article_publisher":"https:\/\/www.facebook.com\/martinlutherchurchtoronto","article_published_time":"2019-10-20T18:20:27+00:00","article_modified_time":"2024-01-04T22:41:04+00:00","og_image":[{"width":1024,"height":768,"url":"https:\/\/martinluther.ca\/wp-content\/uploads\/2015\/04\/2015-Spring-Martin-Luther-Ambassador-08BB.jpg","type":"image\/jpeg"}],"author":"Mona Kakoschke Frantzke","twitter_card":"summary_large_image","twitter_misc":{"Verfasst von":"Mona Kakoschke Frantzke","Gesch\u00e4tzte Lesezeit":"1\u00a0Minute"},"schema":{"@context":"https:\/\/schema.org","@graph":[{"@type":"Article","@id":"https:\/\/martinluther.ca\/de\/2019\/10\/wir-bilden-weiter-leiterinnen-fuer-die-zukunft-unserer-kirche\/#article","isPartOf":{"@id":"https:\/\/martinluther.ca\/de\/2019\/10\/wir-bilden-weiter-leiterinnen-fuer-die-zukunft-unserer-kirche\/"},"author":{"name":"Mona Kakoschke Frantzke","@id":"https:\/\/martinluther.ca\/de\/#\/schema\/person\/815c51710f70b050f0476f18da6b0c8f"},"headline":"Leiter*innen f\u00fcr die Zukunft","datePublished":"2019-10-20T18:20:27+00:00","dateModified":"2024-01-04T22:41:04+00:00","mainEntityOfPage":{"@id":"https:\/\/martinluther.ca\/de\/2019\/10\/wir-bilden-weiter-leiterinnen-fuer-die-zukunft-unserer-kirche\/"},"wordCount":111,"publisher":{"@id":"https:\/\/martinluther.ca\/de\/#organization"},"image":{"@id":"https:\/\/martinluther.ca\/de\/2019\/10\/wir-bilden-weiter-leiterinnen-fuer-die-zukunft-unserer-kirche\/#primaryimage"},"thumbnailUrl":"https:\/\/martinluther.ca\/wp-content\/uploads\/2015\/04\/2015-Spring-Martin-Luther-Ambassador-08BB.jpg","articleSection":["News Blog - German"],"inLanguage":"de"},{"@type":"WebPage","@id":"https:\/\/martinluther.ca\/de\/2019\/10\/wir-bilden-weiter-leiterinnen-fuer-die-zukunft-unserer-kirche\/","url":"https:\/\/martinluther.ca\/de\/2019\/10\/wir-bilden-weiter-leiterinnen-fuer-die-zukunft-unserer-kirche\/","name":"Leiter*innen f\u00fcr die Zukunft - Martin Luther Evangelische Kirche Toronto","isPartOf":{"@id":"https:\/\/martinluther.ca\/de\/#website"},"primaryImageOfPage":{"@id":"https:\/\/martinluther.ca\/de\/2019\/10\/wir-bilden-weiter-leiterinnen-fuer-die-zukunft-unserer-kirche\/#primaryimage"},"image":{"@id":"https:\/\/martinluther.ca\/de\/2019\/10\/wir-bilden-weiter-leiterinnen-fuer-die-zukunft-unserer-kirche\/#primaryimage"},"thumbnailUrl":"https:\/\/martinluther.ca\/wp-content\/uploads\/2015\/04\/2015-Spring-Martin-Luther-Ambassador-08BB.jpg","datePublished":"2019-10-20T18:20:27+00:00","dateModified":"2024-01-04T22:41:04+00:00","breadcrumb":{"@id":"https:\/\/martinluther.ca\/de\/2019\/10\/wir-bilden-weiter-leiterinnen-fuer-die-zukunft-unserer-kirche\/#breadcrumb"},"inLanguage":"de","potentialAction":[{"@type":"ReadAction","target":["https:\/\/martinluther.ca\/de\/2019\/10\/wir-bilden-weiter-leiterinnen-fuer-die-zukunft-unserer-kirche\/"]}]},{"@type":"ImageObject","inLanguage":"de","@id":"https:\/\/martinluther.ca\/de\/2019\/10\/wir-bilden-weiter-leiterinnen-fuer-die-zukunft-unserer-kirche\/#primaryimage","url":"https:\/\/martinluther.ca\/wp-content\/uploads\/2015\/04\/2015-Spring-Martin-Luther-Ambassador-08BB.jpg","contentUrl":"https:\/\/martinluther.ca\/wp-content\/uploads\/2015\/04\/2015-Spring-Martin-Luther-Ambassador-08BB.jpg","width":1024,"height":768,"caption":"2015 April, Martin Luther Ambassador statue in front of our church"},{"@type":"BreadcrumbList","@id":"https:\/\/martinluther.ca\/de\/2019\/10\/wir-bilden-weiter-leiterinnen-fuer-die-zukunft-unserer-kirche\/#breadcrumb","itemListElement":[{"@type":"ListItem","position":1,"name":"Home","item":"https:\/\/martinluther.ca\/de\/"},{"@type":"ListItem","position":2,"name":"Leiter*innen f\u00fcr die Zukunft"}]},{"@type":"WebSite","@id":"https:\/\/martinluther.ca\/de\/#website","url":"https:\/\/martinluther.ca\/de\/","name":"Martin Luther Evangelical Church Toronto","description":"Deutsch &amp; Englisch","publisher":{"@id":"https:\/\/martinluther.ca\/de\/#organization"},"potentialAction":[{"@type":"SearchAction","target":{"@type":"EntryPoint","urlTemplate":"https:\/\/martinluther.ca\/de\/?s={search_term_string}"},"query-input":{"@type":"PropertyValueSpecification","valueRequired":true,"valueName":"search_term_string"}}],"inLanguage":"de"},{"@type":"Organization","@id":"https:\/\/martinluther.ca\/de\/#organization","name":"Martin Luther Evangelical Church Toronto","url":"https:\/\/martinluther.ca\/de\/","logo":{"@type":"ImageObject","inLanguage":"de","@id":"https:\/\/martinluther.ca\/de\/#\/schema\/logo\/image\/","url":"https:\/\/martinluther.ca\/wp-content\/uploads\/2016\/12\/ml-logo-300.png","contentUrl":"https:\/\/martinluther.ca\/wp-content\/uploads\/2016\/12\/ml-logo-300.png","width":300,"height":150,"caption":"Martin Luther Evangelical Church Toronto"},"image":{"@id":"https:\/\/martinluther.ca\/de\/#\/schema\/logo\/image\/"},"sameAs":["https:\/\/www.facebook.com\/martinlutherchurchtoronto","https:\/\/www.instagram.com\/lutheransbythelake\/","https:\/\/www.youtube.com\/MartinLutherChurchToronto"]},{"@type":"Person","@id":"https:\/\/martinluther.ca\/de\/#\/schema\/person\/815c51710f70b050f0476f18da6b0c8f","name":"Mona Kakoschke Frantzke","image":{"@type":"ImageObject","inLanguage":"de","@id":"https:\/\/secure.gravatar.com\/avatar\/0deb16854ca545cd2e9fc8001ca110d262b80d5c8317b38dc542265fbea0ed19?s=96&d=mm&r=g","url":"https:\/\/secure.gravatar.com\/avatar\/0deb16854ca545cd2e9fc8001ca110d262b80d5c8317b38dc542265fbea0ed19?s=96&d=mm&r=g","contentUrl":"https:\/\/secure.gravatar.com\/avatar\/0deb16854ca545cd2e9fc8001ca110d262b80d5c8317b38dc542265fbea0ed19?s=96&d=mm&r=g","caption":"Mona Kakoschke Frantzke"},"url":false}]}},"_links":{"self":[{"href":"https:\/\/martinluther.ca\/de\/wp-json\/wp\/v2\/posts\/32224","targetHints":{"allow":["GET"]}}],"collection":[{"href":"https:\/\/martinluther.ca\/de\/wp-json\/wp\/v2\/posts"}],"about":[{"href":"https:\/\/martinluther.ca\/de\/wp-json\/wp\/v2\/types\/post"}],"author":[{"embeddable":true,"href":"https:\/\/martinluther.ca\/de\/wp-json\/wp\/v2\/users\/9"}],"replies":[{"embeddable":true,"href":"https:\/\/martinluther.ca\/de\/wp-json\/wp\/v2\/comments?post=32224"}],"version-history":[{"count":5,"href":"https:\/\/martinluther.ca\/de\/wp-json\/wp\/v2\/posts\/32224\/revisions"}],"predecessor-version":[{"id":33259,"href":"https:\/\/martinluther.ca\/de\/wp-json\/wp\/v2\/posts\/32224\/revisions\/33259"}],"wp:featuredmedia":[{"embeddable":true,"href":"https:\/\/martinluther.ca\/de\/wp-json\/wp\/v2\/media\/30127"}],"wp:attachment":[{"href":"https:\/\/martinluther.ca\/de\/wp-json\/wp\/v2\/media?parent=32224"}],"wp:term":[{"taxonomy":"category","embeddable":true,"href":"https:\/\/martinluther.ca\/de\/wp-json\/wp\/v2\/categories?post=32224"},{"taxonomy":"post_tag","embeddable":true,"href":"https:\/\/martinluther.ca\/de\/wp-json\/wp\/v2\/tags?post=32224"},{"taxonomy":"post_series","embeddable":true,"href":"https:\/\/martinluther.ca\/de\/wp-json\/wp\/v2\/post_series?post=32224"}],"curies":[{"name":"wp","href":"https:\/\/api.w.org\/{rel}","templated":true}]}}