{"id":32336,"date":"2019-11-04T17:55:55","date_gmt":"2019-11-04T22:55:55","guid":{"rendered":"https:\/\/martinluther.ca\/?p=32336"},"modified":"2019-11-23T13:08:32","modified_gmt":"2019-11-23T18:08:32","slug":"wir-sehen-uns-auf-dem-weihnachtsbasar-und-beim-twmvc-konzert","status":"publish","type":"post","link":"https:\/\/martinluther.ca\/de\/2019\/11\/wir-sehen-uns-auf-dem-weihnachtsbasar-und-beim-twmvc-konzert\/","title":{"rendered":"Wir sehen uns auf dem Weihnachtsbasar und beim Toronto Welsh Male Voice Choir Konzert"},"content":{"rendered":"<p><a href=\"https:\/\/martinluther.ca\/wp-content\/uploads\/2019\/11\/Christmas-Bazaar-Poster2019_final.jpg\"><img loading=\"lazy\" decoding=\"async\" class=\"alignright wp-image-32332\" src=\"https:\/\/martinluther.ca\/wp-content\/uploads\/2019\/11\/Christmas-Bazaar-Poster2019_final-232x300.jpg\" alt=\"\" width=\"400\" height=\"518\" srcset=\"https:\/\/martinluther.ca\/wp-content\/uploads\/2019\/11\/Christmas-Bazaar-Poster2019_final-232x300.jpg 232w, https:\/\/martinluther.ca\/wp-content\/uploads\/2019\/11\/Christmas-Bazaar-Poster2019_final-768x994.jpg 768w, https:\/\/martinluther.ca\/wp-content\/uploads\/2019\/11\/Christmas-Bazaar-Poster2019_final-791x1024.jpg 791w, https:\/\/martinluther.ca\/wp-content\/uploads\/2019\/11\/Christmas-Bazaar-Poster2019_final.jpg 1700w\" sizes=\"auto, (max-width: 400px) 100vw, 400px\" \/><\/a>Die Pl\u00e4ne f\u00fcr einen wundersch\u00f6nen Weihnachtsbasar in unserer Kirche sind bereits in vollem Gange. <strong>Sonntag, den 1. Dezember 2019 von 12.00 bis 14.00 Uhr.<\/strong> Eine weitere Gelegenheit, sich miteinander zu verbinden, eine Gemeinschaft innerhalb unserer Mauern aufzubauen und unsere T\u00fcren zur Nachbarschaft zu \u00f6ffnen.<\/p>\n<p>Der <strong>Toronto Welsh Male Voice Choir<\/strong> <strong>um 15.00 Uhr<\/strong> verspricht Stimmung und Unterhaltung und die verschiedenen Teile des Basars werden zweifellos begeistern und erfreuen! Das Schmiedefeuer steht kurz vor dem entfachten, die W\u00fcrste werden bestellt und das hausgemachte Sauerkraut g\u00e4rt. Marmeladenhersteller sind in ihren K\u00fcchen besch\u00e4ftigt, Handwerker und K\u00fcnstler sind fleissig am werkeln.<\/p>\n<p>Es ist auch Platz f\u00fcr Sie! Wenn Sie dabei sind die Gaben Gottes f\u00fcr Ihren eigenen Vorrat einzukochen, bitten wir Sie auch dem Basar ein oder zwei Gl\u00e4ser zu spenden. Wenn Sie zu Weihnachten f\u00fcr Ihre Freunde basteln, sollte es an ein oder zwei zus\u00e4tzlichen Basteleien f\u00fcr dieses Community-Ereignis nicht fehlen.<\/p>\n<p>Wir brauchen immer noch dringend Waren und Dienstleistungen f\u00fcr die \u201eSilent Auction\u201c \u2013 Theaterkarten, Gutscheine f\u00fcr den Friseur oder ein Restaurant, Kunstwerke \u2013 fragen Sie uns wenn Sie Ideen brauchen! Ein gro\u00dfes Dankesch\u00f6n an diejenigen, die bereits gespendet haben, es gibt noch Platz f\u00fcr mehr, zusammen werden wir uns einen sch\u00f6nen Basar gestalten! Alle Spenden k\u00f6nnen vorher schon in der Kirche abgegeben werden. Vor allem, melden Sie sich doch bitte bei Martina oder Iris, wenn Sie bereit sind, in irgendeiner Weise mitzuhelfen und halten Sie sich den\u00a0 1. Dezember 2019 auf jeden Fall frei, damit auch Sie dabei sein k\u00f6nnen.<\/p>\n<p><strong>Konzert zugunsten der Fl\u00fcchtlingshilfe:\u00a0<\/strong><strong>Toronto Male Voice Choir 1. Dezember 2019 um 15.00 Uhr<\/strong><\/p>\n<p><a href=\"https:\/\/martinluther.ca\/wp-content\/uploads\/2019\/11\/Welsh-Concert-Poster2019_final.jpg\"><img loading=\"lazy\" decoding=\"async\" class=\"alignleft wp-image-32330\" src=\"https:\/\/martinluther.ca\/wp-content\/uploads\/2019\/11\/Welsh-Concert-Poster2019_final-232x300.jpg\" alt=\"\" width=\"400\" height=\"518\" srcset=\"https:\/\/martinluther.ca\/wp-content\/uploads\/2019\/11\/Welsh-Concert-Poster2019_final-232x300.jpg 232w, https:\/\/martinluther.ca\/wp-content\/uploads\/2019\/11\/Welsh-Concert-Poster2019_final-768x994.jpg 768w, https:\/\/martinluther.ca\/wp-content\/uploads\/2019\/11\/Welsh-Concert-Poster2019_final-791x1024.jpg 791w, https:\/\/martinluther.ca\/wp-content\/uploads\/2019\/11\/Welsh-Concert-Poster2019_final.jpg 1700w\" sizes=\"auto, (max-width: 400px) 100vw, 400px\" \/><\/a>Erwachsene $25, Studenten $15 und Sponsoren $50 (inklusive $25 Spendebeleg)<\/p>\n<p>Ticketkauf:\u00a0 online <a href=\"https:\/\/tinyurl.com\/20191201Concert\" target=\"_blank\" rel=\"noopener noreferrer\">https:\/\/tinyurl.com\/20191201Concert<\/a><br \/>\noder direkt in der\u00a0 Martin Luther Kirche (416) 251-8293 oder Christ Church St. James Anglican (416) 251-8711<\/p>\n","protected":false},"excerpt":{"rendered":"<p>Die Pl\u00e4ne f\u00fcr einen wundersch\u00f6nen Weihnachtsbasar in unserer Kirche sind bereits in vollem Gange. Sonntag, den 1. Dezember 2019 von 12.00 bis 14.00 Uhr. Eine weitere Gelegenheit, sich miteinander zu verbinden, eine Gemeinschaft innerhalb unserer Mauern aufzubauen und unsere T\u00fcren zur Nachbarschaft zu \u00f6ffnen. Der Toronto Welsh Male Voice Choir um 15.00 Uhr verspricht Stimmung&hellip;<\/p>\n","protected":false},"author":8,"featured_media":32392,"comment_status":"closed","ping_status":"closed","sticky":false,"template":"","format":"standard","meta":{"footnotes":""},"categories":[69],"tags":[],"post_series":[],"class_list":["post-32336","post","type-post","status-publish","format-standard","has-post-thumbnail","hentry","category-news-blog-german","entry","has-media"],"yoast_head":"<!-- This site is optimized with the Yoast SEO plugin v27.5 - https:\/\/yoast.com\/product\/yoast-seo-wordpress\/ -->\n<title>Wir sehen uns auf dem Weihnachtsbasar und beim Toronto Welsh Male Voice Choir Konzert - Martin Luther Evangelische Kirche Toronto<\/title>\n<meta name=\"robots\" content=\"index, follow, max-snippet:-1, max-image-preview:large, max-video-preview:-1\" \/>\n<link rel=\"canonical\" href=\"https:\/\/martinluther.ca\/2019\/11\/see-you-at-our-christmas-bazaar-and-twmvc-concert\/\" \/>\n<meta property=\"og:locale\" content=\"de_DE\" \/>\n<meta property=\"og:type\" content=\"article\" \/>\n<meta property=\"og:title\" content=\"Wir sehen uns auf dem Weihnachtsbasar und beim Toronto Welsh Male Voice Choir Konzert - Martin Luther Evangelische Kirche Toronto\" \/>\n<meta property=\"og:description\" content=\"Die Pl\u00e4ne f\u00fcr einen wundersch\u00f6nen Weihnachtsbasar in unserer Kirche sind bereits in vollem Gange. Sonntag, den 1. Dezember 2019 von 12.00 bis 14.00 Uhr. Eine weitere Gelegenheit, sich miteinander zu verbinden, eine Gemeinschaft innerhalb unserer Mauern aufzubauen und unsere T\u00fcren zur Nachbarschaft zu \u00f6ffnen. Der Toronto Welsh Male Voice Choir um 15.00 Uhr verspricht Stimmung&hellip;\" \/>\n<meta property=\"og:url\" content=\"https:\/\/martinluther.ca\/2019\/11\/see-you-at-our-christmas-bazaar-and-twmvc-concert\/\" \/>\n<meta property=\"og:site_name\" content=\"Martin Luther Evangelische Kirche Toronto\" \/>\n<meta property=\"article:publisher\" content=\"https:\/\/www.facebook.com\/martinlutherchurchtoronto\" \/>\n<meta property=\"article:published_time\" content=\"2019-11-04T22:55:55+00:00\" \/>\n<meta property=\"article:modified_time\" content=\"2019-11-23T18:08:32+00:00\" \/>\n<meta property=\"og:image\" content=\"https:\/\/martinluther.ca\/wp-content\/uploads\/2019\/11\/Christmas-Bazaar-Web-Post.jpg\" \/>\n\t<meta property=\"og:image:width\" content=\"1152\" \/>\n\t<meta property=\"og:image:height\" content=\"768\" \/>\n\t<meta property=\"og:image:type\" content=\"image\/jpeg\" \/>\n<meta name=\"author\" content=\"Marlena Muller\" \/>\n<meta name=\"twitter:card\" content=\"summary_large_image\" \/>\n<meta name=\"twitter:label1\" content=\"Verfasst von\" \/>\n\t<meta name=\"twitter:data1\" content=\"Marlena Muller\" \/>\n\t<meta name=\"twitter:label2\" content=\"Gesch\u00e4tzte Lesezeit\" \/>\n\t<meta name=\"twitter:data2\" content=\"2\u00a0Minuten\" \/>\n<script type=\"application\/ld+json\" class=\"yoast-schema-graph\">{\"@context\":\"https:\\\/\\\/schema.org\",\"@graph\":[{\"@type\":\"Article\",\"@id\":\"https:\\\/\\\/martinluther.ca\\\/2019\\\/11\\\/see-you-at-our-christmas-bazaar-and-twmvc-concert\\\/#article\",\"isPartOf\":{\"@id\":\"https:\\\/\\\/martinluther.ca\\\/2019\\\/11\\\/see-you-at-our-christmas-bazaar-and-twmvc-concert\\\/\"},\"author\":{\"name\":\"Marlena Muller\",\"@id\":\"https:\\\/\\\/martinluther.ca\\\/de\\\/#\\\/schema\\\/person\\\/ef4e825f5d9d6fd740bbd7813710e15d\"},\"headline\":\"Wir sehen uns auf dem Weihnachtsbasar und beim Toronto Welsh Male Voice Choir Konzert\",\"datePublished\":\"2019-11-04T22:55:55+00:00\",\"dateModified\":\"2019-11-23T18:08:32+00:00\",\"mainEntityOfPage\":{\"@id\":\"https:\\\/\\\/martinluther.ca\\\/2019\\\/11\\\/see-you-at-our-christmas-bazaar-and-twmvc-concert\\\/\"},\"wordCount\":315,\"publisher\":{\"@id\":\"https:\\\/\\\/martinluther.ca\\\/de\\\/#organization\"},\"image\":{\"@id\":\"https:\\\/\\\/martinluther.ca\\\/2019\\\/11\\\/see-you-at-our-christmas-bazaar-and-twmvc-concert\\\/#primaryimage\"},\"thumbnailUrl\":\"https:\\\/\\\/martinluther.ca\\\/wp-content\\\/uploads\\\/2019\\\/11\\\/Christmas-Bazaar-Web-Post.jpg\",\"articleSection\":[\"News Blog - German\"],\"inLanguage\":\"de\"},{\"@type\":\"WebPage\",\"@id\":\"https:\\\/\\\/martinluther.ca\\\/2019\\\/11\\\/see-you-at-our-christmas-bazaar-and-twmvc-concert\\\/\",\"url\":\"https:\\\/\\\/martinluther.ca\\\/2019\\\/11\\\/see-you-at-our-christmas-bazaar-and-twmvc-concert\\\/\",\"name\":\"Wir sehen uns auf dem Weihnachtsbasar und beim Toronto Welsh Male Voice Choir Konzert - Martin Luther Evangelische Kirche Toronto\",\"isPartOf\":{\"@id\":\"https:\\\/\\\/martinluther.ca\\\/de\\\/#website\"},\"primaryImageOfPage\":{\"@id\":\"https:\\\/\\\/martinluther.ca\\\/2019\\\/11\\\/see-you-at-our-christmas-bazaar-and-twmvc-concert\\\/#primaryimage\"},\"image\":{\"@id\":\"https:\\\/\\\/martinluther.ca\\\/2019\\\/11\\\/see-you-at-our-christmas-bazaar-and-twmvc-concert\\\/#primaryimage\"},\"thumbnailUrl\":\"https:\\\/\\\/martinluther.ca\\\/wp-content\\\/uploads\\\/2019\\\/11\\\/Christmas-Bazaar-Web-Post.jpg\",\"datePublished\":\"2019-11-04T22:55:55+00:00\",\"dateModified\":\"2019-11-23T18:08:32+00:00\",\"breadcrumb\":{\"@id\":\"https:\\\/\\\/martinluther.ca\\\/2019\\\/11\\\/see-you-at-our-christmas-bazaar-and-twmvc-concert\\\/#breadcrumb\"},\"inLanguage\":\"de\",\"potentialAction\":[{\"@type\":\"ReadAction\",\"target\":[\"https:\\\/\\\/martinluther.ca\\\/2019\\\/11\\\/see-you-at-our-christmas-bazaar-and-twmvc-concert\\\/\"]}]},{\"@type\":\"ImageObject\",\"inLanguage\":\"de\",\"@id\":\"https:\\\/\\\/martinluther.ca\\\/2019\\\/11\\\/see-you-at-our-christmas-bazaar-and-twmvc-concert\\\/#primaryimage\",\"url\":\"https:\\\/\\\/martinluther.ca\\\/wp-content\\\/uploads\\\/2019\\\/11\\\/Christmas-Bazaar-Web-Post.jpg\",\"contentUrl\":\"https:\\\/\\\/martinluther.ca\\\/wp-content\\\/uploads\\\/2019\\\/11\\\/Christmas-Bazaar-Web-Post.jpg\",\"width\":1152,\"height\":768},{\"@type\":\"BreadcrumbList\",\"@id\":\"https:\\\/\\\/martinluther.ca\\\/2019\\\/11\\\/see-you-at-our-christmas-bazaar-and-twmvc-concert\\\/#breadcrumb\",\"itemListElement\":[{\"@type\":\"ListItem\",\"position\":1,\"name\":\"Home\",\"item\":\"https:\\\/\\\/martinluther.ca\\\/de\\\/\"},{\"@type\":\"ListItem\",\"position\":2,\"name\":\"Wir sehen uns auf dem Weihnachtsbasar und beim Toronto Welsh Male Voice Choir Konzert\"}]},{\"@type\":\"WebSite\",\"@id\":\"https:\\\/\\\/martinluther.ca\\\/de\\\/#website\",\"url\":\"https:\\\/\\\/martinluther.ca\\\/de\\\/\",\"name\":\"Martin Luther Evangelical Church Toronto\",\"description\":\"Deutsch &amp; Englisch\",\"publisher\":{\"@id\":\"https:\\\/\\\/martinluther.ca\\\/de\\\/#organization\"},\"potentialAction\":[{\"@type\":\"SearchAction\",\"target\":{\"@type\":\"EntryPoint\",\"urlTemplate\":\"https:\\\/\\\/martinluther.ca\\\/de\\\/?s={search_term_string}\"},\"query-input\":{\"@type\":\"PropertyValueSpecification\",\"valueRequired\":true,\"valueName\":\"search_term_string\"}}],\"inLanguage\":\"de\"},{\"@type\":\"Organization\",\"@id\":\"https:\\\/\\\/martinluther.ca\\\/de\\\/#organization\",\"name\":\"Martin Luther Evangelical Church Toronto\",\"url\":\"https:\\\/\\\/martinluther.ca\\\/de\\\/\",\"logo\":{\"@type\":\"ImageObject\",\"inLanguage\":\"de\",\"@id\":\"https:\\\/\\\/martinluther.ca\\\/de\\\/#\\\/schema\\\/logo\\\/image\\\/\",\"url\":\"https:\\\/\\\/martinluther.ca\\\/wp-content\\\/uploads\\\/2016\\\/12\\\/ml-logo-300.png\",\"contentUrl\":\"https:\\\/\\\/martinluther.ca\\\/wp-content\\\/uploads\\\/2016\\\/12\\\/ml-logo-300.png\",\"width\":300,\"height\":150,\"caption\":\"Martin Luther Evangelical Church Toronto\"},\"image\":{\"@id\":\"https:\\\/\\\/martinluther.ca\\\/de\\\/#\\\/schema\\\/logo\\\/image\\\/\"},\"sameAs\":[\"https:\\\/\\\/www.facebook.com\\\/martinlutherchurchtoronto\",\"https:\\\/\\\/www.instagram.com\\\/lutheransbythelake\\\/\",\"https:\\\/\\\/www.youtube.com\\\/MartinLutherChurchToronto\"]},{\"@type\":\"Person\",\"@id\":\"https:\\\/\\\/martinluther.ca\\\/de\\\/#\\\/schema\\\/person\\\/ef4e825f5d9d6fd740bbd7813710e15d\",\"name\":\"Marlena Muller\",\"image\":{\"@type\":\"ImageObject\",\"inLanguage\":\"de\",\"@id\":\"https:\\\/\\\/secure.gravatar.com\\\/avatar\\\/fe840ff753768b839caa2dd522d4797f19f7e22fa2da83388e0fbfc570b65a37?s=96&d=mm&r=g\",\"url\":\"https:\\\/\\\/secure.gravatar.com\\\/avatar\\\/fe840ff753768b839caa2dd522d4797f19f7e22fa2da83388e0fbfc570b65a37?s=96&d=mm&r=g\",\"contentUrl\":\"https:\\\/\\\/secure.gravatar.com\\\/avatar\\\/fe840ff753768b839caa2dd522d4797f19f7e22fa2da83388e0fbfc570b65a37?s=96&d=mm&r=g\",\"caption\":\"Marlena Muller\"},\"url\":false}]}<\/script>\n<!-- \/ Yoast SEO plugin. -->","yoast_head_json":{"title":"Wir sehen uns auf dem Weihnachtsbasar und beim Toronto Welsh Male Voice Choir Konzert - Martin Luther Evangelische Kirche Toronto","robots":{"index":"index","follow":"follow","max-snippet":"max-snippet:-1","max-image-preview":"max-image-preview:large","max-video-preview":"max-video-preview:-1"},"canonical":"https:\/\/martinluther.ca\/2019\/11\/see-you-at-our-christmas-bazaar-and-twmvc-concert\/","og_locale":"de_DE","og_type":"article","og_title":"Wir sehen uns auf dem Weihnachtsbasar und beim Toronto Welsh Male Voice Choir Konzert - Martin Luther Evangelische Kirche Toronto","og_description":"Die Pl\u00e4ne f\u00fcr einen wundersch\u00f6nen Weihnachtsbasar in unserer Kirche sind bereits in vollem Gange. Sonntag, den 1. Dezember 2019 von 12.00 bis 14.00 Uhr. Eine weitere Gelegenheit, sich miteinander zu verbinden, eine Gemeinschaft innerhalb unserer Mauern aufzubauen und unsere T\u00fcren zur Nachbarschaft zu \u00f6ffnen. Der Toronto Welsh Male Voice Choir um 15.00 Uhr verspricht Stimmung&hellip;","og_url":"https:\/\/martinluther.ca\/2019\/11\/see-you-at-our-christmas-bazaar-and-twmvc-concert\/","og_site_name":"Martin Luther Evangelische Kirche Toronto","article_publisher":"https:\/\/www.facebook.com\/martinlutherchurchtoronto","article_published_time":"2019-11-04T22:55:55+00:00","article_modified_time":"2019-11-23T18:08:32+00:00","og_image":[{"width":1152,"height":768,"url":"https:\/\/martinluther.ca\/wp-content\/uploads\/2019\/11\/Christmas-Bazaar-Web-Post.jpg","type":"image\/jpeg"}],"author":"Marlena Muller","twitter_card":"summary_large_image","twitter_misc":{"Verfasst von":"Marlena Muller","Gesch\u00e4tzte Lesezeit":"2\u00a0Minuten"},"schema":{"@context":"https:\/\/schema.org","@graph":[{"@type":"Article","@id":"https:\/\/martinluther.ca\/2019\/11\/see-you-at-our-christmas-bazaar-and-twmvc-concert\/#article","isPartOf":{"@id":"https:\/\/martinluther.ca\/2019\/11\/see-you-at-our-christmas-bazaar-and-twmvc-concert\/"},"author":{"name":"Marlena Muller","@id":"https:\/\/martinluther.ca\/de\/#\/schema\/person\/ef4e825f5d9d6fd740bbd7813710e15d"},"headline":"Wir sehen uns auf dem Weihnachtsbasar und beim Toronto Welsh Male Voice Choir Konzert","datePublished":"2019-11-04T22:55:55+00:00","dateModified":"2019-11-23T18:08:32+00:00","mainEntityOfPage":{"@id":"https:\/\/martinluther.ca\/2019\/11\/see-you-at-our-christmas-bazaar-and-twmvc-concert\/"},"wordCount":315,"publisher":{"@id":"https:\/\/martinluther.ca\/de\/#organization"},"image":{"@id":"https:\/\/martinluther.ca\/2019\/11\/see-you-at-our-christmas-bazaar-and-twmvc-concert\/#primaryimage"},"thumbnailUrl":"https:\/\/martinluther.ca\/wp-content\/uploads\/2019\/11\/Christmas-Bazaar-Web-Post.jpg","articleSection":["News Blog - German"],"inLanguage":"de"},{"@type":"WebPage","@id":"https:\/\/martinluther.ca\/2019\/11\/see-you-at-our-christmas-bazaar-and-twmvc-concert\/","url":"https:\/\/martinluther.ca\/2019\/11\/see-you-at-our-christmas-bazaar-and-twmvc-concert\/","name":"Wir sehen uns auf dem Weihnachtsbasar und beim Toronto Welsh Male Voice Choir Konzert - Martin Luther Evangelische Kirche Toronto","isPartOf":{"@id":"https:\/\/martinluther.ca\/de\/#website"},"primaryImageOfPage":{"@id":"https:\/\/martinluther.ca\/2019\/11\/see-you-at-our-christmas-bazaar-and-twmvc-concert\/#primaryimage"},"image":{"@id":"https:\/\/martinluther.ca\/2019\/11\/see-you-at-our-christmas-bazaar-and-twmvc-concert\/#primaryimage"},"thumbnailUrl":"https:\/\/martinluther.ca\/wp-content\/uploads\/2019\/11\/Christmas-Bazaar-Web-Post.jpg","datePublished":"2019-11-04T22:55:55+00:00","dateModified":"2019-11-23T18:08:32+00:00","breadcrumb":{"@id":"https:\/\/martinluther.ca\/2019\/11\/see-you-at-our-christmas-bazaar-and-twmvc-concert\/#breadcrumb"},"inLanguage":"de","potentialAction":[{"@type":"ReadAction","target":["https:\/\/martinluther.ca\/2019\/11\/see-you-at-our-christmas-bazaar-and-twmvc-concert\/"]}]},{"@type":"ImageObject","inLanguage":"de","@id":"https:\/\/martinluther.ca\/2019\/11\/see-you-at-our-christmas-bazaar-and-twmvc-concert\/#primaryimage","url":"https:\/\/martinluther.ca\/wp-content\/uploads\/2019\/11\/Christmas-Bazaar-Web-Post.jpg","contentUrl":"https:\/\/martinluther.ca\/wp-content\/uploads\/2019\/11\/Christmas-Bazaar-Web-Post.jpg","width":1152,"height":768},{"@type":"BreadcrumbList","@id":"https:\/\/martinluther.ca\/2019\/11\/see-you-at-our-christmas-bazaar-and-twmvc-concert\/#breadcrumb","itemListElement":[{"@type":"ListItem","position":1,"name":"Home","item":"https:\/\/martinluther.ca\/de\/"},{"@type":"ListItem","position":2,"name":"Wir sehen uns auf dem Weihnachtsbasar und beim Toronto Welsh Male Voice Choir Konzert"}]},{"@type":"WebSite","@id":"https:\/\/martinluther.ca\/de\/#website","url":"https:\/\/martinluther.ca\/de\/","name":"Martin Luther Evangelical Church Toronto","description":"Deutsch &amp; Englisch","publisher":{"@id":"https:\/\/martinluther.ca\/de\/#organization"},"potentialAction":[{"@type":"SearchAction","target":{"@type":"EntryPoint","urlTemplate":"https:\/\/martinluther.ca\/de\/?s={search_term_string}"},"query-input":{"@type":"PropertyValueSpecification","valueRequired":true,"valueName":"search_term_string"}}],"inLanguage":"de"},{"@type":"Organization","@id":"https:\/\/martinluther.ca\/de\/#organization","name":"Martin Luther Evangelical Church Toronto","url":"https:\/\/martinluther.ca\/de\/","logo":{"@type":"ImageObject","inLanguage":"de","@id":"https:\/\/martinluther.ca\/de\/#\/schema\/logo\/image\/","url":"https:\/\/martinluther.ca\/wp-content\/uploads\/2016\/12\/ml-logo-300.png","contentUrl":"https:\/\/martinluther.ca\/wp-content\/uploads\/2016\/12\/ml-logo-300.png","width":300,"height":150,"caption":"Martin Luther Evangelical Church Toronto"},"image":{"@id":"https:\/\/martinluther.ca\/de\/#\/schema\/logo\/image\/"},"sameAs":["https:\/\/www.facebook.com\/martinlutherchurchtoronto","https:\/\/www.instagram.com\/lutheransbythelake\/","https:\/\/www.youtube.com\/MartinLutherChurchToronto"]},{"@type":"Person","@id":"https:\/\/martinluther.ca\/de\/#\/schema\/person\/ef4e825f5d9d6fd740bbd7813710e15d","name":"Marlena Muller","image":{"@type":"ImageObject","inLanguage":"de","@id":"https:\/\/secure.gravatar.com\/avatar\/fe840ff753768b839caa2dd522d4797f19f7e22fa2da83388e0fbfc570b65a37?s=96&d=mm&r=g","url":"https:\/\/secure.gravatar.com\/avatar\/fe840ff753768b839caa2dd522d4797f19f7e22fa2da83388e0fbfc570b65a37?s=96&d=mm&r=g","contentUrl":"https:\/\/secure.gravatar.com\/avatar\/fe840ff753768b839caa2dd522d4797f19f7e22fa2da83388e0fbfc570b65a37?s=96&d=mm&r=g","caption":"Marlena Muller"},"url":false}]}},"_links":{"self":[{"href":"https:\/\/martinluther.ca\/de\/wp-json\/wp\/v2\/posts\/32336","targetHints":{"allow":["GET"]}}],"collection":[{"href":"https:\/\/martinluther.ca\/de\/wp-json\/wp\/v2\/posts"}],"about":[{"href":"https:\/\/martinluther.ca\/de\/wp-json\/wp\/v2\/types\/post"}],"author":[{"embeddable":true,"href":"https:\/\/martinluther.ca\/de\/wp-json\/wp\/v2\/users\/8"}],"replies":[{"embeddable":true,"href":"https:\/\/martinluther.ca\/de\/wp-json\/wp\/v2\/comments?post=32336"}],"version-history":[{"count":7,"href":"https:\/\/martinluther.ca\/de\/wp-json\/wp\/v2\/posts\/32336\/revisions"}],"predecessor-version":[{"id":32447,"href":"https:\/\/martinluther.ca\/de\/wp-json\/wp\/v2\/posts\/32336\/revisions\/32447"}],"wp:featuredmedia":[{"embeddable":true,"href":"https:\/\/martinluther.ca\/de\/wp-json\/wp\/v2\/media\/32392"}],"wp:attachment":[{"href":"https:\/\/martinluther.ca\/de\/wp-json\/wp\/v2\/media?parent=32336"}],"wp:term":[{"taxonomy":"category","embeddable":true,"href":"https:\/\/martinluther.ca\/de\/wp-json\/wp\/v2\/categories?post=32336"},{"taxonomy":"post_tag","embeddable":true,"href":"https:\/\/martinluther.ca\/de\/wp-json\/wp\/v2\/tags?post=32336"},{"taxonomy":"post_series","embeddable":true,"href":"https:\/\/martinluther.ca\/de\/wp-json\/wp\/v2\/post_series?post=32336"}],"curies":[{"name":"wp","href":"https:\/\/api.w.org\/{rel}","templated":true}]}}