{"id":32511,"date":"2019-12-06T11:17:45","date_gmt":"2019-12-06T16:17:45","guid":{"rendered":"https:\/\/martinluther.ca\/?p=32511"},"modified":"2019-12-29T15:49:06","modified_gmt":"2019-12-29T20:49:06","slug":"es-ist-die-jahreszeit-bitte-tritt-uns-bei","status":"publish","type":"post","link":"https:\/\/martinluther.ca\/de\/2019\/12\/es-ist-die-jahreszeit-bitte-tritt-uns-bei\/","title":{"rendered":"Es ist die Jahreszeit! Bitte tritt uns bei!"},"content":{"rendered":"<p><strong><img loading=\"lazy\" decoding=\"async\" class=\"alignright size-medium wp-image-32508\" src=\"https:\/\/martinluther.ca\/wp-content\/uploads\/2019\/12\/Open-for-Advent-poster-Dec-5-4x3-300x225.jpg\" alt=\"2019 Open for Advent poster\" width=\"300\" height=\"225\" srcset=\"https:\/\/martinluther.ca\/wp-content\/uploads\/2019\/12\/Open-for-Advent-poster-Dec-5-4x3-300x225.jpg 300w, https:\/\/martinluther.ca\/wp-content\/uploads\/2019\/12\/Open-for-Advent-poster-Dec-5-4x3-768x576.jpg 768w, https:\/\/martinluther.ca\/wp-content\/uploads\/2019\/12\/Open-for-Advent-poster-Dec-5-4x3.jpg 824w\" sizes=\"auto, (max-width: 300px) 100vw, 300px\" \/>Ge\u00f6ffnet f\u00fcr Adventsreflexionen<\/strong> von Montag bis Freitag um 17.30 Uhr und von Samstag bis Sonntag um 12.45 Uhr. Besuchen Sie uns t\u00e4glich f\u00fcr eine 15-min\u00fctige Reflektionszeit mit Kerzenlicht, Lied und kurzem Gebet. Melden Sie sich bei Vikar Jordan Smith wenn Sie dabei sein wollen, <a href=\"mailto:vicarsmith@martinluther.ca\" target=\"_blank\" rel=\"noopener noreferrer\">vicarsmith@martinluther.ca<\/a><\/p>\n<p><strong>Townhall Meeting<\/strong> am Sonntag, den 8. Dezember 2019 nach jedem Gottesdienst (9:45 Uhr in englischer Sprache und 11:00 Uhr in deutscher Sprache, beide mit Heiligen Abendmahl und unserem Kirchenchor)<\/p>\n<p><strong>Weihnachtsspielproben<\/strong> am Sonntag, den 8. Dezember 2019 um 11:00 Uhr, Freitag, den 13. Dezember 2019 um 17:00 Uhr und Sonntag, den 15. Dezember 2019 um 9:00 Uhr. Melden Sie sich bei Vikar Adam McComb wenn Sie gerne mitspielen oder mithelfen wollen, <a href=\"mailto:vicarmccomb@martinluther.ca\" target=\"_blank\" rel=\"noopener noreferrer\">vicarmccomb@martinluther.ca<\/a><\/p>\n<p>Anstehende Special Open for Advent-Aktivit\u00e4ten:<\/p>\n<p><strong>Freitag, 6. Dezember 2019: PA Day Drop In<\/strong> &#8211; Bringen Sie die Kinder zwischen 10:00 und 17:00 Uhr zu verschiedenen Kunst- und Handwerksstationen in der Kirche. Machen Sie ein Weihnachtsgeschenk f\u00fcr einen besonderen Menschen oder dekorieren Sie ein Advent-Herzst\u00fcck, um die Wochen bis Weihnachten zu markieren. Das t\u00e4gliche Adventsreflexion beginnt um 17.30 Uhr.<\/p>\n<p><strong>Mittwoch, 11. Dezember 2019: Advent Sing<\/strong> &#8211; Komm, ruf an, jung und alt, sch\u00fcchtern oder mutig. Bringen Sie ein Lied, ein Instrument oder Ihren Nachbarn mit, um in der Sprache Ihrer Wahl zu singen. Beginnt nach 17:30 Uhr abends. Melden Sie sich bei Vikar Jordan Smith wenn Sie dabei sein wollen, <a href=\"mailto:vicarsmith@martinluther.ca\" target=\"_blank\" rel=\"noopener noreferrer\">vicarsmith@martinluther.ca<\/a><\/p>\n<p><strong>Freitag, 13. Dezember 2019: Weihnachtsspiel-Generalprobe<\/strong> &#8211; Auch wenn Sie bisher noch keine Probe hatten, nehmen Sie ab 17:00 Uhr an der Generalprobe vor dem Festzug teil. Pizza Abendessen zur Verf\u00fcgung gestellt. Wir machen eine kurze Pause f\u00fcr Adventsreflexionen um 17:30 Uhr.<\/p>\n<p>Eine vollst\u00e4ndige Liste unseres <strong>Advents- und Weihnachtsprogramms 2019<\/strong> finden Sie im Zeitplan!<\/p>\n<p><img loading=\"lazy\" decoding=\"async\" class=\"alignleft size-full wp-image-32504\" src=\"https:\/\/martinluther.ca\/wp-content\/uploads\/2019\/12\/2019-Christmas-Events-G.jpg\" alt=\"2019 Christmas Events Schedule\" width=\"1275\" height=\"1650\" srcset=\"https:\/\/martinluther.ca\/wp-content\/uploads\/2019\/12\/2019-Christmas-Events-G.jpg 1275w, https:\/\/martinluther.ca\/wp-content\/uploads\/2019\/12\/2019-Christmas-Events-G-232x300.jpg 232w, https:\/\/martinluther.ca\/wp-content\/uploads\/2019\/12\/2019-Christmas-Events-G-791x1024.jpg 791w, https:\/\/martinluther.ca\/wp-content\/uploads\/2019\/12\/2019-Christmas-Events-G-768x994.jpg 768w, https:\/\/martinluther.ca\/wp-content\/uploads\/2019\/12\/2019-Christmas-Events-G-1187x1536.jpg 1187w\" sizes=\"auto, (max-width: 1275px) 100vw, 1275px\" \/><\/p>\n","protected":false},"excerpt":{"rendered":"<p>Ge\u00f6ffnet f\u00fcr Adventsreflexionen von Montag bis Freitag um 17.30 Uhr und von Samstag bis Sonntag um 12.45 Uhr. Besuchen Sie uns t\u00e4glich f\u00fcr eine 15-min\u00fctige Reflektionszeit mit Kerzenlicht, Lied und kurzem Gebet. Melden Sie sich bei Vikar Jordan Smith wenn Sie dabei sein wollen, vicarsmith@martinluther.ca Townhall Meeting am Sonntag, den 8. Dezember 2019 nach jedem&hellip;<\/p>\n","protected":false},"author":9,"featured_media":32508,"comment_status":"closed","ping_status":"closed","sticky":false,"template":"","format":"standard","meta":{"footnotes":""},"categories":[69],"tags":[],"post_series":[],"class_list":["post-32511","post","type-post","status-publish","format-standard","has-post-thumbnail","hentry","category-news-blog-german","entry","has-media"],"yoast_head":"<!-- This site is optimized with the Yoast SEO plugin v27.5 - https:\/\/yoast.com\/product\/yoast-seo-wordpress\/ -->\n<title>Es ist die Jahreszeit! Bitte tritt uns bei! - Martin Luther Evangelische Kirche Toronto<\/title>\n<meta name=\"robots\" content=\"index, follow, max-snippet:-1, max-image-preview:large, max-video-preview:-1\" \/>\n<link rel=\"canonical\" href=\"https:\/\/martinluther.ca\/de\/2019\/12\/es-ist-die-jahreszeit-bitte-tritt-uns-bei\/\" \/>\n<meta property=\"og:locale\" content=\"de_DE\" \/>\n<meta property=\"og:type\" content=\"article\" \/>\n<meta property=\"og:title\" content=\"Es ist die Jahreszeit! Bitte tritt uns bei! - Martin Luther Evangelische Kirche Toronto\" \/>\n<meta property=\"og:description\" content=\"Ge\u00f6ffnet f\u00fcr Adventsreflexionen von Montag bis Freitag um 17.30 Uhr und von Samstag bis Sonntag um 12.45 Uhr. Besuchen Sie uns t\u00e4glich f\u00fcr eine 15-min\u00fctige Reflektionszeit mit Kerzenlicht, Lied und kurzem Gebet. Melden Sie sich bei Vikar Jordan Smith wenn Sie dabei sein wollen, vicarsmith@martinluther.ca Townhall Meeting am Sonntag, den 8. Dezember 2019 nach jedem&hellip;\" \/>\n<meta property=\"og:url\" content=\"https:\/\/martinluther.ca\/de\/2019\/12\/es-ist-die-jahreszeit-bitte-tritt-uns-bei\/\" \/>\n<meta property=\"og:site_name\" content=\"Martin Luther Evangelische Kirche Toronto\" \/>\n<meta property=\"article:publisher\" content=\"https:\/\/www.facebook.com\/martinlutherchurchtoronto\" \/>\n<meta property=\"article:published_time\" content=\"2019-12-06T16:17:45+00:00\" \/>\n<meta property=\"article:modified_time\" content=\"2019-12-29T20:49:06+00:00\" \/>\n<meta property=\"og:image\" content=\"https:\/\/martinluther.ca\/wp-content\/uploads\/2019\/12\/Open-for-Advent-poster-Dec-5-4x3.jpg\" \/>\n\t<meta property=\"og:image:width\" content=\"824\" \/>\n\t<meta property=\"og:image:height\" content=\"618\" \/>\n\t<meta property=\"og:image:type\" content=\"image\/jpeg\" \/>\n<meta name=\"author\" content=\"Mona Kakoschke Frantzke\" \/>\n<meta name=\"twitter:card\" content=\"summary_large_image\" \/>\n<meta name=\"twitter:label1\" content=\"Verfasst von\" \/>\n\t<meta name=\"twitter:data1\" content=\"Mona Kakoschke Frantzke\" \/>\n\t<meta name=\"twitter:label2\" content=\"Gesch\u00e4tzte Lesezeit\" \/>\n\t<meta name=\"twitter:data2\" content=\"1\u00a0Minute\" \/>\n<script type=\"application\/ld+json\" class=\"yoast-schema-graph\">{\"@context\":\"https:\\\/\\\/schema.org\",\"@graph\":[{\"@type\":\"Article\",\"@id\":\"https:\\\/\\\/martinluther.ca\\\/de\\\/2019\\\/12\\\/es-ist-die-jahreszeit-bitte-tritt-uns-bei\\\/#article\",\"isPartOf\":{\"@id\":\"https:\\\/\\\/martinluther.ca\\\/de\\\/2019\\\/12\\\/es-ist-die-jahreszeit-bitte-tritt-uns-bei\\\/\"},\"author\":{\"name\":\"Mona Kakoschke Frantzke\",\"@id\":\"https:\\\/\\\/martinluther.ca\\\/de\\\/#\\\/schema\\\/person\\\/815c51710f70b050f0476f18da6b0c8f\"},\"headline\":\"Es ist die Jahreszeit! Bitte tritt uns bei!\",\"datePublished\":\"2019-12-06T16:17:45+00:00\",\"dateModified\":\"2019-12-29T20:49:06+00:00\",\"mainEntityOfPage\":{\"@id\":\"https:\\\/\\\/martinluther.ca\\\/de\\\/2019\\\/12\\\/es-ist-die-jahreszeit-bitte-tritt-uns-bei\\\/\"},\"wordCount\":278,\"publisher\":{\"@id\":\"https:\\\/\\\/martinluther.ca\\\/de\\\/#organization\"},\"image\":{\"@id\":\"https:\\\/\\\/martinluther.ca\\\/de\\\/2019\\\/12\\\/es-ist-die-jahreszeit-bitte-tritt-uns-bei\\\/#primaryimage\"},\"thumbnailUrl\":\"https:\\\/\\\/martinluther.ca\\\/wp-content\\\/uploads\\\/2019\\\/12\\\/Open-for-Advent-poster-Dec-5-4x3.jpg\",\"articleSection\":[\"News Blog - German\"],\"inLanguage\":\"de\"},{\"@type\":\"WebPage\",\"@id\":\"https:\\\/\\\/martinluther.ca\\\/de\\\/2019\\\/12\\\/es-ist-die-jahreszeit-bitte-tritt-uns-bei\\\/\",\"url\":\"https:\\\/\\\/martinluther.ca\\\/de\\\/2019\\\/12\\\/es-ist-die-jahreszeit-bitte-tritt-uns-bei\\\/\",\"name\":\"Es ist die Jahreszeit! Bitte tritt uns bei! - Martin Luther Evangelische Kirche Toronto\",\"isPartOf\":{\"@id\":\"https:\\\/\\\/martinluther.ca\\\/de\\\/#website\"},\"primaryImageOfPage\":{\"@id\":\"https:\\\/\\\/martinluther.ca\\\/de\\\/2019\\\/12\\\/es-ist-die-jahreszeit-bitte-tritt-uns-bei\\\/#primaryimage\"},\"image\":{\"@id\":\"https:\\\/\\\/martinluther.ca\\\/de\\\/2019\\\/12\\\/es-ist-die-jahreszeit-bitte-tritt-uns-bei\\\/#primaryimage\"},\"thumbnailUrl\":\"https:\\\/\\\/martinluther.ca\\\/wp-content\\\/uploads\\\/2019\\\/12\\\/Open-for-Advent-poster-Dec-5-4x3.jpg\",\"datePublished\":\"2019-12-06T16:17:45+00:00\",\"dateModified\":\"2019-12-29T20:49:06+00:00\",\"breadcrumb\":{\"@id\":\"https:\\\/\\\/martinluther.ca\\\/de\\\/2019\\\/12\\\/es-ist-die-jahreszeit-bitte-tritt-uns-bei\\\/#breadcrumb\"},\"inLanguage\":\"de\",\"potentialAction\":[{\"@type\":\"ReadAction\",\"target\":[\"https:\\\/\\\/martinluther.ca\\\/de\\\/2019\\\/12\\\/es-ist-die-jahreszeit-bitte-tritt-uns-bei\\\/\"]}]},{\"@type\":\"ImageObject\",\"inLanguage\":\"de\",\"@id\":\"https:\\\/\\\/martinluther.ca\\\/de\\\/2019\\\/12\\\/es-ist-die-jahreszeit-bitte-tritt-uns-bei\\\/#primaryimage\",\"url\":\"https:\\\/\\\/martinluther.ca\\\/wp-content\\\/uploads\\\/2019\\\/12\\\/Open-for-Advent-poster-Dec-5-4x3.jpg\",\"contentUrl\":\"https:\\\/\\\/martinluther.ca\\\/wp-content\\\/uploads\\\/2019\\\/12\\\/Open-for-Advent-poster-Dec-5-4x3.jpg\",\"width\":824,\"height\":618,\"caption\":\"2019 Open for Advent poster\"},{\"@type\":\"BreadcrumbList\",\"@id\":\"https:\\\/\\\/martinluther.ca\\\/de\\\/2019\\\/12\\\/es-ist-die-jahreszeit-bitte-tritt-uns-bei\\\/#breadcrumb\",\"itemListElement\":[{\"@type\":\"ListItem\",\"position\":1,\"name\":\"Home\",\"item\":\"https:\\\/\\\/martinluther.ca\\\/de\\\/\"},{\"@type\":\"ListItem\",\"position\":2,\"name\":\"Es ist die Jahreszeit! Bitte tritt uns bei!\"}]},{\"@type\":\"WebSite\",\"@id\":\"https:\\\/\\\/martinluther.ca\\\/de\\\/#website\",\"url\":\"https:\\\/\\\/martinluther.ca\\\/de\\\/\",\"name\":\"Martin Luther Evangelical Church Toronto\",\"description\":\"Deutsch &amp; Englisch\",\"publisher\":{\"@id\":\"https:\\\/\\\/martinluther.ca\\\/de\\\/#organization\"},\"potentialAction\":[{\"@type\":\"SearchAction\",\"target\":{\"@type\":\"EntryPoint\",\"urlTemplate\":\"https:\\\/\\\/martinluther.ca\\\/de\\\/?s={search_term_string}\"},\"query-input\":{\"@type\":\"PropertyValueSpecification\",\"valueRequired\":true,\"valueName\":\"search_term_string\"}}],\"inLanguage\":\"de\"},{\"@type\":\"Organization\",\"@id\":\"https:\\\/\\\/martinluther.ca\\\/de\\\/#organization\",\"name\":\"Martin Luther Evangelical Church Toronto\",\"url\":\"https:\\\/\\\/martinluther.ca\\\/de\\\/\",\"logo\":{\"@type\":\"ImageObject\",\"inLanguage\":\"de\",\"@id\":\"https:\\\/\\\/martinluther.ca\\\/de\\\/#\\\/schema\\\/logo\\\/image\\\/\",\"url\":\"https:\\\/\\\/martinluther.ca\\\/wp-content\\\/uploads\\\/2016\\\/12\\\/ml-logo-300.png\",\"contentUrl\":\"https:\\\/\\\/martinluther.ca\\\/wp-content\\\/uploads\\\/2016\\\/12\\\/ml-logo-300.png\",\"width\":300,\"height\":150,\"caption\":\"Martin Luther Evangelical Church Toronto\"},\"image\":{\"@id\":\"https:\\\/\\\/martinluther.ca\\\/de\\\/#\\\/schema\\\/logo\\\/image\\\/\"},\"sameAs\":[\"https:\\\/\\\/www.facebook.com\\\/martinlutherchurchtoronto\",\"https:\\\/\\\/www.instagram.com\\\/lutheransbythelake\\\/\",\"https:\\\/\\\/www.youtube.com\\\/MartinLutherChurchToronto\"]},{\"@type\":\"Person\",\"@id\":\"https:\\\/\\\/martinluther.ca\\\/de\\\/#\\\/schema\\\/person\\\/815c51710f70b050f0476f18da6b0c8f\",\"name\":\"Mona Kakoschke Frantzke\",\"image\":{\"@type\":\"ImageObject\",\"inLanguage\":\"de\",\"@id\":\"https:\\\/\\\/secure.gravatar.com\\\/avatar\\\/0deb16854ca545cd2e9fc8001ca110d262b80d5c8317b38dc542265fbea0ed19?s=96&d=mm&r=g\",\"url\":\"https:\\\/\\\/secure.gravatar.com\\\/avatar\\\/0deb16854ca545cd2e9fc8001ca110d262b80d5c8317b38dc542265fbea0ed19?s=96&d=mm&r=g\",\"contentUrl\":\"https:\\\/\\\/secure.gravatar.com\\\/avatar\\\/0deb16854ca545cd2e9fc8001ca110d262b80d5c8317b38dc542265fbea0ed19?s=96&d=mm&r=g\",\"caption\":\"Mona Kakoschke Frantzke\"},\"url\":false}]}<\/script>\n<!-- \/ Yoast SEO plugin. -->","yoast_head_json":{"title":"Es ist die Jahreszeit! Bitte tritt uns bei! - Martin Luther Evangelische Kirche Toronto","robots":{"index":"index","follow":"follow","max-snippet":"max-snippet:-1","max-image-preview":"max-image-preview:large","max-video-preview":"max-video-preview:-1"},"canonical":"https:\/\/martinluther.ca\/de\/2019\/12\/es-ist-die-jahreszeit-bitte-tritt-uns-bei\/","og_locale":"de_DE","og_type":"article","og_title":"Es ist die Jahreszeit! Bitte tritt uns bei! - Martin Luther Evangelische Kirche Toronto","og_description":"Ge\u00f6ffnet f\u00fcr Adventsreflexionen von Montag bis Freitag um 17.30 Uhr und von Samstag bis Sonntag um 12.45 Uhr. Besuchen Sie uns t\u00e4glich f\u00fcr eine 15-min\u00fctige Reflektionszeit mit Kerzenlicht, Lied und kurzem Gebet. Melden Sie sich bei Vikar Jordan Smith wenn Sie dabei sein wollen, vicarsmith@martinluther.ca Townhall Meeting am Sonntag, den 8. Dezember 2019 nach jedem&hellip;","og_url":"https:\/\/martinluther.ca\/de\/2019\/12\/es-ist-die-jahreszeit-bitte-tritt-uns-bei\/","og_site_name":"Martin Luther Evangelische Kirche Toronto","article_publisher":"https:\/\/www.facebook.com\/martinlutherchurchtoronto","article_published_time":"2019-12-06T16:17:45+00:00","article_modified_time":"2019-12-29T20:49:06+00:00","og_image":[{"width":824,"height":618,"url":"https:\/\/martinluther.ca\/wp-content\/uploads\/2019\/12\/Open-for-Advent-poster-Dec-5-4x3.jpg","type":"image\/jpeg"}],"author":"Mona Kakoschke Frantzke","twitter_card":"summary_large_image","twitter_misc":{"Verfasst von":"Mona Kakoschke Frantzke","Gesch\u00e4tzte Lesezeit":"1\u00a0Minute"},"schema":{"@context":"https:\/\/schema.org","@graph":[{"@type":"Article","@id":"https:\/\/martinluther.ca\/de\/2019\/12\/es-ist-die-jahreszeit-bitte-tritt-uns-bei\/#article","isPartOf":{"@id":"https:\/\/martinluther.ca\/de\/2019\/12\/es-ist-die-jahreszeit-bitte-tritt-uns-bei\/"},"author":{"name":"Mona Kakoschke Frantzke","@id":"https:\/\/martinluther.ca\/de\/#\/schema\/person\/815c51710f70b050f0476f18da6b0c8f"},"headline":"Es ist die Jahreszeit! Bitte tritt uns bei!","datePublished":"2019-12-06T16:17:45+00:00","dateModified":"2019-12-29T20:49:06+00:00","mainEntityOfPage":{"@id":"https:\/\/martinluther.ca\/de\/2019\/12\/es-ist-die-jahreszeit-bitte-tritt-uns-bei\/"},"wordCount":278,"publisher":{"@id":"https:\/\/martinluther.ca\/de\/#organization"},"image":{"@id":"https:\/\/martinluther.ca\/de\/2019\/12\/es-ist-die-jahreszeit-bitte-tritt-uns-bei\/#primaryimage"},"thumbnailUrl":"https:\/\/martinluther.ca\/wp-content\/uploads\/2019\/12\/Open-for-Advent-poster-Dec-5-4x3.jpg","articleSection":["News Blog - German"],"inLanguage":"de"},{"@type":"WebPage","@id":"https:\/\/martinluther.ca\/de\/2019\/12\/es-ist-die-jahreszeit-bitte-tritt-uns-bei\/","url":"https:\/\/martinluther.ca\/de\/2019\/12\/es-ist-die-jahreszeit-bitte-tritt-uns-bei\/","name":"Es ist die Jahreszeit! Bitte tritt uns bei! - Martin Luther Evangelische Kirche Toronto","isPartOf":{"@id":"https:\/\/martinluther.ca\/de\/#website"},"primaryImageOfPage":{"@id":"https:\/\/martinluther.ca\/de\/2019\/12\/es-ist-die-jahreszeit-bitte-tritt-uns-bei\/#primaryimage"},"image":{"@id":"https:\/\/martinluther.ca\/de\/2019\/12\/es-ist-die-jahreszeit-bitte-tritt-uns-bei\/#primaryimage"},"thumbnailUrl":"https:\/\/martinluther.ca\/wp-content\/uploads\/2019\/12\/Open-for-Advent-poster-Dec-5-4x3.jpg","datePublished":"2019-12-06T16:17:45+00:00","dateModified":"2019-12-29T20:49:06+00:00","breadcrumb":{"@id":"https:\/\/martinluther.ca\/de\/2019\/12\/es-ist-die-jahreszeit-bitte-tritt-uns-bei\/#breadcrumb"},"inLanguage":"de","potentialAction":[{"@type":"ReadAction","target":["https:\/\/martinluther.ca\/de\/2019\/12\/es-ist-die-jahreszeit-bitte-tritt-uns-bei\/"]}]},{"@type":"ImageObject","inLanguage":"de","@id":"https:\/\/martinluther.ca\/de\/2019\/12\/es-ist-die-jahreszeit-bitte-tritt-uns-bei\/#primaryimage","url":"https:\/\/martinluther.ca\/wp-content\/uploads\/2019\/12\/Open-for-Advent-poster-Dec-5-4x3.jpg","contentUrl":"https:\/\/martinluther.ca\/wp-content\/uploads\/2019\/12\/Open-for-Advent-poster-Dec-5-4x3.jpg","width":824,"height":618,"caption":"2019 Open for Advent poster"},{"@type":"BreadcrumbList","@id":"https:\/\/martinluther.ca\/de\/2019\/12\/es-ist-die-jahreszeit-bitte-tritt-uns-bei\/#breadcrumb","itemListElement":[{"@type":"ListItem","position":1,"name":"Home","item":"https:\/\/martinluther.ca\/de\/"},{"@type":"ListItem","position":2,"name":"Es ist die Jahreszeit! Bitte tritt uns bei!"}]},{"@type":"WebSite","@id":"https:\/\/martinluther.ca\/de\/#website","url":"https:\/\/martinluther.ca\/de\/","name":"Martin Luther Evangelical Church Toronto","description":"Deutsch &amp; Englisch","publisher":{"@id":"https:\/\/martinluther.ca\/de\/#organization"},"potentialAction":[{"@type":"SearchAction","target":{"@type":"EntryPoint","urlTemplate":"https:\/\/martinluther.ca\/de\/?s={search_term_string}"},"query-input":{"@type":"PropertyValueSpecification","valueRequired":true,"valueName":"search_term_string"}}],"inLanguage":"de"},{"@type":"Organization","@id":"https:\/\/martinluther.ca\/de\/#organization","name":"Martin Luther Evangelical Church Toronto","url":"https:\/\/martinluther.ca\/de\/","logo":{"@type":"ImageObject","inLanguage":"de","@id":"https:\/\/martinluther.ca\/de\/#\/schema\/logo\/image\/","url":"https:\/\/martinluther.ca\/wp-content\/uploads\/2016\/12\/ml-logo-300.png","contentUrl":"https:\/\/martinluther.ca\/wp-content\/uploads\/2016\/12\/ml-logo-300.png","width":300,"height":150,"caption":"Martin Luther Evangelical Church Toronto"},"image":{"@id":"https:\/\/martinluther.ca\/de\/#\/schema\/logo\/image\/"},"sameAs":["https:\/\/www.facebook.com\/martinlutherchurchtoronto","https:\/\/www.instagram.com\/lutheransbythelake\/","https:\/\/www.youtube.com\/MartinLutherChurchToronto"]},{"@type":"Person","@id":"https:\/\/martinluther.ca\/de\/#\/schema\/person\/815c51710f70b050f0476f18da6b0c8f","name":"Mona Kakoschke Frantzke","image":{"@type":"ImageObject","inLanguage":"de","@id":"https:\/\/secure.gravatar.com\/avatar\/0deb16854ca545cd2e9fc8001ca110d262b80d5c8317b38dc542265fbea0ed19?s=96&d=mm&r=g","url":"https:\/\/secure.gravatar.com\/avatar\/0deb16854ca545cd2e9fc8001ca110d262b80d5c8317b38dc542265fbea0ed19?s=96&d=mm&r=g","contentUrl":"https:\/\/secure.gravatar.com\/avatar\/0deb16854ca545cd2e9fc8001ca110d262b80d5c8317b38dc542265fbea0ed19?s=96&d=mm&r=g","caption":"Mona Kakoschke Frantzke"},"url":false}]}},"_links":{"self":[{"href":"https:\/\/martinluther.ca\/de\/wp-json\/wp\/v2\/posts\/32511","targetHints":{"allow":["GET"]}}],"collection":[{"href":"https:\/\/martinluther.ca\/de\/wp-json\/wp\/v2\/posts"}],"about":[{"href":"https:\/\/martinluther.ca\/de\/wp-json\/wp\/v2\/types\/post"}],"author":[{"embeddable":true,"href":"https:\/\/martinluther.ca\/de\/wp-json\/wp\/v2\/users\/9"}],"replies":[{"embeddable":true,"href":"https:\/\/martinluther.ca\/de\/wp-json\/wp\/v2\/comments?post=32511"}],"version-history":[{"count":4,"href":"https:\/\/martinluther.ca\/de\/wp-json\/wp\/v2\/posts\/32511\/revisions"}],"predecessor-version":[{"id":32526,"href":"https:\/\/martinluther.ca\/de\/wp-json\/wp\/v2\/posts\/32511\/revisions\/32526"}],"wp:featuredmedia":[{"embeddable":true,"href":"https:\/\/martinluther.ca\/de\/wp-json\/wp\/v2\/media\/32508"}],"wp:attachment":[{"href":"https:\/\/martinluther.ca\/de\/wp-json\/wp\/v2\/media?parent=32511"}],"wp:term":[{"taxonomy":"category","embeddable":true,"href":"https:\/\/martinluther.ca\/de\/wp-json\/wp\/v2\/categories?post=32511"},{"taxonomy":"post_tag","embeddable":true,"href":"https:\/\/martinluther.ca\/de\/wp-json\/wp\/v2\/tags?post=32511"},{"taxonomy":"post_series","embeddable":true,"href":"https:\/\/martinluther.ca\/de\/wp-json\/wp\/v2\/post_series?post=32511"}],"curies":[{"name":"wp","href":"https:\/\/api.w.org\/{rel}","templated":true}]}}