{"id":33315,"date":"2020-02-07T10:59:01","date_gmt":"2020-02-07T15:59:01","guid":{"rendered":"https:\/\/martinluther.ca\/?p=33315"},"modified":"2021-03-28T13:07:28","modified_gmt":"2021-03-28T17:07:28","slug":"unser-gemeindebrief-fuer-februar-und-maerz-2020","status":"publish","type":"post","link":"https:\/\/martinluther.ca\/de\/2020\/02\/unser-gemeindebrief-fuer-februar-und-maerz-2020\/","title":{"rendered":"Unser Gemeindebrief f\u00fcr Februar und M\u00e4rz 2020"},"content":{"rendered":"<p><img loading=\"lazy\" decoding=\"async\" class=\"alignright size-medium wp-image-33312\" src=\"https:\/\/martinluther.ca\/wp-content\/uploads\/2020\/02\/2020FebMrzMLKGemeindebrief-posting-300x225.jpg\" alt=\"2020 Feb Mrz MLK Gemeindebrief -posting\" width=\"300\" height=\"225\" srcset=\"https:\/\/martinluther.ca\/wp-content\/uploads\/2020\/02\/2020FebMrzMLKGemeindebrief-posting-300x225.jpg 300w, https:\/\/martinluther.ca\/wp-content\/uploads\/2020\/02\/2020FebMrzMLKGemeindebrief-posting.jpg 697w\" sizes=\"auto, (max-width: 300px) 100vw, 300px\" \/>Fertig zum <a href=\"https:\/\/martinluther.ca\/wp-content\/uploads\/2020\/02\/2020FebMrzMLKGemeindebrief.pdf\" target=\"_blank\" rel=\"noopener\"><strong>herunterladen<\/strong><\/a> und lesen\u2026<\/p>\n<p>Pastor Christian Ceconi beschreibt Gemeinschaft.<\/p>\n<p><strong>In dieser Ausgabe:<\/strong><br \/>\no Abschiedsgottesdienst f\u00fcr Pastor Christian Ceconi<\/p>\n<p>o Angebot von Predigtsnachgespr\u00e4chen<\/p>\n<p>o Vorbereitungen f\u00fcr den Weltgebetstag \u2013 Simbabwe<\/p>\n<p>o Berichte \u00fcber die Advents- und Weihnachtszeit<\/p>\n<p>o Pr\u00e4sentation des Bauprojekts<\/p>\n<p>Building on the success of our <strong>PA Day drop in<\/strong> for school age children and caregivers in December, Martin Luther will be hosting another event on <strong>Friday February 14, 2020 from 10 am-1 pm<\/strong>.<\/p>\n<p>We will be reaching out to the local schools to invite the community in. The morning will be themed around music and will involve a craft station, a chance for children to play with different instruments, and the opportunity to build a miniature organ.<\/p>\n<p>If you have <strong>musical skills<\/strong> and would like to lead a station, or, if you are able to help with <strong>hospitality<\/strong>, please reach out to Vicar Jordan Smith or the office so that we can get you involved.<\/p>\n<p>*********************<\/p>\n<p>Ein Archiv aller unserer <a href=\"https:\/\/martinluther.ca\/de\/gemeindebriefe\/\" target=\"_blank\" rel=\"noopener noreferrer\"><strong>Gemeindebriefe<\/strong><\/a> ist auch auf unserer Webseite verf\u00fcgbar. Falls Sie sich \u00fcber Social Media mit unserer Kirche verbinden wollen: Wir sind auch auf Facebook! Pastor Ceconis deutschsprachige <a href=\"https:\/\/martinluther.ca\/de\/gottesdienste\/radiosendung\/\" target=\"_blank\" rel=\"noopener noreferrer\"><strong>Radioandachten<\/strong><\/a> k\u00f6nnen Sie auch online h\u00f6ren auf unsere Webseite.<\/p>\n","protected":false},"excerpt":{"rendered":"<p>Fertig zum herunterladen und lesen\u2026 Pastor Christian Ceconi beschreibt Gemeinschaft. In dieser Ausgabe: o Abschiedsgottesdienst f\u00fcr Pastor Christian Ceconi o Angebot von Predigtsnachgespr\u00e4chen o Vorbereitungen f\u00fcr den Weltgebetstag \u2013 Simbabwe o Berichte \u00fcber die Advents- und Weihnachtszeit o Pr\u00e4sentation des Bauprojekts Building on the success of our PA Day drop in for school age children&hellip;<\/p>\n","protected":false},"author":9,"featured_media":33312,"comment_status":"closed","ping_status":"closed","sticky":false,"template":"","format":"standard","meta":{"footnotes":""},"categories":[69],"tags":[],"post_series":[],"class_list":["post-33315","post","type-post","status-publish","format-standard","has-post-thumbnail","hentry","category-news-blog-german","entry","has-media"],"yoast_head":"<!-- This site is optimized with the Yoast SEO plugin v27.5 - https:\/\/yoast.com\/product\/yoast-seo-wordpress\/ -->\n<title>Unser Gemeindebrief f\u00fcr Februar und M\u00e4rz 2020 - Martin Luther Evangelische Kirche Toronto<\/title>\n<meta name=\"robots\" content=\"index, follow, max-snippet:-1, max-image-preview:large, max-video-preview:-1\" \/>\n<link rel=\"canonical\" href=\"https:\/\/martinluther.ca\/de\/2020\/02\/unser-gemeindebrief-fuer-februar-und-maerz-2020\/\" \/>\n<meta property=\"og:locale\" content=\"de_DE\" \/>\n<meta property=\"og:type\" content=\"article\" \/>\n<meta property=\"og:title\" content=\"Unser Gemeindebrief f\u00fcr Februar und M\u00e4rz 2020 - Martin Luther Evangelische Kirche Toronto\" \/>\n<meta property=\"og:description\" content=\"Fertig zum herunterladen und lesen\u2026 Pastor Christian Ceconi beschreibt Gemeinschaft. In dieser Ausgabe: o Abschiedsgottesdienst f\u00fcr Pastor Christian Ceconi o Angebot von Predigtsnachgespr\u00e4chen o Vorbereitungen f\u00fcr den Weltgebetstag \u2013 Simbabwe o Berichte \u00fcber die Advents- und Weihnachtszeit o Pr\u00e4sentation des Bauprojekts Building on the success of our PA Day drop in for school age children&hellip;\" \/>\n<meta property=\"og:url\" content=\"https:\/\/martinluther.ca\/de\/2020\/02\/unser-gemeindebrief-fuer-februar-und-maerz-2020\/\" \/>\n<meta property=\"og:site_name\" content=\"Martin Luther Evangelische Kirche Toronto\" \/>\n<meta property=\"article:publisher\" content=\"https:\/\/www.facebook.com\/martinlutherchurchtoronto\" \/>\n<meta property=\"article:published_time\" content=\"2020-02-07T15:59:01+00:00\" \/>\n<meta property=\"article:modified_time\" content=\"2021-03-28T17:07:28+00:00\" \/>\n<meta property=\"og:image\" content=\"https:\/\/martinluther.ca\/wp-content\/uploads\/2020\/02\/2020FebMrzMLKGemeindebrief-posting.jpg\" \/>\n\t<meta property=\"og:image:width\" content=\"697\" \/>\n\t<meta property=\"og:image:height\" content=\"523\" \/>\n\t<meta property=\"og:image:type\" content=\"image\/jpeg\" \/>\n<meta name=\"author\" content=\"Mona Kakoschke Frantzke\" \/>\n<meta name=\"twitter:card\" content=\"summary_large_image\" \/>\n<meta name=\"twitter:label1\" content=\"Verfasst von\" \/>\n\t<meta name=\"twitter:data1\" content=\"Mona Kakoschke Frantzke\" \/>\n\t<meta name=\"twitter:label2\" content=\"Gesch\u00e4tzte Lesezeit\" \/>\n\t<meta name=\"twitter:data2\" content=\"2\u00a0Minuten\" \/>\n<script type=\"application\/ld+json\" class=\"yoast-schema-graph\">{\"@context\":\"https:\\\/\\\/schema.org\",\"@graph\":[{\"@type\":\"Article\",\"@id\":\"https:\\\/\\\/martinluther.ca\\\/de\\\/2020\\\/02\\\/unser-gemeindebrief-fuer-februar-und-maerz-2020\\\/#article\",\"isPartOf\":{\"@id\":\"https:\\\/\\\/martinluther.ca\\\/de\\\/2020\\\/02\\\/unser-gemeindebrief-fuer-februar-und-maerz-2020\\\/\"},\"author\":{\"name\":\"Mona Kakoschke Frantzke\",\"@id\":\"https:\\\/\\\/martinluther.ca\\\/de\\\/#\\\/schema\\\/person\\\/815c51710f70b050f0476f18da6b0c8f\"},\"headline\":\"Unser Gemeindebrief f\u00fcr Februar und M\u00e4rz 2020\",\"datePublished\":\"2020-02-07T15:59:01+00:00\",\"dateModified\":\"2021-03-28T17:07:28+00:00\",\"mainEntityOfPage\":{\"@id\":\"https:\\\/\\\/martinluther.ca\\\/de\\\/2020\\\/02\\\/unser-gemeindebrief-fuer-februar-und-maerz-2020\\\/\"},\"wordCount\":207,\"publisher\":{\"@id\":\"https:\\\/\\\/martinluther.ca\\\/de\\\/#organization\"},\"image\":{\"@id\":\"https:\\\/\\\/martinluther.ca\\\/de\\\/2020\\\/02\\\/unser-gemeindebrief-fuer-februar-und-maerz-2020\\\/#primaryimage\"},\"thumbnailUrl\":\"https:\\\/\\\/martinluther.ca\\\/wp-content\\\/uploads\\\/2020\\\/02\\\/2020FebMrzMLKGemeindebrief-posting.jpg\",\"articleSection\":[\"News Blog - German\"],\"inLanguage\":\"de\"},{\"@type\":\"WebPage\",\"@id\":\"https:\\\/\\\/martinluther.ca\\\/de\\\/2020\\\/02\\\/unser-gemeindebrief-fuer-februar-und-maerz-2020\\\/\",\"url\":\"https:\\\/\\\/martinluther.ca\\\/de\\\/2020\\\/02\\\/unser-gemeindebrief-fuer-februar-und-maerz-2020\\\/\",\"name\":\"Unser Gemeindebrief f\u00fcr Februar und M\u00e4rz 2020 - Martin Luther Evangelische Kirche Toronto\",\"isPartOf\":{\"@id\":\"https:\\\/\\\/martinluther.ca\\\/de\\\/#website\"},\"primaryImageOfPage\":{\"@id\":\"https:\\\/\\\/martinluther.ca\\\/de\\\/2020\\\/02\\\/unser-gemeindebrief-fuer-februar-und-maerz-2020\\\/#primaryimage\"},\"image\":{\"@id\":\"https:\\\/\\\/martinluther.ca\\\/de\\\/2020\\\/02\\\/unser-gemeindebrief-fuer-februar-und-maerz-2020\\\/#primaryimage\"},\"thumbnailUrl\":\"https:\\\/\\\/martinluther.ca\\\/wp-content\\\/uploads\\\/2020\\\/02\\\/2020FebMrzMLKGemeindebrief-posting.jpg\",\"datePublished\":\"2020-02-07T15:59:01+00:00\",\"dateModified\":\"2021-03-28T17:07:28+00:00\",\"breadcrumb\":{\"@id\":\"https:\\\/\\\/martinluther.ca\\\/de\\\/2020\\\/02\\\/unser-gemeindebrief-fuer-februar-und-maerz-2020\\\/#breadcrumb\"},\"inLanguage\":\"de\",\"potentialAction\":[{\"@type\":\"ReadAction\",\"target\":[\"https:\\\/\\\/martinluther.ca\\\/de\\\/2020\\\/02\\\/unser-gemeindebrief-fuer-februar-und-maerz-2020\\\/\"]}]},{\"@type\":\"ImageObject\",\"inLanguage\":\"de\",\"@id\":\"https:\\\/\\\/martinluther.ca\\\/de\\\/2020\\\/02\\\/unser-gemeindebrief-fuer-februar-und-maerz-2020\\\/#primaryimage\",\"url\":\"https:\\\/\\\/martinluther.ca\\\/wp-content\\\/uploads\\\/2020\\\/02\\\/2020FebMrzMLKGemeindebrief-posting.jpg\",\"contentUrl\":\"https:\\\/\\\/martinluther.ca\\\/wp-content\\\/uploads\\\/2020\\\/02\\\/2020FebMrzMLKGemeindebrief-posting.jpg\",\"width\":697,\"height\":523,\"caption\":\"2020 Feb Mrz MLK Gemeindebrief -posting\"},{\"@type\":\"BreadcrumbList\",\"@id\":\"https:\\\/\\\/martinluther.ca\\\/de\\\/2020\\\/02\\\/unser-gemeindebrief-fuer-februar-und-maerz-2020\\\/#breadcrumb\",\"itemListElement\":[{\"@type\":\"ListItem\",\"position\":1,\"name\":\"Home\",\"item\":\"https:\\\/\\\/martinluther.ca\\\/de\\\/\"},{\"@type\":\"ListItem\",\"position\":2,\"name\":\"Unser Gemeindebrief f\u00fcr Februar und M\u00e4rz 2020\"}]},{\"@type\":\"WebSite\",\"@id\":\"https:\\\/\\\/martinluther.ca\\\/de\\\/#website\",\"url\":\"https:\\\/\\\/martinluther.ca\\\/de\\\/\",\"name\":\"Martin Luther Evangelical Church Toronto\",\"description\":\"Deutsch &amp; Englisch\",\"publisher\":{\"@id\":\"https:\\\/\\\/martinluther.ca\\\/de\\\/#organization\"},\"potentialAction\":[{\"@type\":\"SearchAction\",\"target\":{\"@type\":\"EntryPoint\",\"urlTemplate\":\"https:\\\/\\\/martinluther.ca\\\/de\\\/?s={search_term_string}\"},\"query-input\":{\"@type\":\"PropertyValueSpecification\",\"valueRequired\":true,\"valueName\":\"search_term_string\"}}],\"inLanguage\":\"de\"},{\"@type\":\"Organization\",\"@id\":\"https:\\\/\\\/martinluther.ca\\\/de\\\/#organization\",\"name\":\"Martin Luther Evangelical Church Toronto\",\"url\":\"https:\\\/\\\/martinluther.ca\\\/de\\\/\",\"logo\":{\"@type\":\"ImageObject\",\"inLanguage\":\"de\",\"@id\":\"https:\\\/\\\/martinluther.ca\\\/de\\\/#\\\/schema\\\/logo\\\/image\\\/\",\"url\":\"https:\\\/\\\/martinluther.ca\\\/wp-content\\\/uploads\\\/2016\\\/12\\\/ml-logo-300.png\",\"contentUrl\":\"https:\\\/\\\/martinluther.ca\\\/wp-content\\\/uploads\\\/2016\\\/12\\\/ml-logo-300.png\",\"width\":300,\"height\":150,\"caption\":\"Martin Luther Evangelical Church Toronto\"},\"image\":{\"@id\":\"https:\\\/\\\/martinluther.ca\\\/de\\\/#\\\/schema\\\/logo\\\/image\\\/\"},\"sameAs\":[\"https:\\\/\\\/www.facebook.com\\\/martinlutherchurchtoronto\",\"https:\\\/\\\/www.instagram.com\\\/lutheransbythelake\\\/\",\"https:\\\/\\\/www.youtube.com\\\/MartinLutherChurchToronto\"]},{\"@type\":\"Person\",\"@id\":\"https:\\\/\\\/martinluther.ca\\\/de\\\/#\\\/schema\\\/person\\\/815c51710f70b050f0476f18da6b0c8f\",\"name\":\"Mona Kakoschke Frantzke\",\"image\":{\"@type\":\"ImageObject\",\"inLanguage\":\"de\",\"@id\":\"https:\\\/\\\/secure.gravatar.com\\\/avatar\\\/0deb16854ca545cd2e9fc8001ca110d262b80d5c8317b38dc542265fbea0ed19?s=96&d=mm&r=g\",\"url\":\"https:\\\/\\\/secure.gravatar.com\\\/avatar\\\/0deb16854ca545cd2e9fc8001ca110d262b80d5c8317b38dc542265fbea0ed19?s=96&d=mm&r=g\",\"contentUrl\":\"https:\\\/\\\/secure.gravatar.com\\\/avatar\\\/0deb16854ca545cd2e9fc8001ca110d262b80d5c8317b38dc542265fbea0ed19?s=96&d=mm&r=g\",\"caption\":\"Mona Kakoschke Frantzke\"},\"url\":false}]}<\/script>\n<!-- \/ Yoast SEO plugin. -->","yoast_head_json":{"title":"Unser Gemeindebrief f\u00fcr Februar und M\u00e4rz 2020 - Martin Luther Evangelische Kirche Toronto","robots":{"index":"index","follow":"follow","max-snippet":"max-snippet:-1","max-image-preview":"max-image-preview:large","max-video-preview":"max-video-preview:-1"},"canonical":"https:\/\/martinluther.ca\/de\/2020\/02\/unser-gemeindebrief-fuer-februar-und-maerz-2020\/","og_locale":"de_DE","og_type":"article","og_title":"Unser Gemeindebrief f\u00fcr Februar und M\u00e4rz 2020 - Martin Luther Evangelische Kirche Toronto","og_description":"Fertig zum herunterladen und lesen\u2026 Pastor Christian Ceconi beschreibt Gemeinschaft. In dieser Ausgabe: o Abschiedsgottesdienst f\u00fcr Pastor Christian Ceconi o Angebot von Predigtsnachgespr\u00e4chen o Vorbereitungen f\u00fcr den Weltgebetstag \u2013 Simbabwe o Berichte \u00fcber die Advents- und Weihnachtszeit o Pr\u00e4sentation des Bauprojekts Building on the success of our PA Day drop in for school age children&hellip;","og_url":"https:\/\/martinluther.ca\/de\/2020\/02\/unser-gemeindebrief-fuer-februar-und-maerz-2020\/","og_site_name":"Martin Luther Evangelische Kirche Toronto","article_publisher":"https:\/\/www.facebook.com\/martinlutherchurchtoronto","article_published_time":"2020-02-07T15:59:01+00:00","article_modified_time":"2021-03-28T17:07:28+00:00","og_image":[{"width":697,"height":523,"url":"https:\/\/martinluther.ca\/wp-content\/uploads\/2020\/02\/2020FebMrzMLKGemeindebrief-posting.jpg","type":"image\/jpeg"}],"author":"Mona Kakoschke Frantzke","twitter_card":"summary_large_image","twitter_misc":{"Verfasst von":"Mona Kakoschke Frantzke","Gesch\u00e4tzte Lesezeit":"2\u00a0Minuten"},"schema":{"@context":"https:\/\/schema.org","@graph":[{"@type":"Article","@id":"https:\/\/martinluther.ca\/de\/2020\/02\/unser-gemeindebrief-fuer-februar-und-maerz-2020\/#article","isPartOf":{"@id":"https:\/\/martinluther.ca\/de\/2020\/02\/unser-gemeindebrief-fuer-februar-und-maerz-2020\/"},"author":{"name":"Mona Kakoschke Frantzke","@id":"https:\/\/martinluther.ca\/de\/#\/schema\/person\/815c51710f70b050f0476f18da6b0c8f"},"headline":"Unser Gemeindebrief f\u00fcr Februar und M\u00e4rz 2020","datePublished":"2020-02-07T15:59:01+00:00","dateModified":"2021-03-28T17:07:28+00:00","mainEntityOfPage":{"@id":"https:\/\/martinluther.ca\/de\/2020\/02\/unser-gemeindebrief-fuer-februar-und-maerz-2020\/"},"wordCount":207,"publisher":{"@id":"https:\/\/martinluther.ca\/de\/#organization"},"image":{"@id":"https:\/\/martinluther.ca\/de\/2020\/02\/unser-gemeindebrief-fuer-februar-und-maerz-2020\/#primaryimage"},"thumbnailUrl":"https:\/\/martinluther.ca\/wp-content\/uploads\/2020\/02\/2020FebMrzMLKGemeindebrief-posting.jpg","articleSection":["News Blog - German"],"inLanguage":"de"},{"@type":"WebPage","@id":"https:\/\/martinluther.ca\/de\/2020\/02\/unser-gemeindebrief-fuer-februar-und-maerz-2020\/","url":"https:\/\/martinluther.ca\/de\/2020\/02\/unser-gemeindebrief-fuer-februar-und-maerz-2020\/","name":"Unser Gemeindebrief f\u00fcr Februar und M\u00e4rz 2020 - Martin Luther Evangelische Kirche Toronto","isPartOf":{"@id":"https:\/\/martinluther.ca\/de\/#website"},"primaryImageOfPage":{"@id":"https:\/\/martinluther.ca\/de\/2020\/02\/unser-gemeindebrief-fuer-februar-und-maerz-2020\/#primaryimage"},"image":{"@id":"https:\/\/martinluther.ca\/de\/2020\/02\/unser-gemeindebrief-fuer-februar-und-maerz-2020\/#primaryimage"},"thumbnailUrl":"https:\/\/martinluther.ca\/wp-content\/uploads\/2020\/02\/2020FebMrzMLKGemeindebrief-posting.jpg","datePublished":"2020-02-07T15:59:01+00:00","dateModified":"2021-03-28T17:07:28+00:00","breadcrumb":{"@id":"https:\/\/martinluther.ca\/de\/2020\/02\/unser-gemeindebrief-fuer-februar-und-maerz-2020\/#breadcrumb"},"inLanguage":"de","potentialAction":[{"@type":"ReadAction","target":["https:\/\/martinluther.ca\/de\/2020\/02\/unser-gemeindebrief-fuer-februar-und-maerz-2020\/"]}]},{"@type":"ImageObject","inLanguage":"de","@id":"https:\/\/martinluther.ca\/de\/2020\/02\/unser-gemeindebrief-fuer-februar-und-maerz-2020\/#primaryimage","url":"https:\/\/martinluther.ca\/wp-content\/uploads\/2020\/02\/2020FebMrzMLKGemeindebrief-posting.jpg","contentUrl":"https:\/\/martinluther.ca\/wp-content\/uploads\/2020\/02\/2020FebMrzMLKGemeindebrief-posting.jpg","width":697,"height":523,"caption":"2020 Feb Mrz MLK Gemeindebrief -posting"},{"@type":"BreadcrumbList","@id":"https:\/\/martinluther.ca\/de\/2020\/02\/unser-gemeindebrief-fuer-februar-und-maerz-2020\/#breadcrumb","itemListElement":[{"@type":"ListItem","position":1,"name":"Home","item":"https:\/\/martinluther.ca\/de\/"},{"@type":"ListItem","position":2,"name":"Unser Gemeindebrief f\u00fcr Februar und M\u00e4rz 2020"}]},{"@type":"WebSite","@id":"https:\/\/martinluther.ca\/de\/#website","url":"https:\/\/martinluther.ca\/de\/","name":"Martin Luther Evangelical Church Toronto","description":"Deutsch &amp; Englisch","publisher":{"@id":"https:\/\/martinluther.ca\/de\/#organization"},"potentialAction":[{"@type":"SearchAction","target":{"@type":"EntryPoint","urlTemplate":"https:\/\/martinluther.ca\/de\/?s={search_term_string}"},"query-input":{"@type":"PropertyValueSpecification","valueRequired":true,"valueName":"search_term_string"}}],"inLanguage":"de"},{"@type":"Organization","@id":"https:\/\/martinluther.ca\/de\/#organization","name":"Martin Luther Evangelical Church Toronto","url":"https:\/\/martinluther.ca\/de\/","logo":{"@type":"ImageObject","inLanguage":"de","@id":"https:\/\/martinluther.ca\/de\/#\/schema\/logo\/image\/","url":"https:\/\/martinluther.ca\/wp-content\/uploads\/2016\/12\/ml-logo-300.png","contentUrl":"https:\/\/martinluther.ca\/wp-content\/uploads\/2016\/12\/ml-logo-300.png","width":300,"height":150,"caption":"Martin Luther Evangelical Church Toronto"},"image":{"@id":"https:\/\/martinluther.ca\/de\/#\/schema\/logo\/image\/"},"sameAs":["https:\/\/www.facebook.com\/martinlutherchurchtoronto","https:\/\/www.instagram.com\/lutheransbythelake\/","https:\/\/www.youtube.com\/MartinLutherChurchToronto"]},{"@type":"Person","@id":"https:\/\/martinluther.ca\/de\/#\/schema\/person\/815c51710f70b050f0476f18da6b0c8f","name":"Mona Kakoschke Frantzke","image":{"@type":"ImageObject","inLanguage":"de","@id":"https:\/\/secure.gravatar.com\/avatar\/0deb16854ca545cd2e9fc8001ca110d262b80d5c8317b38dc542265fbea0ed19?s=96&d=mm&r=g","url":"https:\/\/secure.gravatar.com\/avatar\/0deb16854ca545cd2e9fc8001ca110d262b80d5c8317b38dc542265fbea0ed19?s=96&d=mm&r=g","contentUrl":"https:\/\/secure.gravatar.com\/avatar\/0deb16854ca545cd2e9fc8001ca110d262b80d5c8317b38dc542265fbea0ed19?s=96&d=mm&r=g","caption":"Mona Kakoschke Frantzke"},"url":false}]}},"_links":{"self":[{"href":"https:\/\/martinluther.ca\/de\/wp-json\/wp\/v2\/posts\/33315","targetHints":{"allow":["GET"]}}],"collection":[{"href":"https:\/\/martinluther.ca\/de\/wp-json\/wp\/v2\/posts"}],"about":[{"href":"https:\/\/martinluther.ca\/de\/wp-json\/wp\/v2\/types\/post"}],"author":[{"embeddable":true,"href":"https:\/\/martinluther.ca\/de\/wp-json\/wp\/v2\/users\/9"}],"replies":[{"embeddable":true,"href":"https:\/\/martinluther.ca\/de\/wp-json\/wp\/v2\/comments?post=33315"}],"version-history":[{"count":3,"href":"https:\/\/martinluther.ca\/de\/wp-json\/wp\/v2\/posts\/33315\/revisions"}],"predecessor-version":[{"id":37896,"href":"https:\/\/martinluther.ca\/de\/wp-json\/wp\/v2\/posts\/33315\/revisions\/37896"}],"wp:featuredmedia":[{"embeddable":true,"href":"https:\/\/martinluther.ca\/de\/wp-json\/wp\/v2\/media\/33312"}],"wp:attachment":[{"href":"https:\/\/martinluther.ca\/de\/wp-json\/wp\/v2\/media?parent=33315"}],"wp:term":[{"taxonomy":"category","embeddable":true,"href":"https:\/\/martinluther.ca\/de\/wp-json\/wp\/v2\/categories?post=33315"},{"taxonomy":"post_tag","embeddable":true,"href":"https:\/\/martinluther.ca\/de\/wp-json\/wp\/v2\/tags?post=33315"},{"taxonomy":"post_series","embeddable":true,"href":"https:\/\/martinluther.ca\/de\/wp-json\/wp\/v2\/post_series?post=33315"}],"curies":[{"name":"wp","href":"https:\/\/api.w.org\/{rel}","templated":true}]}}