{"id":33364,"date":"2020-02-18T11:45:23","date_gmt":"2020-02-18T16:45:23","guid":{"rendered":"https:\/\/martinluther.ca\/?p=33364"},"modified":"2020-03-11T23:36:54","modified_gmt":"2020-03-12T03:36:54","slug":"weltgebetstag-2020-simbabwe","status":"publish","type":"post","link":"https:\/\/martinluther.ca\/de\/2020\/02\/weltgebetstag-2020-simbabwe\/","title":{"rendered":"Weltgebetstag 2020 Simbabwe"},"content":{"rendered":"<p><img loading=\"lazy\" decoding=\"async\" class=\"alignright size-medium wp-image-33361\" src=\"https:\/\/martinluther.ca\/wp-content\/uploads\/2020\/02\/2020-World-Day-of-Prayer-at-Christ-Church-poster-3-300x225.png\" alt=\"2020 World Day of Prayer -poster (3)\" width=\"300\" height=\"225\" srcset=\"https:\/\/martinluther.ca\/wp-content\/uploads\/2020\/02\/2020-World-Day-of-Prayer-at-Christ-Church-poster-3-300x225.png 300w, https:\/\/martinluther.ca\/wp-content\/uploads\/2020\/02\/2020-World-Day-of-Prayer-at-Christ-Church-poster-3.png 355w\" sizes=\"auto, (max-width: 300px) 100vw, 300px\" \/>Wir laden Sie ein am Weltgebetstag teilzunehmen oder einfach zu kommen und eine \u00f6kumenische Gemeinschaft mit uns am <strong>Freitag, dem 6. M\u00e4rz, um 13:00 Uhr in der Christ Church St. James<\/strong> <strong>Anglican Church, 194 Park Lawn Rd<\/strong>, Etobicoke, zu feiern. Carol-Anne wird dieses Jahr die Leitung \u00fcbernehmen und braucht helfende H\u00e4nde, um Gott wirklich zu ehren, w\u00e4hrend wir die Menschen in Simbabwe kennenlernen.<\/p>\n<p>Kontakt: Bitte wenden Sie sich direkt an Carol-Anne Foty, WDP 2020 Coordinator Christ Church St. James, dort wenn Sie an der Planung dieser Veranstaltung mitwirken k\u00f6nnen. Church office: 416-251-8711<\/p>\n<p>Wir laden Sie auch zum <strong>deutschen Weltgebetstag am Dienstag, d. 10. M\u00e4rz 2020 um 11 Uhr in die St. Georgskirche, 410 College St., Toronto<\/strong>, ein. <em>Unser <strong>Seniorienkreis<\/strong> wird in dieser Woche, anstatt des \u00fcblichen Mittwochstreffens in der MLK, den o.g. Gottesdienst besuchen.<\/em><\/p>\n<p><img loading=\"lazy\" decoding=\"async\" class=\"alignleft size-full wp-image-33370\" src=\"https:\/\/martinluther.ca\/wp-content\/uploads\/2020\/02\/Zimbabwe-Art-2020-World-Day-of-Prayer2.jpg\" alt=\"\" width=\"983\" height=\"737\" srcset=\"https:\/\/martinluther.ca\/wp-content\/uploads\/2020\/02\/Zimbabwe-Art-2020-World-Day-of-Prayer2.jpg 983w, https:\/\/martinluther.ca\/wp-content\/uploads\/2020\/02\/Zimbabwe-Art-2020-World-Day-of-Prayer2-300x225.jpg 300w, https:\/\/martinluther.ca\/wp-content\/uploads\/2020\/02\/Zimbabwe-Art-2020-World-Day-of-Prayer2-768x576.jpg 768w\" sizes=\"auto, (max-width: 983px) 100vw, 983px\" \/><\/p>\n<p><strong>Painting Explanation by Nonhlanhla Mathe<\/strong><br \/>\nThe painting portrays people\u2019s lives in society. Whereby the top background from right to left represents a transition from a dark difficult past as a nation to a more prosperous and promising future. The bottom composition is more a display of love, healing and reconciliation as inspired by the account in John 5: 2-9a. The part with vegetation is representative of the potential economic productivity since the nation has an agriculture-based economy.\u00a0 I do abstract and semi abstract figurative paintings with lots of texture and a colorful finish. I am very much inspired by people&#8217;s lives, the way they relate to each other and the way they view things. As a woman myself, I focus mainly on women. Empowerment is also displayed in the work.<\/p>\n<p><strong>Nonhlanhla Mathe Biography<\/strong><br \/>\nNonny Mathe is a Zimbabwean born artist who lives in Bulawayo, Zimbabwe&#8217;s second largest urban centre. She studied art at Mzilikazi Art and Craft Centre in the late 90s. She has been practicing art for more than 15 years. She has done group exhibitions locally at the National Gallery of Zimbabwe and National Gallery of Bulawayo. She has had exhibitions across Africa &#8211; Botswana, Namibia, Mozambique and South Africa &#8211; and in Denmark, at the Christa Tribal and Modern Gallery. Her first solo exhibition was at the National Gallery in Bulawayo, and the second was at The Dancing Fish Gallery at Madi a Thavha, Louis Trichardt. She has received an Awards of Merit in Heritage Exhibition as the best female artist in Visual Arts, Bulawayo. She was also nominated for best exhibition in the National Merit Awards. She is currently a resident artist at the National Gallery in Bulawayo.<\/p>\n","protected":false},"excerpt":{"rendered":"<p>Wir laden Sie ein am Weltgebetstag teilzunehmen oder einfach zu kommen und eine \u00f6kumenische Gemeinschaft mit uns am Freitag, dem 6. M\u00e4rz, um 13:00 Uhr in der Christ Church St. James Anglican Church, 194 Park Lawn Rd, Etobicoke, zu feiern. Carol-Anne wird dieses Jahr die Leitung \u00fcbernehmen und braucht helfende H\u00e4nde, um Gott wirklich zu&hellip;<\/p>\n","protected":false},"author":9,"featured_media":33361,"comment_status":"closed","ping_status":"closed","sticky":false,"template":"","format":"standard","meta":{"footnotes":""},"categories":[69],"tags":[],"post_series":[],"class_list":["post-33364","post","type-post","status-publish","format-standard","has-post-thumbnail","hentry","category-news-blog-german","entry","has-media"],"yoast_head":"<!-- This site is optimized with the Yoast SEO plugin v27.5 - https:\/\/yoast.com\/product\/yoast-seo-wordpress\/ -->\n<title>Weltgebetstag 2020 Simbabwe - Martin Luther Evangelische Kirche Toronto<\/title>\n<meta name=\"robots\" content=\"index, follow, max-snippet:-1, max-image-preview:large, max-video-preview:-1\" \/>\n<link rel=\"canonical\" href=\"https:\/\/martinluther.ca\/de\/2020\/02\/weltgebetstag-2020-simbabwe\/\" \/>\n<meta property=\"og:locale\" content=\"de_DE\" \/>\n<meta property=\"og:type\" content=\"article\" \/>\n<meta property=\"og:title\" content=\"Weltgebetstag 2020 Simbabwe - Martin Luther Evangelische Kirche Toronto\" \/>\n<meta property=\"og:description\" content=\"Wir laden Sie ein am Weltgebetstag teilzunehmen oder einfach zu kommen und eine \u00f6kumenische Gemeinschaft mit uns am Freitag, dem 6. M\u00e4rz, um 13:00 Uhr in der Christ Church St. James Anglican Church, 194 Park Lawn Rd, Etobicoke, zu feiern. Carol-Anne wird dieses Jahr die Leitung \u00fcbernehmen und braucht helfende H\u00e4nde, um Gott wirklich zu&hellip;\" \/>\n<meta property=\"og:url\" content=\"https:\/\/martinluther.ca\/de\/2020\/02\/weltgebetstag-2020-simbabwe\/\" \/>\n<meta property=\"og:site_name\" content=\"Martin Luther Evangelische Kirche Toronto\" \/>\n<meta property=\"article:publisher\" content=\"https:\/\/www.facebook.com\/martinlutherchurchtoronto\" \/>\n<meta property=\"article:published_time\" content=\"2020-02-18T16:45:23+00:00\" \/>\n<meta property=\"article:modified_time\" content=\"2020-03-12T03:36:54+00:00\" \/>\n<meta property=\"og:image\" content=\"https:\/\/martinluther.ca\/wp-content\/uploads\/2020\/02\/2020-World-Day-of-Prayer-at-Christ-Church-poster-3.png\" \/>\n\t<meta property=\"og:image:width\" content=\"355\" \/>\n\t<meta property=\"og:image:height\" content=\"266\" \/>\n\t<meta property=\"og:image:type\" content=\"image\/png\" \/>\n<meta name=\"author\" content=\"Mona Kakoschke Frantzke\" \/>\n<meta name=\"twitter:card\" content=\"summary_large_image\" \/>\n<meta name=\"twitter:label1\" content=\"Verfasst von\" \/>\n\t<meta name=\"twitter:data1\" content=\"Mona Kakoschke Frantzke\" \/>\n\t<meta name=\"twitter:label2\" content=\"Gesch\u00e4tzte Lesezeit\" \/>\n\t<meta name=\"twitter:data2\" content=\"2\u00a0Minuten\" \/>\n<script type=\"application\/ld+json\" class=\"yoast-schema-graph\">{\"@context\":\"https:\\\/\\\/schema.org\",\"@graph\":[{\"@type\":\"Article\",\"@id\":\"https:\\\/\\\/martinluther.ca\\\/de\\\/2020\\\/02\\\/weltgebetstag-2020-simbabwe\\\/#article\",\"isPartOf\":{\"@id\":\"https:\\\/\\\/martinluther.ca\\\/de\\\/2020\\\/02\\\/weltgebetstag-2020-simbabwe\\\/\"},\"author\":{\"name\":\"Mona Kakoschke Frantzke\",\"@id\":\"https:\\\/\\\/martinluther.ca\\\/de\\\/#\\\/schema\\\/person\\\/815c51710f70b050f0476f18da6b0c8f\"},\"headline\":\"Weltgebetstag 2020 Simbabwe\",\"datePublished\":\"2020-02-18T16:45:23+00:00\",\"dateModified\":\"2020-03-12T03:36:54+00:00\",\"mainEntityOfPage\":{\"@id\":\"https:\\\/\\\/martinluther.ca\\\/de\\\/2020\\\/02\\\/weltgebetstag-2020-simbabwe\\\/\"},\"wordCount\":419,\"publisher\":{\"@id\":\"https:\\\/\\\/martinluther.ca\\\/de\\\/#organization\"},\"image\":{\"@id\":\"https:\\\/\\\/martinluther.ca\\\/de\\\/2020\\\/02\\\/weltgebetstag-2020-simbabwe\\\/#primaryimage\"},\"thumbnailUrl\":\"https:\\\/\\\/martinluther.ca\\\/wp-content\\\/uploads\\\/2020\\\/02\\\/2020-World-Day-of-Prayer-at-Christ-Church-poster-3.png\",\"articleSection\":[\"News Blog - German\"],\"inLanguage\":\"de\"},{\"@type\":\"WebPage\",\"@id\":\"https:\\\/\\\/martinluther.ca\\\/de\\\/2020\\\/02\\\/weltgebetstag-2020-simbabwe\\\/\",\"url\":\"https:\\\/\\\/martinluther.ca\\\/de\\\/2020\\\/02\\\/weltgebetstag-2020-simbabwe\\\/\",\"name\":\"Weltgebetstag 2020 Simbabwe - Martin Luther Evangelische Kirche Toronto\",\"isPartOf\":{\"@id\":\"https:\\\/\\\/martinluther.ca\\\/de\\\/#website\"},\"primaryImageOfPage\":{\"@id\":\"https:\\\/\\\/martinluther.ca\\\/de\\\/2020\\\/02\\\/weltgebetstag-2020-simbabwe\\\/#primaryimage\"},\"image\":{\"@id\":\"https:\\\/\\\/martinluther.ca\\\/de\\\/2020\\\/02\\\/weltgebetstag-2020-simbabwe\\\/#primaryimage\"},\"thumbnailUrl\":\"https:\\\/\\\/martinluther.ca\\\/wp-content\\\/uploads\\\/2020\\\/02\\\/2020-World-Day-of-Prayer-at-Christ-Church-poster-3.png\",\"datePublished\":\"2020-02-18T16:45:23+00:00\",\"dateModified\":\"2020-03-12T03:36:54+00:00\",\"breadcrumb\":{\"@id\":\"https:\\\/\\\/martinluther.ca\\\/de\\\/2020\\\/02\\\/weltgebetstag-2020-simbabwe\\\/#breadcrumb\"},\"inLanguage\":\"de\",\"potentialAction\":[{\"@type\":\"ReadAction\",\"target\":[\"https:\\\/\\\/martinluther.ca\\\/de\\\/2020\\\/02\\\/weltgebetstag-2020-simbabwe\\\/\"]}]},{\"@type\":\"ImageObject\",\"inLanguage\":\"de\",\"@id\":\"https:\\\/\\\/martinluther.ca\\\/de\\\/2020\\\/02\\\/weltgebetstag-2020-simbabwe\\\/#primaryimage\",\"url\":\"https:\\\/\\\/martinluther.ca\\\/wp-content\\\/uploads\\\/2020\\\/02\\\/2020-World-Day-of-Prayer-at-Christ-Church-poster-3.png\",\"contentUrl\":\"https:\\\/\\\/martinluther.ca\\\/wp-content\\\/uploads\\\/2020\\\/02\\\/2020-World-Day-of-Prayer-at-Christ-Church-poster-3.png\",\"width\":355,\"height\":266,\"caption\":\"2020 World Day of Prayer -poster (3)\"},{\"@type\":\"BreadcrumbList\",\"@id\":\"https:\\\/\\\/martinluther.ca\\\/de\\\/2020\\\/02\\\/weltgebetstag-2020-simbabwe\\\/#breadcrumb\",\"itemListElement\":[{\"@type\":\"ListItem\",\"position\":1,\"name\":\"Home\",\"item\":\"https:\\\/\\\/martinluther.ca\\\/de\\\/\"},{\"@type\":\"ListItem\",\"position\":2,\"name\":\"Weltgebetstag 2020 Simbabwe\"}]},{\"@type\":\"WebSite\",\"@id\":\"https:\\\/\\\/martinluther.ca\\\/de\\\/#website\",\"url\":\"https:\\\/\\\/martinluther.ca\\\/de\\\/\",\"name\":\"Martin Luther Evangelical Church Toronto\",\"description\":\"Deutsch &amp; Englisch\",\"publisher\":{\"@id\":\"https:\\\/\\\/martinluther.ca\\\/de\\\/#organization\"},\"potentialAction\":[{\"@type\":\"SearchAction\",\"target\":{\"@type\":\"EntryPoint\",\"urlTemplate\":\"https:\\\/\\\/martinluther.ca\\\/de\\\/?s={search_term_string}\"},\"query-input\":{\"@type\":\"PropertyValueSpecification\",\"valueRequired\":true,\"valueName\":\"search_term_string\"}}],\"inLanguage\":\"de\"},{\"@type\":\"Organization\",\"@id\":\"https:\\\/\\\/martinluther.ca\\\/de\\\/#organization\",\"name\":\"Martin Luther Evangelical Church Toronto\",\"url\":\"https:\\\/\\\/martinluther.ca\\\/de\\\/\",\"logo\":{\"@type\":\"ImageObject\",\"inLanguage\":\"de\",\"@id\":\"https:\\\/\\\/martinluther.ca\\\/de\\\/#\\\/schema\\\/logo\\\/image\\\/\",\"url\":\"https:\\\/\\\/martinluther.ca\\\/wp-content\\\/uploads\\\/2016\\\/12\\\/ml-logo-300.png\",\"contentUrl\":\"https:\\\/\\\/martinluther.ca\\\/wp-content\\\/uploads\\\/2016\\\/12\\\/ml-logo-300.png\",\"width\":300,\"height\":150,\"caption\":\"Martin Luther Evangelical Church Toronto\"},\"image\":{\"@id\":\"https:\\\/\\\/martinluther.ca\\\/de\\\/#\\\/schema\\\/logo\\\/image\\\/\"},\"sameAs\":[\"https:\\\/\\\/www.facebook.com\\\/martinlutherchurchtoronto\",\"https:\\\/\\\/www.instagram.com\\\/lutheransbythelake\\\/\",\"https:\\\/\\\/www.youtube.com\\\/MartinLutherChurchToronto\"]},{\"@type\":\"Person\",\"@id\":\"https:\\\/\\\/martinluther.ca\\\/de\\\/#\\\/schema\\\/person\\\/815c51710f70b050f0476f18da6b0c8f\",\"name\":\"Mona Kakoschke Frantzke\",\"image\":{\"@type\":\"ImageObject\",\"inLanguage\":\"de\",\"@id\":\"https:\\\/\\\/secure.gravatar.com\\\/avatar\\\/0deb16854ca545cd2e9fc8001ca110d262b80d5c8317b38dc542265fbea0ed19?s=96&d=mm&r=g\",\"url\":\"https:\\\/\\\/secure.gravatar.com\\\/avatar\\\/0deb16854ca545cd2e9fc8001ca110d262b80d5c8317b38dc542265fbea0ed19?s=96&d=mm&r=g\",\"contentUrl\":\"https:\\\/\\\/secure.gravatar.com\\\/avatar\\\/0deb16854ca545cd2e9fc8001ca110d262b80d5c8317b38dc542265fbea0ed19?s=96&d=mm&r=g\",\"caption\":\"Mona Kakoschke Frantzke\"},\"url\":false}]}<\/script>\n<!-- \/ Yoast SEO plugin. -->","yoast_head_json":{"title":"Weltgebetstag 2020 Simbabwe - Martin Luther Evangelische Kirche Toronto","robots":{"index":"index","follow":"follow","max-snippet":"max-snippet:-1","max-image-preview":"max-image-preview:large","max-video-preview":"max-video-preview:-1"},"canonical":"https:\/\/martinluther.ca\/de\/2020\/02\/weltgebetstag-2020-simbabwe\/","og_locale":"de_DE","og_type":"article","og_title":"Weltgebetstag 2020 Simbabwe - Martin Luther Evangelische Kirche Toronto","og_description":"Wir laden Sie ein am Weltgebetstag teilzunehmen oder einfach zu kommen und eine \u00f6kumenische Gemeinschaft mit uns am Freitag, dem 6. M\u00e4rz, um 13:00 Uhr in der Christ Church St. James Anglican Church, 194 Park Lawn Rd, Etobicoke, zu feiern. Carol-Anne wird dieses Jahr die Leitung \u00fcbernehmen und braucht helfende H\u00e4nde, um Gott wirklich zu&hellip;","og_url":"https:\/\/martinluther.ca\/de\/2020\/02\/weltgebetstag-2020-simbabwe\/","og_site_name":"Martin Luther Evangelische Kirche Toronto","article_publisher":"https:\/\/www.facebook.com\/martinlutherchurchtoronto","article_published_time":"2020-02-18T16:45:23+00:00","article_modified_time":"2020-03-12T03:36:54+00:00","og_image":[{"width":355,"height":266,"url":"https:\/\/martinluther.ca\/wp-content\/uploads\/2020\/02\/2020-World-Day-of-Prayer-at-Christ-Church-poster-3.png","type":"image\/png"}],"author":"Mona Kakoschke Frantzke","twitter_card":"summary_large_image","twitter_misc":{"Verfasst von":"Mona Kakoschke Frantzke","Gesch\u00e4tzte Lesezeit":"2\u00a0Minuten"},"schema":{"@context":"https:\/\/schema.org","@graph":[{"@type":"Article","@id":"https:\/\/martinluther.ca\/de\/2020\/02\/weltgebetstag-2020-simbabwe\/#article","isPartOf":{"@id":"https:\/\/martinluther.ca\/de\/2020\/02\/weltgebetstag-2020-simbabwe\/"},"author":{"name":"Mona Kakoschke Frantzke","@id":"https:\/\/martinluther.ca\/de\/#\/schema\/person\/815c51710f70b050f0476f18da6b0c8f"},"headline":"Weltgebetstag 2020 Simbabwe","datePublished":"2020-02-18T16:45:23+00:00","dateModified":"2020-03-12T03:36:54+00:00","mainEntityOfPage":{"@id":"https:\/\/martinluther.ca\/de\/2020\/02\/weltgebetstag-2020-simbabwe\/"},"wordCount":419,"publisher":{"@id":"https:\/\/martinluther.ca\/de\/#organization"},"image":{"@id":"https:\/\/martinluther.ca\/de\/2020\/02\/weltgebetstag-2020-simbabwe\/#primaryimage"},"thumbnailUrl":"https:\/\/martinluther.ca\/wp-content\/uploads\/2020\/02\/2020-World-Day-of-Prayer-at-Christ-Church-poster-3.png","articleSection":["News Blog - German"],"inLanguage":"de"},{"@type":"WebPage","@id":"https:\/\/martinluther.ca\/de\/2020\/02\/weltgebetstag-2020-simbabwe\/","url":"https:\/\/martinluther.ca\/de\/2020\/02\/weltgebetstag-2020-simbabwe\/","name":"Weltgebetstag 2020 Simbabwe - Martin Luther Evangelische Kirche Toronto","isPartOf":{"@id":"https:\/\/martinluther.ca\/de\/#website"},"primaryImageOfPage":{"@id":"https:\/\/martinluther.ca\/de\/2020\/02\/weltgebetstag-2020-simbabwe\/#primaryimage"},"image":{"@id":"https:\/\/martinluther.ca\/de\/2020\/02\/weltgebetstag-2020-simbabwe\/#primaryimage"},"thumbnailUrl":"https:\/\/martinluther.ca\/wp-content\/uploads\/2020\/02\/2020-World-Day-of-Prayer-at-Christ-Church-poster-3.png","datePublished":"2020-02-18T16:45:23+00:00","dateModified":"2020-03-12T03:36:54+00:00","breadcrumb":{"@id":"https:\/\/martinluther.ca\/de\/2020\/02\/weltgebetstag-2020-simbabwe\/#breadcrumb"},"inLanguage":"de","potentialAction":[{"@type":"ReadAction","target":["https:\/\/martinluther.ca\/de\/2020\/02\/weltgebetstag-2020-simbabwe\/"]}]},{"@type":"ImageObject","inLanguage":"de","@id":"https:\/\/martinluther.ca\/de\/2020\/02\/weltgebetstag-2020-simbabwe\/#primaryimage","url":"https:\/\/martinluther.ca\/wp-content\/uploads\/2020\/02\/2020-World-Day-of-Prayer-at-Christ-Church-poster-3.png","contentUrl":"https:\/\/martinluther.ca\/wp-content\/uploads\/2020\/02\/2020-World-Day-of-Prayer-at-Christ-Church-poster-3.png","width":355,"height":266,"caption":"2020 World Day of Prayer -poster (3)"},{"@type":"BreadcrumbList","@id":"https:\/\/martinluther.ca\/de\/2020\/02\/weltgebetstag-2020-simbabwe\/#breadcrumb","itemListElement":[{"@type":"ListItem","position":1,"name":"Home","item":"https:\/\/martinluther.ca\/de\/"},{"@type":"ListItem","position":2,"name":"Weltgebetstag 2020 Simbabwe"}]},{"@type":"WebSite","@id":"https:\/\/martinluther.ca\/de\/#website","url":"https:\/\/martinluther.ca\/de\/","name":"Martin Luther Evangelical Church Toronto","description":"Deutsch &amp; Englisch","publisher":{"@id":"https:\/\/martinluther.ca\/de\/#organization"},"potentialAction":[{"@type":"SearchAction","target":{"@type":"EntryPoint","urlTemplate":"https:\/\/martinluther.ca\/de\/?s={search_term_string}"},"query-input":{"@type":"PropertyValueSpecification","valueRequired":true,"valueName":"search_term_string"}}],"inLanguage":"de"},{"@type":"Organization","@id":"https:\/\/martinluther.ca\/de\/#organization","name":"Martin Luther Evangelical Church Toronto","url":"https:\/\/martinluther.ca\/de\/","logo":{"@type":"ImageObject","inLanguage":"de","@id":"https:\/\/martinluther.ca\/de\/#\/schema\/logo\/image\/","url":"https:\/\/martinluther.ca\/wp-content\/uploads\/2016\/12\/ml-logo-300.png","contentUrl":"https:\/\/martinluther.ca\/wp-content\/uploads\/2016\/12\/ml-logo-300.png","width":300,"height":150,"caption":"Martin Luther Evangelical Church Toronto"},"image":{"@id":"https:\/\/martinluther.ca\/de\/#\/schema\/logo\/image\/"},"sameAs":["https:\/\/www.facebook.com\/martinlutherchurchtoronto","https:\/\/www.instagram.com\/lutheransbythelake\/","https:\/\/www.youtube.com\/MartinLutherChurchToronto"]},{"@type":"Person","@id":"https:\/\/martinluther.ca\/de\/#\/schema\/person\/815c51710f70b050f0476f18da6b0c8f","name":"Mona Kakoschke Frantzke","image":{"@type":"ImageObject","inLanguage":"de","@id":"https:\/\/secure.gravatar.com\/avatar\/0deb16854ca545cd2e9fc8001ca110d262b80d5c8317b38dc542265fbea0ed19?s=96&d=mm&r=g","url":"https:\/\/secure.gravatar.com\/avatar\/0deb16854ca545cd2e9fc8001ca110d262b80d5c8317b38dc542265fbea0ed19?s=96&d=mm&r=g","contentUrl":"https:\/\/secure.gravatar.com\/avatar\/0deb16854ca545cd2e9fc8001ca110d262b80d5c8317b38dc542265fbea0ed19?s=96&d=mm&r=g","caption":"Mona Kakoschke Frantzke"},"url":false}]}},"_links":{"self":[{"href":"https:\/\/martinluther.ca\/de\/wp-json\/wp\/v2\/posts\/33364","targetHints":{"allow":["GET"]}}],"collection":[{"href":"https:\/\/martinluther.ca\/de\/wp-json\/wp\/v2\/posts"}],"about":[{"href":"https:\/\/martinluther.ca\/de\/wp-json\/wp\/v2\/types\/post"}],"author":[{"embeddable":true,"href":"https:\/\/martinluther.ca\/de\/wp-json\/wp\/v2\/users\/9"}],"replies":[{"embeddable":true,"href":"https:\/\/martinluther.ca\/de\/wp-json\/wp\/v2\/comments?post=33364"}],"version-history":[{"count":5,"href":"https:\/\/martinluther.ca\/de\/wp-json\/wp\/v2\/posts\/33364\/revisions"}],"predecessor-version":[{"id":33388,"href":"https:\/\/martinluther.ca\/de\/wp-json\/wp\/v2\/posts\/33364\/revisions\/33388"}],"wp:featuredmedia":[{"embeddable":true,"href":"https:\/\/martinluther.ca\/de\/wp-json\/wp\/v2\/media\/33361"}],"wp:attachment":[{"href":"https:\/\/martinluther.ca\/de\/wp-json\/wp\/v2\/media?parent=33364"}],"wp:term":[{"taxonomy":"category","embeddable":true,"href":"https:\/\/martinluther.ca\/de\/wp-json\/wp\/v2\/categories?post=33364"},{"taxonomy":"post_tag","embeddable":true,"href":"https:\/\/martinluther.ca\/de\/wp-json\/wp\/v2\/tags?post=33364"},{"taxonomy":"post_series","embeddable":true,"href":"https:\/\/martinluther.ca\/de\/wp-json\/wp\/v2\/post_series?post=33364"}],"curies":[{"name":"wp","href":"https:\/\/api.w.org\/{rel}","templated":true}]}}