{"id":33380,"date":"2020-02-18T13:11:36","date_gmt":"2020-02-18T18:11:36","guid":{"rendered":"https:\/\/martinluther.ca\/?p=33380"},"modified":"2020-06-12T19:08:29","modified_gmt":"2020-06-12T23:08:29","slug":"unsere-oekumenischen-passionsgottesdienste-2020-sind-virtuell-geworden","status":"publish","type":"post","link":"https:\/\/martinluther.ca\/de\/2020\/02\/unsere-oekumenischen-passionsgottesdienste-2020-sind-virtuell-geworden\/","title":{"rendered":"Passionsgottesdienste 2020 ONLINE (In Englisch)"},"content":{"rendered":"<p>2. April 2020 In diesen schwierigen Zeiten der Coronavirus, k\u00f6nnen Sie immerhin die Beitr\u00e4ge auf dem YouTube Kanal der Martin Luther Kirche (Toronto) abrufen:<br \/>\n<a href=\"https:\/\/www.youtube.com\/channel\/UCzngK_Gp6u0gL_7sRu7bwlQ\/\" target=\"_blank\" rel=\"noopener noreferrer\">https:\/\/www.youtube.com\/channel\/UCzngK_Gp6u0gL_7sRu7bwlQ\/<\/a><\/p>\n<p>Mit unseren \u00f6kumenischen Freunden werden wir uns zusammen auf den Weg machen, gemeinsam absichtsvoll reflektieren und das Kreuz in jedem Alltagsmoment suchen. Das Thema: <strong>F\u00fchre mich zum Kreuz.\u00a0<\/strong><\/p>\n<p>Wenn wir durch die Stadt schlendern oder rasen, begegnen wir auf Schritt und Tritt Kreuzen. Wir werden sie vielleicht bemerken, aber oft vermissen wir sie. Die Passionszeit bringt uns langsam zum Kreuz und mit unserer gemeinsamen Zeit jeden Donnerstag werden wir zum Kreuz schauen. Langsam, gemeinsam und gebeterf\u00fcllt werden wir die Welt um uns herum nach dem Kreuz erkunden. Die Passionszeit ist eine Zeit zum Innehalten, zum Kreuz schauen, seine Hand bei der Arbeit in unserem Leben und in der Sch\u00f6pfung sehen und f\u00fchlen. F\u00fcnf Bilder aufgenommen in Mimico werden uns durch diese Passionszeit f\u00fchren, wenn wir uns dem Kreuz n\u00e4hern.<\/p>\n<p><strong>Lent I (In Englisch) F\u00fchre mich zum Kreuz &#8211; Passionsreflexion f\u00fcr den 5. M\u00e4rz 2020<\/strong><br \/>\nDas Kreuz \u00f6ffnet T\u00fcren.<\/p>\n<p>\u201cErhebe deine K\u00f6pfe, oh Tore! und erhebe dich, oh alte T\u00fcren! damit der K\u00f6nig in der Herrlichkeit komme. Psalm 24: 7\u00a0 &#8211; Vicars Jordan Smith and Adam McComb von der Martin Luther Kirche, fand in der Martin Luther Kirche statt -WAR VOR ORT<\/p>\n<p><strong>Lent II (In Englisch) F\u00fchre mich zum Kreuz &#8211; Passionsreflexion f\u00fcr den 12. M\u00e4rz 2020<\/strong><br \/>\nDas Kreuz am Himmel<\/p>\n<p>\u201eDann sah ich neuen Himmel und eine neue Erde\u201c &#8211; Offenbarung 21 -Rev. Joan Smith von der Wesley Mimico United Church, fand in der Martin Luther Kirche statt &#8211; WAR VOR ORT<\/p>\n<p>***************<\/p>\n<figure id=\"attachment_33623\" aria-describedby=\"caption-attachment-33623\" style=\"width: 300px\" class=\"wp-caption alignright\"><a href=\"https:\/\/youtu.be\/HMhz7P-dpYM\"><img loading=\"lazy\" decoding=\"async\" class=\"wp-image-33623 size-medium\" src=\"https:\/\/martinluther.ca\/wp-content\/uploads\/2020\/03\/2020-Lent-III-Rev.-David-Smith-from-Christ-Church-St.-James-Anglican-Church-4x3-1-300x225.jpg\" alt=\"2020 Lent III Rev. David Smith from Christ Church St. James Anglican Church\" width=\"300\" height=\"225\" srcset=\"https:\/\/martinluther.ca\/wp-content\/uploads\/2020\/03\/2020-Lent-III-Rev.-David-Smith-from-Christ-Church-St.-James-Anglican-Church-4x3-1-300x225.jpg 300w, https:\/\/martinluther.ca\/wp-content\/uploads\/2020\/03\/2020-Lent-III-Rev.-David-Smith-from-Christ-Church-St.-James-Anglican-Church-4x3-1-1024x767.jpg 1024w, https:\/\/martinluther.ca\/wp-content\/uploads\/2020\/03\/2020-Lent-III-Rev.-David-Smith-from-Christ-Church-St.-James-Anglican-Church-4x3-1-768x575.jpg 768w, https:\/\/martinluther.ca\/wp-content\/uploads\/2020\/03\/2020-Lent-III-Rev.-David-Smith-from-Christ-Church-St.-James-Anglican-Church-4x3-1.jpg 1438w\" sizes=\"auto, (max-width: 300px) 100vw, 300px\" \/><\/a><figcaption id=\"caption-attachment-33623\" class=\"wp-caption-text\">Rev. David Smith von der Christ Church St. James Anglican Church, Passionsreflexion f\u00fcr den 19. M\u00e4rz 2020<\/figcaption><\/figure>\n<p><strong>Lent III (In Englisch) F\u00fchre mich zum Kreuz &#8211; Passionsreflexion f\u00fcr den 19. M\u00e4rz 2020 ONLINE<\/strong><\/p>\n<p>Das Kreuz auf dem Weg<\/p>\n<p><a href=\"https:\/\/youtu.be\/HMhz7P-dpYM\" target=\"_blank\" rel=\"noopener noreferrer\">https:\/\/youtu.be\/HMhz7P-dpYM<\/a><\/p>\n<p>Rev. David Smith von der Christ Church St. James Anglican Church reflektiert unsere Passage f\u00fcr diese Woche,<\/p>\n<p>\u201eNiemand kann von dort zu uns gehen\u201c Lukas 16: 19-31<\/p>\n<p>Unser Gottesdienstlied f\u00fcr diese Passionsreflexionsserie ist &#8222;Lead Me to the Cross&#8220; von Hillsong. Sie k\u00f6nnen sich hier ein Cover des Songs anh\u00f6ren:<\/p>\n<p><a href=\"https:\/\/www.youtube.com\/watch?v=hwwMv...\" target=\"_blank\" rel=\"noopener noreferrer\">https:\/\/www.youtube.com\/watch?v=hwwMv&#8230;<\/a><\/p>\n<p>****************<\/p>\n<figure id=\"attachment_33625\" aria-describedby=\"caption-attachment-33625\" style=\"width: 300px\" class=\"wp-caption alignright\"><a href=\"https:\/\/youtu.be\/lJ35KXS0NGE\"><img loading=\"lazy\" decoding=\"async\" class=\"wp-image-33625 size-medium\" src=\"https:\/\/martinluther.ca\/wp-content\/uploads\/2020\/03\/2020-Lent-IV-Rev.-Jim-Sanderson-from-Mimico-Baptist-Church-4x3-1-300x225.jpg\" alt=\"2020 Lent IV Rev. Jim Sanderson from Mimico Baptist Church\" width=\"300\" height=\"225\" srcset=\"https:\/\/martinluther.ca\/wp-content\/uploads\/2020\/03\/2020-Lent-IV-Rev.-Jim-Sanderson-from-Mimico-Baptist-Church-4x3-1-300x225.jpg 300w, https:\/\/martinluther.ca\/wp-content\/uploads\/2020\/03\/2020-Lent-IV-Rev.-Jim-Sanderson-from-Mimico-Baptist-Church-4x3-1-1024x767.jpg 1024w, https:\/\/martinluther.ca\/wp-content\/uploads\/2020\/03\/2020-Lent-IV-Rev.-Jim-Sanderson-from-Mimico-Baptist-Church-4x3-1-768x576.jpg 768w, https:\/\/martinluther.ca\/wp-content\/uploads\/2020\/03\/2020-Lent-IV-Rev.-Jim-Sanderson-from-Mimico-Baptist-Church-4x3-1.jpg 1437w\" sizes=\"auto, (max-width: 300px) 100vw, 300px\" \/><\/a><figcaption id=\"caption-attachment-33625\" class=\"wp-caption-text\">Rev. Jim Sanderson von der Mimico Baptist Church, Passionsreflexion f\u00fcr den 26. M\u00e4rz 2020<\/figcaption><\/figure>\n<p><strong>Lent IV (In Englisch) F\u00fchre mich zum Kreuz &#8211; Passionsreflexion f\u00fcr den 26. M\u00e4rz 2020 ONLINE<\/strong><\/p>\n<p>Das Kreuz und die Gerechtigkeit<\/p>\n<p><a href=\"https:\/\/youtu.be\/lJ35KXS0NGE\" target=\"_blank\" rel=\"noopener noreferrer\">https:\/\/youtu.be\/lJ35KXS0NGE<\/a><\/p>\n<p>Rev. Jim Sanderson von der Mimico Baptist Church reflektiert unsere Passage f\u00fcr diese Woche,<\/p>\n<p>\u201eIch kann nichts alleine machen. Wie ich h\u00f6re, urteile ich; und mein Urteil ist gerecht:\u201e Johannes 5: 30-47.<\/p>\n<p>Unser Gottesdienstlied f\u00fcr diese Passionsreflexionsserie ist &#8222;Lead Me to the Cross&#8220; von Hillsong. Sie k\u00f6nnen sich hier ein Cover des Songs von FrancescaBattistelli anh\u00f6ren: <a href=\"https:\/\/youtu.be\/hwwMv0cby_g\" target=\"_blank\" rel=\"noopener noreferrer\">https:\/\/youtu.be\/hwwMv0cby_g<\/a><\/p>\n<p>*********************<\/p>\n<figure id=\"attachment_33687\" aria-describedby=\"caption-attachment-33687\" style=\"width: 300px\" class=\"wp-caption alignright\"><a href=\"https:\/\/youtu.be\/MMrhgcP-xUs\"><img loading=\"lazy\" decoding=\"async\" class=\"wp-image-33687 size-medium\" src=\"https:\/\/martinluther.ca\/wp-content\/uploads\/2020\/04\/Lent-V-Cross-in-the-CIty-Vicar-Martin-Luther-Church-Vicar-Silke-Fahl-Apr2-2020-4x3-1-300x225.jpg\" alt=\"Lent V Cross in the CIty Vicar Martin Luther Church Vicar Silke Fahl (Apr2-2020)\" width=\"300\" height=\"225\" srcset=\"https:\/\/martinluther.ca\/wp-content\/uploads\/2020\/04\/Lent-V-Cross-in-the-CIty-Vicar-Martin-Luther-Church-Vicar-Silke-Fahl-Apr2-2020-4x3-1-300x225.jpg 300w, https:\/\/martinluther.ca\/wp-content\/uploads\/2020\/04\/Lent-V-Cross-in-the-CIty-Vicar-Martin-Luther-Church-Vicar-Silke-Fahl-Apr2-2020-4x3-1-1024x768.jpg 1024w, https:\/\/martinluther.ca\/wp-content\/uploads\/2020\/04\/Lent-V-Cross-in-the-CIty-Vicar-Martin-Luther-Church-Vicar-Silke-Fahl-Apr2-2020-4x3-1-768x576.jpg 768w, https:\/\/martinluther.ca\/wp-content\/uploads\/2020\/04\/Lent-V-Cross-in-the-CIty-Vicar-Martin-Luther-Church-Vicar-Silke-Fahl-Apr2-2020-4x3-1.jpg 1437w\" sizes=\"auto, (max-width: 300px) 100vw, 300px\" \/><\/a><figcaption id=\"caption-attachment-33687\" class=\"wp-caption-text\">Passionsreflexion f\u00fcr den 2. April 2020 &#8222;Cross in the City&#8220; von Martin Luther Church Vikarin Silke Fahl<\/figcaption><\/figure>\n<p><strong>Lent V (in Englisch)\u00a0 F\u00fchre mich zum Kreuz &#8211; Passionsreflexion f\u00fcr den 2. April 2020 ONLINE<\/strong><\/p>\n<p>Das Kreuz in der Stadt<\/p>\n<p><a href=\"https:\/\/youtu.be\/MMrhgcP-xUs\" target=\"_blank\" rel=\"noopener noreferrer\">https:\/\/youtu.be\/MMrhgcP-xUs<\/a><\/p>\n<p>Vikar Silke Fahl von der Martin-Luther-Kirche reflektiert mit Unterst\u00fctzung von Samantha Coelho vom Stonegate Ministry unsere Passage f\u00fcr diese Woche,<\/p>\n<p>\u201eGr\u00f6\u00dfere Liebe hat niemand, als diese, da\u00df jemand sein Leben l\u00e4\u00dft f\u00fcr seine Freunde.\u201c\u00a0Johannes 15:13<\/p>\n<p><a href=\"https:\/\/www.biblegateway.com\/passage \/\" target=\"_blank\" rel=\"noopener noreferrer\">https: \/\/www.biblegateway.com\/passage \/ &#8230;<\/a><\/p>\n<p>Unser Titelsong f\u00fcr diese Fastenreflexionsserie ist &#8222;Lead Me to the Cross&#8220; von Hillsong. Sie k\u00f6nnen sich hier ein Cover des Songs anh\u00f6ren auf YouTube.: <a href=\"https:\/\/www.youtube.com\/watch? V = hwwMv\" target=\"_blank\" rel=\"noopener noreferrer\">https:\/\/www.youtube.com\/watch? V = hwwMv &#8230;<\/a><\/p>\n<p>&nbsp;<\/p>\n<p><img loading=\"lazy\" decoding=\"async\" class=\"alignleft size-full wp-image-33450\" src=\"https:\/\/martinluther.ca\/wp-content\/uploads\/2020\/02\/2020-Lenten-Services-poster.jpg\" alt=\"2020 Lenten Services -poster \" width=\"1700\" height=\"2200\" srcset=\"https:\/\/martinluther.ca\/wp-content\/uploads\/2020\/02\/2020-Lenten-Services-poster.jpg 1700w, https:\/\/martinluther.ca\/wp-content\/uploads\/2020\/02\/2020-Lenten-Services-poster-232x300.jpg 232w, https:\/\/martinluther.ca\/wp-content\/uploads\/2020\/02\/2020-Lenten-Services-poster-791x1024.jpg 791w, https:\/\/martinluther.ca\/wp-content\/uploads\/2020\/02\/2020-Lenten-Services-poster-768x994.jpg 768w, https:\/\/martinluther.ca\/wp-content\/uploads\/2020\/02\/2020-Lenten-Services-poster-1187x1536.jpg 1187w, https:\/\/martinluther.ca\/wp-content\/uploads\/2020\/02\/2020-Lenten-Services-poster-1583x2048.jpg 1583w\" sizes=\"auto, (max-width: 1700px) 100vw, 1700px\" \/><\/p>\n<p>&nbsp;<\/p>\n<div id=\"gallery-1\" class=\"wpex-gallery wpex-grid wpex-grid-cols-4 wpex-gap-20 wpex-lightbox-group wpex-mb-20\"><figure class=\"gallery-item\"><a href=\"https:\/\/martinluther.ca\/wp-content\/uploads\/2020\/02\/5crossinthecity-Lenten2020.jpg\" class=\"wpex-lightbox-group-item\" data-title=\"Aerial view of downtown Toronto, Ontario\"><img loading=\"lazy\" alt=\"Aerial View Of Downtown Toronto, Ontario\" decoding=\"async\" src=\"https:\/\/martinluther.ca\/wp-content\/uploads\/2020\/02\/5crossinthecity-Lenten2020.jpg\" srcset=\"https:\/\/martinluther.ca\/wp-content\/uploads\/2020\/02\/5crossinthecity-Lenten2020.jpg 364w, https:\/\/martinluther.ca\/wp-content\/uploads\/2020\/02\/5crossinthecity-Lenten2020-199x300.jpg 199w\" width=\"364\" height=\"550\"><\/a><\/figure><figure class=\"gallery-item\"><a href=\"https:\/\/martinluther.ca\/wp-content\/uploads\/2020\/02\/3crossonthepath-Lenten2020.jpg\" class=\"wpex-lightbox-group-item\" data-title=\"crossonthepath\"><img loading=\"lazy\" alt=\"Crossonthepath\" decoding=\"async\" src=\"https:\/\/martinluther.ca\/wp-content\/uploads\/2020\/02\/3crossonthepath-Lenten2020.jpg\" srcset=\"https:\/\/martinluther.ca\/wp-content\/uploads\/2020\/02\/3crossonthepath-Lenten2020.jpg 768w, https:\/\/martinluther.ca\/wp-content\/uploads\/2020\/02\/3crossonthepath-Lenten2020-225x300.jpg 225w\" width=\"768\" height=\"1024\"><\/a><\/figure><figure class=\"gallery-item\"><a href=\"https:\/\/martinluther.ca\/wp-content\/uploads\/2020\/02\/2Crossinthesky-Lenten2020.jpeg\" class=\"wpex-lightbox-group-item\" data-title=\"2Crossinthesky-Lenten2020\"><img loading=\"lazy\" alt=\"2Crossinthesky-Lenten2020\" decoding=\"async\" src=\"https:\/\/martinluther.ca\/wp-content\/uploads\/2020\/02\/2Crossinthesky-Lenten2020-1024x768.jpeg\" width=\"1024\" height=\"768\"><\/a><\/figure><figure class=\"gallery-item\"><a href=\"https:\/\/martinluther.ca\/wp-content\/uploads\/2020\/02\/1crossopensdoors-Lenten2020.jpeg\" class=\"wpex-lightbox-group-item\" data-title=\"1crossopensdoors-Lenten2020\"><img loading=\"lazy\" alt=\"1crossopensdoors-Lenten2020\" decoding=\"async\" src=\"https:\/\/martinluther.ca\/wp-content\/uploads\/2020\/02\/1crossopensdoors-Lenten2020-768x1024.jpeg\" srcset=\"https:\/\/martinluther.ca\/wp-content\/uploads\/2020\/02\/1crossopensdoors-Lenten2020-768x1024.jpeg 768w, https:\/\/martinluther.ca\/wp-content\/uploads\/2020\/02\/1crossopensdoors-Lenten2020-225x300.jpeg 225w, https:\/\/martinluther.ca\/wp-content\/uploads\/2020\/02\/1crossopensdoors-Lenten2020.jpeg 960w\" width=\"768\" height=\"1024\"><\/a><\/figure><\/div>\n\n","protected":false},"excerpt":{"rendered":"<p>2. April 2020 In diesen schwierigen Zeiten der Coronavirus, k\u00f6nnen Sie immerhin die Beitr\u00e4ge auf dem YouTube Kanal der Martin Luther Kirche (Toronto) abrufen: https:\/\/www.youtube.com\/channel\/UCzngK_Gp6u0gL_7sRu7bwlQ\/ Mit unseren \u00f6kumenischen Freunden werden wir uns zusammen auf den Weg machen, gemeinsam absichtsvoll reflektieren und das Kreuz in jedem Alltagsmoment suchen. Das Thema: F\u00fchre mich zum Kreuz.\u00a0 Wenn wir&hellip;<\/p>\n","protected":false},"author":9,"featured_media":33687,"comment_status":"closed","ping_status":"closed","sticky":false,"template":"","format":"standard","meta":{"footnotes":""},"categories":[69],"tags":[],"post_series":[],"class_list":["post-33380","post","type-post","status-publish","format-standard","has-post-thumbnail","hentry","category-news-blog-german","entry","has-media"],"yoast_head":"<!-- This site is optimized with the Yoast SEO plugin v27.5 - https:\/\/yoast.com\/product\/yoast-seo-wordpress\/ -->\n<title>Passionsgottesdienste 2020 ONLINE (In Englisch) - Martin Luther Evangelische Kirche Toronto<\/title>\n<meta name=\"robots\" content=\"index, follow, max-snippet:-1, max-image-preview:large, max-video-preview:-1\" \/>\n<link rel=\"canonical\" href=\"https:\/\/martinluther.ca\/2020\/02\/our-ecumenical-lenten-services-2020-have-gone-virtual\/\" \/>\n<meta property=\"og:locale\" content=\"de_DE\" \/>\n<meta property=\"og:type\" content=\"article\" \/>\n<meta property=\"og:title\" content=\"Passionsgottesdienste 2020 ONLINE (In Englisch) - Martin Luther Evangelische Kirche Toronto\" \/>\n<meta property=\"og:description\" content=\"2. April 2020 In diesen schwierigen Zeiten der Coronavirus, k\u00f6nnen Sie immerhin die Beitr\u00e4ge auf dem YouTube Kanal der Martin Luther Kirche (Toronto) abrufen: https:\/\/www.youtube.com\/channel\/UCzngK_Gp6u0gL_7sRu7bwlQ\/ Mit unseren \u00f6kumenischen Freunden werden wir uns zusammen auf den Weg machen, gemeinsam absichtsvoll reflektieren und das Kreuz in jedem Alltagsmoment suchen. Das Thema: F\u00fchre mich zum Kreuz.\u00a0 Wenn wir&hellip;\" \/>\n<meta property=\"og:url\" content=\"https:\/\/martinluther.ca\/2020\/02\/our-ecumenical-lenten-services-2020-have-gone-virtual\/\" \/>\n<meta property=\"og:site_name\" content=\"Martin Luther Evangelische Kirche Toronto\" \/>\n<meta property=\"article:publisher\" content=\"https:\/\/www.facebook.com\/martinlutherchurchtoronto\" \/>\n<meta property=\"article:published_time\" content=\"2020-02-18T18:11:36+00:00\" \/>\n<meta property=\"article:modified_time\" content=\"2020-06-12T23:08:29+00:00\" \/>\n<meta property=\"og:image\" content=\"https:\/\/martinluther.ca\/wp-content\/uploads\/2020\/04\/Lent-V-Cross-in-the-CIty-Vicar-Martin-Luther-Church-Vicar-Silke-Fahl-Apr2-2020-4x3-1.jpg\" \/>\n\t<meta property=\"og:image:width\" content=\"1437\" \/>\n\t<meta property=\"og:image:height\" content=\"1078\" \/>\n\t<meta property=\"og:image:type\" content=\"image\/jpeg\" \/>\n<meta name=\"author\" content=\"Mona Kakoschke Frantzke\" \/>\n<meta name=\"twitter:card\" content=\"summary_large_image\" \/>\n<meta name=\"twitter:label1\" content=\"Verfasst von\" \/>\n\t<meta name=\"twitter:data1\" content=\"Mona Kakoschke Frantzke\" \/>\n\t<meta name=\"twitter:label2\" content=\"Gesch\u00e4tzte Lesezeit\" \/>\n\t<meta name=\"twitter:data2\" content=\"3\u00a0Minuten\" \/>\n<script type=\"application\/ld+json\" class=\"yoast-schema-graph\">{\"@context\":\"https:\\\/\\\/schema.org\",\"@graph\":[{\"@type\":\"Article\",\"@id\":\"https:\\\/\\\/martinluther.ca\\\/2020\\\/02\\\/our-ecumenical-lenten-services-2020-have-gone-virtual\\\/#article\",\"isPartOf\":{\"@id\":\"https:\\\/\\\/martinluther.ca\\\/2020\\\/02\\\/our-ecumenical-lenten-services-2020-have-gone-virtual\\\/\"},\"author\":{\"name\":\"Mona Kakoschke Frantzke\",\"@id\":\"https:\\\/\\\/martinluther.ca\\\/de\\\/#\\\/schema\\\/person\\\/815c51710f70b050f0476f18da6b0c8f\"},\"headline\":\"Passionsgottesdienste 2020 ONLINE (In Englisch)\",\"datePublished\":\"2020-02-18T18:11:36+00:00\",\"dateModified\":\"2020-06-12T23:08:29+00:00\",\"mainEntityOfPage\":{\"@id\":\"https:\\\/\\\/martinluther.ca\\\/2020\\\/02\\\/our-ecumenical-lenten-services-2020-have-gone-virtual\\\/\"},\"wordCount\":650,\"publisher\":{\"@id\":\"https:\\\/\\\/martinluther.ca\\\/de\\\/#organization\"},\"image\":{\"@id\":\"https:\\\/\\\/martinluther.ca\\\/2020\\\/02\\\/our-ecumenical-lenten-services-2020-have-gone-virtual\\\/#primaryimage\"},\"thumbnailUrl\":\"https:\\\/\\\/martinluther.ca\\\/wp-content\\\/uploads\\\/2020\\\/04\\\/Lent-V-Cross-in-the-CIty-Vicar-Martin-Luther-Church-Vicar-Silke-Fahl-Apr2-2020-4x3-1.jpg\",\"articleSection\":[\"News Blog - German\"],\"inLanguage\":\"de\"},{\"@type\":\"WebPage\",\"@id\":\"https:\\\/\\\/martinluther.ca\\\/2020\\\/02\\\/our-ecumenical-lenten-services-2020-have-gone-virtual\\\/\",\"url\":\"https:\\\/\\\/martinluther.ca\\\/2020\\\/02\\\/our-ecumenical-lenten-services-2020-have-gone-virtual\\\/\",\"name\":\"Passionsgottesdienste 2020 ONLINE (In Englisch) - Martin Luther Evangelische Kirche Toronto\",\"isPartOf\":{\"@id\":\"https:\\\/\\\/martinluther.ca\\\/de\\\/#website\"},\"primaryImageOfPage\":{\"@id\":\"https:\\\/\\\/martinluther.ca\\\/2020\\\/02\\\/our-ecumenical-lenten-services-2020-have-gone-virtual\\\/#primaryimage\"},\"image\":{\"@id\":\"https:\\\/\\\/martinluther.ca\\\/2020\\\/02\\\/our-ecumenical-lenten-services-2020-have-gone-virtual\\\/#primaryimage\"},\"thumbnailUrl\":\"https:\\\/\\\/martinluther.ca\\\/wp-content\\\/uploads\\\/2020\\\/04\\\/Lent-V-Cross-in-the-CIty-Vicar-Martin-Luther-Church-Vicar-Silke-Fahl-Apr2-2020-4x3-1.jpg\",\"datePublished\":\"2020-02-18T18:11:36+00:00\",\"dateModified\":\"2020-06-12T23:08:29+00:00\",\"breadcrumb\":{\"@id\":\"https:\\\/\\\/martinluther.ca\\\/2020\\\/02\\\/our-ecumenical-lenten-services-2020-have-gone-virtual\\\/#breadcrumb\"},\"inLanguage\":\"de\",\"potentialAction\":[{\"@type\":\"ReadAction\",\"target\":[\"https:\\\/\\\/martinluther.ca\\\/2020\\\/02\\\/our-ecumenical-lenten-services-2020-have-gone-virtual\\\/\"]}]},{\"@type\":\"ImageObject\",\"inLanguage\":\"de\",\"@id\":\"https:\\\/\\\/martinluther.ca\\\/2020\\\/02\\\/our-ecumenical-lenten-services-2020-have-gone-virtual\\\/#primaryimage\",\"url\":\"https:\\\/\\\/martinluther.ca\\\/wp-content\\\/uploads\\\/2020\\\/04\\\/Lent-V-Cross-in-the-CIty-Vicar-Martin-Luther-Church-Vicar-Silke-Fahl-Apr2-2020-4x3-1.jpg\",\"contentUrl\":\"https:\\\/\\\/martinluther.ca\\\/wp-content\\\/uploads\\\/2020\\\/04\\\/Lent-V-Cross-in-the-CIty-Vicar-Martin-Luther-Church-Vicar-Silke-Fahl-Apr2-2020-4x3-1.jpg\",\"width\":1437,\"height\":1078,\"caption\":\"2020 Vicar Silke Fahl\"},{\"@type\":\"BreadcrumbList\",\"@id\":\"https:\\\/\\\/martinluther.ca\\\/2020\\\/02\\\/our-ecumenical-lenten-services-2020-have-gone-virtual\\\/#breadcrumb\",\"itemListElement\":[{\"@type\":\"ListItem\",\"position\":1,\"name\":\"Home\",\"item\":\"https:\\\/\\\/martinluther.ca\\\/de\\\/\"},{\"@type\":\"ListItem\",\"position\":2,\"name\":\"Passionsgottesdienste 2020 ONLINE (In Englisch)\"}]},{\"@type\":\"WebSite\",\"@id\":\"https:\\\/\\\/martinluther.ca\\\/de\\\/#website\",\"url\":\"https:\\\/\\\/martinluther.ca\\\/de\\\/\",\"name\":\"Martin Luther Evangelical Church Toronto\",\"description\":\"Deutsch &amp; Englisch\",\"publisher\":{\"@id\":\"https:\\\/\\\/martinluther.ca\\\/de\\\/#organization\"},\"potentialAction\":[{\"@type\":\"SearchAction\",\"target\":{\"@type\":\"EntryPoint\",\"urlTemplate\":\"https:\\\/\\\/martinluther.ca\\\/de\\\/?s={search_term_string}\"},\"query-input\":{\"@type\":\"PropertyValueSpecification\",\"valueRequired\":true,\"valueName\":\"search_term_string\"}}],\"inLanguage\":\"de\"},{\"@type\":\"Organization\",\"@id\":\"https:\\\/\\\/martinluther.ca\\\/de\\\/#organization\",\"name\":\"Martin Luther Evangelical Church Toronto\",\"url\":\"https:\\\/\\\/martinluther.ca\\\/de\\\/\",\"logo\":{\"@type\":\"ImageObject\",\"inLanguage\":\"de\",\"@id\":\"https:\\\/\\\/martinluther.ca\\\/de\\\/#\\\/schema\\\/logo\\\/image\\\/\",\"url\":\"https:\\\/\\\/martinluther.ca\\\/wp-content\\\/uploads\\\/2016\\\/12\\\/ml-logo-300.png\",\"contentUrl\":\"https:\\\/\\\/martinluther.ca\\\/wp-content\\\/uploads\\\/2016\\\/12\\\/ml-logo-300.png\",\"width\":300,\"height\":150,\"caption\":\"Martin Luther Evangelical Church Toronto\"},\"image\":{\"@id\":\"https:\\\/\\\/martinluther.ca\\\/de\\\/#\\\/schema\\\/logo\\\/image\\\/\"},\"sameAs\":[\"https:\\\/\\\/www.facebook.com\\\/martinlutherchurchtoronto\",\"https:\\\/\\\/www.instagram.com\\\/lutheransbythelake\\\/\",\"https:\\\/\\\/www.youtube.com\\\/MartinLutherChurchToronto\"]},{\"@type\":\"Person\",\"@id\":\"https:\\\/\\\/martinluther.ca\\\/de\\\/#\\\/schema\\\/person\\\/815c51710f70b050f0476f18da6b0c8f\",\"name\":\"Mona Kakoschke Frantzke\",\"image\":{\"@type\":\"ImageObject\",\"inLanguage\":\"de\",\"@id\":\"https:\\\/\\\/secure.gravatar.com\\\/avatar\\\/0deb16854ca545cd2e9fc8001ca110d262b80d5c8317b38dc542265fbea0ed19?s=96&d=mm&r=g\",\"url\":\"https:\\\/\\\/secure.gravatar.com\\\/avatar\\\/0deb16854ca545cd2e9fc8001ca110d262b80d5c8317b38dc542265fbea0ed19?s=96&d=mm&r=g\",\"contentUrl\":\"https:\\\/\\\/secure.gravatar.com\\\/avatar\\\/0deb16854ca545cd2e9fc8001ca110d262b80d5c8317b38dc542265fbea0ed19?s=96&d=mm&r=g\",\"caption\":\"Mona Kakoschke Frantzke\"},\"url\":false}]}<\/script>\n<!-- \/ Yoast SEO plugin. -->","yoast_head_json":{"title":"Passionsgottesdienste 2020 ONLINE (In Englisch) - Martin Luther Evangelische Kirche Toronto","robots":{"index":"index","follow":"follow","max-snippet":"max-snippet:-1","max-image-preview":"max-image-preview:large","max-video-preview":"max-video-preview:-1"},"canonical":"https:\/\/martinluther.ca\/2020\/02\/our-ecumenical-lenten-services-2020-have-gone-virtual\/","og_locale":"de_DE","og_type":"article","og_title":"Passionsgottesdienste 2020 ONLINE (In Englisch) - Martin Luther Evangelische Kirche Toronto","og_description":"2. April 2020 In diesen schwierigen Zeiten der Coronavirus, k\u00f6nnen Sie immerhin die Beitr\u00e4ge auf dem YouTube Kanal der Martin Luther Kirche (Toronto) abrufen: https:\/\/www.youtube.com\/channel\/UCzngK_Gp6u0gL_7sRu7bwlQ\/ Mit unseren \u00f6kumenischen Freunden werden wir uns zusammen auf den Weg machen, gemeinsam absichtsvoll reflektieren und das Kreuz in jedem Alltagsmoment suchen. Das Thema: F\u00fchre mich zum Kreuz.\u00a0 Wenn wir&hellip;","og_url":"https:\/\/martinluther.ca\/2020\/02\/our-ecumenical-lenten-services-2020-have-gone-virtual\/","og_site_name":"Martin Luther Evangelische Kirche Toronto","article_publisher":"https:\/\/www.facebook.com\/martinlutherchurchtoronto","article_published_time":"2020-02-18T18:11:36+00:00","article_modified_time":"2020-06-12T23:08:29+00:00","og_image":[{"width":1437,"height":1078,"url":"https:\/\/martinluther.ca\/wp-content\/uploads\/2020\/04\/Lent-V-Cross-in-the-CIty-Vicar-Martin-Luther-Church-Vicar-Silke-Fahl-Apr2-2020-4x3-1.jpg","type":"image\/jpeg"}],"author":"Mona Kakoschke Frantzke","twitter_card":"summary_large_image","twitter_misc":{"Verfasst von":"Mona Kakoschke Frantzke","Gesch\u00e4tzte Lesezeit":"3\u00a0Minuten"},"schema":{"@context":"https:\/\/schema.org","@graph":[{"@type":"Article","@id":"https:\/\/martinluther.ca\/2020\/02\/our-ecumenical-lenten-services-2020-have-gone-virtual\/#article","isPartOf":{"@id":"https:\/\/martinluther.ca\/2020\/02\/our-ecumenical-lenten-services-2020-have-gone-virtual\/"},"author":{"name":"Mona Kakoschke Frantzke","@id":"https:\/\/martinluther.ca\/de\/#\/schema\/person\/815c51710f70b050f0476f18da6b0c8f"},"headline":"Passionsgottesdienste 2020 ONLINE (In Englisch)","datePublished":"2020-02-18T18:11:36+00:00","dateModified":"2020-06-12T23:08:29+00:00","mainEntityOfPage":{"@id":"https:\/\/martinluther.ca\/2020\/02\/our-ecumenical-lenten-services-2020-have-gone-virtual\/"},"wordCount":650,"publisher":{"@id":"https:\/\/martinluther.ca\/de\/#organization"},"image":{"@id":"https:\/\/martinluther.ca\/2020\/02\/our-ecumenical-lenten-services-2020-have-gone-virtual\/#primaryimage"},"thumbnailUrl":"https:\/\/martinluther.ca\/wp-content\/uploads\/2020\/04\/Lent-V-Cross-in-the-CIty-Vicar-Martin-Luther-Church-Vicar-Silke-Fahl-Apr2-2020-4x3-1.jpg","articleSection":["News Blog - German"],"inLanguage":"de"},{"@type":"WebPage","@id":"https:\/\/martinluther.ca\/2020\/02\/our-ecumenical-lenten-services-2020-have-gone-virtual\/","url":"https:\/\/martinluther.ca\/2020\/02\/our-ecumenical-lenten-services-2020-have-gone-virtual\/","name":"Passionsgottesdienste 2020 ONLINE (In Englisch) - Martin Luther Evangelische Kirche Toronto","isPartOf":{"@id":"https:\/\/martinluther.ca\/de\/#website"},"primaryImageOfPage":{"@id":"https:\/\/martinluther.ca\/2020\/02\/our-ecumenical-lenten-services-2020-have-gone-virtual\/#primaryimage"},"image":{"@id":"https:\/\/martinluther.ca\/2020\/02\/our-ecumenical-lenten-services-2020-have-gone-virtual\/#primaryimage"},"thumbnailUrl":"https:\/\/martinluther.ca\/wp-content\/uploads\/2020\/04\/Lent-V-Cross-in-the-CIty-Vicar-Martin-Luther-Church-Vicar-Silke-Fahl-Apr2-2020-4x3-1.jpg","datePublished":"2020-02-18T18:11:36+00:00","dateModified":"2020-06-12T23:08:29+00:00","breadcrumb":{"@id":"https:\/\/martinluther.ca\/2020\/02\/our-ecumenical-lenten-services-2020-have-gone-virtual\/#breadcrumb"},"inLanguage":"de","potentialAction":[{"@type":"ReadAction","target":["https:\/\/martinluther.ca\/2020\/02\/our-ecumenical-lenten-services-2020-have-gone-virtual\/"]}]},{"@type":"ImageObject","inLanguage":"de","@id":"https:\/\/martinluther.ca\/2020\/02\/our-ecumenical-lenten-services-2020-have-gone-virtual\/#primaryimage","url":"https:\/\/martinluther.ca\/wp-content\/uploads\/2020\/04\/Lent-V-Cross-in-the-CIty-Vicar-Martin-Luther-Church-Vicar-Silke-Fahl-Apr2-2020-4x3-1.jpg","contentUrl":"https:\/\/martinluther.ca\/wp-content\/uploads\/2020\/04\/Lent-V-Cross-in-the-CIty-Vicar-Martin-Luther-Church-Vicar-Silke-Fahl-Apr2-2020-4x3-1.jpg","width":1437,"height":1078,"caption":"2020 Vicar Silke Fahl"},{"@type":"BreadcrumbList","@id":"https:\/\/martinluther.ca\/2020\/02\/our-ecumenical-lenten-services-2020-have-gone-virtual\/#breadcrumb","itemListElement":[{"@type":"ListItem","position":1,"name":"Home","item":"https:\/\/martinluther.ca\/de\/"},{"@type":"ListItem","position":2,"name":"Passionsgottesdienste 2020 ONLINE (In Englisch)"}]},{"@type":"WebSite","@id":"https:\/\/martinluther.ca\/de\/#website","url":"https:\/\/martinluther.ca\/de\/","name":"Martin Luther Evangelical Church Toronto","description":"Deutsch &amp; Englisch","publisher":{"@id":"https:\/\/martinluther.ca\/de\/#organization"},"potentialAction":[{"@type":"SearchAction","target":{"@type":"EntryPoint","urlTemplate":"https:\/\/martinluther.ca\/de\/?s={search_term_string}"},"query-input":{"@type":"PropertyValueSpecification","valueRequired":true,"valueName":"search_term_string"}}],"inLanguage":"de"},{"@type":"Organization","@id":"https:\/\/martinluther.ca\/de\/#organization","name":"Martin Luther Evangelical Church Toronto","url":"https:\/\/martinluther.ca\/de\/","logo":{"@type":"ImageObject","inLanguage":"de","@id":"https:\/\/martinluther.ca\/de\/#\/schema\/logo\/image\/","url":"https:\/\/martinluther.ca\/wp-content\/uploads\/2016\/12\/ml-logo-300.png","contentUrl":"https:\/\/martinluther.ca\/wp-content\/uploads\/2016\/12\/ml-logo-300.png","width":300,"height":150,"caption":"Martin Luther Evangelical Church Toronto"},"image":{"@id":"https:\/\/martinluther.ca\/de\/#\/schema\/logo\/image\/"},"sameAs":["https:\/\/www.facebook.com\/martinlutherchurchtoronto","https:\/\/www.instagram.com\/lutheransbythelake\/","https:\/\/www.youtube.com\/MartinLutherChurchToronto"]},{"@type":"Person","@id":"https:\/\/martinluther.ca\/de\/#\/schema\/person\/815c51710f70b050f0476f18da6b0c8f","name":"Mona Kakoschke Frantzke","image":{"@type":"ImageObject","inLanguage":"de","@id":"https:\/\/secure.gravatar.com\/avatar\/0deb16854ca545cd2e9fc8001ca110d262b80d5c8317b38dc542265fbea0ed19?s=96&d=mm&r=g","url":"https:\/\/secure.gravatar.com\/avatar\/0deb16854ca545cd2e9fc8001ca110d262b80d5c8317b38dc542265fbea0ed19?s=96&d=mm&r=g","contentUrl":"https:\/\/secure.gravatar.com\/avatar\/0deb16854ca545cd2e9fc8001ca110d262b80d5c8317b38dc542265fbea0ed19?s=96&d=mm&r=g","caption":"Mona Kakoschke Frantzke"},"url":false}]}},"_links":{"self":[{"href":"https:\/\/martinluther.ca\/de\/wp-json\/wp\/v2\/posts\/33380","targetHints":{"allow":["GET"]}}],"collection":[{"href":"https:\/\/martinluther.ca\/de\/wp-json\/wp\/v2\/posts"}],"about":[{"href":"https:\/\/martinluther.ca\/de\/wp-json\/wp\/v2\/types\/post"}],"author":[{"embeddable":true,"href":"https:\/\/martinluther.ca\/de\/wp-json\/wp\/v2\/users\/9"}],"replies":[{"embeddable":true,"href":"https:\/\/martinluther.ca\/de\/wp-json\/wp\/v2\/comments?post=33380"}],"version-history":[{"count":18,"href":"https:\/\/martinluther.ca\/de\/wp-json\/wp\/v2\/posts\/33380\/revisions"}],"predecessor-version":[{"id":33741,"href":"https:\/\/martinluther.ca\/de\/wp-json\/wp\/v2\/posts\/33380\/revisions\/33741"}],"wp:featuredmedia":[{"embeddable":true,"href":"https:\/\/martinluther.ca\/de\/wp-json\/wp\/v2\/media\/33687"}],"wp:attachment":[{"href":"https:\/\/martinluther.ca\/de\/wp-json\/wp\/v2\/media?parent=33380"}],"wp:term":[{"taxonomy":"category","embeddable":true,"href":"https:\/\/martinluther.ca\/de\/wp-json\/wp\/v2\/categories?post=33380"},{"taxonomy":"post_tag","embeddable":true,"href":"https:\/\/martinluther.ca\/de\/wp-json\/wp\/v2\/tags?post=33380"},{"taxonomy":"post_series","embeddable":true,"href":"https:\/\/martinluther.ca\/de\/wp-json\/wp\/v2\/post_series?post=33380"}],"curies":[{"name":"wp","href":"https:\/\/api.w.org\/{rel}","templated":true}]}}