{"id":33431,"date":"2020-02-27T14:45:15","date_gmt":"2020-02-27T19:45:15","guid":{"rendered":"https:\/\/martinluther.ca\/?p=33431"},"modified":"2020-03-27T11:10:24","modified_gmt":"2020-03-27T15:10:24","slug":"abschiedsgottesdienst-und-feier-fuer-pastor-christian-ceconi-am-22-maerz-um-15-00-uhr","status":"publish","type":"post","link":"https:\/\/martinluther.ca\/de\/2020\/02\/abschiedsgottesdienst-und-feier-fuer-pastor-christian-ceconi-am-22-maerz-um-15-00-uhr\/","title":{"rendered":"CANCELLED -Abschiedsgottesdienst und -feier f\u00fcr Pastor Christian Ceconi am 22. M\u00e4rz um 15.00 Uhr"},"content":{"rendered":"<p><img loading=\"lazy\" decoding=\"async\" class=\"alignright size-medium wp-image-33444\" src=\"https:\/\/martinluther.ca\/wp-content\/uploads\/2020\/02\/2019-Camp-Lutherlyn-012-croped-and-lighter-300x225.jpg\" alt=\"Pastor Ceconi 2019 Camp Lutherlyn with tshirt Faith\" width=\"300\" height=\"225\" srcset=\"https:\/\/martinluther.ca\/wp-content\/uploads\/2020\/02\/2019-Camp-Lutherlyn-012-croped-and-lighter-300x225.jpg 300w, https:\/\/martinluther.ca\/wp-content\/uploads\/2020\/02\/2019-Camp-Lutherlyn-012-croped-and-lighter-768x575.jpg 768w, https:\/\/martinluther.ca\/wp-content\/uploads\/2020\/02\/2019-Camp-Lutherlyn-012-croped-and-lighter.jpg 1024w\" sizes=\"auto, (max-width: 300px) 100vw, 300px\" \/>Zusammen mit Bischof Michael Pryse, l\u00e4dt euch die Martin Luther Kirche herzlich zum Abschiedsgottesdienst f\u00fcr unseren Pastor Dr. Christian Ceconi ein. Der Empfang folgt im Gemeinderaum der Kirche.<\/p>\n<p><strong>Sonntag, 22. M\u00e4rz 2020<\/strong><br \/>\n<strong>Gottesdienst um 15.00 Uhr<\/strong><br \/>\n<strong>Martin Luther Kirche<\/strong><br \/>\n<strong>2379 Lake Shore Blvd. W, Toronto, ON M8V 1B7<\/strong><\/p>\n<p>Anfahrt mit \u00f6ffentlichen Verkehrsmitteln m\u00f6glich. Strassenparken steht zur verf\u00fcgung. Unser Geb\u00e4ude ist rollstuhlgerecht.<\/p>\n<p>Pastor Ceconi dient seit August 2013 in unserer Kirche und ist seit 2015 Dean of the Central Toronto Ministry Area seit 2015. Herzlich wilkommen zu den Feierlichkeiten.<\/p>\n<p>Pastor Ceconi hat eine neue Berufung als Stadtmissionsdirektor und Theologischer Vorstand der Berliner Stadtmission angenommen. <a href=\"https:\/\/www.berliner-stadtmission.de\/\" target=\"_blank\" rel=\"noopener noreferrer\">https:\/\/www.berliner-stadtmission.de\/<\/a><\/p>\n<p>Bitte wendet Euch an Martina <a href=\"mailto:mineolamama@gmail.com\">mineolamama@gmail.com<\/a>, um beim Empfang mitzuhelfen.<\/p>\n<p>Wir stellen ein Abschiedsbuch zur Verf\u00fcgung. Wir laden Euch ein einen Text zu Hause auf einem Blatt Papier vorzubereiten, das die Gr\u00f6\u00dfe einer Postkarte hat. Bitte meldet Euch bei Gabi, falls es zu dem Abschiedsbuch Fragen gibt, <a href=\"mailto:14gmandl@gmail.com\">14gmandl@gmail.com<\/a>.<\/p>\n","protected":false},"excerpt":{"rendered":"<p>Zusammen mit Bischof Michael Pryse, l\u00e4dt euch die Martin Luther Kirche herzlich zum Abschiedsgottesdienst f\u00fcr unseren Pastor Dr. Christian Ceconi ein. Der Empfang folgt im Gemeinderaum der Kirche. Sonntag, 22. M\u00e4rz 2020 Gottesdienst um 15.00 Uhr Martin Luther Kirche 2379 Lake Shore Blvd. W, Toronto, ON M8V 1B7 Anfahrt mit \u00f6ffentlichen Verkehrsmitteln m\u00f6glich. Strassenparken steht&hellip;<\/p>\n","protected":false},"author":8,"featured_media":33427,"comment_status":"closed","ping_status":"closed","sticky":false,"template":"","format":"standard","meta":{"footnotes":""},"categories":[69],"tags":[],"post_series":[],"class_list":["post-33431","post","type-post","status-publish","format-standard","has-post-thumbnail","hentry","category-news-blog-german","entry","has-media"],"yoast_head":"<!-- This site is optimized with the Yoast SEO plugin v27.5 - https:\/\/yoast.com\/product\/yoast-seo-wordpress\/ -->\n<title>CANCELLED -Abschiedsgottesdienst und -feier f\u00fcr Pastor Christian Ceconi am 22. M\u00e4rz um 15.00 Uhr - Martin Luther Evangelische Kirche Toronto<\/title>\n<meta name=\"robots\" content=\"index, follow, max-snippet:-1, max-image-preview:large, max-video-preview:-1\" \/>\n<link rel=\"canonical\" href=\"https:\/\/martinluther.ca\/de\/2020\/02\/abschiedsgottesdienst-und-feier-fuer-pastor-christian-ceconi-am-22-maerz-um-15-00-uhr\/\" \/>\n<meta property=\"og:locale\" content=\"de_DE\" \/>\n<meta property=\"og:type\" content=\"article\" \/>\n<meta property=\"og:title\" content=\"CANCELLED -Abschiedsgottesdienst und -feier f\u00fcr Pastor Christian Ceconi am 22. M\u00e4rz um 15.00 Uhr - Martin Luther Evangelische Kirche Toronto\" \/>\n<meta property=\"og:description\" content=\"Zusammen mit Bischof Michael Pryse, l\u00e4dt euch die Martin Luther Kirche herzlich zum Abschiedsgottesdienst f\u00fcr unseren Pastor Dr. Christian Ceconi ein. Der Empfang folgt im Gemeinderaum der Kirche. Sonntag, 22. M\u00e4rz 2020 Gottesdienst um 15.00 Uhr Martin Luther Kirche 2379 Lake Shore Blvd. W, Toronto, ON M8V 1B7 Anfahrt mit \u00f6ffentlichen Verkehrsmitteln m\u00f6glich. Strassenparken steht&hellip;\" \/>\n<meta property=\"og:url\" content=\"https:\/\/martinluther.ca\/de\/2020\/02\/abschiedsgottesdienst-und-feier-fuer-pastor-christian-ceconi-am-22-maerz-um-15-00-uhr\/\" \/>\n<meta property=\"og:site_name\" content=\"Martin Luther Evangelische Kirche Toronto\" \/>\n<meta property=\"article:publisher\" content=\"https:\/\/www.facebook.com\/martinlutherchurchtoronto\" \/>\n<meta property=\"article:published_time\" content=\"2020-02-27T19:45:15+00:00\" \/>\n<meta property=\"article:modified_time\" content=\"2020-03-27T15:10:24+00:00\" \/>\n<meta property=\"og:image\" content=\"https:\/\/martinluther.ca\/wp-content\/uploads\/2020\/02\/Pastor-Ceconi-Farewell.png\" \/>\n\t<meta property=\"og:image:width\" content=\"353\" \/>\n\t<meta property=\"og:image:height\" content=\"181\" \/>\n\t<meta property=\"og:image:type\" content=\"image\/png\" \/>\n<meta name=\"author\" content=\"Marlena Muller\" \/>\n<meta name=\"twitter:card\" content=\"summary_large_image\" \/>\n<meta name=\"twitter:label1\" content=\"Verfasst von\" \/>\n\t<meta name=\"twitter:data1\" content=\"Marlena Muller\" \/>\n\t<meta name=\"twitter:label2\" content=\"Gesch\u00e4tzte Lesezeit\" \/>\n\t<meta name=\"twitter:data2\" content=\"1\u00a0Minute\" \/>\n<script type=\"application\/ld+json\" class=\"yoast-schema-graph\">{\"@context\":\"https:\\\/\\\/schema.org\",\"@graph\":[{\"@type\":\"Article\",\"@id\":\"https:\\\/\\\/martinluther.ca\\\/de\\\/2020\\\/02\\\/abschiedsgottesdienst-und-feier-fuer-pastor-christian-ceconi-am-22-maerz-um-15-00-uhr\\\/#article\",\"isPartOf\":{\"@id\":\"https:\\\/\\\/martinluther.ca\\\/de\\\/2020\\\/02\\\/abschiedsgottesdienst-und-feier-fuer-pastor-christian-ceconi-am-22-maerz-um-15-00-uhr\\\/\"},\"author\":{\"name\":\"Marlena Muller\",\"@id\":\"https:\\\/\\\/martinluther.ca\\\/de\\\/#\\\/schema\\\/person\\\/ef4e825f5d9d6fd740bbd7813710e15d\"},\"headline\":\"CANCELLED -Abschiedsgottesdienst und -feier f\u00fcr Pastor Christian Ceconi am 22. M\u00e4rz um 15.00 Uhr\",\"datePublished\":\"2020-02-27T19:45:15+00:00\",\"dateModified\":\"2020-03-27T15:10:24+00:00\",\"mainEntityOfPage\":{\"@id\":\"https:\\\/\\\/martinluther.ca\\\/de\\\/2020\\\/02\\\/abschiedsgottesdienst-und-feier-fuer-pastor-christian-ceconi-am-22-maerz-um-15-00-uhr\\\/\"},\"wordCount\":175,\"publisher\":{\"@id\":\"https:\\\/\\\/martinluther.ca\\\/de\\\/#organization\"},\"image\":{\"@id\":\"https:\\\/\\\/martinluther.ca\\\/de\\\/2020\\\/02\\\/abschiedsgottesdienst-und-feier-fuer-pastor-christian-ceconi-am-22-maerz-um-15-00-uhr\\\/#primaryimage\"},\"thumbnailUrl\":\"https:\\\/\\\/martinluther.ca\\\/wp-content\\\/uploads\\\/2020\\\/02\\\/Pastor-Ceconi-Farewell.png\",\"articleSection\":[\"News Blog - German\"],\"inLanguage\":\"de\"},{\"@type\":\"WebPage\",\"@id\":\"https:\\\/\\\/martinluther.ca\\\/de\\\/2020\\\/02\\\/abschiedsgottesdienst-und-feier-fuer-pastor-christian-ceconi-am-22-maerz-um-15-00-uhr\\\/\",\"url\":\"https:\\\/\\\/martinluther.ca\\\/de\\\/2020\\\/02\\\/abschiedsgottesdienst-und-feier-fuer-pastor-christian-ceconi-am-22-maerz-um-15-00-uhr\\\/\",\"name\":\"CANCELLED -Abschiedsgottesdienst und -feier f\u00fcr Pastor Christian Ceconi am 22. M\u00e4rz um 15.00 Uhr - Martin Luther Evangelische Kirche Toronto\",\"isPartOf\":{\"@id\":\"https:\\\/\\\/martinluther.ca\\\/de\\\/#website\"},\"primaryImageOfPage\":{\"@id\":\"https:\\\/\\\/martinluther.ca\\\/de\\\/2020\\\/02\\\/abschiedsgottesdienst-und-feier-fuer-pastor-christian-ceconi-am-22-maerz-um-15-00-uhr\\\/#primaryimage\"},\"image\":{\"@id\":\"https:\\\/\\\/martinluther.ca\\\/de\\\/2020\\\/02\\\/abschiedsgottesdienst-und-feier-fuer-pastor-christian-ceconi-am-22-maerz-um-15-00-uhr\\\/#primaryimage\"},\"thumbnailUrl\":\"https:\\\/\\\/martinluther.ca\\\/wp-content\\\/uploads\\\/2020\\\/02\\\/Pastor-Ceconi-Farewell.png\",\"datePublished\":\"2020-02-27T19:45:15+00:00\",\"dateModified\":\"2020-03-27T15:10:24+00:00\",\"breadcrumb\":{\"@id\":\"https:\\\/\\\/martinluther.ca\\\/de\\\/2020\\\/02\\\/abschiedsgottesdienst-und-feier-fuer-pastor-christian-ceconi-am-22-maerz-um-15-00-uhr\\\/#breadcrumb\"},\"inLanguage\":\"de\",\"potentialAction\":[{\"@type\":\"ReadAction\",\"target\":[\"https:\\\/\\\/martinluther.ca\\\/de\\\/2020\\\/02\\\/abschiedsgottesdienst-und-feier-fuer-pastor-christian-ceconi-am-22-maerz-um-15-00-uhr\\\/\"]}]},{\"@type\":\"ImageObject\",\"inLanguage\":\"de\",\"@id\":\"https:\\\/\\\/martinluther.ca\\\/de\\\/2020\\\/02\\\/abschiedsgottesdienst-und-feier-fuer-pastor-christian-ceconi-am-22-maerz-um-15-00-uhr\\\/#primaryimage\",\"url\":\"https:\\\/\\\/martinluther.ca\\\/wp-content\\\/uploads\\\/2020\\\/02\\\/Pastor-Ceconi-Farewell.png\",\"contentUrl\":\"https:\\\/\\\/martinluther.ca\\\/wp-content\\\/uploads\\\/2020\\\/02\\\/Pastor-Ceconi-Farewell.png\",\"width\":353,\"height\":181},{\"@type\":\"BreadcrumbList\",\"@id\":\"https:\\\/\\\/martinluther.ca\\\/de\\\/2020\\\/02\\\/abschiedsgottesdienst-und-feier-fuer-pastor-christian-ceconi-am-22-maerz-um-15-00-uhr\\\/#breadcrumb\",\"itemListElement\":[{\"@type\":\"ListItem\",\"position\":1,\"name\":\"Home\",\"item\":\"https:\\\/\\\/martinluther.ca\\\/de\\\/\"},{\"@type\":\"ListItem\",\"position\":2,\"name\":\"CANCELLED -Abschiedsgottesdienst und -feier f\u00fcr Pastor Christian Ceconi am 22. M\u00e4rz um 15.00 Uhr\"}]},{\"@type\":\"WebSite\",\"@id\":\"https:\\\/\\\/martinluther.ca\\\/de\\\/#website\",\"url\":\"https:\\\/\\\/martinluther.ca\\\/de\\\/\",\"name\":\"Martin Luther Evangelical Church Toronto\",\"description\":\"Deutsch &amp; Englisch\",\"publisher\":{\"@id\":\"https:\\\/\\\/martinluther.ca\\\/de\\\/#organization\"},\"potentialAction\":[{\"@type\":\"SearchAction\",\"target\":{\"@type\":\"EntryPoint\",\"urlTemplate\":\"https:\\\/\\\/martinluther.ca\\\/de\\\/?s={search_term_string}\"},\"query-input\":{\"@type\":\"PropertyValueSpecification\",\"valueRequired\":true,\"valueName\":\"search_term_string\"}}],\"inLanguage\":\"de\"},{\"@type\":\"Organization\",\"@id\":\"https:\\\/\\\/martinluther.ca\\\/de\\\/#organization\",\"name\":\"Martin Luther Evangelical Church Toronto\",\"url\":\"https:\\\/\\\/martinluther.ca\\\/de\\\/\",\"logo\":{\"@type\":\"ImageObject\",\"inLanguage\":\"de\",\"@id\":\"https:\\\/\\\/martinluther.ca\\\/de\\\/#\\\/schema\\\/logo\\\/image\\\/\",\"url\":\"https:\\\/\\\/martinluther.ca\\\/wp-content\\\/uploads\\\/2016\\\/12\\\/ml-logo-300.png\",\"contentUrl\":\"https:\\\/\\\/martinluther.ca\\\/wp-content\\\/uploads\\\/2016\\\/12\\\/ml-logo-300.png\",\"width\":300,\"height\":150,\"caption\":\"Martin Luther Evangelical Church Toronto\"},\"image\":{\"@id\":\"https:\\\/\\\/martinluther.ca\\\/de\\\/#\\\/schema\\\/logo\\\/image\\\/\"},\"sameAs\":[\"https:\\\/\\\/www.facebook.com\\\/martinlutherchurchtoronto\",\"https:\\\/\\\/www.instagram.com\\\/lutheransbythelake\\\/\",\"https:\\\/\\\/www.youtube.com\\\/MartinLutherChurchToronto\"]},{\"@type\":\"Person\",\"@id\":\"https:\\\/\\\/martinluther.ca\\\/de\\\/#\\\/schema\\\/person\\\/ef4e825f5d9d6fd740bbd7813710e15d\",\"name\":\"Marlena Muller\",\"image\":{\"@type\":\"ImageObject\",\"inLanguage\":\"de\",\"@id\":\"https:\\\/\\\/secure.gravatar.com\\\/avatar\\\/fe840ff753768b839caa2dd522d4797f19f7e22fa2da83388e0fbfc570b65a37?s=96&d=mm&r=g\",\"url\":\"https:\\\/\\\/secure.gravatar.com\\\/avatar\\\/fe840ff753768b839caa2dd522d4797f19f7e22fa2da83388e0fbfc570b65a37?s=96&d=mm&r=g\",\"contentUrl\":\"https:\\\/\\\/secure.gravatar.com\\\/avatar\\\/fe840ff753768b839caa2dd522d4797f19f7e22fa2da83388e0fbfc570b65a37?s=96&d=mm&r=g\",\"caption\":\"Marlena Muller\"},\"url\":false}]}<\/script>\n<!-- \/ Yoast SEO plugin. -->","yoast_head_json":{"title":"CANCELLED -Abschiedsgottesdienst und -feier f\u00fcr Pastor Christian Ceconi am 22. M\u00e4rz um 15.00 Uhr - Martin Luther Evangelische Kirche Toronto","robots":{"index":"index","follow":"follow","max-snippet":"max-snippet:-1","max-image-preview":"max-image-preview:large","max-video-preview":"max-video-preview:-1"},"canonical":"https:\/\/martinluther.ca\/de\/2020\/02\/abschiedsgottesdienst-und-feier-fuer-pastor-christian-ceconi-am-22-maerz-um-15-00-uhr\/","og_locale":"de_DE","og_type":"article","og_title":"CANCELLED -Abschiedsgottesdienst und -feier f\u00fcr Pastor Christian Ceconi am 22. M\u00e4rz um 15.00 Uhr - Martin Luther Evangelische Kirche Toronto","og_description":"Zusammen mit Bischof Michael Pryse, l\u00e4dt euch die Martin Luther Kirche herzlich zum Abschiedsgottesdienst f\u00fcr unseren Pastor Dr. Christian Ceconi ein. Der Empfang folgt im Gemeinderaum der Kirche. Sonntag, 22. M\u00e4rz 2020 Gottesdienst um 15.00 Uhr Martin Luther Kirche 2379 Lake Shore Blvd. W, Toronto, ON M8V 1B7 Anfahrt mit \u00f6ffentlichen Verkehrsmitteln m\u00f6glich. Strassenparken steht&hellip;","og_url":"https:\/\/martinluther.ca\/de\/2020\/02\/abschiedsgottesdienst-und-feier-fuer-pastor-christian-ceconi-am-22-maerz-um-15-00-uhr\/","og_site_name":"Martin Luther Evangelische Kirche Toronto","article_publisher":"https:\/\/www.facebook.com\/martinlutherchurchtoronto","article_published_time":"2020-02-27T19:45:15+00:00","article_modified_time":"2020-03-27T15:10:24+00:00","og_image":[{"width":353,"height":181,"url":"https:\/\/martinluther.ca\/wp-content\/uploads\/2020\/02\/Pastor-Ceconi-Farewell.png","type":"image\/png"}],"author":"Marlena Muller","twitter_card":"summary_large_image","twitter_misc":{"Verfasst von":"Marlena Muller","Gesch\u00e4tzte Lesezeit":"1\u00a0Minute"},"schema":{"@context":"https:\/\/schema.org","@graph":[{"@type":"Article","@id":"https:\/\/martinluther.ca\/de\/2020\/02\/abschiedsgottesdienst-und-feier-fuer-pastor-christian-ceconi-am-22-maerz-um-15-00-uhr\/#article","isPartOf":{"@id":"https:\/\/martinluther.ca\/de\/2020\/02\/abschiedsgottesdienst-und-feier-fuer-pastor-christian-ceconi-am-22-maerz-um-15-00-uhr\/"},"author":{"name":"Marlena Muller","@id":"https:\/\/martinluther.ca\/de\/#\/schema\/person\/ef4e825f5d9d6fd740bbd7813710e15d"},"headline":"CANCELLED -Abschiedsgottesdienst und -feier f\u00fcr Pastor Christian Ceconi am 22. M\u00e4rz um 15.00 Uhr","datePublished":"2020-02-27T19:45:15+00:00","dateModified":"2020-03-27T15:10:24+00:00","mainEntityOfPage":{"@id":"https:\/\/martinluther.ca\/de\/2020\/02\/abschiedsgottesdienst-und-feier-fuer-pastor-christian-ceconi-am-22-maerz-um-15-00-uhr\/"},"wordCount":175,"publisher":{"@id":"https:\/\/martinluther.ca\/de\/#organization"},"image":{"@id":"https:\/\/martinluther.ca\/de\/2020\/02\/abschiedsgottesdienst-und-feier-fuer-pastor-christian-ceconi-am-22-maerz-um-15-00-uhr\/#primaryimage"},"thumbnailUrl":"https:\/\/martinluther.ca\/wp-content\/uploads\/2020\/02\/Pastor-Ceconi-Farewell.png","articleSection":["News Blog - German"],"inLanguage":"de"},{"@type":"WebPage","@id":"https:\/\/martinluther.ca\/de\/2020\/02\/abschiedsgottesdienst-und-feier-fuer-pastor-christian-ceconi-am-22-maerz-um-15-00-uhr\/","url":"https:\/\/martinluther.ca\/de\/2020\/02\/abschiedsgottesdienst-und-feier-fuer-pastor-christian-ceconi-am-22-maerz-um-15-00-uhr\/","name":"CANCELLED -Abschiedsgottesdienst und -feier f\u00fcr Pastor Christian Ceconi am 22. M\u00e4rz um 15.00 Uhr - Martin Luther Evangelische Kirche Toronto","isPartOf":{"@id":"https:\/\/martinluther.ca\/de\/#website"},"primaryImageOfPage":{"@id":"https:\/\/martinluther.ca\/de\/2020\/02\/abschiedsgottesdienst-und-feier-fuer-pastor-christian-ceconi-am-22-maerz-um-15-00-uhr\/#primaryimage"},"image":{"@id":"https:\/\/martinluther.ca\/de\/2020\/02\/abschiedsgottesdienst-und-feier-fuer-pastor-christian-ceconi-am-22-maerz-um-15-00-uhr\/#primaryimage"},"thumbnailUrl":"https:\/\/martinluther.ca\/wp-content\/uploads\/2020\/02\/Pastor-Ceconi-Farewell.png","datePublished":"2020-02-27T19:45:15+00:00","dateModified":"2020-03-27T15:10:24+00:00","breadcrumb":{"@id":"https:\/\/martinluther.ca\/de\/2020\/02\/abschiedsgottesdienst-und-feier-fuer-pastor-christian-ceconi-am-22-maerz-um-15-00-uhr\/#breadcrumb"},"inLanguage":"de","potentialAction":[{"@type":"ReadAction","target":["https:\/\/martinluther.ca\/de\/2020\/02\/abschiedsgottesdienst-und-feier-fuer-pastor-christian-ceconi-am-22-maerz-um-15-00-uhr\/"]}]},{"@type":"ImageObject","inLanguage":"de","@id":"https:\/\/martinluther.ca\/de\/2020\/02\/abschiedsgottesdienst-und-feier-fuer-pastor-christian-ceconi-am-22-maerz-um-15-00-uhr\/#primaryimage","url":"https:\/\/martinluther.ca\/wp-content\/uploads\/2020\/02\/Pastor-Ceconi-Farewell.png","contentUrl":"https:\/\/martinluther.ca\/wp-content\/uploads\/2020\/02\/Pastor-Ceconi-Farewell.png","width":353,"height":181},{"@type":"BreadcrumbList","@id":"https:\/\/martinluther.ca\/de\/2020\/02\/abschiedsgottesdienst-und-feier-fuer-pastor-christian-ceconi-am-22-maerz-um-15-00-uhr\/#breadcrumb","itemListElement":[{"@type":"ListItem","position":1,"name":"Home","item":"https:\/\/martinluther.ca\/de\/"},{"@type":"ListItem","position":2,"name":"CANCELLED -Abschiedsgottesdienst und -feier f\u00fcr Pastor Christian Ceconi am 22. M\u00e4rz um 15.00 Uhr"}]},{"@type":"WebSite","@id":"https:\/\/martinluther.ca\/de\/#website","url":"https:\/\/martinluther.ca\/de\/","name":"Martin Luther Evangelical Church Toronto","description":"Deutsch &amp; Englisch","publisher":{"@id":"https:\/\/martinluther.ca\/de\/#organization"},"potentialAction":[{"@type":"SearchAction","target":{"@type":"EntryPoint","urlTemplate":"https:\/\/martinluther.ca\/de\/?s={search_term_string}"},"query-input":{"@type":"PropertyValueSpecification","valueRequired":true,"valueName":"search_term_string"}}],"inLanguage":"de"},{"@type":"Organization","@id":"https:\/\/martinluther.ca\/de\/#organization","name":"Martin Luther Evangelical Church Toronto","url":"https:\/\/martinluther.ca\/de\/","logo":{"@type":"ImageObject","inLanguage":"de","@id":"https:\/\/martinluther.ca\/de\/#\/schema\/logo\/image\/","url":"https:\/\/martinluther.ca\/wp-content\/uploads\/2016\/12\/ml-logo-300.png","contentUrl":"https:\/\/martinluther.ca\/wp-content\/uploads\/2016\/12\/ml-logo-300.png","width":300,"height":150,"caption":"Martin Luther Evangelical Church Toronto"},"image":{"@id":"https:\/\/martinluther.ca\/de\/#\/schema\/logo\/image\/"},"sameAs":["https:\/\/www.facebook.com\/martinlutherchurchtoronto","https:\/\/www.instagram.com\/lutheransbythelake\/","https:\/\/www.youtube.com\/MartinLutherChurchToronto"]},{"@type":"Person","@id":"https:\/\/martinluther.ca\/de\/#\/schema\/person\/ef4e825f5d9d6fd740bbd7813710e15d","name":"Marlena Muller","image":{"@type":"ImageObject","inLanguage":"de","@id":"https:\/\/secure.gravatar.com\/avatar\/fe840ff753768b839caa2dd522d4797f19f7e22fa2da83388e0fbfc570b65a37?s=96&d=mm&r=g","url":"https:\/\/secure.gravatar.com\/avatar\/fe840ff753768b839caa2dd522d4797f19f7e22fa2da83388e0fbfc570b65a37?s=96&d=mm&r=g","contentUrl":"https:\/\/secure.gravatar.com\/avatar\/fe840ff753768b839caa2dd522d4797f19f7e22fa2da83388e0fbfc570b65a37?s=96&d=mm&r=g","caption":"Marlena Muller"},"url":false}]}},"_links":{"self":[{"href":"https:\/\/martinluther.ca\/de\/wp-json\/wp\/v2\/posts\/33431","targetHints":{"allow":["GET"]}}],"collection":[{"href":"https:\/\/martinluther.ca\/de\/wp-json\/wp\/v2\/posts"}],"about":[{"href":"https:\/\/martinluther.ca\/de\/wp-json\/wp\/v2\/types\/post"}],"author":[{"embeddable":true,"href":"https:\/\/martinluther.ca\/de\/wp-json\/wp\/v2\/users\/8"}],"replies":[{"embeddable":true,"href":"https:\/\/martinluther.ca\/de\/wp-json\/wp\/v2\/comments?post=33431"}],"version-history":[{"count":9,"href":"https:\/\/martinluther.ca\/de\/wp-json\/wp\/v2\/posts\/33431\/revisions"}],"predecessor-version":[{"id":33537,"href":"https:\/\/martinluther.ca\/de\/wp-json\/wp\/v2\/posts\/33431\/revisions\/33537"}],"wp:featuredmedia":[{"embeddable":true,"href":"https:\/\/martinluther.ca\/de\/wp-json\/wp\/v2\/media\/33427"}],"wp:attachment":[{"href":"https:\/\/martinluther.ca\/de\/wp-json\/wp\/v2\/media?parent=33431"}],"wp:term":[{"taxonomy":"category","embeddable":true,"href":"https:\/\/martinluther.ca\/de\/wp-json\/wp\/v2\/categories?post=33431"},{"taxonomy":"post_tag","embeddable":true,"href":"https:\/\/martinluther.ca\/de\/wp-json\/wp\/v2\/tags?post=33431"},{"taxonomy":"post_series","embeddable":true,"href":"https:\/\/martinluther.ca\/de\/wp-json\/wp\/v2\/post_series?post=33431"}],"curies":[{"name":"wp","href":"https:\/\/api.w.org\/{rel}","templated":true}]}}