{"id":33496,"date":"2020-03-04T12:46:48","date_gmt":"2020-03-04T17:46:48","guid":{"rendered":"https:\/\/martinluther.ca\/?p=33496"},"modified":"2020-03-04T12:54:20","modified_gmt":"2020-03-04T17:54:20","slug":"auftakt-zum-taeglichen-lesen-der-bibel","status":"publish","type":"post","link":"https:\/\/martinluther.ca\/de\/2020\/03\/auftakt-zum-taeglichen-lesen-der-bibel\/","title":{"rendered":"Auftakt zum t\u00e4glichen Lesen der Bibel"},"content":{"rendered":"<p><strong><img loading=\"lazy\" decoding=\"async\" class=\"alignright size-medium wp-image-33493\" src=\"https:\/\/martinluther.ca\/wp-content\/uploads\/2020\/03\/EternityForToday-front-and-back-cover-ELCIC-AprMayJune2020-300x249.png\" alt=\"Eternity For Today front and back cover ELCIC AprMayJune2020\" width=\"300\" height=\"249\" srcset=\"https:\/\/martinluther.ca\/wp-content\/uploads\/2020\/03\/EternityForToday-front-and-back-cover-ELCIC-AprMayJune2020-300x249.png 300w, https:\/\/martinluther.ca\/wp-content\/uploads\/2020\/03\/EternityForToday-front-and-back-cover-ELCIC-AprMayJune2020-768x637.png 768w, https:\/\/martinluther.ca\/wp-content\/uploads\/2020\/03\/EternityForToday-front-and-back-cover-ELCIC-AprMayJune2020.png 945w\" sizes=\"auto, (max-width: 300px) 100vw, 300px\" \/>Eternity for Today &#8211; Daily Scripture Reading for Reflection and Prayer<\/strong><\/p>\n<p>Alle Mitglieder der Kirche k\u00f6nnen im M\u00e4rz 2020 eine Ausgabe der von ELCIC erstellte Heft &#8222;Eternity for Today&#8220; f\u00fcr ihre Haushalte in der Kirche abholen. Wir hoffen, dass dies Ihnen und Ihrer Familie hilft, die Bibel \u00f6fter zu lesen.<\/p>\n<p>&#8211; Iris Schweiger, Pr\u00e4sidentin des Kirchenrates, 28. Februar 2020<\/p>\n<p>Living our Faith: Pray Read Worship Love<\/p>\n<p>ist ein neuer vierj\u00e4hriger Schwerpunkt auf dem Ausleben des Glaubens. Im Jahr 2020 liegt der Schwerpunkt auf dem Gebet.<\/p>\n<p>ELCIC = Evangelical Lutheran Church in Canada <a href=\"http:\/\/www.elcic.ca\" target=\"_blank\" rel=\"noopener noreferrer\">www.elcic.ca<\/a><\/p>\n","protected":false},"excerpt":{"rendered":"<p>Eternity for Today &#8211; Daily Scripture Reading for Reflection and Prayer Alle Mitglieder der Kirche k\u00f6nnen im M\u00e4rz 2020 eine Ausgabe der von ELCIC erstellte Heft &#8222;Eternity for Today&#8220; f\u00fcr ihre Haushalte in der Kirche abholen. Wir hoffen, dass dies Ihnen und Ihrer Familie hilft, die Bibel \u00f6fter zu lesen. &#8211; Iris Schweiger, Pr\u00e4sidentin des&hellip;<\/p>\n","protected":false},"author":9,"featured_media":33493,"comment_status":"closed","ping_status":"closed","sticky":false,"template":"","format":"standard","meta":{"footnotes":""},"categories":[69],"tags":[],"post_series":[],"class_list":["post-33496","post","type-post","status-publish","format-standard","has-post-thumbnail","hentry","category-news-blog-german","entry","has-media"],"yoast_head":"<!-- This site is optimized with the Yoast SEO plugin v27.5 - https:\/\/yoast.com\/product\/yoast-seo-wordpress\/ -->\n<title>Auftakt zum t\u00e4glichen Lesen der Bibel - Martin Luther Evangelische Kirche Toronto<\/title>\n<meta name=\"robots\" content=\"index, follow, max-snippet:-1, max-image-preview:large, max-video-preview:-1\" \/>\n<link rel=\"canonical\" href=\"https:\/\/martinluther.ca\/de\/2020\/03\/auftakt-zum-taeglichen-lesen-der-bibel\/\" \/>\n<meta property=\"og:locale\" content=\"de_DE\" \/>\n<meta property=\"og:type\" content=\"article\" \/>\n<meta property=\"og:title\" content=\"Auftakt zum t\u00e4glichen Lesen der Bibel - Martin Luther Evangelische Kirche Toronto\" \/>\n<meta property=\"og:description\" content=\"Eternity for Today &#8211; Daily Scripture Reading for Reflection and Prayer Alle Mitglieder der Kirche k\u00f6nnen im M\u00e4rz 2020 eine Ausgabe der von ELCIC erstellte Heft &#8222;Eternity for Today&#8220; f\u00fcr ihre Haushalte in der Kirche abholen. Wir hoffen, dass dies Ihnen und Ihrer Familie hilft, die Bibel \u00f6fter zu lesen. &#8211; Iris Schweiger, Pr\u00e4sidentin des&hellip;\" \/>\n<meta property=\"og:url\" content=\"https:\/\/martinluther.ca\/de\/2020\/03\/auftakt-zum-taeglichen-lesen-der-bibel\/\" \/>\n<meta property=\"og:site_name\" content=\"Martin Luther Evangelische Kirche Toronto\" \/>\n<meta property=\"article:publisher\" content=\"https:\/\/www.facebook.com\/martinlutherchurchtoronto\" \/>\n<meta property=\"article:published_time\" content=\"2020-03-04T17:46:48+00:00\" \/>\n<meta property=\"article:modified_time\" content=\"2020-03-04T17:54:20+00:00\" \/>\n<meta property=\"og:image\" content=\"https:\/\/martinluther.ca\/wp-content\/uploads\/2020\/03\/EternityForToday-front-and-back-cover-ELCIC-AprMayJune2020.png\" \/>\n\t<meta property=\"og:image:width\" content=\"945\" \/>\n\t<meta property=\"og:image:height\" content=\"784\" \/>\n\t<meta property=\"og:image:type\" content=\"image\/png\" \/>\n<meta name=\"author\" content=\"Mona Kakoschke Frantzke\" \/>\n<meta name=\"twitter:card\" content=\"summary_large_image\" \/>\n<meta name=\"twitter:label1\" content=\"Verfasst von\" \/>\n\t<meta name=\"twitter:data1\" content=\"Mona Kakoschke Frantzke\" \/>\n<script type=\"application\/ld+json\" class=\"yoast-schema-graph\">{\"@context\":\"https:\\\/\\\/schema.org\",\"@graph\":[{\"@type\":\"Article\",\"@id\":\"https:\\\/\\\/martinluther.ca\\\/de\\\/2020\\\/03\\\/auftakt-zum-taeglichen-lesen-der-bibel\\\/#article\",\"isPartOf\":{\"@id\":\"https:\\\/\\\/martinluther.ca\\\/de\\\/2020\\\/03\\\/auftakt-zum-taeglichen-lesen-der-bibel\\\/\"},\"author\":{\"name\":\"Mona Kakoschke Frantzke\",\"@id\":\"https:\\\/\\\/martinluther.ca\\\/de\\\/#\\\/schema\\\/person\\\/815c51710f70b050f0476f18da6b0c8f\"},\"headline\":\"Auftakt zum t\u00e4glichen Lesen der Bibel\",\"datePublished\":\"2020-03-04T17:46:48+00:00\",\"dateModified\":\"2020-03-04T17:54:20+00:00\",\"mainEntityOfPage\":{\"@id\":\"https:\\\/\\\/martinluther.ca\\\/de\\\/2020\\\/03\\\/auftakt-zum-taeglichen-lesen-der-bibel\\\/\"},\"wordCount\":102,\"publisher\":{\"@id\":\"https:\\\/\\\/martinluther.ca\\\/de\\\/#organization\"},\"image\":{\"@id\":\"https:\\\/\\\/martinluther.ca\\\/de\\\/2020\\\/03\\\/auftakt-zum-taeglichen-lesen-der-bibel\\\/#primaryimage\"},\"thumbnailUrl\":\"https:\\\/\\\/martinluther.ca\\\/wp-content\\\/uploads\\\/2020\\\/03\\\/EternityForToday-front-and-back-cover-ELCIC-AprMayJune2020.png\",\"articleSection\":[\"News Blog - German\"],\"inLanguage\":\"de\"},{\"@type\":\"WebPage\",\"@id\":\"https:\\\/\\\/martinluther.ca\\\/de\\\/2020\\\/03\\\/auftakt-zum-taeglichen-lesen-der-bibel\\\/\",\"url\":\"https:\\\/\\\/martinluther.ca\\\/de\\\/2020\\\/03\\\/auftakt-zum-taeglichen-lesen-der-bibel\\\/\",\"name\":\"Auftakt zum t\u00e4glichen Lesen der Bibel - Martin Luther Evangelische Kirche Toronto\",\"isPartOf\":{\"@id\":\"https:\\\/\\\/martinluther.ca\\\/de\\\/#website\"},\"primaryImageOfPage\":{\"@id\":\"https:\\\/\\\/martinluther.ca\\\/de\\\/2020\\\/03\\\/auftakt-zum-taeglichen-lesen-der-bibel\\\/#primaryimage\"},\"image\":{\"@id\":\"https:\\\/\\\/martinluther.ca\\\/de\\\/2020\\\/03\\\/auftakt-zum-taeglichen-lesen-der-bibel\\\/#primaryimage\"},\"thumbnailUrl\":\"https:\\\/\\\/martinluther.ca\\\/wp-content\\\/uploads\\\/2020\\\/03\\\/EternityForToday-front-and-back-cover-ELCIC-AprMayJune2020.png\",\"datePublished\":\"2020-03-04T17:46:48+00:00\",\"dateModified\":\"2020-03-04T17:54:20+00:00\",\"breadcrumb\":{\"@id\":\"https:\\\/\\\/martinluther.ca\\\/de\\\/2020\\\/03\\\/auftakt-zum-taeglichen-lesen-der-bibel\\\/#breadcrumb\"},\"inLanguage\":\"de\",\"potentialAction\":[{\"@type\":\"ReadAction\",\"target\":[\"https:\\\/\\\/martinluther.ca\\\/de\\\/2020\\\/03\\\/auftakt-zum-taeglichen-lesen-der-bibel\\\/\"]}]},{\"@type\":\"ImageObject\",\"inLanguage\":\"de\",\"@id\":\"https:\\\/\\\/martinluther.ca\\\/de\\\/2020\\\/03\\\/auftakt-zum-taeglichen-lesen-der-bibel\\\/#primaryimage\",\"url\":\"https:\\\/\\\/martinluther.ca\\\/wp-content\\\/uploads\\\/2020\\\/03\\\/EternityForToday-front-and-back-cover-ELCIC-AprMayJune2020.png\",\"contentUrl\":\"https:\\\/\\\/martinluther.ca\\\/wp-content\\\/uploads\\\/2020\\\/03\\\/EternityForToday-front-and-back-cover-ELCIC-AprMayJune2020.png\",\"width\":945,\"height\":784,\"caption\":\"Eternity For Today front and back cover ELCIC AprMayJune2020\"},{\"@type\":\"BreadcrumbList\",\"@id\":\"https:\\\/\\\/martinluther.ca\\\/de\\\/2020\\\/03\\\/auftakt-zum-taeglichen-lesen-der-bibel\\\/#breadcrumb\",\"itemListElement\":[{\"@type\":\"ListItem\",\"position\":1,\"name\":\"Home\",\"item\":\"https:\\\/\\\/martinluther.ca\\\/de\\\/\"},{\"@type\":\"ListItem\",\"position\":2,\"name\":\"Auftakt zum t\u00e4glichen Lesen der Bibel\"}]},{\"@type\":\"WebSite\",\"@id\":\"https:\\\/\\\/martinluther.ca\\\/de\\\/#website\",\"url\":\"https:\\\/\\\/martinluther.ca\\\/de\\\/\",\"name\":\"Martin Luther Evangelical Church Toronto\",\"description\":\"Deutsch &amp; Englisch\",\"publisher\":{\"@id\":\"https:\\\/\\\/martinluther.ca\\\/de\\\/#organization\"},\"potentialAction\":[{\"@type\":\"SearchAction\",\"target\":{\"@type\":\"EntryPoint\",\"urlTemplate\":\"https:\\\/\\\/martinluther.ca\\\/de\\\/?s={search_term_string}\"},\"query-input\":{\"@type\":\"PropertyValueSpecification\",\"valueRequired\":true,\"valueName\":\"search_term_string\"}}],\"inLanguage\":\"de\"},{\"@type\":\"Organization\",\"@id\":\"https:\\\/\\\/martinluther.ca\\\/de\\\/#organization\",\"name\":\"Martin Luther Evangelical Church Toronto\",\"url\":\"https:\\\/\\\/martinluther.ca\\\/de\\\/\",\"logo\":{\"@type\":\"ImageObject\",\"inLanguage\":\"de\",\"@id\":\"https:\\\/\\\/martinluther.ca\\\/de\\\/#\\\/schema\\\/logo\\\/image\\\/\",\"url\":\"https:\\\/\\\/martinluther.ca\\\/wp-content\\\/uploads\\\/2016\\\/12\\\/ml-logo-300.png\",\"contentUrl\":\"https:\\\/\\\/martinluther.ca\\\/wp-content\\\/uploads\\\/2016\\\/12\\\/ml-logo-300.png\",\"width\":300,\"height\":150,\"caption\":\"Martin Luther Evangelical Church Toronto\"},\"image\":{\"@id\":\"https:\\\/\\\/martinluther.ca\\\/de\\\/#\\\/schema\\\/logo\\\/image\\\/\"},\"sameAs\":[\"https:\\\/\\\/www.facebook.com\\\/martinlutherchurchtoronto\",\"https:\\\/\\\/www.instagram.com\\\/lutheransbythelake\\\/\",\"https:\\\/\\\/www.youtube.com\\\/MartinLutherChurchToronto\"]},{\"@type\":\"Person\",\"@id\":\"https:\\\/\\\/martinluther.ca\\\/de\\\/#\\\/schema\\\/person\\\/815c51710f70b050f0476f18da6b0c8f\",\"name\":\"Mona Kakoschke Frantzke\",\"image\":{\"@type\":\"ImageObject\",\"inLanguage\":\"de\",\"@id\":\"https:\\\/\\\/secure.gravatar.com\\\/avatar\\\/0deb16854ca545cd2e9fc8001ca110d262b80d5c8317b38dc542265fbea0ed19?s=96&d=mm&r=g\",\"url\":\"https:\\\/\\\/secure.gravatar.com\\\/avatar\\\/0deb16854ca545cd2e9fc8001ca110d262b80d5c8317b38dc542265fbea0ed19?s=96&d=mm&r=g\",\"contentUrl\":\"https:\\\/\\\/secure.gravatar.com\\\/avatar\\\/0deb16854ca545cd2e9fc8001ca110d262b80d5c8317b38dc542265fbea0ed19?s=96&d=mm&r=g\",\"caption\":\"Mona Kakoschke Frantzke\"},\"url\":false}]}<\/script>\n<!-- \/ Yoast SEO plugin. -->","yoast_head_json":{"title":"Auftakt zum t\u00e4glichen Lesen der Bibel - Martin Luther Evangelische Kirche Toronto","robots":{"index":"index","follow":"follow","max-snippet":"max-snippet:-1","max-image-preview":"max-image-preview:large","max-video-preview":"max-video-preview:-1"},"canonical":"https:\/\/martinluther.ca\/de\/2020\/03\/auftakt-zum-taeglichen-lesen-der-bibel\/","og_locale":"de_DE","og_type":"article","og_title":"Auftakt zum t\u00e4glichen Lesen der Bibel - Martin Luther Evangelische Kirche Toronto","og_description":"Eternity for Today &#8211; Daily Scripture Reading for Reflection and Prayer Alle Mitglieder der Kirche k\u00f6nnen im M\u00e4rz 2020 eine Ausgabe der von ELCIC erstellte Heft &#8222;Eternity for Today&#8220; f\u00fcr ihre Haushalte in der Kirche abholen. Wir hoffen, dass dies Ihnen und Ihrer Familie hilft, die Bibel \u00f6fter zu lesen. &#8211; Iris Schweiger, Pr\u00e4sidentin des&hellip;","og_url":"https:\/\/martinluther.ca\/de\/2020\/03\/auftakt-zum-taeglichen-lesen-der-bibel\/","og_site_name":"Martin Luther Evangelische Kirche Toronto","article_publisher":"https:\/\/www.facebook.com\/martinlutherchurchtoronto","article_published_time":"2020-03-04T17:46:48+00:00","article_modified_time":"2020-03-04T17:54:20+00:00","og_image":[{"width":945,"height":784,"url":"https:\/\/martinluther.ca\/wp-content\/uploads\/2020\/03\/EternityForToday-front-and-back-cover-ELCIC-AprMayJune2020.png","type":"image\/png"}],"author":"Mona Kakoschke Frantzke","twitter_card":"summary_large_image","twitter_misc":{"Verfasst von":"Mona Kakoschke Frantzke"},"schema":{"@context":"https:\/\/schema.org","@graph":[{"@type":"Article","@id":"https:\/\/martinluther.ca\/de\/2020\/03\/auftakt-zum-taeglichen-lesen-der-bibel\/#article","isPartOf":{"@id":"https:\/\/martinluther.ca\/de\/2020\/03\/auftakt-zum-taeglichen-lesen-der-bibel\/"},"author":{"name":"Mona Kakoschke Frantzke","@id":"https:\/\/martinluther.ca\/de\/#\/schema\/person\/815c51710f70b050f0476f18da6b0c8f"},"headline":"Auftakt zum t\u00e4glichen Lesen der Bibel","datePublished":"2020-03-04T17:46:48+00:00","dateModified":"2020-03-04T17:54:20+00:00","mainEntityOfPage":{"@id":"https:\/\/martinluther.ca\/de\/2020\/03\/auftakt-zum-taeglichen-lesen-der-bibel\/"},"wordCount":102,"publisher":{"@id":"https:\/\/martinluther.ca\/de\/#organization"},"image":{"@id":"https:\/\/martinluther.ca\/de\/2020\/03\/auftakt-zum-taeglichen-lesen-der-bibel\/#primaryimage"},"thumbnailUrl":"https:\/\/martinluther.ca\/wp-content\/uploads\/2020\/03\/EternityForToday-front-and-back-cover-ELCIC-AprMayJune2020.png","articleSection":["News Blog - German"],"inLanguage":"de"},{"@type":"WebPage","@id":"https:\/\/martinluther.ca\/de\/2020\/03\/auftakt-zum-taeglichen-lesen-der-bibel\/","url":"https:\/\/martinluther.ca\/de\/2020\/03\/auftakt-zum-taeglichen-lesen-der-bibel\/","name":"Auftakt zum t\u00e4glichen Lesen der Bibel - Martin Luther Evangelische Kirche Toronto","isPartOf":{"@id":"https:\/\/martinluther.ca\/de\/#website"},"primaryImageOfPage":{"@id":"https:\/\/martinluther.ca\/de\/2020\/03\/auftakt-zum-taeglichen-lesen-der-bibel\/#primaryimage"},"image":{"@id":"https:\/\/martinluther.ca\/de\/2020\/03\/auftakt-zum-taeglichen-lesen-der-bibel\/#primaryimage"},"thumbnailUrl":"https:\/\/martinluther.ca\/wp-content\/uploads\/2020\/03\/EternityForToday-front-and-back-cover-ELCIC-AprMayJune2020.png","datePublished":"2020-03-04T17:46:48+00:00","dateModified":"2020-03-04T17:54:20+00:00","breadcrumb":{"@id":"https:\/\/martinluther.ca\/de\/2020\/03\/auftakt-zum-taeglichen-lesen-der-bibel\/#breadcrumb"},"inLanguage":"de","potentialAction":[{"@type":"ReadAction","target":["https:\/\/martinluther.ca\/de\/2020\/03\/auftakt-zum-taeglichen-lesen-der-bibel\/"]}]},{"@type":"ImageObject","inLanguage":"de","@id":"https:\/\/martinluther.ca\/de\/2020\/03\/auftakt-zum-taeglichen-lesen-der-bibel\/#primaryimage","url":"https:\/\/martinluther.ca\/wp-content\/uploads\/2020\/03\/EternityForToday-front-and-back-cover-ELCIC-AprMayJune2020.png","contentUrl":"https:\/\/martinluther.ca\/wp-content\/uploads\/2020\/03\/EternityForToday-front-and-back-cover-ELCIC-AprMayJune2020.png","width":945,"height":784,"caption":"Eternity For Today front and back cover ELCIC AprMayJune2020"},{"@type":"BreadcrumbList","@id":"https:\/\/martinluther.ca\/de\/2020\/03\/auftakt-zum-taeglichen-lesen-der-bibel\/#breadcrumb","itemListElement":[{"@type":"ListItem","position":1,"name":"Home","item":"https:\/\/martinluther.ca\/de\/"},{"@type":"ListItem","position":2,"name":"Auftakt zum t\u00e4glichen Lesen der Bibel"}]},{"@type":"WebSite","@id":"https:\/\/martinluther.ca\/de\/#website","url":"https:\/\/martinluther.ca\/de\/","name":"Martin Luther Evangelical Church Toronto","description":"Deutsch &amp; Englisch","publisher":{"@id":"https:\/\/martinluther.ca\/de\/#organization"},"potentialAction":[{"@type":"SearchAction","target":{"@type":"EntryPoint","urlTemplate":"https:\/\/martinluther.ca\/de\/?s={search_term_string}"},"query-input":{"@type":"PropertyValueSpecification","valueRequired":true,"valueName":"search_term_string"}}],"inLanguage":"de"},{"@type":"Organization","@id":"https:\/\/martinluther.ca\/de\/#organization","name":"Martin Luther Evangelical Church Toronto","url":"https:\/\/martinluther.ca\/de\/","logo":{"@type":"ImageObject","inLanguage":"de","@id":"https:\/\/martinluther.ca\/de\/#\/schema\/logo\/image\/","url":"https:\/\/martinluther.ca\/wp-content\/uploads\/2016\/12\/ml-logo-300.png","contentUrl":"https:\/\/martinluther.ca\/wp-content\/uploads\/2016\/12\/ml-logo-300.png","width":300,"height":150,"caption":"Martin Luther Evangelical Church Toronto"},"image":{"@id":"https:\/\/martinluther.ca\/de\/#\/schema\/logo\/image\/"},"sameAs":["https:\/\/www.facebook.com\/martinlutherchurchtoronto","https:\/\/www.instagram.com\/lutheransbythelake\/","https:\/\/www.youtube.com\/MartinLutherChurchToronto"]},{"@type":"Person","@id":"https:\/\/martinluther.ca\/de\/#\/schema\/person\/815c51710f70b050f0476f18da6b0c8f","name":"Mona Kakoschke Frantzke","image":{"@type":"ImageObject","inLanguage":"de","@id":"https:\/\/secure.gravatar.com\/avatar\/0deb16854ca545cd2e9fc8001ca110d262b80d5c8317b38dc542265fbea0ed19?s=96&d=mm&r=g","url":"https:\/\/secure.gravatar.com\/avatar\/0deb16854ca545cd2e9fc8001ca110d262b80d5c8317b38dc542265fbea0ed19?s=96&d=mm&r=g","contentUrl":"https:\/\/secure.gravatar.com\/avatar\/0deb16854ca545cd2e9fc8001ca110d262b80d5c8317b38dc542265fbea0ed19?s=96&d=mm&r=g","caption":"Mona Kakoschke Frantzke"},"url":false}]}},"_links":{"self":[{"href":"https:\/\/martinluther.ca\/de\/wp-json\/wp\/v2\/posts\/33496","targetHints":{"allow":["GET"]}}],"collection":[{"href":"https:\/\/martinluther.ca\/de\/wp-json\/wp\/v2\/posts"}],"about":[{"href":"https:\/\/martinluther.ca\/de\/wp-json\/wp\/v2\/types\/post"}],"author":[{"embeddable":true,"href":"https:\/\/martinluther.ca\/de\/wp-json\/wp\/v2\/users\/9"}],"replies":[{"embeddable":true,"href":"https:\/\/martinluther.ca\/de\/wp-json\/wp\/v2\/comments?post=33496"}],"version-history":[{"count":3,"href":"https:\/\/martinluther.ca\/de\/wp-json\/wp\/v2\/posts\/33496\/revisions"}],"predecessor-version":[{"id":33499,"href":"https:\/\/martinluther.ca\/de\/wp-json\/wp\/v2\/posts\/33496\/revisions\/33499"}],"wp:featuredmedia":[{"embeddable":true,"href":"https:\/\/martinluther.ca\/de\/wp-json\/wp\/v2\/media\/33493"}],"wp:attachment":[{"href":"https:\/\/martinluther.ca\/de\/wp-json\/wp\/v2\/media?parent=33496"}],"wp:term":[{"taxonomy":"category","embeddable":true,"href":"https:\/\/martinluther.ca\/de\/wp-json\/wp\/v2\/categories?post=33496"},{"taxonomy":"post_tag","embeddable":true,"href":"https:\/\/martinluther.ca\/de\/wp-json\/wp\/v2\/tags?post=33496"},{"taxonomy":"post_series","embeddable":true,"href":"https:\/\/martinluther.ca\/de\/wp-json\/wp\/v2\/post_series?post=33496"}],"curies":[{"name":"wp","href":"https:\/\/api.w.org\/{rel}","templated":true}]}}