{"id":33525,"date":"2020-03-11T23:30:13","date_gmt":"2020-03-12T03:30:13","guid":{"rendered":"https:\/\/martinluther.ca\/?p=33525"},"modified":"2020-03-13T19:01:02","modified_gmt":"2020-03-13T23:01:02","slug":"covid-19-kirchenschliessung","status":"publish","type":"post","link":"https:\/\/martinluther.ca\/de\/2020\/03\/covid-19-kirchenschliessung\/","title":{"rendered":"COVID-19 Kirchenschliessung"},"content":{"rendered":"<p><img loading=\"lazy\" decoding=\"async\" class=\"alignright wp-image-33522 size-medium\" src=\"https:\/\/martinluther.ca\/wp-content\/uploads\/2020\/03\/2015-MLC-Weltgebetstag-19-300x225.jpg\" alt=\"Church facade winter\" width=\"300\" height=\"225\" srcset=\"https:\/\/martinluther.ca\/wp-content\/uploads\/2020\/03\/2015-MLC-Weltgebetstag-19-300x225.jpg 300w, https:\/\/martinluther.ca\/wp-content\/uploads\/2020\/03\/2015-MLC-Weltgebetstag-19-1024x768.jpg 1024w, https:\/\/martinluther.ca\/wp-content\/uploads\/2020\/03\/2015-MLC-Weltgebetstag-19-768x576.jpg 768w, https:\/\/martinluther.ca\/wp-content\/uploads\/2020\/03\/2015-MLC-Weltgebetstag-19-1536x1152.jpg 1536w, https:\/\/martinluther.ca\/wp-content\/uploads\/2020\/03\/2015-MLC-Weltgebetstag-19-2048x1536.jpg 2048w\" sizes=\"auto, (max-width: 300px) 100vw, 300px\" \/><\/p>\n<p>Liebe Mitglieder, Partner und Freunde der Martin Luther Gemeinde, <strong>ab Montag, dem 16. M\u00e4rz 2020<\/strong>, schlie\u00dfen wir den gesamten nicht-grundlegenden Kirchenbetrieb aufgrund des COVID-19-Ausbruchs. Unsere Mitarbeiter werden von zu Hause aus arbeiten und <strong>alle Gruppen, Zusammenk\u00fcnfte und Gottesdienste werden abgesagt.<\/strong><\/p>\n<p>Wir haben auch entschieden, dass der Abschiedsgottesdienst am 22. M\u00e4rz 2020 f\u00fcr Pastor Dr. Christian Ceconi <strong>nicht stattfinden wird<\/strong>. Wir erwarteten ca. \u00fcber 300 Menschen, was die Veranstaltung zu einem Risiko f\u00fcr alle Beteiligten gemacht h\u00e4tte.<\/p>\n<p>Bitte bedenken Sie, dass er durch die Vorbereitung seines Weggangs nicht viel Zeit hat, aber z\u00f6gern Sie nicht, einen Beitrag zum Abschiedsbuch f\u00fcr ihn beizusteuern, indem Sie Ihre Gedanken an <a href=\"mailto:14gmandl@gmail.com\">14gmandl@gmail.com<\/a> e-mailen oder Ihre Postkarte bis zum 22. M\u00e4rz ans Kirchenb\u00fcro schicken. Im Juni werden wir versuchen eine M\u00f6glichkeit zum Abschied feiern zu finden, wenn Pastor Ceconi f\u00fcr eine kurze Zeit zur\u00fcckkehrt, um den Hausstand aufzul\u00f6sen.<\/p>\n<p>Bitte erwarten Sie in der n\u00e4chsten Woche einen Anruf mit aktuelleren Informationen und eine weitere E-Mail mit einem Antwortpaket: Geistliche Nahrung und Gemeinschaft trotz sozialer Isolation.<\/p>\n<p>Gottesdienste finden weiterhin wie geplant an diesem Sonntag, dem 15. M\u00e4rz, 2020 um 9:45 Uhr in englischer Sprache und um 11:00 Uhr in deutscher Sprache statt. Nach dem Gottesdienst gibt es jedoch keinen Kaffee \/ Tee.<\/p>\n<p>Posted March 11, 2020:<\/p>\n<p>Liebe Freunde und Mitglieder der Martin Luther Kirche!<\/p>\n<p>Gottes Gnade und Frieden sei mit Euch. J\u00fcngste Nachrichten \u00fcber die Ausbreitung des Coronavirus (COVID-19) haben bei vielen von uns Bedenken hinsichtlich des Wohlbefindens von Menschen auf der ganzen Welt und m\u00f6glicherweise in unseren Gemeinden und Nachbarschaften ausgel\u00f6st.<\/p>\n<p>Zu diesem Zeitpunkt laufen alle unsere Gottesdienste und Gruppen wie gewohnt ab. Wir werden bei Bedarf neue Nachrichten bereitstellen.<\/p>\n<p>Wir halten die Richtlinien der Weltgesundheitsorganisation | World Health Organization (WHO) und der Evangelical Lutheran Church in Canada (ELCIC) ein und verfolgen die neuesten Ver\u00e4nderungen genau.<\/p>\n<p>F\u00fcr weitere Informationen lesen Sie bitte den folgenden Brief unserer Bisch\u00f6fin Rev. Susan Johnson, National Bishop ELCIC <a href=\"http:\/\/www.elcic.ca\/news.cfm?article=548\" target=\"_blank\" rel=\"noopener noreferrer\">http:\/\/www.elcic.ca\/news.cfm?article=548<\/a><\/p>\n","protected":false},"excerpt":{"rendered":"<p>Liebe Mitglieder, Partner und Freunde der Martin Luther Gemeinde, ab Montag, dem 16. M\u00e4rz 2020, schlie\u00dfen wir den gesamten nicht-grundlegenden Kirchenbetrieb aufgrund des COVID-19-Ausbruchs. Unsere Mitarbeiter werden von zu Hause aus arbeiten und alle Gruppen, Zusammenk\u00fcnfte und Gottesdienste werden abgesagt. Wir haben auch entschieden, dass der Abschiedsgottesdienst am 22. M\u00e4rz 2020 f\u00fcr Pastor Dr. Christian&hellip;<\/p>\n","protected":false},"author":9,"featured_media":33522,"comment_status":"closed","ping_status":"closed","sticky":false,"template":"","format":"standard","meta":{"footnotes":""},"categories":[69],"tags":[],"post_series":[],"class_list":["post-33525","post","type-post","status-publish","format-standard","has-post-thumbnail","hentry","category-news-blog-german","entry","has-media"],"yoast_head":"<!-- This site is optimized with the Yoast SEO plugin v27.5 - https:\/\/yoast.com\/product\/yoast-seo-wordpress\/ -->\n<title>COVID-19 Kirchenschliessung - Martin Luther Evangelische Kirche Toronto<\/title>\n<meta name=\"robots\" content=\"index, follow, max-snippet:-1, max-image-preview:large, max-video-preview:-1\" \/>\n<link rel=\"canonical\" href=\"https:\/\/martinluther.ca\/de\/2020\/03\/covid-19-kirchenschliessung\/\" \/>\n<meta property=\"og:locale\" content=\"de_DE\" \/>\n<meta property=\"og:type\" content=\"article\" \/>\n<meta property=\"og:title\" content=\"COVID-19 Kirchenschliessung - Martin Luther Evangelische Kirche Toronto\" \/>\n<meta property=\"og:description\" content=\"Liebe Mitglieder, Partner und Freunde der Martin Luther Gemeinde, ab Montag, dem 16. M\u00e4rz 2020, schlie\u00dfen wir den gesamten nicht-grundlegenden Kirchenbetrieb aufgrund des COVID-19-Ausbruchs. Unsere Mitarbeiter werden von zu Hause aus arbeiten und alle Gruppen, Zusammenk\u00fcnfte und Gottesdienste werden abgesagt. Wir haben auch entschieden, dass der Abschiedsgottesdienst am 22. M\u00e4rz 2020 f\u00fcr Pastor Dr. Christian&hellip;\" \/>\n<meta property=\"og:url\" content=\"https:\/\/martinluther.ca\/de\/2020\/03\/covid-19-kirchenschliessung\/\" \/>\n<meta property=\"og:site_name\" content=\"Martin Luther Evangelische Kirche Toronto\" \/>\n<meta property=\"article:publisher\" content=\"https:\/\/www.facebook.com\/martinlutherchurchtoronto\" \/>\n<meta property=\"article:published_time\" content=\"2020-03-12T03:30:13+00:00\" \/>\n<meta property=\"article:modified_time\" content=\"2020-03-13T23:01:02+00:00\" \/>\n<meta property=\"og:image\" content=\"https:\/\/martinluther.ca\/wp-content\/uploads\/2020\/03\/2015-MLC-Weltgebetstag-19-1024x768.jpg\" \/>\n\t<meta property=\"og:image:width\" content=\"1024\" \/>\n\t<meta property=\"og:image:height\" content=\"768\" \/>\n\t<meta property=\"og:image:type\" content=\"image\/jpeg\" \/>\n<meta name=\"author\" content=\"Mona Kakoschke Frantzke\" \/>\n<meta name=\"twitter:card\" content=\"summary_large_image\" \/>\n<meta name=\"twitter:label1\" content=\"Verfasst von\" \/>\n\t<meta name=\"twitter:data1\" content=\"Mona Kakoschke Frantzke\" \/>\n\t<meta name=\"twitter:label2\" content=\"Gesch\u00e4tzte Lesezeit\" \/>\n\t<meta name=\"twitter:data2\" content=\"2\u00a0Minuten\" \/>\n<script type=\"application\/ld+json\" class=\"yoast-schema-graph\">{\"@context\":\"https:\\\/\\\/schema.org\",\"@graph\":[{\"@type\":\"Article\",\"@id\":\"https:\\\/\\\/martinluther.ca\\\/de\\\/2020\\\/03\\\/covid-19-kirchenschliessung\\\/#article\",\"isPartOf\":{\"@id\":\"https:\\\/\\\/martinluther.ca\\\/de\\\/2020\\\/03\\\/covid-19-kirchenschliessung\\\/\"},\"author\":{\"name\":\"Mona Kakoschke Frantzke\",\"@id\":\"https:\\\/\\\/martinluther.ca\\\/de\\\/#\\\/schema\\\/person\\\/815c51710f70b050f0476f18da6b0c8f\"},\"headline\":\"COVID-19 Kirchenschliessung\",\"datePublished\":\"2020-03-12T03:30:13+00:00\",\"dateModified\":\"2020-03-13T23:01:02+00:00\",\"mainEntityOfPage\":{\"@id\":\"https:\\\/\\\/martinluther.ca\\\/de\\\/2020\\\/03\\\/covid-19-kirchenschliessung\\\/\"},\"wordCount\":337,\"publisher\":{\"@id\":\"https:\\\/\\\/martinluther.ca\\\/de\\\/#organization\"},\"image\":{\"@id\":\"https:\\\/\\\/martinluther.ca\\\/de\\\/2020\\\/03\\\/covid-19-kirchenschliessung\\\/#primaryimage\"},\"thumbnailUrl\":\"https:\\\/\\\/martinluther.ca\\\/wp-content\\\/uploads\\\/2020\\\/03\\\/2015-MLC-Weltgebetstag-19.jpg\",\"articleSection\":[\"News Blog - German\"],\"inLanguage\":\"de\"},{\"@type\":\"WebPage\",\"@id\":\"https:\\\/\\\/martinluther.ca\\\/de\\\/2020\\\/03\\\/covid-19-kirchenschliessung\\\/\",\"url\":\"https:\\\/\\\/martinluther.ca\\\/de\\\/2020\\\/03\\\/covid-19-kirchenschliessung\\\/\",\"name\":\"COVID-19 Kirchenschliessung - Martin Luther Evangelische Kirche Toronto\",\"isPartOf\":{\"@id\":\"https:\\\/\\\/martinluther.ca\\\/de\\\/#website\"},\"primaryImageOfPage\":{\"@id\":\"https:\\\/\\\/martinluther.ca\\\/de\\\/2020\\\/03\\\/covid-19-kirchenschliessung\\\/#primaryimage\"},\"image\":{\"@id\":\"https:\\\/\\\/martinluther.ca\\\/de\\\/2020\\\/03\\\/covid-19-kirchenschliessung\\\/#primaryimage\"},\"thumbnailUrl\":\"https:\\\/\\\/martinluther.ca\\\/wp-content\\\/uploads\\\/2020\\\/03\\\/2015-MLC-Weltgebetstag-19.jpg\",\"datePublished\":\"2020-03-12T03:30:13+00:00\",\"dateModified\":\"2020-03-13T23:01:02+00:00\",\"breadcrumb\":{\"@id\":\"https:\\\/\\\/martinluther.ca\\\/de\\\/2020\\\/03\\\/covid-19-kirchenschliessung\\\/#breadcrumb\"},\"inLanguage\":\"de\",\"potentialAction\":[{\"@type\":\"ReadAction\",\"target\":[\"https:\\\/\\\/martinluther.ca\\\/de\\\/2020\\\/03\\\/covid-19-kirchenschliessung\\\/\"]}]},{\"@type\":\"ImageObject\",\"inLanguage\":\"de\",\"@id\":\"https:\\\/\\\/martinluther.ca\\\/de\\\/2020\\\/03\\\/covid-19-kirchenschliessung\\\/#primaryimage\",\"url\":\"https:\\\/\\\/martinluther.ca\\\/wp-content\\\/uploads\\\/2020\\\/03\\\/2015-MLC-Weltgebetstag-19.jpg\",\"contentUrl\":\"https:\\\/\\\/martinluther.ca\\\/wp-content\\\/uploads\\\/2020\\\/03\\\/2015-MLC-Weltgebetstag-19.jpg\",\"width\":2560,\"height\":1920,\"caption\":\"OLYMPUS DIGITAL CAMERA\"},{\"@type\":\"BreadcrumbList\",\"@id\":\"https:\\\/\\\/martinluther.ca\\\/de\\\/2020\\\/03\\\/covid-19-kirchenschliessung\\\/#breadcrumb\",\"itemListElement\":[{\"@type\":\"ListItem\",\"position\":1,\"name\":\"Home\",\"item\":\"https:\\\/\\\/martinluther.ca\\\/de\\\/\"},{\"@type\":\"ListItem\",\"position\":2,\"name\":\"COVID-19 Kirchenschliessung\"}]},{\"@type\":\"WebSite\",\"@id\":\"https:\\\/\\\/martinluther.ca\\\/de\\\/#website\",\"url\":\"https:\\\/\\\/martinluther.ca\\\/de\\\/\",\"name\":\"Martin Luther Evangelical Church Toronto\",\"description\":\"Deutsch &amp; Englisch\",\"publisher\":{\"@id\":\"https:\\\/\\\/martinluther.ca\\\/de\\\/#organization\"},\"potentialAction\":[{\"@type\":\"SearchAction\",\"target\":{\"@type\":\"EntryPoint\",\"urlTemplate\":\"https:\\\/\\\/martinluther.ca\\\/de\\\/?s={search_term_string}\"},\"query-input\":{\"@type\":\"PropertyValueSpecification\",\"valueRequired\":true,\"valueName\":\"search_term_string\"}}],\"inLanguage\":\"de\"},{\"@type\":\"Organization\",\"@id\":\"https:\\\/\\\/martinluther.ca\\\/de\\\/#organization\",\"name\":\"Martin Luther Evangelical Church Toronto\",\"url\":\"https:\\\/\\\/martinluther.ca\\\/de\\\/\",\"logo\":{\"@type\":\"ImageObject\",\"inLanguage\":\"de\",\"@id\":\"https:\\\/\\\/martinluther.ca\\\/de\\\/#\\\/schema\\\/logo\\\/image\\\/\",\"url\":\"https:\\\/\\\/martinluther.ca\\\/wp-content\\\/uploads\\\/2016\\\/12\\\/ml-logo-300.png\",\"contentUrl\":\"https:\\\/\\\/martinluther.ca\\\/wp-content\\\/uploads\\\/2016\\\/12\\\/ml-logo-300.png\",\"width\":300,\"height\":150,\"caption\":\"Martin Luther Evangelical Church Toronto\"},\"image\":{\"@id\":\"https:\\\/\\\/martinluther.ca\\\/de\\\/#\\\/schema\\\/logo\\\/image\\\/\"},\"sameAs\":[\"https:\\\/\\\/www.facebook.com\\\/martinlutherchurchtoronto\",\"https:\\\/\\\/www.instagram.com\\\/lutheransbythelake\\\/\",\"https:\\\/\\\/www.youtube.com\\\/MartinLutherChurchToronto\"]},{\"@type\":\"Person\",\"@id\":\"https:\\\/\\\/martinluther.ca\\\/de\\\/#\\\/schema\\\/person\\\/815c51710f70b050f0476f18da6b0c8f\",\"name\":\"Mona Kakoschke Frantzke\",\"image\":{\"@type\":\"ImageObject\",\"inLanguage\":\"de\",\"@id\":\"https:\\\/\\\/secure.gravatar.com\\\/avatar\\\/0deb16854ca545cd2e9fc8001ca110d262b80d5c8317b38dc542265fbea0ed19?s=96&d=mm&r=g\",\"url\":\"https:\\\/\\\/secure.gravatar.com\\\/avatar\\\/0deb16854ca545cd2e9fc8001ca110d262b80d5c8317b38dc542265fbea0ed19?s=96&d=mm&r=g\",\"contentUrl\":\"https:\\\/\\\/secure.gravatar.com\\\/avatar\\\/0deb16854ca545cd2e9fc8001ca110d262b80d5c8317b38dc542265fbea0ed19?s=96&d=mm&r=g\",\"caption\":\"Mona Kakoschke Frantzke\"},\"url\":false}]}<\/script>\n<!-- \/ Yoast SEO plugin. -->","yoast_head_json":{"title":"COVID-19 Kirchenschliessung - Martin Luther Evangelische Kirche Toronto","robots":{"index":"index","follow":"follow","max-snippet":"max-snippet:-1","max-image-preview":"max-image-preview:large","max-video-preview":"max-video-preview:-1"},"canonical":"https:\/\/martinluther.ca\/de\/2020\/03\/covid-19-kirchenschliessung\/","og_locale":"de_DE","og_type":"article","og_title":"COVID-19 Kirchenschliessung - Martin Luther Evangelische Kirche Toronto","og_description":"Liebe Mitglieder, Partner und Freunde der Martin Luther Gemeinde, ab Montag, dem 16. M\u00e4rz 2020, schlie\u00dfen wir den gesamten nicht-grundlegenden Kirchenbetrieb aufgrund des COVID-19-Ausbruchs. Unsere Mitarbeiter werden von zu Hause aus arbeiten und alle Gruppen, Zusammenk\u00fcnfte und Gottesdienste werden abgesagt. Wir haben auch entschieden, dass der Abschiedsgottesdienst am 22. M\u00e4rz 2020 f\u00fcr Pastor Dr. Christian&hellip;","og_url":"https:\/\/martinluther.ca\/de\/2020\/03\/covid-19-kirchenschliessung\/","og_site_name":"Martin Luther Evangelische Kirche Toronto","article_publisher":"https:\/\/www.facebook.com\/martinlutherchurchtoronto","article_published_time":"2020-03-12T03:30:13+00:00","article_modified_time":"2020-03-13T23:01:02+00:00","og_image":[{"width":1024,"height":768,"url":"https:\/\/martinluther.ca\/wp-content\/uploads\/2020\/03\/2015-MLC-Weltgebetstag-19-1024x768.jpg","type":"image\/jpeg"}],"author":"Mona Kakoschke Frantzke","twitter_card":"summary_large_image","twitter_misc":{"Verfasst von":"Mona Kakoschke Frantzke","Gesch\u00e4tzte Lesezeit":"2\u00a0Minuten"},"schema":{"@context":"https:\/\/schema.org","@graph":[{"@type":"Article","@id":"https:\/\/martinluther.ca\/de\/2020\/03\/covid-19-kirchenschliessung\/#article","isPartOf":{"@id":"https:\/\/martinluther.ca\/de\/2020\/03\/covid-19-kirchenschliessung\/"},"author":{"name":"Mona Kakoschke Frantzke","@id":"https:\/\/martinluther.ca\/de\/#\/schema\/person\/815c51710f70b050f0476f18da6b0c8f"},"headline":"COVID-19 Kirchenschliessung","datePublished":"2020-03-12T03:30:13+00:00","dateModified":"2020-03-13T23:01:02+00:00","mainEntityOfPage":{"@id":"https:\/\/martinluther.ca\/de\/2020\/03\/covid-19-kirchenschliessung\/"},"wordCount":337,"publisher":{"@id":"https:\/\/martinluther.ca\/de\/#organization"},"image":{"@id":"https:\/\/martinluther.ca\/de\/2020\/03\/covid-19-kirchenschliessung\/#primaryimage"},"thumbnailUrl":"https:\/\/martinluther.ca\/wp-content\/uploads\/2020\/03\/2015-MLC-Weltgebetstag-19.jpg","articleSection":["News Blog - German"],"inLanguage":"de"},{"@type":"WebPage","@id":"https:\/\/martinluther.ca\/de\/2020\/03\/covid-19-kirchenschliessung\/","url":"https:\/\/martinluther.ca\/de\/2020\/03\/covid-19-kirchenschliessung\/","name":"COVID-19 Kirchenschliessung - Martin Luther Evangelische Kirche Toronto","isPartOf":{"@id":"https:\/\/martinluther.ca\/de\/#website"},"primaryImageOfPage":{"@id":"https:\/\/martinluther.ca\/de\/2020\/03\/covid-19-kirchenschliessung\/#primaryimage"},"image":{"@id":"https:\/\/martinluther.ca\/de\/2020\/03\/covid-19-kirchenschliessung\/#primaryimage"},"thumbnailUrl":"https:\/\/martinluther.ca\/wp-content\/uploads\/2020\/03\/2015-MLC-Weltgebetstag-19.jpg","datePublished":"2020-03-12T03:30:13+00:00","dateModified":"2020-03-13T23:01:02+00:00","breadcrumb":{"@id":"https:\/\/martinluther.ca\/de\/2020\/03\/covid-19-kirchenschliessung\/#breadcrumb"},"inLanguage":"de","potentialAction":[{"@type":"ReadAction","target":["https:\/\/martinluther.ca\/de\/2020\/03\/covid-19-kirchenschliessung\/"]}]},{"@type":"ImageObject","inLanguage":"de","@id":"https:\/\/martinluther.ca\/de\/2020\/03\/covid-19-kirchenschliessung\/#primaryimage","url":"https:\/\/martinluther.ca\/wp-content\/uploads\/2020\/03\/2015-MLC-Weltgebetstag-19.jpg","contentUrl":"https:\/\/martinluther.ca\/wp-content\/uploads\/2020\/03\/2015-MLC-Weltgebetstag-19.jpg","width":2560,"height":1920,"caption":"OLYMPUS DIGITAL CAMERA"},{"@type":"BreadcrumbList","@id":"https:\/\/martinluther.ca\/de\/2020\/03\/covid-19-kirchenschliessung\/#breadcrumb","itemListElement":[{"@type":"ListItem","position":1,"name":"Home","item":"https:\/\/martinluther.ca\/de\/"},{"@type":"ListItem","position":2,"name":"COVID-19 Kirchenschliessung"}]},{"@type":"WebSite","@id":"https:\/\/martinluther.ca\/de\/#website","url":"https:\/\/martinluther.ca\/de\/","name":"Martin Luther Evangelical Church Toronto","description":"Deutsch &amp; Englisch","publisher":{"@id":"https:\/\/martinluther.ca\/de\/#organization"},"potentialAction":[{"@type":"SearchAction","target":{"@type":"EntryPoint","urlTemplate":"https:\/\/martinluther.ca\/de\/?s={search_term_string}"},"query-input":{"@type":"PropertyValueSpecification","valueRequired":true,"valueName":"search_term_string"}}],"inLanguage":"de"},{"@type":"Organization","@id":"https:\/\/martinluther.ca\/de\/#organization","name":"Martin Luther Evangelical Church Toronto","url":"https:\/\/martinluther.ca\/de\/","logo":{"@type":"ImageObject","inLanguage":"de","@id":"https:\/\/martinluther.ca\/de\/#\/schema\/logo\/image\/","url":"https:\/\/martinluther.ca\/wp-content\/uploads\/2016\/12\/ml-logo-300.png","contentUrl":"https:\/\/martinluther.ca\/wp-content\/uploads\/2016\/12\/ml-logo-300.png","width":300,"height":150,"caption":"Martin Luther Evangelical Church Toronto"},"image":{"@id":"https:\/\/martinluther.ca\/de\/#\/schema\/logo\/image\/"},"sameAs":["https:\/\/www.facebook.com\/martinlutherchurchtoronto","https:\/\/www.instagram.com\/lutheransbythelake\/","https:\/\/www.youtube.com\/MartinLutherChurchToronto"]},{"@type":"Person","@id":"https:\/\/martinluther.ca\/de\/#\/schema\/person\/815c51710f70b050f0476f18da6b0c8f","name":"Mona Kakoschke Frantzke","image":{"@type":"ImageObject","inLanguage":"de","@id":"https:\/\/secure.gravatar.com\/avatar\/0deb16854ca545cd2e9fc8001ca110d262b80d5c8317b38dc542265fbea0ed19?s=96&d=mm&r=g","url":"https:\/\/secure.gravatar.com\/avatar\/0deb16854ca545cd2e9fc8001ca110d262b80d5c8317b38dc542265fbea0ed19?s=96&d=mm&r=g","contentUrl":"https:\/\/secure.gravatar.com\/avatar\/0deb16854ca545cd2e9fc8001ca110d262b80d5c8317b38dc542265fbea0ed19?s=96&d=mm&r=g","caption":"Mona Kakoschke Frantzke"},"url":false}]}},"_links":{"self":[{"href":"https:\/\/martinluther.ca\/de\/wp-json\/wp\/v2\/posts\/33525","targetHints":{"allow":["GET"]}}],"collection":[{"href":"https:\/\/martinluther.ca\/de\/wp-json\/wp\/v2\/posts"}],"about":[{"href":"https:\/\/martinluther.ca\/de\/wp-json\/wp\/v2\/types\/post"}],"author":[{"embeddable":true,"href":"https:\/\/martinluther.ca\/de\/wp-json\/wp\/v2\/users\/9"}],"replies":[{"embeddable":true,"href":"https:\/\/martinluther.ca\/de\/wp-json\/wp\/v2\/comments?post=33525"}],"version-history":[{"count":3,"href":"https:\/\/martinluther.ca\/de\/wp-json\/wp\/v2\/posts\/33525\/revisions"}],"predecessor-version":[{"id":33532,"href":"https:\/\/martinluther.ca\/de\/wp-json\/wp\/v2\/posts\/33525\/revisions\/33532"}],"wp:featuredmedia":[{"embeddable":true,"href":"https:\/\/martinluther.ca\/de\/wp-json\/wp\/v2\/media\/33522"}],"wp:attachment":[{"href":"https:\/\/martinluther.ca\/de\/wp-json\/wp\/v2\/media?parent=33525"}],"wp:term":[{"taxonomy":"category","embeddable":true,"href":"https:\/\/martinluther.ca\/de\/wp-json\/wp\/v2\/categories?post=33525"},{"taxonomy":"post_tag","embeddable":true,"href":"https:\/\/martinluther.ca\/de\/wp-json\/wp\/v2\/tags?post=33525"},{"taxonomy":"post_series","embeddable":true,"href":"https:\/\/martinluther.ca\/de\/wp-json\/wp\/v2\/post_series?post=33525"}],"curies":[{"name":"wp","href":"https:\/\/api.w.org\/{rel}","templated":true}]}}