{"id":33558,"date":"2020-03-21T21:12:38","date_gmt":"2020-03-22T01:12:38","guid":{"rendered":"https:\/\/martinluther.ca\/?p=33558"},"modified":"2020-04-27T20:43:46","modified_gmt":"2020-04-28T00:43:46","slug":"sonntag-den-22-maerz-2020-online-gottesdienst-youtube-video","status":"publish","type":"post","link":"https:\/\/martinluther.ca\/de\/2020\/03\/sonntag-den-22-maerz-2020-online-gottesdienst-youtube-video\/","title":{"rendered":"Sonntag, den 22. M\u00e4rz 2020 Online-Gottesdienst YouTube-Video"},"content":{"rendered":"<figure id=\"attachment_33554\" aria-describedby=\"caption-attachment-33554\" style=\"width: 300px\" class=\"wp-caption alignright\"><img loading=\"lazy\" decoding=\"async\" class=\"wp-image-33554 size-medium\" src=\"https:\/\/martinluther.ca\/wp-content\/uploads\/2020\/03\/Online-Worship-YouTube-Video-SunMar22-2020-4x3-1-300x225.jpg\" alt=\"Pastor Dr. Christian Ceconi, Sun March 22, 2020\" width=\"300\" height=\"225\" srcset=\"https:\/\/martinluther.ca\/wp-content\/uploads\/2020\/03\/Online-Worship-YouTube-Video-SunMar22-2020-4x3-1-300x225.jpg 300w, https:\/\/martinluther.ca\/wp-content\/uploads\/2020\/03\/Online-Worship-YouTube-Video-SunMar22-2020-4x3-1-1024x768.jpg 1024w, https:\/\/martinluther.ca\/wp-content\/uploads\/2020\/03\/Online-Worship-YouTube-Video-SunMar22-2020-4x3-1-768x576.jpg 768w, https:\/\/martinluther.ca\/wp-content\/uploads\/2020\/03\/Online-Worship-YouTube-Video-SunMar22-2020-4x3-1.jpg 1438w\" sizes=\"auto, (max-width: 300px) 100vw, 300px\" \/><figcaption id=\"caption-attachment-33554\" class=\"wp-caption-text\">Pastor Dr. Christian Ceconi, Abschiedsrede, 22. M\u00e4rz 2020<\/figcaption><\/figure>\n<p>Sonntag, den 22. M\u00e4rz 2020<\/p>\n<p><strong>Online-Gottesdienst YouTube-Video: <a href=\"https:\/\/martinluther.ca\/wp-content\/uploads\/2020\/04\/2020-03-22_Service-Transcript-4-Sunday-Lent_Pastor-Ceconi.pdf\" target=\"_blank\" rel=\"noopener noreferrer\">[PDF]<\/a> Pastor Dr. Christian Ceconi<br \/>\n<\/strong><\/p>\n<p><strong><a href=\"https:\/\/youtu.be\/tUZk89xbejw\" target=\"_blank\" rel=\"noopener noreferrer\">https:\/\/youtu.be\/tUZk89xbejw<\/a><\/strong><\/p>\n<p>Auch wenn wir uns zur Zeit nicht in unserer Kirche versammeln k\u00f6nnen, k\u00f6nnen wir uns online versammeln, um Gottes Wort zu h\u00f6ren, gemeinsam zu beten und Andacht zu halten.<\/p>\n<p>Diese Woche h\u00e4lt Pastor Dr. Christian Ceconi seine Abschiedsrede, w\u00e4hrend er sich auf seine Abreise vorbereitet, um seinen Dienst in Berlin anzutreten ab 1. April 2020.<\/p>\n<p>Die Lesungen f\u00fcr Sonntag den 22. M\u00e4rz 2020 lauten:<br \/>\n1. Samuel 6: 1-13<br \/>\nPsalm 23<br \/>\nEpheser 5: 8-14<br \/>\nJohannes 9: 1-41<\/p>\n<p><span class=\"wpex-responsive-media\"><iframe loading=\"lazy\" title=\"Fourth Sunday in Lent, March 22, 2020, Martin Luther Church Reflection\" width=\"980\" height=\"551\" src=\"https:\/\/www.youtube.com\/embed\/tUZk89xbejw?feature=oembed\"  allow=\"accelerometer; autoplay; encrypted-media; gyroscope; picture-in-picture\" allowfullscreen><\/iframe><\/span><\/p>\n<div>The grace of our Lord Jesus Christ, and the Love of God and the communion of the Holy Spirit be with all of you!<\/div>\n<div><\/div>\n<div>Dear sisters and brothers in Christ,<\/div>\n<div>For everything there is a season, and a time for every matter under heaven (Ecclesiastes 3:1), that\u2019s what we read in Ecclesiastes. We all had ideas and plans what this Sunday was going to look like. We anticipated a church filled with many people, we envisioned a procession with our bishop, wonderful music and song from our church choir, and of course meeting and greeting many, many people after the service. Now this church is empty and only a few people are here to record this video message.<\/div>\n<div><\/div>\n<div>A lot has happened since we announced that the farewell service will be cancelled. It was a week full of church life despite the closed and empty building. Dozens of phone calls have been made, mail packages were sent out with devotionals and instructions and ideas how to stay in touch. I got the feeling that we have talked to each other more than ever. Deep and meaningful conversations took place. People prayed for each other and asked for help or provided support. It was quieter somehow, there was uncertainty what is going to happen in the next couple of weeks. There was a lot of learning how to stay safe and how to keep each other safe by washing our hands regularly and keeping a safe distance. So, there was both, concern and the blessing of a time where we are close to each other despite the social distancing.<\/div>\n<div><\/div>\n<div>It&#8217;s is fascinating that this week\u2019s gospel from John 9 is about blindness and the ability to see. Because that\u2019s what we struggle with right now, with a virus we can\u2019t see yet one which spreads and is endangering people. We struggle with not being able to see each other since we need to keep a safe distance in order to prevent the virus from spreading.<\/div>\n<div><\/div>\n<div>In this gospel there is the promise of healing. The blind is healed by Jesus and he can see. When he returns to his community everybody is having a hard time with this new situation. They can hardly believe that this healing happened. They question if it\u2019s the same man who\u2019s been blind before. They question if this is real, although he assures them and says: Yes, it\u2019s me.<\/div>\n<div><\/div>\n<div>Jesus says at the end: \u201cI have come into this world so that those who do not see may see\u2026\u201d<br \/>\nI think that\u2019s what we need in these days. We need to see each other even though we can\u2019t see each other.<\/div>\n<div><\/div>\n<div>We need to see each other\u2019s needs.<br \/>\nWe need to see each other\u2019s need to be safe and protected.<br \/>\nWe need to see each other\u2019s need for encouragement and prayer and a phone call.<\/div>\n<div><\/div>\n<div>Social distancing doesn\u2019t mean that we are isolated. Not seeing each other doesn\u2019t mean that we can\u2019t take care of each other. Not celebrating Sunday worship in the way we usually do doesn\u2019t mean that we are not in communion in and through Christ.<\/div>\n<div><\/div>\n<div>[showing the ICNU sign]<\/div>\n<div><\/div>\n<div>Some of you know this sign. It reads I-C-N-U.<br \/>\nI showed you this sign before during one of my sermons. It means that we are called to tell each other which gifts and blessings we see in each other. We are called to tell each other \u201cI see in you\u2026\u201d, because sometimes we can\u2019t see it ourselves. And therefore, we sometimes do not recognize and acknowledge the many gifts we have. Practising ICNU means to discover the abundance of God\u2019s gifts and to discover how and in which ways we can serve in God\u2019s kingdom.<\/div>\n<div><\/div>\n<div>What I really love in this community, in this Martin Luther Church, is, that the ICNU thing has become a habit. Sometimes it\u2019s just a matter of perspective if something is seen as a problem or as an opportunity.<\/div>\n<div><\/div>\n<div>Believing that God in his abundant love can transform everyone and everything, this congregation always leans toward the opportunity, trying to discover where God sees the opportunity and where God wants us to take the opportunity for his kingdom\u2019s sake.<\/div>\n<div><\/div>\n<div>That\u2019s what I really enjoyed and still enjoy here at Martin Luther Church. That\u2019s why I think this congregation is such a blessing beyond its church walls. That\u2019s why I am confident that this Corona Crisis will be a challenge for all of us, but also an opportunity to do God\u2019s work.<\/div>\n<div><\/div>\n<div>It is sad that I can\u2019t worship with you in this sanctuary right now. I would love to shake your hands and to hug you and to tell you what a difference this congregation and the years in ministry with you have made in my life and in the life of our family. I would love to express my gratitude and I would love to say in person a heartfelt thanks to you.<\/div>\n<div><\/div>\n<div>God willing there will be a time for us to meet and to celebrate.<br \/>\nFor now, I encourage you to see the opportunities and the blessings God provides, to stay connected in prayer and mutual support.<br \/>\nI am grateful that our Vicars Silke Fahl and Adam McComb and Jordan Smith together with our church council we lead you in these challenging times. You all are a wonderful and generous community embodying God\u2019s love for the world.<\/div>\n<div><\/div>\n<div><strong>Blessing<\/strong><\/div>\n<div>The Lord bless you and keep you, The Lord&#8217;s face shine on you with grace and mercy.<br \/>\nThe Lord look upon you with favor and + give you peace.<\/div>\n<div>******************************************************************************************<\/div>\n<div>Unsere w\u00f6chentlichen Reflexionen werden auf unserer YouTube-Seite ver\u00f6ffentlicht: <a href=\"https:\/\/www.youtube.com\/channel\/UCzngK_Gp6u0gL_7sRu7bwlQ\" target=\"_blank\" rel=\"noopener noreferrer\">https:\/\/www.youtube.com\/channel\/UCzngK_Gp6u0gL_7sRu7bwlQ<\/a><\/div>\n","protected":false},"excerpt":{"rendered":"<p>Sonntag, den 22. M\u00e4rz 2020 Online-Gottesdienst YouTube-Video: [PDF] Pastor Dr. Christian Ceconi https:\/\/youtu.be\/tUZk89xbejw Auch wenn wir uns zur Zeit nicht in unserer Kirche versammeln k\u00f6nnen, k\u00f6nnen wir uns online versammeln, um Gottes Wort zu h\u00f6ren, gemeinsam zu beten und Andacht zu halten. Diese Woche h\u00e4lt Pastor Dr. Christian Ceconi seine Abschiedsrede, w\u00e4hrend er sich auf&hellip;<\/p>\n","protected":false},"author":9,"featured_media":33554,"comment_status":"closed","ping_status":"closed","sticky":false,"template":"","format":"standard","meta":{"footnotes":""},"categories":[69],"tags":[],"post_series":[],"class_list":["post-33558","post","type-post","status-publish","format-standard","has-post-thumbnail","hentry","category-news-blog-german","entry","has-media"],"yoast_head":"<!-- This site is optimized with the Yoast SEO plugin v27.5 - https:\/\/yoast.com\/product\/yoast-seo-wordpress\/ -->\n<title>Sonntag, den 22. M\u00e4rz 2020 Online-Gottesdienst YouTube-Video - Martin Luther Evangelische Kirche Toronto<\/title>\n<meta name=\"robots\" content=\"index, follow, max-snippet:-1, max-image-preview:large, max-video-preview:-1\" \/>\n<link rel=\"canonical\" href=\"https:\/\/martinluther.ca\/de\/2020\/03\/sonntag-den-22-maerz-2020-online-gottesdienst-youtube-video\/\" \/>\n<meta property=\"og:locale\" content=\"de_DE\" \/>\n<meta property=\"og:type\" content=\"article\" \/>\n<meta property=\"og:title\" content=\"Sonntag, den 22. M\u00e4rz 2020 Online-Gottesdienst YouTube-Video - Martin Luther Evangelische Kirche Toronto\" \/>\n<meta property=\"og:description\" content=\"Sonntag, den 22. M\u00e4rz 2020 Online-Gottesdienst YouTube-Video: [PDF] Pastor Dr. Christian Ceconi https:\/\/youtu.be\/tUZk89xbejw Auch wenn wir uns zur Zeit nicht in unserer Kirche versammeln k\u00f6nnen, k\u00f6nnen wir uns online versammeln, um Gottes Wort zu h\u00f6ren, gemeinsam zu beten und Andacht zu halten. Diese Woche h\u00e4lt Pastor Dr. Christian Ceconi seine Abschiedsrede, w\u00e4hrend er sich auf&hellip;\" \/>\n<meta property=\"og:url\" content=\"https:\/\/martinluther.ca\/de\/2020\/03\/sonntag-den-22-maerz-2020-online-gottesdienst-youtube-video\/\" \/>\n<meta property=\"og:site_name\" content=\"Martin Luther Evangelische Kirche Toronto\" \/>\n<meta property=\"article:publisher\" content=\"https:\/\/www.facebook.com\/martinlutherchurchtoronto\" \/>\n<meta property=\"article:published_time\" content=\"2020-03-22T01:12:38+00:00\" \/>\n<meta property=\"article:modified_time\" content=\"2020-04-28T00:43:46+00:00\" \/>\n<meta property=\"og:image\" content=\"https:\/\/martinluther.ca\/wp-content\/uploads\/2020\/03\/Online-Worship-YouTube-Video-SunMar22-2020-4x3-1.jpg\" \/>\n\t<meta property=\"og:image:width\" content=\"1438\" \/>\n\t<meta property=\"og:image:height\" content=\"1078\" \/>\n\t<meta property=\"og:image:type\" content=\"image\/jpeg\" \/>\n<meta name=\"author\" content=\"Mona Kakoschke Frantzke\" \/>\n<meta name=\"twitter:card\" content=\"summary_large_image\" \/>\n<meta name=\"twitter:label1\" content=\"Verfasst von\" \/>\n\t<meta name=\"twitter:data1\" content=\"Mona Kakoschke Frantzke\" \/>\n\t<meta name=\"twitter:label2\" content=\"Gesch\u00e4tzte Lesezeit\" \/>\n\t<meta name=\"twitter:data2\" content=\"5\u00a0Minuten\" \/>\n<script type=\"application\/ld+json\" class=\"yoast-schema-graph\">{\"@context\":\"https:\\\/\\\/schema.org\",\"@graph\":[{\"@type\":\"Article\",\"@id\":\"https:\\\/\\\/martinluther.ca\\\/de\\\/2020\\\/03\\\/sonntag-den-22-maerz-2020-online-gottesdienst-youtube-video\\\/#article\",\"isPartOf\":{\"@id\":\"https:\\\/\\\/martinluther.ca\\\/de\\\/2020\\\/03\\\/sonntag-den-22-maerz-2020-online-gottesdienst-youtube-video\\\/\"},\"author\":{\"name\":\"Mona Kakoschke Frantzke\",\"@id\":\"https:\\\/\\\/martinluther.ca\\\/de\\\/#\\\/schema\\\/person\\\/815c51710f70b050f0476f18da6b0c8f\"},\"headline\":\"Sonntag, den 22. M\u00e4rz 2020 Online-Gottesdienst YouTube-Video\",\"datePublished\":\"2020-03-22T01:12:38+00:00\",\"dateModified\":\"2020-04-28T00:43:46+00:00\",\"mainEntityOfPage\":{\"@id\":\"https:\\\/\\\/martinluther.ca\\\/de\\\/2020\\\/03\\\/sonntag-den-22-maerz-2020-online-gottesdienst-youtube-video\\\/\"},\"wordCount\":1094,\"publisher\":{\"@id\":\"https:\\\/\\\/martinluther.ca\\\/de\\\/#organization\"},\"image\":{\"@id\":\"https:\\\/\\\/martinluther.ca\\\/de\\\/2020\\\/03\\\/sonntag-den-22-maerz-2020-online-gottesdienst-youtube-video\\\/#primaryimage\"},\"thumbnailUrl\":\"https:\\\/\\\/martinluther.ca\\\/wp-content\\\/uploads\\\/2020\\\/03\\\/Online-Worship-YouTube-Video-SunMar22-2020-4x3-1.jpg\",\"articleSection\":[\"News Blog - German\"],\"inLanguage\":\"de\"},{\"@type\":\"WebPage\",\"@id\":\"https:\\\/\\\/martinluther.ca\\\/de\\\/2020\\\/03\\\/sonntag-den-22-maerz-2020-online-gottesdienst-youtube-video\\\/\",\"url\":\"https:\\\/\\\/martinluther.ca\\\/de\\\/2020\\\/03\\\/sonntag-den-22-maerz-2020-online-gottesdienst-youtube-video\\\/\",\"name\":\"Sonntag, den 22. M\u00e4rz 2020 Online-Gottesdienst YouTube-Video - Martin Luther Evangelische Kirche Toronto\",\"isPartOf\":{\"@id\":\"https:\\\/\\\/martinluther.ca\\\/de\\\/#website\"},\"primaryImageOfPage\":{\"@id\":\"https:\\\/\\\/martinluther.ca\\\/de\\\/2020\\\/03\\\/sonntag-den-22-maerz-2020-online-gottesdienst-youtube-video\\\/#primaryimage\"},\"image\":{\"@id\":\"https:\\\/\\\/martinluther.ca\\\/de\\\/2020\\\/03\\\/sonntag-den-22-maerz-2020-online-gottesdienst-youtube-video\\\/#primaryimage\"},\"thumbnailUrl\":\"https:\\\/\\\/martinluther.ca\\\/wp-content\\\/uploads\\\/2020\\\/03\\\/Online-Worship-YouTube-Video-SunMar22-2020-4x3-1.jpg\",\"datePublished\":\"2020-03-22T01:12:38+00:00\",\"dateModified\":\"2020-04-28T00:43:46+00:00\",\"breadcrumb\":{\"@id\":\"https:\\\/\\\/martinluther.ca\\\/de\\\/2020\\\/03\\\/sonntag-den-22-maerz-2020-online-gottesdienst-youtube-video\\\/#breadcrumb\"},\"inLanguage\":\"de\",\"potentialAction\":[{\"@type\":\"ReadAction\",\"target\":[\"https:\\\/\\\/martinluther.ca\\\/de\\\/2020\\\/03\\\/sonntag-den-22-maerz-2020-online-gottesdienst-youtube-video\\\/\"]}]},{\"@type\":\"ImageObject\",\"inLanguage\":\"de\",\"@id\":\"https:\\\/\\\/martinluther.ca\\\/de\\\/2020\\\/03\\\/sonntag-den-22-maerz-2020-online-gottesdienst-youtube-video\\\/#primaryimage\",\"url\":\"https:\\\/\\\/martinluther.ca\\\/wp-content\\\/uploads\\\/2020\\\/03\\\/Online-Worship-YouTube-Video-SunMar22-2020-4x3-1.jpg\",\"contentUrl\":\"https:\\\/\\\/martinluther.ca\\\/wp-content\\\/uploads\\\/2020\\\/03\\\/Online-Worship-YouTube-Video-SunMar22-2020-4x3-1.jpg\",\"width\":1438,\"height\":1078,\"caption\":\"Pastor Dr. Christian Ceconi, Sun March 22, 2020\"},{\"@type\":\"BreadcrumbList\",\"@id\":\"https:\\\/\\\/martinluther.ca\\\/de\\\/2020\\\/03\\\/sonntag-den-22-maerz-2020-online-gottesdienst-youtube-video\\\/#breadcrumb\",\"itemListElement\":[{\"@type\":\"ListItem\",\"position\":1,\"name\":\"Home\",\"item\":\"https:\\\/\\\/martinluther.ca\\\/de\\\/\"},{\"@type\":\"ListItem\",\"position\":2,\"name\":\"Sonntag, den 22. M\u00e4rz 2020 Online-Gottesdienst YouTube-Video\"}]},{\"@type\":\"WebSite\",\"@id\":\"https:\\\/\\\/martinluther.ca\\\/de\\\/#website\",\"url\":\"https:\\\/\\\/martinluther.ca\\\/de\\\/\",\"name\":\"Martin Luther Evangelical Church Toronto\",\"description\":\"Deutsch &amp; Englisch\",\"publisher\":{\"@id\":\"https:\\\/\\\/martinluther.ca\\\/de\\\/#organization\"},\"potentialAction\":[{\"@type\":\"SearchAction\",\"target\":{\"@type\":\"EntryPoint\",\"urlTemplate\":\"https:\\\/\\\/martinluther.ca\\\/de\\\/?s={search_term_string}\"},\"query-input\":{\"@type\":\"PropertyValueSpecification\",\"valueRequired\":true,\"valueName\":\"search_term_string\"}}],\"inLanguage\":\"de\"},{\"@type\":\"Organization\",\"@id\":\"https:\\\/\\\/martinluther.ca\\\/de\\\/#organization\",\"name\":\"Martin Luther Evangelical Church Toronto\",\"url\":\"https:\\\/\\\/martinluther.ca\\\/de\\\/\",\"logo\":{\"@type\":\"ImageObject\",\"inLanguage\":\"de\",\"@id\":\"https:\\\/\\\/martinluther.ca\\\/de\\\/#\\\/schema\\\/logo\\\/image\\\/\",\"url\":\"https:\\\/\\\/martinluther.ca\\\/wp-content\\\/uploads\\\/2016\\\/12\\\/ml-logo-300.png\",\"contentUrl\":\"https:\\\/\\\/martinluther.ca\\\/wp-content\\\/uploads\\\/2016\\\/12\\\/ml-logo-300.png\",\"width\":300,\"height\":150,\"caption\":\"Martin Luther Evangelical Church Toronto\"},\"image\":{\"@id\":\"https:\\\/\\\/martinluther.ca\\\/de\\\/#\\\/schema\\\/logo\\\/image\\\/\"},\"sameAs\":[\"https:\\\/\\\/www.facebook.com\\\/martinlutherchurchtoronto\",\"https:\\\/\\\/www.instagram.com\\\/lutheransbythelake\\\/\",\"https:\\\/\\\/www.youtube.com\\\/MartinLutherChurchToronto\"]},{\"@type\":\"Person\",\"@id\":\"https:\\\/\\\/martinluther.ca\\\/de\\\/#\\\/schema\\\/person\\\/815c51710f70b050f0476f18da6b0c8f\",\"name\":\"Mona Kakoschke Frantzke\",\"image\":{\"@type\":\"ImageObject\",\"inLanguage\":\"de\",\"@id\":\"https:\\\/\\\/secure.gravatar.com\\\/avatar\\\/0deb16854ca545cd2e9fc8001ca110d262b80d5c8317b38dc542265fbea0ed19?s=96&d=mm&r=g\",\"url\":\"https:\\\/\\\/secure.gravatar.com\\\/avatar\\\/0deb16854ca545cd2e9fc8001ca110d262b80d5c8317b38dc542265fbea0ed19?s=96&d=mm&r=g\",\"contentUrl\":\"https:\\\/\\\/secure.gravatar.com\\\/avatar\\\/0deb16854ca545cd2e9fc8001ca110d262b80d5c8317b38dc542265fbea0ed19?s=96&d=mm&r=g\",\"caption\":\"Mona Kakoschke Frantzke\"},\"url\":false}]}<\/script>\n<!-- \/ Yoast SEO plugin. -->","yoast_head_json":{"title":"Sonntag, den 22. M\u00e4rz 2020 Online-Gottesdienst YouTube-Video - Martin Luther Evangelische Kirche Toronto","robots":{"index":"index","follow":"follow","max-snippet":"max-snippet:-1","max-image-preview":"max-image-preview:large","max-video-preview":"max-video-preview:-1"},"canonical":"https:\/\/martinluther.ca\/de\/2020\/03\/sonntag-den-22-maerz-2020-online-gottesdienst-youtube-video\/","og_locale":"de_DE","og_type":"article","og_title":"Sonntag, den 22. M\u00e4rz 2020 Online-Gottesdienst YouTube-Video - Martin Luther Evangelische Kirche Toronto","og_description":"Sonntag, den 22. M\u00e4rz 2020 Online-Gottesdienst YouTube-Video: [PDF] Pastor Dr. Christian Ceconi https:\/\/youtu.be\/tUZk89xbejw Auch wenn wir uns zur Zeit nicht in unserer Kirche versammeln k\u00f6nnen, k\u00f6nnen wir uns online versammeln, um Gottes Wort zu h\u00f6ren, gemeinsam zu beten und Andacht zu halten. Diese Woche h\u00e4lt Pastor Dr. Christian Ceconi seine Abschiedsrede, w\u00e4hrend er sich auf&hellip;","og_url":"https:\/\/martinluther.ca\/de\/2020\/03\/sonntag-den-22-maerz-2020-online-gottesdienst-youtube-video\/","og_site_name":"Martin Luther Evangelische Kirche Toronto","article_publisher":"https:\/\/www.facebook.com\/martinlutherchurchtoronto","article_published_time":"2020-03-22T01:12:38+00:00","article_modified_time":"2020-04-28T00:43:46+00:00","og_image":[{"width":1438,"height":1078,"url":"https:\/\/martinluther.ca\/wp-content\/uploads\/2020\/03\/Online-Worship-YouTube-Video-SunMar22-2020-4x3-1.jpg","type":"image\/jpeg"}],"author":"Mona Kakoschke Frantzke","twitter_card":"summary_large_image","twitter_misc":{"Verfasst von":"Mona Kakoschke Frantzke","Gesch\u00e4tzte Lesezeit":"5\u00a0Minuten"},"schema":{"@context":"https:\/\/schema.org","@graph":[{"@type":"Article","@id":"https:\/\/martinluther.ca\/de\/2020\/03\/sonntag-den-22-maerz-2020-online-gottesdienst-youtube-video\/#article","isPartOf":{"@id":"https:\/\/martinluther.ca\/de\/2020\/03\/sonntag-den-22-maerz-2020-online-gottesdienst-youtube-video\/"},"author":{"name":"Mona Kakoschke Frantzke","@id":"https:\/\/martinluther.ca\/de\/#\/schema\/person\/815c51710f70b050f0476f18da6b0c8f"},"headline":"Sonntag, den 22. M\u00e4rz 2020 Online-Gottesdienst YouTube-Video","datePublished":"2020-03-22T01:12:38+00:00","dateModified":"2020-04-28T00:43:46+00:00","mainEntityOfPage":{"@id":"https:\/\/martinluther.ca\/de\/2020\/03\/sonntag-den-22-maerz-2020-online-gottesdienst-youtube-video\/"},"wordCount":1094,"publisher":{"@id":"https:\/\/martinluther.ca\/de\/#organization"},"image":{"@id":"https:\/\/martinluther.ca\/de\/2020\/03\/sonntag-den-22-maerz-2020-online-gottesdienst-youtube-video\/#primaryimage"},"thumbnailUrl":"https:\/\/martinluther.ca\/wp-content\/uploads\/2020\/03\/Online-Worship-YouTube-Video-SunMar22-2020-4x3-1.jpg","articleSection":["News Blog - German"],"inLanguage":"de"},{"@type":"WebPage","@id":"https:\/\/martinluther.ca\/de\/2020\/03\/sonntag-den-22-maerz-2020-online-gottesdienst-youtube-video\/","url":"https:\/\/martinluther.ca\/de\/2020\/03\/sonntag-den-22-maerz-2020-online-gottesdienst-youtube-video\/","name":"Sonntag, den 22. M\u00e4rz 2020 Online-Gottesdienst YouTube-Video - Martin Luther Evangelische Kirche Toronto","isPartOf":{"@id":"https:\/\/martinluther.ca\/de\/#website"},"primaryImageOfPage":{"@id":"https:\/\/martinluther.ca\/de\/2020\/03\/sonntag-den-22-maerz-2020-online-gottesdienst-youtube-video\/#primaryimage"},"image":{"@id":"https:\/\/martinluther.ca\/de\/2020\/03\/sonntag-den-22-maerz-2020-online-gottesdienst-youtube-video\/#primaryimage"},"thumbnailUrl":"https:\/\/martinluther.ca\/wp-content\/uploads\/2020\/03\/Online-Worship-YouTube-Video-SunMar22-2020-4x3-1.jpg","datePublished":"2020-03-22T01:12:38+00:00","dateModified":"2020-04-28T00:43:46+00:00","breadcrumb":{"@id":"https:\/\/martinluther.ca\/de\/2020\/03\/sonntag-den-22-maerz-2020-online-gottesdienst-youtube-video\/#breadcrumb"},"inLanguage":"de","potentialAction":[{"@type":"ReadAction","target":["https:\/\/martinluther.ca\/de\/2020\/03\/sonntag-den-22-maerz-2020-online-gottesdienst-youtube-video\/"]}]},{"@type":"ImageObject","inLanguage":"de","@id":"https:\/\/martinluther.ca\/de\/2020\/03\/sonntag-den-22-maerz-2020-online-gottesdienst-youtube-video\/#primaryimage","url":"https:\/\/martinluther.ca\/wp-content\/uploads\/2020\/03\/Online-Worship-YouTube-Video-SunMar22-2020-4x3-1.jpg","contentUrl":"https:\/\/martinluther.ca\/wp-content\/uploads\/2020\/03\/Online-Worship-YouTube-Video-SunMar22-2020-4x3-1.jpg","width":1438,"height":1078,"caption":"Pastor Dr. Christian Ceconi, Sun March 22, 2020"},{"@type":"BreadcrumbList","@id":"https:\/\/martinluther.ca\/de\/2020\/03\/sonntag-den-22-maerz-2020-online-gottesdienst-youtube-video\/#breadcrumb","itemListElement":[{"@type":"ListItem","position":1,"name":"Home","item":"https:\/\/martinluther.ca\/de\/"},{"@type":"ListItem","position":2,"name":"Sonntag, den 22. M\u00e4rz 2020 Online-Gottesdienst YouTube-Video"}]},{"@type":"WebSite","@id":"https:\/\/martinluther.ca\/de\/#website","url":"https:\/\/martinluther.ca\/de\/","name":"Martin Luther Evangelical Church Toronto","description":"Deutsch &amp; Englisch","publisher":{"@id":"https:\/\/martinluther.ca\/de\/#organization"},"potentialAction":[{"@type":"SearchAction","target":{"@type":"EntryPoint","urlTemplate":"https:\/\/martinluther.ca\/de\/?s={search_term_string}"},"query-input":{"@type":"PropertyValueSpecification","valueRequired":true,"valueName":"search_term_string"}}],"inLanguage":"de"},{"@type":"Organization","@id":"https:\/\/martinluther.ca\/de\/#organization","name":"Martin Luther Evangelical Church Toronto","url":"https:\/\/martinluther.ca\/de\/","logo":{"@type":"ImageObject","inLanguage":"de","@id":"https:\/\/martinluther.ca\/de\/#\/schema\/logo\/image\/","url":"https:\/\/martinluther.ca\/wp-content\/uploads\/2016\/12\/ml-logo-300.png","contentUrl":"https:\/\/martinluther.ca\/wp-content\/uploads\/2016\/12\/ml-logo-300.png","width":300,"height":150,"caption":"Martin Luther Evangelical Church Toronto"},"image":{"@id":"https:\/\/martinluther.ca\/de\/#\/schema\/logo\/image\/"},"sameAs":["https:\/\/www.facebook.com\/martinlutherchurchtoronto","https:\/\/www.instagram.com\/lutheransbythelake\/","https:\/\/www.youtube.com\/MartinLutherChurchToronto"]},{"@type":"Person","@id":"https:\/\/martinluther.ca\/de\/#\/schema\/person\/815c51710f70b050f0476f18da6b0c8f","name":"Mona Kakoschke Frantzke","image":{"@type":"ImageObject","inLanguage":"de","@id":"https:\/\/secure.gravatar.com\/avatar\/0deb16854ca545cd2e9fc8001ca110d262b80d5c8317b38dc542265fbea0ed19?s=96&d=mm&r=g","url":"https:\/\/secure.gravatar.com\/avatar\/0deb16854ca545cd2e9fc8001ca110d262b80d5c8317b38dc542265fbea0ed19?s=96&d=mm&r=g","contentUrl":"https:\/\/secure.gravatar.com\/avatar\/0deb16854ca545cd2e9fc8001ca110d262b80d5c8317b38dc542265fbea0ed19?s=96&d=mm&r=g","caption":"Mona Kakoschke Frantzke"},"url":false}]}},"_links":{"self":[{"href":"https:\/\/martinluther.ca\/de\/wp-json\/wp\/v2\/posts\/33558","targetHints":{"allow":["GET"]}}],"collection":[{"href":"https:\/\/martinluther.ca\/de\/wp-json\/wp\/v2\/posts"}],"about":[{"href":"https:\/\/martinluther.ca\/de\/wp-json\/wp\/v2\/types\/post"}],"author":[{"embeddable":true,"href":"https:\/\/martinluther.ca\/de\/wp-json\/wp\/v2\/users\/9"}],"replies":[{"embeddable":true,"href":"https:\/\/martinluther.ca\/de\/wp-json\/wp\/v2\/comments?post=33558"}],"version-history":[{"count":9,"href":"https:\/\/martinluther.ca\/de\/wp-json\/wp\/v2\/posts\/33558\/revisions"}],"predecessor-version":[{"id":34439,"href":"https:\/\/martinluther.ca\/de\/wp-json\/wp\/v2\/posts\/33558\/revisions\/34439"}],"wp:featuredmedia":[{"embeddable":true,"href":"https:\/\/martinluther.ca\/de\/wp-json\/wp\/v2\/media\/33554"}],"wp:attachment":[{"href":"https:\/\/martinluther.ca\/de\/wp-json\/wp\/v2\/media?parent=33558"}],"wp:term":[{"taxonomy":"category","embeddable":true,"href":"https:\/\/martinluther.ca\/de\/wp-json\/wp\/v2\/categories?post=33558"},{"taxonomy":"post_tag","embeddable":true,"href":"https:\/\/martinluther.ca\/de\/wp-json\/wp\/v2\/tags?post=33558"},{"taxonomy":"post_series","embeddable":true,"href":"https:\/\/martinluther.ca\/de\/wp-json\/wp\/v2\/post_series?post=33558"}],"curies":[{"name":"wp","href":"https:\/\/api.w.org\/{rel}","templated":true}]}}