{"id":33588,"date":"2021-01-14T14:13:59","date_gmt":"2021-01-14T19:13:59","guid":{"rendered":"https:\/\/martinluther.ca\/?p=33588"},"modified":"2021-01-19T12:05:16","modified_gmt":"2021-01-19T17:05:16","slug":"was-unsere-kirche-waehrend-covid-19-macht","status":"publish","type":"post","link":"https:\/\/martinluther.ca\/de\/2021\/01\/was-unsere-kirche-waehrend-covid-19-macht\/","title":{"rendered":"Bekanntmachungen w\u00e4hrend COVID-19"},"content":{"rendered":"<figure id=\"attachment_36123\" aria-describedby=\"caption-attachment-36123\" style=\"width: 260px\" class=\"wp-caption alignright\"><img loading=\"lazy\" decoding=\"async\" class=\"size-medium wp-image-36123\" src=\"https:\/\/martinluther.ca\/wp-content\/uploads\/2020\/09\/2020-MLC-Statue-with-logo-mask-260x300.jpg\" alt=\"Martin Luther Statue with logo mask\" width=\"260\" height=\"300\" srcset=\"https:\/\/martinluther.ca\/wp-content\/uploads\/2020\/09\/2020-MLC-Statue-with-logo-mask-260x300.jpg 260w, https:\/\/martinluther.ca\/wp-content\/uploads\/2020\/09\/2020-MLC-Statue-with-logo-mask-889x1024.jpg 889w, https:\/\/martinluther.ca\/wp-content\/uploads\/2020\/09\/2020-MLC-Statue-with-logo-mask-768x885.jpg 768w, https:\/\/martinluther.ca\/wp-content\/uploads\/2020\/09\/2020-MLC-Statue-with-logo-mask.jpg 1080w\" sizes=\"auto, (max-width: 260px) 100vw, 260px\" \/><figcaption id=\"caption-attachment-36123\" class=\"wp-caption-text\">Martin Luther Statue with logo mask<\/figcaption><\/figure>\n<p><strong>Neues vom 13. Januar 2021:<\/strong><\/p>\n<p>W\u00e4hrend der w\u00f6chentlichen Zoom-Kaffeestunde gab es ein gro\u00dfartiges Gespr\u00e4ch dar\u00fcber, wie unsere Kirche weiterhin ein Lichtblick in diesen Zeiten sein kann. in diesen Zeiten eine christliche Antwort auf unsere Zeit darstellgeben kann. Die anwesenden Mitglieder unserer Gemeinde, die des Vorstands und der Nachbarschaft meinen, wie Sie wahrscheinlich auch, dass wir mit gutem Beispiel vorangehen k\u00f6nnten und sollten. Als Martin-Luther-Kirche haben wir die seltene Gelegenheit, lebenswichtige Dienstleistungen und geistliche St\u00e4rkung anzubieten, die liebevoll, inklusiv und gesund sind, und dieses in einer Weise, die der Nachfolge Christi entspricht. Sie fragen sich vielleicht, was das genau hei\u00dft. Gute Frage! Das Gottesdienst-Team hat diese Gelegenheit genutzt, sich auszudenken, wie es weiterhin geistliche Ressourcen auf diesem neuen Weg anbieten kann. Und au\u00dferdem fragen Sie sich vielleicht, was das f\u00fcr eine Kirche ist, deren Pastoren sagen, dass es christlich sei, jetzt nicht zur Kirche zu gehen. Unsere Antwort ist: \u201cBesuchen Sie uns. Kommenden Sonntag, den 17. Januar, legen wir mutig los auf dieser beabsichtigten Umleitung. Wir glauben, dass es Ihnen sehr gefallen wird.\u201d<\/p>\n<p><strong>Laufende Informationen:<\/strong><\/p>\n<ul>\n<li><a href=\"https:\/\/martinluther.ca\/de\/2020\/12\/begruessung-von-pastor-dr-gerhard-hille\/\">Pastor Dr. Gerhard Hille<\/a> ist bis Sommer 2021 als Interimspastor der EKD in der Martin-Luther-Kirche t\u00e4tig. Er ist \u00fcber das \u00fcbliche Cellphone, 416-567-2487 und <a href=\"mailto:pastor@martinluther.ca\">pastor@martinluther.ca<\/a> erreichbar<\/li>\n<li><a href=\"https:\/\/martinluther.ca\/de\/2021\/01\/masks-for-good\/\">Mundschutzprojekt<\/a>&#8211; Masks for Good<\/li>\n<li><a href=\"https:\/\/martinluther.ca\/de\/2020\/12\/aufruf-an-alle-kreativen\/\">Winter- oder Fr\u00fchlingsbasar<\/a>&#8211; Bitte lassen Sie uns sofort wissen, wenn Sie mitmachen m\u00f6chten.<\/li>\n<li><a href=\"https:\/\/martinluther.ca\/de\/2020\/07\/nur-einschreiben-dann-geht-es-los-mit-dem-gemuesepflanzen-u-teilen\/\">Give Peas a Chance<\/a><\/li>\n<li><a href=\"https:\/\/martinluther.ca\/de\/dinner-church-by-the-lake\/\">Dinner Church Online<\/a> macht eine Winterpause; Wiederbeginn am 24. M\u00e4rz<\/li>\n<li><a href=\"https:\/\/martinluther.ca\/de\/gottesdienste\/kindergottesdienst\/\">Kindergottesdienst<\/a> (April-Juni 2020)<\/li>\n<li>Refugee Support<\/li>\n<li>Wenn Sie uns bei unserem vielf\u00e4ltigen Programmangebot finanziell unterst\u00fctzen wollen, sind wir Ihnen f\u00fcr Ihre Direkteinzahlungen (PAR), Schecks an das Kirchenb\u00fcro oder jegliche Art der auf unserer Webseite angegebenen Zahlungsm\u00f6glichkeiten dankbar.<\/li>\n<\/ul>\n<p><strong>W\u00f6chentlich<\/strong><\/p>\n<ul>\n<li>Online-Gottesdienste Sonntags um 11.00 Uhr auf unsere <a href=\"https:\/\/martinluther.ca\/de\/videoandacht\/\" target=\"_blank\" rel=\"noopener\">Online-Gottesdienste<\/a>-Seite und auf unserem <a href=\"https:\/\/www.youtube.com\/channel\/UCzngK_Gp6u0gL_7sRu7bwlQ\" target=\"_blank\" rel=\"noopener noreferrer\">YouTube-Kanal<\/a><\/li>\n<li>Deutsche <a href=\"https:\/\/martinluther.ca\/de\/gottesdienste\/radiosendung\/\">Radioandacht<\/a> Sonntags um 9.30 Uhr live auf CHLO Radio AM 630 und unsere Webseite<\/li>\n<li><a href=\"https:\/\/martinluther.ca\/de\/2020\/11\/sonntags-zoom-kirchencafe-jeweils-nach-dem-gottesdienst\/\">Sonntags-Zoom-Kirchencafe<\/a> jeweils nach dem Gottesdienst ab ca. 11.30 Uhr.<\/li>\n<li><a href=\"https:\/\/martinluther.ca\/de\/2021\/01\/suppe-und-segen\/\" target=\"_blank\" rel=\"noopener\"><strong>Bowls and Blessings<\/strong><\/a>&#8211; Warme, hausgemachte Suppe zum Mitnehmen montags und donnerstags von 12 bis ungef\u00e4hr 13 Uhr. Wenn Sie Zeit haben, wenden Sie sich bitte an Pr\u00e4sidentin des Kirchenvorstands Iris Schweiger, <a href=\"mailto:president@martinluther.ca\">president@martinluther.ca\u00a0<\/a><\/li>\n<li>E-Mails- Wir bitten Sie, sich zu registrieren<\/li>\n<\/ul>\n<p>Sie k\u00f6nnen sich f\u00fcr Online-Meetings auf Eventbrite unter <a href=\"http:\/\/www.tiny.cc\/MartinLutherRegister\" target=\"_blank\" rel=\"noopener noreferrer\">www.tiny.cc\/MartinLutherRegister<\/a> anmelden.<br \/>\nSobald Sie sich eingetragen haben, erhalten Sie per E-Mail einen Zoom-Link.<\/p>\n<p><strong>Jede paar Wochen<\/strong><\/p>\n<ul>\n<li><a href=\"https:\/\/martinluther.ca\/de\/2020\/08\/gott-antwortet-auf-gebete\/\">Virtueller Gebetskreis<\/a>, jeden zweiten Mittwoch 18.30 Uhr, von Solveig Christina Voss geleitet<\/li>\n<li>Schriftliche Fassung der Sonntagsandachten und Neuigkeiten f\u00fcr Mitglieder ohne Internet<\/li>\n<li><a href=\"https:\/\/martinluther.ca\/de\/2020\/04\/haben-sie-einen-anruf-von-unserem-corona-care-team-bekommen\/\">Corona-F\u00fcrsorge-Anruf<\/a>&#8211; Freiwillige rufen Sie weiterhin mit weiteren Informationen an und verstehen Ihre Bed\u00fcrfnisse. Bitte teilen Sie uns Ihren Notfallkontakt mit. Bitte teilen Sie diese Informationen auch mit dieser Person, um sicherzustellen, dass wir Ihnen helfen k\u00f6nnen.<\/li>\n<\/ul>\n<p>Wir brauchen Dich\/Sie. Wir haben viele Programme die erweiterungsw\u00fcrdig sind. Daf\u00fcr brauchen wir motivierte <strong>Freiwillige:<\/strong><\/p>\n<ul>\n<li>Webseitenteam &amp; Soziale Medien<\/li>\n<li>Tech-Team Crewmitglieder f\u00fcr Gottesdienste online<\/li>\n<li>Kindergottesidenst<\/li>\n<li>Dinner Church<br \/>\n<hr \/>\n<\/li>\n<\/ul>\n<p><a href=\"https:\/\/martinluther.ca\/de\/2020\/12\/gottesdienste-fuer-weihnachten-2020-online\/\"><strong>Online-Gottesdienste f\u00fcr Weihnachten 2020\u00a0<\/strong><\/a><\/p>\n<p><a href=\"https:\/\/martinluther.ca\/de\/2020\/12\/wir-blicken-zurueck-und-streben-die-gelbe-phase-an\/\"><strong>Neues \u00fcber Online-Gottesdienste vo<\/strong><\/a><a href=\"https:\/\/martinluther.ca\/de\/2020\/12\/wir-blicken-zurueck-und-streben-die-gelbe-phase-an\/\"><strong>m Herbst 2020<\/strong><\/a><\/p>\n<p><strong>Neues vom 24. September 2020:<\/strong><\/p>\n<p>Am Dienstag den 22. September traf sich der Kirchenvorstand. Am Mittwoch den 23. September kam das Round Table Treffen der Gruppenleiter und Corona Care Anrufer zustande und hier sind die Ergebnisse zum weitererz\u00e4hlen.<\/p>\n<ul>\n<li><strong>Gottesdienste im Kirchengeb\u00e4ude<\/strong> werden im Oktober fortgesetzt<\/li>\n<\/ul>\n<p><strong><em>GEDICHT ZUR WIEDERER\u00d6FFNUNG:<\/em><\/strong><\/p>\n<p><em>Du m\u00f6chtest sitzten wo du immer sa\u00dft<\/em><br \/>\n<em>Du m\u00f6chtest Kaffee wie es fr\u00fcher war<\/em><br \/>\n<em>Du m\u00f6chtest singen bis sich die Balken biegen<\/em><br \/>\n<em>Du m\u00f6chtest gerne einen Dr\u00fccker kriegen<\/em><br \/>\n<em>All das darf die Kirche dir gerade nicht geben<\/em><br \/>\n<em>Du musst ne Maske tragen um zu \u00fcberleben<\/em><br \/>\n<em>Bitte beachte jede auch noch so dumme Regel<\/em><br \/>\n<em>Sonst bist du ein richtiger Flegel<\/em><br \/>\n<em>Der die Sicherheit der anderen gef\u00e4hrdet<\/em><br \/>\n<em>Nur um selber gl\u00fccklich zu werden<\/em><br \/>\n<em>Wenn Covid dann erst in unseren B\u00e4nken sitzt<\/em><br \/>\n<em>Dann ist es ganz bestimmt kein Witz<\/em><br \/>\n<em>Die Regierung macht uns die Kirche wieder zu<\/em><br \/>\n<em>Dann haben wir nichts gewonnen, weder ich noch du.<\/em><\/p>\n<p><em>&#8211; September 22, 2020 Iris Schweiger<\/em><\/p>\n<figure id=\"attachment_30450\" aria-describedby=\"caption-attachment-30450\" style=\"width: 300px\" class=\"wp-caption alignright\"><a href=\"https:\/\/martinluther.ca\/wp-content\/uploads\/2016\/09\/2014-MLC-Thanksgiving-3.jpg\"><img loading=\"lazy\" decoding=\"async\" class=\"size-medium wp-image-30450\" src=\"https:\/\/martinluther.ca\/wp-content\/uploads\/2016\/09\/2014-MLC-Thanksgiving-3-300x225.jpg\" alt=\"\" width=\"300\" height=\"225\" srcset=\"https:\/\/martinluther.ca\/wp-content\/uploads\/2016\/09\/2014-MLC-Thanksgiving-3-300x225.jpg 300w, https:\/\/martinluther.ca\/wp-content\/uploads\/2016\/09\/2014-MLC-Thanksgiving-3.jpg 640w\" sizes=\"auto, (max-width: 300px) 100vw, 300px\" \/><\/a><figcaption id=\"caption-attachment-30450\" class=\"wp-caption-text\">Erntedankfest Decoration<\/figcaption><\/figure>\n<ul>\n<li><strong>Erntedank<\/strong> ist flott im Anmarsch. Annette R. wird den Altar dekorieren. Wir ben\u00f6tigen nicht-verderbliche Lebensmittel oder Geldspenden um Essen f\u00fcr Hungrige zu geben. Unsere Mitarbeiter werden dann den besten Weg der Anwendung w\u00e4hrend COVID finden.\n<ul>\n<li>WMUC Food Bank<\/li>\n<li>Loaves and Fishes<\/li>\n<li>Offene Speisekammer<\/li>\n<\/ul>\n<\/li>\n<li>Zur Vertiefung des Glaubens bieten wir an. Ben\u00f6tigt werden nu rein Telefon oder Komputer und Zeit zum Lernen.\n<ul>\n<li>Virtuelle Gebetsgruppe<\/li>\n<li>Bible Stunde<\/li>\n<li>Kaffeezeit<\/li>\n<\/ul>\n<\/li>\n<li>Wir haben viele positive R\u00fcckmeldungen f\u00fcr unser w\u00f6chentliche E-Mail-Updates und unsere zweimonatliche Briefpost bekommen, um Sie auf dem Laufenden zu halten. Wir werden dies vorerst auch weiterhin tun. Zus\u00e4tzliche Newsletter werden nicht erstellt, da wir mit COVID nicht weit in die Zukunft planen k\u00f6nnen.<\/li>\n<\/ul>\n<ul>\n<li><strong>Resignationen unserer Freiwilige<\/strong>\n<figure id=\"attachment_35066\" aria-describedby=\"caption-attachment-35066\" style=\"width: 300px\" class=\"wp-caption alignright\"><a href=\"https:\/\/martinluther.ca\/wp-content\/uploads\/2020\/06\/2020-Jocelyn-Sommerfeld-for-website-sqlite.jpg\"><img loading=\"lazy\" decoding=\"async\" class=\"size-medium wp-image-35066\" src=\"https:\/\/martinluther.ca\/wp-content\/uploads\/2020\/06\/2020-Jocelyn-Sommerfeld-for-website-sqlite-300x300.jpg\" alt=\"2020 Jocelyn Sommerfeld - for website \" width=\"300\" height=\"300\" srcset=\"https:\/\/martinluther.ca\/wp-content\/uploads\/2020\/06\/2020-Jocelyn-Sommerfeld-for-website-sqlite-300x300.jpg 300w, https:\/\/martinluther.ca\/wp-content\/uploads\/2020\/06\/2020-Jocelyn-Sommerfeld-for-website-sqlite-150x150.jpg 150w, https:\/\/martinluther.ca\/wp-content\/uploads\/2020\/06\/2020-Jocelyn-Sommerfeld-for-website-sqlite.jpg 398w\" sizes=\"auto, (max-width: 300px) 100vw, 300px\" \/><\/a><figcaption id=\"caption-attachment-35066\" class=\"wp-caption-text\">2020 Jocelyn Sommerfeld<\/figcaption><\/figure>\n<p>Liebe Gemeinde,<br \/>\nam 1. September bin ich von meinen Aufgaben als Vizepr\u00e4sidentin des Kirchenvorstands zur\u00fcckgetreten, um mich meinem Studium an der Universit\u00e4t Trent mit dem Ziel eines Masters in Psychologie zu widmen. Es hat mir in den vergangenen drei Jahren gro\u00dfe Freude bereitet, bei vielerlei Initiativen, vom Kindergottesdienst bis zur Dinner Church, mitzumachen, sowie an inspirierenden Freizeiten teilzunehmen und mit ganz wunderbaren Menschen zusammenzuarbeiten. Ich bin f\u00fcr diese Erfahrungen sehr dankbar und freue mich nun auf neue akademische Erlebnisse. In der Zwischenzeit hoffe ich, Ihnen w\u00e4hrend der virtuellen Kaffeestunde zu begegnen oder Sie vielleicht bei dem einen oder anderen Gottesdienst zu begr\u00fc\u00dfen.<br \/>\nMit den allerbesten W\u00fcnschen<br \/>\nIhre Jocelyn Sommerfeld<\/p>\n<p>Es war mir eine gro\u00dfe Freude, mit Jocelyn das Amt der Vizepr\u00e4sidentin zu teilen. Ich m\u00f6chte die Gelegenheit nutzen und Dir, Jocelyn, f\u00fcr Deinen gro\u00dfartigen Einsatz im Vorstand danken, f\u00fcr Deine Mitarbeit in vielen Gruppen als wichtiges Mitglied der Planungsteams und als Leiterin der Treffen am Runden Tisch , wo Du Deine F\u00e4higkeiten und Talente mit uns geteilt hast!<br \/>\nIch freue mich darauf, Dich bald wiederzusehen, und w\u00fcnsche Dir Gottes Segen bei Deinem Studium und allen neuen Abenteuern.<br \/>\nAndrea, Vizepr\u00e4sidentin<\/p>\n<figure id=\"attachment_36138\" aria-describedby=\"caption-attachment-36138\" style=\"width: 200px\" class=\"wp-caption alignright\"><a href=\"https:\/\/martinluther.ca\/wp-content\/uploads\/2020\/09\/Mills_Patricia.jpg\"><img loading=\"lazy\" decoding=\"async\" class=\"size-medium wp-image-36138\" src=\"https:\/\/martinluther.ca\/wp-content\/uploads\/2020\/09\/Mills_Patricia-200x300.jpg\" alt=\"\" width=\"200\" height=\"300\" srcset=\"https:\/\/martinluther.ca\/wp-content\/uploads\/2020\/09\/Mills_Patricia-200x300.jpg 200w, https:\/\/martinluther.ca\/wp-content\/uploads\/2020\/09\/Mills_Patricia.jpg 648w\" sizes=\"auto, (max-width: 200px) 100vw, 200px\" \/><\/a><figcaption id=\"caption-attachment-36138\" class=\"wp-caption-text\">Patricia Mills<\/figcaption><\/figure>\n<p>Unser Dank gilt auch Patricia Mills, die mit ihrer Arbeit in der Altargilde aufgeh\u00f6rt hat. Wir sind ihr dankbar f\u00fcr die Zeit, in der sie zusammen mit Annette Rowles die Altargilde gef\u00fchrt hat.<br \/>\nWir hoffen, dass wir noch dieses Jahr Jocelyn und Patricia offiziell als Ehrenamtliche aus ihren Aufgaben entlassen k\u00f6nnen.<\/li>\n<li>Die geplante Kirchenvorstehertagung mit den f\u00fcnf Toronto Area Kirchenr\u00e4ten wurde bis Herbst 2021 verschoben. Der Martin Luther Kirchenvorstand trifft sich on-line zur \u00dcberarbeitung und Beratung alter und neuer Ziele.<\/li>\n<li>Wir sind Traurig mitteilen zu m\u00fcssen, dass OKR Claudia Ostarek die EKD am Ende des Jahres verlassen wird. Eine Besprechung mit ihr ist f\u00fcr Mitte Oktober angesetzt, damit alle Weichen zur erfolgreichen Pastorensuche gestellt werden.<\/li>\n<\/ul>\n<hr \/>\n<p><strong>Neues August-September 2020:<\/strong><\/p>\n<ul>\n<li>Gottesdienste finden am 13. September-4. Oktober wieder<a href=\"https:\/\/martinluther.ca\/de\/2020\/12\/wir-blicken-zurueck-und-streben-die-gelbe-phase-an\/\"> in der Kirche statt<\/a> und weiterhin online. Bitte informieren Sie sich gr\u00fcndlich.<\/li>\n<li>Wir brauchen weitere freiwillige Mitarbeiter im Eingangsbereich und f\u00fcr die Technik. Geben Sie Bescheid im Gemeindeb\u00fcro und tragen Sie sich f\u00fcr einen, zwei oder alle Sonntage als Freiwillige\/r ein. Dann, wenn Sie sich f\u00fcr ein Gottesdienst anmelden, einfach erw\u00e4hnen\/klicken dass Sie bei diesem Gottesdienst auch helfen k\u00f6nnen.<\/li>\n<li><a href=\"https:\/\/martinluther.ca\/de\/2020\/08\/oktober-neuer-konfirmandenkurs-beginnt-und-konfirmationsgottesdienst-fuer-die-2019-2020-konfirmanden-findet-statt\/\">Konfirmationsunterricht<\/a> beginnt im Herbst mit einer Begr\u00fc\u00dfung im Gottesdienst am 27. September. Bitte sagen Sie es weiter. Anmeldung im Kirchenb\u00fcro. Infoblatt und Anmeldungsformular anbei.<\/li>\n<li>Spenden \u2013 Wir erhalten dankbar Ihre Spenden. Alles, was wir anbieten, ist NEU, braucht Zeit f\u00fcr die Entwicklung und ist aufgrund von Covid mit h\u00f6heren Kosten verbunden. Bitte gro\u00dfz\u00fcgig geben. Bei Fragen wenden Sie sich bitte an President@martinluther.ca<\/li>\n<\/ul>\n<hr \/>\n<p><strong>Neues Juli 2020:<\/strong><\/p>\n<ul>\n<li><img loading=\"lazy\" decoding=\"async\" class=\"alignright size-medium wp-image-35472\" src=\"https:\/\/martinluther.ca\/wp-content\/uploads\/2020\/07\/Daycare-Logo_50-Years_colour-300x128.png\" alt=\"Daycare Logo_50 Years_colour\" width=\"300\" height=\"128\" srcset=\"https:\/\/martinluther.ca\/wp-content\/uploads\/2020\/07\/Daycare-Logo_50-Years_colour-300x128.png 300w, https:\/\/martinluther.ca\/wp-content\/uploads\/2020\/07\/Daycare-Logo_50-Years_colour-1024x438.png 1024w, https:\/\/martinluther.ca\/wp-content\/uploads\/2020\/07\/Daycare-Logo_50-Years_colour-768x329.png 768w, https:\/\/martinluther.ca\/wp-content\/uploads\/2020\/07\/Daycare-Logo_50-Years_colour-1536x657.png 1536w, https:\/\/martinluther.ca\/wp-content\/uploads\/2020\/07\/Daycare-Logo_50-Years_colour-2048x877.png 2048w\" sizes=\"auto, (max-width: 300px) 100vw, 300px\" \/>Wir freuen uns, Ihnen\/Euch mitteilen zu k\u00f6nnen, dass die Martin Luther-Kindertagesst\u00e4tte am Montag, dem 27. Juli 2020, wiederer\u00f6ffnet wird. Wir sehen Hoffnung f\u00fcr die Zukunft in den Kindertagesst\u00e4ttenmitarbeiterinnen, die zur Zeit vor Ort sind und alles vorbereiten, um die Familien in unserer Gemeinde wieder sicher zu versorgen. Die detaillierten Richtlinien der Kindertagesst\u00e4tte helfen der Wiederer\u00f6ffnungs-Task Force der Kirche zur Planung der Gottesdienste vor Ort. Die Kindertagesst\u00e4tte wurde am 16. M\u00e4rz 2020 wegen der COVID-19-Pandemie geschlossen.<\/li>\n<li>Die Martin Luther Kirche wird vom 27. Juli bis 3. August 2020 f\u00fcr nicht wesentliche Mitarbeiter der Kirche und alle Besucher geschlossen sein. Ab dem 4. August 2020 m\u00fcssen Mitarbeiter und Mitglieder der Kirche Termine im B\u00fcro mit Marlena vereinbaren. Zum vereinbarten Termin bitte an der Vordert\u00fcr klingeln und zum Screening vor dem Eingang der Kirche warten. Das Betreten des Spielplatzes und Untergeschoss der Kirche ist zur Zeit untersagt.<\/li>\n<li>Es ist die starke Empfehlung des Bischofs, dass alle Gemeinden unserer Synode bis September 2020 in der ROTEN PHASE verbleiben.<\/li>\n<li>Unsere Synode hat erkl\u00e4rt, dass es in der Verantwortung jeder Gemeinde liegt, die Richtlinien ihrer Provinzregierungen und der \u00f6rtlichen Gesundheitsbeh\u00f6rden zu konsultieren und einzuhalten. Unser Kirchenvorstand hat sich regelm\u00e4\u00dfig getroffen, um fundierte Entscheidungen auf der Grundlage der Richtlinien unserer Synode sowie der Provinz- und Kommunalregierung zu treffen. Wir haben jetzt eine eigene Arbeitsgruppe zur Wiederer\u00f6ffnung, die sich aus Freiwilligen zusammensetzt, um die Anforderungen zu \u00fcberpr\u00fcfen und Empfehlungen f\u00fcr Praktiken und Protokolle in unserem eigenen Kontext abzugeben.<\/li>\n<li>Die Arbeitsgruppe unserer Synode zur Wiederaufnahme des pers\u00f6nlichen Gottesdienstes stellt zwei Dokumente zur Verf\u00fcgung, die den Gemeindevorstehern helfen sollen, ihre Geb\u00e4ude auf eine m\u00f6gliche Wiederer\u00f6ffnung im Herbst 2020 vorzubereiten. Weitere Informationen finden Sie hier: <a href=\"https:\/\/easternsynod.org\/preliminary-considerations-for-the-resumption-of-in-person-worship\/\" target=\"_blank\" rel=\"noopener noreferrer\">https:\/\/easternsynod.org\/preliminary-considerations-for-the-resumption-of-in-person-worship\/<\/a>.<\/li>\n<li>Das erste Dokument <b>\u201cStaged Approach &amp; Preliminary Considerations<\/b>&#8222;, ist nun verf\u00fcgbar.<br \/>\nWir streben die GELBE PHASE unserer Synode an.<\/li>\n<li>Wir bedanken uns f\u00fcr Ihre Geduld und Ihr Verst\u00e4ndnis, w\u00e4hrend wir daran arbeiten, Sie auf dem Laufenden zu halten, zu inspirieren und Sicherheit zu gew\u00e4hrleisten.<br \/>\nWenden Sie sich bitte an das Kirchenb\u00fcro, wenn Sie in unserer Arbeitsgruppe zur Wiederer\u00f6ffnung mitwirken m\u00f6chten. Wir ben\u00f6tigen auch Freiwillige bei der Wiederer\u00f6ffnung.<\/li>\n<\/ul>\n<hr \/>\n<figure id=\"attachment_34738\" aria-describedby=\"caption-attachment-34738\" style=\"width: 300px\" class=\"wp-caption alignright\"><img loading=\"lazy\" decoding=\"async\" class=\"size-medium wp-image-34738\" src=\"https:\/\/martinluther.ca\/wp-content\/uploads\/2020\/03\/Ida-Art-Card-website-300x225.jpg\" alt=\"Ida Art Card f\u00fcr die Einwohner im Moll Berczy Haus gemalt\" width=\"300\" height=\"225\" srcset=\"https:\/\/martinluther.ca\/wp-content\/uploads\/2020\/03\/Ida-Art-Card-website-300x225.jpg 300w, https:\/\/martinluther.ca\/wp-content\/uploads\/2020\/03\/Ida-Art-Card-website-768x576.jpg 768w, https:\/\/martinluther.ca\/wp-content\/uploads\/2020\/03\/Ida-Art-Card-website.jpg 856w\" sizes=\"auto, (max-width: 300px) 100vw, 300px\" \/><figcaption id=\"caption-attachment-34738\" class=\"wp-caption-text\">Eine von den Karten von unserer Freiwillige Ida f\u00fcr die Einwohner im Moll Berczy Haus gemalt<\/figcaption><\/figure>\n<p><strong>Neues Juni 2020:<\/strong><\/p>\n<ul>\n<li>Obwohl in Ontario alle Gottesh\u00e4user ab den 12. Juni 2020 wieder \u00f6ffnen durften, wird die Martin Luther Kirche weiterhin keine Gottesdienste \u201ein-person\u201c anbieten. Bitte lesen Sie den Brief vom Bischof der Eastern Synod, Rev. Michael Pryse <a href=\"https:\/\/martinluther.ca\/wp-content\/uploads\/2020\/03\/2020-06-08-Bishop-Michael-Pryse-Letter-re-COVID-reopening.pdf\" target=\"_blank\" rel=\"noopener noreferrer\">[PDF]. <\/a><\/li>\n<li>Wir stellen <strong>eine Gruppe zur sicheren \u00d6ffnung unserer Kirche<\/strong> zusammen. Wer moechte dabei sein? Bitte <a href=\"mailto:president@martinluther.ca\">president@martinluther.ca<\/a> anschreiben.<\/li>\n<li>Wir haben wunderbare Nachrichten aus Deutschland bekommen. Der Rat der EKD hat eine positive Entscheidung gef\u00e4llt. Die Suche nach einem neuen Pastor\/in f\u00fcr MLC l\u00e4uft an.<\/li>\n<li>Wir sind gl\u00fccklich mitteilen zu k\u00f6nnen, dass Kirchevorsteher Kai sich freiwillig einsetzt die <strong>Renovierung im Pfarrhaus<\/strong> vorzunehmen. Zus\u00e4tzlich freuen wir uns berichten zu k\u00f6nnen, dass wir f\u00fcr Vikar Adam unterst\u00fctztes Wohnen im Pfarrhaus anbieten im Austausch f\u00fcr Sicherheit und laufende Wartung bis unsere n\u00e4chste Unterst\u00fctzung aus Deutschland ankommt.<\/li>\n<li>Die <strong>Kindertagesst\u00e4tte<\/strong> arbeitet weiter daran allen Richtlinien zur baldigen Wiederer\u00f6ffnung gerecht zu werden. Diese k\u00f6nnten eine tempor\u00e4re Wand im gro\u00dfen Zimmer im Untergeschoss und zus\u00e4tzliche R\u00e4umlichkeiten im Hinterzimmer beinhalten, um eine sicher Inbetriebnahme in unserer kirchlichen Einrichtung zu gew\u00e4hrleisten.<\/li>\n<li>Wir haben mit unserem <strong>Mundschutzprojekt<\/strong> begonnen und einige Freiwillige zum Schneiden, B\u00fcgeln, Verteilen und N\u00e4hen gefunden. Wir brauchen immer noch Helfer zum B\u00fcgeln, zum N\u00e4hen aber auch f\u00fcr Materialien wie Gummib\u00e4nder. Bitte wenden Sie sich an Vicar Adam McComb <a href=\"mailto:vicarmccomb@martinluther.ca\">vicarmccomb@martinluther.ca<\/a> oder Ariane Oelkrug (unsere Sommer+Pr\u00e4dikanten).<\/li>\n<li><strong>&#8222;Give Peas a Chance&#8220;<\/strong> Neuigkeiten: Die Samen wurden verteilt und auch gepflanzt. Zeigt uns doch mal wie es in Euren G\u00e4rten, auf dem Balkon oder in Euren Fenstern aussieht.<\/li>\n<li>Wir haben ein Videoteam gefunden, welches Vikar Jordan Smith <a href=\"mailto:vicarsmith@martinluther.ca\">vicarsmith@martinluther.ca<\/a> helfen wird, die Sonntagsgottesdienste filmtechnisch zu bearbeiten. Ein grosses Dankesch\u00f6n geht an unsere vier Freiwilligen und Jordan f\u00fcr das Unterrichten der Video und Filmkunst.<\/li>\n<li>Leider mussten wir sowohl das Picknick als auch das Camp Lutherlyn absagen. Es wird <strong>eine Woche mit virtuellen Campspielen, Aktivit\u00e4ten und Herausforderungen<\/strong> geben, um den Campgeist am Leben zu erhalten.<a href=\"https:\/\/martinluther.ca\/wp-content\/uploads\/2020\/03\/2020-05-Pastors-Farewell-Book.jpg\"><img loading=\"lazy\" decoding=\"async\" class=\"alignright size-medium wp-image-35141\" src=\"https:\/\/martinluther.ca\/wp-content\/uploads\/2020\/03\/2020-05-Pastors-Farewell-Book-300x225.jpg\" alt=\"\" width=\"300\" height=\"225\" srcset=\"https:\/\/martinluther.ca\/wp-content\/uploads\/2020\/03\/2020-05-Pastors-Farewell-Book-300x225.jpg 300w, https:\/\/martinluther.ca\/wp-content\/uploads\/2020\/03\/2020-05-Pastors-Farewell-Book-1024x768.jpg 1024w, https:\/\/martinluther.ca\/wp-content\/uploads\/2020\/03\/2020-05-Pastors-Farewell-Book-768x576.jpg 768w, https:\/\/martinluther.ca\/wp-content\/uploads\/2020\/03\/2020-05-Pastors-Farewell-Book-1536x1152.jpg 1536w, https:\/\/martinluther.ca\/wp-content\/uploads\/2020\/03\/2020-05-Pastors-Farewell-Book.jpg 1600w\" sizes=\"auto, (max-width: 300px) 100vw, 300px\" \/><\/a><\/li>\n<li>Wir haben eine sch\u00f6ne Geschichte von einem ehemaligen MLK-Mitglied erhalten, das gerne von der Familie Weigelin spricht. Sie k\u00f6nnen die Geschichte im Rahmen unseres <a href=\"https:\/\/martinluther.ca\/de\/2020\/04\/haben-sie-einen-anruf-von-unserem-corona-care-team-bekommen\/\" target=\"_blank\" rel=\"noopener noreferrer\">Corona Care Call Teams<\/a> lesen. Wenn Sie Geschichten \u00fcber Olaf und Else Weigelin haben, senden Sie sie uns diese bitte.<\/li>\n<li>Familie Ceconi ist jetzt zusammen in Berlin. Pastor Ceconi hat das Abschiedsbuch bekommen.<\/li>\n<\/ul>\n<p><strong>Abk\u00fcndigungen vom Vorstand f\u00fcr Juni (in Englisch)<\/strong><strong>: Presidentin Iris Schweiger<\/strong><\/p>\n<p><iframe loading=\"lazy\" src=\"https:\/\/www.youtube.com\/embed\/IaQT9aedM1E\" width=\"300\" height=\"169\" frameborder=\"0\" allowfullscreen=\"allowfullscreen\"><span class=\"mce_SELRES_start\" style=\"width: 0px; line-height: 0; overflow: hidden; display: inline-block;\" data-mce-type=\"bookmark\">\ufeff<\/span><\/iframe><\/p>\n<hr \/>\n<p><strong>Neues Mai 2020:<\/strong><\/p>\n<ul>\n<li>Noch bleibt alles On-line. Wir sind in Gespr\u00e4chen mit MPP Christine Hogarth wann und wie wir uns wieder sicher treffen koennen.<br \/>\nMelden Sie sich f\u00fcr Kaffee oder Mittag mit Hiob an \u2013 Neue Zoom Bibelstunde, geleitet von Vikar Jordan Smith (<a href=\"mailto:vicarsmith@martinluther.ca\">vicarsmith@martinluther.ca<\/a>), Mittwochs bis 24. Juni um 8.30 und 12.15 Uhr<\/li>\n<li>Familie Ceconi wird am 29. May 2020 nach Berlin fliegen. Was wir dann brauchen?<br \/>\nFreiwillige Mitarbeiter fuer Renovierungsarbeiten im Pfarrhaus Kurzzeit Mieter<\/li>\n<li>Pastorensuche: Alle Dokumente wurden zur EKD gesandt und als sehr gut befunden. Im Juni wird die Anfrage der n\u00e4chsten Instanz vorgelegt. Oberkirchenr\u00e4tin Claudia Ostarek macht uns Mut und ist hoffnungsvoll, dass die offizielle Suche nach einem neuen Pastor in Deutschland dann bald beginnen wird.<\/li>\n<li>Unser Canada Summer Job Student wurde genehmigt<\/li>\n<li>Beste Weg zu spenden: PAR oder Check an die Kirchenadresse senden.<\/li>\n<li>Uns wurden Pflanzensamen geschenkt mit der Idee gute Verwalter dieser Erde zu sein\/werden. Wer Lust und Platz hat (Garten, Balkon, hellen Platz in der Wohnung) lasst es uns bitte wissen und macht mit. &#8222;Give Peas a Chance&#8220;<\/li>\n<\/ul>\n<div>\n<p>Herr, ich traue auf dich, lass mich nimmermehr zuschanden werden. Errette mich durch deine Gerechtigkeit und hilf mir heraus, neige deine Ohren zu mir und hilf mir!<\/p>\n<div>Sei mir ein starker Hort, dahin ich immer fliehen kann, der du zugesagt hast, mir zu helfen; denn du bist mein Fels und meine Burg.<br \/>\n\u2013 Psalm 71, 1- 3<\/div>\n<div><\/div>\n<\/div>\n<hr \/>\n<figure id=\"attachment_33585\" aria-describedby=\"caption-attachment-33585\" style=\"width: 300px\" class=\"wp-caption alignright\"><a href=\"https:\/\/martinluther.ca\/wp-content\/uploads\/2020\/03\/2020-gif-line-drawing-city-scene-arrows-WHERE-CHURCH-IS-HERE.jpg\"><img loading=\"lazy\" decoding=\"async\" class=\"size-medium wp-image-33585\" src=\"https:\/\/martinluther.ca\/wp-content\/uploads\/2020\/03\/2020-gif-line-drawing-city-scene-arrows-WHERE-CHURCH-IS-HERE-300x232.jpg\" alt=\"2020 gif line drawing city scene arrows WHERE CHURCH IS HERE\" width=\"300\" height=\"232\" srcset=\"https:\/\/martinluther.ca\/wp-content\/uploads\/2020\/03\/2020-gif-line-drawing-city-scene-arrows-WHERE-CHURCH-IS-HERE-300x232.jpg 300w, https:\/\/martinluther.ca\/wp-content\/uploads\/2020\/03\/2020-gif-line-drawing-city-scene-arrows-WHERE-CHURCH-IS-HERE-1024x792.jpg 1024w, https:\/\/martinluther.ca\/wp-content\/uploads\/2020\/03\/2020-gif-line-drawing-city-scene-arrows-WHERE-CHURCH-IS-HERE-768x594.jpg 768w, https:\/\/martinluther.ca\/wp-content\/uploads\/2020\/03\/2020-gif-line-drawing-city-scene-arrows-WHERE-CHURCH-IS-HERE.jpg 1080w\" sizes=\"auto, (max-width: 300px) 100vw, 300px\" \/><\/a><figcaption id=\"caption-attachment-33585\" class=\"wp-caption-text\">WHERE CHURCH IS &#8230;. HERE<\/figcaption><\/figure>\n<p>Liebe Nachbarn, Freunde und Mitglieder:<\/p>\n<p>In dieser noch nie dagewesenen Zeit einer Pandemie \u2013 einer Zeit der Angst, Panik und Einsamkeit \u2013 m\u00f6chten wir Sie wissen lassen, dass Sie nicht alleine sind. Die T\u00fcren unserer Kirche m\u00f6gen zwar geschlossen sein, aber unsere Herzen und Sinne sind offen.<\/p>\n<p>Der bekannte deutsche Theologe Dietrich Bonhoeffer schrieb:<\/p>\n<p>\u201eDas Bewusstsein einer spirituellen Tradition, die \u00fcber die Jahrhunderte reicht, gibt uns eine gewisse Sicherheit angesichts aller \u00dcbergangsschwierigkeiten.\u201c<\/p>\n<p>Wir wollen einander helfen, indem wir uns daran erinnern, dass wir alle Teil einer f\u00fcrsorglichen \u201espirituellen Tradition\u201c sind, durch die wir uns auf unsere Glaubensgemeinschaft verlassen, um in schwierigen Zeiten Mitgef\u00fchl zu demonstrieren.<\/p>\n<p>Bitte sendet uns eine E-Mail oder ruft an, wenn wir in irgendeiner Weise helfen k\u00f6nnen.<\/p>\n<p>Wir sind f\u00fcr Euch da Martin Luther Church Office <a href=\"mailto:churchoffice@martinluther.ca\">churchoffice@martinluther.ca<\/a>\u00a0 (416) 251-8293<\/p>\n<p>&nbsp;<\/p>\n","protected":false},"excerpt":{"rendered":"<p>Neues vom 13. Januar 2021: W\u00e4hrend der w\u00f6chentlichen Zoom-Kaffeestunde gab es ein gro\u00dfartiges Gespr\u00e4ch dar\u00fcber, wie unsere Kirche weiterhin ein Lichtblick in diesen Zeiten sein kann. in diesen Zeiten eine christliche Antwort auf unsere Zeit darstellgeben kann. Die anwesenden Mitglieder unserer Gemeinde, die des Vorstands und der Nachbarschaft meinen, wie Sie wahrscheinlich auch, dass wir&hellip;<\/p>\n","protected":false},"author":9,"featured_media":36126,"comment_status":"closed","ping_status":"closed","sticky":false,"template":"","format":"standard","meta":{"footnotes":""},"categories":[69],"tags":[],"post_series":[],"class_list":["post-33588","post","type-post","status-publish","format-standard","has-post-thumbnail","hentry","category-news-blog-german","entry","has-media"],"yoast_head":"<!-- This site is optimized with the Yoast SEO plugin v27.5 - https:\/\/yoast.com\/product\/yoast-seo-wordpress\/ -->\n<title>Bekanntmachungen w\u00e4hrend COVID-19 - Martin Luther Evangelische Kirche Toronto<\/title>\n<meta name=\"robots\" content=\"index, follow, max-snippet:-1, max-image-preview:large, max-video-preview:-1\" \/>\n<link rel=\"canonical\" href=\"https:\/\/martinluther.ca\/de\/2021\/01\/was-unsere-kirche-waehrend-covid-19-macht\/\" \/>\n<meta property=\"og:locale\" content=\"de_DE\" \/>\n<meta property=\"og:type\" content=\"article\" \/>\n<meta property=\"og:title\" content=\"Bekanntmachungen w\u00e4hrend COVID-19 - Martin Luther Evangelische Kirche Toronto\" \/>\n<meta property=\"og:description\" content=\"Neues vom 13. Januar 2021: W\u00e4hrend der w\u00f6chentlichen Zoom-Kaffeestunde gab es ein gro\u00dfartiges Gespr\u00e4ch dar\u00fcber, wie unsere Kirche weiterhin ein Lichtblick in diesen Zeiten sein kann. in diesen Zeiten eine christliche Antwort auf unsere Zeit darstellgeben kann. Die anwesenden Mitglieder unserer Gemeinde, die des Vorstands und der Nachbarschaft meinen, wie Sie wahrscheinlich auch, dass wir&hellip;\" \/>\n<meta property=\"og:url\" content=\"https:\/\/martinluther.ca\/de\/2021\/01\/was-unsere-kirche-waehrend-covid-19-macht\/\" \/>\n<meta property=\"og:site_name\" content=\"Martin Luther Evangelische Kirche Toronto\" \/>\n<meta property=\"article:publisher\" content=\"https:\/\/www.facebook.com\/martinlutherchurchtoronto\" \/>\n<meta property=\"article:published_time\" content=\"2021-01-14T19:13:59+00:00\" \/>\n<meta property=\"article:modified_time\" content=\"2021-01-19T17:05:16+00:00\" \/>\n<meta property=\"og:image\" content=\"https:\/\/martinluther.ca\/wp-content\/uploads\/2020\/09\/2020-MartinLuther-statue-with-logo-mask-4x3-1.jpg\" \/>\n\t<meta property=\"og:image:width\" content=\"1077\" \/>\n\t<meta property=\"og:image:height\" content=\"809\" \/>\n\t<meta property=\"og:image:type\" content=\"image\/jpeg\" \/>\n<meta name=\"author\" content=\"Mona Kakoschke Frantzke\" \/>\n<meta name=\"twitter:card\" content=\"summary_large_image\" \/>\n<meta name=\"twitter:label1\" content=\"Verfasst von\" \/>\n\t<meta name=\"twitter:data1\" content=\"Mona Kakoschke Frantzke\" \/>\n\t<meta name=\"twitter:label2\" content=\"Gesch\u00e4tzte Lesezeit\" \/>\n\t<meta name=\"twitter:data2\" content=\"12\u00a0Minuten\" \/>\n<script type=\"application\/ld+json\" class=\"yoast-schema-graph\">{\"@context\":\"https:\\\/\\\/schema.org\",\"@graph\":[{\"@type\":\"Article\",\"@id\":\"https:\\\/\\\/martinluther.ca\\\/de\\\/2021\\\/01\\\/was-unsere-kirche-waehrend-covid-19-macht\\\/#article\",\"isPartOf\":{\"@id\":\"https:\\\/\\\/martinluther.ca\\\/de\\\/2021\\\/01\\\/was-unsere-kirche-waehrend-covid-19-macht\\\/\"},\"author\":{\"name\":\"Mona Kakoschke Frantzke\",\"@id\":\"https:\\\/\\\/martinluther.ca\\\/de\\\/#\\\/schema\\\/person\\\/815c51710f70b050f0476f18da6b0c8f\"},\"headline\":\"Bekanntmachungen w\u00e4hrend COVID-19\",\"datePublished\":\"2021-01-14T19:13:59+00:00\",\"dateModified\":\"2021-01-19T17:05:16+00:00\",\"mainEntityOfPage\":{\"@id\":\"https:\\\/\\\/martinluther.ca\\\/de\\\/2021\\\/01\\\/was-unsere-kirche-waehrend-covid-19-macht\\\/\"},\"wordCount\":2480,\"publisher\":{\"@id\":\"https:\\\/\\\/martinluther.ca\\\/de\\\/#organization\"},\"image\":{\"@id\":\"https:\\\/\\\/martinluther.ca\\\/de\\\/2021\\\/01\\\/was-unsere-kirche-waehrend-covid-19-macht\\\/#primaryimage\"},\"thumbnailUrl\":\"https:\\\/\\\/martinluther.ca\\\/wp-content\\\/uploads\\\/2020\\\/09\\\/2020-MartinLuther-statue-with-logo-mask-4x3-1.jpg\",\"articleSection\":[\"News Blog - German\"],\"inLanguage\":\"de\"},{\"@type\":\"WebPage\",\"@id\":\"https:\\\/\\\/martinluther.ca\\\/de\\\/2021\\\/01\\\/was-unsere-kirche-waehrend-covid-19-macht\\\/\",\"url\":\"https:\\\/\\\/martinluther.ca\\\/de\\\/2021\\\/01\\\/was-unsere-kirche-waehrend-covid-19-macht\\\/\",\"name\":\"Bekanntmachungen w\u00e4hrend COVID-19 - Martin Luther Evangelische Kirche Toronto\",\"isPartOf\":{\"@id\":\"https:\\\/\\\/martinluther.ca\\\/de\\\/#website\"},\"primaryImageOfPage\":{\"@id\":\"https:\\\/\\\/martinluther.ca\\\/de\\\/2021\\\/01\\\/was-unsere-kirche-waehrend-covid-19-macht\\\/#primaryimage\"},\"image\":{\"@id\":\"https:\\\/\\\/martinluther.ca\\\/de\\\/2021\\\/01\\\/was-unsere-kirche-waehrend-covid-19-macht\\\/#primaryimage\"},\"thumbnailUrl\":\"https:\\\/\\\/martinluther.ca\\\/wp-content\\\/uploads\\\/2020\\\/09\\\/2020-MartinLuther-statue-with-logo-mask-4x3-1.jpg\",\"datePublished\":\"2021-01-14T19:13:59+00:00\",\"dateModified\":\"2021-01-19T17:05:16+00:00\",\"breadcrumb\":{\"@id\":\"https:\\\/\\\/martinluther.ca\\\/de\\\/2021\\\/01\\\/was-unsere-kirche-waehrend-covid-19-macht\\\/#breadcrumb\"},\"inLanguage\":\"de\",\"potentialAction\":[{\"@type\":\"ReadAction\",\"target\":[\"https:\\\/\\\/martinluther.ca\\\/de\\\/2021\\\/01\\\/was-unsere-kirche-waehrend-covid-19-macht\\\/\"]}]},{\"@type\":\"ImageObject\",\"inLanguage\":\"de\",\"@id\":\"https:\\\/\\\/martinluther.ca\\\/de\\\/2021\\\/01\\\/was-unsere-kirche-waehrend-covid-19-macht\\\/#primaryimage\",\"url\":\"https:\\\/\\\/martinluther.ca\\\/wp-content\\\/uploads\\\/2020\\\/09\\\/2020-MartinLuther-statue-with-logo-mask-4x3-1.jpg\",\"contentUrl\":\"https:\\\/\\\/martinluther.ca\\\/wp-content\\\/uploads\\\/2020\\\/09\\\/2020-MartinLuther-statue-with-logo-mask-4x3-1.jpg\",\"width\":1077,\"height\":809,\"caption\":\"2020 MartinLuther statue with logo mask-4x3\"},{\"@type\":\"BreadcrumbList\",\"@id\":\"https:\\\/\\\/martinluther.ca\\\/de\\\/2021\\\/01\\\/was-unsere-kirche-waehrend-covid-19-macht\\\/#breadcrumb\",\"itemListElement\":[{\"@type\":\"ListItem\",\"position\":1,\"name\":\"Home\",\"item\":\"https:\\\/\\\/martinluther.ca\\\/de\\\/\"},{\"@type\":\"ListItem\",\"position\":2,\"name\":\"Bekanntmachungen w\u00e4hrend COVID-19\"}]},{\"@type\":\"WebSite\",\"@id\":\"https:\\\/\\\/martinluther.ca\\\/de\\\/#website\",\"url\":\"https:\\\/\\\/martinluther.ca\\\/de\\\/\",\"name\":\"Martin Luther Evangelical Church Toronto\",\"description\":\"Deutsch &amp; Englisch\",\"publisher\":{\"@id\":\"https:\\\/\\\/martinluther.ca\\\/de\\\/#organization\"},\"potentialAction\":[{\"@type\":\"SearchAction\",\"target\":{\"@type\":\"EntryPoint\",\"urlTemplate\":\"https:\\\/\\\/martinluther.ca\\\/de\\\/?s={search_term_string}\"},\"query-input\":{\"@type\":\"PropertyValueSpecification\",\"valueRequired\":true,\"valueName\":\"search_term_string\"}}],\"inLanguage\":\"de\"},{\"@type\":\"Organization\",\"@id\":\"https:\\\/\\\/martinluther.ca\\\/de\\\/#organization\",\"name\":\"Martin Luther Evangelical Church Toronto\",\"url\":\"https:\\\/\\\/martinluther.ca\\\/de\\\/\",\"logo\":{\"@type\":\"ImageObject\",\"inLanguage\":\"de\",\"@id\":\"https:\\\/\\\/martinluther.ca\\\/de\\\/#\\\/schema\\\/logo\\\/image\\\/\",\"url\":\"https:\\\/\\\/martinluther.ca\\\/wp-content\\\/uploads\\\/2016\\\/12\\\/ml-logo-300.png\",\"contentUrl\":\"https:\\\/\\\/martinluther.ca\\\/wp-content\\\/uploads\\\/2016\\\/12\\\/ml-logo-300.png\",\"width\":300,\"height\":150,\"caption\":\"Martin Luther Evangelical Church Toronto\"},\"image\":{\"@id\":\"https:\\\/\\\/martinluther.ca\\\/de\\\/#\\\/schema\\\/logo\\\/image\\\/\"},\"sameAs\":[\"https:\\\/\\\/www.facebook.com\\\/martinlutherchurchtoronto\",\"https:\\\/\\\/www.instagram.com\\\/lutheransbythelake\\\/\",\"https:\\\/\\\/www.youtube.com\\\/MartinLutherChurchToronto\"]},{\"@type\":\"Person\",\"@id\":\"https:\\\/\\\/martinluther.ca\\\/de\\\/#\\\/schema\\\/person\\\/815c51710f70b050f0476f18da6b0c8f\",\"name\":\"Mona Kakoschke Frantzke\",\"image\":{\"@type\":\"ImageObject\",\"inLanguage\":\"de\",\"@id\":\"https:\\\/\\\/secure.gravatar.com\\\/avatar\\\/0deb16854ca545cd2e9fc8001ca110d262b80d5c8317b38dc542265fbea0ed19?s=96&d=mm&r=g\",\"url\":\"https:\\\/\\\/secure.gravatar.com\\\/avatar\\\/0deb16854ca545cd2e9fc8001ca110d262b80d5c8317b38dc542265fbea0ed19?s=96&d=mm&r=g\",\"contentUrl\":\"https:\\\/\\\/secure.gravatar.com\\\/avatar\\\/0deb16854ca545cd2e9fc8001ca110d262b80d5c8317b38dc542265fbea0ed19?s=96&d=mm&r=g\",\"caption\":\"Mona Kakoschke Frantzke\"},\"url\":false}]}<\/script>\n<!-- \/ Yoast SEO plugin. -->","yoast_head_json":{"title":"Bekanntmachungen w\u00e4hrend COVID-19 - Martin Luther Evangelische Kirche Toronto","robots":{"index":"index","follow":"follow","max-snippet":"max-snippet:-1","max-image-preview":"max-image-preview:large","max-video-preview":"max-video-preview:-1"},"canonical":"https:\/\/martinluther.ca\/de\/2021\/01\/was-unsere-kirche-waehrend-covid-19-macht\/","og_locale":"de_DE","og_type":"article","og_title":"Bekanntmachungen w\u00e4hrend COVID-19 - Martin Luther Evangelische Kirche Toronto","og_description":"Neues vom 13. Januar 2021: W\u00e4hrend der w\u00f6chentlichen Zoom-Kaffeestunde gab es ein gro\u00dfartiges Gespr\u00e4ch dar\u00fcber, wie unsere Kirche weiterhin ein Lichtblick in diesen Zeiten sein kann. in diesen Zeiten eine christliche Antwort auf unsere Zeit darstellgeben kann. Die anwesenden Mitglieder unserer Gemeinde, die des Vorstands und der Nachbarschaft meinen, wie Sie wahrscheinlich auch, dass wir&hellip;","og_url":"https:\/\/martinluther.ca\/de\/2021\/01\/was-unsere-kirche-waehrend-covid-19-macht\/","og_site_name":"Martin Luther Evangelische Kirche Toronto","article_publisher":"https:\/\/www.facebook.com\/martinlutherchurchtoronto","article_published_time":"2021-01-14T19:13:59+00:00","article_modified_time":"2021-01-19T17:05:16+00:00","og_image":[{"width":1077,"height":809,"url":"https:\/\/martinluther.ca\/wp-content\/uploads\/2020\/09\/2020-MartinLuther-statue-with-logo-mask-4x3-1.jpg","type":"image\/jpeg"}],"author":"Mona Kakoschke Frantzke","twitter_card":"summary_large_image","twitter_misc":{"Verfasst von":"Mona Kakoschke Frantzke","Gesch\u00e4tzte Lesezeit":"12\u00a0Minuten"},"schema":{"@context":"https:\/\/schema.org","@graph":[{"@type":"Article","@id":"https:\/\/martinluther.ca\/de\/2021\/01\/was-unsere-kirche-waehrend-covid-19-macht\/#article","isPartOf":{"@id":"https:\/\/martinluther.ca\/de\/2021\/01\/was-unsere-kirche-waehrend-covid-19-macht\/"},"author":{"name":"Mona Kakoschke Frantzke","@id":"https:\/\/martinluther.ca\/de\/#\/schema\/person\/815c51710f70b050f0476f18da6b0c8f"},"headline":"Bekanntmachungen w\u00e4hrend COVID-19","datePublished":"2021-01-14T19:13:59+00:00","dateModified":"2021-01-19T17:05:16+00:00","mainEntityOfPage":{"@id":"https:\/\/martinluther.ca\/de\/2021\/01\/was-unsere-kirche-waehrend-covid-19-macht\/"},"wordCount":2480,"publisher":{"@id":"https:\/\/martinluther.ca\/de\/#organization"},"image":{"@id":"https:\/\/martinluther.ca\/de\/2021\/01\/was-unsere-kirche-waehrend-covid-19-macht\/#primaryimage"},"thumbnailUrl":"https:\/\/martinluther.ca\/wp-content\/uploads\/2020\/09\/2020-MartinLuther-statue-with-logo-mask-4x3-1.jpg","articleSection":["News Blog - German"],"inLanguage":"de"},{"@type":"WebPage","@id":"https:\/\/martinluther.ca\/de\/2021\/01\/was-unsere-kirche-waehrend-covid-19-macht\/","url":"https:\/\/martinluther.ca\/de\/2021\/01\/was-unsere-kirche-waehrend-covid-19-macht\/","name":"Bekanntmachungen w\u00e4hrend COVID-19 - Martin Luther Evangelische Kirche Toronto","isPartOf":{"@id":"https:\/\/martinluther.ca\/de\/#website"},"primaryImageOfPage":{"@id":"https:\/\/martinluther.ca\/de\/2021\/01\/was-unsere-kirche-waehrend-covid-19-macht\/#primaryimage"},"image":{"@id":"https:\/\/martinluther.ca\/de\/2021\/01\/was-unsere-kirche-waehrend-covid-19-macht\/#primaryimage"},"thumbnailUrl":"https:\/\/martinluther.ca\/wp-content\/uploads\/2020\/09\/2020-MartinLuther-statue-with-logo-mask-4x3-1.jpg","datePublished":"2021-01-14T19:13:59+00:00","dateModified":"2021-01-19T17:05:16+00:00","breadcrumb":{"@id":"https:\/\/martinluther.ca\/de\/2021\/01\/was-unsere-kirche-waehrend-covid-19-macht\/#breadcrumb"},"inLanguage":"de","potentialAction":[{"@type":"ReadAction","target":["https:\/\/martinluther.ca\/de\/2021\/01\/was-unsere-kirche-waehrend-covid-19-macht\/"]}]},{"@type":"ImageObject","inLanguage":"de","@id":"https:\/\/martinluther.ca\/de\/2021\/01\/was-unsere-kirche-waehrend-covid-19-macht\/#primaryimage","url":"https:\/\/martinluther.ca\/wp-content\/uploads\/2020\/09\/2020-MartinLuther-statue-with-logo-mask-4x3-1.jpg","contentUrl":"https:\/\/martinluther.ca\/wp-content\/uploads\/2020\/09\/2020-MartinLuther-statue-with-logo-mask-4x3-1.jpg","width":1077,"height":809,"caption":"2020 MartinLuther statue with logo mask-4x3"},{"@type":"BreadcrumbList","@id":"https:\/\/martinluther.ca\/de\/2021\/01\/was-unsere-kirche-waehrend-covid-19-macht\/#breadcrumb","itemListElement":[{"@type":"ListItem","position":1,"name":"Home","item":"https:\/\/martinluther.ca\/de\/"},{"@type":"ListItem","position":2,"name":"Bekanntmachungen w\u00e4hrend COVID-19"}]},{"@type":"WebSite","@id":"https:\/\/martinluther.ca\/de\/#website","url":"https:\/\/martinluther.ca\/de\/","name":"Martin Luther Evangelical Church Toronto","description":"Deutsch &amp; Englisch","publisher":{"@id":"https:\/\/martinluther.ca\/de\/#organization"},"potentialAction":[{"@type":"SearchAction","target":{"@type":"EntryPoint","urlTemplate":"https:\/\/martinluther.ca\/de\/?s={search_term_string}"},"query-input":{"@type":"PropertyValueSpecification","valueRequired":true,"valueName":"search_term_string"}}],"inLanguage":"de"},{"@type":"Organization","@id":"https:\/\/martinluther.ca\/de\/#organization","name":"Martin Luther Evangelical Church Toronto","url":"https:\/\/martinluther.ca\/de\/","logo":{"@type":"ImageObject","inLanguage":"de","@id":"https:\/\/martinluther.ca\/de\/#\/schema\/logo\/image\/","url":"https:\/\/martinluther.ca\/wp-content\/uploads\/2016\/12\/ml-logo-300.png","contentUrl":"https:\/\/martinluther.ca\/wp-content\/uploads\/2016\/12\/ml-logo-300.png","width":300,"height":150,"caption":"Martin Luther Evangelical Church Toronto"},"image":{"@id":"https:\/\/martinluther.ca\/de\/#\/schema\/logo\/image\/"},"sameAs":["https:\/\/www.facebook.com\/martinlutherchurchtoronto","https:\/\/www.instagram.com\/lutheransbythelake\/","https:\/\/www.youtube.com\/MartinLutherChurchToronto"]},{"@type":"Person","@id":"https:\/\/martinluther.ca\/de\/#\/schema\/person\/815c51710f70b050f0476f18da6b0c8f","name":"Mona Kakoschke Frantzke","image":{"@type":"ImageObject","inLanguage":"de","@id":"https:\/\/secure.gravatar.com\/avatar\/0deb16854ca545cd2e9fc8001ca110d262b80d5c8317b38dc542265fbea0ed19?s=96&d=mm&r=g","url":"https:\/\/secure.gravatar.com\/avatar\/0deb16854ca545cd2e9fc8001ca110d262b80d5c8317b38dc542265fbea0ed19?s=96&d=mm&r=g","contentUrl":"https:\/\/secure.gravatar.com\/avatar\/0deb16854ca545cd2e9fc8001ca110d262b80d5c8317b38dc542265fbea0ed19?s=96&d=mm&r=g","caption":"Mona Kakoschke Frantzke"},"url":false}]}},"_links":{"self":[{"href":"https:\/\/martinluther.ca\/de\/wp-json\/wp\/v2\/posts\/33588","targetHints":{"allow":["GET"]}}],"collection":[{"href":"https:\/\/martinluther.ca\/de\/wp-json\/wp\/v2\/posts"}],"about":[{"href":"https:\/\/martinluther.ca\/de\/wp-json\/wp\/v2\/types\/post"}],"author":[{"embeddable":true,"href":"https:\/\/martinluther.ca\/de\/wp-json\/wp\/v2\/users\/9"}],"replies":[{"embeddable":true,"href":"https:\/\/martinluther.ca\/de\/wp-json\/wp\/v2\/comments?post=33588"}],"version-history":[{"count":40,"href":"https:\/\/martinluther.ca\/de\/wp-json\/wp\/v2\/posts\/33588\/revisions"}],"predecessor-version":[{"id":37361,"href":"https:\/\/martinluther.ca\/de\/wp-json\/wp\/v2\/posts\/33588\/revisions\/37361"}],"wp:featuredmedia":[{"embeddable":true,"href":"https:\/\/martinluther.ca\/de\/wp-json\/wp\/v2\/media\/36126"}],"wp:attachment":[{"href":"https:\/\/martinluther.ca\/de\/wp-json\/wp\/v2\/media?parent=33588"}],"wp:term":[{"taxonomy":"category","embeddable":true,"href":"https:\/\/martinluther.ca\/de\/wp-json\/wp\/v2\/categories?post=33588"},{"taxonomy":"post_tag","embeddable":true,"href":"https:\/\/martinluther.ca\/de\/wp-json\/wp\/v2\/tags?post=33588"},{"taxonomy":"post_series","embeddable":true,"href":"https:\/\/martinluther.ca\/de\/wp-json\/wp\/v2\/post_series?post=33588"}],"curies":[{"name":"wp","href":"https:\/\/api.w.org\/{rel}","templated":true}]}}