{"id":33642,"date":"2020-03-28T19:39:44","date_gmt":"2020-03-28T23:39:44","guid":{"rendered":"https:\/\/martinluther.ca\/?p=33642"},"modified":"2020-04-28T14:49:59","modified_gmt":"2020-04-28T18:49:59","slug":"sonntag-den-29-maerz-2020-online-gottesdienst-youtube-video","status":"publish","type":"post","link":"https:\/\/martinluther.ca\/de\/2020\/03\/sonntag-den-29-maerz-2020-online-gottesdienst-youtube-video\/","title":{"rendered":"Sonntag, den 29. M\u00e4rz 2020 Online-Gottesdienst YouTube-Video"},"content":{"rendered":"<figure id=\"attachment_33645\" aria-describedby=\"caption-attachment-33645\" style=\"width: 300px\" class=\"wp-caption alignright\"><a href=\"https:\/\/youtu.be\/3EWr5LDSBYk\" target=\"_blank\" rel=\"noopener noreferrer\"><img loading=\"lazy\" decoding=\"async\" class=\"wp-image-33645 size-medium\" src=\"https:\/\/martinluther.ca\/wp-content\/uploads\/2020\/03\/Online-Worship-YouTube-Video-SunMar29-2020-11-4x3-1-300x225.png\" alt=\"Sonntag, den 29. M\u00e4rz 2020 Online-Gottesdienst YouTube-Video\" width=\"300\" height=\"225\" srcset=\"https:\/\/martinluther.ca\/wp-content\/uploads\/2020\/03\/Online-Worship-YouTube-Video-SunMar29-2020-11-4x3-1-300x225.png 300w, https:\/\/martinluther.ca\/wp-content\/uploads\/2020\/03\/Online-Worship-YouTube-Video-SunMar29-2020-11-4x3-1-1024x768.png 1024w, https:\/\/martinluther.ca\/wp-content\/uploads\/2020\/03\/Online-Worship-YouTube-Video-SunMar29-2020-11-4x3-1-768x576.png 768w, https:\/\/martinluther.ca\/wp-content\/uploads\/2020\/03\/Online-Worship-YouTube-Video-SunMar29-2020-11-4x3-1.png 1437w\" sizes=\"auto, (max-width: 300px) 100vw, 300px\" \/><\/a><figcaption id=\"caption-attachment-33645\" class=\"wp-caption-text\">Sonntag, den 29. M\u00e4rz 2020 Online-Gottesdienst, Vikar Jordan Smith<\/figcaption><\/figure>\n<p>W\u00e4hrend wir uns in dieser Zeit nicht pers\u00f6nlich versammeln k\u00f6nnen, k\u00f6nnen wir uns online versammeln, um das Wort, das Gebet und die Reflexion zu teilen.<\/p>\n<p>Diese Woche reflektiert Vikar Jordan Smith, wie Emotionen in der Schrift dargestellt werden und wie die Kraft des Wortes unseren Glauben f\u00f6rdert.<\/p>\n<p><strong>Sonntag, den 29. M\u00e4rz 2020 Online-Gottesdienst YouTube-Video:\u00a0<a href=\"https:\/\/martinluther.ca\/wp-content\/uploads\/2020\/04\/2020-03-29_Service-Transcript-5-Sunday-Lent_Vicar-Jordan-Smith.pdf\" target=\"_blank\" rel=\"noopener noreferrer\">[PDF]<\/a> Vicar Jordan Smith<\/strong><\/p>\n<p><strong><a href=\"https:\/\/youtu.be\/3EWr5LDSBYk\" target=\"_blank\" rel=\"noopener noreferrer\">https:\/\/youtu.be\/3EWr5LDSBYk<\/a><\/strong><\/p>\n<p>Die Lesungen f\u00fcr Sonntag den 29. M\u00e4rz 2020 sind:<br \/>\nHesekiel 37: 1-14<br \/>\nPsalm 130<br \/>\nR\u00f6mer 8: 6-11<br \/>\nJohannes 11: 1-45<\/p>\n<p><strong>Welcome<\/strong><\/p>\n<div>\n<p>Grace and peace to you in the name of the Father, the Son, and the Holy Spirit.<\/p>\n<p>It is the beginning of a strange time for the Martin Luther Community. Last week we said goodbye to Pastor Dr. Christian Ceconi as he departs to his new call in Germany. This week we have learned that\u00a0 Vicar Caroline Raddatz will not be able to return to Canada from Germany to complete her internship and our planned interim, Pastor Gerhard Hille, will also not be able to join us. Amidst all this, our community is no longer able to meet in person.<\/p>\n<p>Communities around the globe have been changed dramatically by the constantly changing adaptations that COVID-19 is requiring us to take to protect the people we love dearly. And while we are cut off physically from each other for the foreseeable future, it has been a blessing to be able to connect with many people over the past two weeks. Whether it is phoning people from the congregation, those connected to our ministries, or increased communication with my parents and sister, in some ways I feel more connected than I have in a while. I also realize those feelings will shift as the weeks of physical distancing continue, and there are many in our communities who are already feeling overwhelmed by missing those they care about.<\/p>\n<p>The two readings I will focus on from the lectionary both talk about a time of waiting, of bones laying dry in a valley and of Lazarus laying dead in a tomb. From that time of waiting comes a spoken word that leads to new life. I hope these passages will bring you comfort for the days ahead.<\/p>\n<p><strong>Prayer of the Day<\/strong><br \/>\nLet us pray:<\/p>\n<p>Almighty God, your Son came into the world to free us all from sin and death. Breathe upon us the power of your Spirit, that we may be raised to new life in Christ and serve you in righteousness all our days, through Jesus Christ, our Savior and Lord, who lives and reigns with you and the Holy Spirit, one God, now and forever.<br \/>\nAmen.<\/p>\n<\/div>\n<div><strong>\u00a0Psalm 130<\/strong>1Out of the depths<br \/>\nI cry to you, O Lord;<br \/>\n2<strong>O Lord, hear my voice!<\/strong><br \/>\n<strong>Let your ears be attentive to the voice of my supplication.<\/strong><br \/>\n3If you were to keep watch over sins,<br \/>\nO Lord, who could stand?<br \/>\n4<strong>Yet with you is forgiveness,<\/strong><br \/>\n<strong>in order that you may be feared.<\/strong><br \/>\n5I wait for you, O Lord; my soul waits;<br \/>\nin your word is my hope.<br \/>\n6<strong>My soul waits for the Lord more than those who keep watch for the morning,<\/strong><br \/>\n<strong>more than those who keep watch for the morning.<\/strong><br \/>\n7O Israel, wait for the Lord, for with the Lord there is steadfast love;<br \/>\nwith the Lord there is plenteous redemption.<br \/>\n8<strong>For the Lord shall redeem Israel<\/strong><br \/>\n<strong>from all their sins.<\/strong><\/div>\n<div><\/div>\n<div><strong>Readings:<br \/>\n<\/strong>Ezekiel 37:1-14 The dry bones of Israel brought to life<br \/>\nJohn 11:1-45 Baptismal image: the raising of Lazarus<strong>\u00a0Sermon by Vicar Jordan Smith<\/strong><\/p>\n<p>On days like this, where we have two powerful stories from scripture presented to us in the lectionary, and where we have so much happening in the world, there are so many things that could be said. What I want to focus on today are two pieces of these passages \u2013 emotion, and word.<\/p>\n<p>Emotion \u2013 because in times like this, emotions are high among many of us. While we have heard in our phone calls that many are doing well, that those who have lived through war and hardship are ready to face another challenge in life, we have also heard from others who are feeling a range of emotions. Loneliness, sadness, despair, but also times of joy, and celebration, and contentment. It is in our emotions that we feel the full breadth of experience of humanity. And in our passages today there is a lot of emotion.<\/p>\n<p>I also want to talk about the word, the spoken word, because it is this word that changes things in our readings, and it is the word that has a chance to change us in the days and weeks ahead. While our community at Martin Luther gathers for Holy Communion once a month, many Christian communities celebrate at the Lord\u2019s table each week. We have entered a time where we can not gather for this sacrament, and while we will miss this way of receiving God\u2019s grace, we now have the opportunity to spend time centered on the Word and the benefits it brings.<\/p>\n<p>For it is in the word that we hear receive comfort in knowing that God is with us and understands out emotions. That God is with us when we are living in a situation that is uncomfortable. Ezekiel is a priest in the old testament, whose role involves performing ritual acts, and is also a prophet, which requires \u201cpowerful truth telling.\u201d [1] We are hearing a lot of powerful truth telling right now, from our government officials, health administrators, our leaders \u2013 who maybe in normal times it might feel like they are performing their ritual duties, going through the motions, but at this time are telling us some uncomfortable truths. Telling us things we don\u2019t want to hear. Giving us advice or updates that might seem scary, or negative, or irritating. These are the types of prophecies that Ezekiel was called to share throughout his career. And while these messages weren\u2019t fun to give, Ezekiel knew that God was guiding him, that God was present. In chapter 37 verse 1, he says \u201cthe hand of the lord came upon me\u201d, and in verse 2, \u201che led me all around them (the dry bones)\u201d.<\/p>\n<p>While things appear before us to be a valley of despair, God is present, acting through those called to lead us. God is present, witnessing the situation of us and those around us, being a part of the emotions we are feeling. John writes that Jesus travelled to visit Mary, Martha, and the deceased Lazarus. As he talks to Martha, and then Mary, and sees the sadness of all those gathered, we read that \u201cJesus began to weep.\u201d John 11:35, is commonly known to be the shortest verse in the King James Version, two words, \u201cJesus wept,\u201d and in these two words we hear that Jesus comes amidst our pain, witnesses our emotions, and feels them, being present with us as we grieve.<\/p>\n<p>In our gospel reading, it is grief over the death of Lazarus. As the story is told, there is again powerful truth telling. Lazarus is dead. There is no confusion or potential that he is sleeping. In ancient Jewish belief, it was thought that the spirit of the deceased person hovered around the body or resting place for three days. In verse 39, Martha recoils at the thought of opening the tomb at Jesus\u2019 command because Lazarus has been dead for four days and there is already a stench. Lazarus is dead, his spirit is gone, there is only a body left, wrapped in rotting rags and surrounded by a stench.<\/p>\n<p>But when the tomb is open, after calling out to God, Jesus cries with a loud voice: \u201cLazarus, come out!\u201d I imagine the next moments must have been anxiety ridden for everyone. Did they hear a shuffling sound of footsteps first? Did they see slight movement in the shadows? Or were they quickly greeted by the sight of the dead man walking, \u201chis hands and feet bound with strips of cloth.\u201d? The words spoken by Jesus have brought a dead man back to life.<\/p>\n<p>It is the spoken words of Ezekiel, prophesying the words of the Lord, that cause the dry bones in the valley to come together, for sinews to grow, for skin to come upon them. But Ezekiel notices \u2013 there is no breath in them. And again at God\u2019s command, Ezekiel orders the four winds to breathe upon the newly formed bodies, and to put breath within them. Through this image of a field of bones forming life, God reminds Israel that God will always be in their presence, that God\u2019s spirit will be placed in them, and as verse 14 states: \u201cyou shall know that I, the Lord, have spoken and will act.\u201d<\/p>\n<p>God speaks and life is formed. Jesus speaks and life is resurrected. The word of God changes lives, and at this time of fasting, where we can not gather to share in the sacrament of Holy Communion, we can still share in the Word. The reformers who shaped the early Lutheran church understood the importance of the Word of God. They write that \u201cFaith is sparked by the word.\u201d\u00a0 Luther writes in his large catechism that\u00a0 \u201cwe believe in him who daily brings us into this community through the Word, and imparts, increases, and strengthens faith through the same Word and the forgiveness of sins.\u201d\u00a0 Or from Romans 10:17, \u201cSo faith comes from what is heard, and what is heard comes through the word of Christ.\u201d<\/p>\n<p>We receive the Word when we can\u2019t receive communion. So I urge you to take advantage of this time apart from each other to nurture your faith through the word. Listen to the weekly reflections offered on this YouTube channel. Read your Bible. Read the daily devotional that was mailed out to every family of the congregation. Put your children to bed each night with a story about Jesus.<\/p>\n<p>And know that amidst all that is going on around us, God breathes life into us. And Jesus weeps. Knowing that Lazarus will come out, Jesus shares in the grief of that moment, of those around him. We are called to do that in these days, to come together in this time and support each other, as God and the Word support us. Amen<\/p>\n<p><strong>Prayers:<\/strong><\/p>\n<p>Our prayers this week come from the Lutheran World Federation.\u00a0 We pray together with people around the world. In times of restraint and physical distancing, when the body of Christ cannot meet in one place, we gather through the Holy Spirit in our many different places \u2013 house, apartment, room \u2013 and call out to you. Hear our cry, O God, <strong>Listen to our prayer<\/strong>.<\/p>\n<p>Give courage and wisdom to national governments and local authorities to enforce public health regulations for the welfare of all and increase efforts to stop the spread of the virus that affects every human being. Hear our cry, O God, <strong>Listen to our prayer<\/strong>.<\/p>\n<p>God, have mercy! Heal the sick, strengthen the elderly and vulnerable, protect all from the spread of COVID-19. Hear our cry, O God, <strong>Listen to our prayer<\/strong>.<\/p>\n<p>God, have mercy! Support and protect all health care workers and all who serve the sick and those at high risk of infection. We remember in particular refugees and those serving them today. Reinforce all agencies that support public health. Hear our cry, O God, Listen to our prayer.<\/p>\n<p>God, have mercy! Comfort and uplift those who are alone, isolated, oppressed by solitude and anxiety. Hear our cry, O God, <strong>Listen to our prayer<\/strong>.<\/p>\n<p>God, bring us peace. Be with those who are celebrating their birthdays amidst in ways they could not have imagined. We remember all who are celebrating birthdays this week, including Ortrud, Patricia, Theodor, and Ashley. Hear our cry, O God, <strong>Listen to our prayer<\/strong>.<\/p>\n<p>Fill each and every heart with that trust in your grace that frees us and binds us together in communion in the one body of your son, Jesus Christ. Hear our cry, O God, <strong>Listen to our prayer<\/strong>.<\/p>\n<p>Send your Holy Spirit. Renew your church in its prayer and in solidarity with all its neighbors. Hear our cry, O God, <strong>Listen to our prayer<\/strong>.<\/p>\n<p>Remember in your mercy all those who have died and will die today. Hear our cry, O God, L<strong>isten to our prayer<\/strong>.<\/p>\n<p>Trusting in your great compassion and unconditional promise always to be with us, we pray. Amen.<\/p>\n<p><strong>Blessing<\/strong><br \/>\nNow is the acceptable time.<br \/>\nNow is the day of salvation.<br \/>\nHoly God, speaking, spoken, and inspiring,<br \/>\n\u2629 bless you, unbind you,<br \/>\nand send you in love and in peace.<br \/>\nAmen.<\/p>\n<\/div>\n<div><strong>Dismissal<\/strong><br \/>\nGo in peace. Share the good news.<br \/>\n<strong>Thanks be to God.<\/strong><\/div>\n","protected":false},"excerpt":{"rendered":"<p>W\u00e4hrend wir uns in dieser Zeit nicht pers\u00f6nlich versammeln k\u00f6nnen, k\u00f6nnen wir uns online versammeln, um das Wort, das Gebet und die Reflexion zu teilen. Diese Woche reflektiert Vikar Jordan Smith, wie Emotionen in der Schrift dargestellt werden und wie die Kraft des Wortes unseren Glauben f\u00f6rdert. Sonntag, den 29. M\u00e4rz 2020 Online-Gottesdienst YouTube-Video:\u00a0[PDF] Vicar&hellip;<\/p>\n","protected":false},"author":9,"featured_media":33645,"comment_status":"closed","ping_status":"closed","sticky":false,"template":"","format":"standard","meta":{"footnotes":""},"categories":[69],"tags":[],"post_series":[],"class_list":["post-33642","post","type-post","status-publish","format-standard","has-post-thumbnail","hentry","category-news-blog-german","entry","has-media"],"yoast_head":"<!-- This site is optimized with the Yoast SEO plugin v27.5 - https:\/\/yoast.com\/product\/yoast-seo-wordpress\/ -->\n<title>Sonntag, den 29. M\u00e4rz 2020 Online-Gottesdienst YouTube-Video - Martin Luther Evangelische Kirche Toronto<\/title>\n<meta name=\"robots\" content=\"index, follow, max-snippet:-1, max-image-preview:large, max-video-preview:-1\" \/>\n<link rel=\"canonical\" href=\"https:\/\/martinluther.ca\/de\/2020\/03\/sonntag-den-29-maerz-2020-online-gottesdienst-youtube-video\/\" \/>\n<meta property=\"og:locale\" content=\"de_DE\" \/>\n<meta property=\"og:type\" content=\"article\" \/>\n<meta property=\"og:title\" content=\"Sonntag, den 29. M\u00e4rz 2020 Online-Gottesdienst YouTube-Video - Martin Luther Evangelische Kirche Toronto\" \/>\n<meta property=\"og:description\" content=\"W\u00e4hrend wir uns in dieser Zeit nicht pers\u00f6nlich versammeln k\u00f6nnen, k\u00f6nnen wir uns online versammeln, um das Wort, das Gebet und die Reflexion zu teilen. Diese Woche reflektiert Vikar Jordan Smith, wie Emotionen in der Schrift dargestellt werden und wie die Kraft des Wortes unseren Glauben f\u00f6rdert. Sonntag, den 29. M\u00e4rz 2020 Online-Gottesdienst YouTube-Video:\u00a0[PDF] Vicar&hellip;\" \/>\n<meta property=\"og:url\" content=\"https:\/\/martinluther.ca\/de\/2020\/03\/sonntag-den-29-maerz-2020-online-gottesdienst-youtube-video\/\" \/>\n<meta property=\"og:site_name\" content=\"Martin Luther Evangelische Kirche Toronto\" \/>\n<meta property=\"article:publisher\" content=\"https:\/\/www.facebook.com\/martinlutherchurchtoronto\" \/>\n<meta property=\"article:published_time\" content=\"2020-03-28T23:39:44+00:00\" \/>\n<meta property=\"article:modified_time\" content=\"2020-04-28T18:49:59+00:00\" \/>\n<meta property=\"og:image\" content=\"https:\/\/martinluther.ca\/wp-content\/uploads\/2020\/03\/Online-Worship-YouTube-Video-SunMar29-2020-11-4x3-1.png\" \/>\n\t<meta property=\"og:image:width\" content=\"1437\" \/>\n\t<meta property=\"og:image:height\" content=\"1078\" \/>\n\t<meta property=\"og:image:type\" content=\"image\/png\" \/>\n<meta name=\"author\" content=\"Mona Kakoschke Frantzke\" \/>\n<meta name=\"twitter:card\" content=\"summary_large_image\" \/>\n<meta name=\"twitter:label1\" content=\"Verfasst von\" \/>\n\t<meta name=\"twitter:data1\" content=\"Mona Kakoschke Frantzke\" \/>\n\t<meta name=\"twitter:label2\" content=\"Gesch\u00e4tzte Lesezeit\" \/>\n\t<meta name=\"twitter:data2\" content=\"11\u00a0Minuten\" \/>\n<script type=\"application\/ld+json\" class=\"yoast-schema-graph\">{\"@context\":\"https:\\\/\\\/schema.org\",\"@graph\":[{\"@type\":\"Article\",\"@id\":\"https:\\\/\\\/martinluther.ca\\\/de\\\/2020\\\/03\\\/sonntag-den-29-maerz-2020-online-gottesdienst-youtube-video\\\/#article\",\"isPartOf\":{\"@id\":\"https:\\\/\\\/martinluther.ca\\\/de\\\/2020\\\/03\\\/sonntag-den-29-maerz-2020-online-gottesdienst-youtube-video\\\/\"},\"author\":{\"name\":\"Mona Kakoschke Frantzke\",\"@id\":\"https:\\\/\\\/martinluther.ca\\\/de\\\/#\\\/schema\\\/person\\\/815c51710f70b050f0476f18da6b0c8f\"},\"headline\":\"Sonntag, den 29. M\u00e4rz 2020 Online-Gottesdienst YouTube-Video\",\"datePublished\":\"2020-03-28T23:39:44+00:00\",\"dateModified\":\"2020-04-28T18:49:59+00:00\",\"mainEntityOfPage\":{\"@id\":\"https:\\\/\\\/martinluther.ca\\\/de\\\/2020\\\/03\\\/sonntag-den-29-maerz-2020-online-gottesdienst-youtube-video\\\/\"},\"wordCount\":2137,\"publisher\":{\"@id\":\"https:\\\/\\\/martinluther.ca\\\/de\\\/#organization\"},\"image\":{\"@id\":\"https:\\\/\\\/martinluther.ca\\\/de\\\/2020\\\/03\\\/sonntag-den-29-maerz-2020-online-gottesdienst-youtube-video\\\/#primaryimage\"},\"thumbnailUrl\":\"https:\\\/\\\/martinluther.ca\\\/wp-content\\\/uploads\\\/2020\\\/03\\\/Online-Worship-YouTube-Video-SunMar29-2020-11-4x3-1.png\",\"articleSection\":[\"News Blog - German\"],\"inLanguage\":\"de\"},{\"@type\":\"WebPage\",\"@id\":\"https:\\\/\\\/martinluther.ca\\\/de\\\/2020\\\/03\\\/sonntag-den-29-maerz-2020-online-gottesdienst-youtube-video\\\/\",\"url\":\"https:\\\/\\\/martinluther.ca\\\/de\\\/2020\\\/03\\\/sonntag-den-29-maerz-2020-online-gottesdienst-youtube-video\\\/\",\"name\":\"Sonntag, den 29. M\u00e4rz 2020 Online-Gottesdienst YouTube-Video - Martin Luther Evangelische Kirche Toronto\",\"isPartOf\":{\"@id\":\"https:\\\/\\\/martinluther.ca\\\/de\\\/#website\"},\"primaryImageOfPage\":{\"@id\":\"https:\\\/\\\/martinluther.ca\\\/de\\\/2020\\\/03\\\/sonntag-den-29-maerz-2020-online-gottesdienst-youtube-video\\\/#primaryimage\"},\"image\":{\"@id\":\"https:\\\/\\\/martinluther.ca\\\/de\\\/2020\\\/03\\\/sonntag-den-29-maerz-2020-online-gottesdienst-youtube-video\\\/#primaryimage\"},\"thumbnailUrl\":\"https:\\\/\\\/martinluther.ca\\\/wp-content\\\/uploads\\\/2020\\\/03\\\/Online-Worship-YouTube-Video-SunMar29-2020-11-4x3-1.png\",\"datePublished\":\"2020-03-28T23:39:44+00:00\",\"dateModified\":\"2020-04-28T18:49:59+00:00\",\"breadcrumb\":{\"@id\":\"https:\\\/\\\/martinluther.ca\\\/de\\\/2020\\\/03\\\/sonntag-den-29-maerz-2020-online-gottesdienst-youtube-video\\\/#breadcrumb\"},\"inLanguage\":\"de\",\"potentialAction\":[{\"@type\":\"ReadAction\",\"target\":[\"https:\\\/\\\/martinluther.ca\\\/de\\\/2020\\\/03\\\/sonntag-den-29-maerz-2020-online-gottesdienst-youtube-video\\\/\"]}]},{\"@type\":\"ImageObject\",\"inLanguage\":\"de\",\"@id\":\"https:\\\/\\\/martinluther.ca\\\/de\\\/2020\\\/03\\\/sonntag-den-29-maerz-2020-online-gottesdienst-youtube-video\\\/#primaryimage\",\"url\":\"https:\\\/\\\/martinluther.ca\\\/wp-content\\\/uploads\\\/2020\\\/03\\\/Online-Worship-YouTube-Video-SunMar29-2020-11-4x3-1.png\",\"contentUrl\":\"https:\\\/\\\/martinluther.ca\\\/wp-content\\\/uploads\\\/2020\\\/03\\\/Online-Worship-YouTube-Video-SunMar29-2020-11-4x3-1.png\",\"width\":1437,\"height\":1078,\"caption\":\"Sonntag, den 29. M\u00e4rz 2020 Online-Gottesdienst, Vikar Jordan Smith\"},{\"@type\":\"BreadcrumbList\",\"@id\":\"https:\\\/\\\/martinluther.ca\\\/de\\\/2020\\\/03\\\/sonntag-den-29-maerz-2020-online-gottesdienst-youtube-video\\\/#breadcrumb\",\"itemListElement\":[{\"@type\":\"ListItem\",\"position\":1,\"name\":\"Home\",\"item\":\"https:\\\/\\\/martinluther.ca\\\/de\\\/\"},{\"@type\":\"ListItem\",\"position\":2,\"name\":\"Sonntag, den 29. M\u00e4rz 2020 Online-Gottesdienst YouTube-Video\"}]},{\"@type\":\"WebSite\",\"@id\":\"https:\\\/\\\/martinluther.ca\\\/de\\\/#website\",\"url\":\"https:\\\/\\\/martinluther.ca\\\/de\\\/\",\"name\":\"Martin Luther Evangelical Church Toronto\",\"description\":\"Deutsch &amp; Englisch\",\"publisher\":{\"@id\":\"https:\\\/\\\/martinluther.ca\\\/de\\\/#organization\"},\"potentialAction\":[{\"@type\":\"SearchAction\",\"target\":{\"@type\":\"EntryPoint\",\"urlTemplate\":\"https:\\\/\\\/martinluther.ca\\\/de\\\/?s={search_term_string}\"},\"query-input\":{\"@type\":\"PropertyValueSpecification\",\"valueRequired\":true,\"valueName\":\"search_term_string\"}}],\"inLanguage\":\"de\"},{\"@type\":\"Organization\",\"@id\":\"https:\\\/\\\/martinluther.ca\\\/de\\\/#organization\",\"name\":\"Martin Luther Evangelical Church Toronto\",\"url\":\"https:\\\/\\\/martinluther.ca\\\/de\\\/\",\"logo\":{\"@type\":\"ImageObject\",\"inLanguage\":\"de\",\"@id\":\"https:\\\/\\\/martinluther.ca\\\/de\\\/#\\\/schema\\\/logo\\\/image\\\/\",\"url\":\"https:\\\/\\\/martinluther.ca\\\/wp-content\\\/uploads\\\/2016\\\/12\\\/ml-logo-300.png\",\"contentUrl\":\"https:\\\/\\\/martinluther.ca\\\/wp-content\\\/uploads\\\/2016\\\/12\\\/ml-logo-300.png\",\"width\":300,\"height\":150,\"caption\":\"Martin Luther Evangelical Church Toronto\"},\"image\":{\"@id\":\"https:\\\/\\\/martinluther.ca\\\/de\\\/#\\\/schema\\\/logo\\\/image\\\/\"},\"sameAs\":[\"https:\\\/\\\/www.facebook.com\\\/martinlutherchurchtoronto\",\"https:\\\/\\\/www.instagram.com\\\/lutheransbythelake\\\/\",\"https:\\\/\\\/www.youtube.com\\\/MartinLutherChurchToronto\"]},{\"@type\":\"Person\",\"@id\":\"https:\\\/\\\/martinluther.ca\\\/de\\\/#\\\/schema\\\/person\\\/815c51710f70b050f0476f18da6b0c8f\",\"name\":\"Mona Kakoschke Frantzke\",\"image\":{\"@type\":\"ImageObject\",\"inLanguage\":\"de\",\"@id\":\"https:\\\/\\\/secure.gravatar.com\\\/avatar\\\/0deb16854ca545cd2e9fc8001ca110d262b80d5c8317b38dc542265fbea0ed19?s=96&d=mm&r=g\",\"url\":\"https:\\\/\\\/secure.gravatar.com\\\/avatar\\\/0deb16854ca545cd2e9fc8001ca110d262b80d5c8317b38dc542265fbea0ed19?s=96&d=mm&r=g\",\"contentUrl\":\"https:\\\/\\\/secure.gravatar.com\\\/avatar\\\/0deb16854ca545cd2e9fc8001ca110d262b80d5c8317b38dc542265fbea0ed19?s=96&d=mm&r=g\",\"caption\":\"Mona Kakoschke Frantzke\"},\"url\":false}]}<\/script>\n<!-- \/ Yoast SEO plugin. -->","yoast_head_json":{"title":"Sonntag, den 29. M\u00e4rz 2020 Online-Gottesdienst YouTube-Video - Martin Luther Evangelische Kirche Toronto","robots":{"index":"index","follow":"follow","max-snippet":"max-snippet:-1","max-image-preview":"max-image-preview:large","max-video-preview":"max-video-preview:-1"},"canonical":"https:\/\/martinluther.ca\/de\/2020\/03\/sonntag-den-29-maerz-2020-online-gottesdienst-youtube-video\/","og_locale":"de_DE","og_type":"article","og_title":"Sonntag, den 29. M\u00e4rz 2020 Online-Gottesdienst YouTube-Video - Martin Luther Evangelische Kirche Toronto","og_description":"W\u00e4hrend wir uns in dieser Zeit nicht pers\u00f6nlich versammeln k\u00f6nnen, k\u00f6nnen wir uns online versammeln, um das Wort, das Gebet und die Reflexion zu teilen. Diese Woche reflektiert Vikar Jordan Smith, wie Emotionen in der Schrift dargestellt werden und wie die Kraft des Wortes unseren Glauben f\u00f6rdert. Sonntag, den 29. M\u00e4rz 2020 Online-Gottesdienst YouTube-Video:\u00a0[PDF] Vicar&hellip;","og_url":"https:\/\/martinluther.ca\/de\/2020\/03\/sonntag-den-29-maerz-2020-online-gottesdienst-youtube-video\/","og_site_name":"Martin Luther Evangelische Kirche Toronto","article_publisher":"https:\/\/www.facebook.com\/martinlutherchurchtoronto","article_published_time":"2020-03-28T23:39:44+00:00","article_modified_time":"2020-04-28T18:49:59+00:00","og_image":[{"width":1437,"height":1078,"url":"https:\/\/martinluther.ca\/wp-content\/uploads\/2020\/03\/Online-Worship-YouTube-Video-SunMar29-2020-11-4x3-1.png","type":"image\/png"}],"author":"Mona Kakoschke Frantzke","twitter_card":"summary_large_image","twitter_misc":{"Verfasst von":"Mona Kakoschke Frantzke","Gesch\u00e4tzte Lesezeit":"11\u00a0Minuten"},"schema":{"@context":"https:\/\/schema.org","@graph":[{"@type":"Article","@id":"https:\/\/martinluther.ca\/de\/2020\/03\/sonntag-den-29-maerz-2020-online-gottesdienst-youtube-video\/#article","isPartOf":{"@id":"https:\/\/martinluther.ca\/de\/2020\/03\/sonntag-den-29-maerz-2020-online-gottesdienst-youtube-video\/"},"author":{"name":"Mona Kakoschke Frantzke","@id":"https:\/\/martinluther.ca\/de\/#\/schema\/person\/815c51710f70b050f0476f18da6b0c8f"},"headline":"Sonntag, den 29. M\u00e4rz 2020 Online-Gottesdienst YouTube-Video","datePublished":"2020-03-28T23:39:44+00:00","dateModified":"2020-04-28T18:49:59+00:00","mainEntityOfPage":{"@id":"https:\/\/martinluther.ca\/de\/2020\/03\/sonntag-den-29-maerz-2020-online-gottesdienst-youtube-video\/"},"wordCount":2137,"publisher":{"@id":"https:\/\/martinluther.ca\/de\/#organization"},"image":{"@id":"https:\/\/martinluther.ca\/de\/2020\/03\/sonntag-den-29-maerz-2020-online-gottesdienst-youtube-video\/#primaryimage"},"thumbnailUrl":"https:\/\/martinluther.ca\/wp-content\/uploads\/2020\/03\/Online-Worship-YouTube-Video-SunMar29-2020-11-4x3-1.png","articleSection":["News Blog - German"],"inLanguage":"de"},{"@type":"WebPage","@id":"https:\/\/martinluther.ca\/de\/2020\/03\/sonntag-den-29-maerz-2020-online-gottesdienst-youtube-video\/","url":"https:\/\/martinluther.ca\/de\/2020\/03\/sonntag-den-29-maerz-2020-online-gottesdienst-youtube-video\/","name":"Sonntag, den 29. M\u00e4rz 2020 Online-Gottesdienst YouTube-Video - Martin Luther Evangelische Kirche Toronto","isPartOf":{"@id":"https:\/\/martinluther.ca\/de\/#website"},"primaryImageOfPage":{"@id":"https:\/\/martinluther.ca\/de\/2020\/03\/sonntag-den-29-maerz-2020-online-gottesdienst-youtube-video\/#primaryimage"},"image":{"@id":"https:\/\/martinluther.ca\/de\/2020\/03\/sonntag-den-29-maerz-2020-online-gottesdienst-youtube-video\/#primaryimage"},"thumbnailUrl":"https:\/\/martinluther.ca\/wp-content\/uploads\/2020\/03\/Online-Worship-YouTube-Video-SunMar29-2020-11-4x3-1.png","datePublished":"2020-03-28T23:39:44+00:00","dateModified":"2020-04-28T18:49:59+00:00","breadcrumb":{"@id":"https:\/\/martinluther.ca\/de\/2020\/03\/sonntag-den-29-maerz-2020-online-gottesdienst-youtube-video\/#breadcrumb"},"inLanguage":"de","potentialAction":[{"@type":"ReadAction","target":["https:\/\/martinluther.ca\/de\/2020\/03\/sonntag-den-29-maerz-2020-online-gottesdienst-youtube-video\/"]}]},{"@type":"ImageObject","inLanguage":"de","@id":"https:\/\/martinluther.ca\/de\/2020\/03\/sonntag-den-29-maerz-2020-online-gottesdienst-youtube-video\/#primaryimage","url":"https:\/\/martinluther.ca\/wp-content\/uploads\/2020\/03\/Online-Worship-YouTube-Video-SunMar29-2020-11-4x3-1.png","contentUrl":"https:\/\/martinluther.ca\/wp-content\/uploads\/2020\/03\/Online-Worship-YouTube-Video-SunMar29-2020-11-4x3-1.png","width":1437,"height":1078,"caption":"Sonntag, den 29. M\u00e4rz 2020 Online-Gottesdienst, Vikar Jordan Smith"},{"@type":"BreadcrumbList","@id":"https:\/\/martinluther.ca\/de\/2020\/03\/sonntag-den-29-maerz-2020-online-gottesdienst-youtube-video\/#breadcrumb","itemListElement":[{"@type":"ListItem","position":1,"name":"Home","item":"https:\/\/martinluther.ca\/de\/"},{"@type":"ListItem","position":2,"name":"Sonntag, den 29. M\u00e4rz 2020 Online-Gottesdienst YouTube-Video"}]},{"@type":"WebSite","@id":"https:\/\/martinluther.ca\/de\/#website","url":"https:\/\/martinluther.ca\/de\/","name":"Martin Luther Evangelical Church Toronto","description":"Deutsch &amp; Englisch","publisher":{"@id":"https:\/\/martinluther.ca\/de\/#organization"},"potentialAction":[{"@type":"SearchAction","target":{"@type":"EntryPoint","urlTemplate":"https:\/\/martinluther.ca\/de\/?s={search_term_string}"},"query-input":{"@type":"PropertyValueSpecification","valueRequired":true,"valueName":"search_term_string"}}],"inLanguage":"de"},{"@type":"Organization","@id":"https:\/\/martinluther.ca\/de\/#organization","name":"Martin Luther Evangelical Church Toronto","url":"https:\/\/martinluther.ca\/de\/","logo":{"@type":"ImageObject","inLanguage":"de","@id":"https:\/\/martinluther.ca\/de\/#\/schema\/logo\/image\/","url":"https:\/\/martinluther.ca\/wp-content\/uploads\/2016\/12\/ml-logo-300.png","contentUrl":"https:\/\/martinluther.ca\/wp-content\/uploads\/2016\/12\/ml-logo-300.png","width":300,"height":150,"caption":"Martin Luther Evangelical Church Toronto"},"image":{"@id":"https:\/\/martinluther.ca\/de\/#\/schema\/logo\/image\/"},"sameAs":["https:\/\/www.facebook.com\/martinlutherchurchtoronto","https:\/\/www.instagram.com\/lutheransbythelake\/","https:\/\/www.youtube.com\/MartinLutherChurchToronto"]},{"@type":"Person","@id":"https:\/\/martinluther.ca\/de\/#\/schema\/person\/815c51710f70b050f0476f18da6b0c8f","name":"Mona Kakoschke Frantzke","image":{"@type":"ImageObject","inLanguage":"de","@id":"https:\/\/secure.gravatar.com\/avatar\/0deb16854ca545cd2e9fc8001ca110d262b80d5c8317b38dc542265fbea0ed19?s=96&d=mm&r=g","url":"https:\/\/secure.gravatar.com\/avatar\/0deb16854ca545cd2e9fc8001ca110d262b80d5c8317b38dc542265fbea0ed19?s=96&d=mm&r=g","contentUrl":"https:\/\/secure.gravatar.com\/avatar\/0deb16854ca545cd2e9fc8001ca110d262b80d5c8317b38dc542265fbea0ed19?s=96&d=mm&r=g","caption":"Mona Kakoschke Frantzke"},"url":false}]}},"_links":{"self":[{"href":"https:\/\/martinluther.ca\/de\/wp-json\/wp\/v2\/posts\/33642","targetHints":{"allow":["GET"]}}],"collection":[{"href":"https:\/\/martinluther.ca\/de\/wp-json\/wp\/v2\/posts"}],"about":[{"href":"https:\/\/martinluther.ca\/de\/wp-json\/wp\/v2\/types\/post"}],"author":[{"embeddable":true,"href":"https:\/\/martinluther.ca\/de\/wp-json\/wp\/v2\/users\/9"}],"replies":[{"embeddable":true,"href":"https:\/\/martinluther.ca\/de\/wp-json\/wp\/v2\/comments?post=33642"}],"version-history":[{"count":13,"href":"https:\/\/martinluther.ca\/de\/wp-json\/wp\/v2\/posts\/33642\/revisions"}],"predecessor-version":[{"id":34457,"href":"https:\/\/martinluther.ca\/de\/wp-json\/wp\/v2\/posts\/33642\/revisions\/34457"}],"wp:featuredmedia":[{"embeddable":true,"href":"https:\/\/martinluther.ca\/de\/wp-json\/wp\/v2\/media\/33645"}],"wp:attachment":[{"href":"https:\/\/martinluther.ca\/de\/wp-json\/wp\/v2\/media?parent=33642"}],"wp:term":[{"taxonomy":"category","embeddable":true,"href":"https:\/\/martinluther.ca\/de\/wp-json\/wp\/v2\/categories?post=33642"},{"taxonomy":"post_tag","embeddable":true,"href":"https:\/\/martinluther.ca\/de\/wp-json\/wp\/v2\/tags?post=33642"},{"taxonomy":"post_series","embeddable":true,"href":"https:\/\/martinluther.ca\/de\/wp-json\/wp\/v2\/post_series?post=33642"}],"curies":[{"name":"wp","href":"https:\/\/api.w.org\/{rel}","templated":true}]}}