{"id":33730,"date":"2020-04-02T22:30:19","date_gmt":"2020-04-03T02:30:19","guid":{"rendered":"https:\/\/martinluther.ca\/?p=33730"},"modified":"2020-04-02T22:32:12","modified_gmt":"2020-04-03T02:32:12","slug":"abschiedsbotschaft-von-vikarin-caroline-raddatz-zurueck-in-deutschland","status":"publish","type":"post","link":"https:\/\/martinluther.ca\/de\/2020\/04\/abschiedsbotschaft-von-vikarin-caroline-raddatz-zurueck-in-deutschland\/","title":{"rendered":"Abschiedsbotschaft von Vikarin Caroline Raddatz Zur\u00fcck in Deutschland"},"content":{"rendered":"<figure id=\"attachment_33725\" aria-describedby=\"caption-attachment-33725\" style=\"width: 185px\" class=\"wp-caption alignright\"><img loading=\"lazy\" decoding=\"async\" class=\"wp-image-33725 size-medium\" src=\"https:\/\/martinluther.ca\/wp-content\/uploads\/2020\/04\/Vicar-Caroline-Raddatz-185x300.jpeg\" alt=\"Vicar Caroline Raddatz\" width=\"185\" height=\"300\" srcset=\"https:\/\/martinluther.ca\/wp-content\/uploads\/2020\/04\/Vicar-Caroline-Raddatz-185x300.jpeg 185w, https:\/\/martinluther.ca\/wp-content\/uploads\/2020\/04\/Vicar-Caroline-Raddatz-632x1024.jpeg 632w, https:\/\/martinluther.ca\/wp-content\/uploads\/2020\/04\/Vicar-Caroline-Raddatz-768x1244.jpeg 768w, https:\/\/martinluther.ca\/wp-content\/uploads\/2020\/04\/Vicar-Caroline-Raddatz-949x1536.jpeg 949w, https:\/\/martinluther.ca\/wp-content\/uploads\/2020\/04\/Vicar-Caroline-Raddatz-1265x2048.jpeg 1265w, https:\/\/martinluther.ca\/wp-content\/uploads\/2020\/04\/Vicar-Caroline-Raddatz-scaled.jpeg 1581w\" sizes=\"auto, (max-width: 185px) 100vw, 185px\" \/><figcaption id=\"caption-attachment-33725\" class=\"wp-caption-text\">Vicar Caroline Raddatz, at Martin Luther Church Toronto January to April 2020<\/figcaption><\/figure>\n<p>2. April 2020 &#8211;<br \/>\nEigentlich wollte ich nur f\u00fcr eine private Urlaubsreise im M\u00e4rz nach Deutschland fliegen. Konfirmandenwochenenden, Gottesdienste, \u00dcbernachtungsaktionen und das Osterfest \u2013 alles war schon geplant.<\/p>\n<p>Nun ist alles ganz anders gekommen. Durch die weltweiten Einreisebeschr\u00e4nkungen wird eine R\u00fcckkehr auf absehbare Zeit nicht m\u00f6glich sein \u2013 leider! Ein Teil von mir ist froh in diesen Zeiten bei der Familie zu sein, ein anderer Teil ist unglaublich traurig, dass die gemeinsame Arbeit sich nun nicht fortsetzen l\u00e4sst.<\/p>\n<p>Im April 2020 werde ich noch von Deutschland aus die Radioandachten gestalten und so gut es geht digital mitarbeiten. Ab Mai 2020 stehen dann vorbereitende Seminare in Deutschland an, damit ich \u2013 so Gott will \u2013 am 1.6.2020 eine Stelle als Pastorin in der Nordkirche antreten kann. Alle Verantwortlichen sind nun bem\u00fcht zeitnah eine L\u00f6sung in dieser ungew\u00f6hnlichen Situation zu finden.<\/p>\n<p>Ich bin Ihnen und Euch trotz der Umst\u00e4nde dankbar f\u00fcr 2,5 Monate tolle Erfahrung! Manchmal kommt eben alles anders als man denkt. Danke f\u00fcr das warme Willkommen, die unterst\u00fctzenden Worte und den gemeinsamen Spa\u00df bei Konfirmandenwocheneden, Gottesdiensten, Sitzungen, Planungen und so viel mehr. Insbesondere danken m\u00f6chte ich Familie Ceconi und Pastor Hoffard f\u00fcr ihre Unterst\u00fctzung, Marlena aus dem Office f\u00fcr Ihre tatkr\u00e4ftige Hilfe, Sonja und Iris Schweiger f\u00fcr ihre Energie und Tatkraft, der Daycare f\u00fcr ihr Engagement, dem Kirchengemeinderat f\u00fcr alle Unterst\u00fctzung und dem Vikar Team Jordan Smith, Adam McComb und Silke Fahl, f\u00fcr so viel, was sich gar nicht sagen l\u00e4sst.<\/p>\n<p>Liebe Martin Luther Gemeinde, ich danke Ihnen und Euch von Herzen. Gott segne weiterhin euer Tun in der Gemeinde und in der Nachbarschaft \u2013 insbesondere in diesen Coronavirus Zeiten.<\/p>\n<p>Caroline Raddatz, Vikarin im M\u00e4rz 2020<\/p>\n","protected":false},"excerpt":{"rendered":"<p>2. April 2020 &#8211; Eigentlich wollte ich nur f\u00fcr eine private Urlaubsreise im M\u00e4rz nach Deutschland fliegen. Konfirmandenwochenenden, Gottesdienste, \u00dcbernachtungsaktionen und das Osterfest \u2013 alles war schon geplant. Nun ist alles ganz anders gekommen. Durch die weltweiten Einreisebeschr\u00e4nkungen wird eine R\u00fcckkehr auf absehbare Zeit nicht m\u00f6glich sein \u2013 leider! Ein Teil von mir ist froh&hellip;<\/p>\n","protected":false},"author":9,"featured_media":33727,"comment_status":"closed","ping_status":"closed","sticky":false,"template":"","format":"standard","meta":{"footnotes":""},"categories":[69],"tags":[],"post_series":[],"class_list":["post-33730","post","type-post","status-publish","format-standard","has-post-thumbnail","hentry","category-news-blog-german","entry","has-media"],"yoast_head":"<!-- This site is optimized with the Yoast SEO plugin v27.5 - https:\/\/yoast.com\/product\/yoast-seo-wordpress\/ -->\n<title>Abschiedsbotschaft von Vikarin Caroline Raddatz Zur\u00fcck in Deutschland - Martin Luther Evangelische Kirche Toronto<\/title>\n<meta name=\"robots\" content=\"index, follow, max-snippet:-1, max-image-preview:large, max-video-preview:-1\" \/>\n<link rel=\"canonical\" href=\"https:\/\/martinluther.ca\/de\/2020\/04\/abschiedsbotschaft-von-vikarin-caroline-raddatz-zurueck-in-deutschland\/\" \/>\n<meta property=\"og:locale\" content=\"de_DE\" \/>\n<meta property=\"og:type\" content=\"article\" \/>\n<meta property=\"og:title\" content=\"Abschiedsbotschaft von Vikarin Caroline Raddatz Zur\u00fcck in Deutschland - Martin Luther Evangelische Kirche Toronto\" \/>\n<meta property=\"og:description\" content=\"2. April 2020 &#8211; Eigentlich wollte ich nur f\u00fcr eine private Urlaubsreise im M\u00e4rz nach Deutschland fliegen. Konfirmandenwochenenden, Gottesdienste, \u00dcbernachtungsaktionen und das Osterfest \u2013 alles war schon geplant. Nun ist alles ganz anders gekommen. Durch die weltweiten Einreisebeschr\u00e4nkungen wird eine R\u00fcckkehr auf absehbare Zeit nicht m\u00f6glich sein \u2013 leider! Ein Teil von mir ist froh&hellip;\" \/>\n<meta property=\"og:url\" content=\"https:\/\/martinluther.ca\/de\/2020\/04\/abschiedsbotschaft-von-vikarin-caroline-raddatz-zurueck-in-deutschland\/\" \/>\n<meta property=\"og:site_name\" content=\"Martin Luther Evangelische Kirche Toronto\" \/>\n<meta property=\"article:publisher\" content=\"https:\/\/www.facebook.com\/martinlutherchurchtoronto\" \/>\n<meta property=\"article:published_time\" content=\"2020-04-03T02:30:19+00:00\" \/>\n<meta property=\"article:modified_time\" content=\"2020-04-03T02:32:12+00:00\" \/>\n<meta property=\"og:image\" content=\"https:\/\/martinluther.ca\/wp-content\/uploads\/2020\/04\/Vicar-Caroline-Raddatz-4.jpeg\" \/>\n\t<meta property=\"og:image:width\" content=\"2266\" \/>\n\t<meta property=\"og:image:height\" content=\"1399\" \/>\n\t<meta property=\"og:image:type\" content=\"image\/jpeg\" \/>\n<meta name=\"author\" content=\"Mona Kakoschke Frantzke\" \/>\n<meta name=\"twitter:card\" content=\"summary_large_image\" \/>\n<meta name=\"twitter:label1\" content=\"Verfasst von\" \/>\n\t<meta name=\"twitter:data1\" content=\"Mona Kakoschke Frantzke\" \/>\n\t<meta name=\"twitter:label2\" content=\"Gesch\u00e4tzte Lesezeit\" \/>\n\t<meta name=\"twitter:data2\" content=\"2\u00a0Minuten\" \/>\n<script type=\"application\/ld+json\" class=\"yoast-schema-graph\">{\"@context\":\"https:\\\/\\\/schema.org\",\"@graph\":[{\"@type\":\"Article\",\"@id\":\"https:\\\/\\\/martinluther.ca\\\/de\\\/2020\\\/04\\\/abschiedsbotschaft-von-vikarin-caroline-raddatz-zurueck-in-deutschland\\\/#article\",\"isPartOf\":{\"@id\":\"https:\\\/\\\/martinluther.ca\\\/de\\\/2020\\\/04\\\/abschiedsbotschaft-von-vikarin-caroline-raddatz-zurueck-in-deutschland\\\/\"},\"author\":{\"name\":\"Mona Kakoschke Frantzke\",\"@id\":\"https:\\\/\\\/martinluther.ca\\\/de\\\/#\\\/schema\\\/person\\\/815c51710f70b050f0476f18da6b0c8f\"},\"headline\":\"Abschiedsbotschaft von Vikarin Caroline Raddatz Zur\u00fcck in Deutschland\",\"datePublished\":\"2020-04-03T02:30:19+00:00\",\"dateModified\":\"2020-04-03T02:32:12+00:00\",\"mainEntityOfPage\":{\"@id\":\"https:\\\/\\\/martinluther.ca\\\/de\\\/2020\\\/04\\\/abschiedsbotschaft-von-vikarin-caroline-raddatz-zurueck-in-deutschland\\\/\"},\"wordCount\":316,\"publisher\":{\"@id\":\"https:\\\/\\\/martinluther.ca\\\/de\\\/#organization\"},\"image\":{\"@id\":\"https:\\\/\\\/martinluther.ca\\\/de\\\/2020\\\/04\\\/abschiedsbotschaft-von-vikarin-caroline-raddatz-zurueck-in-deutschland\\\/#primaryimage\"},\"thumbnailUrl\":\"https:\\\/\\\/martinluther.ca\\\/wp-content\\\/uploads\\\/2020\\\/04\\\/Vicar-Caroline-Raddatz-4.jpeg\",\"articleSection\":[\"News Blog - German\"],\"inLanguage\":\"de\"},{\"@type\":\"WebPage\",\"@id\":\"https:\\\/\\\/martinluther.ca\\\/de\\\/2020\\\/04\\\/abschiedsbotschaft-von-vikarin-caroline-raddatz-zurueck-in-deutschland\\\/\",\"url\":\"https:\\\/\\\/martinluther.ca\\\/de\\\/2020\\\/04\\\/abschiedsbotschaft-von-vikarin-caroline-raddatz-zurueck-in-deutschland\\\/\",\"name\":\"Abschiedsbotschaft von Vikarin Caroline Raddatz Zur\u00fcck in Deutschland - Martin Luther Evangelische Kirche Toronto\",\"isPartOf\":{\"@id\":\"https:\\\/\\\/martinluther.ca\\\/de\\\/#website\"},\"primaryImageOfPage\":{\"@id\":\"https:\\\/\\\/martinluther.ca\\\/de\\\/2020\\\/04\\\/abschiedsbotschaft-von-vikarin-caroline-raddatz-zurueck-in-deutschland\\\/#primaryimage\"},\"image\":{\"@id\":\"https:\\\/\\\/martinluther.ca\\\/de\\\/2020\\\/04\\\/abschiedsbotschaft-von-vikarin-caroline-raddatz-zurueck-in-deutschland\\\/#primaryimage\"},\"thumbnailUrl\":\"https:\\\/\\\/martinluther.ca\\\/wp-content\\\/uploads\\\/2020\\\/04\\\/Vicar-Caroline-Raddatz-4.jpeg\",\"datePublished\":\"2020-04-03T02:30:19+00:00\",\"dateModified\":\"2020-04-03T02:32:12+00:00\",\"breadcrumb\":{\"@id\":\"https:\\\/\\\/martinluther.ca\\\/de\\\/2020\\\/04\\\/abschiedsbotschaft-von-vikarin-caroline-raddatz-zurueck-in-deutschland\\\/#breadcrumb\"},\"inLanguage\":\"de\",\"potentialAction\":[{\"@type\":\"ReadAction\",\"target\":[\"https:\\\/\\\/martinluther.ca\\\/de\\\/2020\\\/04\\\/abschiedsbotschaft-von-vikarin-caroline-raddatz-zurueck-in-deutschland\\\/\"]}]},{\"@type\":\"ImageObject\",\"inLanguage\":\"de\",\"@id\":\"https:\\\/\\\/martinluther.ca\\\/de\\\/2020\\\/04\\\/abschiedsbotschaft-von-vikarin-caroline-raddatz-zurueck-in-deutschland\\\/#primaryimage\",\"url\":\"https:\\\/\\\/martinluther.ca\\\/wp-content\\\/uploads\\\/2020\\\/04\\\/Vicar-Caroline-Raddatz-4.jpeg\",\"contentUrl\":\"https:\\\/\\\/martinluther.ca\\\/wp-content\\\/uploads\\\/2020\\\/04\\\/Vicar-Caroline-Raddatz-4.jpeg\",\"width\":2266,\"height\":1399,\"caption\":\"2020 Vicar Caroline Raddatz\"},{\"@type\":\"BreadcrumbList\",\"@id\":\"https:\\\/\\\/martinluther.ca\\\/de\\\/2020\\\/04\\\/abschiedsbotschaft-von-vikarin-caroline-raddatz-zurueck-in-deutschland\\\/#breadcrumb\",\"itemListElement\":[{\"@type\":\"ListItem\",\"position\":1,\"name\":\"Home\",\"item\":\"https:\\\/\\\/martinluther.ca\\\/de\\\/\"},{\"@type\":\"ListItem\",\"position\":2,\"name\":\"Abschiedsbotschaft von Vikarin Caroline Raddatz Zur\u00fcck in Deutschland\"}]},{\"@type\":\"WebSite\",\"@id\":\"https:\\\/\\\/martinluther.ca\\\/de\\\/#website\",\"url\":\"https:\\\/\\\/martinluther.ca\\\/de\\\/\",\"name\":\"Martin Luther Evangelical Church Toronto\",\"description\":\"Deutsch &amp; Englisch\",\"publisher\":{\"@id\":\"https:\\\/\\\/martinluther.ca\\\/de\\\/#organization\"},\"potentialAction\":[{\"@type\":\"SearchAction\",\"target\":{\"@type\":\"EntryPoint\",\"urlTemplate\":\"https:\\\/\\\/martinluther.ca\\\/de\\\/?s={search_term_string}\"},\"query-input\":{\"@type\":\"PropertyValueSpecification\",\"valueRequired\":true,\"valueName\":\"search_term_string\"}}],\"inLanguage\":\"de\"},{\"@type\":\"Organization\",\"@id\":\"https:\\\/\\\/martinluther.ca\\\/de\\\/#organization\",\"name\":\"Martin Luther Evangelical Church Toronto\",\"url\":\"https:\\\/\\\/martinluther.ca\\\/de\\\/\",\"logo\":{\"@type\":\"ImageObject\",\"inLanguage\":\"de\",\"@id\":\"https:\\\/\\\/martinluther.ca\\\/de\\\/#\\\/schema\\\/logo\\\/image\\\/\",\"url\":\"https:\\\/\\\/martinluther.ca\\\/wp-content\\\/uploads\\\/2016\\\/12\\\/ml-logo-300.png\",\"contentUrl\":\"https:\\\/\\\/martinluther.ca\\\/wp-content\\\/uploads\\\/2016\\\/12\\\/ml-logo-300.png\",\"width\":300,\"height\":150,\"caption\":\"Martin Luther Evangelical Church Toronto\"},\"image\":{\"@id\":\"https:\\\/\\\/martinluther.ca\\\/de\\\/#\\\/schema\\\/logo\\\/image\\\/\"},\"sameAs\":[\"https:\\\/\\\/www.facebook.com\\\/martinlutherchurchtoronto\",\"https:\\\/\\\/www.instagram.com\\\/lutheransbythelake\\\/\",\"https:\\\/\\\/www.youtube.com\\\/MartinLutherChurchToronto\"]},{\"@type\":\"Person\",\"@id\":\"https:\\\/\\\/martinluther.ca\\\/de\\\/#\\\/schema\\\/person\\\/815c51710f70b050f0476f18da6b0c8f\",\"name\":\"Mona Kakoschke Frantzke\",\"image\":{\"@type\":\"ImageObject\",\"inLanguage\":\"de\",\"@id\":\"https:\\\/\\\/secure.gravatar.com\\\/avatar\\\/0deb16854ca545cd2e9fc8001ca110d262b80d5c8317b38dc542265fbea0ed19?s=96&d=mm&r=g\",\"url\":\"https:\\\/\\\/secure.gravatar.com\\\/avatar\\\/0deb16854ca545cd2e9fc8001ca110d262b80d5c8317b38dc542265fbea0ed19?s=96&d=mm&r=g\",\"contentUrl\":\"https:\\\/\\\/secure.gravatar.com\\\/avatar\\\/0deb16854ca545cd2e9fc8001ca110d262b80d5c8317b38dc542265fbea0ed19?s=96&d=mm&r=g\",\"caption\":\"Mona Kakoschke Frantzke\"},\"url\":false}]}<\/script>\n<!-- \/ Yoast SEO plugin. -->","yoast_head_json":{"title":"Abschiedsbotschaft von Vikarin Caroline Raddatz Zur\u00fcck in Deutschland - Martin Luther Evangelische Kirche Toronto","robots":{"index":"index","follow":"follow","max-snippet":"max-snippet:-1","max-image-preview":"max-image-preview:large","max-video-preview":"max-video-preview:-1"},"canonical":"https:\/\/martinluther.ca\/de\/2020\/04\/abschiedsbotschaft-von-vikarin-caroline-raddatz-zurueck-in-deutschland\/","og_locale":"de_DE","og_type":"article","og_title":"Abschiedsbotschaft von Vikarin Caroline Raddatz Zur\u00fcck in Deutschland - Martin Luther Evangelische Kirche Toronto","og_description":"2. April 2020 &#8211; Eigentlich wollte ich nur f\u00fcr eine private Urlaubsreise im M\u00e4rz nach Deutschland fliegen. Konfirmandenwochenenden, Gottesdienste, \u00dcbernachtungsaktionen und das Osterfest \u2013 alles war schon geplant. Nun ist alles ganz anders gekommen. Durch die weltweiten Einreisebeschr\u00e4nkungen wird eine R\u00fcckkehr auf absehbare Zeit nicht m\u00f6glich sein \u2013 leider! Ein Teil von mir ist froh&hellip;","og_url":"https:\/\/martinluther.ca\/de\/2020\/04\/abschiedsbotschaft-von-vikarin-caroline-raddatz-zurueck-in-deutschland\/","og_site_name":"Martin Luther Evangelische Kirche Toronto","article_publisher":"https:\/\/www.facebook.com\/martinlutherchurchtoronto","article_published_time":"2020-04-03T02:30:19+00:00","article_modified_time":"2020-04-03T02:32:12+00:00","og_image":[{"width":2266,"height":1399,"url":"https:\/\/martinluther.ca\/wp-content\/uploads\/2020\/04\/Vicar-Caroline-Raddatz-4.jpeg","type":"image\/jpeg"}],"author":"Mona Kakoschke Frantzke","twitter_card":"summary_large_image","twitter_misc":{"Verfasst von":"Mona Kakoschke Frantzke","Gesch\u00e4tzte Lesezeit":"2\u00a0Minuten"},"schema":{"@context":"https:\/\/schema.org","@graph":[{"@type":"Article","@id":"https:\/\/martinluther.ca\/de\/2020\/04\/abschiedsbotschaft-von-vikarin-caroline-raddatz-zurueck-in-deutschland\/#article","isPartOf":{"@id":"https:\/\/martinluther.ca\/de\/2020\/04\/abschiedsbotschaft-von-vikarin-caroline-raddatz-zurueck-in-deutschland\/"},"author":{"name":"Mona Kakoschke Frantzke","@id":"https:\/\/martinluther.ca\/de\/#\/schema\/person\/815c51710f70b050f0476f18da6b0c8f"},"headline":"Abschiedsbotschaft von Vikarin Caroline Raddatz Zur\u00fcck in Deutschland","datePublished":"2020-04-03T02:30:19+00:00","dateModified":"2020-04-03T02:32:12+00:00","mainEntityOfPage":{"@id":"https:\/\/martinluther.ca\/de\/2020\/04\/abschiedsbotschaft-von-vikarin-caroline-raddatz-zurueck-in-deutschland\/"},"wordCount":316,"publisher":{"@id":"https:\/\/martinluther.ca\/de\/#organization"},"image":{"@id":"https:\/\/martinluther.ca\/de\/2020\/04\/abschiedsbotschaft-von-vikarin-caroline-raddatz-zurueck-in-deutschland\/#primaryimage"},"thumbnailUrl":"https:\/\/martinluther.ca\/wp-content\/uploads\/2020\/04\/Vicar-Caroline-Raddatz-4.jpeg","articleSection":["News Blog - German"],"inLanguage":"de"},{"@type":"WebPage","@id":"https:\/\/martinluther.ca\/de\/2020\/04\/abschiedsbotschaft-von-vikarin-caroline-raddatz-zurueck-in-deutschland\/","url":"https:\/\/martinluther.ca\/de\/2020\/04\/abschiedsbotschaft-von-vikarin-caroline-raddatz-zurueck-in-deutschland\/","name":"Abschiedsbotschaft von Vikarin Caroline Raddatz Zur\u00fcck in Deutschland - Martin Luther Evangelische Kirche Toronto","isPartOf":{"@id":"https:\/\/martinluther.ca\/de\/#website"},"primaryImageOfPage":{"@id":"https:\/\/martinluther.ca\/de\/2020\/04\/abschiedsbotschaft-von-vikarin-caroline-raddatz-zurueck-in-deutschland\/#primaryimage"},"image":{"@id":"https:\/\/martinluther.ca\/de\/2020\/04\/abschiedsbotschaft-von-vikarin-caroline-raddatz-zurueck-in-deutschland\/#primaryimage"},"thumbnailUrl":"https:\/\/martinluther.ca\/wp-content\/uploads\/2020\/04\/Vicar-Caroline-Raddatz-4.jpeg","datePublished":"2020-04-03T02:30:19+00:00","dateModified":"2020-04-03T02:32:12+00:00","breadcrumb":{"@id":"https:\/\/martinluther.ca\/de\/2020\/04\/abschiedsbotschaft-von-vikarin-caroline-raddatz-zurueck-in-deutschland\/#breadcrumb"},"inLanguage":"de","potentialAction":[{"@type":"ReadAction","target":["https:\/\/martinluther.ca\/de\/2020\/04\/abschiedsbotschaft-von-vikarin-caroline-raddatz-zurueck-in-deutschland\/"]}]},{"@type":"ImageObject","inLanguage":"de","@id":"https:\/\/martinluther.ca\/de\/2020\/04\/abschiedsbotschaft-von-vikarin-caroline-raddatz-zurueck-in-deutschland\/#primaryimage","url":"https:\/\/martinluther.ca\/wp-content\/uploads\/2020\/04\/Vicar-Caroline-Raddatz-4.jpeg","contentUrl":"https:\/\/martinluther.ca\/wp-content\/uploads\/2020\/04\/Vicar-Caroline-Raddatz-4.jpeg","width":2266,"height":1399,"caption":"2020 Vicar Caroline Raddatz"},{"@type":"BreadcrumbList","@id":"https:\/\/martinluther.ca\/de\/2020\/04\/abschiedsbotschaft-von-vikarin-caroline-raddatz-zurueck-in-deutschland\/#breadcrumb","itemListElement":[{"@type":"ListItem","position":1,"name":"Home","item":"https:\/\/martinluther.ca\/de\/"},{"@type":"ListItem","position":2,"name":"Abschiedsbotschaft von Vikarin Caroline Raddatz Zur\u00fcck in Deutschland"}]},{"@type":"WebSite","@id":"https:\/\/martinluther.ca\/de\/#website","url":"https:\/\/martinluther.ca\/de\/","name":"Martin Luther Evangelical Church Toronto","description":"Deutsch &amp; Englisch","publisher":{"@id":"https:\/\/martinluther.ca\/de\/#organization"},"potentialAction":[{"@type":"SearchAction","target":{"@type":"EntryPoint","urlTemplate":"https:\/\/martinluther.ca\/de\/?s={search_term_string}"},"query-input":{"@type":"PropertyValueSpecification","valueRequired":true,"valueName":"search_term_string"}}],"inLanguage":"de"},{"@type":"Organization","@id":"https:\/\/martinluther.ca\/de\/#organization","name":"Martin Luther Evangelical Church Toronto","url":"https:\/\/martinluther.ca\/de\/","logo":{"@type":"ImageObject","inLanguage":"de","@id":"https:\/\/martinluther.ca\/de\/#\/schema\/logo\/image\/","url":"https:\/\/martinluther.ca\/wp-content\/uploads\/2016\/12\/ml-logo-300.png","contentUrl":"https:\/\/martinluther.ca\/wp-content\/uploads\/2016\/12\/ml-logo-300.png","width":300,"height":150,"caption":"Martin Luther Evangelical Church Toronto"},"image":{"@id":"https:\/\/martinluther.ca\/de\/#\/schema\/logo\/image\/"},"sameAs":["https:\/\/www.facebook.com\/martinlutherchurchtoronto","https:\/\/www.instagram.com\/lutheransbythelake\/","https:\/\/www.youtube.com\/MartinLutherChurchToronto"]},{"@type":"Person","@id":"https:\/\/martinluther.ca\/de\/#\/schema\/person\/815c51710f70b050f0476f18da6b0c8f","name":"Mona Kakoschke Frantzke","image":{"@type":"ImageObject","inLanguage":"de","@id":"https:\/\/secure.gravatar.com\/avatar\/0deb16854ca545cd2e9fc8001ca110d262b80d5c8317b38dc542265fbea0ed19?s=96&d=mm&r=g","url":"https:\/\/secure.gravatar.com\/avatar\/0deb16854ca545cd2e9fc8001ca110d262b80d5c8317b38dc542265fbea0ed19?s=96&d=mm&r=g","contentUrl":"https:\/\/secure.gravatar.com\/avatar\/0deb16854ca545cd2e9fc8001ca110d262b80d5c8317b38dc542265fbea0ed19?s=96&d=mm&r=g","caption":"Mona Kakoschke Frantzke"},"url":false}]}},"_links":{"self":[{"href":"https:\/\/martinluther.ca\/de\/wp-json\/wp\/v2\/posts\/33730","targetHints":{"allow":["GET"]}}],"collection":[{"href":"https:\/\/martinluther.ca\/de\/wp-json\/wp\/v2\/posts"}],"about":[{"href":"https:\/\/martinluther.ca\/de\/wp-json\/wp\/v2\/types\/post"}],"author":[{"embeddable":true,"href":"https:\/\/martinluther.ca\/de\/wp-json\/wp\/v2\/users\/9"}],"replies":[{"embeddable":true,"href":"https:\/\/martinluther.ca\/de\/wp-json\/wp\/v2\/comments?post=33730"}],"version-history":[{"count":2,"href":"https:\/\/martinluther.ca\/de\/wp-json\/wp\/v2\/posts\/33730\/revisions"}],"predecessor-version":[{"id":33735,"href":"https:\/\/martinluther.ca\/de\/wp-json\/wp\/v2\/posts\/33730\/revisions\/33735"}],"wp:featuredmedia":[{"embeddable":true,"href":"https:\/\/martinluther.ca\/de\/wp-json\/wp\/v2\/media\/33727"}],"wp:attachment":[{"href":"https:\/\/martinluther.ca\/de\/wp-json\/wp\/v2\/media?parent=33730"}],"wp:term":[{"taxonomy":"category","embeddable":true,"href":"https:\/\/martinluther.ca\/de\/wp-json\/wp\/v2\/categories?post=33730"},{"taxonomy":"post_tag","embeddable":true,"href":"https:\/\/martinluther.ca\/de\/wp-json\/wp\/v2\/tags?post=33730"},{"taxonomy":"post_series","embeddable":true,"href":"https:\/\/martinluther.ca\/de\/wp-json\/wp\/v2\/post_series?post=33730"}],"curies":[{"name":"wp","href":"https:\/\/api.w.org\/{rel}","templated":true}]}}