{"id":33744,"date":"2020-04-03T13:10:33","date_gmt":"2020-04-03T17:10:33","guid":{"rendered":"https:\/\/martinluther.ca\/?p=33744"},"modified":"2020-04-09T13:06:43","modified_gmt":"2020-04-09T17:06:43","slug":"karwoche-2020-ist-online-von-palmsonntag-bis-ostersonntag","status":"publish","type":"post","link":"https:\/\/martinluther.ca\/de\/2020\/04\/karwoche-2020-ist-online-von-palmsonntag-bis-ostersonntag\/","title":{"rendered":"Karwoche 2020 von Montag bis Mittwoch ist ONLINE"},"content":{"rendered":"<figure id=\"attachment_33915\" aria-describedby=\"caption-attachment-33915\" style=\"width: 300px\" class=\"wp-caption alignright\"><a href=\"https:\/\/youtu.be\/WZNEfQ2dQiY.\" target=\"_blank\" rel=\"noopener noreferrer\"><img loading=\"lazy\" decoding=\"async\" class=\"wp-image-33915 size-medium\" src=\"https:\/\/martinluther.ca\/wp-content\/uploads\/2020\/04\/Holy-Wednesday-Adam-McCombApr7-2020-5-300x226.png\" alt=\"Holy Wednesday Adam McComb(Apr8-2020)\" width=\"300\" height=\"226\" srcset=\"https:\/\/martinluther.ca\/wp-content\/uploads\/2020\/04\/Holy-Wednesday-Adam-McCombApr7-2020-5-300x226.png 300w, https:\/\/martinluther.ca\/wp-content\/uploads\/2020\/04\/Holy-Wednesday-Adam-McCombApr7-2020-5.png 556w\" sizes=\"auto, (max-width: 300px) 100vw, 300px\" \/><\/a><figcaption id=\"caption-attachment-33915\" class=\"wp-caption-text\">Holy Wednesday Reflection on April 8, 2020 by Vicar Adam McComb, Martin Luther Church<\/figcaption><\/figure>\n<p>April 8, 2020 -Wir setzen unsere Reise durch die Karwoche fort, w\u00e4hrend wir in Matthews Passionserz\u00e4hlung verweilen. Am Mittwoch der Karwoche konzentrieren wir uns auf Peters Geschichte.<\/p>\n<p><strong><a href=\"https:\/\/youtu.be\/WZNEfQ2dQiY\" target=\"_blank\" rel=\"noopener noreferrer\">https:\/\/youtu.be\/WZNEfQ2dQiY<\/a><\/strong><\/p>\n<p>Alle Ressourcen unserer Karwoche finden Sie unter www.martinluther.ca. Videos werden auf unserem YouTube-Kanal ver\u00f6ffentlicht.<\/p>\n<p>Die Lesung f\u00fcr heute ist Matth\u00e4us 26: 30-35a, 57-58, 69-75.<\/p>\n<p>30 When they had sung the hymn, they went out to the Mount of Olives.<br \/>\n31 Then Jesus said to them, \u201cYou will all become deserters because of me this night; for it is written,<br \/>\n\u2018I will strike the shepherd,<br \/>\nand the sheep of the flock will be scattered.\u2019<br \/>\n32 But after I am raised up, I will go ahead of you to Galilee.\u201d 33 Peter said to him, \u201cThough all become deserters because of you, I will never desert you.\u201d 34 Jesus said to him, \u201cTruly I tell you, this very night, before the cock crows, you will deny me three times.\u201d 35 Peter said to him, \u201cEven though I must die with you, I will not deny you.\u201d And so said all the disciples.<br \/>\n<img loading=\"lazy\" decoding=\"async\" class=\"alignright size-medium wp-image-33913\" src=\"https:\/\/martinluther.ca\/wp-content\/uploads\/2020\/04\/Holy-Wednesday-ScriptureApr7-2020-300x179.png\" alt=\"Holy Wednesday Scripture(Apr8-2020)\" width=\"300\" height=\"179\" srcset=\"https:\/\/martinluther.ca\/wp-content\/uploads\/2020\/04\/Holy-Wednesday-ScriptureApr7-2020-300x179.png 300w, https:\/\/martinluther.ca\/wp-content\/uploads\/2020\/04\/Holy-Wednesday-ScriptureApr7-2020-1024x612.png 1024w, https:\/\/martinluther.ca\/wp-content\/uploads\/2020\/04\/Holy-Wednesday-ScriptureApr7-2020-768x459.png 768w, https:\/\/martinluther.ca\/wp-content\/uploads\/2020\/04\/Holy-Wednesday-ScriptureApr7-2020.png 1280w\" sizes=\"auto, (max-width: 300px) 100vw, 300px\" \/>57 Those who had arrested Jesus took him to Caiaphas the high priest, in whose house the scribes and the elders had gathered. 58 But Peter was following him at a distance, as far as the courtyard of the high priest; and going inside, he sat with the guards in order to see how this would end.<br \/>\n69 Now Peter was sitting outside in the courtyard. A servant-girl came to him and said, \u201cYou also were with Jesus the Galilean.\u201d 70 But he denied it before all of them, saying, \u201cI do not know what you are talking about.\u201d 71 When he went out to the porch, another servant-girl saw him, and she said to the bystanders, \u201cThis man was with Jesus of Nazareth.\u201d 72 Again he denied it with an oath, \u201cI do not know the man.\u201d 73 After a little while the bystanders came up and said to Peter, \u201cCertainly you are also one of them, for your accent betrays you.\u201d 74 Then he began to curse, and he swore an oath, \u201cI do not know the man!\u201d At that moment the cock crowed. 75 Then Peter remembered what Jesus had said: \u201cBefore the cock crows, you will deny me three times.\u201d And he went out and wept bitterly.<\/p>\n<p><strong>Anruf<\/strong><\/p>\n<p>Unser Aufruf zum Handeln f\u00fcr heute ist es, \u00fcber Zeiten in Ihrem Leben nachzudenken, in denen Sie etwas geleugnet haben, das Sie nicht haben sollten.<\/p>\n<p><strong>Entlassung<\/strong><br \/>\nGeht in Frieden gehen. Und genie\u00dfen Sie die Passionszeit.<br \/>\n<strong>Gott sei Dank.<\/strong><\/p>\n<p>Die <strong>Evangelisch-Lutherische Kirche in Amerika<\/strong> hat f\u00fcr die gesamte <strong>Karwoche Anbetung<\/strong> in den Heimatliturgien geschaffen. Sie finden sie unter diesem <strong><a href=\"https:\/\/blogs.elca.org\/worship\/?_ga=2.233541404.32896673.1585847563-880900390.1583976199\" target=\"_blank\" rel=\"noopener noreferrer\">Link<\/a>.<\/strong><\/p>\n<p>************************************************************************************************<\/p>\n<figure id=\"attachment_33880\" aria-describedby=\"caption-attachment-33880\" style=\"width: 300px\" class=\"wp-caption alignright\"><a href=\"https:\/\/youtu.be\/qnM7u4Zy5MY\" target=\"_blank\" rel=\"noopener noreferrer\"><img loading=\"lazy\" decoding=\"async\" class=\"wp-image-33880 size-medium\" src=\"https:\/\/martinluther.ca\/wp-content\/uploads\/2020\/04\/Holy-Tuesday-Adam-McCombApr7-2020-4-300x225.png\" alt=\"Holy Tuesday Adam McComb(Apr7-2020)\" width=\"300\" height=\"225\" srcset=\"https:\/\/martinluther.ca\/wp-content\/uploads\/2020\/04\/Holy-Tuesday-Adam-McCombApr7-2020-4-300x225.png 300w, https:\/\/martinluther.ca\/wp-content\/uploads\/2020\/04\/Holy-Tuesday-Adam-McCombApr7-2020-4-768x576.png 768w, https:\/\/martinluther.ca\/wp-content\/uploads\/2020\/04\/Holy-Tuesday-Adam-McCombApr7-2020-4.png 857w\" sizes=\"auto, (max-width: 300px) 100vw, 300px\" \/><\/a><figcaption id=\"caption-attachment-33880\" class=\"wp-caption-text\">Holy Tuesday Reflection on April 7, 2020 by Vicar Adam McComb, Martin Luther Church<\/figcaption><\/figure>\n<p>7. April Heilger Dienstag &#8211; Wir setzen unsere Reise durch die Karwoche fort, w\u00e4hrend wir in Matthews Passionserz\u00e4hlung verweilen. Am Dienstag der Karwoche konzentrieren wir uns auf Judas &#8218;Geschichte.<\/p>\n<p><strong><a href=\"https:\/\/youtu.be\/qnM7u4Zy5MY\" target=\"_blank\" rel=\"noopener noreferrer\">https:\/\/youtu.be\/qnM7u4Zy5MY<\/a><\/strong><\/p>\n<p>Lesung: Matth\u00e4us 26: 1-5, 14-16, 47-50; 27: 1-4.<\/p>\n<p>Unser Aufruf zum Handeln f\u00fcr heute ist, dar\u00fcber nachzudenken, was Sie m\u00f6glicherweise brauchen, um sich selbst zu vergeben, und an jemanden, dem Sie m\u00f6glicherweise vergeben m\u00fcssen.<\/p>\n<p><img loading=\"lazy\" decoding=\"async\" class=\"alignright size-medium wp-image-33878\" src=\"https:\/\/martinluther.ca\/wp-content\/uploads\/2020\/04\/Holy-Tuesday-ScriptureApr7-2020-2-300x168.png\" alt=\"Holy Tuesday Scripture(Apr7-2020) (2)\" width=\"300\" height=\"168\" srcset=\"https:\/\/martinluther.ca\/wp-content\/uploads\/2020\/04\/Holy-Tuesday-ScriptureApr7-2020-2-300x168.png 300w, https:\/\/martinluther.ca\/wp-content\/uploads\/2020\/04\/Holy-Tuesday-ScriptureApr7-2020-2-1024x572.png 1024w, https:\/\/martinluther.ca\/wp-content\/uploads\/2020\/04\/Holy-Tuesday-ScriptureApr7-2020-2-768x429.png 768w, https:\/\/martinluther.ca\/wp-content\/uploads\/2020\/04\/Holy-Tuesday-ScriptureApr7-2020-2.png 1163w\" sizes=\"auto, (max-width: 300px) 100vw, 300px\" \/>26 Und es begab sich, da Jesus alle diese Reden vollendet hatte, sprach er zu seinen J\u00fcngern:<\/p>\n<p>2 Ihr wisset, da\u00df nach zwei Tagen Ostern wird; und des Menschen Sohn wird \u00fcberantwortet werden, da\u00df er gekreuzigt werde.<\/p>\n<p>3 Da versammelten sich die Hohenpriester und Schriftgelehrten und die \u00c4ltesten im Volk in den Palast des Hohenpriesters, der da hie\u00df Kaiphas,<\/p>\n<p>4 und hielten Rat, wie sie Jesus mit List griffen und t\u00f6teten.<\/p>\n<p>5 Sie sprachen aber: Ja nicht auf das Fest, auf da\u00df nicht ein Aufruhr werde im Volk!<\/p>\n<p>&nbsp;<\/p>\n<p>************************************************************************************************<\/p>\n<figure id=\"attachment_33859\" aria-describedby=\"caption-attachment-33859\" style=\"width: 300px\" class=\"wp-caption alignright\"><a href=\"https:\/\/youtu.be\/_OLsnb-QSWw\" target=\"_blank\" rel=\"noopener noreferrer\"><img loading=\"lazy\" decoding=\"async\" class=\"wp-image-33859 size-medium\" src=\"https:\/\/martinluther.ca\/wp-content\/uploads\/2020\/04\/Holy-Monday-2020-Jordan-Smith-Holy-Week-Apr6-20204x3-1-300x225.png\" alt=\"Holy Monday 2020 Jordan Smith Holy Week (Apr6-2020)\" width=\"300\" height=\"225\" srcset=\"https:\/\/martinluther.ca\/wp-content\/uploads\/2020\/04\/Holy-Monday-2020-Jordan-Smith-Holy-Week-Apr6-20204x3-1-300x225.png 300w, https:\/\/martinluther.ca\/wp-content\/uploads\/2020\/04\/Holy-Monday-2020-Jordan-Smith-Holy-Week-Apr6-20204x3-1-768x576.png 768w, https:\/\/martinluther.ca\/wp-content\/uploads\/2020\/04\/Holy-Monday-2020-Jordan-Smith-Holy-Week-Apr6-20204x3-1.png 872w\" sizes=\"auto, (max-width: 300px) 100vw, 300px\" \/><\/a><figcaption id=\"caption-attachment-33859\" class=\"wp-caption-text\">Holy Monday Reflection on April 6, 2020 by Vicar Jordan Smith, Martin Luther Church<\/figcaption><\/figure>\n<p>6. April 2020 &#8211;\u00a0 <strong>Heiliger Montag <\/strong>Hallo und vielen Dank, dass Sie an diesem Montag der Karwoche zu uns gekommen sind. Nachdem wir den Einzug Jesu in Jerusalem durchlaufen haben, nehmen wir uns jetzt Zeit, um drei Teile des Matth\u00e4usevangeliums in Vorbereitung auf den Gr\u00fcndonnerstag zu betrachten.<\/p>\n<p>Heute wird Jesus von den religi\u00f6sen F\u00fchrern gepr\u00fcft und seine Antwort gibt uns die beiden gro\u00dfen Gebote.<\/p>\n<p><strong><a href=\"https:\/\/youtu.be\/_OLsnb-QSWw\" target=\"_blank\" rel=\"noopener noreferrer\">https:\/\/youtu.be\/_OLsnb-QSWw<\/a><\/strong><\/p>\n<p><strong>Lesung <a href=\"https:\/\/www.die-bibel.de\/bibeln\/online-bibeln\/lutherbibel-2017\/bibeltext\/bibel\/text\/lesen\/?tx_bibelmodul_bibletext%5Bscripture%5D=Matth%C3%A4us+22%3A+34-40\" target=\"_blank\" rel=\"noopener noreferrer\">Matth\u00e4us 22: 34-40<\/a>. <\/strong><\/p>\n<p>34 Als aber die Pharis\u00e4er h\u00f6rten, dass er den Sadduz\u00e4ern das Maul gestopft hatte, versammelten sie sich. 35 Und einer von ihnen, ein Lehrer des Gesetzes, versuchte ihn und fragte: 36 Meister, welches ist das h\u00f6chste Gebot im Gesetz? 37 Jesus aber sprach zu ihm: \u00bbDu sollst den Herrn, deinen Gott, lieben von ganzem Herzen, von ganzer Seele und von ganzem Gem\u00fct\u00ab (5.Mose 6,5). 38 Dies ist das h\u00f6chste und erste Gebot. 39 Das andere aber ist dem gleich: \u00bbDu sollst deinen N\u00e4chsten lieben wie dich selbst\u00ab (3.Mose 19,18). 40 In diesen beiden Geboten h\u00e4ngt das ganze Gesetz und die Propheten.<\/p>\n<p><strong><img loading=\"lazy\" decoding=\"async\" class=\"alignright size-medium wp-image-33861\" src=\"https:\/\/martinluther.ca\/wp-content\/uploads\/2020\/04\/Holy-Monday-2020-Scripture-Apr6-2020wiide-300x172.png\" alt=\"Holy Monday 2020 Scripture (Apr6-2020)\" width=\"300\" height=\"172\" srcset=\"https:\/\/martinluther.ca\/wp-content\/uploads\/2020\/04\/Holy-Monday-2020-Scripture-Apr6-2020wiide-300x172.png 300w, https:\/\/martinluther.ca\/wp-content\/uploads\/2020\/04\/Holy-Monday-2020-Scripture-Apr6-2020wiide-1024x588.png 1024w, https:\/\/martinluther.ca\/wp-content\/uploads\/2020\/04\/Holy-Monday-2020-Scripture-Apr6-2020wiide-768x441.png 768w, https:\/\/martinluther.ca\/wp-content\/uploads\/2020\/04\/Holy-Monday-2020-Scripture-Apr6-2020wiide.png 1145w\" sizes=\"auto, (max-width: 300px) 100vw, 300px\" \/>Call to Action<\/strong><br \/>\nOur goal together for this week is to spend time dwelling in the story. One way to help that happen is to make some space that you can go to with no (or at least fewer) distractions. So, maybe your call to action for today is to clean the house a bit, or maybe it is taking the time to create a devotional space, even if just for the next week. I\u2019ve created this space in my basement office. I cleared off a shelf, put a small cloth on it, four candles, a cross, and a Bible. Maybe your space is one end of the dining room table. Or simply your favourite chair with a candle placed nearby. Over the next week, as I take time to read the lessons each day, I\u2019ll take some time in this space to reflect on this powerful story and what it means to me today.<\/p>\n<p>Thank you for joining us today. Take time to reflect on the passage we just heard, read it again in your own Bible or in the video description below, and think about how the great commandments are lived out in your life.<\/p>\n<p><strong>Dismissal<\/strong><br \/>\nGo in peace. Reflect on the passion story.<br \/>\n<strong>Thanks be to God.<\/strong><\/p>\n<p>&nbsp;<\/p>\n<p>**********************************************************************************************<\/p>\n<p><img loading=\"lazy\" decoding=\"async\" class=\"alignright size-medium wp-image-33739\" src=\"https:\/\/martinluther.ca\/wp-content\/uploads\/2020\/04\/Palm-Sunday-The-Holy-Week-Story-Apr2-2020-300x225.jpg\" alt=\"Palm Sunday -The Holy Week Story\" width=\"300\" height=\"225\" srcset=\"https:\/\/martinluther.ca\/wp-content\/uploads\/2020\/04\/Palm-Sunday-The-Holy-Week-Story-Apr2-2020-300x225.jpg 300w, https:\/\/martinluther.ca\/wp-content\/uploads\/2020\/04\/Palm-Sunday-The-Holy-Week-Story-Apr2-2020.jpg 640w\" sizes=\"auto, (max-width: 300px) 100vw, 300px\" \/>2.\u00a0 April 2020 &#8211; <strong>Willkommen zur Karwoche<\/strong> in der Martin-Luther-Kirche. W\u00e4hrend wir dieses Jahr in getrennten R\u00e4umen feiern, verbinden wir uns in unserer Anbetung, unserer Aufmerksamkeit f\u00fcr die Passionsgeschichte und dem Geist, der uns alle verbindet.<\/p>\n<p>Das Pastoralteam der Martin-Luther-Kirche hat eine Vielzahl von \u00dcberlegungen und Aktivit\u00e4ten f\u00fcr alle Altersgruppen geplant, um Ihnen zu helfen, an unserer Reise durch Matth\u00e4us &#8218;Erfahrung von Jesu Tod und Auferstehung teilzunehmen. Bitte besuchen Sie diese Seite von Palmsonntag bis Ostersonntag weiter, da t\u00e4glich neues Material hinzugef\u00fcgt wird!<\/p>\n<p>Bitte abonnieren und kommentieren Sie unsere Videos.<\/p>\n","protected":false},"excerpt":{"rendered":"<p>April 8, 2020 -Wir setzen unsere Reise durch die Karwoche fort, w\u00e4hrend wir in Matthews Passionserz\u00e4hlung verweilen. Am Mittwoch der Karwoche konzentrieren wir uns auf Peters Geschichte. https:\/\/youtu.be\/WZNEfQ2dQiY Alle Ressourcen unserer Karwoche finden Sie unter www.martinluther.ca. Videos werden auf unserem YouTube-Kanal ver\u00f6ffentlicht. Die Lesung f\u00fcr heute ist Matth\u00e4us 26: 30-35a, 57-58, 69-75. 30 When they&hellip;<\/p>\n","protected":false},"author":9,"featured_media":33916,"comment_status":"closed","ping_status":"closed","sticky":false,"template":"","format":"standard","meta":{"footnotes":""},"categories":[69],"tags":[],"post_series":[],"class_list":["post-33744","post","type-post","status-publish","format-standard","has-post-thumbnail","hentry","category-news-blog-german","entry","has-media"],"yoast_head":"<!-- This site is optimized with the Yoast SEO plugin v27.5 - https:\/\/yoast.com\/product\/yoast-seo-wordpress\/ -->\n<title>Karwoche 2020 von Montag bis Mittwoch ist ONLINE - Martin Luther Evangelische Kirche Toronto<\/title>\n<meta name=\"robots\" content=\"index, follow, max-snippet:-1, max-image-preview:large, max-video-preview:-1\" \/>\n<link rel=\"canonical\" href=\"https:\/\/martinluther.ca\/de\/2020\/04\/karwoche-2020-ist-online-von-palmsonntag-bis-ostersonntag\/\" \/>\n<meta property=\"og:locale\" content=\"de_DE\" \/>\n<meta property=\"og:type\" content=\"article\" \/>\n<meta property=\"og:title\" content=\"Karwoche 2020 von Montag bis Mittwoch ist ONLINE - Martin Luther Evangelische Kirche Toronto\" \/>\n<meta property=\"og:description\" content=\"April 8, 2020 -Wir setzen unsere Reise durch die Karwoche fort, w\u00e4hrend wir in Matthews Passionserz\u00e4hlung verweilen. Am Mittwoch der Karwoche konzentrieren wir uns auf Peters Geschichte. https:\/\/youtu.be\/WZNEfQ2dQiY Alle Ressourcen unserer Karwoche finden Sie unter www.martinluther.ca. Videos werden auf unserem YouTube-Kanal ver\u00f6ffentlicht. Die Lesung f\u00fcr heute ist Matth\u00e4us 26: 30-35a, 57-58, 69-75. 30 When they&hellip;\" \/>\n<meta property=\"og:url\" content=\"https:\/\/martinluther.ca\/de\/2020\/04\/karwoche-2020-ist-online-von-palmsonntag-bis-ostersonntag\/\" \/>\n<meta property=\"og:site_name\" content=\"Martin Luther Evangelische Kirche Toronto\" \/>\n<meta property=\"article:publisher\" content=\"https:\/\/www.facebook.com\/martinlutherchurchtoronto\" \/>\n<meta property=\"article:published_time\" content=\"2020-04-03T17:10:33+00:00\" \/>\n<meta property=\"article:modified_time\" content=\"2020-04-09T17:06:43+00:00\" \/>\n<meta property=\"og:image\" content=\"https:\/\/martinluther.ca\/wp-content\/uploads\/2020\/04\/Holy-Wednesday-Adam-McCombApr7-2020-5.png\" \/>\n\t<meta property=\"og:image:width\" content=\"556\" \/>\n\t<meta property=\"og:image:height\" content=\"418\" \/>\n\t<meta property=\"og:image:type\" content=\"image\/png\" \/>\n<meta name=\"author\" content=\"Mona Kakoschke Frantzke\" \/>\n<meta name=\"twitter:card\" content=\"summary_large_image\" \/>\n<meta name=\"twitter:label1\" content=\"Verfasst von\" \/>\n\t<meta name=\"twitter:data1\" content=\"Mona Kakoschke Frantzke\" \/>\n\t<meta name=\"twitter:label2\" content=\"Gesch\u00e4tzte Lesezeit\" \/>\n\t<meta name=\"twitter:data2\" content=\"6\u00a0Minuten\" \/>\n<script type=\"application\/ld+json\" class=\"yoast-schema-graph\">{\"@context\":\"https:\\\/\\\/schema.org\",\"@graph\":[{\"@type\":\"Article\",\"@id\":\"https:\\\/\\\/martinluther.ca\\\/de\\\/2020\\\/04\\\/karwoche-2020-ist-online-von-palmsonntag-bis-ostersonntag\\\/#article\",\"isPartOf\":{\"@id\":\"https:\\\/\\\/martinluther.ca\\\/de\\\/2020\\\/04\\\/karwoche-2020-ist-online-von-palmsonntag-bis-ostersonntag\\\/\"},\"author\":{\"name\":\"Mona Kakoschke Frantzke\",\"@id\":\"https:\\\/\\\/martinluther.ca\\\/de\\\/#\\\/schema\\\/person\\\/815c51710f70b050f0476f18da6b0c8f\"},\"headline\":\"Karwoche 2020 von Montag bis Mittwoch ist ONLINE\",\"datePublished\":\"2020-04-03T17:10:33+00:00\",\"dateModified\":\"2020-04-09T17:06:43+00:00\",\"mainEntityOfPage\":{\"@id\":\"https:\\\/\\\/martinluther.ca\\\/de\\\/2020\\\/04\\\/karwoche-2020-ist-online-von-palmsonntag-bis-ostersonntag\\\/\"},\"wordCount\":1156,\"publisher\":{\"@id\":\"https:\\\/\\\/martinluther.ca\\\/de\\\/#organization\"},\"image\":{\"@id\":\"https:\\\/\\\/martinluther.ca\\\/de\\\/2020\\\/04\\\/karwoche-2020-ist-online-von-palmsonntag-bis-ostersonntag\\\/#primaryimage\"},\"thumbnailUrl\":\"https:\\\/\\\/martinluther.ca\\\/wp-content\\\/uploads\\\/2020\\\/04\\\/Holy-Wednesday-Adam-McCombApr7-2020-5.png\",\"articleSection\":[\"News Blog - German\"],\"inLanguage\":\"de\"},{\"@type\":\"WebPage\",\"@id\":\"https:\\\/\\\/martinluther.ca\\\/de\\\/2020\\\/04\\\/karwoche-2020-ist-online-von-palmsonntag-bis-ostersonntag\\\/\",\"url\":\"https:\\\/\\\/martinluther.ca\\\/de\\\/2020\\\/04\\\/karwoche-2020-ist-online-von-palmsonntag-bis-ostersonntag\\\/\",\"name\":\"Karwoche 2020 von Montag bis Mittwoch ist ONLINE - Martin Luther Evangelische Kirche Toronto\",\"isPartOf\":{\"@id\":\"https:\\\/\\\/martinluther.ca\\\/de\\\/#website\"},\"primaryImageOfPage\":{\"@id\":\"https:\\\/\\\/martinluther.ca\\\/de\\\/2020\\\/04\\\/karwoche-2020-ist-online-von-palmsonntag-bis-ostersonntag\\\/#primaryimage\"},\"image\":{\"@id\":\"https:\\\/\\\/martinluther.ca\\\/de\\\/2020\\\/04\\\/karwoche-2020-ist-online-von-palmsonntag-bis-ostersonntag\\\/#primaryimage\"},\"thumbnailUrl\":\"https:\\\/\\\/martinluther.ca\\\/wp-content\\\/uploads\\\/2020\\\/04\\\/Holy-Wednesday-Adam-McCombApr7-2020-5.png\",\"datePublished\":\"2020-04-03T17:10:33+00:00\",\"dateModified\":\"2020-04-09T17:06:43+00:00\",\"breadcrumb\":{\"@id\":\"https:\\\/\\\/martinluther.ca\\\/de\\\/2020\\\/04\\\/karwoche-2020-ist-online-von-palmsonntag-bis-ostersonntag\\\/#breadcrumb\"},\"inLanguage\":\"de\",\"potentialAction\":[{\"@type\":\"ReadAction\",\"target\":[\"https:\\\/\\\/martinluther.ca\\\/de\\\/2020\\\/04\\\/karwoche-2020-ist-online-von-palmsonntag-bis-ostersonntag\\\/\"]}]},{\"@type\":\"ImageObject\",\"inLanguage\":\"de\",\"@id\":\"https:\\\/\\\/martinluther.ca\\\/de\\\/2020\\\/04\\\/karwoche-2020-ist-online-von-palmsonntag-bis-ostersonntag\\\/#primaryimage\",\"url\":\"https:\\\/\\\/martinluther.ca\\\/wp-content\\\/uploads\\\/2020\\\/04\\\/Holy-Wednesday-Adam-McCombApr7-2020-5.png\",\"contentUrl\":\"https:\\\/\\\/martinluther.ca\\\/wp-content\\\/uploads\\\/2020\\\/04\\\/Holy-Wednesday-Adam-McCombApr7-2020-5.png\",\"width\":556,\"height\":418,\"caption\":\"2020 Vicar Adam McComb\"},{\"@type\":\"BreadcrumbList\",\"@id\":\"https:\\\/\\\/martinluther.ca\\\/de\\\/2020\\\/04\\\/karwoche-2020-ist-online-von-palmsonntag-bis-ostersonntag\\\/#breadcrumb\",\"itemListElement\":[{\"@type\":\"ListItem\",\"position\":1,\"name\":\"Home\",\"item\":\"https:\\\/\\\/martinluther.ca\\\/de\\\/\"},{\"@type\":\"ListItem\",\"position\":2,\"name\":\"Karwoche 2020 von Montag bis Mittwoch ist ONLINE\"}]},{\"@type\":\"WebSite\",\"@id\":\"https:\\\/\\\/martinluther.ca\\\/de\\\/#website\",\"url\":\"https:\\\/\\\/martinluther.ca\\\/de\\\/\",\"name\":\"Martin Luther Evangelical Church Toronto\",\"description\":\"Deutsch &amp; Englisch\",\"publisher\":{\"@id\":\"https:\\\/\\\/martinluther.ca\\\/de\\\/#organization\"},\"potentialAction\":[{\"@type\":\"SearchAction\",\"target\":{\"@type\":\"EntryPoint\",\"urlTemplate\":\"https:\\\/\\\/martinluther.ca\\\/de\\\/?s={search_term_string}\"},\"query-input\":{\"@type\":\"PropertyValueSpecification\",\"valueRequired\":true,\"valueName\":\"search_term_string\"}}],\"inLanguage\":\"de\"},{\"@type\":\"Organization\",\"@id\":\"https:\\\/\\\/martinluther.ca\\\/de\\\/#organization\",\"name\":\"Martin Luther Evangelical Church Toronto\",\"url\":\"https:\\\/\\\/martinluther.ca\\\/de\\\/\",\"logo\":{\"@type\":\"ImageObject\",\"inLanguage\":\"de\",\"@id\":\"https:\\\/\\\/martinluther.ca\\\/de\\\/#\\\/schema\\\/logo\\\/image\\\/\",\"url\":\"https:\\\/\\\/martinluther.ca\\\/wp-content\\\/uploads\\\/2016\\\/12\\\/ml-logo-300.png\",\"contentUrl\":\"https:\\\/\\\/martinluther.ca\\\/wp-content\\\/uploads\\\/2016\\\/12\\\/ml-logo-300.png\",\"width\":300,\"height\":150,\"caption\":\"Martin Luther Evangelical Church Toronto\"},\"image\":{\"@id\":\"https:\\\/\\\/martinluther.ca\\\/de\\\/#\\\/schema\\\/logo\\\/image\\\/\"},\"sameAs\":[\"https:\\\/\\\/www.facebook.com\\\/martinlutherchurchtoronto\",\"https:\\\/\\\/www.instagram.com\\\/lutheransbythelake\\\/\",\"https:\\\/\\\/www.youtube.com\\\/MartinLutherChurchToronto\"]},{\"@type\":\"Person\",\"@id\":\"https:\\\/\\\/martinluther.ca\\\/de\\\/#\\\/schema\\\/person\\\/815c51710f70b050f0476f18da6b0c8f\",\"name\":\"Mona Kakoschke Frantzke\",\"image\":{\"@type\":\"ImageObject\",\"inLanguage\":\"de\",\"@id\":\"https:\\\/\\\/secure.gravatar.com\\\/avatar\\\/0deb16854ca545cd2e9fc8001ca110d262b80d5c8317b38dc542265fbea0ed19?s=96&d=mm&r=g\",\"url\":\"https:\\\/\\\/secure.gravatar.com\\\/avatar\\\/0deb16854ca545cd2e9fc8001ca110d262b80d5c8317b38dc542265fbea0ed19?s=96&d=mm&r=g\",\"contentUrl\":\"https:\\\/\\\/secure.gravatar.com\\\/avatar\\\/0deb16854ca545cd2e9fc8001ca110d262b80d5c8317b38dc542265fbea0ed19?s=96&d=mm&r=g\",\"caption\":\"Mona Kakoschke Frantzke\"},\"url\":false}]}<\/script>\n<!-- \/ Yoast SEO plugin. -->","yoast_head_json":{"title":"Karwoche 2020 von Montag bis Mittwoch ist ONLINE - Martin Luther Evangelische Kirche Toronto","robots":{"index":"index","follow":"follow","max-snippet":"max-snippet:-1","max-image-preview":"max-image-preview:large","max-video-preview":"max-video-preview:-1"},"canonical":"https:\/\/martinluther.ca\/de\/2020\/04\/karwoche-2020-ist-online-von-palmsonntag-bis-ostersonntag\/","og_locale":"de_DE","og_type":"article","og_title":"Karwoche 2020 von Montag bis Mittwoch ist ONLINE - Martin Luther Evangelische Kirche Toronto","og_description":"April 8, 2020 -Wir setzen unsere Reise durch die Karwoche fort, w\u00e4hrend wir in Matthews Passionserz\u00e4hlung verweilen. Am Mittwoch der Karwoche konzentrieren wir uns auf Peters Geschichte. https:\/\/youtu.be\/WZNEfQ2dQiY Alle Ressourcen unserer Karwoche finden Sie unter www.martinluther.ca. Videos werden auf unserem YouTube-Kanal ver\u00f6ffentlicht. Die Lesung f\u00fcr heute ist Matth\u00e4us 26: 30-35a, 57-58, 69-75. 30 When they&hellip;","og_url":"https:\/\/martinluther.ca\/de\/2020\/04\/karwoche-2020-ist-online-von-palmsonntag-bis-ostersonntag\/","og_site_name":"Martin Luther Evangelische Kirche Toronto","article_publisher":"https:\/\/www.facebook.com\/martinlutherchurchtoronto","article_published_time":"2020-04-03T17:10:33+00:00","article_modified_time":"2020-04-09T17:06:43+00:00","og_image":[{"width":556,"height":418,"url":"https:\/\/martinluther.ca\/wp-content\/uploads\/2020\/04\/Holy-Wednesday-Adam-McCombApr7-2020-5.png","type":"image\/png"}],"author":"Mona Kakoschke Frantzke","twitter_card":"summary_large_image","twitter_misc":{"Verfasst von":"Mona Kakoschke Frantzke","Gesch\u00e4tzte Lesezeit":"6\u00a0Minuten"},"schema":{"@context":"https:\/\/schema.org","@graph":[{"@type":"Article","@id":"https:\/\/martinluther.ca\/de\/2020\/04\/karwoche-2020-ist-online-von-palmsonntag-bis-ostersonntag\/#article","isPartOf":{"@id":"https:\/\/martinluther.ca\/de\/2020\/04\/karwoche-2020-ist-online-von-palmsonntag-bis-ostersonntag\/"},"author":{"name":"Mona Kakoschke Frantzke","@id":"https:\/\/martinluther.ca\/de\/#\/schema\/person\/815c51710f70b050f0476f18da6b0c8f"},"headline":"Karwoche 2020 von Montag bis Mittwoch ist ONLINE","datePublished":"2020-04-03T17:10:33+00:00","dateModified":"2020-04-09T17:06:43+00:00","mainEntityOfPage":{"@id":"https:\/\/martinluther.ca\/de\/2020\/04\/karwoche-2020-ist-online-von-palmsonntag-bis-ostersonntag\/"},"wordCount":1156,"publisher":{"@id":"https:\/\/martinluther.ca\/de\/#organization"},"image":{"@id":"https:\/\/martinluther.ca\/de\/2020\/04\/karwoche-2020-ist-online-von-palmsonntag-bis-ostersonntag\/#primaryimage"},"thumbnailUrl":"https:\/\/martinluther.ca\/wp-content\/uploads\/2020\/04\/Holy-Wednesday-Adam-McCombApr7-2020-5.png","articleSection":["News Blog - German"],"inLanguage":"de"},{"@type":"WebPage","@id":"https:\/\/martinluther.ca\/de\/2020\/04\/karwoche-2020-ist-online-von-palmsonntag-bis-ostersonntag\/","url":"https:\/\/martinluther.ca\/de\/2020\/04\/karwoche-2020-ist-online-von-palmsonntag-bis-ostersonntag\/","name":"Karwoche 2020 von Montag bis Mittwoch ist ONLINE - Martin Luther Evangelische Kirche Toronto","isPartOf":{"@id":"https:\/\/martinluther.ca\/de\/#website"},"primaryImageOfPage":{"@id":"https:\/\/martinluther.ca\/de\/2020\/04\/karwoche-2020-ist-online-von-palmsonntag-bis-ostersonntag\/#primaryimage"},"image":{"@id":"https:\/\/martinluther.ca\/de\/2020\/04\/karwoche-2020-ist-online-von-palmsonntag-bis-ostersonntag\/#primaryimage"},"thumbnailUrl":"https:\/\/martinluther.ca\/wp-content\/uploads\/2020\/04\/Holy-Wednesday-Adam-McCombApr7-2020-5.png","datePublished":"2020-04-03T17:10:33+00:00","dateModified":"2020-04-09T17:06:43+00:00","breadcrumb":{"@id":"https:\/\/martinluther.ca\/de\/2020\/04\/karwoche-2020-ist-online-von-palmsonntag-bis-ostersonntag\/#breadcrumb"},"inLanguage":"de","potentialAction":[{"@type":"ReadAction","target":["https:\/\/martinluther.ca\/de\/2020\/04\/karwoche-2020-ist-online-von-palmsonntag-bis-ostersonntag\/"]}]},{"@type":"ImageObject","inLanguage":"de","@id":"https:\/\/martinluther.ca\/de\/2020\/04\/karwoche-2020-ist-online-von-palmsonntag-bis-ostersonntag\/#primaryimage","url":"https:\/\/martinluther.ca\/wp-content\/uploads\/2020\/04\/Holy-Wednesday-Adam-McCombApr7-2020-5.png","contentUrl":"https:\/\/martinluther.ca\/wp-content\/uploads\/2020\/04\/Holy-Wednesday-Adam-McCombApr7-2020-5.png","width":556,"height":418,"caption":"2020 Vicar Adam McComb"},{"@type":"BreadcrumbList","@id":"https:\/\/martinluther.ca\/de\/2020\/04\/karwoche-2020-ist-online-von-palmsonntag-bis-ostersonntag\/#breadcrumb","itemListElement":[{"@type":"ListItem","position":1,"name":"Home","item":"https:\/\/martinluther.ca\/de\/"},{"@type":"ListItem","position":2,"name":"Karwoche 2020 von Montag bis Mittwoch ist ONLINE"}]},{"@type":"WebSite","@id":"https:\/\/martinluther.ca\/de\/#website","url":"https:\/\/martinluther.ca\/de\/","name":"Martin Luther Evangelical Church Toronto","description":"Deutsch &amp; Englisch","publisher":{"@id":"https:\/\/martinluther.ca\/de\/#organization"},"potentialAction":[{"@type":"SearchAction","target":{"@type":"EntryPoint","urlTemplate":"https:\/\/martinluther.ca\/de\/?s={search_term_string}"},"query-input":{"@type":"PropertyValueSpecification","valueRequired":true,"valueName":"search_term_string"}}],"inLanguage":"de"},{"@type":"Organization","@id":"https:\/\/martinluther.ca\/de\/#organization","name":"Martin Luther Evangelical Church Toronto","url":"https:\/\/martinluther.ca\/de\/","logo":{"@type":"ImageObject","inLanguage":"de","@id":"https:\/\/martinluther.ca\/de\/#\/schema\/logo\/image\/","url":"https:\/\/martinluther.ca\/wp-content\/uploads\/2016\/12\/ml-logo-300.png","contentUrl":"https:\/\/martinluther.ca\/wp-content\/uploads\/2016\/12\/ml-logo-300.png","width":300,"height":150,"caption":"Martin Luther Evangelical Church Toronto"},"image":{"@id":"https:\/\/martinluther.ca\/de\/#\/schema\/logo\/image\/"},"sameAs":["https:\/\/www.facebook.com\/martinlutherchurchtoronto","https:\/\/www.instagram.com\/lutheransbythelake\/","https:\/\/www.youtube.com\/MartinLutherChurchToronto"]},{"@type":"Person","@id":"https:\/\/martinluther.ca\/de\/#\/schema\/person\/815c51710f70b050f0476f18da6b0c8f","name":"Mona Kakoschke Frantzke","image":{"@type":"ImageObject","inLanguage":"de","@id":"https:\/\/secure.gravatar.com\/avatar\/0deb16854ca545cd2e9fc8001ca110d262b80d5c8317b38dc542265fbea0ed19?s=96&d=mm&r=g","url":"https:\/\/secure.gravatar.com\/avatar\/0deb16854ca545cd2e9fc8001ca110d262b80d5c8317b38dc542265fbea0ed19?s=96&d=mm&r=g","contentUrl":"https:\/\/secure.gravatar.com\/avatar\/0deb16854ca545cd2e9fc8001ca110d262b80d5c8317b38dc542265fbea0ed19?s=96&d=mm&r=g","caption":"Mona Kakoschke Frantzke"},"url":false}]}},"_links":{"self":[{"href":"https:\/\/martinluther.ca\/de\/wp-json\/wp\/v2\/posts\/33744","targetHints":{"allow":["GET"]}}],"collection":[{"href":"https:\/\/martinluther.ca\/de\/wp-json\/wp\/v2\/posts"}],"about":[{"href":"https:\/\/martinluther.ca\/de\/wp-json\/wp\/v2\/types\/post"}],"author":[{"embeddable":true,"href":"https:\/\/martinluther.ca\/de\/wp-json\/wp\/v2\/users\/9"}],"replies":[{"embeddable":true,"href":"https:\/\/martinluther.ca\/de\/wp-json\/wp\/v2\/comments?post=33744"}],"version-history":[{"count":17,"href":"https:\/\/martinluther.ca\/de\/wp-json\/wp\/v2\/posts\/33744\/revisions"}],"predecessor-version":[{"id":33971,"href":"https:\/\/martinluther.ca\/de\/wp-json\/wp\/v2\/posts\/33744\/revisions\/33971"}],"wp:featuredmedia":[{"embeddable":true,"href":"https:\/\/martinluther.ca\/de\/wp-json\/wp\/v2\/media\/33916"}],"wp:attachment":[{"href":"https:\/\/martinluther.ca\/de\/wp-json\/wp\/v2\/media?parent=33744"}],"wp:term":[{"taxonomy":"category","embeddable":true,"href":"https:\/\/martinluther.ca\/de\/wp-json\/wp\/v2\/categories?post=33744"},{"taxonomy":"post_tag","embeddable":true,"href":"https:\/\/martinluther.ca\/de\/wp-json\/wp\/v2\/tags?post=33744"},{"taxonomy":"post_series","embeddable":true,"href":"https:\/\/martinluther.ca\/de\/wp-json\/wp\/v2\/post_series?post=33744"}],"curies":[{"name":"wp","href":"https:\/\/api.w.org\/{rel}","templated":true}]}}