{"id":33831,"date":"2020-04-04T18:03:45","date_gmt":"2020-04-04T22:03:45","guid":{"rendered":"https:\/\/martinluther.ca\/?p=33831"},"modified":"2020-04-09T13:08:42","modified_gmt":"2020-04-09T17:08:42","slug":"sonntag-den-5-april-online-gottesdienst-youtube-video","status":"publish","type":"post","link":"https:\/\/martinluther.ca\/de\/2020\/04\/sonntag-den-5-april-online-gottesdienst-youtube-video\/","title":{"rendered":"Palmsonntag, den 5. April Online-Gottesdienst YouTube-Video"},"content":{"rendered":"<figure id=\"attachment_33826\" aria-describedby=\"caption-attachment-33826\" style=\"width: 300px\" class=\"wp-caption alignright\"><a href=\"https:\/\/youtu.be\/gPIF1tCGp04\" target=\"_blank\" rel=\"noopener noreferrer\"><img loading=\"lazy\" decoding=\"async\" class=\"wp-image-33826 size-medium\" src=\"https:\/\/martinluther.ca\/wp-content\/uploads\/2020\/04\/Online-Worship-YouTube-Video-SunApr5-2020-05-4x3-1-300x225.jpg\" alt=\"Online Worship YouTube Video SunApr5-2020 Jordan Smith\" width=\"300\" height=\"225\" srcset=\"https:\/\/martinluther.ca\/wp-content\/uploads\/2020\/04\/Online-Worship-YouTube-Video-SunApr5-2020-05-4x3-1-300x225.jpg 300w, https:\/\/martinluther.ca\/wp-content\/uploads\/2020\/04\/Online-Worship-YouTube-Video-SunApr5-2020-05-4x3-1-1024x768.jpg 1024w, https:\/\/martinluther.ca\/wp-content\/uploads\/2020\/04\/Online-Worship-YouTube-Video-SunApr5-2020-05-4x3-1-768x576.jpg 768w, https:\/\/martinluther.ca\/wp-content\/uploads\/2020\/04\/Online-Worship-YouTube-Video-SunApr5-2020-05-4x3-1-1536x1151.jpg 1536w, https:\/\/martinluther.ca\/wp-content\/uploads\/2020\/04\/Online-Worship-YouTube-Video-SunApr5-2020-05-4x3-1.jpg 1733w\" sizes=\"auto, (max-width: 300px) 100vw, 300px\" \/><\/a><figcaption id=\"caption-attachment-33826\" class=\"wp-caption-text\">Palmsonntag 5. April 2020 Online Worship, Vikar Jordan Smith, Martin Luther Kirche Toronto<\/figcaption><\/figure>\n<p><strong>mit Vikar Jordan Smith.<\/strong><\/p>\n<p>Wir beginnen unsere Reise durch die Karwoche mit dem Palmsonntag und dem Einzug Jesu in Jerusalem.<\/p>\n<p><a href=\"https:\/\/youtu.be\/gPIF1tCGp04\" target=\"_blank\" rel=\"noopener noreferrer\">https:\/\/youtu.be\/gPIF1tCGp04<\/a><\/p>\n<p>Diese Woche gibt Vikar Jordan Smith einen \u00dcberblick \u00fcber den Plan f\u00fcr die Karwoche in der Martin-Luther-Kirche und reflektiert, wie Ver\u00e4nderungen pl\u00f6tzlich und \u00fcberraschend auf uns zukommen k\u00f6nnen.<\/p>\n<p>Die Lesungen f\u00fcr den 5. April 2020 sind:<br \/>\nPsalm 31: 9-16<br \/>\nMatth\u00e4us 21: 1-11<\/p>\n<p>Um Ihr eigenes Palmblatt zum Ausmalen und Ausschneiden herunterzuladen, besuchen Sie Illustrated Ministry: <a href=\"https:\/\/www.illustratedministry.com\/2020\/palm-frond-coloring-page\/?fbclid=IwAR1s09FeP8c-3GxFkH1I60NN-NpTeuZHDiJUHFuhELXVXfNI52sWOIotkd0\" target=\"_blank\" rel=\"noopener noreferrer\">Palm Frond Coloring Page: Get Ready for Palm Sunday<\/a><\/p>\n<p>Unsere w\u00f6chentlichen Reflexionen werden auf unserer YouTube-Seite ver\u00f6ffentlicht. Alle Ressourcen unserer Karwoche finden Sie unter www.martinluther.ca<\/p>\n<p><strong>Transcript <a href=\"https:\/\/martinluther.ca\/wp-content\/uploads\/2020\/04\/2020-Online-Worship-Service-Outline-Apr5-Palm-Sunday-Jordan-Smith.pdf\" target=\"_blank\" rel=\"noopener noreferrer\">[PDF]<\/a>:<\/strong><br \/>\n<strong>Martin Luther Church Service Outline and Sermon<\/strong><\/p>\n<p><strong>Welcome<\/strong><\/p>\n<p>Grace and peace to you in the name of the Father, the Son, and the Holy Spirit.<\/p>\n<p>Today, we enter the story of Holy Week, a story defines our faith: Jesus is glorified king and also humiliated servant. Also in the week ahead we will hear of Peter who desires to follow Christ but also finds himself afraid and denying Christ. We will hear of Judas, the disciple who betrays the one he was following and comes to regret his choices. And today, we wave palms in celebration as Christ comes into our midst, even if we are waving them in a different way and without a large crowd gathered.<\/p>\n<p>Thank you to everyone who has joined our weekly online videos in English and the radio devotions offered in German. As people of all faiths around the world prepare to celebrate their holy seasons, we are united in our efforts to continue our faith practices in a way that honours our past while living in the present reality.<\/p>\n<p>The leadership and pastoral team at Martin Luther are thinking of you and praying for you constantly. In the coming week there will be more member calls happening to check in on people, a prayer circle will be starting up using the Zoom platform, we are exploring more ways to support the needs of our neighbourhood. Please keep checking our website, your emails, and this YouTube channel for the latest updates and devotional materials. On YouTube, if you hit the subscribe button just below me, you\u2019ll be updated as we post new material throughout this week.<\/p>\n<p>While we are not gathered in body, we are gathered in spirit, and in all of this, we join together to begin the week that stands at the center of the church year, anticipating the completion of God\u2019s astounding work.<\/p>\n<p><strong>Prayer of the Day<\/strong><br \/>\nLet us pray.<br \/>\nO God of mercy and might, in the mystery of the passion of your Son you offer your infinite life to the world. Gather us around the cross of Christ, and preserve us until the resurrection, through Jesus Christ, our Savior and Lord, who lives and reigns with you and the Holy Spirit, one God, now and forever. Amen.<\/p>\n<p>Psalm 31:9-16<\/p>\n<p>9Have mercy on me, O Lord, for I am in trouble;<br \/>\nmy eye is consumed with sorrow, and also my throat and my belly.<br \/>\n10For my life is wasted with grief, and my years with sighing;<br \/>\nmy strength fails me because of affliction, and my bones are consumed.<br \/>\n11I am the scorn of all my enemies, a disgrace to my neighbors,<br \/>\na dismay to my acquaintances;<br \/>\nwhen they see me in the street they avoid me.<br \/>\n12Like the dead I am forgotten, out of mind;<br \/>\nI am as useless as a broken pot.<br \/>\n13For I have heard the whispering of the crowd; fear is all around;<br \/>\nthey put their heads together against me; they plot to take my life.<br \/>\n14But as for me, I have trusted in you, O Lord.<br \/>\nI have said, \u201cYou are my God.<br \/>\n15My times are in your hand;<br \/>\nrescue me from the hand of my enemies, and from those who persecute me.<br \/>\n16Let your face shine up- on your servant;<br \/>\nsave me in your steadfast love.\u201d<\/p>\n<p><strong>Readings:<\/strong><\/p>\n<p>Matthew 21:1-17<\/p>\n<p>21 When they had come near Jerusalem and had reached Bethphage, at the Mount of Olives, Jesus sent two disciples, 2 saying to them, \u201cGo into the village ahead of you, and immediately you will find a donkey tied, and a colt with her; untie them and bring them to me. 3 If anyone says anything to you, just say this, \u2018The Lord needs them.\u2019 And he will send them immediately.\u201d 4 This took place to fulfill what had been spoken through the prophet, saying,<br \/>\n5 \u201cTell the daughter of Zion,<br \/>\nLook, your king is coming to you,<br \/>\nhumble, and mounted on a donkey,<br \/>\nand on a colt, the foal of a donkey.\u201d<br \/>\n6 The disciples went and did as Jesus had directed them; 7 they brought the donkey and the colt, and put their cloaks on them, and he sat on them. 8 A very large crowd spread their cloaks on the road, and others cut branches from the trees and spread them on the road. 9 The crowds that went ahead of him and that followed were shouting,<br \/>\n\u201cHosanna to the Son of David!<br \/>\nBlessed is the one who comes in the name of the Lord!<br \/>\nHosanna in the highest heaven!\u201d<br \/>\n10 When he entered Jerusalem, the whole city was in turmoil, asking, \u201cWho is this?\u201d 11 The crowds were saying, \u201cThis is the prophet Jesus from Nazareth in Galilee.\u201d<br \/>\n12 Then Jesus entered the temple and drove out all who were selling and buying in the temple, and he overturned the tables of the money changers and the seats of those who sold doves. 13 He said to them, \u201cIt is written,<br \/>\n\u2018My house shall be called a house of prayer\u2019;<br \/>\nbut you are making it a den of robbers.\u201d<br \/>\n14 The blind and the lame came to him in the temple, and he cured them. 15 But when the chief priests and the scribes saw the amazing things that he did, and heard the children crying out in the temple, \u201cHosanna to the Son of David,\u201d they became angry 16 and said to him, \u201cDo you hear what these are saying?\u201d Jesus said to them, \u201cYes; have you never read,<br \/>\n\u2018Out of the mouths of infants and nursing babies<br \/>\nyou have prepared praise for yourself\u2019?\u201d<br \/>\n17 He left them, went out of the city to Bethany, and spent the night there.<\/p>\n<p><strong>Sermon:<\/strong><\/p>\n<p>Blessed is the one who comes in the name of the Lord. Hosanna in the highest heaven.<\/p>\n<p>It sure feels like an odd time to be celebrating. I\u2019m thinking of all the celebrations that usually happen at this time of year, or birthdays that are falling into this season, that are feeling different. Parties cancelled, maybe a cupcake shared over a facetime call, likely not what was planned.<\/p>\n<p>The people who at the time of Jesus\u2019 procession, who have gathered in Jerusalem for Passover were expecting a religious celebration, but they probably weren\u2019t expecting this. A man, sitting on a donkey, being led into the city by a large crowd that is cheering wildly.<\/p>\n<p>The normal day, the normal life, changed by the announcement that someone important was coming. That this could be the messiah, here and now. And as they shouted their praises and cries, more and more people joined in.<\/p>\n<p>If we think back to three weeks ago, in the middle of our Lenten journey, we probably weren\u2019t expecting this. Unable to have our own parade. Unable to partake in the normal acts of day to day life.<\/p>\n<p>I\u2019ve been reading online over the past week or so that as things have changed, as most of us have come together to support each other, as governmental aid and financial support looks to reach as many people as possible, that as all of this has changed, we can\u2019t go back to the old normal. In our old normal, where people were being left behind, mental health and grief were dismissed, work from home arrangements were barely considered, the economic system that couldn\u2019t be changed even as we face a global climate crisis \u2013 During this time, maybe we heard from leaders or advocates that things needed to change, to save our world, to save each other, but there was little indication that society as a whole could make that change.<\/p>\n<p>And then, in a matter of days, things did change. We were forced to accept a new normal that seemed impossible. And people are reaching out again. Community groups are figuring out what their true strengths are. Churches are reaching out to members more than ever. We are taking time at home to be with our loved ones. Like the people in Jerusalem who planned to recognize Passover but were surprised by calls of Hosanna, called to recognize that something is different, we have also been surprised and called to recognize that something is different.<\/p>\n<p>The cry of the people, Hosanna, seems pretty appropriate for today. It is an Aramaic phrase meaning \u201chelp I pray, or save I pray\u201d and over the centuries has come to be understood as a phrase of praise or adoration. And maybe that mixed usage, that mixed meaning, is what we need to hear today. We cry out hosanna \u2013 save us I pray. We cry out hosanna \u2013 help us I pray. We cry out hosanna \u2013 praising the messiah as he enters Jerusalem, entering in glory as he prepares to face his death. We can cry out hosanna as a call to be saved, to be helped, in the midst of knowing what has already been done through Christ.<\/p>\n<p>We cry out hosanna, in recognition of what the crowd has witnessed. The crowd who has accompanied Jesus from Jericho to Jerusalem, the crowd who recognizes their king is walking with them, not a king of the empire, but a king of their salvation. And while we hear in this passage that some people aren\u2019t ready to hear this of joy, the religious leaders question what is happening, while they are rejecting the healing that is happening in their midst, the crowds and the children celebrate. The children are reacting. Hosanna! May that be the shout we can all make today, knowing that Jesus\u2019 entry into the city marks a new life, a new beginning for the world, a world freed from sin<\/p>\n<p>The leadership team at Martin Luther has been working hard to provide resources for the journey through Holy Week. For the next week we will be dwelling in Matthew\u2019s narrative of the passion story. I would encourage you to check out our website, www.martinluther.ca, where you will find the link to our Holy Week Blog post. On this post you will find all our resources, videos, and links that you can use. Monday to Wednesday will have short videos hosted by myself and Vicar Adam that focus on the two great commands of Jesus, Judas\u2019 story, and Peter\u2019s story. On Maundy Thursday Vicars Caroline and Silke will be hosting an agape meal on zoom. For those that can\u2019t join the live dinner there will be an outline for how to do the dinner on your own. On Good Friday we will be posting a contemplative video where we read through the arrest of Jesus to his being laid in the tomb. And on Easter Sunday there will be a video posted that helps us celebrate the good news of Jesus\u2019 resurrection. All of this is outlined on the website along with links to other sources to full services for worship at home if that is something you would like to take advantage of.<\/p>\n<p>This is our week to live into this story. To hear it with fresh ears and to spend time reflecting. On each day there will be a call to action, or an activity that you can participate in. For today, as we celebrate palm Sunday, take time to go outside and cut a branch off of one of your trees or bushes and wave it around while saying Hosanna. Tape it to your front door or window so that people walking by can see it. If you don\u2019t have a branch available we have a printable palm leaf linked on our Holy Week page of the website. As you do this, take a picture and connect with the church through email or social media \u2013 post a picture or video with you and your palms to Facebook or twitter or Instagram. Let\u2019s create a virtual palm procession where together we can say Hosanna to the Son of David. Blessed is the one who comes in the name of the Lord. Hosanna in the highest heaven.<\/p>\n<p><strong>Prayers:<\/strong><br \/>\nIn our separate homes but gathered together in the Spirit, we pray for the church, the earth, the world, and all in need, responding to each petition with the words, \u201cO Lord, save us.\u201d<\/p>\n<p>O triune God, God of majesty, mercy and might, hear and heed our fervent prayers:<br \/>\nfor the church around the world, that the faithful be nourished by your presence in the word;<br \/>\nfor pastors and bishops, that they be strengthened for their tasks of ministry;<br \/>\nfor all those who are assisting the digital sharing of worship materials;<br \/>\nfor guidance in keeping this Holy Week in devout prayer and praise;<br \/>\nO holy God, we pray to you: O Lord, save us.<\/p>\n<p>For our distraught world facing the coronavirus;<br \/>\nfor countries hardest hit, especially China, Italy, Spain, and the United States;<br \/>\nfor those who grieve their dead;<br \/>\nfor the sick and their families;<br \/>\nfor those fearful of an unknown future;<br \/>\nfor the millions of unemployed;<br \/>\nfor children at home, that they be safe from abuse;<br \/>\nfor those who have been led to rely on empty remedies;<br \/>\nfor hospitals, in their desperate need for supplies;<br \/>\nfor all elected leaders, that they see our crisis rightly and make judgments wisely;<br \/>\nfor wisdom in distributing governmental economic aid;<br \/>\nO compassionate God, we pray to you: O Lord, save us.<\/p>\n<p>For those whose needs we know, for those whose needs are hidden;<br \/>\nfor those with prior illnesses whose treatments are now postponed;<br \/>\nfor all who today will die;<br \/>\nfor those who are homeless;<br \/>\nfor all who are sick; especially Wanda, and her family<br \/>\nO benevolent God, we pray to you: O Lord, save us.<\/p>\n<p>With thanks for those who celebrate their birthdays this week, that they can find joy in a world filled with worry. We pray especially for Anita, Natalie, Elfriede, and Emilia.<br \/>\nO God of life, we pray to you: O Lord, save us.<\/p>\n<p>And finally, for ourselves:<br \/>\nWith thanks for the technology by which we stay connected;<br \/>\nwith thanks for enough food;<br \/>\nwith thanks for the support of our community of faith;<br \/>\nwith thanks for the saints who struggled through life and died in you,<br \/>\nespecially those Christian artists whose work has enriched our faith,<br \/>\nwe praise your salvation now and unto our end.<br \/>\nO eternal God, we pray to you: O Lord, save us.<\/p>\n<p>Into your hands, gracious God, we commend all for whom we pray,<br \/>\ntrusting in your mercy, through the merits of Jesus Christ, our Savior and Lord.<br \/>\nAmen.<\/p>\n<p><strong>Blessing<\/strong><br \/>\nMay the grace of Christ attend us,<br \/>\nand the love of God surround us,<br \/>\nand the Holy Spirit Keep us,<br \/>\nnow and ever.<br \/>\nAmen.<\/p>\n<p><strong>Dismissal<\/strong><br \/>\nGo in peace. Share the good news.<br \/>\n<strong>Thanks be to God.<\/strong><\/p>\n","protected":false},"excerpt":{"rendered":"<p>mit Vikar Jordan Smith. Wir beginnen unsere Reise durch die Karwoche mit dem Palmsonntag und dem Einzug Jesu in Jerusalem. https:\/\/youtu.be\/gPIF1tCGp04 Diese Woche gibt Vikar Jordan Smith einen \u00dcberblick \u00fcber den Plan f\u00fcr die Karwoche in der Martin-Luther-Kirche und reflektiert, wie Ver\u00e4nderungen pl\u00f6tzlich und \u00fcberraschend auf uns zukommen k\u00f6nnen. Die Lesungen f\u00fcr den 5. April&hellip;<\/p>\n","protected":false},"author":9,"featured_media":33827,"comment_status":"closed","ping_status":"closed","sticky":false,"template":"","format":"standard","meta":{"footnotes":""},"categories":[69],"tags":[],"post_series":[],"class_list":["post-33831","post","type-post","status-publish","format-standard","has-post-thumbnail","hentry","category-news-blog-german","entry","has-media"],"yoast_head":"<!-- This site is optimized with the Yoast SEO plugin v27.5 - https:\/\/yoast.com\/product\/yoast-seo-wordpress\/ -->\n<title>Palmsonntag, den 5. April Online-Gottesdienst YouTube-Video - Martin Luther Evangelische Kirche Toronto<\/title>\n<meta name=\"robots\" content=\"index, follow, max-snippet:-1, max-image-preview:large, max-video-preview:-1\" \/>\n<link rel=\"canonical\" href=\"https:\/\/martinluther.ca\/de\/2020\/04\/sonntag-den-5-april-online-gottesdienst-youtube-video\/\" \/>\n<meta property=\"og:locale\" content=\"de_DE\" \/>\n<meta property=\"og:type\" content=\"article\" \/>\n<meta property=\"og:title\" content=\"Palmsonntag, den 5. April Online-Gottesdienst YouTube-Video - Martin Luther Evangelische Kirche Toronto\" \/>\n<meta property=\"og:description\" content=\"mit Vikar Jordan Smith. Wir beginnen unsere Reise durch die Karwoche mit dem Palmsonntag und dem Einzug Jesu in Jerusalem. https:\/\/youtu.be\/gPIF1tCGp04 Diese Woche gibt Vikar Jordan Smith einen \u00dcberblick \u00fcber den Plan f\u00fcr die Karwoche in der Martin-Luther-Kirche und reflektiert, wie Ver\u00e4nderungen pl\u00f6tzlich und \u00fcberraschend auf uns zukommen k\u00f6nnen. Die Lesungen f\u00fcr den 5. April&hellip;\" \/>\n<meta property=\"og:url\" content=\"https:\/\/martinluther.ca\/de\/2020\/04\/sonntag-den-5-april-online-gottesdienst-youtube-video\/\" \/>\n<meta property=\"og:site_name\" content=\"Martin Luther Evangelische Kirche Toronto\" \/>\n<meta property=\"article:publisher\" content=\"https:\/\/www.facebook.com\/martinlutherchurchtoronto\" \/>\n<meta property=\"article:published_time\" content=\"2020-04-04T22:03:45+00:00\" \/>\n<meta property=\"article:modified_time\" content=\"2020-04-09T17:08:42+00:00\" \/>\n<meta property=\"og:image\" content=\"https:\/\/martinluther.ca\/wp-content\/uploads\/2020\/04\/Online-Worship-YouTube-Video-SunApr5-2020-05-4x3-1.jpg\" \/>\n\t<meta property=\"og:image:width\" content=\"1733\" \/>\n\t<meta property=\"og:image:height\" content=\"1299\" \/>\n\t<meta property=\"og:image:type\" content=\"image\/jpeg\" \/>\n<meta name=\"author\" content=\"Mona Kakoschke Frantzke\" \/>\n<meta name=\"twitter:card\" content=\"summary_large_image\" \/>\n<meta name=\"twitter:label1\" content=\"Verfasst von\" \/>\n\t<meta name=\"twitter:data1\" content=\"Mona Kakoschke Frantzke\" \/>\n\t<meta name=\"twitter:label2\" content=\"Gesch\u00e4tzte Lesezeit\" \/>\n\t<meta name=\"twitter:data2\" content=\"13\u00a0Minuten\" \/>\n<script type=\"application\/ld+json\" class=\"yoast-schema-graph\">{\"@context\":\"https:\\\/\\\/schema.org\",\"@graph\":[{\"@type\":\"Article\",\"@id\":\"https:\\\/\\\/martinluther.ca\\\/de\\\/2020\\\/04\\\/sonntag-den-5-april-online-gottesdienst-youtube-video\\\/#article\",\"isPartOf\":{\"@id\":\"https:\\\/\\\/martinluther.ca\\\/de\\\/2020\\\/04\\\/sonntag-den-5-april-online-gottesdienst-youtube-video\\\/\"},\"author\":{\"name\":\"Mona Kakoschke Frantzke\",\"@id\":\"https:\\\/\\\/martinluther.ca\\\/de\\\/#\\\/schema\\\/person\\\/815c51710f70b050f0476f18da6b0c8f\"},\"headline\":\"Palmsonntag, den 5. April Online-Gottesdienst YouTube-Video\",\"datePublished\":\"2020-04-04T22:03:45+00:00\",\"dateModified\":\"2020-04-09T17:08:42+00:00\",\"mainEntityOfPage\":{\"@id\":\"https:\\\/\\\/martinluther.ca\\\/de\\\/2020\\\/04\\\/sonntag-den-5-april-online-gottesdienst-youtube-video\\\/\"},\"wordCount\":2579,\"publisher\":{\"@id\":\"https:\\\/\\\/martinluther.ca\\\/de\\\/#organization\"},\"image\":{\"@id\":\"https:\\\/\\\/martinluther.ca\\\/de\\\/2020\\\/04\\\/sonntag-den-5-april-online-gottesdienst-youtube-video\\\/#primaryimage\"},\"thumbnailUrl\":\"https:\\\/\\\/martinluther.ca\\\/wp-content\\\/uploads\\\/2020\\\/04\\\/Online-Worship-YouTube-Video-SunApr5-2020-05-4x3-1.jpg\",\"articleSection\":[\"News Blog - German\"],\"inLanguage\":\"de\"},{\"@type\":\"WebPage\",\"@id\":\"https:\\\/\\\/martinluther.ca\\\/de\\\/2020\\\/04\\\/sonntag-den-5-april-online-gottesdienst-youtube-video\\\/\",\"url\":\"https:\\\/\\\/martinluther.ca\\\/de\\\/2020\\\/04\\\/sonntag-den-5-april-online-gottesdienst-youtube-video\\\/\",\"name\":\"Palmsonntag, den 5. April Online-Gottesdienst YouTube-Video - Martin Luther Evangelische Kirche Toronto\",\"isPartOf\":{\"@id\":\"https:\\\/\\\/martinluther.ca\\\/de\\\/#website\"},\"primaryImageOfPage\":{\"@id\":\"https:\\\/\\\/martinluther.ca\\\/de\\\/2020\\\/04\\\/sonntag-den-5-april-online-gottesdienst-youtube-video\\\/#primaryimage\"},\"image\":{\"@id\":\"https:\\\/\\\/martinluther.ca\\\/de\\\/2020\\\/04\\\/sonntag-den-5-april-online-gottesdienst-youtube-video\\\/#primaryimage\"},\"thumbnailUrl\":\"https:\\\/\\\/martinluther.ca\\\/wp-content\\\/uploads\\\/2020\\\/04\\\/Online-Worship-YouTube-Video-SunApr5-2020-05-4x3-1.jpg\",\"datePublished\":\"2020-04-04T22:03:45+00:00\",\"dateModified\":\"2020-04-09T17:08:42+00:00\",\"breadcrumb\":{\"@id\":\"https:\\\/\\\/martinluther.ca\\\/de\\\/2020\\\/04\\\/sonntag-den-5-april-online-gottesdienst-youtube-video\\\/#breadcrumb\"},\"inLanguage\":\"de\",\"potentialAction\":[{\"@type\":\"ReadAction\",\"target\":[\"https:\\\/\\\/martinluther.ca\\\/de\\\/2020\\\/04\\\/sonntag-den-5-april-online-gottesdienst-youtube-video\\\/\"]}]},{\"@type\":\"ImageObject\",\"inLanguage\":\"de\",\"@id\":\"https:\\\/\\\/martinluther.ca\\\/de\\\/2020\\\/04\\\/sonntag-den-5-april-online-gottesdienst-youtube-video\\\/#primaryimage\",\"url\":\"https:\\\/\\\/martinluther.ca\\\/wp-content\\\/uploads\\\/2020\\\/04\\\/Online-Worship-YouTube-Video-SunApr5-2020-05-4x3-1.jpg\",\"contentUrl\":\"https:\\\/\\\/martinluther.ca\\\/wp-content\\\/uploads\\\/2020\\\/04\\\/Online-Worship-YouTube-Video-SunApr5-2020-05-4x3-1.jpg\",\"width\":1733,\"height\":1299,\"caption\":\"2020 Vicar Jordan Smith\"},{\"@type\":\"BreadcrumbList\",\"@id\":\"https:\\\/\\\/martinluther.ca\\\/de\\\/2020\\\/04\\\/sonntag-den-5-april-online-gottesdienst-youtube-video\\\/#breadcrumb\",\"itemListElement\":[{\"@type\":\"ListItem\",\"position\":1,\"name\":\"Home\",\"item\":\"https:\\\/\\\/martinluther.ca\\\/de\\\/\"},{\"@type\":\"ListItem\",\"position\":2,\"name\":\"Palmsonntag, den 5. April Online-Gottesdienst YouTube-Video\"}]},{\"@type\":\"WebSite\",\"@id\":\"https:\\\/\\\/martinluther.ca\\\/de\\\/#website\",\"url\":\"https:\\\/\\\/martinluther.ca\\\/de\\\/\",\"name\":\"Martin Luther Evangelical Church Toronto\",\"description\":\"Deutsch &amp; Englisch\",\"publisher\":{\"@id\":\"https:\\\/\\\/martinluther.ca\\\/de\\\/#organization\"},\"potentialAction\":[{\"@type\":\"SearchAction\",\"target\":{\"@type\":\"EntryPoint\",\"urlTemplate\":\"https:\\\/\\\/martinluther.ca\\\/de\\\/?s={search_term_string}\"},\"query-input\":{\"@type\":\"PropertyValueSpecification\",\"valueRequired\":true,\"valueName\":\"search_term_string\"}}],\"inLanguage\":\"de\"},{\"@type\":\"Organization\",\"@id\":\"https:\\\/\\\/martinluther.ca\\\/de\\\/#organization\",\"name\":\"Martin Luther Evangelical Church Toronto\",\"url\":\"https:\\\/\\\/martinluther.ca\\\/de\\\/\",\"logo\":{\"@type\":\"ImageObject\",\"inLanguage\":\"de\",\"@id\":\"https:\\\/\\\/martinluther.ca\\\/de\\\/#\\\/schema\\\/logo\\\/image\\\/\",\"url\":\"https:\\\/\\\/martinluther.ca\\\/wp-content\\\/uploads\\\/2016\\\/12\\\/ml-logo-300.png\",\"contentUrl\":\"https:\\\/\\\/martinluther.ca\\\/wp-content\\\/uploads\\\/2016\\\/12\\\/ml-logo-300.png\",\"width\":300,\"height\":150,\"caption\":\"Martin Luther Evangelical Church Toronto\"},\"image\":{\"@id\":\"https:\\\/\\\/martinluther.ca\\\/de\\\/#\\\/schema\\\/logo\\\/image\\\/\"},\"sameAs\":[\"https:\\\/\\\/www.facebook.com\\\/martinlutherchurchtoronto\",\"https:\\\/\\\/www.instagram.com\\\/lutheransbythelake\\\/\",\"https:\\\/\\\/www.youtube.com\\\/MartinLutherChurchToronto\"]},{\"@type\":\"Person\",\"@id\":\"https:\\\/\\\/martinluther.ca\\\/de\\\/#\\\/schema\\\/person\\\/815c51710f70b050f0476f18da6b0c8f\",\"name\":\"Mona Kakoschke Frantzke\",\"image\":{\"@type\":\"ImageObject\",\"inLanguage\":\"de\",\"@id\":\"https:\\\/\\\/secure.gravatar.com\\\/avatar\\\/0deb16854ca545cd2e9fc8001ca110d262b80d5c8317b38dc542265fbea0ed19?s=96&d=mm&r=g\",\"url\":\"https:\\\/\\\/secure.gravatar.com\\\/avatar\\\/0deb16854ca545cd2e9fc8001ca110d262b80d5c8317b38dc542265fbea0ed19?s=96&d=mm&r=g\",\"contentUrl\":\"https:\\\/\\\/secure.gravatar.com\\\/avatar\\\/0deb16854ca545cd2e9fc8001ca110d262b80d5c8317b38dc542265fbea0ed19?s=96&d=mm&r=g\",\"caption\":\"Mona Kakoschke Frantzke\"},\"url\":false}]}<\/script>\n<!-- \/ Yoast SEO plugin. -->","yoast_head_json":{"title":"Palmsonntag, den 5. April Online-Gottesdienst YouTube-Video - Martin Luther Evangelische Kirche Toronto","robots":{"index":"index","follow":"follow","max-snippet":"max-snippet:-1","max-image-preview":"max-image-preview:large","max-video-preview":"max-video-preview:-1"},"canonical":"https:\/\/martinluther.ca\/de\/2020\/04\/sonntag-den-5-april-online-gottesdienst-youtube-video\/","og_locale":"de_DE","og_type":"article","og_title":"Palmsonntag, den 5. April Online-Gottesdienst YouTube-Video - Martin Luther Evangelische Kirche Toronto","og_description":"mit Vikar Jordan Smith. Wir beginnen unsere Reise durch die Karwoche mit dem Palmsonntag und dem Einzug Jesu in Jerusalem. https:\/\/youtu.be\/gPIF1tCGp04 Diese Woche gibt Vikar Jordan Smith einen \u00dcberblick \u00fcber den Plan f\u00fcr die Karwoche in der Martin-Luther-Kirche und reflektiert, wie Ver\u00e4nderungen pl\u00f6tzlich und \u00fcberraschend auf uns zukommen k\u00f6nnen. Die Lesungen f\u00fcr den 5. April&hellip;","og_url":"https:\/\/martinluther.ca\/de\/2020\/04\/sonntag-den-5-april-online-gottesdienst-youtube-video\/","og_site_name":"Martin Luther Evangelische Kirche Toronto","article_publisher":"https:\/\/www.facebook.com\/martinlutherchurchtoronto","article_published_time":"2020-04-04T22:03:45+00:00","article_modified_time":"2020-04-09T17:08:42+00:00","og_image":[{"width":1733,"height":1299,"url":"https:\/\/martinluther.ca\/wp-content\/uploads\/2020\/04\/Online-Worship-YouTube-Video-SunApr5-2020-05-4x3-1.jpg","type":"image\/jpeg"}],"author":"Mona Kakoschke Frantzke","twitter_card":"summary_large_image","twitter_misc":{"Verfasst von":"Mona Kakoschke Frantzke","Gesch\u00e4tzte Lesezeit":"13\u00a0Minuten"},"schema":{"@context":"https:\/\/schema.org","@graph":[{"@type":"Article","@id":"https:\/\/martinluther.ca\/de\/2020\/04\/sonntag-den-5-april-online-gottesdienst-youtube-video\/#article","isPartOf":{"@id":"https:\/\/martinluther.ca\/de\/2020\/04\/sonntag-den-5-april-online-gottesdienst-youtube-video\/"},"author":{"name":"Mona Kakoschke Frantzke","@id":"https:\/\/martinluther.ca\/de\/#\/schema\/person\/815c51710f70b050f0476f18da6b0c8f"},"headline":"Palmsonntag, den 5. April Online-Gottesdienst YouTube-Video","datePublished":"2020-04-04T22:03:45+00:00","dateModified":"2020-04-09T17:08:42+00:00","mainEntityOfPage":{"@id":"https:\/\/martinluther.ca\/de\/2020\/04\/sonntag-den-5-april-online-gottesdienst-youtube-video\/"},"wordCount":2579,"publisher":{"@id":"https:\/\/martinluther.ca\/de\/#organization"},"image":{"@id":"https:\/\/martinluther.ca\/de\/2020\/04\/sonntag-den-5-april-online-gottesdienst-youtube-video\/#primaryimage"},"thumbnailUrl":"https:\/\/martinluther.ca\/wp-content\/uploads\/2020\/04\/Online-Worship-YouTube-Video-SunApr5-2020-05-4x3-1.jpg","articleSection":["News Blog - German"],"inLanguage":"de"},{"@type":"WebPage","@id":"https:\/\/martinluther.ca\/de\/2020\/04\/sonntag-den-5-april-online-gottesdienst-youtube-video\/","url":"https:\/\/martinluther.ca\/de\/2020\/04\/sonntag-den-5-april-online-gottesdienst-youtube-video\/","name":"Palmsonntag, den 5. April Online-Gottesdienst YouTube-Video - Martin Luther Evangelische Kirche Toronto","isPartOf":{"@id":"https:\/\/martinluther.ca\/de\/#website"},"primaryImageOfPage":{"@id":"https:\/\/martinluther.ca\/de\/2020\/04\/sonntag-den-5-april-online-gottesdienst-youtube-video\/#primaryimage"},"image":{"@id":"https:\/\/martinluther.ca\/de\/2020\/04\/sonntag-den-5-april-online-gottesdienst-youtube-video\/#primaryimage"},"thumbnailUrl":"https:\/\/martinluther.ca\/wp-content\/uploads\/2020\/04\/Online-Worship-YouTube-Video-SunApr5-2020-05-4x3-1.jpg","datePublished":"2020-04-04T22:03:45+00:00","dateModified":"2020-04-09T17:08:42+00:00","breadcrumb":{"@id":"https:\/\/martinluther.ca\/de\/2020\/04\/sonntag-den-5-april-online-gottesdienst-youtube-video\/#breadcrumb"},"inLanguage":"de","potentialAction":[{"@type":"ReadAction","target":["https:\/\/martinluther.ca\/de\/2020\/04\/sonntag-den-5-april-online-gottesdienst-youtube-video\/"]}]},{"@type":"ImageObject","inLanguage":"de","@id":"https:\/\/martinluther.ca\/de\/2020\/04\/sonntag-den-5-april-online-gottesdienst-youtube-video\/#primaryimage","url":"https:\/\/martinluther.ca\/wp-content\/uploads\/2020\/04\/Online-Worship-YouTube-Video-SunApr5-2020-05-4x3-1.jpg","contentUrl":"https:\/\/martinluther.ca\/wp-content\/uploads\/2020\/04\/Online-Worship-YouTube-Video-SunApr5-2020-05-4x3-1.jpg","width":1733,"height":1299,"caption":"2020 Vicar Jordan Smith"},{"@type":"BreadcrumbList","@id":"https:\/\/martinluther.ca\/de\/2020\/04\/sonntag-den-5-april-online-gottesdienst-youtube-video\/#breadcrumb","itemListElement":[{"@type":"ListItem","position":1,"name":"Home","item":"https:\/\/martinluther.ca\/de\/"},{"@type":"ListItem","position":2,"name":"Palmsonntag, den 5. April Online-Gottesdienst YouTube-Video"}]},{"@type":"WebSite","@id":"https:\/\/martinluther.ca\/de\/#website","url":"https:\/\/martinluther.ca\/de\/","name":"Martin Luther Evangelical Church Toronto","description":"Deutsch &amp; Englisch","publisher":{"@id":"https:\/\/martinluther.ca\/de\/#organization"},"potentialAction":[{"@type":"SearchAction","target":{"@type":"EntryPoint","urlTemplate":"https:\/\/martinluther.ca\/de\/?s={search_term_string}"},"query-input":{"@type":"PropertyValueSpecification","valueRequired":true,"valueName":"search_term_string"}}],"inLanguage":"de"},{"@type":"Organization","@id":"https:\/\/martinluther.ca\/de\/#organization","name":"Martin Luther Evangelical Church Toronto","url":"https:\/\/martinluther.ca\/de\/","logo":{"@type":"ImageObject","inLanguage":"de","@id":"https:\/\/martinluther.ca\/de\/#\/schema\/logo\/image\/","url":"https:\/\/martinluther.ca\/wp-content\/uploads\/2016\/12\/ml-logo-300.png","contentUrl":"https:\/\/martinluther.ca\/wp-content\/uploads\/2016\/12\/ml-logo-300.png","width":300,"height":150,"caption":"Martin Luther Evangelical Church Toronto"},"image":{"@id":"https:\/\/martinluther.ca\/de\/#\/schema\/logo\/image\/"},"sameAs":["https:\/\/www.facebook.com\/martinlutherchurchtoronto","https:\/\/www.instagram.com\/lutheransbythelake\/","https:\/\/www.youtube.com\/MartinLutherChurchToronto"]},{"@type":"Person","@id":"https:\/\/martinluther.ca\/de\/#\/schema\/person\/815c51710f70b050f0476f18da6b0c8f","name":"Mona Kakoschke Frantzke","image":{"@type":"ImageObject","inLanguage":"de","@id":"https:\/\/secure.gravatar.com\/avatar\/0deb16854ca545cd2e9fc8001ca110d262b80d5c8317b38dc542265fbea0ed19?s=96&d=mm&r=g","url":"https:\/\/secure.gravatar.com\/avatar\/0deb16854ca545cd2e9fc8001ca110d262b80d5c8317b38dc542265fbea0ed19?s=96&d=mm&r=g","contentUrl":"https:\/\/secure.gravatar.com\/avatar\/0deb16854ca545cd2e9fc8001ca110d262b80d5c8317b38dc542265fbea0ed19?s=96&d=mm&r=g","caption":"Mona Kakoschke Frantzke"},"url":false}]}},"_links":{"self":[{"href":"https:\/\/martinluther.ca\/de\/wp-json\/wp\/v2\/posts\/33831","targetHints":{"allow":["GET"]}}],"collection":[{"href":"https:\/\/martinluther.ca\/de\/wp-json\/wp\/v2\/posts"}],"about":[{"href":"https:\/\/martinluther.ca\/de\/wp-json\/wp\/v2\/types\/post"}],"author":[{"embeddable":true,"href":"https:\/\/martinluther.ca\/de\/wp-json\/wp\/v2\/users\/9"}],"replies":[{"embeddable":true,"href":"https:\/\/martinluther.ca\/de\/wp-json\/wp\/v2\/comments?post=33831"}],"version-history":[{"count":8,"href":"https:\/\/martinluther.ca\/de\/wp-json\/wp\/v2\/posts\/33831\/revisions"}],"predecessor-version":[{"id":33973,"href":"https:\/\/martinluther.ca\/de\/wp-json\/wp\/v2\/posts\/33831\/revisions\/33973"}],"wp:featuredmedia":[{"embeddable":true,"href":"https:\/\/martinluther.ca\/de\/wp-json\/wp\/v2\/media\/33827"}],"wp:attachment":[{"href":"https:\/\/martinluther.ca\/de\/wp-json\/wp\/v2\/media?parent=33831"}],"wp:term":[{"taxonomy":"category","embeddable":true,"href":"https:\/\/martinluther.ca\/de\/wp-json\/wp\/v2\/categories?post=33831"},{"taxonomy":"post_tag","embeddable":true,"href":"https:\/\/martinluther.ca\/de\/wp-json\/wp\/v2\/tags?post=33831"},{"taxonomy":"post_series","embeddable":true,"href":"https:\/\/martinluther.ca\/de\/wp-json\/wp\/v2\/post_series?post=33831"}],"curies":[{"name":"wp","href":"https:\/\/api.w.org\/{rel}","templated":true}]}}