{"id":33906,"date":"2020-04-07T12:26:12","date_gmt":"2020-04-07T16:26:12","guid":{"rendered":"https:\/\/martinluther.ca\/?p=33906"},"modified":"2020-07-31T13:02:31","modified_gmt":"2020-07-31T17:02:31","slug":"gespraeche-im-virtuellen-cafe","status":"publish","type":"post","link":"https:\/\/martinluther.ca\/de\/2020\/04\/gespraeche-im-virtuellen-cafe\/","title":{"rendered":"Gespr\u00e4che im virtuellen Caf\u00e9, Montags 19-21 Uhr"},"content":{"rendered":"<p><img loading=\"lazy\" decoding=\"async\" class=\"alignright size-medium wp-image-33791\" src=\"https:\/\/martinluther.ca\/wp-content\/uploads\/2020\/04\/Virtual-Coffee-Shop-Talk-photo-300x300.jpg\" alt=\"Virtual Coffee Shop Talk -photo\" width=\"300\" height=\"300\" srcset=\"https:\/\/martinluther.ca\/wp-content\/uploads\/2020\/04\/Virtual-Coffee-Shop-Talk-photo-300x300.jpg 300w, https:\/\/martinluther.ca\/wp-content\/uploads\/2020\/04\/Virtual-Coffee-Shop-Talk-photo-150x150.jpg 150w, https:\/\/martinluther.ca\/wp-content\/uploads\/2020\/04\/Virtual-Coffee-Shop-Talk-photo-768x768.jpg 768w, https:\/\/martinluther.ca\/wp-content\/uploads\/2020\/04\/Virtual-Coffee-Shop-Talk-photo-125x125.jpg 125w, https:\/\/martinluther.ca\/wp-content\/uploads\/2020\/04\/Virtual-Coffee-Shop-Talk-photo.jpg 960w\" sizes=\"auto, (max-width: 300px) 100vw, 300px\" \/>Montags, 19.00-21.00 Uhr<\/p>\n<p>Kommen Sie so lange in das Meeting, wie Sie m\u00f6chten. Treffen Sie sich und verbringen Sie Zeit miteinander unter Freunden der Martin-Luther-Kirche.<\/p>\n<p>Vikarin Silke Fahl ist die Gastgeberin.<\/p>\n<p>Alles, was Sie brauchen, um eine Verbindung herzustellen, ist ein Telefon oder ein Tablet \/ Laptop \/ Computer \/ iPad.<\/p>\n<p>Bitte wenden Sie sich an das Kirchenb\u00fcro f\u00fcr die Einladung, <a href=\"mailto:vicarfahl@martinluther.ca\">vicarfahl@martinluther.ca<\/a>.<\/p>\n<p>Die Martin-Luther-Kirche sch\u00e4tzt die Sicherheit unserer virtuellen Besprechungsteilnehmer. Einladungen werden vom Kirchenb\u00fcro oder vom Versammlungsleiter geteilt. Ihr Sound und Video werden bei der Eingabe ausgeschaltet. Bitte halten Sie Ihren Sound stumm, es sei denn, der Gastgeber l\u00e4dt Sie zur Teilnahme ein. \u00dcberpr\u00fcfen Sie den Chat auf Anweisungen f\u00fcr Besprechungen und auf Hilfe bei technischen Problemen.<\/p>\n<p>&nbsp;<\/p>\n","protected":false},"excerpt":{"rendered":"<p>Montags, 19.00-21.00 Uhr Kommen Sie so lange in das Meeting, wie Sie m\u00f6chten. Treffen Sie sich und verbringen Sie Zeit miteinander unter Freunden der Martin-Luther-Kirche. Vikarin Silke Fahl ist die Gastgeberin. Alles, was Sie brauchen, um eine Verbindung herzustellen, ist ein Telefon oder ein Tablet \/ Laptop \/ Computer \/ iPad. Bitte wenden Sie sich&hellip;<\/p>\n","protected":false},"author":9,"featured_media":34193,"comment_status":"closed","ping_status":"closed","sticky":false,"template":"","format":"standard","meta":{"footnotes":""},"categories":[69],"tags":[],"post_series":[],"class_list":["post-33906","post","type-post","status-publish","format-standard","has-post-thumbnail","hentry","category-news-blog-german","entry","has-media"],"yoast_head":"<!-- This site is optimized with the Yoast SEO plugin v27.5 - https:\/\/yoast.com\/product\/yoast-seo-wordpress\/ -->\n<title>Gespr\u00e4che im virtuellen Caf\u00e9, Montags 19-21 Uhr - Martin Luther Evangelische Kirche Toronto<\/title>\n<meta name=\"robots\" content=\"index, follow, max-snippet:-1, max-image-preview:large, max-video-preview:-1\" \/>\n<link rel=\"canonical\" href=\"https:\/\/martinluther.ca\/de\/2020\/04\/gespraeche-im-virtuellen-cafe\/\" \/>\n<meta property=\"og:locale\" content=\"de_DE\" \/>\n<meta property=\"og:type\" content=\"article\" \/>\n<meta property=\"og:title\" content=\"Gespr\u00e4che im virtuellen Caf\u00e9, Montags 19-21 Uhr - Martin Luther Evangelische Kirche Toronto\" \/>\n<meta property=\"og:description\" content=\"Montags, 19.00-21.00 Uhr Kommen Sie so lange in das Meeting, wie Sie m\u00f6chten. Treffen Sie sich und verbringen Sie Zeit miteinander unter Freunden der Martin-Luther-Kirche. Vikarin Silke Fahl ist die Gastgeberin. Alles, was Sie brauchen, um eine Verbindung herzustellen, ist ein Telefon oder ein Tablet \/ Laptop \/ Computer \/ iPad. Bitte wenden Sie sich&hellip;\" \/>\n<meta property=\"og:url\" content=\"https:\/\/martinluther.ca\/de\/2020\/04\/gespraeche-im-virtuellen-cafe\/\" \/>\n<meta property=\"og:site_name\" content=\"Martin Luther Evangelische Kirche Toronto\" \/>\n<meta property=\"article:publisher\" content=\"https:\/\/www.facebook.com\/martinlutherchurchtoronto\" \/>\n<meta property=\"article:published_time\" content=\"2020-04-07T16:26:12+00:00\" \/>\n<meta property=\"article:modified_time\" content=\"2020-07-31T17:02:31+00:00\" \/>\n<meta property=\"og:image\" content=\"https:\/\/martinluther.ca\/wp-content\/uploads\/2020\/04\/Coffee-Shop-Talk-website.jpg\" \/>\n\t<meta property=\"og:image:width\" content=\"960\" \/>\n\t<meta property=\"og:image:height\" content=\"720\" \/>\n\t<meta property=\"og:image:type\" content=\"image\/jpeg\" \/>\n<meta name=\"author\" content=\"Mona Kakoschke Frantzke\" \/>\n<meta name=\"twitter:card\" content=\"summary_large_image\" \/>\n<meta name=\"twitter:label1\" content=\"Verfasst von\" \/>\n\t<meta name=\"twitter:data1\" content=\"Mona Kakoschke Frantzke\" \/>\n\t<meta name=\"twitter:label2\" content=\"Gesch\u00e4tzte Lesezeit\" \/>\n\t<meta name=\"twitter:data2\" content=\"1\u00a0Minute\" \/>\n<script type=\"application\/ld+json\" class=\"yoast-schema-graph\">{\"@context\":\"https:\\\/\\\/schema.org\",\"@graph\":[{\"@type\":\"Article\",\"@id\":\"https:\\\/\\\/martinluther.ca\\\/de\\\/2020\\\/04\\\/gespraeche-im-virtuellen-cafe\\\/#article\",\"isPartOf\":{\"@id\":\"https:\\\/\\\/martinluther.ca\\\/de\\\/2020\\\/04\\\/gespraeche-im-virtuellen-cafe\\\/\"},\"author\":{\"name\":\"Mona Kakoschke Frantzke\",\"@id\":\"https:\\\/\\\/martinluther.ca\\\/de\\\/#\\\/schema\\\/person\\\/815c51710f70b050f0476f18da6b0c8f\"},\"headline\":\"Gespr\u00e4che im virtuellen Caf\u00e9, Montags 19-21 Uhr\",\"datePublished\":\"2020-04-07T16:26:12+00:00\",\"dateModified\":\"2020-07-31T17:02:31+00:00\",\"mainEntityOfPage\":{\"@id\":\"https:\\\/\\\/martinluther.ca\\\/de\\\/2020\\\/04\\\/gespraeche-im-virtuellen-cafe\\\/\"},\"wordCount\":133,\"publisher\":{\"@id\":\"https:\\\/\\\/martinluther.ca\\\/de\\\/#organization\"},\"image\":{\"@id\":\"https:\\\/\\\/martinluther.ca\\\/de\\\/2020\\\/04\\\/gespraeche-im-virtuellen-cafe\\\/#primaryimage\"},\"thumbnailUrl\":\"https:\\\/\\\/martinluther.ca\\\/wp-content\\\/uploads\\\/2020\\\/04\\\/Coffee-Shop-Talk-website.jpg\",\"articleSection\":[\"News Blog - German\"],\"inLanguage\":\"de\"},{\"@type\":\"WebPage\",\"@id\":\"https:\\\/\\\/martinluther.ca\\\/de\\\/2020\\\/04\\\/gespraeche-im-virtuellen-cafe\\\/\",\"url\":\"https:\\\/\\\/martinluther.ca\\\/de\\\/2020\\\/04\\\/gespraeche-im-virtuellen-cafe\\\/\",\"name\":\"Gespr\u00e4che im virtuellen Caf\u00e9, Montags 19-21 Uhr - Martin Luther Evangelische Kirche Toronto\",\"isPartOf\":{\"@id\":\"https:\\\/\\\/martinluther.ca\\\/de\\\/#website\"},\"primaryImageOfPage\":{\"@id\":\"https:\\\/\\\/martinluther.ca\\\/de\\\/2020\\\/04\\\/gespraeche-im-virtuellen-cafe\\\/#primaryimage\"},\"image\":{\"@id\":\"https:\\\/\\\/martinluther.ca\\\/de\\\/2020\\\/04\\\/gespraeche-im-virtuellen-cafe\\\/#primaryimage\"},\"thumbnailUrl\":\"https:\\\/\\\/martinluther.ca\\\/wp-content\\\/uploads\\\/2020\\\/04\\\/Coffee-Shop-Talk-website.jpg\",\"datePublished\":\"2020-04-07T16:26:12+00:00\",\"dateModified\":\"2020-07-31T17:02:31+00:00\",\"breadcrumb\":{\"@id\":\"https:\\\/\\\/martinluther.ca\\\/de\\\/2020\\\/04\\\/gespraeche-im-virtuellen-cafe\\\/#breadcrumb\"},\"inLanguage\":\"de\",\"potentialAction\":[{\"@type\":\"ReadAction\",\"target\":[\"https:\\\/\\\/martinluther.ca\\\/de\\\/2020\\\/04\\\/gespraeche-im-virtuellen-cafe\\\/\"]}]},{\"@type\":\"ImageObject\",\"inLanguage\":\"de\",\"@id\":\"https:\\\/\\\/martinluther.ca\\\/de\\\/2020\\\/04\\\/gespraeche-im-virtuellen-cafe\\\/#primaryimage\",\"url\":\"https:\\\/\\\/martinluther.ca\\\/wp-content\\\/uploads\\\/2020\\\/04\\\/Coffee-Shop-Talk-website.jpg\",\"contentUrl\":\"https:\\\/\\\/martinluther.ca\\\/wp-content\\\/uploads\\\/2020\\\/04\\\/Coffee-Shop-Talk-website.jpg\",\"width\":960,\"height\":720},{\"@type\":\"BreadcrumbList\",\"@id\":\"https:\\\/\\\/martinluther.ca\\\/de\\\/2020\\\/04\\\/gespraeche-im-virtuellen-cafe\\\/#breadcrumb\",\"itemListElement\":[{\"@type\":\"ListItem\",\"position\":1,\"name\":\"Home\",\"item\":\"https:\\\/\\\/martinluther.ca\\\/de\\\/\"},{\"@type\":\"ListItem\",\"position\":2,\"name\":\"Gespr\u00e4che im virtuellen Caf\u00e9, Montags 19-21 Uhr\"}]},{\"@type\":\"WebSite\",\"@id\":\"https:\\\/\\\/martinluther.ca\\\/de\\\/#website\",\"url\":\"https:\\\/\\\/martinluther.ca\\\/de\\\/\",\"name\":\"Martin Luther Evangelical Church Toronto\",\"description\":\"Deutsch &amp; Englisch\",\"publisher\":{\"@id\":\"https:\\\/\\\/martinluther.ca\\\/de\\\/#organization\"},\"potentialAction\":[{\"@type\":\"SearchAction\",\"target\":{\"@type\":\"EntryPoint\",\"urlTemplate\":\"https:\\\/\\\/martinluther.ca\\\/de\\\/?s={search_term_string}\"},\"query-input\":{\"@type\":\"PropertyValueSpecification\",\"valueRequired\":true,\"valueName\":\"search_term_string\"}}],\"inLanguage\":\"de\"},{\"@type\":\"Organization\",\"@id\":\"https:\\\/\\\/martinluther.ca\\\/de\\\/#organization\",\"name\":\"Martin Luther Evangelical Church Toronto\",\"url\":\"https:\\\/\\\/martinluther.ca\\\/de\\\/\",\"logo\":{\"@type\":\"ImageObject\",\"inLanguage\":\"de\",\"@id\":\"https:\\\/\\\/martinluther.ca\\\/de\\\/#\\\/schema\\\/logo\\\/image\\\/\",\"url\":\"https:\\\/\\\/martinluther.ca\\\/wp-content\\\/uploads\\\/2016\\\/12\\\/ml-logo-300.png\",\"contentUrl\":\"https:\\\/\\\/martinluther.ca\\\/wp-content\\\/uploads\\\/2016\\\/12\\\/ml-logo-300.png\",\"width\":300,\"height\":150,\"caption\":\"Martin Luther Evangelical Church Toronto\"},\"image\":{\"@id\":\"https:\\\/\\\/martinluther.ca\\\/de\\\/#\\\/schema\\\/logo\\\/image\\\/\"},\"sameAs\":[\"https:\\\/\\\/www.facebook.com\\\/martinlutherchurchtoronto\",\"https:\\\/\\\/www.instagram.com\\\/lutheransbythelake\\\/\",\"https:\\\/\\\/www.youtube.com\\\/MartinLutherChurchToronto\"]},{\"@type\":\"Person\",\"@id\":\"https:\\\/\\\/martinluther.ca\\\/de\\\/#\\\/schema\\\/person\\\/815c51710f70b050f0476f18da6b0c8f\",\"name\":\"Mona Kakoschke Frantzke\",\"image\":{\"@type\":\"ImageObject\",\"inLanguage\":\"de\",\"@id\":\"https:\\\/\\\/secure.gravatar.com\\\/avatar\\\/0deb16854ca545cd2e9fc8001ca110d262b80d5c8317b38dc542265fbea0ed19?s=96&d=mm&r=g\",\"url\":\"https:\\\/\\\/secure.gravatar.com\\\/avatar\\\/0deb16854ca545cd2e9fc8001ca110d262b80d5c8317b38dc542265fbea0ed19?s=96&d=mm&r=g\",\"contentUrl\":\"https:\\\/\\\/secure.gravatar.com\\\/avatar\\\/0deb16854ca545cd2e9fc8001ca110d262b80d5c8317b38dc542265fbea0ed19?s=96&d=mm&r=g\",\"caption\":\"Mona Kakoschke Frantzke\"},\"url\":false}]}<\/script>\n<!-- \/ Yoast SEO plugin. -->","yoast_head_json":{"title":"Gespr\u00e4che im virtuellen Caf\u00e9, Montags 19-21 Uhr - Martin Luther Evangelische Kirche Toronto","robots":{"index":"index","follow":"follow","max-snippet":"max-snippet:-1","max-image-preview":"max-image-preview:large","max-video-preview":"max-video-preview:-1"},"canonical":"https:\/\/martinluther.ca\/de\/2020\/04\/gespraeche-im-virtuellen-cafe\/","og_locale":"de_DE","og_type":"article","og_title":"Gespr\u00e4che im virtuellen Caf\u00e9, Montags 19-21 Uhr - Martin Luther Evangelische Kirche Toronto","og_description":"Montags, 19.00-21.00 Uhr Kommen Sie so lange in das Meeting, wie Sie m\u00f6chten. Treffen Sie sich und verbringen Sie Zeit miteinander unter Freunden der Martin-Luther-Kirche. Vikarin Silke Fahl ist die Gastgeberin. Alles, was Sie brauchen, um eine Verbindung herzustellen, ist ein Telefon oder ein Tablet \/ Laptop \/ Computer \/ iPad. Bitte wenden Sie sich&hellip;","og_url":"https:\/\/martinluther.ca\/de\/2020\/04\/gespraeche-im-virtuellen-cafe\/","og_site_name":"Martin Luther Evangelische Kirche Toronto","article_publisher":"https:\/\/www.facebook.com\/martinlutherchurchtoronto","article_published_time":"2020-04-07T16:26:12+00:00","article_modified_time":"2020-07-31T17:02:31+00:00","og_image":[{"width":960,"height":720,"url":"https:\/\/martinluther.ca\/wp-content\/uploads\/2020\/04\/Coffee-Shop-Talk-website.jpg","type":"image\/jpeg"}],"author":"Mona Kakoschke Frantzke","twitter_card":"summary_large_image","twitter_misc":{"Verfasst von":"Mona Kakoschke Frantzke","Gesch\u00e4tzte Lesezeit":"1\u00a0Minute"},"schema":{"@context":"https:\/\/schema.org","@graph":[{"@type":"Article","@id":"https:\/\/martinluther.ca\/de\/2020\/04\/gespraeche-im-virtuellen-cafe\/#article","isPartOf":{"@id":"https:\/\/martinluther.ca\/de\/2020\/04\/gespraeche-im-virtuellen-cafe\/"},"author":{"name":"Mona Kakoschke Frantzke","@id":"https:\/\/martinluther.ca\/de\/#\/schema\/person\/815c51710f70b050f0476f18da6b0c8f"},"headline":"Gespr\u00e4che im virtuellen Caf\u00e9, Montags 19-21 Uhr","datePublished":"2020-04-07T16:26:12+00:00","dateModified":"2020-07-31T17:02:31+00:00","mainEntityOfPage":{"@id":"https:\/\/martinluther.ca\/de\/2020\/04\/gespraeche-im-virtuellen-cafe\/"},"wordCount":133,"publisher":{"@id":"https:\/\/martinluther.ca\/de\/#organization"},"image":{"@id":"https:\/\/martinluther.ca\/de\/2020\/04\/gespraeche-im-virtuellen-cafe\/#primaryimage"},"thumbnailUrl":"https:\/\/martinluther.ca\/wp-content\/uploads\/2020\/04\/Coffee-Shop-Talk-website.jpg","articleSection":["News Blog - German"],"inLanguage":"de"},{"@type":"WebPage","@id":"https:\/\/martinluther.ca\/de\/2020\/04\/gespraeche-im-virtuellen-cafe\/","url":"https:\/\/martinluther.ca\/de\/2020\/04\/gespraeche-im-virtuellen-cafe\/","name":"Gespr\u00e4che im virtuellen Caf\u00e9, Montags 19-21 Uhr - Martin Luther Evangelische Kirche Toronto","isPartOf":{"@id":"https:\/\/martinluther.ca\/de\/#website"},"primaryImageOfPage":{"@id":"https:\/\/martinluther.ca\/de\/2020\/04\/gespraeche-im-virtuellen-cafe\/#primaryimage"},"image":{"@id":"https:\/\/martinluther.ca\/de\/2020\/04\/gespraeche-im-virtuellen-cafe\/#primaryimage"},"thumbnailUrl":"https:\/\/martinluther.ca\/wp-content\/uploads\/2020\/04\/Coffee-Shop-Talk-website.jpg","datePublished":"2020-04-07T16:26:12+00:00","dateModified":"2020-07-31T17:02:31+00:00","breadcrumb":{"@id":"https:\/\/martinluther.ca\/de\/2020\/04\/gespraeche-im-virtuellen-cafe\/#breadcrumb"},"inLanguage":"de","potentialAction":[{"@type":"ReadAction","target":["https:\/\/martinluther.ca\/de\/2020\/04\/gespraeche-im-virtuellen-cafe\/"]}]},{"@type":"ImageObject","inLanguage":"de","@id":"https:\/\/martinluther.ca\/de\/2020\/04\/gespraeche-im-virtuellen-cafe\/#primaryimage","url":"https:\/\/martinluther.ca\/wp-content\/uploads\/2020\/04\/Coffee-Shop-Talk-website.jpg","contentUrl":"https:\/\/martinluther.ca\/wp-content\/uploads\/2020\/04\/Coffee-Shop-Talk-website.jpg","width":960,"height":720},{"@type":"BreadcrumbList","@id":"https:\/\/martinluther.ca\/de\/2020\/04\/gespraeche-im-virtuellen-cafe\/#breadcrumb","itemListElement":[{"@type":"ListItem","position":1,"name":"Home","item":"https:\/\/martinluther.ca\/de\/"},{"@type":"ListItem","position":2,"name":"Gespr\u00e4che im virtuellen Caf\u00e9, Montags 19-21 Uhr"}]},{"@type":"WebSite","@id":"https:\/\/martinluther.ca\/de\/#website","url":"https:\/\/martinluther.ca\/de\/","name":"Martin Luther Evangelical Church Toronto","description":"Deutsch &amp; Englisch","publisher":{"@id":"https:\/\/martinluther.ca\/de\/#organization"},"potentialAction":[{"@type":"SearchAction","target":{"@type":"EntryPoint","urlTemplate":"https:\/\/martinluther.ca\/de\/?s={search_term_string}"},"query-input":{"@type":"PropertyValueSpecification","valueRequired":true,"valueName":"search_term_string"}}],"inLanguage":"de"},{"@type":"Organization","@id":"https:\/\/martinluther.ca\/de\/#organization","name":"Martin Luther Evangelical Church Toronto","url":"https:\/\/martinluther.ca\/de\/","logo":{"@type":"ImageObject","inLanguage":"de","@id":"https:\/\/martinluther.ca\/de\/#\/schema\/logo\/image\/","url":"https:\/\/martinluther.ca\/wp-content\/uploads\/2016\/12\/ml-logo-300.png","contentUrl":"https:\/\/martinluther.ca\/wp-content\/uploads\/2016\/12\/ml-logo-300.png","width":300,"height":150,"caption":"Martin Luther Evangelical Church Toronto"},"image":{"@id":"https:\/\/martinluther.ca\/de\/#\/schema\/logo\/image\/"},"sameAs":["https:\/\/www.facebook.com\/martinlutherchurchtoronto","https:\/\/www.instagram.com\/lutheransbythelake\/","https:\/\/www.youtube.com\/MartinLutherChurchToronto"]},{"@type":"Person","@id":"https:\/\/martinluther.ca\/de\/#\/schema\/person\/815c51710f70b050f0476f18da6b0c8f","name":"Mona Kakoschke Frantzke","image":{"@type":"ImageObject","inLanguage":"de","@id":"https:\/\/secure.gravatar.com\/avatar\/0deb16854ca545cd2e9fc8001ca110d262b80d5c8317b38dc542265fbea0ed19?s=96&d=mm&r=g","url":"https:\/\/secure.gravatar.com\/avatar\/0deb16854ca545cd2e9fc8001ca110d262b80d5c8317b38dc542265fbea0ed19?s=96&d=mm&r=g","contentUrl":"https:\/\/secure.gravatar.com\/avatar\/0deb16854ca545cd2e9fc8001ca110d262b80d5c8317b38dc542265fbea0ed19?s=96&d=mm&r=g","caption":"Mona Kakoschke Frantzke"},"url":false}]}},"_links":{"self":[{"href":"https:\/\/martinluther.ca\/de\/wp-json\/wp\/v2\/posts\/33906","targetHints":{"allow":["GET"]}}],"collection":[{"href":"https:\/\/martinluther.ca\/de\/wp-json\/wp\/v2\/posts"}],"about":[{"href":"https:\/\/martinluther.ca\/de\/wp-json\/wp\/v2\/types\/post"}],"author":[{"embeddable":true,"href":"https:\/\/martinluther.ca\/de\/wp-json\/wp\/v2\/users\/9"}],"replies":[{"embeddable":true,"href":"https:\/\/martinluther.ca\/de\/wp-json\/wp\/v2\/comments?post=33906"}],"version-history":[{"count":9,"href":"https:\/\/martinluther.ca\/de\/wp-json\/wp\/v2\/posts\/33906\/revisions"}],"predecessor-version":[{"id":35568,"href":"https:\/\/martinluther.ca\/de\/wp-json\/wp\/v2\/posts\/33906\/revisions\/35568"}],"wp:featuredmedia":[{"embeddable":true,"href":"https:\/\/martinluther.ca\/de\/wp-json\/wp\/v2\/media\/34193"}],"wp:attachment":[{"href":"https:\/\/martinluther.ca\/de\/wp-json\/wp\/v2\/media?parent=33906"}],"wp:term":[{"taxonomy":"category","embeddable":true,"href":"https:\/\/martinluther.ca\/de\/wp-json\/wp\/v2\/categories?post=33906"},{"taxonomy":"post_tag","embeddable":true,"href":"https:\/\/martinluther.ca\/de\/wp-json\/wp\/v2\/tags?post=33906"},{"taxonomy":"post_series","embeddable":true,"href":"https:\/\/martinluther.ca\/de\/wp-json\/wp\/v2\/post_series?post=33906"}],"curies":[{"name":"wp","href":"https:\/\/api.w.org\/{rel}","templated":true}]}}