{"id":34030,"date":"2020-04-09T17:31:27","date_gmt":"2020-04-09T21:31:27","guid":{"rendered":"https:\/\/martinluther.ca\/?p=34030"},"modified":"2020-04-09T17:30:26","modified_gmt":"2020-04-09T21:30:26","slug":"staerker-als-der-tod-ostersteine-als-zeichen-der-hoffnung","status":"publish","type":"post","link":"https:\/\/martinluther.ca\/de\/2020\/04\/staerker-als-der-tod-ostersteine-als-zeichen-der-hoffnung\/","title":{"rendered":"St\u00e4rker als der Tod \u2013 Ostersteine als Zeichen der Hoffnung"},"content":{"rendered":"<div><img loading=\"lazy\" decoding=\"async\" class=\"alignright size-medium wp-image-34026\" src=\"https:\/\/martinluther.ca\/wp-content\/uploads\/2020\/04\/Easter-Stones2-225x300.jpg\" alt=\"\" width=\"225\" height=\"300\" srcset=\"https:\/\/martinluther.ca\/wp-content\/uploads\/2020\/04\/Easter-Stones2-225x300.jpg 225w, https:\/\/martinluther.ca\/wp-content\/uploads\/2020\/04\/Easter-Stones2.jpg 565w\" sizes=\"auto, (max-width: 225px) 100vw, 225px\" \/>Bemalt <strong>Steine der Hoffnung<\/strong>, welche die Osterbotschaft f\u00fcr euch \u201ein Stein mei\u00dfeln\u201c.<\/div>\n<div><\/div>\n<div>Ein Projekt der Nordkirche\u00a0f\u00fcr Familien und f\u00fcr alle K\u00fcnstler die Hoffnung suchen.<\/div>\n<div><\/div>\n<div>Als die J\u00fcnger am Morgen des ersten Tages der Woche zum Grab Jesu eilten, um seinen Leichnam zu salben, war der Stein weggerollt \u2013 und das Grab leer. Der weggerollte Stein wurde zum Symbol der Botschaft, dass Gott \u2013 dass die Liebe st\u00e4rker ist als der Tod. Deshalb soll der Stein am Ostersonntag 2020 als Hoffnungszeichen aus unseren Gottesdiensten durch die Welt wandern \u2013 so wie der Stern an Weihnachten.<br \/>\nWir aus der Martin Luther Gemeinde k\u00f6nnen dabei sein und den Stein \u201eins Rollen\u201c bringen!<\/div>\n<div><\/div>\n<div>\n<div><strong>Vorderseite des Steins:<\/strong><br \/>\n\u2022 Gestaltung der Antwort auf die Frage, was f\u00fcr euch st\u00e4rker ist als der Tod<\/div>\n<div><\/div>\n<div><strong>R\u00fcckseite des Steins: <\/strong><br \/>\n\u2022 #st\u00e4rkeralsdertod<\/div>\n<div><\/div>\n<div><strong><a href=\"https:\/\/martinluther.ca\/wp-content\/uploads\/2020\/04\/Easter-Stones.jpg\"><img loading=\"lazy\" decoding=\"async\" class=\"alignright size-medium wp-image-34025\" src=\"https:\/\/martinluther.ca\/wp-content\/uploads\/2020\/04\/Easter-Stones-300x225.jpg\" alt=\"\" width=\"300\" height=\"225\" srcset=\"https:\/\/martinluther.ca\/wp-content\/uploads\/2020\/04\/Easter-Stones-300x225.jpg 300w, https:\/\/martinluther.ca\/wp-content\/uploads\/2020\/04\/Easter-Stones-768x576.jpg 768w, https:\/\/martinluther.ca\/wp-content\/uploads\/2020\/04\/Easter-Stones.jpg 807w\" sizes=\"auto, (max-width: 300px) 100vw, 300px\" \/><\/a>suchen, finden &amp; weitergeben<\/strong><br \/>\nWenn ihr dabei seid, dann postet gerne Bilder von euren Steinen unter den Hashtags #st\u00e4rkeralsdertod sowie #kircheimdialog bei Instagram oder in der <a href=\"https:\/\/www.facebook.com\/groups\/171925047423673\/\" target=\"_blank\" rel=\"noopener noreferrer\">Facebook-Gruppe \u201eOstersteine\u201c<\/a> und werdet so Teil einer weitweiten, \u00f6sterlichen Hoffnungsbewegung! Verlinkt ebenfalls die Martin Luther Gemeinde bei Facebook und\/oder Instagram.<\/div>\n<div><\/div>\n<div><strong>Hinweise zum Bemalen<\/strong><\/div>\n<div><\/div>\n<div><strong>Du brauchst:<\/strong><br \/>\n\u2022\u00a0 Steine (findest du am Wegrand, am Strand oder auch in gro\u00dfen T\u00fcten als<br \/>\nBuntkies im Baumarkt)<br \/>\n\u2022\u00a0 Farbe f\u00fcr die Steine: du kannst Acrylfarbe benutzen, aber auch Nagellack oder wasserfeste Stifte (Edding oder Posca-Lackstifte haben sich bew\u00e4hrt).<br \/>\n\u2022\u00a0 Acryllack gibt es wie Pinsel g\u00fcnstig im Euro-Shop etc.. Du kannst aber auch malen z.B. mit Tusche (Pelikan wird empfohlen), Kreide oder Bleistift &#8211; nur achte dann auf eine besonders gute Versiegelung!<br \/>\n\u2022\u00a0 Pinsel, wenn du Acryllack oder Tusche verwendest<br \/>\n\u2022\u00a0 Versiegelung: Acryllack bzw. Klarlack (zum Spr\u00fchen oder umweltschonender<br \/>\nzum Aufpinseln) farbloser Nagellack oder Bootslack<\/div>\n<div><\/div>\n<div><strong>Hinweise zum Umweltschutz:<\/strong><br \/>\n\u2022\u00a0 Nichts auf Steine kleben &#8211; kein Glitzer, keine Sternchen, keine Augen, kein Draht, keine Fl\u00fcgel, kein Klebstoff<br \/>\n\u2022\u00a0 Keine Steine ins Wasser legen\/werfen und m\u00f6glichst auch nicht in der freien Natur aussetzen. Nicht auf Geb\u00fcsche oder in den Sand legen. Im st\u00e4dtischen oder d\u00f6rflichen Umfeld (also gerne im Trockenen, regengesch\u00fctzt oder auf Stein) werden die Steine besser gesehen und die Gefahr, dass sich Lacke l\u00f6sen, reduziert sich.<br \/>\n\u2022\u00a0 Bitte keine Steine in ausgewiesenen Naturschutzgebieten auslegen.<br \/>\n\u2022\u00a0 Man kann durchaus mit weniger sch\u00e4dlichen Farben wie Tusche malen.<br \/>\n\u2022\u00a0 Wer noch Acrylfarben, Nagellack o.\u00e4. hat, kann das nat\u00fcrlich aufbrauchen &#8211;<br \/>\nwarum auch nicht?<br \/>\n\u2022\u00a0 Seid respektvoll und beachtet Privateigentum.<\/div>\n<\/div>\n","protected":false},"excerpt":{"rendered":"<p>Bemalt Steine der Hoffnung, welche die Osterbotschaft f\u00fcr euch \u201ein Stein mei\u00dfeln\u201c. Ein Projekt der Nordkirche\u00a0f\u00fcr Familien und f\u00fcr alle K\u00fcnstler die Hoffnung suchen. Als die J\u00fcnger am Morgen des ersten Tages der Woche zum Grab Jesu eilten, um seinen Leichnam zu salben, war der Stein weggerollt \u2013 und das Grab leer. Der weggerollte Stein&hellip;<\/p>\n","protected":false},"author":8,"featured_media":34025,"comment_status":"closed","ping_status":"closed","sticky":false,"template":"","format":"standard","meta":{"footnotes":""},"categories":[69],"tags":[],"post_series":[],"class_list":["post-34030","post","type-post","status-publish","format-standard","has-post-thumbnail","hentry","category-news-blog-german","entry","has-media"],"yoast_head":"<!-- This site is optimized with the Yoast SEO plugin v27.5 - https:\/\/yoast.com\/product\/yoast-seo-wordpress\/ -->\n<title>St\u00e4rker als der Tod \u2013 Ostersteine als Zeichen der Hoffnung - Martin Luther Evangelische Kirche Toronto<\/title>\n<meta name=\"robots\" content=\"index, follow, max-snippet:-1, max-image-preview:large, max-video-preview:-1\" \/>\n<link rel=\"canonical\" href=\"https:\/\/martinluther.ca\/de\/2020\/04\/staerker-als-der-tod-ostersteine-als-zeichen-der-hoffnung\/\" \/>\n<meta property=\"og:locale\" content=\"de_DE\" \/>\n<meta property=\"og:type\" content=\"article\" \/>\n<meta property=\"og:title\" content=\"St\u00e4rker als der Tod \u2013 Ostersteine als Zeichen der Hoffnung - Martin Luther Evangelische Kirche Toronto\" \/>\n<meta property=\"og:description\" content=\"Bemalt Steine der Hoffnung, welche die Osterbotschaft f\u00fcr euch \u201ein Stein mei\u00dfeln\u201c. Ein Projekt der Nordkirche\u00a0f\u00fcr Familien und f\u00fcr alle K\u00fcnstler die Hoffnung suchen. Als die J\u00fcnger am Morgen des ersten Tages der Woche zum Grab Jesu eilten, um seinen Leichnam zu salben, war der Stein weggerollt \u2013 und das Grab leer. Der weggerollte Stein&hellip;\" \/>\n<meta property=\"og:url\" content=\"https:\/\/martinluther.ca\/de\/2020\/04\/staerker-als-der-tod-ostersteine-als-zeichen-der-hoffnung\/\" \/>\n<meta property=\"og:site_name\" content=\"Martin Luther Evangelische Kirche Toronto\" \/>\n<meta property=\"article:publisher\" content=\"https:\/\/www.facebook.com\/martinlutherchurchtoronto\" \/>\n<meta property=\"article:published_time\" content=\"2020-04-09T21:31:27+00:00\" \/>\n<meta property=\"og:image\" content=\"https:\/\/martinluther.ca\/wp-content\/uploads\/2020\/04\/Easter-Stones.jpg\" \/>\n\t<meta property=\"og:image:width\" content=\"807\" \/>\n\t<meta property=\"og:image:height\" content=\"605\" \/>\n\t<meta property=\"og:image:type\" content=\"image\/jpeg\" \/>\n<meta name=\"author\" content=\"Marlena Muller\" \/>\n<meta name=\"twitter:card\" content=\"summary_large_image\" \/>\n<meta name=\"twitter:label1\" content=\"Verfasst von\" \/>\n\t<meta name=\"twitter:data1\" content=\"Marlena Muller\" \/>\n\t<meta name=\"twitter:label2\" content=\"Gesch\u00e4tzte Lesezeit\" \/>\n\t<meta name=\"twitter:data2\" content=\"2\u00a0Minuten\" \/>\n<script type=\"application\/ld+json\" class=\"yoast-schema-graph\">{\"@context\":\"https:\\\/\\\/schema.org\",\"@graph\":[{\"@type\":\"Article\",\"@id\":\"https:\\\/\\\/martinluther.ca\\\/de\\\/2020\\\/04\\\/staerker-als-der-tod-ostersteine-als-zeichen-der-hoffnung\\\/#article\",\"isPartOf\":{\"@id\":\"https:\\\/\\\/martinluther.ca\\\/de\\\/2020\\\/04\\\/staerker-als-der-tod-ostersteine-als-zeichen-der-hoffnung\\\/\"},\"author\":{\"name\":\"Marlena Muller\",\"@id\":\"https:\\\/\\\/martinluther.ca\\\/de\\\/#\\\/schema\\\/person\\\/ef4e825f5d9d6fd740bbd7813710e15d\"},\"headline\":\"St\u00e4rker als der Tod \u2013 Ostersteine als Zeichen der Hoffnung\",\"datePublished\":\"2020-04-09T21:31:27+00:00\",\"mainEntityOfPage\":{\"@id\":\"https:\\\/\\\/martinluther.ca\\\/de\\\/2020\\\/04\\\/staerker-als-der-tod-ostersteine-als-zeichen-der-hoffnung\\\/\"},\"wordCount\":413,\"publisher\":{\"@id\":\"https:\\\/\\\/martinluther.ca\\\/de\\\/#organization\"},\"image\":{\"@id\":\"https:\\\/\\\/martinluther.ca\\\/de\\\/2020\\\/04\\\/staerker-als-der-tod-ostersteine-als-zeichen-der-hoffnung\\\/#primaryimage\"},\"thumbnailUrl\":\"https:\\\/\\\/martinluther.ca\\\/wp-content\\\/uploads\\\/2020\\\/04\\\/Easter-Stones.jpg\",\"articleSection\":[\"News Blog - German\"],\"inLanguage\":\"de\"},{\"@type\":\"WebPage\",\"@id\":\"https:\\\/\\\/martinluther.ca\\\/de\\\/2020\\\/04\\\/staerker-als-der-tod-ostersteine-als-zeichen-der-hoffnung\\\/\",\"url\":\"https:\\\/\\\/martinluther.ca\\\/de\\\/2020\\\/04\\\/staerker-als-der-tod-ostersteine-als-zeichen-der-hoffnung\\\/\",\"name\":\"St\u00e4rker als der Tod \u2013 Ostersteine als Zeichen der Hoffnung - Martin Luther Evangelische Kirche Toronto\",\"isPartOf\":{\"@id\":\"https:\\\/\\\/martinluther.ca\\\/de\\\/#website\"},\"primaryImageOfPage\":{\"@id\":\"https:\\\/\\\/martinluther.ca\\\/de\\\/2020\\\/04\\\/staerker-als-der-tod-ostersteine-als-zeichen-der-hoffnung\\\/#primaryimage\"},\"image\":{\"@id\":\"https:\\\/\\\/martinluther.ca\\\/de\\\/2020\\\/04\\\/staerker-als-der-tod-ostersteine-als-zeichen-der-hoffnung\\\/#primaryimage\"},\"thumbnailUrl\":\"https:\\\/\\\/martinluther.ca\\\/wp-content\\\/uploads\\\/2020\\\/04\\\/Easter-Stones.jpg\",\"datePublished\":\"2020-04-09T21:31:27+00:00\",\"breadcrumb\":{\"@id\":\"https:\\\/\\\/martinluther.ca\\\/de\\\/2020\\\/04\\\/staerker-als-der-tod-ostersteine-als-zeichen-der-hoffnung\\\/#breadcrumb\"},\"inLanguage\":\"de\",\"potentialAction\":[{\"@type\":\"ReadAction\",\"target\":[\"https:\\\/\\\/martinluther.ca\\\/de\\\/2020\\\/04\\\/staerker-als-der-tod-ostersteine-als-zeichen-der-hoffnung\\\/\"]}]},{\"@type\":\"ImageObject\",\"inLanguage\":\"de\",\"@id\":\"https:\\\/\\\/martinluther.ca\\\/de\\\/2020\\\/04\\\/staerker-als-der-tod-ostersteine-als-zeichen-der-hoffnung\\\/#primaryimage\",\"url\":\"https:\\\/\\\/martinluther.ca\\\/wp-content\\\/uploads\\\/2020\\\/04\\\/Easter-Stones.jpg\",\"contentUrl\":\"https:\\\/\\\/martinluther.ca\\\/wp-content\\\/uploads\\\/2020\\\/04\\\/Easter-Stones.jpg\",\"width\":807,\"height\":605},{\"@type\":\"BreadcrumbList\",\"@id\":\"https:\\\/\\\/martinluther.ca\\\/de\\\/2020\\\/04\\\/staerker-als-der-tod-ostersteine-als-zeichen-der-hoffnung\\\/#breadcrumb\",\"itemListElement\":[{\"@type\":\"ListItem\",\"position\":1,\"name\":\"Home\",\"item\":\"https:\\\/\\\/martinluther.ca\\\/de\\\/\"},{\"@type\":\"ListItem\",\"position\":2,\"name\":\"St\u00e4rker als der Tod \u2013 Ostersteine als Zeichen der Hoffnung\"}]},{\"@type\":\"WebSite\",\"@id\":\"https:\\\/\\\/martinluther.ca\\\/de\\\/#website\",\"url\":\"https:\\\/\\\/martinluther.ca\\\/de\\\/\",\"name\":\"Martin Luther Evangelical Church Toronto\",\"description\":\"Deutsch &amp; Englisch\",\"publisher\":{\"@id\":\"https:\\\/\\\/martinluther.ca\\\/de\\\/#organization\"},\"potentialAction\":[{\"@type\":\"SearchAction\",\"target\":{\"@type\":\"EntryPoint\",\"urlTemplate\":\"https:\\\/\\\/martinluther.ca\\\/de\\\/?s={search_term_string}\"},\"query-input\":{\"@type\":\"PropertyValueSpecification\",\"valueRequired\":true,\"valueName\":\"search_term_string\"}}],\"inLanguage\":\"de\"},{\"@type\":\"Organization\",\"@id\":\"https:\\\/\\\/martinluther.ca\\\/de\\\/#organization\",\"name\":\"Martin Luther Evangelical Church Toronto\",\"url\":\"https:\\\/\\\/martinluther.ca\\\/de\\\/\",\"logo\":{\"@type\":\"ImageObject\",\"inLanguage\":\"de\",\"@id\":\"https:\\\/\\\/martinluther.ca\\\/de\\\/#\\\/schema\\\/logo\\\/image\\\/\",\"url\":\"https:\\\/\\\/martinluther.ca\\\/wp-content\\\/uploads\\\/2016\\\/12\\\/ml-logo-300.png\",\"contentUrl\":\"https:\\\/\\\/martinluther.ca\\\/wp-content\\\/uploads\\\/2016\\\/12\\\/ml-logo-300.png\",\"width\":300,\"height\":150,\"caption\":\"Martin Luther Evangelical Church Toronto\"},\"image\":{\"@id\":\"https:\\\/\\\/martinluther.ca\\\/de\\\/#\\\/schema\\\/logo\\\/image\\\/\"},\"sameAs\":[\"https:\\\/\\\/www.facebook.com\\\/martinlutherchurchtoronto\",\"https:\\\/\\\/www.instagram.com\\\/lutheransbythelake\\\/\",\"https:\\\/\\\/www.youtube.com\\\/MartinLutherChurchToronto\"]},{\"@type\":\"Person\",\"@id\":\"https:\\\/\\\/martinluther.ca\\\/de\\\/#\\\/schema\\\/person\\\/ef4e825f5d9d6fd740bbd7813710e15d\",\"name\":\"Marlena Muller\",\"image\":{\"@type\":\"ImageObject\",\"inLanguage\":\"de\",\"@id\":\"https:\\\/\\\/secure.gravatar.com\\\/avatar\\\/fe840ff753768b839caa2dd522d4797f19f7e22fa2da83388e0fbfc570b65a37?s=96&d=mm&r=g\",\"url\":\"https:\\\/\\\/secure.gravatar.com\\\/avatar\\\/fe840ff753768b839caa2dd522d4797f19f7e22fa2da83388e0fbfc570b65a37?s=96&d=mm&r=g\",\"contentUrl\":\"https:\\\/\\\/secure.gravatar.com\\\/avatar\\\/fe840ff753768b839caa2dd522d4797f19f7e22fa2da83388e0fbfc570b65a37?s=96&d=mm&r=g\",\"caption\":\"Marlena Muller\"},\"url\":false}]}<\/script>\n<!-- \/ Yoast SEO plugin. -->","yoast_head_json":{"title":"St\u00e4rker als der Tod \u2013 Ostersteine als Zeichen der Hoffnung - Martin Luther Evangelische Kirche Toronto","robots":{"index":"index","follow":"follow","max-snippet":"max-snippet:-1","max-image-preview":"max-image-preview:large","max-video-preview":"max-video-preview:-1"},"canonical":"https:\/\/martinluther.ca\/de\/2020\/04\/staerker-als-der-tod-ostersteine-als-zeichen-der-hoffnung\/","og_locale":"de_DE","og_type":"article","og_title":"St\u00e4rker als der Tod \u2013 Ostersteine als Zeichen der Hoffnung - Martin Luther Evangelische Kirche Toronto","og_description":"Bemalt Steine der Hoffnung, welche die Osterbotschaft f\u00fcr euch \u201ein Stein mei\u00dfeln\u201c. Ein Projekt der Nordkirche\u00a0f\u00fcr Familien und f\u00fcr alle K\u00fcnstler die Hoffnung suchen. Als die J\u00fcnger am Morgen des ersten Tages der Woche zum Grab Jesu eilten, um seinen Leichnam zu salben, war der Stein weggerollt \u2013 und das Grab leer. Der weggerollte Stein&hellip;","og_url":"https:\/\/martinluther.ca\/de\/2020\/04\/staerker-als-der-tod-ostersteine-als-zeichen-der-hoffnung\/","og_site_name":"Martin Luther Evangelische Kirche Toronto","article_publisher":"https:\/\/www.facebook.com\/martinlutherchurchtoronto","article_published_time":"2020-04-09T21:31:27+00:00","og_image":[{"width":807,"height":605,"url":"https:\/\/martinluther.ca\/wp-content\/uploads\/2020\/04\/Easter-Stones.jpg","type":"image\/jpeg"}],"author":"Marlena Muller","twitter_card":"summary_large_image","twitter_misc":{"Verfasst von":"Marlena Muller","Gesch\u00e4tzte Lesezeit":"2\u00a0Minuten"},"schema":{"@context":"https:\/\/schema.org","@graph":[{"@type":"Article","@id":"https:\/\/martinluther.ca\/de\/2020\/04\/staerker-als-der-tod-ostersteine-als-zeichen-der-hoffnung\/#article","isPartOf":{"@id":"https:\/\/martinluther.ca\/de\/2020\/04\/staerker-als-der-tod-ostersteine-als-zeichen-der-hoffnung\/"},"author":{"name":"Marlena Muller","@id":"https:\/\/martinluther.ca\/de\/#\/schema\/person\/ef4e825f5d9d6fd740bbd7813710e15d"},"headline":"St\u00e4rker als der Tod \u2013 Ostersteine als Zeichen der Hoffnung","datePublished":"2020-04-09T21:31:27+00:00","mainEntityOfPage":{"@id":"https:\/\/martinluther.ca\/de\/2020\/04\/staerker-als-der-tod-ostersteine-als-zeichen-der-hoffnung\/"},"wordCount":413,"publisher":{"@id":"https:\/\/martinluther.ca\/de\/#organization"},"image":{"@id":"https:\/\/martinluther.ca\/de\/2020\/04\/staerker-als-der-tod-ostersteine-als-zeichen-der-hoffnung\/#primaryimage"},"thumbnailUrl":"https:\/\/martinluther.ca\/wp-content\/uploads\/2020\/04\/Easter-Stones.jpg","articleSection":["News Blog - German"],"inLanguage":"de"},{"@type":"WebPage","@id":"https:\/\/martinluther.ca\/de\/2020\/04\/staerker-als-der-tod-ostersteine-als-zeichen-der-hoffnung\/","url":"https:\/\/martinluther.ca\/de\/2020\/04\/staerker-als-der-tod-ostersteine-als-zeichen-der-hoffnung\/","name":"St\u00e4rker als der Tod \u2013 Ostersteine als Zeichen der Hoffnung - Martin Luther Evangelische Kirche Toronto","isPartOf":{"@id":"https:\/\/martinluther.ca\/de\/#website"},"primaryImageOfPage":{"@id":"https:\/\/martinluther.ca\/de\/2020\/04\/staerker-als-der-tod-ostersteine-als-zeichen-der-hoffnung\/#primaryimage"},"image":{"@id":"https:\/\/martinluther.ca\/de\/2020\/04\/staerker-als-der-tod-ostersteine-als-zeichen-der-hoffnung\/#primaryimage"},"thumbnailUrl":"https:\/\/martinluther.ca\/wp-content\/uploads\/2020\/04\/Easter-Stones.jpg","datePublished":"2020-04-09T21:31:27+00:00","breadcrumb":{"@id":"https:\/\/martinluther.ca\/de\/2020\/04\/staerker-als-der-tod-ostersteine-als-zeichen-der-hoffnung\/#breadcrumb"},"inLanguage":"de","potentialAction":[{"@type":"ReadAction","target":["https:\/\/martinluther.ca\/de\/2020\/04\/staerker-als-der-tod-ostersteine-als-zeichen-der-hoffnung\/"]}]},{"@type":"ImageObject","inLanguage":"de","@id":"https:\/\/martinluther.ca\/de\/2020\/04\/staerker-als-der-tod-ostersteine-als-zeichen-der-hoffnung\/#primaryimage","url":"https:\/\/martinluther.ca\/wp-content\/uploads\/2020\/04\/Easter-Stones.jpg","contentUrl":"https:\/\/martinluther.ca\/wp-content\/uploads\/2020\/04\/Easter-Stones.jpg","width":807,"height":605},{"@type":"BreadcrumbList","@id":"https:\/\/martinluther.ca\/de\/2020\/04\/staerker-als-der-tod-ostersteine-als-zeichen-der-hoffnung\/#breadcrumb","itemListElement":[{"@type":"ListItem","position":1,"name":"Home","item":"https:\/\/martinluther.ca\/de\/"},{"@type":"ListItem","position":2,"name":"St\u00e4rker als der Tod \u2013 Ostersteine als Zeichen der Hoffnung"}]},{"@type":"WebSite","@id":"https:\/\/martinluther.ca\/de\/#website","url":"https:\/\/martinluther.ca\/de\/","name":"Martin Luther Evangelical Church Toronto","description":"Deutsch &amp; Englisch","publisher":{"@id":"https:\/\/martinluther.ca\/de\/#organization"},"potentialAction":[{"@type":"SearchAction","target":{"@type":"EntryPoint","urlTemplate":"https:\/\/martinluther.ca\/de\/?s={search_term_string}"},"query-input":{"@type":"PropertyValueSpecification","valueRequired":true,"valueName":"search_term_string"}}],"inLanguage":"de"},{"@type":"Organization","@id":"https:\/\/martinluther.ca\/de\/#organization","name":"Martin Luther Evangelical Church Toronto","url":"https:\/\/martinluther.ca\/de\/","logo":{"@type":"ImageObject","inLanguage":"de","@id":"https:\/\/martinluther.ca\/de\/#\/schema\/logo\/image\/","url":"https:\/\/martinluther.ca\/wp-content\/uploads\/2016\/12\/ml-logo-300.png","contentUrl":"https:\/\/martinluther.ca\/wp-content\/uploads\/2016\/12\/ml-logo-300.png","width":300,"height":150,"caption":"Martin Luther Evangelical Church Toronto"},"image":{"@id":"https:\/\/martinluther.ca\/de\/#\/schema\/logo\/image\/"},"sameAs":["https:\/\/www.facebook.com\/martinlutherchurchtoronto","https:\/\/www.instagram.com\/lutheransbythelake\/","https:\/\/www.youtube.com\/MartinLutherChurchToronto"]},{"@type":"Person","@id":"https:\/\/martinluther.ca\/de\/#\/schema\/person\/ef4e825f5d9d6fd740bbd7813710e15d","name":"Marlena Muller","image":{"@type":"ImageObject","inLanguage":"de","@id":"https:\/\/secure.gravatar.com\/avatar\/fe840ff753768b839caa2dd522d4797f19f7e22fa2da83388e0fbfc570b65a37?s=96&d=mm&r=g","url":"https:\/\/secure.gravatar.com\/avatar\/fe840ff753768b839caa2dd522d4797f19f7e22fa2da83388e0fbfc570b65a37?s=96&d=mm&r=g","contentUrl":"https:\/\/secure.gravatar.com\/avatar\/fe840ff753768b839caa2dd522d4797f19f7e22fa2da83388e0fbfc570b65a37?s=96&d=mm&r=g","caption":"Marlena Muller"},"url":false}]}},"_links":{"self":[{"href":"https:\/\/martinluther.ca\/de\/wp-json\/wp\/v2\/posts\/34030","targetHints":{"allow":["GET"]}}],"collection":[{"href":"https:\/\/martinluther.ca\/de\/wp-json\/wp\/v2\/posts"}],"about":[{"href":"https:\/\/martinluther.ca\/de\/wp-json\/wp\/v2\/types\/post"}],"author":[{"embeddable":true,"href":"https:\/\/martinluther.ca\/de\/wp-json\/wp\/v2\/users\/8"}],"replies":[{"embeddable":true,"href":"https:\/\/martinluther.ca\/de\/wp-json\/wp\/v2\/comments?post=34030"}],"version-history":[{"count":3,"href":"https:\/\/martinluther.ca\/de\/wp-json\/wp\/v2\/posts\/34030\/revisions"}],"predecessor-version":[{"id":34034,"href":"https:\/\/martinluther.ca\/de\/wp-json\/wp\/v2\/posts\/34030\/revisions\/34034"}],"wp:featuredmedia":[{"embeddable":true,"href":"https:\/\/martinluther.ca\/de\/wp-json\/wp\/v2\/media\/34025"}],"wp:attachment":[{"href":"https:\/\/martinluther.ca\/de\/wp-json\/wp\/v2\/media?parent=34030"}],"wp:term":[{"taxonomy":"category","embeddable":true,"href":"https:\/\/martinluther.ca\/de\/wp-json\/wp\/v2\/categories?post=34030"},{"taxonomy":"post_tag","embeddable":true,"href":"https:\/\/martinluther.ca\/de\/wp-json\/wp\/v2\/tags?post=34030"},{"taxonomy":"post_series","embeddable":true,"href":"https:\/\/martinluther.ca\/de\/wp-json\/wp\/v2\/post_series?post=34030"}],"curies":[{"name":"wp","href":"https:\/\/api.w.org\/{rel}","templated":true}]}}