{"id":34308,"date":"2020-04-22T16:21:07","date_gmt":"2020-04-22T20:21:07","guid":{"rendered":"https:\/\/martinluther.ca\/?p=34308"},"modified":"2021-05-01T10:49:39","modified_gmt":"2021-05-01T14:49:39","slug":"haben-sie-einen-anruf-von-unserem-corona-care-team-bekommen","status":"publish","type":"post","link":"https:\/\/martinluther.ca\/de\/2020\/04\/haben-sie-einen-anruf-von-unserem-corona-care-team-bekommen\/","title":{"rendered":"Haben Sie einen Anruf von unserem Corona Care Team bekommen?"},"content":{"rendered":"<div>\n<p><strong><img loading=\"lazy\" decoding=\"async\" class=\"alignright size-medium wp-image-38062\" src=\"https:\/\/martinluther.ca\/wp-content\/uploads\/2021\/04\/Return-Contact-Info-Digital-300x232.jpg\" alt=\"Return Contact Request Form\" width=\"300\" height=\"232\" srcset=\"https:\/\/martinluther.ca\/wp-content\/uploads\/2021\/04\/Return-Contact-Info-Digital-300x232.jpg 300w, https:\/\/martinluther.ca\/wp-content\/uploads\/2021\/04\/Return-Contact-Info-Digital-768x593.jpg 768w, https:\/\/martinluther.ca\/wp-content\/uploads\/2021\/04\/Return-Contact-Info-Digital.jpg 825w\" sizes=\"auto, (max-width: 300px) 100vw, 300px\" \/>Wenn Sie das lesen, brauchen Sie es vielleicht.<\/strong><\/p>\n<p>Fast drei\u00dfig ehrenamtliche Mitarbeiter*innen der Martin-Luther-Kirche rufen Menschen regelm\u00e4\u00dfig an, um mit ihnen in Verbindung zu bleiben und um Hilfe anzubieten.\u00a0 Dieses Programm begann April 2020 mit den Isolierungsma\u00dfnahmen, mit denen unsere Regierung die Ausbreitung von COVID-19 abbremsen wollte.\u00a0 Wenn Sie allein sind und einen Corona Care Caller\/F\u00fcrsorgeanruf gebrauchen k\u00f6nnten, rufen Sie bitte unser Kirchenb\u00fcro an, damit Ihr Name auf die Liste f\u00fcr regelm\u00e4\u00dfige Anrufe gesetzt wird.<\/p>\n<p>Wenn Sie Essen ben\u00f6tigen, rufen Sie bitte das Rote Kreuz (Red Cross) an unter 1-833-204-9952.\u00a0 Es werden\u00a0 Lebensmittelk\u00f6rbe an Senioren und andere Menschen geliefert, die sie ben\u00f6tigen, weil sie ihre Wohnung nicht verlassen k\u00f6nnen.<\/p>\n<\/div>\n<div>Ich m\u00f6chte wahre Begebenheiten an Sie weitergeben, die unsere ehrenamtlichen Mitarbeitern erlebt haben, als sie mit Senioren sprachen als Teil ihrer Aufgabe eines Corona-F\u00fcrsorgeanrufs.<\/div>\n<div><\/div>\n<div>Das erinnert mich an Vers 10 [sic] des 31. Psalms:<\/div>\n<div><em>Herr, sei mir gn\u00e4dig, denn mir ist angst.<\/em><\/div>\n<div><\/div>\n<div>Viel Spa\u00df beim Lesen dieser Geschichte.<\/div>\n<div><\/div>\n<div>Viele Gr\u00fc\u00dfe von der Martin Luther Kirche<br \/>\nIris Schweiger, Presidentin, 22. Mai 2020<\/div>\n<div><\/div>\n<div>P.S. Um Feedback zu unserer Leistung zu geben, senden Sie eine E-Mail an <a href=\"mailto:churchoffice@martinluther.ca\">churchoffice@martinluther.ca<\/a><br \/>\nUm ein Gebet anzufordern oder unserem Gebetskreis beizutreten, senden Sie eine E-Mail an <a href=\"mailto:prayers@martinluther.ca\">prayers@martinluther.ca<\/a><\/div>\n<div>\n<hr \/>\n<div>\n<p><strong>Wo Sich Verganenheit und Gegenwart treffen<\/strong><\/p>\n<p>Am 29. Mai 2020 erhielten wir eine E-Mail als Antwort auf die Ank\u00fcndigung unsere Corona Care Telefongespr\u00e4che.<\/p>\n<p>\u201eIch bin nicht sicher, wer diese E-Mail zuerst lesen wird, aber ich hei\u00dfe Chris Eastmure. Ich wurde als Weigelin geboren und bin in Ihrer Kirche aufgewachsen. Ich bekomme Ihre E-Mails regelm\u00e4\u00dfig und w\u00fcnschte, ich w\u00e4re n\u00e4her dran, damit ich weiterhin teilnehmen k\u00f6nnte.\u201c<br \/>\nIn der E-Mail wurde um Hilfe in Form der Corona Care Telefongespr\u00e4che f\u00fcr Frau Ursula Pahnke gebeten. Mit gro\u00dfer Freude konnten wir eine Nachricht zur\u00fcckschicken, dass Frau Pahnke an den Aktivit\u00e4ten der Martin Luther Kirche teilnimmt. Sie bekommt regelm\u00e4\u00dfig Radioandachten und Predigten in einer E-Mail oder in Papierform und hatte erst k\u00fcrzlich den ersten Besuch in einem sicheren Abstand an der Haust\u00fcr vor ihrer Seniorenresidenz.<\/p>\n<p>Ein lebhafter Austausch begann, bis die folgende E-Mail eintraf. Das Wissen dar\u00fcber wie tief unsere Vergangenheit und Gegenwart miteinander verbunden sind, hat mich so bewegt, dass ich alle Beteiligten um Erlaubnis zur Ver\u00f6ffentlichung gebeten habe. Viel Spa\u00df beim Erinnern.<\/p>\n<p>\u201eGuten Morgen Iris<br \/>\nIch lebe in Sundridge (zwischen Huntsville und North Bay). Ich feiere den Gottesdienst in der Knox Presbyterian Kirche im Ort. Bei der Ankunft haben wir uns nach einer Kirche umgesehen, und in dieser Kirche f\u00fchlten wir uns willkommen. Es sind sehr alte Traditionen. Wir singen alte Hymnen und tun Dinge so, wie sie immer getan wurden. Jeder war involviert. Dies gibt uns ein echtes Gef\u00fchl, dass Gott gegenw\u00e4rtig ist.<br \/>\nIch bleibe mit MLK im Kontakt, weil es in meinem DNA ist. Vielleicht erinnerst du dich an meine Eltern, Olaf und Else Weigelin. MLK war ein Teil meines Lebens. Gottesdienste das ganze Jahr \u00fcber, Jugendgruppe, Sonntagsschullehrer, Konfirmationskurse jeden Freitag fuer 2 Jahre, Sommer im Camp Lutherlyn, Picknicks im Juni, &#8222;Posaunenchor&#8220;, Weihnachtskrippenspiele, die Unterst\u00fctzung meines Vaters und Eugen Pahnke beim Malen der Kindertagesst\u00e4tte\u00a0 bei der Errichtung als ich ECE-Studentin war, die Arbeit in der Kindertagesst\u00e4tte, die Hochzeit in der Kirche, die Buntglasfenster, die mein Vater entworfen hatte, &#8230; ich glaube Sie k\u00f6nnen verstehen was ich meine. Die Martin Luther Gemeinde spielte eine gro\u00dfe Rolle in meinem Leben. Solange ich mit MLK in Kontakt bleibe, verbindet es mich mit meiner Vergangenheit und h\u00e4lt mich am Boden der Tatsachen. Nat\u00fcrlich bleibe ich mit Ursel in Kontakt, denn jetzt nachdem Tod meiner Mutter, liegt es in der Verantwortung meiner Generation, mit Freunden der Familie in Kontakt zu bleiben. Es ist nur eine kleine Sache, die ich tun kann, um meiner Mutter zu ehren.<br \/>\nIch freue mich auf viele weitere E-Mails. Es ist eine Freude zu sehen, was Eure Kirche tut. Besonders gut gef\u00e4llt mir die Idee der Dinner Church. Wenn diese COVID Zeit endlich vorbei ist, w\u00fcrde ich gerne so etwas in meiner Kirche beginnen. Hoffentlich kann ich eines Tages in Toronto sein, um mit Euch den Gottesdienst zu feiern. Bis dahin, Schwestern in Christus,<br \/>\nChris\u201c<\/p>\n<p>Wenn Sie Geschichten \u00fcber Olaf und Else W. haben, senden Sie sie uns diese bitte.<\/p>\n<figure id=\"attachment_34750\" aria-describedby=\"caption-attachment-34750\" style=\"width: 300px\" class=\"wp-caption alignright\"><a href=\"https:\/\/martinluther.ca\/wp-content\/uploads\/2020\/04\/2020-05-Ollie-Story2.jpg\"><img loading=\"lazy\" decoding=\"async\" class=\"size-medium wp-image-34750\" src=\"https:\/\/martinluther.ca\/wp-content\/uploads\/2020\/04\/2020-05-Ollie-Story2-300x225.jpg\" alt=\"\" width=\"300\" height=\"225\" srcset=\"https:\/\/martinluther.ca\/wp-content\/uploads\/2020\/04\/2020-05-Ollie-Story2-300x225.jpg 300w, https:\/\/martinluther.ca\/wp-content\/uploads\/2020\/04\/2020-05-Ollie-Story2-768x576.jpg 768w, https:\/\/martinluther.ca\/wp-content\/uploads\/2020\/04\/2020-05-Ollie-Story2.jpg 1024w\" sizes=\"auto, (max-width: 300px) 100vw, 300px\" \/><\/a><figcaption id=\"caption-attachment-34750\" class=\"wp-caption-text\">Ostersonnenaufgangs-Gottesdienst<\/figcaption><\/figure>\n<\/div>\n<p><strong>Ollie und ich<\/strong><\/p>\n<p><em><strong>Hintergrundsgeschichte<\/strong> &#8211; <\/em><em>Im Jahre 2000 rief Ollie den Ostersonnenaufgangs-Gottesdienst ins Leben.\u00a0 Sie hatte Peggy gebeten, die um 1998 Vorstandsmitglied war, einen Sonnenaufgangsgottesdienst anzufangen. Der damalige Vorstand\u00a0 und der Pastor sprachen sich dagegen aus, und deshalb versprach Ollie Peggy, sie w\u00fcrden im Jahr 2000 damit beginnen, und wenn sie nur zu zweit w\u00e4ren.\u00a0 Im ersten Jahr wohnten 12-20 Gl\u00e4ubige dem Gottesdienst bei. <\/em><em>Ollie startete 2015 auch die monatlichen Abendmahlsandachten in dem Altenheim Delmanor Retirement Home, die von der Martin-Luther-Kirche geleitet wurden.<\/em><\/p>\n<\/div>\n<div><\/div>\n<div>Es ist bei mir so \u00fcblich, dass ich Ollie immer einen Tag oder so, nachdem wir von unserer j\u00e4hrlichen \u201eFlucht aus dem Winter\u201c zur\u00fcckgekehrt sind, besuche. Dieses Jahr hatte ich ein noch gr\u00f6\u00dferes Bed\u00fcrfnis danach, weil ich erfahren hatte, dass Ollie Anfang M\u00e4rz zweimal gest\u00fcrzt war, und dass der zweite Sturz zu einer gebrochenen H\u00fcfte gef\u00fchrt hatte. Deshalb wurde ihr 98. Geburtstag im Runnymede Health Centre begangen, wohin sie f\u00fcr eine Reha-Ma\u00dfnahme verlegt worden war. Aber die Pandemie \u00e4nderte alle meine Absichten: Mein Mann und ich mussten uns f\u00fcr 14 Tage isolieren, und alle Krankenh\u00e4user und Seniorenheime begannen, Besuche zu verbieten, bevor wir die Grenze \u00fcberhaupt \u00fcberquert hatten.<\/div>\n<div><\/div>\n<div>\n<p><a href=\"https:\/\/martinluther.ca\/wp-content\/uploads\/2020\/04\/2020-05-Ollie-Story4.jpeg\"><img loading=\"lazy\" decoding=\"async\" class=\"alignright size-medium wp-image-34754\" src=\"https:\/\/martinluther.ca\/wp-content\/uploads\/2020\/04\/2020-05-Ollie-Story4-146x300.jpeg\" alt=\"\" width=\"146\" height=\"300\" srcset=\"https:\/\/martinluther.ca\/wp-content\/uploads\/2020\/04\/2020-05-Ollie-Story4-146x300.jpeg 146w, https:\/\/martinluther.ca\/wp-content\/uploads\/2020\/04\/2020-05-Ollie-Story4-499x1024.jpeg 499w, https:\/\/martinluther.ca\/wp-content\/uploads\/2020\/04\/2020-05-Ollie-Story4-768x1576.jpeg 768w, https:\/\/martinluther.ca\/wp-content\/uploads\/2020\/04\/2020-05-Ollie-Story4-748x1536.jpeg 748w, https:\/\/martinluther.ca\/wp-content\/uploads\/2020\/04\/2020-05-Ollie-Story4-998x2048.jpeg 998w, https:\/\/martinluther.ca\/wp-content\/uploads\/2020\/04\/2020-05-Ollie-Story4.jpeg 1043w\" sizes=\"auto, (max-width: 146px) 100vw, 146px\" \/><\/a><\/p>\n<p>Das RHC war mit der Benutzung moderner Technologie sehr schnell aktiv und erlaubte vorvereinbarte virtuelle Besuchstermine mit Patienten. So begann ich \u00fcber mehrere Wochen, Ollie regelm\u00e4\u00dfig via \u201eFaceTime\u201c zu sehen. Als der Ostersonntag nahte, begr\u00fc\u00dfte ich Ollie mit Hasenohren auf dem Kopf, woraufhin sie kicherte (ja, 98j\u00e4hrige kichern!). Dann sprachen wir dar\u00fcber, dass \u00fcberall in der Welt die Ostergottesdienste in Isolierung abgehalten wurden. Und ich beendete den \u201eBesuch\u201c mit dem Singen der ersten und letzten Strophe des Liedes \u201eJesus Christ is Risen Today\u201c, in das Ollie bei einigen \u201eAlleluias\u201c mit einstimmte.<\/p>\n<p>Danach, so unglaublich es auch scheint, durfte Ollie am 17. April ins Delmanor zur\u00fcckkehren. Sie und alle anderen Bewohner m\u00fcssen in ihren Suiten bleiben, aber ihre Stimme klang merklich beschwingter, als sie wieder in ihrer gewohnten Umgebung war. Mein Plan war es, ihr einen Rosenstrau\u00df als \u201eWillkommen zu Hause\u201c zu schicken, aber man teilte mir mit, dass Delmanor keine Blumenlieferungen mehr annimmt. Robert und ich lie\u00dfen uns aber von nichts abschrecken und planten einen \u00dcberraschungsbesuch mit einem gro\u00dfen Schild und einem Strau\u00df aus Luftballons. Die Helferinnen im Delmanor sorgten daf\u00fcr, dass Ollie in ihrem Fenster im 8. Stock sa\u00df, so dass wir uns f\u00fcr viele Minuten\u00a0 zuwinken und Kussh\u00e4ndchen austauschen konnten.<\/p>\n<p>In unserem Telefongespr\u00e4ch heute hat Ollie mich wissen lassen, dass ihr Schmetterlings-Ballon (ein beliebtes Symbol f\u00fcr die Auferstehung) noch immer schwebt \u2026<br \/>\n&#8211; Christine<\/p>\n<figure id=\"attachment_34752\" aria-describedby=\"caption-attachment-34752\" style=\"width: 300px\" class=\"wp-caption alignleft\"><a href=\"https:\/\/martinluther.ca\/wp-content\/uploads\/2020\/04\/2020-05-Ollie-Story3.jpg\"><img loading=\"lazy\" decoding=\"async\" class=\"size-medium wp-image-34752\" src=\"https:\/\/martinluther.ca\/wp-content\/uploads\/2020\/04\/2020-05-Ollie-Story3-300x200.jpg\" alt=\"\" width=\"300\" height=\"200\" srcset=\"https:\/\/martinluther.ca\/wp-content\/uploads\/2020\/04\/2020-05-Ollie-Story3-300x200.jpg 300w, https:\/\/martinluther.ca\/wp-content\/uploads\/2020\/04\/2020-05-Ollie-Story3-1024x682.jpg 1024w, https:\/\/martinluther.ca\/wp-content\/uploads\/2020\/04\/2020-05-Ollie-Story3-768x512.jpg 768w, https:\/\/martinluther.ca\/wp-content\/uploads\/2020\/04\/2020-05-Ollie-Story3.jpg 1280w\" sizes=\"auto, (max-width: 300px) 100vw, 300px\" \/><\/a><figcaption id=\"caption-attachment-34752\" class=\"wp-caption-text\">Christine, Gemeinde- und Chormitglied<\/figcaption><\/figure>\n<\/div>\n<div>\n<hr \/>\n<p><strong>Alles begann mit einer T\u00fcte Bittersalz [epsom salt].<\/strong><\/p>\n<\/div>\n<div><\/div>\n<div>Schon als junge Frau hatte Hannelore Fu\u00dfprobleme.\u00a0 Jetzt, mit \u00fcber 75, war Fu\u00dfpflege f\u00fcr sie zu einer notwendigen t\u00e4glichen Routine geworden.\u00a0 Hannelore dachte nicht viel \u00fcber COVID-19 nach.\u00a0 Sie f\u00fchlte sich in ihrem Seniorenheim sicher und gut betreut.\u00a0 Die Zeitung wurde ihr an die T\u00fcr geliefert, sie bekam drei volle Mahlzeiten, und manchmal brachte ihr ein freundlicher Hausmeister eine kleine Extra\u00fcberraschung bis in ihr Zimmer.\u00a0 Morgendliche Gymnastik\u00fcbungen mit dem Fitnesslehrer fanden auf Abstand im Flur statt, wobei die Senior*innen in ihren T\u00fcr\u00f6ffnungen blieben.\u00a0 Alles hatte seine Ordnung, bis es Hannelore klar wurde, dass ihr in ein oder zwei Tagen das Bittersalz ausgehen w\u00fcrde.\u00a0 Ihr ganzes Leben war sie unabh\u00e4ngig gewesen, und deshalb war es ihr unangenehm, die Mitarbeiter*innen in ihrem Seniorenheim um Hilfe zu bitten, besonders da diese Tag f\u00fcr Tag keine M\u00fche scheuten um sicher zu stellen, dass sie und ihre Mitbewohner*innen sicher und gut versorgt waren.\u00a0 Was tun?<\/div>\n<div><\/div>\n<div>In diesem Augenblick klingelte das Telefon.\u00a0 Hannelore hob den H\u00f6rer ab und h\u00f6rte, wie eine junge Stimme sich vorstellte und den Grund f\u00fcr ihren Anruf erkl\u00e4rte.\u00a0 Die Martin Luther Kirche nahm zu allen Mitgliedern und Freunden Kontakt auf. Die Anruferin erz\u00e4hlte Hannelore von all den wundervollen Dingen, die die Kirche tat, um in diesen au\u00dfergew\u00f6hnlichen Zeiten der Corona-Isolierung zu helfen.\u00a0 Dann fragte die junge Stimme: ,, Gibt es vielleicht etwas, was Sie ben\u00f6tigen?\u201d<\/div>\n<div><\/div>\n<div>Bevor Hannelore nachdenken konnte, hatte sie schon geantwortet: ,,Bittersalz, ich brauche Bittersalz.\u201c<\/div>\n<div><\/div>\n<div>,,Geht in Ordnung,\u201c sagte die junge Stimme, ,,ich gehe morgen einkaufen und liefere es so um vier in Ihrer Seniorenresidenz ab.\u201c<\/div>\n<div><\/div>\n<div>Zu Hannelores \u00dcberraschung lieferte eine Mitarbeiterin der Seniorenresidenz am n\u00e4chsten Tag kurz nach dem Abendessen eine 2-kg-T\u00fcte Bittersalz ab. Auf der beigef\u00fcgten Notiz stand:\u00a0 ,,Ich freue mich darauf, Sie n\u00e4chste Woche anzurufen! -Brigitta.\u201c<\/div>\n<div><\/div>\n<div><\/div>\n","protected":false},"excerpt":{"rendered":"<p>Wenn Sie das lesen, brauchen Sie es vielleicht. Fast drei\u00dfig ehrenamtliche Mitarbeiter*innen der Martin-Luther-Kirche rufen Menschen regelm\u00e4\u00dfig an, um mit ihnen in Verbindung zu bleiben und um Hilfe anzubieten.\u00a0 Dieses Programm begann April 2020 mit den Isolierungsma\u00dfnahmen, mit denen unsere Regierung die Ausbreitung von COVID-19 abbremsen wollte.\u00a0 Wenn Sie allein sind und einen Corona Care&hellip;<\/p>\n","protected":false},"author":8,"featured_media":35132,"comment_status":"closed","ping_status":"closed","sticky":false,"template":"","format":"standard","meta":{"footnotes":""},"categories":[69],"tags":[],"post_series":[],"class_list":["post-34308","post","type-post","status-publish","format-standard","has-post-thumbnail","hentry","category-news-blog-german","entry","has-media"],"yoast_head":"<!-- This site is optimized with the Yoast SEO plugin v27.5 - https:\/\/yoast.com\/product\/yoast-seo-wordpress\/ -->\n<title>Haben Sie einen Anruf von unserem Corona Care Team bekommen? - Martin Luther Evangelische Kirche Toronto<\/title>\n<meta name=\"robots\" content=\"index, follow, max-snippet:-1, max-image-preview:large, max-video-preview:-1\" \/>\n<link rel=\"canonical\" href=\"https:\/\/martinluther.ca\/2020\/04\/have-you-heard-from-our-corona-care-call-team\/\" \/>\n<meta property=\"og:locale\" content=\"de_DE\" \/>\n<meta property=\"og:type\" content=\"article\" \/>\n<meta property=\"og:title\" content=\"Haben Sie einen Anruf von unserem Corona Care Team bekommen? - Martin Luther Evangelische Kirche Toronto\" \/>\n<meta property=\"og:description\" content=\"Wenn Sie das lesen, brauchen Sie es vielleicht. Fast drei\u00dfig ehrenamtliche Mitarbeiter*innen der Martin-Luther-Kirche rufen Menschen regelm\u00e4\u00dfig an, um mit ihnen in Verbindung zu bleiben und um Hilfe anzubieten.\u00a0 Dieses Programm begann April 2020 mit den Isolierungsma\u00dfnahmen, mit denen unsere Regierung die Ausbreitung von COVID-19 abbremsen wollte.\u00a0 Wenn Sie allein sind und einen Corona Care&hellip;\" \/>\n<meta property=\"og:url\" content=\"https:\/\/martinluther.ca\/2020\/04\/have-you-heard-from-our-corona-care-call-team\/\" \/>\n<meta property=\"og:site_name\" content=\"Martin Luther Evangelische Kirche Toronto\" \/>\n<meta property=\"article:publisher\" content=\"https:\/\/www.facebook.com\/martinlutherchurchtoronto\" \/>\n<meta property=\"article:published_time\" content=\"2020-04-22T20:21:07+00:00\" \/>\n<meta property=\"article:modified_time\" content=\"2021-05-01T14:49:39+00:00\" \/>\n<meta property=\"og:image\" content=\"https:\/\/martinluther.ca\/wp-content\/uploads\/2020\/04\/2020-04-23_CoronaCareCaller_Anneli-websitejpg.jpg\" \/>\n\t<meta property=\"og:image:width\" content=\"1134\" \/>\n\t<meta property=\"og:image:height\" content=\"851\" \/>\n\t<meta property=\"og:image:type\" content=\"image\/jpeg\" \/>\n<meta name=\"author\" content=\"Marlena Muller\" \/>\n<meta name=\"twitter:card\" content=\"summary_large_image\" \/>\n<meta name=\"twitter:label1\" content=\"Verfasst von\" \/>\n\t<meta name=\"twitter:data1\" content=\"Marlena Muller\" \/>\n\t<meta name=\"twitter:label2\" content=\"Gesch\u00e4tzte Lesezeit\" \/>\n\t<meta name=\"twitter:data2\" content=\"7\u00a0Minuten\" \/>\n<script type=\"application\/ld+json\" class=\"yoast-schema-graph\">{\"@context\":\"https:\\\/\\\/schema.org\",\"@graph\":[{\"@type\":\"Article\",\"@id\":\"https:\\\/\\\/martinluther.ca\\\/2020\\\/04\\\/have-you-heard-from-our-corona-care-call-team\\\/#article\",\"isPartOf\":{\"@id\":\"https:\\\/\\\/martinluther.ca\\\/2020\\\/04\\\/have-you-heard-from-our-corona-care-call-team\\\/\"},\"author\":{\"name\":\"Marlena Muller\",\"@id\":\"https:\\\/\\\/martinluther.ca\\\/de\\\/#\\\/schema\\\/person\\\/ef4e825f5d9d6fd740bbd7813710e15d\"},\"headline\":\"Haben Sie einen Anruf von unserem Corona Care Team bekommen?\",\"datePublished\":\"2020-04-22T20:21:07+00:00\",\"dateModified\":\"2021-05-01T14:49:39+00:00\",\"mainEntityOfPage\":{\"@id\":\"https:\\\/\\\/martinluther.ca\\\/2020\\\/04\\\/have-you-heard-from-our-corona-care-call-team\\\/\"},\"wordCount\":1522,\"publisher\":{\"@id\":\"https:\\\/\\\/martinluther.ca\\\/de\\\/#organization\"},\"image\":{\"@id\":\"https:\\\/\\\/martinluther.ca\\\/2020\\\/04\\\/have-you-heard-from-our-corona-care-call-team\\\/#primaryimage\"},\"thumbnailUrl\":\"https:\\\/\\\/martinluther.ca\\\/wp-content\\\/uploads\\\/2020\\\/04\\\/2020-04-23_CoronaCareCaller_Anneli-websitejpg.jpg\",\"articleSection\":[\"News Blog - German\"],\"inLanguage\":\"de\"},{\"@type\":\"WebPage\",\"@id\":\"https:\\\/\\\/martinluther.ca\\\/2020\\\/04\\\/have-you-heard-from-our-corona-care-call-team\\\/\",\"url\":\"https:\\\/\\\/martinluther.ca\\\/2020\\\/04\\\/have-you-heard-from-our-corona-care-call-team\\\/\",\"name\":\"Haben Sie einen Anruf von unserem Corona Care Team bekommen? - Martin Luther Evangelische Kirche Toronto\",\"isPartOf\":{\"@id\":\"https:\\\/\\\/martinluther.ca\\\/de\\\/#website\"},\"primaryImageOfPage\":{\"@id\":\"https:\\\/\\\/martinluther.ca\\\/2020\\\/04\\\/have-you-heard-from-our-corona-care-call-team\\\/#primaryimage\"},\"image\":{\"@id\":\"https:\\\/\\\/martinluther.ca\\\/2020\\\/04\\\/have-you-heard-from-our-corona-care-call-team\\\/#primaryimage\"},\"thumbnailUrl\":\"https:\\\/\\\/martinluther.ca\\\/wp-content\\\/uploads\\\/2020\\\/04\\\/2020-04-23_CoronaCareCaller_Anneli-websitejpg.jpg\",\"datePublished\":\"2020-04-22T20:21:07+00:00\",\"dateModified\":\"2021-05-01T14:49:39+00:00\",\"breadcrumb\":{\"@id\":\"https:\\\/\\\/martinluther.ca\\\/2020\\\/04\\\/have-you-heard-from-our-corona-care-call-team\\\/#breadcrumb\"},\"inLanguage\":\"de\",\"potentialAction\":[{\"@type\":\"ReadAction\",\"target\":[\"https:\\\/\\\/martinluther.ca\\\/2020\\\/04\\\/have-you-heard-from-our-corona-care-call-team\\\/\"]}]},{\"@type\":\"ImageObject\",\"inLanguage\":\"de\",\"@id\":\"https:\\\/\\\/martinluther.ca\\\/2020\\\/04\\\/have-you-heard-from-our-corona-care-call-team\\\/#primaryimage\",\"url\":\"https:\\\/\\\/martinluther.ca\\\/wp-content\\\/uploads\\\/2020\\\/04\\\/2020-04-23_CoronaCareCaller_Anneli-websitejpg.jpg\",\"contentUrl\":\"https:\\\/\\\/martinluther.ca\\\/wp-content\\\/uploads\\\/2020\\\/04\\\/2020-04-23_CoronaCareCaller_Anneli-websitejpg.jpg\",\"width\":1134,\"height\":851,\"caption\":\"Corona Care Call Team\"},{\"@type\":\"BreadcrumbList\",\"@id\":\"https:\\\/\\\/martinluther.ca\\\/2020\\\/04\\\/have-you-heard-from-our-corona-care-call-team\\\/#breadcrumb\",\"itemListElement\":[{\"@type\":\"ListItem\",\"position\":1,\"name\":\"Home\",\"item\":\"https:\\\/\\\/martinluther.ca\\\/de\\\/\"},{\"@type\":\"ListItem\",\"position\":2,\"name\":\"Haben Sie einen Anruf von unserem Corona Care Team bekommen?\"}]},{\"@type\":\"WebSite\",\"@id\":\"https:\\\/\\\/martinluther.ca\\\/de\\\/#website\",\"url\":\"https:\\\/\\\/martinluther.ca\\\/de\\\/\",\"name\":\"Martin Luther Evangelical Church Toronto\",\"description\":\"Deutsch &amp; Englisch\",\"publisher\":{\"@id\":\"https:\\\/\\\/martinluther.ca\\\/de\\\/#organization\"},\"potentialAction\":[{\"@type\":\"SearchAction\",\"target\":{\"@type\":\"EntryPoint\",\"urlTemplate\":\"https:\\\/\\\/martinluther.ca\\\/de\\\/?s={search_term_string}\"},\"query-input\":{\"@type\":\"PropertyValueSpecification\",\"valueRequired\":true,\"valueName\":\"search_term_string\"}}],\"inLanguage\":\"de\"},{\"@type\":\"Organization\",\"@id\":\"https:\\\/\\\/martinluther.ca\\\/de\\\/#organization\",\"name\":\"Martin Luther Evangelical Church Toronto\",\"url\":\"https:\\\/\\\/martinluther.ca\\\/de\\\/\",\"logo\":{\"@type\":\"ImageObject\",\"inLanguage\":\"de\",\"@id\":\"https:\\\/\\\/martinluther.ca\\\/de\\\/#\\\/schema\\\/logo\\\/image\\\/\",\"url\":\"https:\\\/\\\/martinluther.ca\\\/wp-content\\\/uploads\\\/2016\\\/12\\\/ml-logo-300.png\",\"contentUrl\":\"https:\\\/\\\/martinluther.ca\\\/wp-content\\\/uploads\\\/2016\\\/12\\\/ml-logo-300.png\",\"width\":300,\"height\":150,\"caption\":\"Martin Luther Evangelical Church Toronto\"},\"image\":{\"@id\":\"https:\\\/\\\/martinluther.ca\\\/de\\\/#\\\/schema\\\/logo\\\/image\\\/\"},\"sameAs\":[\"https:\\\/\\\/www.facebook.com\\\/martinlutherchurchtoronto\",\"https:\\\/\\\/www.instagram.com\\\/lutheransbythelake\\\/\",\"https:\\\/\\\/www.youtube.com\\\/MartinLutherChurchToronto\"]},{\"@type\":\"Person\",\"@id\":\"https:\\\/\\\/martinluther.ca\\\/de\\\/#\\\/schema\\\/person\\\/ef4e825f5d9d6fd740bbd7813710e15d\",\"name\":\"Marlena Muller\",\"image\":{\"@type\":\"ImageObject\",\"inLanguage\":\"de\",\"@id\":\"https:\\\/\\\/secure.gravatar.com\\\/avatar\\\/fe840ff753768b839caa2dd522d4797f19f7e22fa2da83388e0fbfc570b65a37?s=96&d=mm&r=g\",\"url\":\"https:\\\/\\\/secure.gravatar.com\\\/avatar\\\/fe840ff753768b839caa2dd522d4797f19f7e22fa2da83388e0fbfc570b65a37?s=96&d=mm&r=g\",\"contentUrl\":\"https:\\\/\\\/secure.gravatar.com\\\/avatar\\\/fe840ff753768b839caa2dd522d4797f19f7e22fa2da83388e0fbfc570b65a37?s=96&d=mm&r=g\",\"caption\":\"Marlena Muller\"},\"url\":false}]}<\/script>\n<!-- \/ Yoast SEO plugin. -->","yoast_head_json":{"title":"Haben Sie einen Anruf von unserem Corona Care Team bekommen? - Martin Luther Evangelische Kirche Toronto","robots":{"index":"index","follow":"follow","max-snippet":"max-snippet:-1","max-image-preview":"max-image-preview:large","max-video-preview":"max-video-preview:-1"},"canonical":"https:\/\/martinluther.ca\/2020\/04\/have-you-heard-from-our-corona-care-call-team\/","og_locale":"de_DE","og_type":"article","og_title":"Haben Sie einen Anruf von unserem Corona Care Team bekommen? - Martin Luther Evangelische Kirche Toronto","og_description":"Wenn Sie das lesen, brauchen Sie es vielleicht. Fast drei\u00dfig ehrenamtliche Mitarbeiter*innen der Martin-Luther-Kirche rufen Menschen regelm\u00e4\u00dfig an, um mit ihnen in Verbindung zu bleiben und um Hilfe anzubieten.\u00a0 Dieses Programm begann April 2020 mit den Isolierungsma\u00dfnahmen, mit denen unsere Regierung die Ausbreitung von COVID-19 abbremsen wollte.\u00a0 Wenn Sie allein sind und einen Corona Care&hellip;","og_url":"https:\/\/martinluther.ca\/2020\/04\/have-you-heard-from-our-corona-care-call-team\/","og_site_name":"Martin Luther Evangelische Kirche Toronto","article_publisher":"https:\/\/www.facebook.com\/martinlutherchurchtoronto","article_published_time":"2020-04-22T20:21:07+00:00","article_modified_time":"2021-05-01T14:49:39+00:00","og_image":[{"width":1134,"height":851,"url":"https:\/\/martinluther.ca\/wp-content\/uploads\/2020\/04\/2020-04-23_CoronaCareCaller_Anneli-websitejpg.jpg","type":"image\/jpeg"}],"author":"Marlena Muller","twitter_card":"summary_large_image","twitter_misc":{"Verfasst von":"Marlena Muller","Gesch\u00e4tzte Lesezeit":"7\u00a0Minuten"},"schema":{"@context":"https:\/\/schema.org","@graph":[{"@type":"Article","@id":"https:\/\/martinluther.ca\/2020\/04\/have-you-heard-from-our-corona-care-call-team\/#article","isPartOf":{"@id":"https:\/\/martinluther.ca\/2020\/04\/have-you-heard-from-our-corona-care-call-team\/"},"author":{"name":"Marlena Muller","@id":"https:\/\/martinluther.ca\/de\/#\/schema\/person\/ef4e825f5d9d6fd740bbd7813710e15d"},"headline":"Haben Sie einen Anruf von unserem Corona Care Team bekommen?","datePublished":"2020-04-22T20:21:07+00:00","dateModified":"2021-05-01T14:49:39+00:00","mainEntityOfPage":{"@id":"https:\/\/martinluther.ca\/2020\/04\/have-you-heard-from-our-corona-care-call-team\/"},"wordCount":1522,"publisher":{"@id":"https:\/\/martinluther.ca\/de\/#organization"},"image":{"@id":"https:\/\/martinluther.ca\/2020\/04\/have-you-heard-from-our-corona-care-call-team\/#primaryimage"},"thumbnailUrl":"https:\/\/martinluther.ca\/wp-content\/uploads\/2020\/04\/2020-04-23_CoronaCareCaller_Anneli-websitejpg.jpg","articleSection":["News Blog - German"],"inLanguage":"de"},{"@type":"WebPage","@id":"https:\/\/martinluther.ca\/2020\/04\/have-you-heard-from-our-corona-care-call-team\/","url":"https:\/\/martinluther.ca\/2020\/04\/have-you-heard-from-our-corona-care-call-team\/","name":"Haben Sie einen Anruf von unserem Corona Care Team bekommen? - Martin Luther Evangelische Kirche Toronto","isPartOf":{"@id":"https:\/\/martinluther.ca\/de\/#website"},"primaryImageOfPage":{"@id":"https:\/\/martinluther.ca\/2020\/04\/have-you-heard-from-our-corona-care-call-team\/#primaryimage"},"image":{"@id":"https:\/\/martinluther.ca\/2020\/04\/have-you-heard-from-our-corona-care-call-team\/#primaryimage"},"thumbnailUrl":"https:\/\/martinluther.ca\/wp-content\/uploads\/2020\/04\/2020-04-23_CoronaCareCaller_Anneli-websitejpg.jpg","datePublished":"2020-04-22T20:21:07+00:00","dateModified":"2021-05-01T14:49:39+00:00","breadcrumb":{"@id":"https:\/\/martinluther.ca\/2020\/04\/have-you-heard-from-our-corona-care-call-team\/#breadcrumb"},"inLanguage":"de","potentialAction":[{"@type":"ReadAction","target":["https:\/\/martinluther.ca\/2020\/04\/have-you-heard-from-our-corona-care-call-team\/"]}]},{"@type":"ImageObject","inLanguage":"de","@id":"https:\/\/martinluther.ca\/2020\/04\/have-you-heard-from-our-corona-care-call-team\/#primaryimage","url":"https:\/\/martinluther.ca\/wp-content\/uploads\/2020\/04\/2020-04-23_CoronaCareCaller_Anneli-websitejpg.jpg","contentUrl":"https:\/\/martinluther.ca\/wp-content\/uploads\/2020\/04\/2020-04-23_CoronaCareCaller_Anneli-websitejpg.jpg","width":1134,"height":851,"caption":"Corona Care Call Team"},{"@type":"BreadcrumbList","@id":"https:\/\/martinluther.ca\/2020\/04\/have-you-heard-from-our-corona-care-call-team\/#breadcrumb","itemListElement":[{"@type":"ListItem","position":1,"name":"Home","item":"https:\/\/martinluther.ca\/de\/"},{"@type":"ListItem","position":2,"name":"Haben Sie einen Anruf von unserem Corona Care Team bekommen?"}]},{"@type":"WebSite","@id":"https:\/\/martinluther.ca\/de\/#website","url":"https:\/\/martinluther.ca\/de\/","name":"Martin Luther Evangelical Church Toronto","description":"Deutsch &amp; Englisch","publisher":{"@id":"https:\/\/martinluther.ca\/de\/#organization"},"potentialAction":[{"@type":"SearchAction","target":{"@type":"EntryPoint","urlTemplate":"https:\/\/martinluther.ca\/de\/?s={search_term_string}"},"query-input":{"@type":"PropertyValueSpecification","valueRequired":true,"valueName":"search_term_string"}}],"inLanguage":"de"},{"@type":"Organization","@id":"https:\/\/martinluther.ca\/de\/#organization","name":"Martin Luther Evangelical Church Toronto","url":"https:\/\/martinluther.ca\/de\/","logo":{"@type":"ImageObject","inLanguage":"de","@id":"https:\/\/martinluther.ca\/de\/#\/schema\/logo\/image\/","url":"https:\/\/martinluther.ca\/wp-content\/uploads\/2016\/12\/ml-logo-300.png","contentUrl":"https:\/\/martinluther.ca\/wp-content\/uploads\/2016\/12\/ml-logo-300.png","width":300,"height":150,"caption":"Martin Luther Evangelical Church Toronto"},"image":{"@id":"https:\/\/martinluther.ca\/de\/#\/schema\/logo\/image\/"},"sameAs":["https:\/\/www.facebook.com\/martinlutherchurchtoronto","https:\/\/www.instagram.com\/lutheransbythelake\/","https:\/\/www.youtube.com\/MartinLutherChurchToronto"]},{"@type":"Person","@id":"https:\/\/martinluther.ca\/de\/#\/schema\/person\/ef4e825f5d9d6fd740bbd7813710e15d","name":"Marlena Muller","image":{"@type":"ImageObject","inLanguage":"de","@id":"https:\/\/secure.gravatar.com\/avatar\/fe840ff753768b839caa2dd522d4797f19f7e22fa2da83388e0fbfc570b65a37?s=96&d=mm&r=g","url":"https:\/\/secure.gravatar.com\/avatar\/fe840ff753768b839caa2dd522d4797f19f7e22fa2da83388e0fbfc570b65a37?s=96&d=mm&r=g","contentUrl":"https:\/\/secure.gravatar.com\/avatar\/fe840ff753768b839caa2dd522d4797f19f7e22fa2da83388e0fbfc570b65a37?s=96&d=mm&r=g","caption":"Marlena Muller"},"url":false}]}},"_links":{"self":[{"href":"https:\/\/martinluther.ca\/de\/wp-json\/wp\/v2\/posts\/34308","targetHints":{"allow":["GET"]}}],"collection":[{"href":"https:\/\/martinluther.ca\/de\/wp-json\/wp\/v2\/posts"}],"about":[{"href":"https:\/\/martinluther.ca\/de\/wp-json\/wp\/v2\/types\/post"}],"author":[{"embeddable":true,"href":"https:\/\/martinluther.ca\/de\/wp-json\/wp\/v2\/users\/8"}],"replies":[{"embeddable":true,"href":"https:\/\/martinluther.ca\/de\/wp-json\/wp\/v2\/comments?post=34308"}],"version-history":[{"count":8,"href":"https:\/\/martinluther.ca\/de\/wp-json\/wp\/v2\/posts\/34308\/revisions"}],"predecessor-version":[{"id":34850,"href":"https:\/\/martinluther.ca\/de\/wp-json\/wp\/v2\/posts\/34308\/revisions\/34850"}],"wp:featuredmedia":[{"embeddable":true,"href":"https:\/\/martinluther.ca\/de\/wp-json\/wp\/v2\/media\/35132"}],"wp:attachment":[{"href":"https:\/\/martinluther.ca\/de\/wp-json\/wp\/v2\/media?parent=34308"}],"wp:term":[{"taxonomy":"category","embeddable":true,"href":"https:\/\/martinluther.ca\/de\/wp-json\/wp\/v2\/categories?post=34308"},{"taxonomy":"post_tag","embeddable":true,"href":"https:\/\/martinluther.ca\/de\/wp-json\/wp\/v2\/tags?post=34308"},{"taxonomy":"post_series","embeddable":true,"href":"https:\/\/martinluther.ca\/de\/wp-json\/wp\/v2\/post_series?post=34308"}],"curies":[{"name":"wp","href":"https:\/\/api.w.org\/{rel}","templated":true}]}}