{"id":34546,"date":"2020-05-04T16:07:38","date_gmt":"2020-05-04T20:07:38","guid":{"rendered":"https:\/\/martinluther.ca\/2020\/05\/sunday-school-fourth-sunday-of-easter\/"},"modified":"2020-05-04T16:10:36","modified_gmt":"2020-05-04T20:10:36","slug":"sunday-school-fourth-sunday-of-easter","status":"publish","type":"post","link":"https:\/\/martinluther.ca\/de\/2020\/05\/sunday-school-fourth-sunday-of-easter\/","title":{"rendered":"Kindergottesdienst: 4. So der Osterzeit"},"content":{"rendered":"<div style=\"text-align: center; width: 100%; background-color: #669999;\"><a href=\"https:\/\/martinluther.ca\/wp-content\/uploads\/2020\/05\/Logo-Sunday-School.png\"><br \/>\n<\/a><img loading=\"lazy\" decoding=\"async\" class=\"alignnone size-full wp-image-34501\" src=\"https:\/\/martinluther.ca\/wp-content\/uploads\/2020\/05\/Logo-Sunday-School.png\" alt=\"Sunday School Logo\" width=\"185\" height=\"183\" \/><\/p>\n<p style=\"color: #ffffff;\"><span style=\"font-size: 21px;\"><strong>Welcome to Martin Luther Church Sunday School!<\/strong><\/span><\/p>\n<p><img loading=\"lazy\" decoding=\"async\" class=\"alignnone size-full wp-image-34497\" style=\"margin-top: 30px;\" src=\"https:\/\/martinluther.ca\/wp-content\/uploads\/2020\/05\/fourth_sunday_of_easter.jpeg\" alt=\"Three kids crafting.\" width=\"640\" height=\"426\" srcset=\"https:\/\/martinluther.ca\/wp-content\/uploads\/2020\/05\/fourth_sunday_of_easter.jpeg 640w, https:\/\/martinluther.ca\/wp-content\/uploads\/2020\/05\/fourth_sunday_of_easter-300x200.jpeg 300w\" sizes=\"auto, (max-width: 640px) 100vw, 640px\" \/><\/p>\n<p><a href=\"https:\/\/www.youtube.com\/watch?v=wb69ck6m6UM#video_1\" target=\"_blank\" rel=\"noopener noreferrer\"><img loading=\"lazy\" decoding=\"async\" class=\"alignnone size-full wp-image-34503\" src=\"https:\/\/martinluther.ca\/wp-content\/uploads\/2020\/05\/pray_big.jpg\" alt=\"Pray BIG\" width=\"600\" height=\"450\" srcset=\"https:\/\/martinluther.ca\/wp-content\/uploads\/2020\/05\/pray_big.jpg 600w, https:\/\/martinluther.ca\/wp-content\/uploads\/2020\/05\/pray_big-300x225.jpg 300w\" sizes=\"auto, (max-width: 600px) 100vw, 600px\" \/><\/a><\/p>\n<p><a href=\"https:\/\/www.youtube.com\/watch?v=bU_J-LX4tR8#video_2\" target=\"_blank\" rel=\"noopener noreferrer\"><img loading=\"lazy\" decoding=\"async\" class=\"alignnone size-full wp-image-34493\" src=\"https:\/\/martinluther.ca\/wp-content\/uploads\/2020\/05\/bilingual_prayers.jpg\" alt=\"Bilingual Prayer Video\" width=\"600\" height=\"337\" srcset=\"https:\/\/martinluther.ca\/wp-content\/uploads\/2020\/05\/bilingual_prayers.jpg 600w, https:\/\/martinluther.ca\/wp-content\/uploads\/2020\/05\/bilingual_prayers-300x169.jpg 300w\" sizes=\"auto, (max-width: 600px) 100vw, 600px\" \/><\/a><\/p>\n<table style=\"width: 60%; height: 246px; margin-left: auto; margin-right: auto;\">\n<tbody>\n<tr>\n<td style=\"width: 50%; background-color: #ffffff;\"><strong>Deutsch:<\/strong><\/p>\n<p>Gott, der Sonntag geh\u00f6rt dir,<\/p>\n<p>deinen Segen w\u00fcnsch ich mir.<\/p>\n<p>Lass mich deine Wege gehn,<\/p>\n<p>t\u00e4glich deine Wunder sehn.<\/p>\n<p>Amen.<\/td>\n<td style=\"width: 50%; background-color: #ffffff;\"><strong>English:<\/strong><\/p>\n<p>Sunday in a quiet time,<\/p>\n<p>bless this little life of mine.<\/p>\n<p>In the wonder of each day,<\/p>\n<p>let me live a holy way.<\/p>\n<p>Amen.<\/td>\n<\/tr>\n<\/tbody>\n<\/table>\n<p>&nbsp;<\/p>\n<\/div>\n<div style=\"text-align: center; background-color: #cce6ff; padding: 20px; margin-top: 20px;\"><span style=\"font-size: 21px;\">Do you remember last week when we talked about Noah and all the animals crammed into the ark sharing that small space? This week we are talking about sharing again using a much bigger word for it &#8217;stewardship&#8216;.\u00a0 Today we will figure out what stewardship is and how to do it.\u00a0 Our story will show us how a long time ago the first Christians became one big happy family and people knew they were Christians because they shared.<\/span><\/div>\n<div style=\"text-align: left; background-color: #ffffb3; padding: 30px; margin-top: 20px;\">\n<p dir=\"ltr\"><strong>Before We Read and Watch Today&#8217;s Story&#8230;<\/strong><\/p>\n<p>Let me ask&#8230;<\/p>\n<p>What are some ways that you care for your friends?<\/p>\n<p>How do your friends care for you?<\/p>\n<p>That is a tough question, think about it this way&#8230;<\/p>\n<p>If you were in need, you were sad, you were really frustrated, or maybe really sad, how do would you want a good friend act?<strong><br \/>\n<\/strong><br \/>\nWhen you read, watch, and listen to today&#8217;s story of the early Christians I want you to listen closely for signs of caring like the ones we just talked about.<\/p>\n<div style=\"text-align: center;\">\n<p><span style=\"font-size: 18px;\"><strong>Here is Our Story:<\/strong><\/span><\/p>\n<p><span style=\"font-size: 18px;\">Acts 2: 42-47:\u00a0&#8222;And they devoted themselves to the apostles&#8216; teaching, to the fellowship, to the breaking of bread, and to the prayers. Then fear came over everyone, and many wonders and signs were being performed through the apostles. Now all the believers were together and held all things in common. They sold their possessions and property and distributed the proceeds to all, as anyone had a need. Every day they devoted themselves to meeting together in the temple complex, and broke bread from house to house. They ate their food with a joyful and humble attitude, praising God and having favor with all the people. And every day the Lord added to them those who were being saved.&#8220;<\/span><\/p>\n<p><strong><span style=\"font-size: 18px;\">The Believers Share Their Possessions <\/span><\/strong><\/p>\n<p><span style=\"font-size: 18px;\">Acts 4:32-37 <\/span><span style=\"font-size: 18px;\">32\u00a0All the believers were one in heart and mind. No one claimed that any of their possessions was their own, but they shared everything they had.\u00a033\u00a0With great power the apostles continued to testify\u00a0to the resurrection\u00a0of the Lord Jesus. And God&#8217;s grace\u00a0was so powerfully at work in them all\u00a034\u00a0that there were no needy persons among them. For from time to time those who owned land or houses sold them,\u00a0brought the money from the sales\u00a035\u00a0and put it at the apostles&#8216; feet,\u00a0and it was distributed to anyone who had need. <\/span><br \/>\n<span style=\"font-size: 18px;\">36\u00a0Joseph, a Levite from Cyprus, whom the apostles called Barnabas\u00a0(which means &#8222;son of encouragement&#8220;),\u00a037\u00a0sold a field he owned and brought the money and put it at the apostles&#8216; feet.<\/span><\/p>\n<p><a href=\"https:\/\/www.youtube.com\/watch?v=LIe_m82d6XI#video_3\" target=\"_blank\" rel=\"noopener noreferrer\"><img loading=\"lazy\" decoding=\"async\" class=\"size-full wp-image-34491 aligncenter\" src=\"https:\/\/martinluther.ca\/wp-content\/uploads\/2020\/05\/bible_story.jpg\" alt=\"Picture from Bible Story Youtube Video\" width=\"600\" height=\"337\" srcset=\"https:\/\/martinluther.ca\/wp-content\/uploads\/2020\/05\/bible_story.jpg 600w, https:\/\/martinluther.ca\/wp-content\/uploads\/2020\/05\/bible_story-300x169.jpg 300w\" sizes=\"auto, (max-width: 600px) 100vw, 600px\" \/><\/a><\/p>\n<p dir=\"ltr\" style=\"text-align: left;\"><span style=\"color: #000000;\"><strong>I Wonder&#8230;<\/strong><\/span><\/p>\n<p style=\"text-align: left;\"><span style=\"color: #000000;\">We learned that the people in those early days came together, prayed, sang, and learned together, do you do that?<\/span><\/p>\n<p style=\"text-align: left;\"><span style=\"color: #000000;\">All of those people were sharing their things, like clothing and food!\u00a0 <\/span><\/p>\n<p style=\"text-align: left;\"><span style=\"color: #000000;\">Do you like to share your things? Maybe with a brother or sister? <\/span><\/p>\n<p style=\"text-align: left;\"><span style=\"color: #000000;\">Is Sharing hard sometimes? <\/span><\/p>\n<p style=\"text-align: left;\"><span style=\"color: #000000;\">What happened when those people were sharing and others saw them laughing, singing, and eating big meals together? <\/span><\/p>\n<p style=\"text-align: left;\"><span style=\"color: #000000;\">When we talked before about what it looks and feels like when we are caring toward others and others are caring toward us, is sharing caring? <\/span><\/p>\n<p style=\"text-align: left;\"><span style=\"color: #000000;\">Did you say that is one way you like to show that you care, and a way that makes you feel cared for? <\/span><\/p>\n<p style=\"text-align: left;\"><span style=\"color: #000000;\">Maybe SHARING = CARING&#8230;<\/span><\/p>\n<\/div>\n<\/div>\n<div style=\"text-align: left; background-color: #669999; height: 20px;\"><\/div>\n<div style=\"text-align: left; background-color: #cce6ff; padding: 30px;\">\n<p><span style=\"color: #000000;\"><strong>Let&#8217;s Think About That&#8230; <\/strong><\/span><\/p>\n<p dir=\"ltr\"><span style=\"color: #000000;\"><span style=\"color: #000000;\">The early church wasn&#8217;t about a building! It was all about a community of people who loved Jesus and were following his example of how to live.\u00a0 The people loved God and they loved each other, and it showed! That love grew and blessed others so much that the church grew and grew. The Bible tells us because of their sharing (SHARING=CARING) more and more people were believing in Jesus every day! God loves us and wants us to love and care for each other.<\/span><br \/>\n<span style=\"color: #000000;\">Don&#8217;t forget SHARING=CARING, this week let&#8217;s share His love with other people.<\/span><\/span><\/p>\n<p><span style=\"color: #000000;\"><strong>Let&#8217;s Talk About How&#8230;<\/strong><\/span><\/p>\n<\/div>\n<div style=\"text-align: left; background-color: #669999; height: 20px;\"><\/div>\n<div style=\"text-align: center; background-color: #cce6ff; padding: 20px;\"><a href=\"https:\/\/www.youtube.com\/watch?v=09KvBluK9i4#video_4\"><img loading=\"lazy\" decoding=\"async\" class=\"alignnone size-full wp-image-34489\" src=\"https:\/\/martinluther.ca\/wp-content\/uploads\/2020\/05\/activity_video.jpg\" alt=\"Picture from Youtube Activity Video\" width=\"600\" height=\"337\" srcset=\"https:\/\/martinluther.ca\/wp-content\/uploads\/2020\/05\/activity_video.jpg 600w, https:\/\/martinluther.ca\/wp-content\/uploads\/2020\/05\/activity_video-300x169.jpg 300w\" sizes=\"auto, (max-width: 600px) 100vw, 600px\" \/><\/a><\/div>\n<div style=\"text-align: left; background-color: #669999; height: 20px;\"><\/div>\n<div style=\"text-align: center; background-color: #8abdab; padding: 20px;\">\n<div style=\"text-align: center; width: 500px; height: auto; background-color: #ffffb3; padding: 10px; border: 0px; color: #0a6e6b; margin-bottom: 10px; margin-left: auto; margin-right: auto;\"><a href=\"https:\/\/www.youtube.com\/watch?v=7r5Ngn6mFyA&amp;feature=youtu.be&amp;utm_source=BenchmarkEmail&amp;utm_campaign=Sunday_School%2C_The_Fourth_Sunday_of_Easter&amp;utm_medium=email\" target=\"_blank\" rel=\"noopener noreferrer\">For a full video with the suggested activities Click Here<\/a><\/div>\n<div style=\"text-align: center; width: 500px; height: auto; background-color: #c2d6d6; padding: 10px; border: 0px; color: #ffffb3; margin-bottom: 15px; margin-left: auto; margin-right: auto;\"><a href=\"https:\/\/www.wearesparkhouse.org\/promos\/family-sunday-school\/?utm_source=BenchmarkEmail&amp;utm_campaign=Sunday_School%2c_The_Fourth_Sunday_of_Easter&amp;utm_medium=email\" target=\"_blank\" rel=\"noopener noreferrer\">Want printable resources for the activities? Click Here<\/a><\/div>\n<table style=\"width: 650px; margin-left: auto; margin-right: auto;\">\n<tbody>\n<tr>\n<td style=\"width: 40%;\"><a href=\"https:\/\/martinluther.ca\/wp-content\/uploads\/2020\/05\/sharing_caring.jpg\"><img loading=\"lazy\" decoding=\"async\" class=\"alignnone size-medium wp-image-34507\" src=\"https:\/\/martinluther.ca\/wp-content\/uploads\/2020\/05\/sharing_caring-300x200.jpg\" alt=\"The kids crafting.\" width=\"300\" height=\"200\" srcset=\"https:\/\/martinluther.ca\/wp-content\/uploads\/2020\/05\/sharing_caring-300x200.jpg 300w, https:\/\/martinluther.ca\/wp-content\/uploads\/2020\/05\/sharing_caring.jpg 640w\" sizes=\"auto, (max-width: 300px) 100vw, 300px\" \/><\/a><\/td>\n<td style=\"width: 60%;\"><strong><strong>SHARING=CARING<\/strong><\/strong><\/p>\n<p>So&#8230;<\/p>\n<p>Let&#8217;s Do It!<\/p>\n<p>For details see the linked video from Sparkhouse<\/p>\n<p><strong>#<\/strong><strong>1<\/strong>\u00a0Write a Letter or a Card<\/p>\n<p><strong>#<\/strong><strong>2<\/strong>\u00a0Make and Share a Chatterbox<\/p>\n<p><strong>#3<\/strong>\u00a0Share the &#8222;Beef Bulgogi&#8220; story with a friend online<\/p>\n<p>Dont forget how good it feels to share and have some one share with you.<\/td>\n<\/tr>\n<\/tbody>\n<\/table>\n<p style=\"color: #ffffff;\">Don&#8217;t forget to show us what you made!<\/p>\n<p><a href=\"https:\/\/www.facebook.com\/?utm_source=BenchmarkEmail&amp;utm_campaign=Sunday_School%2C_The_Fourth_Sunday_of_Easter&amp;utm_medium=email\" target=\"_blank\" rel=\"noopener noreferrer\"><img loading=\"lazy\" decoding=\"async\" class=\"alignnone size-full wp-image-34495\" src=\"https:\/\/martinluther.ca\/wp-content\/uploads\/2020\/05\/facebook.png\" alt=\"facebook icon\" width=\"114\" height=\"114\" \/><\/a> <a href=\"https:\/\/www.instagram.com\/sundays2gather\/?utm_source=BenchmarkEmail&amp;utm_campaign=Sunday_School%2c_The_Fourth_Sunday_of_Easter&amp;utm_medium=email\" target=\"_blank\" rel=\"noopener noreferrer\"><img loading=\"lazy\" decoding=\"async\" class=\"alignnone size-full wp-image-34499\" src=\"https:\/\/martinluther.ca\/wp-content\/uploads\/2020\/05\/instagram.png\" alt=\"Instagram icon\" width=\"114\" height=\"114\" \/><\/a><\/p>\n<p style=\"color: #000000;\">Parents and guardians, we would like your permission to make a collage of the pictures you send us, we will publish it on our social media accounts.<\/p>\n<\/div>\n<div style=\"text-align: center; background-color: #cce6ff; padding: 20px;\">\n<p><span style=\"font-size: 21px;\"><strong>As We Prepare to Say Goodbye For this week let&#8217;s&#8230;<\/strong><\/span><\/p>\n<p><strong>Sing Our GoodBye Song&#8230;<\/strong><\/p>\n<p><a href=\"https:\/\/www.youtube.com\/watch?v=LTVKuu2tUAc#video_5\" target=\"_blank\" rel=\"noopener noreferrer\"><img loading=\"lazy\" decoding=\"async\" class=\"alignnone size-full wp-image-34505\" src=\"https:\/\/martinluther.ca\/wp-content\/uploads\/2020\/05\/sei_behuetet.jpg\" alt=\"Still picture of Sei beh\u00fctet Youtube video\" width=\"600\" height=\"337\" srcset=\"https:\/\/martinluther.ca\/wp-content\/uploads\/2020\/05\/sei_behuetet.jpg 600w, https:\/\/martinluther.ca\/wp-content\/uploads\/2020\/05\/sei_behuetet-300x169.jpg 300w\" sizes=\"auto, (max-width: 600px) 100vw, 600px\" \/><\/a><\/p>\n<p><strong>English<\/strong><\/p>\n<p><strong>Chorus:<\/strong>\u00a0Be sheltered on serving paths.<br \/>\nBe protected in the middle of the night.<br \/>\nThrough sunny days, storms and rain,<br \/>\nthe Creator keeps watch over you.<\/p>\n<p><strong>1)<\/strong>\u00a0In the middle of the gray everyday world,<br \/>\nwhich sang and soundlessly cramped me,<br \/>\nI hear a song that I like<br \/>\nand that gives me perspectives.<\/p>\n<p><strong>2)<\/strong>\u00a0Sometimes when a day comes to an end<br \/>\nand the night penetrates all cracks,<br \/>\nI feel the wind that blows around us<br \/>\nand brings these lines with it.<\/p>\n<p><strong>3)<\/strong>\u00a0Whenever we part,<br \/>\nI feel sadness, I feel alone.<br \/>\nAnd until we meet again,<br \/>\nthe words should be your companion.<\/p>\n<p><strong>German<\/strong><\/p>\n<p><strong>Ref.:<\/strong>\u00a0Sei beh\u00fctet auf dienen Wegen.<br \/>\nSei beh\u00fctet auch mitten in der Nacht.<br \/>\nDurch Sonnentage, St\u00fcrme und durch Regen<br \/>\nh\u00e4lt der Sch\u00f6pfer \u00fcber dir die Wacht.<\/p>\n<p><strong>1)<\/strong>\u00a0Mitten in die graue Alltagswelt,<br \/>\ndie sang und klanglos mich beengt,<br \/>\nh\u00f6re ich ein Lied, das mir gef\u00e4llt<br \/>\nund das mir Perspektiven schenkt.<\/p>\n<p><strong>2)<\/strong>\u00a0Manchmal, wenn ein Tag zu Ende geht<br \/>\nund die Nacht durch alle Ritzen dringt,<br \/>\nsp\u00fcre ich den Wind, der uns umweht<br \/>\nund diese Zeilen mit sich bringt.<\/p>\n<p><strong>3)<\/strong>\u00a0Immer, wenn wir auseinandergehn,<br \/>\nsp\u00fcr ich Trauer, f\u00fchl mich allein.<br \/>\nUnd bis wir uns einmal wiedersehn,<br \/>\nsolln die Worte dein Begleiter sein.<\/p>\n<\/div>\n<div style=\"text-align: center; background-color: #cce6ff; padding: 20px; border: 15px solid #669999;\">\n<p><strong>Pray Our Goodbye Prayer<\/strong><\/p>\n<p><a href=\"https:\/\/martinluther.ca\/wp-content\/uploads\/2020\/04\/5-Finger-Prayer.png\"><img loading=\"lazy\" decoding=\"async\" class=\"aligncenter wp-image-33768 size-full\" src=\"https:\/\/martinluther.ca\/wp-content\/uploads\/2020\/04\/5-Finger-Prayer.png\" alt=\"\" width=\"601\" height=\"601\" srcset=\"https:\/\/martinluther.ca\/wp-content\/uploads\/2020\/04\/5-Finger-Prayer.png 601w, https:\/\/martinluther.ca\/wp-content\/uploads\/2020\/04\/5-Finger-Prayer-300x300.png 300w, https:\/\/martinluther.ca\/wp-content\/uploads\/2020\/04\/5-Finger-Prayer-150x150.png 150w\" sizes=\"auto, (max-width: 601px) 100vw, 601px\" \/><\/a><\/p>\n<p><strong>Visit our virtual prayer wall on Instagram to learn about prayer requests and leave your own prayers there!<\/strong><\/p>\n<\/div>\n","protected":false},"excerpt":{"rendered":"<p>Welcome to Martin Luther Church Sunday School! Deutsch: Gott, der Sonntag geh\u00f6rt dir, deinen Segen w\u00fcnsch ich mir. Lass mich deine Wege gehn, t\u00e4glich deine Wunder sehn. Amen. English: Sunday in a quiet time, bless this little life of mine. In the wonder of each day, let me live a holy way. Amen. &nbsp; Do&hellip;<\/p>\n","protected":false},"author":8,"featured_media":34508,"comment_status":"closed","ping_status":"closed","sticky":false,"template":"","format":"standard","meta":{"footnotes":""},"categories":[69],"tags":[],"post_series":[],"class_list":["post-34546","post","type-post","status-publish","format-standard","has-post-thumbnail","hentry","category-news-blog-german","entry","has-media"],"yoast_head":"<!-- This site is optimized with the Yoast SEO plugin v27.5 - https:\/\/yoast.com\/product\/yoast-seo-wordpress\/ -->\n<title>Kindergottesdienst: 4. So der Osterzeit - Martin Luther Evangelische Kirche Toronto<\/title>\n<meta name=\"robots\" content=\"index, follow, max-snippet:-1, max-image-preview:large, max-video-preview:-1\" \/>\n<link rel=\"canonical\" href=\"https:\/\/martinluther.ca\/2020\/05\/sunday-school-fourth-sunday-of-easter\/\" \/>\n<meta property=\"og:locale\" content=\"de_DE\" \/>\n<meta property=\"og:type\" content=\"article\" \/>\n<meta property=\"og:title\" content=\"Kindergottesdienst: 4. So der Osterzeit - Martin Luther Evangelische Kirche Toronto\" \/>\n<meta property=\"og:description\" content=\"Welcome to Martin Luther Church Sunday School! Deutsch: Gott, der Sonntag geh\u00f6rt dir, deinen Segen w\u00fcnsch ich mir. Lass mich deine Wege gehn, t\u00e4glich deine Wunder sehn. Amen. English: Sunday in a quiet time, bless this little life of mine. In the wonder of each day, let me live a holy way. Amen. &nbsp; Do&hellip;\" \/>\n<meta property=\"og:url\" content=\"https:\/\/martinluther.ca\/2020\/05\/sunday-school-fourth-sunday-of-easter\/\" \/>\n<meta property=\"og:site_name\" content=\"Martin Luther Evangelische Kirche Toronto\" \/>\n<meta property=\"article:publisher\" content=\"https:\/\/www.facebook.com\/martinlutherchurchtoronto\" \/>\n<meta property=\"article:published_time\" content=\"2020-05-04T20:07:38+00:00\" \/>\n<meta property=\"article:modified_time\" content=\"2020-05-04T20:10:36+00:00\" \/>\n<meta property=\"og:image\" content=\"https:\/\/martinluther.ca\/wp-content\/uploads\/2020\/05\/sharing_caring.jpg\" \/>\n\t<meta property=\"og:image:width\" content=\"640\" \/>\n\t<meta property=\"og:image:height\" content=\"426\" \/>\n\t<meta property=\"og:image:type\" content=\"image\/jpeg\" \/>\n<meta name=\"author\" content=\"Marlena Muller\" \/>\n<meta name=\"twitter:card\" content=\"summary_large_image\" \/>\n<meta name=\"twitter:label1\" content=\"Verfasst von\" \/>\n\t<meta name=\"twitter:data1\" content=\"Marlena Muller\" \/>\n\t<meta name=\"twitter:label2\" content=\"Gesch\u00e4tzte Lesezeit\" \/>\n\t<meta name=\"twitter:data2\" content=\"5\u00a0Minuten\" \/>\n<script type=\"application\/ld+json\" class=\"yoast-schema-graph\">{\"@context\":\"https:\\\/\\\/schema.org\",\"@graph\":[{\"@type\":\"Article\",\"@id\":\"https:\\\/\\\/martinluther.ca\\\/2020\\\/05\\\/sunday-school-fourth-sunday-of-easter\\\/#article\",\"isPartOf\":{\"@id\":\"https:\\\/\\\/martinluther.ca\\\/2020\\\/05\\\/sunday-school-fourth-sunday-of-easter\\\/\"},\"author\":{\"name\":\"Marlena Muller\",\"@id\":\"https:\\\/\\\/martinluther.ca\\\/de\\\/#\\\/schema\\\/person\\\/ef4e825f5d9d6fd740bbd7813710e15d\"},\"headline\":\"Kindergottesdienst: 4. So der Osterzeit\",\"datePublished\":\"2020-05-04T20:07:38+00:00\",\"dateModified\":\"2020-05-04T20:10:36+00:00\",\"mainEntityOfPage\":{\"@id\":\"https:\\\/\\\/martinluther.ca\\\/2020\\\/05\\\/sunday-school-fourth-sunday-of-easter\\\/\"},\"wordCount\":1073,\"publisher\":{\"@id\":\"https:\\\/\\\/martinluther.ca\\\/de\\\/#organization\"},\"image\":{\"@id\":\"https:\\\/\\\/martinluther.ca\\\/2020\\\/05\\\/sunday-school-fourth-sunday-of-easter\\\/#primaryimage\"},\"thumbnailUrl\":\"https:\\\/\\\/martinluther.ca\\\/wp-content\\\/uploads\\\/2020\\\/05\\\/sharing_caring.jpg\",\"articleSection\":[\"News Blog - German\"],\"inLanguage\":\"de\"},{\"@type\":\"WebPage\",\"@id\":\"https:\\\/\\\/martinluther.ca\\\/2020\\\/05\\\/sunday-school-fourth-sunday-of-easter\\\/\",\"url\":\"https:\\\/\\\/martinluther.ca\\\/2020\\\/05\\\/sunday-school-fourth-sunday-of-easter\\\/\",\"name\":\"Kindergottesdienst: 4. So der Osterzeit - Martin Luther Evangelische Kirche Toronto\",\"isPartOf\":{\"@id\":\"https:\\\/\\\/martinluther.ca\\\/de\\\/#website\"},\"primaryImageOfPage\":{\"@id\":\"https:\\\/\\\/martinluther.ca\\\/2020\\\/05\\\/sunday-school-fourth-sunday-of-easter\\\/#primaryimage\"},\"image\":{\"@id\":\"https:\\\/\\\/martinluther.ca\\\/2020\\\/05\\\/sunday-school-fourth-sunday-of-easter\\\/#primaryimage\"},\"thumbnailUrl\":\"https:\\\/\\\/martinluther.ca\\\/wp-content\\\/uploads\\\/2020\\\/05\\\/sharing_caring.jpg\",\"datePublished\":\"2020-05-04T20:07:38+00:00\",\"dateModified\":\"2020-05-04T20:10:36+00:00\",\"breadcrumb\":{\"@id\":\"https:\\\/\\\/martinluther.ca\\\/2020\\\/05\\\/sunday-school-fourth-sunday-of-easter\\\/#breadcrumb\"},\"inLanguage\":\"de\",\"potentialAction\":[{\"@type\":\"ReadAction\",\"target\":[\"https:\\\/\\\/martinluther.ca\\\/2020\\\/05\\\/sunday-school-fourth-sunday-of-easter\\\/\"]}]},{\"@type\":\"ImageObject\",\"inLanguage\":\"de\",\"@id\":\"https:\\\/\\\/martinluther.ca\\\/2020\\\/05\\\/sunday-school-fourth-sunday-of-easter\\\/#primaryimage\",\"url\":\"https:\\\/\\\/martinluther.ca\\\/wp-content\\\/uploads\\\/2020\\\/05\\\/sharing_caring.jpg\",\"contentUrl\":\"https:\\\/\\\/martinluther.ca\\\/wp-content\\\/uploads\\\/2020\\\/05\\\/sharing_caring.jpg\",\"width\":640,\"height\":426,\"caption\":\"The kids crafting.\"},{\"@type\":\"BreadcrumbList\",\"@id\":\"https:\\\/\\\/martinluther.ca\\\/2020\\\/05\\\/sunday-school-fourth-sunday-of-easter\\\/#breadcrumb\",\"itemListElement\":[{\"@type\":\"ListItem\",\"position\":1,\"name\":\"Home\",\"item\":\"https:\\\/\\\/martinluther.ca\\\/de\\\/\"},{\"@type\":\"ListItem\",\"position\":2,\"name\":\"Kindergottesdienst: 4. So der Osterzeit\"}]},{\"@type\":\"WebSite\",\"@id\":\"https:\\\/\\\/martinluther.ca\\\/de\\\/#website\",\"url\":\"https:\\\/\\\/martinluther.ca\\\/de\\\/\",\"name\":\"Martin Luther Evangelical Church Toronto\",\"description\":\"Deutsch &amp; Englisch\",\"publisher\":{\"@id\":\"https:\\\/\\\/martinluther.ca\\\/de\\\/#organization\"},\"potentialAction\":[{\"@type\":\"SearchAction\",\"target\":{\"@type\":\"EntryPoint\",\"urlTemplate\":\"https:\\\/\\\/martinluther.ca\\\/de\\\/?s={search_term_string}\"},\"query-input\":{\"@type\":\"PropertyValueSpecification\",\"valueRequired\":true,\"valueName\":\"search_term_string\"}}],\"inLanguage\":\"de\"},{\"@type\":\"Organization\",\"@id\":\"https:\\\/\\\/martinluther.ca\\\/de\\\/#organization\",\"name\":\"Martin Luther Evangelical Church Toronto\",\"url\":\"https:\\\/\\\/martinluther.ca\\\/de\\\/\",\"logo\":{\"@type\":\"ImageObject\",\"inLanguage\":\"de\",\"@id\":\"https:\\\/\\\/martinluther.ca\\\/de\\\/#\\\/schema\\\/logo\\\/image\\\/\",\"url\":\"https:\\\/\\\/martinluther.ca\\\/wp-content\\\/uploads\\\/2016\\\/12\\\/ml-logo-300.png\",\"contentUrl\":\"https:\\\/\\\/martinluther.ca\\\/wp-content\\\/uploads\\\/2016\\\/12\\\/ml-logo-300.png\",\"width\":300,\"height\":150,\"caption\":\"Martin Luther Evangelical Church Toronto\"},\"image\":{\"@id\":\"https:\\\/\\\/martinluther.ca\\\/de\\\/#\\\/schema\\\/logo\\\/image\\\/\"},\"sameAs\":[\"https:\\\/\\\/www.facebook.com\\\/martinlutherchurchtoronto\",\"https:\\\/\\\/www.instagram.com\\\/lutheransbythelake\\\/\",\"https:\\\/\\\/www.youtube.com\\\/MartinLutherChurchToronto\"]},{\"@type\":\"Person\",\"@id\":\"https:\\\/\\\/martinluther.ca\\\/de\\\/#\\\/schema\\\/person\\\/ef4e825f5d9d6fd740bbd7813710e15d\",\"name\":\"Marlena Muller\",\"image\":{\"@type\":\"ImageObject\",\"inLanguage\":\"de\",\"@id\":\"https:\\\/\\\/secure.gravatar.com\\\/avatar\\\/fe840ff753768b839caa2dd522d4797f19f7e22fa2da83388e0fbfc570b65a37?s=96&d=mm&r=g\",\"url\":\"https:\\\/\\\/secure.gravatar.com\\\/avatar\\\/fe840ff753768b839caa2dd522d4797f19f7e22fa2da83388e0fbfc570b65a37?s=96&d=mm&r=g\",\"contentUrl\":\"https:\\\/\\\/secure.gravatar.com\\\/avatar\\\/fe840ff753768b839caa2dd522d4797f19f7e22fa2da83388e0fbfc570b65a37?s=96&d=mm&r=g\",\"caption\":\"Marlena Muller\"},\"url\":false}]}<\/script>\n<!-- \/ Yoast SEO plugin. -->","yoast_head_json":{"title":"Kindergottesdienst: 4. So der Osterzeit - Martin Luther Evangelische Kirche Toronto","robots":{"index":"index","follow":"follow","max-snippet":"max-snippet:-1","max-image-preview":"max-image-preview:large","max-video-preview":"max-video-preview:-1"},"canonical":"https:\/\/martinluther.ca\/2020\/05\/sunday-school-fourth-sunday-of-easter\/","og_locale":"de_DE","og_type":"article","og_title":"Kindergottesdienst: 4. So der Osterzeit - Martin Luther Evangelische Kirche Toronto","og_description":"Welcome to Martin Luther Church Sunday School! Deutsch: Gott, der Sonntag geh\u00f6rt dir, deinen Segen w\u00fcnsch ich mir. Lass mich deine Wege gehn, t\u00e4glich deine Wunder sehn. Amen. English: Sunday in a quiet time, bless this little life of mine. In the wonder of each day, let me live a holy way. Amen. &nbsp; Do&hellip;","og_url":"https:\/\/martinluther.ca\/2020\/05\/sunday-school-fourth-sunday-of-easter\/","og_site_name":"Martin Luther Evangelische Kirche Toronto","article_publisher":"https:\/\/www.facebook.com\/martinlutherchurchtoronto","article_published_time":"2020-05-04T20:07:38+00:00","article_modified_time":"2020-05-04T20:10:36+00:00","og_image":[{"width":640,"height":426,"url":"https:\/\/martinluther.ca\/wp-content\/uploads\/2020\/05\/sharing_caring.jpg","type":"image\/jpeg"}],"author":"Marlena Muller","twitter_card":"summary_large_image","twitter_misc":{"Verfasst von":"Marlena Muller","Gesch\u00e4tzte Lesezeit":"5\u00a0Minuten"},"schema":{"@context":"https:\/\/schema.org","@graph":[{"@type":"Article","@id":"https:\/\/martinluther.ca\/2020\/05\/sunday-school-fourth-sunday-of-easter\/#article","isPartOf":{"@id":"https:\/\/martinluther.ca\/2020\/05\/sunday-school-fourth-sunday-of-easter\/"},"author":{"name":"Marlena Muller","@id":"https:\/\/martinluther.ca\/de\/#\/schema\/person\/ef4e825f5d9d6fd740bbd7813710e15d"},"headline":"Kindergottesdienst: 4. So der Osterzeit","datePublished":"2020-05-04T20:07:38+00:00","dateModified":"2020-05-04T20:10:36+00:00","mainEntityOfPage":{"@id":"https:\/\/martinluther.ca\/2020\/05\/sunday-school-fourth-sunday-of-easter\/"},"wordCount":1073,"publisher":{"@id":"https:\/\/martinluther.ca\/de\/#organization"},"image":{"@id":"https:\/\/martinluther.ca\/2020\/05\/sunday-school-fourth-sunday-of-easter\/#primaryimage"},"thumbnailUrl":"https:\/\/martinluther.ca\/wp-content\/uploads\/2020\/05\/sharing_caring.jpg","articleSection":["News Blog - German"],"inLanguage":"de"},{"@type":"WebPage","@id":"https:\/\/martinluther.ca\/2020\/05\/sunday-school-fourth-sunday-of-easter\/","url":"https:\/\/martinluther.ca\/2020\/05\/sunday-school-fourth-sunday-of-easter\/","name":"Kindergottesdienst: 4. So der Osterzeit - Martin Luther Evangelische Kirche Toronto","isPartOf":{"@id":"https:\/\/martinluther.ca\/de\/#website"},"primaryImageOfPage":{"@id":"https:\/\/martinluther.ca\/2020\/05\/sunday-school-fourth-sunday-of-easter\/#primaryimage"},"image":{"@id":"https:\/\/martinluther.ca\/2020\/05\/sunday-school-fourth-sunday-of-easter\/#primaryimage"},"thumbnailUrl":"https:\/\/martinluther.ca\/wp-content\/uploads\/2020\/05\/sharing_caring.jpg","datePublished":"2020-05-04T20:07:38+00:00","dateModified":"2020-05-04T20:10:36+00:00","breadcrumb":{"@id":"https:\/\/martinluther.ca\/2020\/05\/sunday-school-fourth-sunday-of-easter\/#breadcrumb"},"inLanguage":"de","potentialAction":[{"@type":"ReadAction","target":["https:\/\/martinluther.ca\/2020\/05\/sunday-school-fourth-sunday-of-easter\/"]}]},{"@type":"ImageObject","inLanguage":"de","@id":"https:\/\/martinluther.ca\/2020\/05\/sunday-school-fourth-sunday-of-easter\/#primaryimage","url":"https:\/\/martinluther.ca\/wp-content\/uploads\/2020\/05\/sharing_caring.jpg","contentUrl":"https:\/\/martinluther.ca\/wp-content\/uploads\/2020\/05\/sharing_caring.jpg","width":640,"height":426,"caption":"The kids crafting."},{"@type":"BreadcrumbList","@id":"https:\/\/martinluther.ca\/2020\/05\/sunday-school-fourth-sunday-of-easter\/#breadcrumb","itemListElement":[{"@type":"ListItem","position":1,"name":"Home","item":"https:\/\/martinluther.ca\/de\/"},{"@type":"ListItem","position":2,"name":"Kindergottesdienst: 4. So der Osterzeit"}]},{"@type":"WebSite","@id":"https:\/\/martinluther.ca\/de\/#website","url":"https:\/\/martinluther.ca\/de\/","name":"Martin Luther Evangelical Church Toronto","description":"Deutsch &amp; Englisch","publisher":{"@id":"https:\/\/martinluther.ca\/de\/#organization"},"potentialAction":[{"@type":"SearchAction","target":{"@type":"EntryPoint","urlTemplate":"https:\/\/martinluther.ca\/de\/?s={search_term_string}"},"query-input":{"@type":"PropertyValueSpecification","valueRequired":true,"valueName":"search_term_string"}}],"inLanguage":"de"},{"@type":"Organization","@id":"https:\/\/martinluther.ca\/de\/#organization","name":"Martin Luther Evangelical Church Toronto","url":"https:\/\/martinluther.ca\/de\/","logo":{"@type":"ImageObject","inLanguage":"de","@id":"https:\/\/martinluther.ca\/de\/#\/schema\/logo\/image\/","url":"https:\/\/martinluther.ca\/wp-content\/uploads\/2016\/12\/ml-logo-300.png","contentUrl":"https:\/\/martinluther.ca\/wp-content\/uploads\/2016\/12\/ml-logo-300.png","width":300,"height":150,"caption":"Martin Luther Evangelical Church Toronto"},"image":{"@id":"https:\/\/martinluther.ca\/de\/#\/schema\/logo\/image\/"},"sameAs":["https:\/\/www.facebook.com\/martinlutherchurchtoronto","https:\/\/www.instagram.com\/lutheransbythelake\/","https:\/\/www.youtube.com\/MartinLutherChurchToronto"]},{"@type":"Person","@id":"https:\/\/martinluther.ca\/de\/#\/schema\/person\/ef4e825f5d9d6fd740bbd7813710e15d","name":"Marlena Muller","image":{"@type":"ImageObject","inLanguage":"de","@id":"https:\/\/secure.gravatar.com\/avatar\/fe840ff753768b839caa2dd522d4797f19f7e22fa2da83388e0fbfc570b65a37?s=96&d=mm&r=g","url":"https:\/\/secure.gravatar.com\/avatar\/fe840ff753768b839caa2dd522d4797f19f7e22fa2da83388e0fbfc570b65a37?s=96&d=mm&r=g","contentUrl":"https:\/\/secure.gravatar.com\/avatar\/fe840ff753768b839caa2dd522d4797f19f7e22fa2da83388e0fbfc570b65a37?s=96&d=mm&r=g","caption":"Marlena Muller"},"url":false}]}},"_links":{"self":[{"href":"https:\/\/martinluther.ca\/de\/wp-json\/wp\/v2\/posts\/34546","targetHints":{"allow":["GET"]}}],"collection":[{"href":"https:\/\/martinluther.ca\/de\/wp-json\/wp\/v2\/posts"}],"about":[{"href":"https:\/\/martinluther.ca\/de\/wp-json\/wp\/v2\/types\/post"}],"author":[{"embeddable":true,"href":"https:\/\/martinluther.ca\/de\/wp-json\/wp\/v2\/users\/8"}],"replies":[{"embeddable":true,"href":"https:\/\/martinluther.ca\/de\/wp-json\/wp\/v2\/comments?post=34546"}],"version-history":[{"count":2,"href":"https:\/\/martinluther.ca\/de\/wp-json\/wp\/v2\/posts\/34546\/revisions"}],"predecessor-version":[{"id":34548,"href":"https:\/\/martinluther.ca\/de\/wp-json\/wp\/v2\/posts\/34546\/revisions\/34548"}],"wp:featuredmedia":[{"embeddable":true,"href":"https:\/\/martinluther.ca\/de\/wp-json\/wp\/v2\/media\/34508"}],"wp:attachment":[{"href":"https:\/\/martinluther.ca\/de\/wp-json\/wp\/v2\/media?parent=34546"}],"wp:term":[{"taxonomy":"category","embeddable":true,"href":"https:\/\/martinluther.ca\/de\/wp-json\/wp\/v2\/categories?post=34546"},{"taxonomy":"post_tag","embeddable":true,"href":"https:\/\/martinluther.ca\/de\/wp-json\/wp\/v2\/tags?post=34546"},{"taxonomy":"post_series","embeddable":true,"href":"https:\/\/martinluther.ca\/de\/wp-json\/wp\/v2\/post_series?post=34546"}],"curies":[{"name":"wp","href":"https:\/\/api.w.org\/{rel}","templated":true}]}}