{"id":34638,"date":"2020-07-30T04:19:16","date_gmt":"2020-07-30T08:19:16","guid":{"rendered":"https:\/\/martinluther.ca\/?p=34638"},"modified":"2020-07-30T12:13:48","modified_gmt":"2020-07-30T16:13:48","slug":"nur-einschreiben-dann-geht-es-los-mit-dem-gemuesepflanzen-u-teilen","status":"publish","type":"post","link":"https:\/\/martinluther.ca\/de\/2020\/07\/nur-einschreiben-dann-geht-es-los-mit-dem-gemuesepflanzen-u-teilen\/","title":{"rendered":"Eine &#8222;Give Peas a Chance&#8220; Erfahrung"},"content":{"rendered":"<figure id=\"attachment_35522\" aria-describedby=\"caption-attachment-35522\" style=\"width: 282px\" class=\"wp-caption alignright\"><a href=\"https:\/\/martinluther.ca\/wp-content\/uploads\/2020\/05\/1_alex_peas_before_23062020.jpg\"><img loading=\"lazy\" decoding=\"async\" class=\"wp-image-35522 size-medium\" src=\"https:\/\/martinluther.ca\/wp-content\/uploads\/2020\/05\/1_alex_peas_before_23062020-282x300.jpg\" alt=\"\" width=\"282\" height=\"300\" srcset=\"https:\/\/martinluther.ca\/wp-content\/uploads\/2020\/05\/1_alex_peas_before_23062020-282x300.jpg 282w, https:\/\/martinluther.ca\/wp-content\/uploads\/2020\/05\/1_alex_peas_before_23062020.jpg 707w\" sizes=\"auto, (max-width: 282px) 100vw, 282px\" \/><\/a><figcaption id=\"caption-attachment-35522\" class=\"wp-caption-text\">Pflanzen im Jun<\/figcaption><\/figure>\n<p><strong>Meine &#8222;Give Peas a Chance&#8220; Erfahrung, von Alex<\/strong><\/p>\n<p><span style=\"color: #000120;\"><span style=\"color: #000032;\">Die Samen zu bekommen war etwas dass ich nicht erwartet hatte.<br \/>\nEs war sch\u04e7n sie zu bekommen denn unsere Pflanzen die wir zuhause hatten, haben nicht den Winter \u00fcberlebt. Und da jetzt schon die Jahreszeit ist wo wir pflanzen k\u04e7nnen, ist es sch\u04e7n die Samen zu bekommen. Auch weil die Samen f\u00fcr eine Vielzahl von Pflanzen sind\u2026 Diese Tage mag ich gerne zum Bew\u00e4ssern meiner Bohnenpflanzen gehen und staune immer wie gro\u00df Sie schon geworden sind. Jetzt sind sie ungef\u04d3hr 5 bis 6 Zoll hoch und ich sehe schon was (hoffentlich) die ersten Bohnenh\u00fclsen sind!<br \/>\nVon den anderen Samen die ich sp\u00e4ter pflanzte, kommen jetzt die ersten Sprossen.<br \/>\nIch bin so froh die Samen zu bekommen weil es mir etwas zu tun gibt w\u00e4hrend der Pandemie. Ich hoffe es ist etwas was die anderen Kirchen uns nachmachen werden weil ich finde es macht spa\u00df zu sehen wie gro\u00df meine Pflanzen werden bis sie vollst\u04d3ndig entwickelt sind.<\/span><\/span><\/p>\n<figure id=\"attachment_35524\" aria-describedby=\"caption-attachment-35524\" style=\"width: 194px\" class=\"wp-caption alignleft\"><a href=\"https:\/\/martinluther.ca\/wp-content\/uploads\/2020\/05\/1_alex_peas_after_12072020.jpg\"><img loading=\"lazy\" decoding=\"async\" class=\"wp-image-35524 size-medium\" src=\"https:\/\/martinluther.ca\/wp-content\/uploads\/2020\/05\/1_alex_peas_after_12072020-194x300.jpg\" alt=\"\" width=\"194\" height=\"300\" srcset=\"https:\/\/martinluther.ca\/wp-content\/uploads\/2020\/05\/1_alex_peas_after_12072020-194x300.jpg 194w, https:\/\/martinluther.ca\/wp-content\/uploads\/2020\/05\/1_alex_peas_after_12072020.jpg 465w\" sizes=\"auto, (max-width: 194px) 100vw, 194px\" \/><\/a><figcaption id=\"caption-attachment-35524\" class=\"wp-caption-text\">Pflanzen im Juli<\/figcaption><\/figure>\n<hr \/>\n<p><span style=\"color: #000120;\"><a href=\"https:\/\/martinluther.ca\/wp-content\/uploads\/2020\/05\/Give-Peas-a-Chance-website.png\"><img loading=\"lazy\" decoding=\"async\" class=\"alignright size-medium wp-image-34634\" src=\"https:\/\/martinluther.ca\/wp-content\/uploads\/2020\/05\/Give-Peas-a-Chance-website-300x225.png\" alt=\"\" width=\"300\" height=\"225\" srcset=\"https:\/\/martinluther.ca\/wp-content\/uploads\/2020\/05\/Give-Peas-a-Chance-website-300x225.png 300w, https:\/\/martinluther.ca\/wp-content\/uploads\/2020\/05\/Give-Peas-a-Chance-website.png 470w\" sizes=\"auto, (max-width: 300px) 100vw, 300px\" \/><\/a>Jetzt, wo der Fr\u00fchling da ist und der Sommeranfang vor der T\u00fcr steht, wollen wir \u00fcber Wachstum, Teilen und unsere\u00a0 Gemeinschaft sprechen.<br \/>\n<\/span><\/p>\n<p><span style=\"color: #000120;\">In der Bibel ist G\u00e4rtnern ein wichtiges Thema.\u00a0 Ob in den B\u00fcchern Mose, Jeremia oder den Evangelien, G\u00e4rten spielen eine gro\u00dfe Rolle in Gottes Pl\u00e4nen.\u00a0 Es fing alles im Garten Eden an.\u00a0 Ein Garten ist ein wundersamer Ort, wo wir Gott begegnen k\u00f6nnen und die Wunder des Sch\u00f6pfers bestaunen.\u00a0 Es ist ein Ort der N\u00e4chstenliebe , an dem wir mit unseren N\u00e4chsten teilen, Gottes Sch\u00f6pfung als Verwalter beh\u00fcten und nat\u00fcrlich auch Gem\u00fcse anpflanzen k\u00f6nnen.<\/span><\/p>\n<p><span style=\"color: #000120;\"><br \/>\nUns ist Saatgut von der Organisation ,,Plant-Grow-Share a Row\u201d (<a href=\"http:\/\/www.growarow.org\" target=\"_blank\" rel=\"noopener noreferrer\">www.growarow.org<\/a>) geschenkt worden, und wir m\u00f6chten Sie ermutigen, sich zur Beteiligung an diesem Anbauprojekt anzumelden.\u00a0 Es geht um eine Partnerschaft mit der Martin-Luther-Kirche, Fabulous Friday Mimico, Plant-Grow-Share a Row, dem Jugend- und Familiendienst der MLK sowie der Redeemer Church und wird unsere \u00f6rtlichen Tafeln (food banks) unterst\u00fctzen. <a href=\"https:\/\/martinluther.ca\/wp-content\/uploads\/2020\/05\/Banner.All_.Logos_.jpg\"><img loading=\"lazy\" decoding=\"async\" class=\"aligncenter size-full wp-image-34636\" src=\"https:\/\/martinluther.ca\/wp-content\/uploads\/2020\/05\/Banner.All_.Logos_.jpg\" alt=\"\" width=\"961\" height=\"155\" srcset=\"https:\/\/martinluther.ca\/wp-content\/uploads\/2020\/05\/Banner.All_.Logos_.jpg 961w, https:\/\/martinluther.ca\/wp-content\/uploads\/2020\/05\/Banner.All_.Logos_-300x48.jpg 300w, https:\/\/martinluther.ca\/wp-content\/uploads\/2020\/05\/Banner.All_.Logos_-768x124.jpg 768w\" sizes=\"auto, (max-width: 961px) 100vw, 961px\" \/><\/a><\/span><span style=\"color: #000120;\">Wenn Sie sich anmelden, wird f\u00fcr Sie je nach g\u00e4rtnerischem Talent und der Gr\u00f6\u00dfe Ihres Beets\u00a0 eine Packung Samen zusammengestellt. Es gibt Samen und Unterst\u00fctzung\u00a0 f\u00fcr unsere Balkonliebhaber, Fensterbrettkandidaten und Freigartenprofis.\u00a0 Diese\u00a0 Gelegenheit zum Gemeinschaftsaufbau wird die Notd\u00fcrftigen unterst\u00fctzen und uns die Gelegenheit geben, als Verwalter der Sch\u00f6pfung zu dienen.<br \/>\n<\/span><\/p>\n<p><span style=\"color: #000120;\">Um weitere Auskunft oder, falls Sie bereits angeregt sind, k\u00f6nnen Sie mit Vicar Adam (<a href=\"mailto:vicarmccomb@martinluther.ca\">vicarmccomb@martinluther.ca<\/a>) in Kontakt treten und sich bis 21. Mai anmelden.<\/span><\/p>\n","protected":false},"excerpt":{"rendered":"<p>Meine &#8222;Give Peas a Chance&#8220; Erfahrung, von Alex Die Samen zu bekommen war etwas dass ich nicht erwartet hatte. Es war sch\u04e7n sie zu bekommen denn unsere Pflanzen die wir zuhause hatten, haben nicht den Winter \u00fcberlebt. Und da jetzt schon die Jahreszeit ist wo wir pflanzen k\u04e7nnen, ist es sch\u04e7n die Samen zu bekommen.&hellip;<\/p>\n","protected":false},"author":8,"featured_media":35526,"comment_status":"closed","ping_status":"closed","sticky":false,"template":"","format":"standard","meta":{"footnotes":""},"categories":[69],"tags":[],"post_series":[],"class_list":["post-34638","post","type-post","status-publish","format-standard","has-post-thumbnail","hentry","category-news-blog-german","entry","has-media"],"yoast_head":"<!-- This site is optimized with the Yoast SEO plugin v27.5 - https:\/\/yoast.com\/product\/yoast-seo-wordpress\/ -->\n<title>Eine &quot;Give Peas a Chance&quot; Erfahrung - Martin Luther Evangelische Kirche Toronto<\/title>\n<meta name=\"robots\" content=\"index, follow, max-snippet:-1, max-image-preview:large, max-video-preview:-1\" \/>\n<link rel=\"canonical\" href=\"https:\/\/martinluther.ca\/2020\/07\/sign-up-to-grow-and-share-vegetables\/\" \/>\n<meta property=\"og:locale\" content=\"de_DE\" \/>\n<meta property=\"og:type\" content=\"article\" \/>\n<meta property=\"og:title\" content=\"Eine &quot;Give Peas a Chance&quot; Erfahrung - Martin Luther Evangelische Kirche Toronto\" \/>\n<meta property=\"og:description\" content=\"Meine &#8222;Give Peas a Chance&#8220; Erfahrung, von Alex Die Samen zu bekommen war etwas dass ich nicht erwartet hatte. Es war sch\u04e7n sie zu bekommen denn unsere Pflanzen die wir zuhause hatten, haben nicht den Winter \u00fcberlebt. Und da jetzt schon die Jahreszeit ist wo wir pflanzen k\u04e7nnen, ist es sch\u04e7n die Samen zu bekommen.&hellip;\" \/>\n<meta property=\"og:url\" content=\"https:\/\/martinluther.ca\/2020\/07\/sign-up-to-grow-and-share-vegetables\/\" \/>\n<meta property=\"og:site_name\" content=\"Martin Luther Evangelische Kirche Toronto\" \/>\n<meta property=\"article:publisher\" content=\"https:\/\/www.facebook.com\/martinlutherchurchtoronto\" \/>\n<meta property=\"article:published_time\" content=\"2020-07-30T08:19:16+00:00\" \/>\n<meta property=\"article:modified_time\" content=\"2020-07-30T16:13:48+00:00\" \/>\n<meta property=\"og:image\" content=\"https:\/\/martinluther.ca\/wp-content\/uploads\/2020\/05\/Alexs-Plants-Homepage.jpg\" \/>\n\t<meta property=\"og:image:width\" content=\"706\" \/>\n\t<meta property=\"og:image:height\" content=\"530\" \/>\n\t<meta property=\"og:image:type\" content=\"image\/jpeg\" \/>\n<meta name=\"author\" content=\"Marlena Muller\" \/>\n<meta name=\"twitter:card\" content=\"summary_large_image\" \/>\n<meta name=\"twitter:label1\" content=\"Verfasst von\" \/>\n\t<meta name=\"twitter:data1\" content=\"Marlena Muller\" \/>\n\t<meta name=\"twitter:label2\" content=\"Gesch\u00e4tzte Lesezeit\" \/>\n\t<meta name=\"twitter:data2\" content=\"2\u00a0Minuten\" \/>\n<script type=\"application\/ld+json\" class=\"yoast-schema-graph\">{\"@context\":\"https:\\\/\\\/schema.org\",\"@graph\":[{\"@type\":\"Article\",\"@id\":\"https:\\\/\\\/martinluther.ca\\\/2020\\\/07\\\/sign-up-to-grow-and-share-vegetables\\\/#article\",\"isPartOf\":{\"@id\":\"https:\\\/\\\/martinluther.ca\\\/2020\\\/07\\\/sign-up-to-grow-and-share-vegetables\\\/\"},\"author\":{\"name\":\"Marlena Muller\",\"@id\":\"https:\\\/\\\/martinluther.ca\\\/de\\\/#\\\/schema\\\/person\\\/ef4e825f5d9d6fd740bbd7813710e15d\"},\"headline\":\"Eine &#8222;Give Peas a Chance&#8220; Erfahrung\",\"datePublished\":\"2020-07-30T08:19:16+00:00\",\"dateModified\":\"2020-07-30T16:13:48+00:00\",\"mainEntityOfPage\":{\"@id\":\"https:\\\/\\\/martinluther.ca\\\/2020\\\/07\\\/sign-up-to-grow-and-share-vegetables\\\/\"},\"wordCount\":453,\"publisher\":{\"@id\":\"https:\\\/\\\/martinluther.ca\\\/de\\\/#organization\"},\"image\":{\"@id\":\"https:\\\/\\\/martinluther.ca\\\/2020\\\/07\\\/sign-up-to-grow-and-share-vegetables\\\/#primaryimage\"},\"thumbnailUrl\":\"https:\\\/\\\/martinluther.ca\\\/wp-content\\\/uploads\\\/2020\\\/05\\\/Alexs-Plants-Homepage.jpg\",\"articleSection\":[\"News Blog - German\"],\"inLanguage\":\"de\"},{\"@type\":\"WebPage\",\"@id\":\"https:\\\/\\\/martinluther.ca\\\/2020\\\/07\\\/sign-up-to-grow-and-share-vegetables\\\/\",\"url\":\"https:\\\/\\\/martinluther.ca\\\/2020\\\/07\\\/sign-up-to-grow-and-share-vegetables\\\/\",\"name\":\"Eine \\\"Give Peas a Chance\\\" Erfahrung - Martin Luther Evangelische Kirche Toronto\",\"isPartOf\":{\"@id\":\"https:\\\/\\\/martinluther.ca\\\/de\\\/#website\"},\"primaryImageOfPage\":{\"@id\":\"https:\\\/\\\/martinluther.ca\\\/2020\\\/07\\\/sign-up-to-grow-and-share-vegetables\\\/#primaryimage\"},\"image\":{\"@id\":\"https:\\\/\\\/martinluther.ca\\\/2020\\\/07\\\/sign-up-to-grow-and-share-vegetables\\\/#primaryimage\"},\"thumbnailUrl\":\"https:\\\/\\\/martinluther.ca\\\/wp-content\\\/uploads\\\/2020\\\/05\\\/Alexs-Plants-Homepage.jpg\",\"datePublished\":\"2020-07-30T08:19:16+00:00\",\"dateModified\":\"2020-07-30T16:13:48+00:00\",\"breadcrumb\":{\"@id\":\"https:\\\/\\\/martinluther.ca\\\/2020\\\/07\\\/sign-up-to-grow-and-share-vegetables\\\/#breadcrumb\"},\"inLanguage\":\"de\",\"potentialAction\":[{\"@type\":\"ReadAction\",\"target\":[\"https:\\\/\\\/martinluther.ca\\\/2020\\\/07\\\/sign-up-to-grow-and-share-vegetables\\\/\"]}]},{\"@type\":\"ImageObject\",\"inLanguage\":\"de\",\"@id\":\"https:\\\/\\\/martinluther.ca\\\/2020\\\/07\\\/sign-up-to-grow-and-share-vegetables\\\/#primaryimage\",\"url\":\"https:\\\/\\\/martinluther.ca\\\/wp-content\\\/uploads\\\/2020\\\/05\\\/Alexs-Plants-Homepage.jpg\",\"contentUrl\":\"https:\\\/\\\/martinluther.ca\\\/wp-content\\\/uploads\\\/2020\\\/05\\\/Alexs-Plants-Homepage.jpg\",\"width\":706,\"height\":530},{\"@type\":\"BreadcrumbList\",\"@id\":\"https:\\\/\\\/martinluther.ca\\\/2020\\\/07\\\/sign-up-to-grow-and-share-vegetables\\\/#breadcrumb\",\"itemListElement\":[{\"@type\":\"ListItem\",\"position\":1,\"name\":\"Home\",\"item\":\"https:\\\/\\\/martinluther.ca\\\/de\\\/\"},{\"@type\":\"ListItem\",\"position\":2,\"name\":\"Eine &#8220;Give Peas a Chance&#8221; Erfahrung\"}]},{\"@type\":\"WebSite\",\"@id\":\"https:\\\/\\\/martinluther.ca\\\/de\\\/#website\",\"url\":\"https:\\\/\\\/martinluther.ca\\\/de\\\/\",\"name\":\"Martin Luther Evangelical Church Toronto\",\"description\":\"Deutsch &amp; Englisch\",\"publisher\":{\"@id\":\"https:\\\/\\\/martinluther.ca\\\/de\\\/#organization\"},\"potentialAction\":[{\"@type\":\"SearchAction\",\"target\":{\"@type\":\"EntryPoint\",\"urlTemplate\":\"https:\\\/\\\/martinluther.ca\\\/de\\\/?s={search_term_string}\"},\"query-input\":{\"@type\":\"PropertyValueSpecification\",\"valueRequired\":true,\"valueName\":\"search_term_string\"}}],\"inLanguage\":\"de\"},{\"@type\":\"Organization\",\"@id\":\"https:\\\/\\\/martinluther.ca\\\/de\\\/#organization\",\"name\":\"Martin Luther Evangelical Church Toronto\",\"url\":\"https:\\\/\\\/martinluther.ca\\\/de\\\/\",\"logo\":{\"@type\":\"ImageObject\",\"inLanguage\":\"de\",\"@id\":\"https:\\\/\\\/martinluther.ca\\\/de\\\/#\\\/schema\\\/logo\\\/image\\\/\",\"url\":\"https:\\\/\\\/martinluther.ca\\\/wp-content\\\/uploads\\\/2016\\\/12\\\/ml-logo-300.png\",\"contentUrl\":\"https:\\\/\\\/martinluther.ca\\\/wp-content\\\/uploads\\\/2016\\\/12\\\/ml-logo-300.png\",\"width\":300,\"height\":150,\"caption\":\"Martin Luther Evangelical Church Toronto\"},\"image\":{\"@id\":\"https:\\\/\\\/martinluther.ca\\\/de\\\/#\\\/schema\\\/logo\\\/image\\\/\"},\"sameAs\":[\"https:\\\/\\\/www.facebook.com\\\/martinlutherchurchtoronto\",\"https:\\\/\\\/www.instagram.com\\\/lutheransbythelake\\\/\",\"https:\\\/\\\/www.youtube.com\\\/MartinLutherChurchToronto\"]},{\"@type\":\"Person\",\"@id\":\"https:\\\/\\\/martinluther.ca\\\/de\\\/#\\\/schema\\\/person\\\/ef4e825f5d9d6fd740bbd7813710e15d\",\"name\":\"Marlena Muller\",\"image\":{\"@type\":\"ImageObject\",\"inLanguage\":\"de\",\"@id\":\"https:\\\/\\\/secure.gravatar.com\\\/avatar\\\/fe840ff753768b839caa2dd522d4797f19f7e22fa2da83388e0fbfc570b65a37?s=96&d=mm&r=g\",\"url\":\"https:\\\/\\\/secure.gravatar.com\\\/avatar\\\/fe840ff753768b839caa2dd522d4797f19f7e22fa2da83388e0fbfc570b65a37?s=96&d=mm&r=g\",\"contentUrl\":\"https:\\\/\\\/secure.gravatar.com\\\/avatar\\\/fe840ff753768b839caa2dd522d4797f19f7e22fa2da83388e0fbfc570b65a37?s=96&d=mm&r=g\",\"caption\":\"Marlena Muller\"},\"url\":false}]}<\/script>\n<!-- \/ Yoast SEO plugin. -->","yoast_head_json":{"title":"Eine \"Give Peas a Chance\" Erfahrung - Martin Luther Evangelische Kirche Toronto","robots":{"index":"index","follow":"follow","max-snippet":"max-snippet:-1","max-image-preview":"max-image-preview:large","max-video-preview":"max-video-preview:-1"},"canonical":"https:\/\/martinluther.ca\/2020\/07\/sign-up-to-grow-and-share-vegetables\/","og_locale":"de_DE","og_type":"article","og_title":"Eine \"Give Peas a Chance\" Erfahrung - Martin Luther Evangelische Kirche Toronto","og_description":"Meine &#8222;Give Peas a Chance&#8220; Erfahrung, von Alex Die Samen zu bekommen war etwas dass ich nicht erwartet hatte. Es war sch\u04e7n sie zu bekommen denn unsere Pflanzen die wir zuhause hatten, haben nicht den Winter \u00fcberlebt. Und da jetzt schon die Jahreszeit ist wo wir pflanzen k\u04e7nnen, ist es sch\u04e7n die Samen zu bekommen.&hellip;","og_url":"https:\/\/martinluther.ca\/2020\/07\/sign-up-to-grow-and-share-vegetables\/","og_site_name":"Martin Luther Evangelische Kirche Toronto","article_publisher":"https:\/\/www.facebook.com\/martinlutherchurchtoronto","article_published_time":"2020-07-30T08:19:16+00:00","article_modified_time":"2020-07-30T16:13:48+00:00","og_image":[{"width":706,"height":530,"url":"https:\/\/martinluther.ca\/wp-content\/uploads\/2020\/05\/Alexs-Plants-Homepage.jpg","type":"image\/jpeg"}],"author":"Marlena Muller","twitter_card":"summary_large_image","twitter_misc":{"Verfasst von":"Marlena Muller","Gesch\u00e4tzte Lesezeit":"2\u00a0Minuten"},"schema":{"@context":"https:\/\/schema.org","@graph":[{"@type":"Article","@id":"https:\/\/martinluther.ca\/2020\/07\/sign-up-to-grow-and-share-vegetables\/#article","isPartOf":{"@id":"https:\/\/martinluther.ca\/2020\/07\/sign-up-to-grow-and-share-vegetables\/"},"author":{"name":"Marlena Muller","@id":"https:\/\/martinluther.ca\/de\/#\/schema\/person\/ef4e825f5d9d6fd740bbd7813710e15d"},"headline":"Eine &#8222;Give Peas a Chance&#8220; Erfahrung","datePublished":"2020-07-30T08:19:16+00:00","dateModified":"2020-07-30T16:13:48+00:00","mainEntityOfPage":{"@id":"https:\/\/martinluther.ca\/2020\/07\/sign-up-to-grow-and-share-vegetables\/"},"wordCount":453,"publisher":{"@id":"https:\/\/martinluther.ca\/de\/#organization"},"image":{"@id":"https:\/\/martinluther.ca\/2020\/07\/sign-up-to-grow-and-share-vegetables\/#primaryimage"},"thumbnailUrl":"https:\/\/martinluther.ca\/wp-content\/uploads\/2020\/05\/Alexs-Plants-Homepage.jpg","articleSection":["News Blog - German"],"inLanguage":"de"},{"@type":"WebPage","@id":"https:\/\/martinluther.ca\/2020\/07\/sign-up-to-grow-and-share-vegetables\/","url":"https:\/\/martinluther.ca\/2020\/07\/sign-up-to-grow-and-share-vegetables\/","name":"Eine \"Give Peas a Chance\" Erfahrung - Martin Luther Evangelische Kirche Toronto","isPartOf":{"@id":"https:\/\/martinluther.ca\/de\/#website"},"primaryImageOfPage":{"@id":"https:\/\/martinluther.ca\/2020\/07\/sign-up-to-grow-and-share-vegetables\/#primaryimage"},"image":{"@id":"https:\/\/martinluther.ca\/2020\/07\/sign-up-to-grow-and-share-vegetables\/#primaryimage"},"thumbnailUrl":"https:\/\/martinluther.ca\/wp-content\/uploads\/2020\/05\/Alexs-Plants-Homepage.jpg","datePublished":"2020-07-30T08:19:16+00:00","dateModified":"2020-07-30T16:13:48+00:00","breadcrumb":{"@id":"https:\/\/martinluther.ca\/2020\/07\/sign-up-to-grow-and-share-vegetables\/#breadcrumb"},"inLanguage":"de","potentialAction":[{"@type":"ReadAction","target":["https:\/\/martinluther.ca\/2020\/07\/sign-up-to-grow-and-share-vegetables\/"]}]},{"@type":"ImageObject","inLanguage":"de","@id":"https:\/\/martinluther.ca\/2020\/07\/sign-up-to-grow-and-share-vegetables\/#primaryimage","url":"https:\/\/martinluther.ca\/wp-content\/uploads\/2020\/05\/Alexs-Plants-Homepage.jpg","contentUrl":"https:\/\/martinluther.ca\/wp-content\/uploads\/2020\/05\/Alexs-Plants-Homepage.jpg","width":706,"height":530},{"@type":"BreadcrumbList","@id":"https:\/\/martinluther.ca\/2020\/07\/sign-up-to-grow-and-share-vegetables\/#breadcrumb","itemListElement":[{"@type":"ListItem","position":1,"name":"Home","item":"https:\/\/martinluther.ca\/de\/"},{"@type":"ListItem","position":2,"name":"Eine &#8220;Give Peas a Chance&#8221; Erfahrung"}]},{"@type":"WebSite","@id":"https:\/\/martinluther.ca\/de\/#website","url":"https:\/\/martinluther.ca\/de\/","name":"Martin Luther Evangelical Church Toronto","description":"Deutsch &amp; Englisch","publisher":{"@id":"https:\/\/martinluther.ca\/de\/#organization"},"potentialAction":[{"@type":"SearchAction","target":{"@type":"EntryPoint","urlTemplate":"https:\/\/martinluther.ca\/de\/?s={search_term_string}"},"query-input":{"@type":"PropertyValueSpecification","valueRequired":true,"valueName":"search_term_string"}}],"inLanguage":"de"},{"@type":"Organization","@id":"https:\/\/martinluther.ca\/de\/#organization","name":"Martin Luther Evangelical Church Toronto","url":"https:\/\/martinluther.ca\/de\/","logo":{"@type":"ImageObject","inLanguage":"de","@id":"https:\/\/martinluther.ca\/de\/#\/schema\/logo\/image\/","url":"https:\/\/martinluther.ca\/wp-content\/uploads\/2016\/12\/ml-logo-300.png","contentUrl":"https:\/\/martinluther.ca\/wp-content\/uploads\/2016\/12\/ml-logo-300.png","width":300,"height":150,"caption":"Martin Luther Evangelical Church Toronto"},"image":{"@id":"https:\/\/martinluther.ca\/de\/#\/schema\/logo\/image\/"},"sameAs":["https:\/\/www.facebook.com\/martinlutherchurchtoronto","https:\/\/www.instagram.com\/lutheransbythelake\/","https:\/\/www.youtube.com\/MartinLutherChurchToronto"]},{"@type":"Person","@id":"https:\/\/martinluther.ca\/de\/#\/schema\/person\/ef4e825f5d9d6fd740bbd7813710e15d","name":"Marlena Muller","image":{"@type":"ImageObject","inLanguage":"de","@id":"https:\/\/secure.gravatar.com\/avatar\/fe840ff753768b839caa2dd522d4797f19f7e22fa2da83388e0fbfc570b65a37?s=96&d=mm&r=g","url":"https:\/\/secure.gravatar.com\/avatar\/fe840ff753768b839caa2dd522d4797f19f7e22fa2da83388e0fbfc570b65a37?s=96&d=mm&r=g","contentUrl":"https:\/\/secure.gravatar.com\/avatar\/fe840ff753768b839caa2dd522d4797f19f7e22fa2da83388e0fbfc570b65a37?s=96&d=mm&r=g","caption":"Marlena Muller"},"url":false}]}},"_links":{"self":[{"href":"https:\/\/martinluther.ca\/de\/wp-json\/wp\/v2\/posts\/34638","targetHints":{"allow":["GET"]}}],"collection":[{"href":"https:\/\/martinluther.ca\/de\/wp-json\/wp\/v2\/posts"}],"about":[{"href":"https:\/\/martinluther.ca\/de\/wp-json\/wp\/v2\/types\/post"}],"author":[{"embeddable":true,"href":"https:\/\/martinluther.ca\/de\/wp-json\/wp\/v2\/users\/8"}],"replies":[{"embeddable":true,"href":"https:\/\/martinluther.ca\/de\/wp-json\/wp\/v2\/comments?post=34638"}],"version-history":[{"count":7,"href":"https:\/\/martinluther.ca\/de\/wp-json\/wp\/v2\/posts\/34638\/revisions"}],"predecessor-version":[{"id":35529,"href":"https:\/\/martinluther.ca\/de\/wp-json\/wp\/v2\/posts\/34638\/revisions\/35529"}],"wp:featuredmedia":[{"embeddable":true,"href":"https:\/\/martinluther.ca\/de\/wp-json\/wp\/v2\/media\/35526"}],"wp:attachment":[{"href":"https:\/\/martinluther.ca\/de\/wp-json\/wp\/v2\/media?parent=34638"}],"wp:term":[{"taxonomy":"category","embeddable":true,"href":"https:\/\/martinluther.ca\/de\/wp-json\/wp\/v2\/categories?post=34638"},{"taxonomy":"post_tag","embeddable":true,"href":"https:\/\/martinluther.ca\/de\/wp-json\/wp\/v2\/tags?post=34638"},{"taxonomy":"post_series","embeddable":true,"href":"https:\/\/martinluther.ca\/de\/wp-json\/wp\/v2\/post_series?post=34638"}],"curies":[{"name":"wp","href":"https:\/\/api.w.org\/{rel}","templated":true}]}}