{"id":35270,"date":"2020-06-30T17:00:05","date_gmt":"2020-06-30T21:00:05","guid":{"rendered":"https:\/\/martinluther.ca\/?p=35270"},"modified":"2020-11-28T15:36:39","modified_gmt":"2020-11-28T20:36:39","slug":"sommer-mit-roemer-bibelkreis-und-predigten","status":"publish","type":"post","link":"https:\/\/martinluther.ca\/de\/2020\/06\/sommer-mit-roemer-bibelkreis-und-predigten\/","title":{"rendered":"Sommer mit R\u00f6mer &#8211; Bibelkreis und Predigten"},"content":{"rendered":"<p><a href=\"https:\/\/martinluther.ca\/wp-content\/uploads\/2020\/06\/Summer-with-Romans-MLC-FB-Post.png\"><img loading=\"lazy\" decoding=\"async\" class=\"alignright size-medium wp-image-35266\" src=\"https:\/\/martinluther.ca\/wp-content\/uploads\/2020\/06\/Summer-with-Romans-MLC-FB-Post-300x251.png\" alt=\"\" width=\"300\" height=\"251\" srcset=\"https:\/\/martinluther.ca\/wp-content\/uploads\/2020\/06\/Summer-with-Romans-MLC-FB-Post-300x251.png 300w, https:\/\/martinluther.ca\/wp-content\/uploads\/2020\/06\/Summer-with-Romans-MLC-FB-Post-768x644.png 768w, https:\/\/martinluther.ca\/wp-content\/uploads\/2020\/06\/Summer-with-Romans-MLC-FB-Post.png 940w\" sizes=\"auto, (max-width: 300px) 100vw, 300px\" \/><\/a>Vom Sonntag, den 28. Juni bis zum 23. August 2020, das Vikar-Team der MLK und Redeemer wird \u00fcber den Brief des Paulus an die R\u00f6mer predigen (Video- und Radioandachten).<\/p>\n<p>Wir werden das Buch R\u00f6mer auch Mittwochs ab den 8. Juli 2020 besprechen. Die Bibletexte sind die Predigttexte f\u00fcr den kommenden Sonntag. Bibelkreis um 8.30 Uhr <strong>&#8222;Roman Coffee&#8220;<\/strong> und 12.15 Uhr <strong>&#8222;Roman Lunch&#8220;<\/strong>. Information zum Einloggen gibt es per E-Mail <a href=\"mailto:vicarsmith@martinluther.ca\">vicarsmith@martinluther.ca<\/a>.<\/p>\n<p>R\u00f6mer 6,12-23- Predigt am Sonntag, den 28. Juni 2020 (Vikarin Silke Fahl)<\/p>\n<p>R\u00f6mer 7,15-25a- Predigt am Sonntag, den 5. Juli 2020 (Vikarin Silke Fahl)<\/p>\n<p>R\u00f6mer 8,1-11- Gespr\u00e4ch am Mittwoch, den 8. Juli 2020 (Alle Vikare) &amp; Predigt am Sonntag, den 12. Juli 2020 (Vikarin Silke Fahl)<\/p>\n<p>R\u00f6mer 8,12-25- Gespr\u00e4ch am Mittwoch, den 15. Juli 2020 (Vikar Adam McComb) &amp; Predigt am Sonntag, den 19. Juli 2020 (Vikar Jordan Smith)<\/p>\n<p>R\u00f6mer 8,26-39- Gespr\u00e4ch am Mittwoch, den 22. Juli 2020 &amp; Predigt am Sonntag, den 26. Juli 2020 (Vikar Adam McComb)<\/p>\n<p>R\u00f6mer 9,1-18- Gespr\u00e4ch am Mittwoch, den 29. Juli 2020 (Vikar Jordan Smith)<\/p>\n<p>R\u00f6mer 9,1-5- Predigt am Sonntag, den 2. August 2020 (Vikar Jordan Smith)<\/p>\n<p>R\u00f6mer 10,5-21- Gespr\u00e4ch am Mittwoch, den 5. August 2020 (Vicar Jordan Smith &amp; Vicar Silke Fahl)<\/p>\n<p>R\u00f6mer 10,5-15- Predigt am Sonntag, den 9. August 2020 (Vikar Jordan Smith in English; Vikarin Silke Fahl in Deutsch)<\/p>\n<p>R\u00f6mer 11,1-2a, 29-32- Gespr\u00e4ch am Mittwoch, den 12. August 2020 &amp; Predigt am Sonntag, den 16. August 2020 (Vikar Adam McComb)<\/p>\n<p>R\u00f6mer 12:,1-8- Gespr\u00e4ch am Mittwoch, den 19. August 2020 &amp; Predigt am Sonntag, den 23. August 2020 (Vikar Jordan Smith)<\/p>\n<p>&nbsp;<\/p>\n<p>&nbsp;<\/p>\n","protected":false},"excerpt":{"rendered":"<p>Vom Sonntag, den 28. Juni bis zum 23. August 2020, das Vikar-Team der MLK und Redeemer wird \u00fcber den Brief des Paulus an die R\u00f6mer predigen (Video- und Radioandachten). Wir werden das Buch R\u00f6mer auch Mittwochs ab den 8. Juli 2020 besprechen. Die Bibletexte sind die Predigttexte f\u00fcr den kommenden Sonntag. Bibelkreis um 8.30 Uhr&hellip;<\/p>\n","protected":false},"author":8,"featured_media":35267,"comment_status":"closed","ping_status":"closed","sticky":false,"template":"","format":"standard","meta":{"footnotes":""},"categories":[69],"tags":[],"post_series":[],"class_list":["post-35270","post","type-post","status-publish","format-standard","has-post-thumbnail","hentry","category-news-blog-german","entry","has-media"],"yoast_head":"<!-- This site is optimized with the Yoast SEO plugin v27.5 - https:\/\/yoast.com\/product\/yoast-seo-wordpress\/ -->\n<title>Sommer mit R\u00f6mer - Bibelkreis und Predigten - Martin Luther Evangelische Kirche Toronto<\/title>\n<meta name=\"robots\" content=\"index, follow, max-snippet:-1, max-image-preview:large, max-video-preview:-1\" \/>\n<link rel=\"canonical\" href=\"https:\/\/martinluther.ca\/de\/2020\/06\/sommer-mit-roemer-bibelkreis-und-predigten\/\" \/>\n<meta property=\"og:locale\" content=\"de_DE\" \/>\n<meta property=\"og:type\" content=\"article\" \/>\n<meta property=\"og:title\" content=\"Sommer mit R\u00f6mer - Bibelkreis und Predigten - Martin Luther Evangelische Kirche Toronto\" \/>\n<meta property=\"og:description\" content=\"Vom Sonntag, den 28. Juni bis zum 23. August 2020, das Vikar-Team der MLK und Redeemer wird \u00fcber den Brief des Paulus an die R\u00f6mer predigen (Video- und Radioandachten). Wir werden das Buch R\u00f6mer auch Mittwochs ab den 8. Juli 2020 besprechen. Die Bibletexte sind die Predigttexte f\u00fcr den kommenden Sonntag. Bibelkreis um 8.30 Uhr&hellip;\" \/>\n<meta property=\"og:url\" content=\"https:\/\/martinluther.ca\/de\/2020\/06\/sommer-mit-roemer-bibelkreis-und-predigten\/\" \/>\n<meta property=\"og:site_name\" content=\"Martin Luther Evangelische Kirche Toronto\" \/>\n<meta property=\"article:publisher\" content=\"https:\/\/www.facebook.com\/martinlutherchurchtoronto\" \/>\n<meta property=\"article:published_time\" content=\"2020-06-30T21:00:05+00:00\" \/>\n<meta property=\"article:modified_time\" content=\"2020-11-28T20:36:39+00:00\" \/>\n<meta property=\"og:image\" content=\"https:\/\/martinluther.ca\/wp-content\/uploads\/2020\/06\/Summer-with-Romans-MLC-FB-Post.png\" \/>\n\t<meta property=\"og:image:width\" content=\"940\" \/>\n\t<meta property=\"og:image:height\" content=\"788\" \/>\n\t<meta property=\"og:image:type\" content=\"image\/png\" \/>\n<meta name=\"author\" content=\"Marlena Muller\" \/>\n<meta name=\"twitter:card\" content=\"summary_large_image\" \/>\n<meta name=\"twitter:label1\" content=\"Verfasst von\" \/>\n\t<meta name=\"twitter:data1\" content=\"Marlena Muller\" \/>\n\t<meta name=\"twitter:label2\" content=\"Gesch\u00e4tzte Lesezeit\" \/>\n\t<meta name=\"twitter:data2\" content=\"1\u00a0Minute\" \/>\n<script type=\"application\/ld+json\" class=\"yoast-schema-graph\">{\"@context\":\"https:\\\/\\\/schema.org\",\"@graph\":[{\"@type\":\"Article\",\"@id\":\"https:\\\/\\\/martinluther.ca\\\/de\\\/2020\\\/06\\\/sommer-mit-roemer-bibelkreis-und-predigten\\\/#article\",\"isPartOf\":{\"@id\":\"https:\\\/\\\/martinluther.ca\\\/de\\\/2020\\\/06\\\/sommer-mit-roemer-bibelkreis-und-predigten\\\/\"},\"author\":{\"name\":\"Marlena Muller\",\"@id\":\"https:\\\/\\\/martinluther.ca\\\/de\\\/#\\\/schema\\\/person\\\/ef4e825f5d9d6fd740bbd7813710e15d\"},\"headline\":\"Sommer mit R\u00f6mer &#8211; Bibelkreis und Predigten\",\"datePublished\":\"2020-06-30T21:00:05+00:00\",\"dateModified\":\"2020-11-28T20:36:39+00:00\",\"mainEntityOfPage\":{\"@id\":\"https:\\\/\\\/martinluther.ca\\\/de\\\/2020\\\/06\\\/sommer-mit-roemer-bibelkreis-und-predigten\\\/\"},\"wordCount\":265,\"publisher\":{\"@id\":\"https:\\\/\\\/martinluther.ca\\\/de\\\/#organization\"},\"image\":{\"@id\":\"https:\\\/\\\/martinluther.ca\\\/de\\\/2020\\\/06\\\/sommer-mit-roemer-bibelkreis-und-predigten\\\/#primaryimage\"},\"thumbnailUrl\":\"https:\\\/\\\/martinluther.ca\\\/wp-content\\\/uploads\\\/2020\\\/06\\\/Summer-with-Romans-MLC-FB-Post.png\",\"articleSection\":[\"News Blog - German\"],\"inLanguage\":\"de\"},{\"@type\":\"WebPage\",\"@id\":\"https:\\\/\\\/martinluther.ca\\\/de\\\/2020\\\/06\\\/sommer-mit-roemer-bibelkreis-und-predigten\\\/\",\"url\":\"https:\\\/\\\/martinluther.ca\\\/de\\\/2020\\\/06\\\/sommer-mit-roemer-bibelkreis-und-predigten\\\/\",\"name\":\"Sommer mit R\u00f6mer - Bibelkreis und Predigten - Martin Luther Evangelische Kirche Toronto\",\"isPartOf\":{\"@id\":\"https:\\\/\\\/martinluther.ca\\\/de\\\/#website\"},\"primaryImageOfPage\":{\"@id\":\"https:\\\/\\\/martinluther.ca\\\/de\\\/2020\\\/06\\\/sommer-mit-roemer-bibelkreis-und-predigten\\\/#primaryimage\"},\"image\":{\"@id\":\"https:\\\/\\\/martinluther.ca\\\/de\\\/2020\\\/06\\\/sommer-mit-roemer-bibelkreis-und-predigten\\\/#primaryimage\"},\"thumbnailUrl\":\"https:\\\/\\\/martinluther.ca\\\/wp-content\\\/uploads\\\/2020\\\/06\\\/Summer-with-Romans-MLC-FB-Post.png\",\"datePublished\":\"2020-06-30T21:00:05+00:00\",\"dateModified\":\"2020-11-28T20:36:39+00:00\",\"breadcrumb\":{\"@id\":\"https:\\\/\\\/martinluther.ca\\\/de\\\/2020\\\/06\\\/sommer-mit-roemer-bibelkreis-und-predigten\\\/#breadcrumb\"},\"inLanguage\":\"de\",\"potentialAction\":[{\"@type\":\"ReadAction\",\"target\":[\"https:\\\/\\\/martinluther.ca\\\/de\\\/2020\\\/06\\\/sommer-mit-roemer-bibelkreis-und-predigten\\\/\"]}]},{\"@type\":\"ImageObject\",\"inLanguage\":\"de\",\"@id\":\"https:\\\/\\\/martinluther.ca\\\/de\\\/2020\\\/06\\\/sommer-mit-roemer-bibelkreis-und-predigten\\\/#primaryimage\",\"url\":\"https:\\\/\\\/martinluther.ca\\\/wp-content\\\/uploads\\\/2020\\\/06\\\/Summer-with-Romans-MLC-FB-Post.png\",\"contentUrl\":\"https:\\\/\\\/martinluther.ca\\\/wp-content\\\/uploads\\\/2020\\\/06\\\/Summer-with-Romans-MLC-FB-Post.png\",\"width\":940,\"height\":788},{\"@type\":\"BreadcrumbList\",\"@id\":\"https:\\\/\\\/martinluther.ca\\\/de\\\/2020\\\/06\\\/sommer-mit-roemer-bibelkreis-und-predigten\\\/#breadcrumb\",\"itemListElement\":[{\"@type\":\"ListItem\",\"position\":1,\"name\":\"Home\",\"item\":\"https:\\\/\\\/martinluther.ca\\\/de\\\/\"},{\"@type\":\"ListItem\",\"position\":2,\"name\":\"Sommer mit R\u00f6mer &#8211; Bibelkreis und Predigten\"}]},{\"@type\":\"WebSite\",\"@id\":\"https:\\\/\\\/martinluther.ca\\\/de\\\/#website\",\"url\":\"https:\\\/\\\/martinluther.ca\\\/de\\\/\",\"name\":\"Martin Luther Evangelical Church Toronto\",\"description\":\"Deutsch &amp; Englisch\",\"publisher\":{\"@id\":\"https:\\\/\\\/martinluther.ca\\\/de\\\/#organization\"},\"potentialAction\":[{\"@type\":\"SearchAction\",\"target\":{\"@type\":\"EntryPoint\",\"urlTemplate\":\"https:\\\/\\\/martinluther.ca\\\/de\\\/?s={search_term_string}\"},\"query-input\":{\"@type\":\"PropertyValueSpecification\",\"valueRequired\":true,\"valueName\":\"search_term_string\"}}],\"inLanguage\":\"de\"},{\"@type\":\"Organization\",\"@id\":\"https:\\\/\\\/martinluther.ca\\\/de\\\/#organization\",\"name\":\"Martin Luther Evangelical Church Toronto\",\"url\":\"https:\\\/\\\/martinluther.ca\\\/de\\\/\",\"logo\":{\"@type\":\"ImageObject\",\"inLanguage\":\"de\",\"@id\":\"https:\\\/\\\/martinluther.ca\\\/de\\\/#\\\/schema\\\/logo\\\/image\\\/\",\"url\":\"https:\\\/\\\/martinluther.ca\\\/wp-content\\\/uploads\\\/2016\\\/12\\\/ml-logo-300.png\",\"contentUrl\":\"https:\\\/\\\/martinluther.ca\\\/wp-content\\\/uploads\\\/2016\\\/12\\\/ml-logo-300.png\",\"width\":300,\"height\":150,\"caption\":\"Martin Luther Evangelical Church Toronto\"},\"image\":{\"@id\":\"https:\\\/\\\/martinluther.ca\\\/de\\\/#\\\/schema\\\/logo\\\/image\\\/\"},\"sameAs\":[\"https:\\\/\\\/www.facebook.com\\\/martinlutherchurchtoronto\",\"https:\\\/\\\/www.instagram.com\\\/lutheransbythelake\\\/\",\"https:\\\/\\\/www.youtube.com\\\/MartinLutherChurchToronto\"]},{\"@type\":\"Person\",\"@id\":\"https:\\\/\\\/martinluther.ca\\\/de\\\/#\\\/schema\\\/person\\\/ef4e825f5d9d6fd740bbd7813710e15d\",\"name\":\"Marlena Muller\",\"image\":{\"@type\":\"ImageObject\",\"inLanguage\":\"de\",\"@id\":\"https:\\\/\\\/secure.gravatar.com\\\/avatar\\\/fe840ff753768b839caa2dd522d4797f19f7e22fa2da83388e0fbfc570b65a37?s=96&d=mm&r=g\",\"url\":\"https:\\\/\\\/secure.gravatar.com\\\/avatar\\\/fe840ff753768b839caa2dd522d4797f19f7e22fa2da83388e0fbfc570b65a37?s=96&d=mm&r=g\",\"contentUrl\":\"https:\\\/\\\/secure.gravatar.com\\\/avatar\\\/fe840ff753768b839caa2dd522d4797f19f7e22fa2da83388e0fbfc570b65a37?s=96&d=mm&r=g\",\"caption\":\"Marlena Muller\"},\"url\":false}]}<\/script>\n<!-- \/ Yoast SEO plugin. -->","yoast_head_json":{"title":"Sommer mit R\u00f6mer - Bibelkreis und Predigten - Martin Luther Evangelische Kirche Toronto","robots":{"index":"index","follow":"follow","max-snippet":"max-snippet:-1","max-image-preview":"max-image-preview:large","max-video-preview":"max-video-preview:-1"},"canonical":"https:\/\/martinluther.ca\/de\/2020\/06\/sommer-mit-roemer-bibelkreis-und-predigten\/","og_locale":"de_DE","og_type":"article","og_title":"Sommer mit R\u00f6mer - Bibelkreis und Predigten - Martin Luther Evangelische Kirche Toronto","og_description":"Vom Sonntag, den 28. Juni bis zum 23. August 2020, das Vikar-Team der MLK und Redeemer wird \u00fcber den Brief des Paulus an die R\u00f6mer predigen (Video- und Radioandachten). Wir werden das Buch R\u00f6mer auch Mittwochs ab den 8. Juli 2020 besprechen. Die Bibletexte sind die Predigttexte f\u00fcr den kommenden Sonntag. Bibelkreis um 8.30 Uhr&hellip;","og_url":"https:\/\/martinluther.ca\/de\/2020\/06\/sommer-mit-roemer-bibelkreis-und-predigten\/","og_site_name":"Martin Luther Evangelische Kirche Toronto","article_publisher":"https:\/\/www.facebook.com\/martinlutherchurchtoronto","article_published_time":"2020-06-30T21:00:05+00:00","article_modified_time":"2020-11-28T20:36:39+00:00","og_image":[{"width":940,"height":788,"url":"https:\/\/martinluther.ca\/wp-content\/uploads\/2020\/06\/Summer-with-Romans-MLC-FB-Post.png","type":"image\/png"}],"author":"Marlena Muller","twitter_card":"summary_large_image","twitter_misc":{"Verfasst von":"Marlena Muller","Gesch\u00e4tzte Lesezeit":"1\u00a0Minute"},"schema":{"@context":"https:\/\/schema.org","@graph":[{"@type":"Article","@id":"https:\/\/martinluther.ca\/de\/2020\/06\/sommer-mit-roemer-bibelkreis-und-predigten\/#article","isPartOf":{"@id":"https:\/\/martinluther.ca\/de\/2020\/06\/sommer-mit-roemer-bibelkreis-und-predigten\/"},"author":{"name":"Marlena Muller","@id":"https:\/\/martinluther.ca\/de\/#\/schema\/person\/ef4e825f5d9d6fd740bbd7813710e15d"},"headline":"Sommer mit R\u00f6mer &#8211; Bibelkreis und Predigten","datePublished":"2020-06-30T21:00:05+00:00","dateModified":"2020-11-28T20:36:39+00:00","mainEntityOfPage":{"@id":"https:\/\/martinluther.ca\/de\/2020\/06\/sommer-mit-roemer-bibelkreis-und-predigten\/"},"wordCount":265,"publisher":{"@id":"https:\/\/martinluther.ca\/de\/#organization"},"image":{"@id":"https:\/\/martinluther.ca\/de\/2020\/06\/sommer-mit-roemer-bibelkreis-und-predigten\/#primaryimage"},"thumbnailUrl":"https:\/\/martinluther.ca\/wp-content\/uploads\/2020\/06\/Summer-with-Romans-MLC-FB-Post.png","articleSection":["News Blog - German"],"inLanguage":"de"},{"@type":"WebPage","@id":"https:\/\/martinluther.ca\/de\/2020\/06\/sommer-mit-roemer-bibelkreis-und-predigten\/","url":"https:\/\/martinluther.ca\/de\/2020\/06\/sommer-mit-roemer-bibelkreis-und-predigten\/","name":"Sommer mit R\u00f6mer - Bibelkreis und Predigten - Martin Luther Evangelische Kirche Toronto","isPartOf":{"@id":"https:\/\/martinluther.ca\/de\/#website"},"primaryImageOfPage":{"@id":"https:\/\/martinluther.ca\/de\/2020\/06\/sommer-mit-roemer-bibelkreis-und-predigten\/#primaryimage"},"image":{"@id":"https:\/\/martinluther.ca\/de\/2020\/06\/sommer-mit-roemer-bibelkreis-und-predigten\/#primaryimage"},"thumbnailUrl":"https:\/\/martinluther.ca\/wp-content\/uploads\/2020\/06\/Summer-with-Romans-MLC-FB-Post.png","datePublished":"2020-06-30T21:00:05+00:00","dateModified":"2020-11-28T20:36:39+00:00","breadcrumb":{"@id":"https:\/\/martinluther.ca\/de\/2020\/06\/sommer-mit-roemer-bibelkreis-und-predigten\/#breadcrumb"},"inLanguage":"de","potentialAction":[{"@type":"ReadAction","target":["https:\/\/martinluther.ca\/de\/2020\/06\/sommer-mit-roemer-bibelkreis-und-predigten\/"]}]},{"@type":"ImageObject","inLanguage":"de","@id":"https:\/\/martinluther.ca\/de\/2020\/06\/sommer-mit-roemer-bibelkreis-und-predigten\/#primaryimage","url":"https:\/\/martinluther.ca\/wp-content\/uploads\/2020\/06\/Summer-with-Romans-MLC-FB-Post.png","contentUrl":"https:\/\/martinluther.ca\/wp-content\/uploads\/2020\/06\/Summer-with-Romans-MLC-FB-Post.png","width":940,"height":788},{"@type":"BreadcrumbList","@id":"https:\/\/martinluther.ca\/de\/2020\/06\/sommer-mit-roemer-bibelkreis-und-predigten\/#breadcrumb","itemListElement":[{"@type":"ListItem","position":1,"name":"Home","item":"https:\/\/martinluther.ca\/de\/"},{"@type":"ListItem","position":2,"name":"Sommer mit R\u00f6mer &#8211; Bibelkreis und Predigten"}]},{"@type":"WebSite","@id":"https:\/\/martinluther.ca\/de\/#website","url":"https:\/\/martinluther.ca\/de\/","name":"Martin Luther Evangelical Church Toronto","description":"Deutsch &amp; Englisch","publisher":{"@id":"https:\/\/martinluther.ca\/de\/#organization"},"potentialAction":[{"@type":"SearchAction","target":{"@type":"EntryPoint","urlTemplate":"https:\/\/martinluther.ca\/de\/?s={search_term_string}"},"query-input":{"@type":"PropertyValueSpecification","valueRequired":true,"valueName":"search_term_string"}}],"inLanguage":"de"},{"@type":"Organization","@id":"https:\/\/martinluther.ca\/de\/#organization","name":"Martin Luther Evangelical Church Toronto","url":"https:\/\/martinluther.ca\/de\/","logo":{"@type":"ImageObject","inLanguage":"de","@id":"https:\/\/martinluther.ca\/de\/#\/schema\/logo\/image\/","url":"https:\/\/martinluther.ca\/wp-content\/uploads\/2016\/12\/ml-logo-300.png","contentUrl":"https:\/\/martinluther.ca\/wp-content\/uploads\/2016\/12\/ml-logo-300.png","width":300,"height":150,"caption":"Martin Luther Evangelical Church Toronto"},"image":{"@id":"https:\/\/martinluther.ca\/de\/#\/schema\/logo\/image\/"},"sameAs":["https:\/\/www.facebook.com\/martinlutherchurchtoronto","https:\/\/www.instagram.com\/lutheransbythelake\/","https:\/\/www.youtube.com\/MartinLutherChurchToronto"]},{"@type":"Person","@id":"https:\/\/martinluther.ca\/de\/#\/schema\/person\/ef4e825f5d9d6fd740bbd7813710e15d","name":"Marlena Muller","image":{"@type":"ImageObject","inLanguage":"de","@id":"https:\/\/secure.gravatar.com\/avatar\/fe840ff753768b839caa2dd522d4797f19f7e22fa2da83388e0fbfc570b65a37?s=96&d=mm&r=g","url":"https:\/\/secure.gravatar.com\/avatar\/fe840ff753768b839caa2dd522d4797f19f7e22fa2da83388e0fbfc570b65a37?s=96&d=mm&r=g","contentUrl":"https:\/\/secure.gravatar.com\/avatar\/fe840ff753768b839caa2dd522d4797f19f7e22fa2da83388e0fbfc570b65a37?s=96&d=mm&r=g","caption":"Marlena Muller"},"url":false}]}},"_links":{"self":[{"href":"https:\/\/martinluther.ca\/de\/wp-json\/wp\/v2\/posts\/35270","targetHints":{"allow":["GET"]}}],"collection":[{"href":"https:\/\/martinluther.ca\/de\/wp-json\/wp\/v2\/posts"}],"about":[{"href":"https:\/\/martinluther.ca\/de\/wp-json\/wp\/v2\/types\/post"}],"author":[{"embeddable":true,"href":"https:\/\/martinluther.ca\/de\/wp-json\/wp\/v2\/users\/8"}],"replies":[{"embeddable":true,"href":"https:\/\/martinluther.ca\/de\/wp-json\/wp\/v2\/comments?post=35270"}],"version-history":[{"count":5,"href":"https:\/\/martinluther.ca\/de\/wp-json\/wp\/v2\/posts\/35270\/revisions"}],"predecessor-version":[{"id":36822,"href":"https:\/\/martinluther.ca\/de\/wp-json\/wp\/v2\/posts\/35270\/revisions\/36822"}],"wp:featuredmedia":[{"embeddable":true,"href":"https:\/\/martinluther.ca\/de\/wp-json\/wp\/v2\/media\/35267"}],"wp:attachment":[{"href":"https:\/\/martinluther.ca\/de\/wp-json\/wp\/v2\/media?parent=35270"}],"wp:term":[{"taxonomy":"category","embeddable":true,"href":"https:\/\/martinluther.ca\/de\/wp-json\/wp\/v2\/categories?post=35270"},{"taxonomy":"post_tag","embeddable":true,"href":"https:\/\/martinluther.ca\/de\/wp-json\/wp\/v2\/tags?post=35270"},{"taxonomy":"post_series","embeddable":true,"href":"https:\/\/martinluther.ca\/de\/wp-json\/wp\/v2\/post_series?post=35270"}],"curies":[{"name":"wp","href":"https:\/\/api.w.org\/{rel}","templated":true}]}}