{"id":35350,"date":"2021-01-20T15:13:43","date_gmt":"2021-01-20T20:13:43","guid":{"rendered":"https:\/\/martinluther.ca\/?p=35350"},"modified":"2021-01-23T18:14:55","modified_gmt":"2021-01-23T23:14:55","slug":"masks-for-good","status":"publish","type":"post","link":"https:\/\/martinluther.ca\/de\/2021\/01\/masks-for-good\/","title":{"rendered":"Masks for Good"},"content":{"rendered":"<p><a href=\"https:\/\/martinluther.ca\/wp-content\/uploads\/2020\/07\/Masks-for-Good.jpg\"><img loading=\"lazy\" decoding=\"async\" class=\"alignright size-medium wp-image-35346\" src=\"https:\/\/martinluther.ca\/wp-content\/uploads\/2020\/07\/Masks-for-Good-300x225.jpg\" alt=\"\" width=\"300\" height=\"225\" srcset=\"https:\/\/martinluther.ca\/wp-content\/uploads\/2020\/07\/Masks-for-Good-300x225.jpg 300w, https:\/\/martinluther.ca\/wp-content\/uploads\/2020\/07\/Masks-for-Good.jpg 640w\" sizes=\"auto, (max-width: 300px) 100vw, 300px\" \/><\/a><\/p>\n<p>&#8222;Masken f\u00fcr Gutes&#8220; als auch Suppe und Segen: werden fortgesetzt im Jahr 2021. Wenn Sie Ihre Zeit und Begabungen einbringen m\u00f6chten oder Fragen und Geldspenden haben, wenden Sie sich bitte an Vikar Adam McComb (<a href=\"mailto:vicarmccomb@martinluther.ca\">vicarmccomb@martinluther.ca<\/a>) und Iris Schweiger\u00a0 (president@martinluther.ca), um herauszufinden wie Sie diese Projekte am besten unterst\u00fctzen k\u00f6nnen<\/p>\n<p><strong>July 9, 2020<\/strong> &#8211; &#8222;Masks for Good&#8220; ist eine gemeinsame Kampagne zwischen der Martin Luther Kirche, der Redeemer Church und dem Stonegate Ministry. Diese Kampagne reagiert damit auf die neu eingef\u00fchrten Gesetzesregelungen und bietet unseren Gemeinden die M\u00f6glichkeit, Gesichtsmasken f\u00fcr unsere Nachbarn, insbesondere f\u00fcr die Menschen mit einem hohen Risiko zu erkranken, herzustellen und zu verteilen. Der Kampf gegen COVID-19 ist noch lange nicht vorbei und wir m\u00f6chten sicherstellen, dass jeder Mensch Zugang zu pers\u00f6nlicher Schutzausr\u00fcstung hat. Eine Gesichtsmaske ist wichtig, um die Ausbreitung des Virus zu verlangsamen.<\/p>\n<p>\u201eMasks for Good\u201c produziert und verteilt Masken an Lebensmittelbanken, Obdachlosenheime und andere wichtige Orte. Diese Kampagne verteilt nicht nur Gesichtsmasken, sondern erm\u00f6glicht es uns auch, die Stimmen derer zu h\u00f6ren, die wir treffen, und mehr \u00fcber die Bed\u00fcrfnisse unserer Gemeinschaften zu erfahren.<\/p>\n<figure id=\"attachment_35348\" aria-describedby=\"caption-attachment-35348\" style=\"width: 300px\" class=\"wp-caption alignright\"><a href=\"https:\/\/martinluther.ca\/wp-content\/uploads\/2020\/07\/Augustine-bike-deliveries.jpg\"><img loading=\"lazy\" decoding=\"async\" class=\"size-medium wp-image-35348\" src=\"https:\/\/martinluther.ca\/wp-content\/uploads\/2020\/07\/Augustine-bike-deliveries-300x300.jpg\" alt=\"\" width=\"300\" height=\"300\" srcset=\"https:\/\/martinluther.ca\/wp-content\/uploads\/2020\/07\/Augustine-bike-deliveries-300x300.jpg 300w, https:\/\/martinluther.ca\/wp-content\/uploads\/2020\/07\/Augustine-bike-deliveries-150x150.jpg 150w, https:\/\/martinluther.ca\/wp-content\/uploads\/2020\/07\/Augustine-bike-deliveries-768x768.jpg 768w, https:\/\/martinluther.ca\/wp-content\/uploads\/2020\/07\/Augustine-bike-deliveries.jpg 1019w\" sizes=\"auto, (max-width: 300px) 100vw, 300px\" \/><\/a><figcaption id=\"caption-attachment-35348\" class=\"wp-caption-text\">Augustine hilft beim Maskenprojekt, indem er Lieferungen auf seinem Fahrrad durchf\u00fchrt.<\/figcaption><\/figure>\n<p>Damit diese Kampagne erfolgreich ist, brauchen wir Sie! Wir bitten um Ihre Unterst\u00fctzung und Teilnahme. Wenn Sie in der Lage sind, Stoff zu spenden oder zu schneiden, Masken zu n\u00e4hen oder mit dem Fahrrad durch die Stadt zu fahren, um Materialien zu transportieren, melden Sie sich bitte! Bitte kontaktieren Sie Ariane f\u00fcr weitere Informationen unter <a href=\"mailto:ariane.oelkrug@gmail.com\">ariane.oelkrug@gmail.com<\/a>. Zusammen k\u00f6nnen wir viel bewegen und Dinge ver\u00e4ndern!<\/p>\n","protected":false},"excerpt":{"rendered":"<p>&#8222;Masken f\u00fcr Gutes&#8220; als auch Suppe und Segen: werden fortgesetzt im Jahr 2021. Wenn Sie Ihre Zeit und Begabungen einbringen m\u00f6chten oder Fragen und Geldspenden haben, wenden Sie sich bitte an Vikar Adam McComb (vicarmccomb@martinluther.ca) und Iris Schweiger\u00a0 (president@martinluther.ca), um herauszufinden wie Sie diese Projekte am besten unterst\u00fctzen k\u00f6nnen July 9, 2020 &#8211; &#8222;Masks for&hellip;<\/p>\n","protected":false},"author":8,"featured_media":37374,"comment_status":"closed","ping_status":"closed","sticky":false,"template":"","format":"standard","meta":{"footnotes":""},"categories":[69],"tags":[],"post_series":[],"class_list":["post-35350","post","type-post","status-publish","format-standard","has-post-thumbnail","hentry","category-news-blog-german","entry","has-media"],"yoast_head":"<!-- This site is optimized with the Yoast SEO plugin v27.5 - https:\/\/yoast.com\/product\/yoast-seo-wordpress\/ -->\n<title>Masks for Good - Martin Luther Evangelische Kirche Toronto<\/title>\n<meta name=\"robots\" content=\"index, follow, max-snippet:-1, max-image-preview:large, max-video-preview:-1\" \/>\n<link rel=\"canonical\" href=\"https:\/\/martinluther.ca\/de\/2021\/01\/masks-for-good\/\" \/>\n<meta property=\"og:locale\" content=\"de_DE\" \/>\n<meta property=\"og:type\" content=\"article\" \/>\n<meta property=\"og:title\" content=\"Masks for Good - Martin Luther Evangelische Kirche Toronto\" \/>\n<meta property=\"og:description\" content=\"&#8222;Masken f\u00fcr Gutes&#8220; als auch Suppe und Segen: werden fortgesetzt im Jahr 2021. Wenn Sie Ihre Zeit und Begabungen einbringen m\u00f6chten oder Fragen und Geldspenden haben, wenden Sie sich bitte an Vikar Adam McComb (vicarmccomb@martinluther.ca) und Iris Schweiger\u00a0 (president@martinluther.ca), um herauszufinden wie Sie diese Projekte am besten unterst\u00fctzen k\u00f6nnen July 9, 2020 &#8211; &#8222;Masks for&hellip;\" \/>\n<meta property=\"og:url\" content=\"https:\/\/martinluther.ca\/de\/2021\/01\/masks-for-good\/\" \/>\n<meta property=\"og:site_name\" content=\"Martin Luther Evangelische Kirche Toronto\" \/>\n<meta property=\"article:publisher\" content=\"https:\/\/www.facebook.com\/martinlutherchurchtoronto\" \/>\n<meta property=\"article:published_time\" content=\"2021-01-20T20:13:43+00:00\" \/>\n<meta property=\"article:modified_time\" content=\"2021-01-23T23:14:55+00:00\" \/>\n<meta property=\"og:image\" content=\"https:\/\/martinluther.ca\/wp-content\/uploads\/2021\/01\/2020-Masks-for-Good-on-a-line-at-front-door-4x3-02.jpg\" \/>\n\t<meta property=\"og:image:width\" content=\"2372\" \/>\n\t<meta property=\"og:image:height\" content=\"1779\" \/>\n\t<meta property=\"og:image:type\" content=\"image\/jpeg\" \/>\n<meta name=\"author\" content=\"Marlena Muller\" \/>\n<meta name=\"twitter:card\" content=\"summary_large_image\" \/>\n<meta name=\"twitter:label1\" content=\"Verfasst von\" \/>\n\t<meta name=\"twitter:data1\" content=\"Marlena Muller\" \/>\n\t<meta name=\"twitter:label2\" content=\"Gesch\u00e4tzte Lesezeit\" \/>\n\t<meta name=\"twitter:data2\" content=\"2\u00a0Minuten\" \/>\n<script type=\"application\/ld+json\" class=\"yoast-schema-graph\">{\"@context\":\"https:\\\/\\\/schema.org\",\"@graph\":[{\"@type\":\"Article\",\"@id\":\"https:\\\/\\\/martinluther.ca\\\/de\\\/2021\\\/01\\\/masks-for-good\\\/#article\",\"isPartOf\":{\"@id\":\"https:\\\/\\\/martinluther.ca\\\/de\\\/2021\\\/01\\\/masks-for-good\\\/\"},\"author\":{\"name\":\"Marlena Muller\",\"@id\":\"https:\\\/\\\/martinluther.ca\\\/de\\\/#\\\/schema\\\/person\\\/ef4e825f5d9d6fd740bbd7813710e15d\"},\"headline\":\"Masks for Good\",\"datePublished\":\"2021-01-20T20:13:43+00:00\",\"dateModified\":\"2021-01-23T23:14:55+00:00\",\"mainEntityOfPage\":{\"@id\":\"https:\\\/\\\/martinluther.ca\\\/de\\\/2021\\\/01\\\/masks-for-good\\\/\"},\"wordCount\":288,\"publisher\":{\"@id\":\"https:\\\/\\\/martinluther.ca\\\/de\\\/#organization\"},\"image\":{\"@id\":\"https:\\\/\\\/martinluther.ca\\\/de\\\/2021\\\/01\\\/masks-for-good\\\/#primaryimage\"},\"thumbnailUrl\":\"https:\\\/\\\/martinluther.ca\\\/wp-content\\\/uploads\\\/2021\\\/01\\\/2020-Masks-for-Good-on-a-line-at-front-door-4x3-02.jpg\",\"articleSection\":[\"News Blog - German\"],\"inLanguage\":\"de\"},{\"@type\":\"WebPage\",\"@id\":\"https:\\\/\\\/martinluther.ca\\\/de\\\/2021\\\/01\\\/masks-for-good\\\/\",\"url\":\"https:\\\/\\\/martinluther.ca\\\/de\\\/2021\\\/01\\\/masks-for-good\\\/\",\"name\":\"Masks for Good - Martin Luther Evangelische Kirche Toronto\",\"isPartOf\":{\"@id\":\"https:\\\/\\\/martinluther.ca\\\/de\\\/#website\"},\"primaryImageOfPage\":{\"@id\":\"https:\\\/\\\/martinluther.ca\\\/de\\\/2021\\\/01\\\/masks-for-good\\\/#primaryimage\"},\"image\":{\"@id\":\"https:\\\/\\\/martinluther.ca\\\/de\\\/2021\\\/01\\\/masks-for-good\\\/#primaryimage\"},\"thumbnailUrl\":\"https:\\\/\\\/martinluther.ca\\\/wp-content\\\/uploads\\\/2021\\\/01\\\/2020-Masks-for-Good-on-a-line-at-front-door-4x3-02.jpg\",\"datePublished\":\"2021-01-20T20:13:43+00:00\",\"dateModified\":\"2021-01-23T23:14:55+00:00\",\"breadcrumb\":{\"@id\":\"https:\\\/\\\/martinluther.ca\\\/de\\\/2021\\\/01\\\/masks-for-good\\\/#breadcrumb\"},\"inLanguage\":\"de\",\"potentialAction\":[{\"@type\":\"ReadAction\",\"target\":[\"https:\\\/\\\/martinluther.ca\\\/de\\\/2021\\\/01\\\/masks-for-good\\\/\"]}]},{\"@type\":\"ImageObject\",\"inLanguage\":\"de\",\"@id\":\"https:\\\/\\\/martinluther.ca\\\/de\\\/2021\\\/01\\\/masks-for-good\\\/#primaryimage\",\"url\":\"https:\\\/\\\/martinluther.ca\\\/wp-content\\\/uploads\\\/2021\\\/01\\\/2020-Masks-for-Good-on-a-line-at-front-door-4x3-02.jpg\",\"contentUrl\":\"https:\\\/\\\/martinluther.ca\\\/wp-content\\\/uploads\\\/2021\\\/01\\\/2020-Masks-for-Good-on-a-line-at-front-door-4x3-02.jpg\",\"width\":2372,\"height\":1779,\"caption\":\"2020 Masks for Good on a line at front door\"},{\"@type\":\"BreadcrumbList\",\"@id\":\"https:\\\/\\\/martinluther.ca\\\/de\\\/2021\\\/01\\\/masks-for-good\\\/#breadcrumb\",\"itemListElement\":[{\"@type\":\"ListItem\",\"position\":1,\"name\":\"Home\",\"item\":\"https:\\\/\\\/martinluther.ca\\\/de\\\/\"},{\"@type\":\"ListItem\",\"position\":2,\"name\":\"Masks for Good\"}]},{\"@type\":\"WebSite\",\"@id\":\"https:\\\/\\\/martinluther.ca\\\/de\\\/#website\",\"url\":\"https:\\\/\\\/martinluther.ca\\\/de\\\/\",\"name\":\"Martin Luther Evangelical Church Toronto\",\"description\":\"Deutsch &amp; Englisch\",\"publisher\":{\"@id\":\"https:\\\/\\\/martinluther.ca\\\/de\\\/#organization\"},\"potentialAction\":[{\"@type\":\"SearchAction\",\"target\":{\"@type\":\"EntryPoint\",\"urlTemplate\":\"https:\\\/\\\/martinluther.ca\\\/de\\\/?s={search_term_string}\"},\"query-input\":{\"@type\":\"PropertyValueSpecification\",\"valueRequired\":true,\"valueName\":\"search_term_string\"}}],\"inLanguage\":\"de\"},{\"@type\":\"Organization\",\"@id\":\"https:\\\/\\\/martinluther.ca\\\/de\\\/#organization\",\"name\":\"Martin Luther Evangelical Church Toronto\",\"url\":\"https:\\\/\\\/martinluther.ca\\\/de\\\/\",\"logo\":{\"@type\":\"ImageObject\",\"inLanguage\":\"de\",\"@id\":\"https:\\\/\\\/martinluther.ca\\\/de\\\/#\\\/schema\\\/logo\\\/image\\\/\",\"url\":\"https:\\\/\\\/martinluther.ca\\\/wp-content\\\/uploads\\\/2016\\\/12\\\/ml-logo-300.png\",\"contentUrl\":\"https:\\\/\\\/martinluther.ca\\\/wp-content\\\/uploads\\\/2016\\\/12\\\/ml-logo-300.png\",\"width\":300,\"height\":150,\"caption\":\"Martin Luther Evangelical Church Toronto\"},\"image\":{\"@id\":\"https:\\\/\\\/martinluther.ca\\\/de\\\/#\\\/schema\\\/logo\\\/image\\\/\"},\"sameAs\":[\"https:\\\/\\\/www.facebook.com\\\/martinlutherchurchtoronto\",\"https:\\\/\\\/www.instagram.com\\\/lutheransbythelake\\\/\",\"https:\\\/\\\/www.youtube.com\\\/MartinLutherChurchToronto\"]},{\"@type\":\"Person\",\"@id\":\"https:\\\/\\\/martinluther.ca\\\/de\\\/#\\\/schema\\\/person\\\/ef4e825f5d9d6fd740bbd7813710e15d\",\"name\":\"Marlena Muller\",\"image\":{\"@type\":\"ImageObject\",\"inLanguage\":\"de\",\"@id\":\"https:\\\/\\\/secure.gravatar.com\\\/avatar\\\/fe840ff753768b839caa2dd522d4797f19f7e22fa2da83388e0fbfc570b65a37?s=96&d=mm&r=g\",\"url\":\"https:\\\/\\\/secure.gravatar.com\\\/avatar\\\/fe840ff753768b839caa2dd522d4797f19f7e22fa2da83388e0fbfc570b65a37?s=96&d=mm&r=g\",\"contentUrl\":\"https:\\\/\\\/secure.gravatar.com\\\/avatar\\\/fe840ff753768b839caa2dd522d4797f19f7e22fa2da83388e0fbfc570b65a37?s=96&d=mm&r=g\",\"caption\":\"Marlena Muller\"},\"url\":false}]}<\/script>\n<!-- \/ Yoast SEO plugin. -->","yoast_head_json":{"title":"Masks for Good - Martin Luther Evangelische Kirche Toronto","robots":{"index":"index","follow":"follow","max-snippet":"max-snippet:-1","max-image-preview":"max-image-preview:large","max-video-preview":"max-video-preview:-1"},"canonical":"https:\/\/martinluther.ca\/de\/2021\/01\/masks-for-good\/","og_locale":"de_DE","og_type":"article","og_title":"Masks for Good - Martin Luther Evangelische Kirche Toronto","og_description":"&#8222;Masken f\u00fcr Gutes&#8220; als auch Suppe und Segen: werden fortgesetzt im Jahr 2021. Wenn Sie Ihre Zeit und Begabungen einbringen m\u00f6chten oder Fragen und Geldspenden haben, wenden Sie sich bitte an Vikar Adam McComb (vicarmccomb@martinluther.ca) und Iris Schweiger\u00a0 (president@martinluther.ca), um herauszufinden wie Sie diese Projekte am besten unterst\u00fctzen k\u00f6nnen July 9, 2020 &#8211; &#8222;Masks for&hellip;","og_url":"https:\/\/martinluther.ca\/de\/2021\/01\/masks-for-good\/","og_site_name":"Martin Luther Evangelische Kirche Toronto","article_publisher":"https:\/\/www.facebook.com\/martinlutherchurchtoronto","article_published_time":"2021-01-20T20:13:43+00:00","article_modified_time":"2021-01-23T23:14:55+00:00","og_image":[{"width":2372,"height":1779,"url":"https:\/\/martinluther.ca\/wp-content\/uploads\/2021\/01\/2020-Masks-for-Good-on-a-line-at-front-door-4x3-02.jpg","type":"image\/jpeg"}],"author":"Marlena Muller","twitter_card":"summary_large_image","twitter_misc":{"Verfasst von":"Marlena Muller","Gesch\u00e4tzte Lesezeit":"2\u00a0Minuten"},"schema":{"@context":"https:\/\/schema.org","@graph":[{"@type":"Article","@id":"https:\/\/martinluther.ca\/de\/2021\/01\/masks-for-good\/#article","isPartOf":{"@id":"https:\/\/martinluther.ca\/de\/2021\/01\/masks-for-good\/"},"author":{"name":"Marlena Muller","@id":"https:\/\/martinluther.ca\/de\/#\/schema\/person\/ef4e825f5d9d6fd740bbd7813710e15d"},"headline":"Masks for Good","datePublished":"2021-01-20T20:13:43+00:00","dateModified":"2021-01-23T23:14:55+00:00","mainEntityOfPage":{"@id":"https:\/\/martinluther.ca\/de\/2021\/01\/masks-for-good\/"},"wordCount":288,"publisher":{"@id":"https:\/\/martinluther.ca\/de\/#organization"},"image":{"@id":"https:\/\/martinluther.ca\/de\/2021\/01\/masks-for-good\/#primaryimage"},"thumbnailUrl":"https:\/\/martinluther.ca\/wp-content\/uploads\/2021\/01\/2020-Masks-for-Good-on-a-line-at-front-door-4x3-02.jpg","articleSection":["News Blog - German"],"inLanguage":"de"},{"@type":"WebPage","@id":"https:\/\/martinluther.ca\/de\/2021\/01\/masks-for-good\/","url":"https:\/\/martinluther.ca\/de\/2021\/01\/masks-for-good\/","name":"Masks for Good - Martin Luther Evangelische Kirche Toronto","isPartOf":{"@id":"https:\/\/martinluther.ca\/de\/#website"},"primaryImageOfPage":{"@id":"https:\/\/martinluther.ca\/de\/2021\/01\/masks-for-good\/#primaryimage"},"image":{"@id":"https:\/\/martinluther.ca\/de\/2021\/01\/masks-for-good\/#primaryimage"},"thumbnailUrl":"https:\/\/martinluther.ca\/wp-content\/uploads\/2021\/01\/2020-Masks-for-Good-on-a-line-at-front-door-4x3-02.jpg","datePublished":"2021-01-20T20:13:43+00:00","dateModified":"2021-01-23T23:14:55+00:00","breadcrumb":{"@id":"https:\/\/martinluther.ca\/de\/2021\/01\/masks-for-good\/#breadcrumb"},"inLanguage":"de","potentialAction":[{"@type":"ReadAction","target":["https:\/\/martinluther.ca\/de\/2021\/01\/masks-for-good\/"]}]},{"@type":"ImageObject","inLanguage":"de","@id":"https:\/\/martinluther.ca\/de\/2021\/01\/masks-for-good\/#primaryimage","url":"https:\/\/martinluther.ca\/wp-content\/uploads\/2021\/01\/2020-Masks-for-Good-on-a-line-at-front-door-4x3-02.jpg","contentUrl":"https:\/\/martinluther.ca\/wp-content\/uploads\/2021\/01\/2020-Masks-for-Good-on-a-line-at-front-door-4x3-02.jpg","width":2372,"height":1779,"caption":"2020 Masks for Good on a line at front door"},{"@type":"BreadcrumbList","@id":"https:\/\/martinluther.ca\/de\/2021\/01\/masks-for-good\/#breadcrumb","itemListElement":[{"@type":"ListItem","position":1,"name":"Home","item":"https:\/\/martinluther.ca\/de\/"},{"@type":"ListItem","position":2,"name":"Masks for Good"}]},{"@type":"WebSite","@id":"https:\/\/martinluther.ca\/de\/#website","url":"https:\/\/martinluther.ca\/de\/","name":"Martin Luther Evangelical Church Toronto","description":"Deutsch &amp; Englisch","publisher":{"@id":"https:\/\/martinluther.ca\/de\/#organization"},"potentialAction":[{"@type":"SearchAction","target":{"@type":"EntryPoint","urlTemplate":"https:\/\/martinluther.ca\/de\/?s={search_term_string}"},"query-input":{"@type":"PropertyValueSpecification","valueRequired":true,"valueName":"search_term_string"}}],"inLanguage":"de"},{"@type":"Organization","@id":"https:\/\/martinluther.ca\/de\/#organization","name":"Martin Luther Evangelical Church Toronto","url":"https:\/\/martinluther.ca\/de\/","logo":{"@type":"ImageObject","inLanguage":"de","@id":"https:\/\/martinluther.ca\/de\/#\/schema\/logo\/image\/","url":"https:\/\/martinluther.ca\/wp-content\/uploads\/2016\/12\/ml-logo-300.png","contentUrl":"https:\/\/martinluther.ca\/wp-content\/uploads\/2016\/12\/ml-logo-300.png","width":300,"height":150,"caption":"Martin Luther Evangelical Church Toronto"},"image":{"@id":"https:\/\/martinluther.ca\/de\/#\/schema\/logo\/image\/"},"sameAs":["https:\/\/www.facebook.com\/martinlutherchurchtoronto","https:\/\/www.instagram.com\/lutheransbythelake\/","https:\/\/www.youtube.com\/MartinLutherChurchToronto"]},{"@type":"Person","@id":"https:\/\/martinluther.ca\/de\/#\/schema\/person\/ef4e825f5d9d6fd740bbd7813710e15d","name":"Marlena Muller","image":{"@type":"ImageObject","inLanguage":"de","@id":"https:\/\/secure.gravatar.com\/avatar\/fe840ff753768b839caa2dd522d4797f19f7e22fa2da83388e0fbfc570b65a37?s=96&d=mm&r=g","url":"https:\/\/secure.gravatar.com\/avatar\/fe840ff753768b839caa2dd522d4797f19f7e22fa2da83388e0fbfc570b65a37?s=96&d=mm&r=g","contentUrl":"https:\/\/secure.gravatar.com\/avatar\/fe840ff753768b839caa2dd522d4797f19f7e22fa2da83388e0fbfc570b65a37?s=96&d=mm&r=g","caption":"Marlena Muller"},"url":false}]}},"_links":{"self":[{"href":"https:\/\/martinluther.ca\/de\/wp-json\/wp\/v2\/posts\/35350","targetHints":{"allow":["GET"]}}],"collection":[{"href":"https:\/\/martinluther.ca\/de\/wp-json\/wp\/v2\/posts"}],"about":[{"href":"https:\/\/martinluther.ca\/de\/wp-json\/wp\/v2\/types\/post"}],"author":[{"embeddable":true,"href":"https:\/\/martinluther.ca\/de\/wp-json\/wp\/v2\/users\/8"}],"replies":[{"embeddable":true,"href":"https:\/\/martinluther.ca\/de\/wp-json\/wp\/v2\/comments?post=35350"}],"version-history":[{"count":4,"href":"https:\/\/martinluther.ca\/de\/wp-json\/wp\/v2\/posts\/35350\/revisions"}],"predecessor-version":[{"id":37398,"href":"https:\/\/martinluther.ca\/de\/wp-json\/wp\/v2\/posts\/35350\/revisions\/37398"}],"wp:featuredmedia":[{"embeddable":true,"href":"https:\/\/martinluther.ca\/de\/wp-json\/wp\/v2\/media\/37374"}],"wp:attachment":[{"href":"https:\/\/martinluther.ca\/de\/wp-json\/wp\/v2\/media?parent=35350"}],"wp:term":[{"taxonomy":"category","embeddable":true,"href":"https:\/\/martinluther.ca\/de\/wp-json\/wp\/v2\/categories?post=35350"},{"taxonomy":"post_tag","embeddable":true,"href":"https:\/\/martinluther.ca\/de\/wp-json\/wp\/v2\/tags?post=35350"},{"taxonomy":"post_series","embeddable":true,"href":"https:\/\/martinluther.ca\/de\/wp-json\/wp\/v2\/post_series?post=35350"}],"curies":[{"name":"wp","href":"https:\/\/api.w.org\/{rel}","templated":true}]}}