{"id":35359,"date":"2020-07-09T16:35:50","date_gmt":"2020-07-09T20:35:50","guid":{"rendered":"https:\/\/martinluther.ca\/?p=35359"},"modified":"2020-07-20T14:12:11","modified_gmt":"2020-07-20T18:12:11","slug":"lernen-sie-unsere-praktikantin-ariane-kennen","status":"publish","type":"post","link":"https:\/\/martinluther.ca\/de\/2020\/07\/lernen-sie-unsere-praktikantin-ariane-kennen\/","title":{"rendered":"Lernen Sie unsere Praktikantin Ariane kennen"},"content":{"rendered":"<p>Erfahren Sie dar\u00fcber, wie Ariane sich im Rahmen ihres Praktikums seit dem Fr\u00fchling bei der Martin Luther Kirche an vielen Projekten beteiligt:<\/p>\n<p><a href=\"https:\/\/martinluther.ca\/wp-content\/uploads\/2020\/07\/Ariane.jpg\"><img loading=\"lazy\" decoding=\"async\" class=\"alignright size-medium wp-image-35357\" src=\"https:\/\/martinluther.ca\/wp-content\/uploads\/2020\/07\/Ariane-300x300.jpg\" alt=\"\" width=\"300\" height=\"300\" srcset=\"https:\/\/martinluther.ca\/wp-content\/uploads\/2020\/07\/Ariane-300x300.jpg 300w, https:\/\/martinluther.ca\/wp-content\/uploads\/2020\/07\/Ariane-150x150.jpg 150w, https:\/\/martinluther.ca\/wp-content\/uploads\/2020\/07\/Ariane-768x768.jpg 768w, https:\/\/martinluther.ca\/wp-content\/uploads\/2020\/07\/Ariane.jpg 960w\" sizes=\"auto, (max-width: 300px) 100vw, 300px\" \/><\/a>\u201eHallo, mein Name ist Ariane und meine Familie und ich kamen 2013 zu Martin Luther Gemeinde, kurz nachdem wir aus Deutschland hierher gezogen waren. Wir durften eine wundersch\u00f6ne Taufe in dieser Gemeinde feiern und waren an Veranstaltungen wie dem Weihnachtsbasar beteiligt. Ich habe als Kinderkrankenschwester in Deutschland gearbeitet, aber leider wurden mein Schulabschluss und meine Berufserfahrung hier nicht akzeptiert. Ich ging zur\u00fcck zur Schule und begann meine Universit\u00e4tskarriere. Diese Aktivit\u00e4ten nahmen sehr viel Zeit in Anspruch und viele andere Dinge kamen zu kurz. Obwohl meine Familie und ich nicht mehr an Aktivit\u00e4ten teilnahmen, war die Martin-Luther-Kirche immer in unserem Herzen. Urspr\u00fcnglich plante ich mein Praktikum in diesem Sommer bei World Vision, aber Covid 19 stornierte alle Pl\u00e4ne. Ich freue mich sehr, dass mein Weg mich zu meiner Gemeinde zur\u00fcckgebracht hat und hoffe, dass ich in diesen schwierigen Zeiten der Martin Luther Gemeinde unterst\u00fctzen\u00a0 kann.\u201c<\/p>\n","protected":false},"excerpt":{"rendered":"<p>Erfahren Sie dar\u00fcber, wie Ariane sich im Rahmen ihres Praktikums seit dem Fr\u00fchling bei der Martin Luther Kirche an vielen Projekten beteiligt: \u201eHallo, mein Name ist Ariane und meine Familie und ich kamen 2013 zu Martin Luther Gemeinde, kurz nachdem wir aus Deutschland hierher gezogen waren. Wir durften eine wundersch\u00f6ne Taufe in dieser Gemeinde feiern&hellip;<\/p>\n","protected":false},"author":8,"featured_media":35355,"comment_status":"closed","ping_status":"closed","sticky":false,"template":"","format":"standard","meta":{"footnotes":""},"categories":[69],"tags":[],"post_series":[],"class_list":["post-35359","post","type-post","status-publish","format-standard","has-post-thumbnail","hentry","category-news-blog-german","entry","has-media"],"yoast_head":"<!-- This site is optimized with the Yoast SEO plugin v27.5 - https:\/\/yoast.com\/product\/yoast-seo-wordpress\/ -->\n<title>Lernen Sie unsere Praktikantin Ariane kennen - Martin Luther Evangelische Kirche Toronto<\/title>\n<meta name=\"robots\" content=\"index, follow, max-snippet:-1, max-image-preview:large, max-video-preview:-1\" \/>\n<link rel=\"canonical\" href=\"https:\/\/martinluther.ca\/de\/2020\/07\/lernen-sie-unsere-praktikantin-ariane-kennen\/\" \/>\n<meta property=\"og:locale\" content=\"de_DE\" \/>\n<meta property=\"og:type\" content=\"article\" \/>\n<meta property=\"og:title\" content=\"Lernen Sie unsere Praktikantin Ariane kennen - Martin Luther Evangelische Kirche Toronto\" \/>\n<meta property=\"og:description\" content=\"Erfahren Sie dar\u00fcber, wie Ariane sich im Rahmen ihres Praktikums seit dem Fr\u00fchling bei der Martin Luther Kirche an vielen Projekten beteiligt: \u201eHallo, mein Name ist Ariane und meine Familie und ich kamen 2013 zu Martin Luther Gemeinde, kurz nachdem wir aus Deutschland hierher gezogen waren. Wir durften eine wundersch\u00f6ne Taufe in dieser Gemeinde feiern&hellip;\" \/>\n<meta property=\"og:url\" content=\"https:\/\/martinluther.ca\/de\/2020\/07\/lernen-sie-unsere-praktikantin-ariane-kennen\/\" \/>\n<meta property=\"og:site_name\" content=\"Martin Luther Evangelische Kirche Toronto\" \/>\n<meta property=\"article:publisher\" content=\"https:\/\/www.facebook.com\/martinlutherchurchtoronto\" \/>\n<meta property=\"article:published_time\" content=\"2020-07-09T20:35:50+00:00\" \/>\n<meta property=\"article:modified_time\" content=\"2020-07-20T18:12:11+00:00\" \/>\n<meta property=\"og:image\" content=\"https:\/\/martinluther.ca\/wp-content\/uploads\/2020\/07\/Ariane-website.jpg\" \/>\n\t<meta property=\"og:image:width\" content=\"960\" \/>\n\t<meta property=\"og:image:height\" content=\"720\" \/>\n\t<meta property=\"og:image:type\" content=\"image\/jpeg\" \/>\n<meta name=\"author\" content=\"Marlena Muller\" \/>\n<meta name=\"twitter:card\" content=\"summary_large_image\" \/>\n<meta name=\"twitter:label1\" content=\"Verfasst von\" \/>\n\t<meta name=\"twitter:data1\" content=\"Marlena Muller\" \/>\n\t<meta name=\"twitter:label2\" content=\"Gesch\u00e4tzte Lesezeit\" \/>\n\t<meta name=\"twitter:data2\" content=\"1\u00a0Minute\" \/>\n<script type=\"application\/ld+json\" class=\"yoast-schema-graph\">{\"@context\":\"https:\\\/\\\/schema.org\",\"@graph\":[{\"@type\":\"Article\",\"@id\":\"https:\\\/\\\/martinluther.ca\\\/de\\\/2020\\\/07\\\/lernen-sie-unsere-praktikantin-ariane-kennen\\\/#article\",\"isPartOf\":{\"@id\":\"https:\\\/\\\/martinluther.ca\\\/de\\\/2020\\\/07\\\/lernen-sie-unsere-praktikantin-ariane-kennen\\\/\"},\"author\":{\"name\":\"Marlena Muller\",\"@id\":\"https:\\\/\\\/martinluther.ca\\\/de\\\/#\\\/schema\\\/person\\\/ef4e825f5d9d6fd740bbd7813710e15d\"},\"headline\":\"Lernen Sie unsere Praktikantin Ariane kennen\",\"datePublished\":\"2020-07-09T20:35:50+00:00\",\"dateModified\":\"2020-07-20T18:12:11+00:00\",\"mainEntityOfPage\":{\"@id\":\"https:\\\/\\\/martinluther.ca\\\/de\\\/2020\\\/07\\\/lernen-sie-unsere-praktikantin-ariane-kennen\\\/\"},\"wordCount\":181,\"publisher\":{\"@id\":\"https:\\\/\\\/martinluther.ca\\\/de\\\/#organization\"},\"image\":{\"@id\":\"https:\\\/\\\/martinluther.ca\\\/de\\\/2020\\\/07\\\/lernen-sie-unsere-praktikantin-ariane-kennen\\\/#primaryimage\"},\"thumbnailUrl\":\"https:\\\/\\\/martinluther.ca\\\/wp-content\\\/uploads\\\/2020\\\/07\\\/Ariane-website.jpg\",\"articleSection\":[\"News Blog - German\"],\"inLanguage\":\"de\"},{\"@type\":\"WebPage\",\"@id\":\"https:\\\/\\\/martinluther.ca\\\/de\\\/2020\\\/07\\\/lernen-sie-unsere-praktikantin-ariane-kennen\\\/\",\"url\":\"https:\\\/\\\/martinluther.ca\\\/de\\\/2020\\\/07\\\/lernen-sie-unsere-praktikantin-ariane-kennen\\\/\",\"name\":\"Lernen Sie unsere Praktikantin Ariane kennen - Martin Luther Evangelische Kirche Toronto\",\"isPartOf\":{\"@id\":\"https:\\\/\\\/martinluther.ca\\\/de\\\/#website\"},\"primaryImageOfPage\":{\"@id\":\"https:\\\/\\\/martinluther.ca\\\/de\\\/2020\\\/07\\\/lernen-sie-unsere-praktikantin-ariane-kennen\\\/#primaryimage\"},\"image\":{\"@id\":\"https:\\\/\\\/martinluther.ca\\\/de\\\/2020\\\/07\\\/lernen-sie-unsere-praktikantin-ariane-kennen\\\/#primaryimage\"},\"thumbnailUrl\":\"https:\\\/\\\/martinluther.ca\\\/wp-content\\\/uploads\\\/2020\\\/07\\\/Ariane-website.jpg\",\"datePublished\":\"2020-07-09T20:35:50+00:00\",\"dateModified\":\"2020-07-20T18:12:11+00:00\",\"breadcrumb\":{\"@id\":\"https:\\\/\\\/martinluther.ca\\\/de\\\/2020\\\/07\\\/lernen-sie-unsere-praktikantin-ariane-kennen\\\/#breadcrumb\"},\"inLanguage\":\"de\",\"potentialAction\":[{\"@type\":\"ReadAction\",\"target\":[\"https:\\\/\\\/martinluther.ca\\\/de\\\/2020\\\/07\\\/lernen-sie-unsere-praktikantin-ariane-kennen\\\/\"]}]},{\"@type\":\"ImageObject\",\"inLanguage\":\"de\",\"@id\":\"https:\\\/\\\/martinluther.ca\\\/de\\\/2020\\\/07\\\/lernen-sie-unsere-praktikantin-ariane-kennen\\\/#primaryimage\",\"url\":\"https:\\\/\\\/martinluther.ca\\\/wp-content\\\/uploads\\\/2020\\\/07\\\/Ariane-website.jpg\",\"contentUrl\":\"https:\\\/\\\/martinluther.ca\\\/wp-content\\\/uploads\\\/2020\\\/07\\\/Ariane-website.jpg\",\"width\":960,\"height\":720},{\"@type\":\"BreadcrumbList\",\"@id\":\"https:\\\/\\\/martinluther.ca\\\/de\\\/2020\\\/07\\\/lernen-sie-unsere-praktikantin-ariane-kennen\\\/#breadcrumb\",\"itemListElement\":[{\"@type\":\"ListItem\",\"position\":1,\"name\":\"Home\",\"item\":\"https:\\\/\\\/martinluther.ca\\\/de\\\/\"},{\"@type\":\"ListItem\",\"position\":2,\"name\":\"Lernen Sie unsere Praktikantin Ariane kennen\"}]},{\"@type\":\"WebSite\",\"@id\":\"https:\\\/\\\/martinluther.ca\\\/de\\\/#website\",\"url\":\"https:\\\/\\\/martinluther.ca\\\/de\\\/\",\"name\":\"Martin Luther Evangelical Church Toronto\",\"description\":\"Deutsch &amp; Englisch\",\"publisher\":{\"@id\":\"https:\\\/\\\/martinluther.ca\\\/de\\\/#organization\"},\"potentialAction\":[{\"@type\":\"SearchAction\",\"target\":{\"@type\":\"EntryPoint\",\"urlTemplate\":\"https:\\\/\\\/martinluther.ca\\\/de\\\/?s={search_term_string}\"},\"query-input\":{\"@type\":\"PropertyValueSpecification\",\"valueRequired\":true,\"valueName\":\"search_term_string\"}}],\"inLanguage\":\"de\"},{\"@type\":\"Organization\",\"@id\":\"https:\\\/\\\/martinluther.ca\\\/de\\\/#organization\",\"name\":\"Martin Luther Evangelical Church Toronto\",\"url\":\"https:\\\/\\\/martinluther.ca\\\/de\\\/\",\"logo\":{\"@type\":\"ImageObject\",\"inLanguage\":\"de\",\"@id\":\"https:\\\/\\\/martinluther.ca\\\/de\\\/#\\\/schema\\\/logo\\\/image\\\/\",\"url\":\"https:\\\/\\\/martinluther.ca\\\/wp-content\\\/uploads\\\/2016\\\/12\\\/ml-logo-300.png\",\"contentUrl\":\"https:\\\/\\\/martinluther.ca\\\/wp-content\\\/uploads\\\/2016\\\/12\\\/ml-logo-300.png\",\"width\":300,\"height\":150,\"caption\":\"Martin Luther Evangelical Church Toronto\"},\"image\":{\"@id\":\"https:\\\/\\\/martinluther.ca\\\/de\\\/#\\\/schema\\\/logo\\\/image\\\/\"},\"sameAs\":[\"https:\\\/\\\/www.facebook.com\\\/martinlutherchurchtoronto\",\"https:\\\/\\\/www.instagram.com\\\/lutheransbythelake\\\/\",\"https:\\\/\\\/www.youtube.com\\\/MartinLutherChurchToronto\"]},{\"@type\":\"Person\",\"@id\":\"https:\\\/\\\/martinluther.ca\\\/de\\\/#\\\/schema\\\/person\\\/ef4e825f5d9d6fd740bbd7813710e15d\",\"name\":\"Marlena Muller\",\"image\":{\"@type\":\"ImageObject\",\"inLanguage\":\"de\",\"@id\":\"https:\\\/\\\/secure.gravatar.com\\\/avatar\\\/fe840ff753768b839caa2dd522d4797f19f7e22fa2da83388e0fbfc570b65a37?s=96&d=mm&r=g\",\"url\":\"https:\\\/\\\/secure.gravatar.com\\\/avatar\\\/fe840ff753768b839caa2dd522d4797f19f7e22fa2da83388e0fbfc570b65a37?s=96&d=mm&r=g\",\"contentUrl\":\"https:\\\/\\\/secure.gravatar.com\\\/avatar\\\/fe840ff753768b839caa2dd522d4797f19f7e22fa2da83388e0fbfc570b65a37?s=96&d=mm&r=g\",\"caption\":\"Marlena Muller\"},\"url\":false}]}<\/script>\n<!-- \/ Yoast SEO plugin. -->","yoast_head_json":{"title":"Lernen Sie unsere Praktikantin Ariane kennen - Martin Luther Evangelische Kirche Toronto","robots":{"index":"index","follow":"follow","max-snippet":"max-snippet:-1","max-image-preview":"max-image-preview:large","max-video-preview":"max-video-preview:-1"},"canonical":"https:\/\/martinluther.ca\/de\/2020\/07\/lernen-sie-unsere-praktikantin-ariane-kennen\/","og_locale":"de_DE","og_type":"article","og_title":"Lernen Sie unsere Praktikantin Ariane kennen - Martin Luther Evangelische Kirche Toronto","og_description":"Erfahren Sie dar\u00fcber, wie Ariane sich im Rahmen ihres Praktikums seit dem Fr\u00fchling bei der Martin Luther Kirche an vielen Projekten beteiligt: \u201eHallo, mein Name ist Ariane und meine Familie und ich kamen 2013 zu Martin Luther Gemeinde, kurz nachdem wir aus Deutschland hierher gezogen waren. Wir durften eine wundersch\u00f6ne Taufe in dieser Gemeinde feiern&hellip;","og_url":"https:\/\/martinluther.ca\/de\/2020\/07\/lernen-sie-unsere-praktikantin-ariane-kennen\/","og_site_name":"Martin Luther Evangelische Kirche Toronto","article_publisher":"https:\/\/www.facebook.com\/martinlutherchurchtoronto","article_published_time":"2020-07-09T20:35:50+00:00","article_modified_time":"2020-07-20T18:12:11+00:00","og_image":[{"width":960,"height":720,"url":"https:\/\/martinluther.ca\/wp-content\/uploads\/2020\/07\/Ariane-website.jpg","type":"image\/jpeg"}],"author":"Marlena Muller","twitter_card":"summary_large_image","twitter_misc":{"Verfasst von":"Marlena Muller","Gesch\u00e4tzte Lesezeit":"1\u00a0Minute"},"schema":{"@context":"https:\/\/schema.org","@graph":[{"@type":"Article","@id":"https:\/\/martinluther.ca\/de\/2020\/07\/lernen-sie-unsere-praktikantin-ariane-kennen\/#article","isPartOf":{"@id":"https:\/\/martinluther.ca\/de\/2020\/07\/lernen-sie-unsere-praktikantin-ariane-kennen\/"},"author":{"name":"Marlena Muller","@id":"https:\/\/martinluther.ca\/de\/#\/schema\/person\/ef4e825f5d9d6fd740bbd7813710e15d"},"headline":"Lernen Sie unsere Praktikantin Ariane kennen","datePublished":"2020-07-09T20:35:50+00:00","dateModified":"2020-07-20T18:12:11+00:00","mainEntityOfPage":{"@id":"https:\/\/martinluther.ca\/de\/2020\/07\/lernen-sie-unsere-praktikantin-ariane-kennen\/"},"wordCount":181,"publisher":{"@id":"https:\/\/martinluther.ca\/de\/#organization"},"image":{"@id":"https:\/\/martinluther.ca\/de\/2020\/07\/lernen-sie-unsere-praktikantin-ariane-kennen\/#primaryimage"},"thumbnailUrl":"https:\/\/martinluther.ca\/wp-content\/uploads\/2020\/07\/Ariane-website.jpg","articleSection":["News Blog - German"],"inLanguage":"de"},{"@type":"WebPage","@id":"https:\/\/martinluther.ca\/de\/2020\/07\/lernen-sie-unsere-praktikantin-ariane-kennen\/","url":"https:\/\/martinluther.ca\/de\/2020\/07\/lernen-sie-unsere-praktikantin-ariane-kennen\/","name":"Lernen Sie unsere Praktikantin Ariane kennen - Martin Luther Evangelische Kirche Toronto","isPartOf":{"@id":"https:\/\/martinluther.ca\/de\/#website"},"primaryImageOfPage":{"@id":"https:\/\/martinluther.ca\/de\/2020\/07\/lernen-sie-unsere-praktikantin-ariane-kennen\/#primaryimage"},"image":{"@id":"https:\/\/martinluther.ca\/de\/2020\/07\/lernen-sie-unsere-praktikantin-ariane-kennen\/#primaryimage"},"thumbnailUrl":"https:\/\/martinluther.ca\/wp-content\/uploads\/2020\/07\/Ariane-website.jpg","datePublished":"2020-07-09T20:35:50+00:00","dateModified":"2020-07-20T18:12:11+00:00","breadcrumb":{"@id":"https:\/\/martinluther.ca\/de\/2020\/07\/lernen-sie-unsere-praktikantin-ariane-kennen\/#breadcrumb"},"inLanguage":"de","potentialAction":[{"@type":"ReadAction","target":["https:\/\/martinluther.ca\/de\/2020\/07\/lernen-sie-unsere-praktikantin-ariane-kennen\/"]}]},{"@type":"ImageObject","inLanguage":"de","@id":"https:\/\/martinluther.ca\/de\/2020\/07\/lernen-sie-unsere-praktikantin-ariane-kennen\/#primaryimage","url":"https:\/\/martinluther.ca\/wp-content\/uploads\/2020\/07\/Ariane-website.jpg","contentUrl":"https:\/\/martinluther.ca\/wp-content\/uploads\/2020\/07\/Ariane-website.jpg","width":960,"height":720},{"@type":"BreadcrumbList","@id":"https:\/\/martinluther.ca\/de\/2020\/07\/lernen-sie-unsere-praktikantin-ariane-kennen\/#breadcrumb","itemListElement":[{"@type":"ListItem","position":1,"name":"Home","item":"https:\/\/martinluther.ca\/de\/"},{"@type":"ListItem","position":2,"name":"Lernen Sie unsere Praktikantin Ariane kennen"}]},{"@type":"WebSite","@id":"https:\/\/martinluther.ca\/de\/#website","url":"https:\/\/martinluther.ca\/de\/","name":"Martin Luther Evangelical Church Toronto","description":"Deutsch &amp; Englisch","publisher":{"@id":"https:\/\/martinluther.ca\/de\/#organization"},"potentialAction":[{"@type":"SearchAction","target":{"@type":"EntryPoint","urlTemplate":"https:\/\/martinluther.ca\/de\/?s={search_term_string}"},"query-input":{"@type":"PropertyValueSpecification","valueRequired":true,"valueName":"search_term_string"}}],"inLanguage":"de"},{"@type":"Organization","@id":"https:\/\/martinluther.ca\/de\/#organization","name":"Martin Luther Evangelical Church Toronto","url":"https:\/\/martinluther.ca\/de\/","logo":{"@type":"ImageObject","inLanguage":"de","@id":"https:\/\/martinluther.ca\/de\/#\/schema\/logo\/image\/","url":"https:\/\/martinluther.ca\/wp-content\/uploads\/2016\/12\/ml-logo-300.png","contentUrl":"https:\/\/martinluther.ca\/wp-content\/uploads\/2016\/12\/ml-logo-300.png","width":300,"height":150,"caption":"Martin Luther Evangelical Church Toronto"},"image":{"@id":"https:\/\/martinluther.ca\/de\/#\/schema\/logo\/image\/"},"sameAs":["https:\/\/www.facebook.com\/martinlutherchurchtoronto","https:\/\/www.instagram.com\/lutheransbythelake\/","https:\/\/www.youtube.com\/MartinLutherChurchToronto"]},{"@type":"Person","@id":"https:\/\/martinluther.ca\/de\/#\/schema\/person\/ef4e825f5d9d6fd740bbd7813710e15d","name":"Marlena Muller","image":{"@type":"ImageObject","inLanguage":"de","@id":"https:\/\/secure.gravatar.com\/avatar\/fe840ff753768b839caa2dd522d4797f19f7e22fa2da83388e0fbfc570b65a37?s=96&d=mm&r=g","url":"https:\/\/secure.gravatar.com\/avatar\/fe840ff753768b839caa2dd522d4797f19f7e22fa2da83388e0fbfc570b65a37?s=96&d=mm&r=g","contentUrl":"https:\/\/secure.gravatar.com\/avatar\/fe840ff753768b839caa2dd522d4797f19f7e22fa2da83388e0fbfc570b65a37?s=96&d=mm&r=g","caption":"Marlena Muller"},"url":false}]}},"_links":{"self":[{"href":"https:\/\/martinluther.ca\/de\/wp-json\/wp\/v2\/posts\/35359","targetHints":{"allow":["GET"]}}],"collection":[{"href":"https:\/\/martinluther.ca\/de\/wp-json\/wp\/v2\/posts"}],"about":[{"href":"https:\/\/martinluther.ca\/de\/wp-json\/wp\/v2\/types\/post"}],"author":[{"embeddable":true,"href":"https:\/\/martinluther.ca\/de\/wp-json\/wp\/v2\/users\/8"}],"replies":[{"embeddable":true,"href":"https:\/\/martinluther.ca\/de\/wp-json\/wp\/v2\/comments?post=35359"}],"version-history":[{"count":2,"href":"https:\/\/martinluther.ca\/de\/wp-json\/wp\/v2\/posts\/35359\/revisions"}],"predecessor-version":[{"id":35362,"href":"https:\/\/martinluther.ca\/de\/wp-json\/wp\/v2\/posts\/35359\/revisions\/35362"}],"wp:featuredmedia":[{"embeddable":true,"href":"https:\/\/martinluther.ca\/de\/wp-json\/wp\/v2\/media\/35355"}],"wp:attachment":[{"href":"https:\/\/martinluther.ca\/de\/wp-json\/wp\/v2\/media?parent=35359"}],"wp:term":[{"taxonomy":"category","embeddable":true,"href":"https:\/\/martinluther.ca\/de\/wp-json\/wp\/v2\/categories?post=35359"},{"taxonomy":"post_tag","embeddable":true,"href":"https:\/\/martinluther.ca\/de\/wp-json\/wp\/v2\/tags?post=35359"},{"taxonomy":"post_series","embeddable":true,"href":"https:\/\/martinluther.ca\/de\/wp-json\/wp\/v2\/post_series?post=35359"}],"curies":[{"name":"wp","href":"https:\/\/api.w.org\/{rel}","templated":true}]}}