{"id":35400,"date":"2020-07-17T17:33:21","date_gmt":"2020-07-17T21:33:21","guid":{"rendered":"https:\/\/martinluther.ca\/2020\/07\/learn-about-racial-justice\/"},"modified":"2020-07-30T12:15:43","modified_gmt":"2020-07-30T16:15:43","slug":"learn-about-racial-justice","status":"publish","type":"post","link":"https:\/\/martinluther.ca\/de\/2020\/07\/learn-about-racial-justice\/","title":{"rendered":"Learn about Racial Justice"},"content":{"rendered":"<p><a href=\"https:\/\/martinluther.ca\/wp-content\/uploads\/2020\/07\/Black-Lives-Matter-Photo-by-Mattia-Faloretti-on-Unsplsh-1-scaled.jpg\"><img loading=\"lazy\" decoding=\"async\" class=\"alignright size-medium wp-image-35397\" src=\"https:\/\/martinluther.ca\/wp-content\/uploads\/2020\/07\/Black-Lives-Matter-Photo-by-Mattia-Faloretti-on-Unsplsh-1-300x225.jpg\" alt=\"\" width=\"300\" height=\"225\" srcset=\"https:\/\/martinluther.ca\/wp-content\/uploads\/2020\/07\/Black-Lives-Matter-Photo-by-Mattia-Faloretti-on-Unsplsh-1-300x225.jpg 300w, https:\/\/martinluther.ca\/wp-content\/uploads\/2020\/07\/Black-Lives-Matter-Photo-by-Mattia-Faloretti-on-Unsplsh-1-1024x768.jpg 1024w, https:\/\/martinluther.ca\/wp-content\/uploads\/2020\/07\/Black-Lives-Matter-Photo-by-Mattia-Faloretti-on-Unsplsh-1-768x576.jpg 768w, https:\/\/martinluther.ca\/wp-content\/uploads\/2020\/07\/Black-Lives-Matter-Photo-by-Mattia-Faloretti-on-Unsplsh-1-1536x1152.jpg 1536w, https:\/\/martinluther.ca\/wp-content\/uploads\/2020\/07\/Black-Lives-Matter-Photo-by-Mattia-Faloretti-on-Unsplsh-1-2048x1536.jpg 2048w\" sizes=\"auto, (max-width: 300px) 100vw, 300px\" \/><\/a>Liebe Freunde,<\/p>\n<p>wir sind wiederholt um Informationen zu den Protesten in Toronto und zur F\u00f6rderung der Sicherheit in unseren Nachbarschaften und\u00a0 des Anti-Rassismus gebeten worden.<a href=\"https:\/\/martinluther.ca\/wp-content\/uploads\/2020\/07\/Black-Lives-Matter-Photo-by-Mattia-Faloretti-on-Unsplsh-1-scaled.jpg\"><br \/>\n<\/a><\/p>\n<p><span style=\"color: #000032;\">Hier finden sich\u00a0 einige Ressourcen, die \u00fcber rassistische Diskriminierung informieren und aufzeigen, wie Sie mithelfen k\u00f6nnen, gegen Rassismus und f\u00fcr die \u00f6ffentliche Sicherheit einzutreten.\u00a0 <\/span><\/p>\n<ul>\n<li>Letter by the Racial Injustice Advisory Committee (RJAC) of the Eastern Synod, June 2, 2020 <a href=\"https:\/\/martinluther.ca\/wp-content\/uploads\/2020\/07\/Racial-Justice-Advisory-Committee-Letter-June-2-2020.pdf\" target=\"_blank\" rel=\"noopener noreferrer\">[PDF]<\/a><\/li>\n<li>Joint statement from the RJAC and the Circle of Reconciliation and Justice (CRJ), June 15, 2020 <a href=\"https:\/\/martinluther.ca\/wp-content\/uploads\/2020\/07\/Joint-Statement-on-Indigenous-Peoples-June-15-2020.pdf\" target=\"_blank\" rel=\"noopener noreferrer\">[PDF]<\/a><\/li>\n<li><strong><span style=\"color: #000032;\">Ressourcen zum Anti-Rassismus<\/span><br \/>\n<\/strong><span style=\"color: #000032;\">Zusammengestellt im Mai 2020 von Sarah\u00a0 Sophie Flicker, Alyssa Klein.<br \/>\nEin Dokument als Quelle\u00a0 f\u00fcr Wei\u00dfe und Eltern zur Vertiefung unserer Arbeit\u00a0 zum Anti-Rassismus.<\/span><br \/>\n<a href=\"https:\/\/docs.google.com\/document\/d\/1BRlF2_zhNe86SGgHa6-VlBO-QgirITwCTugSfKie5Fs\/preview?pru=AAABcpstxQU*_d1H1Ojh438n5THijJVHFQ\" target=\"_blank\" rel=\"noopener noreferrer\">https:\/\/docs.google.com\/document\/d\/1BRlF2_zhNe86SGgHa6-VlBO-QgirITwCTugSfKie5Fs\/preview?pru=AAABcpstxQU*_d1H1Ojh438n5THijJVHFQ <\/a><\/li>\n<li><strong><span style=\"color: #000032;\">Rassismus gegen Schwarze in Kanada<\/span><br \/>\n<span style=\"color: #000032;\">Zusammengestellt von Leadnow<br \/>\n<\/span><\/strong><span style=\"color: #000032;\">Eine von <em>Leadnow<\/em> an ein Mitglied unseres Komitees geschickte E-Mail mit einer Liste von B\u00fcchern, Artikeln und M\u00f6glichkeiten der ideellen und finanziellen Unterst\u00fctzung<\/span><br \/>\n<a href=\"https:\/\/00122e30-47ac-4839-89be-51391048a591.filesusr.com\/ugd\/0f6571_23beceab38874da5aafbe98bca815233.pdf\" target=\"_blank\" rel=\"noopener noreferrer\">https:\/\/00122e30-47ac-4839-89be-51391048a591.filesusr.com\/ugd\/0f6571_23beceab38874da5aafbe98bca815233.pdf <\/a><\/li>\n<li><strong><span style=\"color: #000032;\">Gebete und Andachten \u00fcber den Rassismus<\/span><br \/>\n<\/strong><a href=\"https:\/\/rjaceastern.wixsite.com\/home\/projecto-5\" target=\"_blank\" rel=\"noopener noreferrer\">https:\/\/rjaceastern.wixsite.com\/home\/projecto-5<\/a><\/li>\n<li><strong><span style=\"color: #000032;\">Empfohlene B\u00fccher und Artikel \u00fcber Rassistische Diskriminierung<\/span><br \/>\n<\/strong><i><i>Dear Church: A Love Letter from a Black Preacher to the Whitest Denomination in the US.<i> (Book), Lenny Duncan, July 2, 2019 &#8211; Fortress Press<\/i><\/i><\/i><i>White Fragility: Why It&#8217;s So Hard for White People to Talk About Racism<i> (Book), Robin DiAngelo, June 26, 2018 &#8211; Beacon Press<i><\/i><\/i><\/i>&#8222;Caught Up in God&#8220; (Article)<br \/>\nWillie James Jennings. (2020, May 19). Retrieved from The Christian Century.<br \/>\n<a href=\"https:\/\/www.christiancentury.org\/article\/how-my-mind-has-changed\/caught-god?fbclid=IwAR0rhDJ90NzKfzp4-AhgUf3hdNuP7adH0acnekORj__eeke0aRxTCuY3HME\" target=\"_blank\" rel=\"noopener noreferrer\">https:\/\/www.christiancentury.org\/article\/how-my-mind-has-changed\/caught-god?fbclid=IwAR0rhDJ90NzKfzp4-AhgUf3hdNuP7adH0acnekORj__eeke0aRxTCuY3HME<\/a><\/li>\n<\/ul>\n<p><span style=\"color: #000032;\">Am Sonntag, dem 9. August 2020, begehen wir den Welttag der indigenen Bev\u00f6lkerung. Dieser Tag gibt uns eine gute Gelegenheit, den Geschichten der zum Schweigen Verurteilten zuzuh\u00f6ren und die Verletzungen zu verstehen, denen unsere indigenen Schwestern und Br\u00fcder als Folge von Jahrhunderten rassistischer Unterdr\u00fcckung und Ignoranz heute noch ausgesetzt sind.<\/span><\/p>\n<p><strong><span style=\"color: #000032;\">Einige M\u00f6glichkeiten zur pers\u00f6nlichen Information \u00fcber die Unterdr\u00fcckung indigener V\u00f6lker in Kanada:<\/span><\/strong><\/p>\n<ul>\n<li><a href=\"https:\/\/native-land.ca\/\" target=\"_blank\" rel=\"noopener noreferrer\">https:\/\/native-land.ca\/<\/a><br \/>\n<span style=\"color: #000032;\">Es handelt sich um eine interaktive Online-Karte, die zeigt, welcher indigenen Nation das Land geh\u00f6rt(e), auf dem Ihr wohnt!\u00a0 Wusstet Ihr zum Beispiel, dass die Martin-Luther-Kirche auf Land der Anishinabewaki \u140a\u14c2\u1511\u14c8\u142f\u1417\u146d , der Huron-Wendat und der Haudenosaunee gebaut wurde?<\/span><\/li>\n<li><strong>Where Are the Children?<\/strong> <a href=\"http:\/\/wherearethechildren.ca\/en\/\" target=\"_blank\" rel=\"noopener noreferrer\">http:\/\/wherearethechildren.ca\/en\/<\/a><br \/>\n<span style=\"color: #000032;\">Eine Webseite, die das Verm\u00e4chtnis der Schulheime\u00a0 (residential schools) zeigt, die zwischen 1831 und 1996 in Kanada von Staat und Kirche gef\u00fchrt wurden, um Kinder der Ureinwohner zu assimilieren. <\/span><\/li>\n<li><strong>Reserve 107: Reconciliation on the Prairies, <\/strong><a href=\"https:\/\/www.reserve107thefilm.com\/\" target=\"_blank\" rel=\"noopener noreferrer\">https:\/\/www.reserve107thefilm.com\/<\/a>\n<div><span style=\"color: #000050;\">Ein kurzer, preisgekr\u00f6nter Dokumentarfilm, der das Verh\u00e4ltnis zwischen Kirche und indigenen V\u00f6lkern kritisch untersucht, w\u00e4hrend wir eine ELCIC-Gemeinde begleiten, die sich mit den Fehlern der Vergangenheit auseinandersetzt.<\/span><\/div>\n<\/li>\n<li>\n<div><span style=\"color: #000032;\">Lesen Sie die Web- oder die Facebookseite der indigenen Nation in Ihrer N\u00e4he, um zu erfahren, was die Herausforderungen von COVID-19 f\u00fcr diese Menschen bedeuten.<br \/>\n<\/span><\/div>\n<\/li>\n<li><span style=\"color: #000032;\">Von der CBC empfohlene kanadische B\u00fccher f\u00fcr Kinder und Jugendliche \u00fcber indigene V\u00f6lker und die Probleme, mit denen sie sich konfrontiert sehen:<br \/>\n<\/span><a href=\"https:\/\/www.cbc.ca\/books\/20-canadian-books-for-kids-and-teens-to-read-for-national-indigenous-history-month-1.5597339\" target=\"_blank\" rel=\"noopener noreferrer\">https:\/\/www.cbc.ca\/books\/20-canadian-books-for-kids-and-teens-to-read-for-national-indigenous-history-month-1.5597339<\/a><\/li>\n<\/ul>\n<p><span style=\"color: #000032;\">Bitte setzen Sie sich mit uns in Verbindung, wenn Sie irgendwelche\u00a0 wichtigen Ressourcen hinzuf\u00fcgen m\u00f6chten, um die Diskussion \u00fcber rassistische Diskriminierung auf dieser Webseite fortzusetzen!<\/span><\/p>\n<p>Inspired by the horrific murder of George Floyd, Black Anglicans of Canada is hosting a series of weekly conversations on anti-black racism Wednesdays, 8:00-9:00 pm on Zoom.<\/p>\n<div><u><\/u>July 22: Anti-Black Racism in Institutions, Speaker: Dr Carl Everton James<\/div>\n<div>\n<p>July 29: Bending the Knee and Changing the Hearts: A Toronto Model for a Just Intercultural Church, Speaker: Rev. Dr Sonia Hinds<\/p>\n<p>Register at<span style=\"color: #000120;\"><a href=\"http:\/\/blackanglicansofcanada.eventbrite.ca\" target=\"_blank\" rel=\"noopener noreferrer\"> blackanglicansofcanada.eventbrite.ca<\/a>. For more information, email <a href=\"mailto:blackanglicans@gmail.com\" target=\"_blank\" rel=\"noopener noreferrer\">blackanglicans@gmail.com<\/a>.<\/span><\/p>\n<\/div>\n","protected":false},"excerpt":{"rendered":"<p>Liebe Freunde, wir sind wiederholt um Informationen zu den Protesten in Toronto und zur F\u00f6rderung der Sicherheit in unseren Nachbarschaften und\u00a0 des Anti-Rassismus gebeten worden. Hier finden sich\u00a0 einige Ressourcen, die \u00fcber rassistische Diskriminierung informieren und aufzeigen, wie Sie mithelfen k\u00f6nnen, gegen Rassismus und f\u00fcr die \u00f6ffentliche Sicherheit einzutreten.\u00a0 Letter by the Racial Injustice Advisory&hellip;<\/p>\n","protected":false},"author":8,"featured_media":35398,"comment_status":"closed","ping_status":"closed","sticky":false,"template":"","format":"standard","meta":{"footnotes":""},"categories":[69],"tags":[],"post_series":[],"class_list":["post-35400","post","type-post","status-publish","format-standard","has-post-thumbnail","hentry","category-news-blog-german","entry","has-media"],"yoast_head":"<!-- This site is optimized with the Yoast SEO plugin v27.5 - https:\/\/yoast.com\/product\/yoast-seo-wordpress\/ -->\n<title>Learn about Racial Justice - Martin Luther Evangelische Kirche Toronto<\/title>\n<meta name=\"robots\" content=\"index, follow, max-snippet:-1, max-image-preview:large, max-video-preview:-1\" \/>\n<link rel=\"canonical\" href=\"https:\/\/martinluther.ca\/de\/2020\/07\/learn-about-racial-justice\/\" \/>\n<meta property=\"og:locale\" content=\"de_DE\" \/>\n<meta property=\"og:type\" content=\"article\" \/>\n<meta property=\"og:title\" content=\"Learn about Racial Justice - Martin Luther Evangelische Kirche Toronto\" \/>\n<meta property=\"og:description\" content=\"Liebe Freunde, wir sind wiederholt um Informationen zu den Protesten in Toronto und zur F\u00f6rderung der Sicherheit in unseren Nachbarschaften und\u00a0 des Anti-Rassismus gebeten worden. Hier finden sich\u00a0 einige Ressourcen, die \u00fcber rassistische Diskriminierung informieren und aufzeigen, wie Sie mithelfen k\u00f6nnen, gegen Rassismus und f\u00fcr die \u00f6ffentliche Sicherheit einzutreten.\u00a0 Letter by the Racial Injustice Advisory&hellip;\" \/>\n<meta property=\"og:url\" content=\"https:\/\/martinluther.ca\/de\/2020\/07\/learn-about-racial-justice\/\" \/>\n<meta property=\"og:site_name\" content=\"Martin Luther Evangelische Kirche Toronto\" \/>\n<meta property=\"article:publisher\" content=\"https:\/\/www.facebook.com\/martinlutherchurchtoronto\" \/>\n<meta property=\"article:published_time\" content=\"2020-07-17T21:33:21+00:00\" \/>\n<meta property=\"article:modified_time\" content=\"2020-07-30T16:15:43+00:00\" \/>\n<meta property=\"og:image\" content=\"https:\/\/martinluther.ca\/wp-content\/uploads\/2020\/07\/Black-Lives-Matter-Photo-by-Mattia-Faloretti-on-Unsplsh-1-scaled.jpg\" \/>\n\t<meta property=\"og:image:width\" content=\"2560\" \/>\n\t<meta property=\"og:image:height\" content=\"1920\" \/>\n\t<meta property=\"og:image:type\" content=\"image\/jpeg\" \/>\n<meta name=\"author\" content=\"Marlena Muller\" \/>\n<meta name=\"twitter:card\" content=\"summary_large_image\" \/>\n<meta name=\"twitter:label1\" content=\"Verfasst von\" \/>\n\t<meta name=\"twitter:data1\" content=\"Marlena Muller\" \/>\n\t<meta name=\"twitter:label2\" content=\"Gesch\u00e4tzte Lesezeit\" \/>\n\t<meta name=\"twitter:data2\" content=\"3\u00a0Minuten\" \/>\n<script type=\"application\/ld+json\" class=\"yoast-schema-graph\">{\"@context\":\"https:\\\/\\\/schema.org\",\"@graph\":[{\"@type\":\"Article\",\"@id\":\"https:\\\/\\\/martinluther.ca\\\/de\\\/2020\\\/07\\\/learn-about-racial-justice\\\/#article\",\"isPartOf\":{\"@id\":\"https:\\\/\\\/martinluther.ca\\\/de\\\/2020\\\/07\\\/learn-about-racial-justice\\\/\"},\"author\":{\"name\":\"Marlena Muller\",\"@id\":\"https:\\\/\\\/martinluther.ca\\\/de\\\/#\\\/schema\\\/person\\\/ef4e825f5d9d6fd740bbd7813710e15d\"},\"headline\":\"Learn about Racial Justice\",\"datePublished\":\"2020-07-17T21:33:21+00:00\",\"dateModified\":\"2020-07-30T16:15:43+00:00\",\"mainEntityOfPage\":{\"@id\":\"https:\\\/\\\/martinluther.ca\\\/de\\\/2020\\\/07\\\/learn-about-racial-justice\\\/\"},\"wordCount\":621,\"publisher\":{\"@id\":\"https:\\\/\\\/martinluther.ca\\\/de\\\/#organization\"},\"image\":{\"@id\":\"https:\\\/\\\/martinluther.ca\\\/de\\\/2020\\\/07\\\/learn-about-racial-justice\\\/#primaryimage\"},\"thumbnailUrl\":\"https:\\\/\\\/martinluther.ca\\\/wp-content\\\/uploads\\\/2020\\\/07\\\/Black-Lives-Matter-Photo-by-Mattia-Faloretti-on-Unsplsh-1-scaled.jpg\",\"articleSection\":[\"News Blog - German\"],\"inLanguage\":\"de\"},{\"@type\":\"WebPage\",\"@id\":\"https:\\\/\\\/martinluther.ca\\\/de\\\/2020\\\/07\\\/learn-about-racial-justice\\\/\",\"url\":\"https:\\\/\\\/martinluther.ca\\\/de\\\/2020\\\/07\\\/learn-about-racial-justice\\\/\",\"name\":\"Learn about Racial Justice - Martin Luther Evangelische Kirche Toronto\",\"isPartOf\":{\"@id\":\"https:\\\/\\\/martinluther.ca\\\/de\\\/#website\"},\"primaryImageOfPage\":{\"@id\":\"https:\\\/\\\/martinluther.ca\\\/de\\\/2020\\\/07\\\/learn-about-racial-justice\\\/#primaryimage\"},\"image\":{\"@id\":\"https:\\\/\\\/martinluther.ca\\\/de\\\/2020\\\/07\\\/learn-about-racial-justice\\\/#primaryimage\"},\"thumbnailUrl\":\"https:\\\/\\\/martinluther.ca\\\/wp-content\\\/uploads\\\/2020\\\/07\\\/Black-Lives-Matter-Photo-by-Mattia-Faloretti-on-Unsplsh-1-scaled.jpg\",\"datePublished\":\"2020-07-17T21:33:21+00:00\",\"dateModified\":\"2020-07-30T16:15:43+00:00\",\"breadcrumb\":{\"@id\":\"https:\\\/\\\/martinluther.ca\\\/de\\\/2020\\\/07\\\/learn-about-racial-justice\\\/#breadcrumb\"},\"inLanguage\":\"de\",\"potentialAction\":[{\"@type\":\"ReadAction\",\"target\":[\"https:\\\/\\\/martinluther.ca\\\/de\\\/2020\\\/07\\\/learn-about-racial-justice\\\/\"]}]},{\"@type\":\"ImageObject\",\"inLanguage\":\"de\",\"@id\":\"https:\\\/\\\/martinluther.ca\\\/de\\\/2020\\\/07\\\/learn-about-racial-justice\\\/#primaryimage\",\"url\":\"https:\\\/\\\/martinluther.ca\\\/wp-content\\\/uploads\\\/2020\\\/07\\\/Black-Lives-Matter-Photo-by-Mattia-Faloretti-on-Unsplsh-1-scaled.jpg\",\"contentUrl\":\"https:\\\/\\\/martinluther.ca\\\/wp-content\\\/uploads\\\/2020\\\/07\\\/Black-Lives-Matter-Photo-by-Mattia-Faloretti-on-Unsplsh-1-scaled.jpg\",\"width\":2560,\"height\":1920},{\"@type\":\"BreadcrumbList\",\"@id\":\"https:\\\/\\\/martinluther.ca\\\/de\\\/2020\\\/07\\\/learn-about-racial-justice\\\/#breadcrumb\",\"itemListElement\":[{\"@type\":\"ListItem\",\"position\":1,\"name\":\"Home\",\"item\":\"https:\\\/\\\/martinluther.ca\\\/de\\\/\"},{\"@type\":\"ListItem\",\"position\":2,\"name\":\"Learn about Racial Justice\"}]},{\"@type\":\"WebSite\",\"@id\":\"https:\\\/\\\/martinluther.ca\\\/de\\\/#website\",\"url\":\"https:\\\/\\\/martinluther.ca\\\/de\\\/\",\"name\":\"Martin Luther Evangelical Church Toronto\",\"description\":\"Deutsch &amp; Englisch\",\"publisher\":{\"@id\":\"https:\\\/\\\/martinluther.ca\\\/de\\\/#organization\"},\"potentialAction\":[{\"@type\":\"SearchAction\",\"target\":{\"@type\":\"EntryPoint\",\"urlTemplate\":\"https:\\\/\\\/martinluther.ca\\\/de\\\/?s={search_term_string}\"},\"query-input\":{\"@type\":\"PropertyValueSpecification\",\"valueRequired\":true,\"valueName\":\"search_term_string\"}}],\"inLanguage\":\"de\"},{\"@type\":\"Organization\",\"@id\":\"https:\\\/\\\/martinluther.ca\\\/de\\\/#organization\",\"name\":\"Martin Luther Evangelical Church Toronto\",\"url\":\"https:\\\/\\\/martinluther.ca\\\/de\\\/\",\"logo\":{\"@type\":\"ImageObject\",\"inLanguage\":\"de\",\"@id\":\"https:\\\/\\\/martinluther.ca\\\/de\\\/#\\\/schema\\\/logo\\\/image\\\/\",\"url\":\"https:\\\/\\\/martinluther.ca\\\/wp-content\\\/uploads\\\/2016\\\/12\\\/ml-logo-300.png\",\"contentUrl\":\"https:\\\/\\\/martinluther.ca\\\/wp-content\\\/uploads\\\/2016\\\/12\\\/ml-logo-300.png\",\"width\":300,\"height\":150,\"caption\":\"Martin Luther Evangelical Church Toronto\"},\"image\":{\"@id\":\"https:\\\/\\\/martinluther.ca\\\/de\\\/#\\\/schema\\\/logo\\\/image\\\/\"},\"sameAs\":[\"https:\\\/\\\/www.facebook.com\\\/martinlutherchurchtoronto\",\"https:\\\/\\\/www.instagram.com\\\/lutheransbythelake\\\/\",\"https:\\\/\\\/www.youtube.com\\\/MartinLutherChurchToronto\"]},{\"@type\":\"Person\",\"@id\":\"https:\\\/\\\/martinluther.ca\\\/de\\\/#\\\/schema\\\/person\\\/ef4e825f5d9d6fd740bbd7813710e15d\",\"name\":\"Marlena Muller\",\"image\":{\"@type\":\"ImageObject\",\"inLanguage\":\"de\",\"@id\":\"https:\\\/\\\/secure.gravatar.com\\\/avatar\\\/fe840ff753768b839caa2dd522d4797f19f7e22fa2da83388e0fbfc570b65a37?s=96&d=mm&r=g\",\"url\":\"https:\\\/\\\/secure.gravatar.com\\\/avatar\\\/fe840ff753768b839caa2dd522d4797f19f7e22fa2da83388e0fbfc570b65a37?s=96&d=mm&r=g\",\"contentUrl\":\"https:\\\/\\\/secure.gravatar.com\\\/avatar\\\/fe840ff753768b839caa2dd522d4797f19f7e22fa2da83388e0fbfc570b65a37?s=96&d=mm&r=g\",\"caption\":\"Marlena Muller\"},\"url\":false}]}<\/script>\n<!-- \/ Yoast SEO plugin. -->","yoast_head_json":{"title":"Learn about Racial Justice - Martin Luther Evangelische Kirche Toronto","robots":{"index":"index","follow":"follow","max-snippet":"max-snippet:-1","max-image-preview":"max-image-preview:large","max-video-preview":"max-video-preview:-1"},"canonical":"https:\/\/martinluther.ca\/de\/2020\/07\/learn-about-racial-justice\/","og_locale":"de_DE","og_type":"article","og_title":"Learn about Racial Justice - Martin Luther Evangelische Kirche Toronto","og_description":"Liebe Freunde, wir sind wiederholt um Informationen zu den Protesten in Toronto und zur F\u00f6rderung der Sicherheit in unseren Nachbarschaften und\u00a0 des Anti-Rassismus gebeten worden. Hier finden sich\u00a0 einige Ressourcen, die \u00fcber rassistische Diskriminierung informieren und aufzeigen, wie Sie mithelfen k\u00f6nnen, gegen Rassismus und f\u00fcr die \u00f6ffentliche Sicherheit einzutreten.\u00a0 Letter by the Racial Injustice Advisory&hellip;","og_url":"https:\/\/martinluther.ca\/de\/2020\/07\/learn-about-racial-justice\/","og_site_name":"Martin Luther Evangelische Kirche Toronto","article_publisher":"https:\/\/www.facebook.com\/martinlutherchurchtoronto","article_published_time":"2020-07-17T21:33:21+00:00","article_modified_time":"2020-07-30T16:15:43+00:00","og_image":[{"width":2560,"height":1920,"url":"https:\/\/martinluther.ca\/wp-content\/uploads\/2020\/07\/Black-Lives-Matter-Photo-by-Mattia-Faloretti-on-Unsplsh-1-scaled.jpg","type":"image\/jpeg"}],"author":"Marlena Muller","twitter_card":"summary_large_image","twitter_misc":{"Verfasst von":"Marlena Muller","Gesch\u00e4tzte Lesezeit":"3\u00a0Minuten"},"schema":{"@context":"https:\/\/schema.org","@graph":[{"@type":"Article","@id":"https:\/\/martinluther.ca\/de\/2020\/07\/learn-about-racial-justice\/#article","isPartOf":{"@id":"https:\/\/martinluther.ca\/de\/2020\/07\/learn-about-racial-justice\/"},"author":{"name":"Marlena Muller","@id":"https:\/\/martinluther.ca\/de\/#\/schema\/person\/ef4e825f5d9d6fd740bbd7813710e15d"},"headline":"Learn about Racial Justice","datePublished":"2020-07-17T21:33:21+00:00","dateModified":"2020-07-30T16:15:43+00:00","mainEntityOfPage":{"@id":"https:\/\/martinluther.ca\/de\/2020\/07\/learn-about-racial-justice\/"},"wordCount":621,"publisher":{"@id":"https:\/\/martinluther.ca\/de\/#organization"},"image":{"@id":"https:\/\/martinluther.ca\/de\/2020\/07\/learn-about-racial-justice\/#primaryimage"},"thumbnailUrl":"https:\/\/martinluther.ca\/wp-content\/uploads\/2020\/07\/Black-Lives-Matter-Photo-by-Mattia-Faloretti-on-Unsplsh-1-scaled.jpg","articleSection":["News Blog - German"],"inLanguage":"de"},{"@type":"WebPage","@id":"https:\/\/martinluther.ca\/de\/2020\/07\/learn-about-racial-justice\/","url":"https:\/\/martinluther.ca\/de\/2020\/07\/learn-about-racial-justice\/","name":"Learn about Racial Justice - Martin Luther Evangelische Kirche Toronto","isPartOf":{"@id":"https:\/\/martinluther.ca\/de\/#website"},"primaryImageOfPage":{"@id":"https:\/\/martinluther.ca\/de\/2020\/07\/learn-about-racial-justice\/#primaryimage"},"image":{"@id":"https:\/\/martinluther.ca\/de\/2020\/07\/learn-about-racial-justice\/#primaryimage"},"thumbnailUrl":"https:\/\/martinluther.ca\/wp-content\/uploads\/2020\/07\/Black-Lives-Matter-Photo-by-Mattia-Faloretti-on-Unsplsh-1-scaled.jpg","datePublished":"2020-07-17T21:33:21+00:00","dateModified":"2020-07-30T16:15:43+00:00","breadcrumb":{"@id":"https:\/\/martinluther.ca\/de\/2020\/07\/learn-about-racial-justice\/#breadcrumb"},"inLanguage":"de","potentialAction":[{"@type":"ReadAction","target":["https:\/\/martinluther.ca\/de\/2020\/07\/learn-about-racial-justice\/"]}]},{"@type":"ImageObject","inLanguage":"de","@id":"https:\/\/martinluther.ca\/de\/2020\/07\/learn-about-racial-justice\/#primaryimage","url":"https:\/\/martinluther.ca\/wp-content\/uploads\/2020\/07\/Black-Lives-Matter-Photo-by-Mattia-Faloretti-on-Unsplsh-1-scaled.jpg","contentUrl":"https:\/\/martinluther.ca\/wp-content\/uploads\/2020\/07\/Black-Lives-Matter-Photo-by-Mattia-Faloretti-on-Unsplsh-1-scaled.jpg","width":2560,"height":1920},{"@type":"BreadcrumbList","@id":"https:\/\/martinluther.ca\/de\/2020\/07\/learn-about-racial-justice\/#breadcrumb","itemListElement":[{"@type":"ListItem","position":1,"name":"Home","item":"https:\/\/martinluther.ca\/de\/"},{"@type":"ListItem","position":2,"name":"Learn about Racial Justice"}]},{"@type":"WebSite","@id":"https:\/\/martinluther.ca\/de\/#website","url":"https:\/\/martinluther.ca\/de\/","name":"Martin Luther Evangelical Church Toronto","description":"Deutsch &amp; Englisch","publisher":{"@id":"https:\/\/martinluther.ca\/de\/#organization"},"potentialAction":[{"@type":"SearchAction","target":{"@type":"EntryPoint","urlTemplate":"https:\/\/martinluther.ca\/de\/?s={search_term_string}"},"query-input":{"@type":"PropertyValueSpecification","valueRequired":true,"valueName":"search_term_string"}}],"inLanguage":"de"},{"@type":"Organization","@id":"https:\/\/martinluther.ca\/de\/#organization","name":"Martin Luther Evangelical Church Toronto","url":"https:\/\/martinluther.ca\/de\/","logo":{"@type":"ImageObject","inLanguage":"de","@id":"https:\/\/martinluther.ca\/de\/#\/schema\/logo\/image\/","url":"https:\/\/martinluther.ca\/wp-content\/uploads\/2016\/12\/ml-logo-300.png","contentUrl":"https:\/\/martinluther.ca\/wp-content\/uploads\/2016\/12\/ml-logo-300.png","width":300,"height":150,"caption":"Martin Luther Evangelical Church Toronto"},"image":{"@id":"https:\/\/martinluther.ca\/de\/#\/schema\/logo\/image\/"},"sameAs":["https:\/\/www.facebook.com\/martinlutherchurchtoronto","https:\/\/www.instagram.com\/lutheransbythelake\/","https:\/\/www.youtube.com\/MartinLutherChurchToronto"]},{"@type":"Person","@id":"https:\/\/martinluther.ca\/de\/#\/schema\/person\/ef4e825f5d9d6fd740bbd7813710e15d","name":"Marlena Muller","image":{"@type":"ImageObject","inLanguage":"de","@id":"https:\/\/secure.gravatar.com\/avatar\/fe840ff753768b839caa2dd522d4797f19f7e22fa2da83388e0fbfc570b65a37?s=96&d=mm&r=g","url":"https:\/\/secure.gravatar.com\/avatar\/fe840ff753768b839caa2dd522d4797f19f7e22fa2da83388e0fbfc570b65a37?s=96&d=mm&r=g","contentUrl":"https:\/\/secure.gravatar.com\/avatar\/fe840ff753768b839caa2dd522d4797f19f7e22fa2da83388e0fbfc570b65a37?s=96&d=mm&r=g","caption":"Marlena Muller"},"url":false}]}},"_links":{"self":[{"href":"https:\/\/martinluther.ca\/de\/wp-json\/wp\/v2\/posts\/35400","targetHints":{"allow":["GET"]}}],"collection":[{"href":"https:\/\/martinluther.ca\/de\/wp-json\/wp\/v2\/posts"}],"about":[{"href":"https:\/\/martinluther.ca\/de\/wp-json\/wp\/v2\/types\/post"}],"author":[{"embeddable":true,"href":"https:\/\/martinluther.ca\/de\/wp-json\/wp\/v2\/users\/8"}],"replies":[{"embeddable":true,"href":"https:\/\/martinluther.ca\/de\/wp-json\/wp\/v2\/comments?post=35400"}],"version-history":[{"count":7,"href":"https:\/\/martinluther.ca\/de\/wp-json\/wp\/v2\/posts\/35400\/revisions"}],"predecessor-version":[{"id":35515,"href":"https:\/\/martinluther.ca\/de\/wp-json\/wp\/v2\/posts\/35400\/revisions\/35515"}],"wp:featuredmedia":[{"embeddable":true,"href":"https:\/\/martinluther.ca\/de\/wp-json\/wp\/v2\/media\/35398"}],"wp:attachment":[{"href":"https:\/\/martinluther.ca\/de\/wp-json\/wp\/v2\/media?parent=35400"}],"wp:term":[{"taxonomy":"category","embeddable":true,"href":"https:\/\/martinluther.ca\/de\/wp-json\/wp\/v2\/categories?post=35400"},{"taxonomy":"post_tag","embeddable":true,"href":"https:\/\/martinluther.ca\/de\/wp-json\/wp\/v2\/tags?post=35400"},{"taxonomy":"post_series","embeddable":true,"href":"https:\/\/martinluther.ca\/de\/wp-json\/wp\/v2\/post_series?post=35400"}],"curies":[{"name":"wp","href":"https:\/\/api.w.org\/{rel}","templated":true}]}}